{"id":68977,"date":"2022-06-13T03:55:42","date_gmt":"2022-06-13T08:55:42","guid":{"rendered":"https:\/\/akunq.net\/tr\/?p=68977"},"modified":"2022-06-13T03:56:16","modified_gmt":"2022-06-13T08:56:16","slug":"komitas-quartetten-muzik-ziyafeti","status":"publish","type":"post","link":"https:\/\/akunq.net\/tr\/?p=68977","title":{"rendered":"Komitas Quartet&#8217;ten m\u00fczik ziyafeti"},"content":{"rendered":"<p><img loading=\"lazy\" decoding=\"async\" class=\"size-medium wp-image-68979 aligncenter\" src=\"https:\/\/akunq.net\/tr\/wp-content\/uploads\/2022\/06\/Komitas-Quartet-360x240.jpg\" alt=\"\" width=\"360\" height=\"240\" srcset=\"https:\/\/akunq.net\/tr\/wp-content\/uploads\/sites\/6\/2022\/06\/Komitas-Quartet-360x240.jpg 360w, https:\/\/akunq.net\/tr\/wp-content\/uploads\/sites\/6\/2022\/06\/Komitas-Quartet-768x511.jpg 768w, https:\/\/akunq.net\/tr\/wp-content\/uploads\/sites\/6\/2022\/06\/Komitas-Quartet-1536x1022.jpg 1536w, https:\/\/akunq.net\/tr\/wp-content\/uploads\/sites\/6\/2022\/06\/Komitas-Quartet-2048x1363.jpg 2048w, https:\/\/akunq.net\/tr\/wp-content\/uploads\/sites\/6\/2022\/06\/Komitas-Quartet-560x373.jpg 560w, https:\/\/akunq.net\/tr\/wp-content\/uploads\/sites\/6\/2022\/06\/Komitas-Quartet-260x173.jpg 260w, https:\/\/akunq.net\/tr\/wp-content\/uploads\/sites\/6\/2022\/06\/Komitas-Quartet-160x106.jpg 160w\" sizes=\"auto, (max-width: 360px) 100vw, 360px\" \/><\/p>\n<p><em><strong>Karadeniz Ekonomik \u0130\u015fbirli\u011fi \u00d6rg\u00fct\u00fc&#8217;n\u00fcn 30&#8217;uncu, kurulu\u015f nezdindeki Ermenistan&#8217;\u0131n T\u00fcrkiye Daimi Temsilcili\u011fi&#8217;nin \u0130stanbul&#8217;da kurulmas\u0131n\u0131n ise 20&#8217;inci y\u0131ld\u00f6n\u00fcm\u00fc vesilesiyle Ermenistan&#8217;dan gelen Komitas Quartet, Cemal Re\u015fit Rey Salonu&#8217;nda bir konser verdi.<\/strong><\/em><\/p>\n<p>Etkinlik, Ermenistan Cumhuriyeti Daimi Temsilcili\u011fi&#8217;nin himayesiyle d\u00fczenlendi.<\/p>\n<p>Konsere T\u00fcrkiye Ermenileri Patri\u011fi Sahak Ma\u015falyan, T\u00fcrkiye Katolik Ermenileri Ruhani \u00d6nderi Kerabayzar Levon Zekiyan,\u00a0Ermeni Kilisesi&#8217;nin Vatikan&#8217;daki Temsilcisi Ba\u015fepiskopos Khajag Barsamyan, ruhaniler, diplomatlar, sivil toplum temsilcileri ve kalabal\u0131k bir davetli toplululu\u011fu kat\u0131ld\u0131.\u00a0D\u0131\u015fi\u015fleri Bakanl\u0131\u011f\u0131 \u0130stanbul Temsilcisi Salih Murad Tamer de etkinlikte yer ald\u0131.<\/p>\n<p>Etkinli\u011fin sunuculu\u011funu Karolin Mamigonyan ve Sahak Bengliyan \u00fc\u00e7 dilde, Ermenice, \u0130ngilizce ve T\u00fcrk\u00e7e ger\u00e7ekle\u015ftirdiler.<\/p>\n<p>Ermenistan Cumhuriyeti Daimi Temsilcisi Sahag Sarkisyan bir kar\u015f\u0131lama konu\u015fmas\u0131 yapt\u0131 ve bu y\u0131ld\u00f6n\u00fcm\u00fc vesilesiyle duydu\u011fu mutlulu\u011fu dile getirdi. Sarkisyan\u00a0 Komitas Quartet&#8217;in konserine \u0130stanbul&#8217;dan iki sanat\u00e7\u0131n\u0131n daha kat\u0131l\u0131m\u0131yla bu \u00f6nemli g\u00fcn\u00fcn yeni bir anlam kazanaca\u011f\u0131n\u0131 belirtti.<\/p>\n<p>Karadeniz Ekonomik \u0130\u015fbirli\u011fi Te\u015fkilat\u0131 Genel Sekreteri B\u00fcy\u00fckel\u00e7i Lazar Comanescu da g\u00fcn\u00fcn anlam\u0131na de\u011finen bir konu\u015fma yapt\u0131 ve\u00a0 t\u00fcm organizat\u00f6rleri tebrik etti. Comanescu \u00f6rg\u00fct i\u00e7indeki en aktif \u00fcyelerden birinin de Ermenistan oldu\u011funun alt\u0131n\u0131 \u00e7izdi.<\/p>\n<p>Organizasyon komitesi ad\u0131na\u00a0 Jamanak gazetesinin genel yay\u0131n y\u00f6netmeni Ara Ko\u00e7unyan da konuklar\u0131 kar\u015f\u0131layan bir konu\u015fma yapt\u0131 ve Gomidas Vartabed&#8217;in Ermeni m\u00fczi\u011fi ve\u00a0 k\u00fclt\u00fcr\u00fcndeki \u00f6nemini vurgulad\u0131.<\/p>\n<p>Konser \u00f6ncesinde pek ki\u015fiye T\u00fcrkiye-Ermenistan ili\u015fkilerine yapt\u0131klar\u0131 katk\u0131lardan dolay\u0131 plaket de verildi. Bu isimler aras\u0131nda Salih Murad Tamer, Bedros \u015eirino\u011flu, Dikran Altun, Nazar Binatl\u0131, Bo\u011fos \u00c7alg\u0131c\u0131o\u011flu, Dikran G\u00fclmezgil, Hayk Aslanyan, Aret Erganyan, Samson \u00d6zararat, Noyan Soyak ve \u0130BB&#8217;den Vedat Kara da vard\u0131. Sahag Sarkisyan Organizasyon Komitesi ad\u0131na Ara Ko\u00e7unyan&#8217;a bir plaket verdi.<\/p>\n<p>Daha sonra konsere ge\u00e7ildi. Eduard Tadevosian, Suzy Yeritsian, Alexander Kosemian ve Angela Sargsyan&#8217;dan olu\u015fan Komitas Quartet, Debussy&#8217;nin ve Eduard Mirzoyan&#8217;\u0131n yayl\u0131 \u00e7alg\u0131lar i\u00e7in eserlerinden sonra \u00fcnl\u00fc Ermeni besteci, m\u00fczikolog ve derlemeci Gomidas Vartabed&#8217;in eserlerini seslendirdi.\u00a0 Performans b\u00fcy\u00fck alk\u0131\u015f ald\u0131.<\/p>\n<p>Piyanistler Selen G\u00fcl\u00fcn ve Meline Se\u00e7ikyan Kuyumcu da konserin farkl\u0131 a\u015famalar\u0131nda d\u00f6rtl\u00fcye e\u015flik ettiler.<\/p>\n<p><strong>1924&#8217;ten bu yana<\/strong><\/p>\n<p>1924 y\u0131l\u0131nda Moskova Konservatuar\u0131&#8217;nda d\u00f6rt Ermeni \u00f6\u011frenci taraf\u0131ndan kurulan Komitas Quartet en uzun s\u00fcredir varl\u0131\u011f\u0131n\u0131 devam ettiren yayl\u0131 \u00e7alg\u0131lar d\u00f6rtl\u00fcs\u00fc. Y\u0131llar i\u00e7inde \u00fcyeleri de\u011fi\u015fen topluluk 1936 y\u0131l\u0131nda SSCB Besteciler Birli\u011fi \u00d6d\u00fcl\u00fc&#8217;n\u00fc kazand\u0131. Yurtd\u0131\u015f\u0131nda pek \u00e7ok konser veren d\u00f6rtl\u00fc, klasik ve \u00e7a\u011fda\u015f bestecilerin eserlerini de icra ediyor. D\u00f6rtl\u00fc yine 1936 y\u0131l\u0131nda SSCB&#8217;de T\u00fcm-Uluslar D\u00f6rtl\u00fcler Yar\u0131\u015fmas\u0131 b\u00fcy\u00fck \u00f6d\u00fcl\u00fcn\u00fc Bol\u015foy Tiyatrosu D\u00f6rtl\u00fcs\u00fc ile payla\u015ft\u0131.<\/p>\n<p><em>FOTO: Berge Arabian\u00a0<\/em><\/p>\n<p><em><strong>https:\/\/www.agos.com.tr\/tr\/yazi\/27186\/komitas-quartet-ten-muzik-ziyafeti\u00a0<\/strong><\/em><\/p>\n","protected":false},"excerpt":{"rendered":"<p>Karadeniz Ekonomik \u0130\u015fbirli\u011fi \u00d6rg\u00fct\u00fc&#8217;n\u00fcn 30&#8217;uncu, kurulu\u015f nezdindeki Ermenistan&#8217;\u0131n T\u00fcrkiye Daimi Temsilcili\u011fi&#8217;nin \u0130stanbul&#8217;da kurulmas\u0131n\u0131n ise 20&#8217;inci y\u0131ld\u00f6n\u00fcm\u00fc vesilesiyle Ermenistan&#8217;dan gelen Komitas Quartet, Cemal Re\u015fit Rey Salonu&#8217;nda bir konser verdi. Etkinlik, Ermenistan Cumhuriyeti Daimi Temsilcili\u011fi&#8217;nin himayesiyle d\u00fczenlendi. Konsere T\u00fcrkiye Ermenileri Patri\u011fi Sahak Ma\u015falyan, T\u00fcrkiye Katolik Ermenileri Ruhani \u00d6nderi Kerabayzar Levon Zekiyan,\u00a0Ermeni Kilisesi&#8217;nin Vatikan&#8217;daki Temsilcisi Ba\u015fepiskopos Khajag Barsamyan, [&hellip;]<\/p>\n","protected":false},"author":7,"featured_media":68979,"comment_status":"open","ping_status":"open","sticky":false,"template":"","format":"standard","meta":{"footnotes":""},"categories":[1],"tags":[],"class_list":["post-68977","post","type-post","status-publish","format-standard","has-post-thumbnail","hentry","category-haberler"],"yoast_head":"<!-- This site is optimized with the Yoast SEO plugin v27.4 - https:\/\/yoast.com\/product\/yoast-seo-wordpress\/ -->\n<title>Komitas Quartet&#039;ten m\u00fczik ziyafeti - Bati Ermenistan Ve Bati Ermenileri Sorunlari Ara\u015ftirmalar Merkezi<\/title>\n<meta name=\"robots\" content=\"index, follow, max-snippet:-1, max-image-preview:large, max-video-preview:-1\" \/>\n<link rel=\"canonical\" href=\"https:\/\/akunq.net\/tr\/?p=68977\" \/>\n<meta property=\"og:locale\" content=\"en_US\" \/>\n<meta property=\"og:type\" content=\"article\" \/>\n<meta property=\"og:title\" content=\"Komitas Quartet&#039;ten m\u00fczik ziyafeti - Bati Ermenistan Ve Bati Ermenileri Sorunlari Ara\u015ftirmalar Merkezi\" \/>\n<meta property=\"og:description\" content=\"Karadeniz Ekonomik \u0130\u015fbirli\u011fi \u00d6rg\u00fct\u00fc&#8217;n\u00fcn 30&#8217;uncu, kurulu\u015f nezdindeki Ermenistan&#8217;\u0131n T\u00fcrkiye Daimi Temsilcili\u011fi&#8217;nin \u0130stanbul&#8217;da kurulmas\u0131n\u0131n ise 20&#8217;inci y\u0131ld\u00f6n\u00fcm\u00fc vesilesiyle Ermenistan&#8217;dan gelen Komitas Quartet, Cemal Re\u015fit Rey Salonu&#8217;nda bir konser verdi. Etkinlik, Ermenistan Cumhuriyeti Daimi Temsilcili\u011fi&#8217;nin himayesiyle d\u00fczenlendi. Konsere T\u00fcrkiye Ermenileri Patri\u011fi Sahak Ma\u015falyan, T\u00fcrkiye Katolik Ermenileri Ruhani \u00d6nderi Kerabayzar Levon Zekiyan,\u00a0Ermeni Kilisesi&#8217;nin Vatikan&#8217;daki Temsilcisi Ba\u015fepiskopos Khajag Barsamyan, [&hellip;]\" \/>\n<meta property=\"og:url\" content=\"https:\/\/akunq.net\/tr\/?p=68977\" \/>\n<meta property=\"og:site_name\" content=\"Bati Ermenistan Ve Bati Ermenileri Sorunlari Ara\u015ftirmalar Merkezi\" \/>\n<meta property=\"article:published_time\" content=\"2022-06-13T08:55:42+00:00\" \/>\n<meta property=\"article:modified_time\" content=\"2022-06-13T08:56:16+00:00\" \/>\n<meta property=\"og:image\" content=\"https:\/\/akunq.net\/tr\/wp-content\/uploads\/sites\/6\/2022\/06\/Komitas-Quartet-scaled.jpg\" \/>\n\t<meta property=\"og:image:width\" content=\"2560\" \/>\n\t<meta property=\"og:image:height\" content=\"1703\" \/>\n\t<meta property=\"og:image:type\" content=\"image\/jpeg\" \/>\n<meta name=\"author\" content=\"admin\" \/>\n<meta name=\"twitter:card\" content=\"summary_large_image\" \/>\n<meta name=\"twitter:label1\" content=\"Written by\" \/>\n\t<meta name=\"twitter:data1\" content=\"admin\" \/>\n\t<meta name=\"twitter:label2\" content=\"Est. reading time\" \/>\n\t<meta name=\"twitter:data2\" content=\"3 minutes\" \/>\n<script type=\"application\/ld+json\" class=\"yoast-schema-graph\">{\"@context\":\"https:\\\/\\\/schema.org\",\"@graph\":[{\"@type\":\"Article\",\"@id\":\"https:\\\/\\\/akunq.net\\\/tr\\\/?p=68977#article\",\"isPartOf\":{\"@id\":\"https:\\\/\\\/akunq.net\\\/tr\\\/?p=68977\"},\"author\":{\"name\":\"admin\",\"@id\":\"https:\\\/\\\/akunq.net\\\/tr\\\/#\\\/schema\\\/person\\\/096f1d38a12cce57fb855b485ed24c9e\"},\"headline\":\"Komitas Quartet&#8217;ten m\u00fczik ziyafeti\",\"datePublished\":\"2022-06-13T08:55:42+00:00\",\"dateModified\":\"2022-06-13T08:56:16+00:00\",\"mainEntityOfPage\":{\"@id\":\"https:\\\/\\\/akunq.net\\\/tr\\\/?p=68977\"},\"wordCount\":506,\"commentCount\":0,\"image\":{\"@id\":\"https:\\\/\\\/akunq.net\\\/tr\\\/?p=68977#primaryimage\"},\"thumbnailUrl\":\"https:\\\/\\\/akunq.net\\\/tr\\\/wp-content\\\/uploads\\\/sites\\\/6\\\/2022\\\/06\\\/Komitas-Quartet-scaled.jpg\",\"articleSection\":[\"Haberler\"],\"inLanguage\":\"en-US\",\"potentialAction\":[{\"@type\":\"CommentAction\",\"name\":\"Comment\",\"target\":[\"https:\\\/\\\/akunq.net\\\/tr\\\/?p=68977#respond\"]}]},{\"@type\":\"WebPage\",\"@id\":\"https:\\\/\\\/akunq.net\\\/tr\\\/?p=68977\",\"url\":\"https:\\\/\\\/akunq.net\\\/tr\\\/?p=68977\",\"name\":\"Komitas Quartet'ten m\u00fczik ziyafeti - Bati Ermenistan Ve Bati Ermenileri Sorunlari Ara\u015ftirmalar Merkezi\",\"isPartOf\":{\"@id\":\"https:\\\/\\\/akunq.net\\\/tr\\\/#website\"},\"primaryImageOfPage\":{\"@id\":\"https:\\\/\\\/akunq.net\\\/tr\\\/?p=68977#primaryimage\"},\"image\":{\"@id\":\"https:\\\/\\\/akunq.net\\\/tr\\\/?p=68977#primaryimage\"},\"thumbnailUrl\":\"https:\\\/\\\/akunq.net\\\/tr\\\/wp-content\\\/uploads\\\/sites\\\/6\\\/2022\\\/06\\\/Komitas-Quartet-scaled.jpg\",\"datePublished\":\"2022-06-13T08:55:42+00:00\",\"dateModified\":\"2022-06-13T08:56:16+00:00\",\"author\":{\"@id\":\"https:\\\/\\\/akunq.net\\\/tr\\\/#\\\/schema\\\/person\\\/096f1d38a12cce57fb855b485ed24c9e\"},\"breadcrumb\":{\"@id\":\"https:\\\/\\\/akunq.net\\\/tr\\\/?p=68977#breadcrumb\"},\"inLanguage\":\"en-US\",\"potentialAction\":[{\"@type\":\"ReadAction\",\"target\":[\"https:\\\/\\\/akunq.net\\\/tr\\\/?p=68977\"]}]},{\"@type\":\"ImageObject\",\"inLanguage\":\"en-US\",\"@id\":\"https:\\\/\\\/akunq.net\\\/tr\\\/?p=68977#primaryimage\",\"url\":\"https:\\\/\\\/akunq.net\\\/tr\\\/wp-content\\\/uploads\\\/sites\\\/6\\\/2022\\\/06\\\/Komitas-Quartet-scaled.jpg\",\"contentUrl\":\"https:\\\/\\\/akunq.net\\\/tr\\\/wp-content\\\/uploads\\\/sites\\\/6\\\/2022\\\/06\\\/Komitas-Quartet-scaled.jpg\",\"width\":2560,\"height\":1703},{\"@type\":\"BreadcrumbList\",\"@id\":\"https:\\\/\\\/akunq.net\\\/tr\\\/?p=68977#breadcrumb\",\"itemListElement\":[{\"@type\":\"ListItem\",\"position\":1,\"name\":\"Home\",\"item\":\"https:\\\/\\\/akunq.net\\\/tr\"},{\"@type\":\"ListItem\",\"position\":2,\"name\":\"Komitas Quartet&#8217;ten m\u00fczik ziyafeti\"}]},{\"@type\":\"WebSite\",\"@id\":\"https:\\\/\\\/akunq.net\\\/tr\\\/#website\",\"url\":\"https:\\\/\\\/akunq.net\\\/tr\\\/\",\"name\":\"Bati Ermenistan Ve Bati Ermenileri Sorunlari Ara\u015ftirmalar Merkezi\",\"description\":\"\",\"potentialAction\":[{\"@type\":\"SearchAction\",\"target\":{\"@type\":\"EntryPoint\",\"urlTemplate\":\"https:\\\/\\\/akunq.net\\\/tr\\\/?s={search_term_string}\"},\"query-input\":{\"@type\":\"PropertyValueSpecification\",\"valueRequired\":true,\"valueName\":\"search_term_string\"}}],\"inLanguage\":\"en-US\"},{\"@type\":\"Person\",\"@id\":\"https:\\\/\\\/akunq.net\\\/tr\\\/#\\\/schema\\\/person\\\/096f1d38a12cce57fb855b485ed24c9e\",\"name\":\"admin\",\"url\":\"https:\\\/\\\/akunq.net\\\/tr\\\/?author=7\"}]}<\/script>\n<!-- \/ Yoast SEO plugin. -->","yoast_head_json":{"title":"Komitas Quartet'ten m\u00fczik ziyafeti - Bati Ermenistan Ve Bati Ermenileri Sorunlari Ara\u015ftirmalar Merkezi","robots":{"index":"index","follow":"follow","max-snippet":"max-snippet:-1","max-image-preview":"max-image-preview:large","max-video-preview":"max-video-preview:-1"},"canonical":"https:\/\/akunq.net\/tr\/?p=68977","og_locale":"en_US","og_type":"article","og_title":"Komitas Quartet'ten m\u00fczik ziyafeti - Bati Ermenistan Ve Bati Ermenileri Sorunlari Ara\u015ftirmalar Merkezi","og_description":"Karadeniz Ekonomik \u0130\u015fbirli\u011fi \u00d6rg\u00fct\u00fc&#8217;n\u00fcn 30&#8217;uncu, kurulu\u015f nezdindeki Ermenistan&#8217;\u0131n T\u00fcrkiye Daimi Temsilcili\u011fi&#8217;nin \u0130stanbul&#8217;da kurulmas\u0131n\u0131n ise 20&#8217;inci y\u0131ld\u00f6n\u00fcm\u00fc vesilesiyle Ermenistan&#8217;dan gelen Komitas Quartet, Cemal Re\u015fit Rey Salonu&#8217;nda bir konser verdi. Etkinlik, Ermenistan Cumhuriyeti Daimi Temsilcili\u011fi&#8217;nin himayesiyle d\u00fczenlendi. Konsere T\u00fcrkiye Ermenileri Patri\u011fi Sahak Ma\u015falyan, T\u00fcrkiye Katolik Ermenileri Ruhani \u00d6nderi Kerabayzar Levon Zekiyan,\u00a0Ermeni Kilisesi&#8217;nin Vatikan&#8217;daki Temsilcisi Ba\u015fepiskopos Khajag Barsamyan, [&hellip;]","og_url":"https:\/\/akunq.net\/tr\/?p=68977","og_site_name":"Bati Ermenistan Ve Bati Ermenileri Sorunlari Ara\u015ftirmalar Merkezi","article_published_time":"2022-06-13T08:55:42+00:00","article_modified_time":"2022-06-13T08:56:16+00:00","og_image":[{"width":2560,"height":1703,"url":"https:\/\/akunq.net\/tr\/wp-content\/uploads\/sites\/6\/2022\/06\/Komitas-Quartet-scaled.jpg","type":"image\/jpeg"}],"author":"admin","twitter_card":"summary_large_image","twitter_misc":{"Written by":"admin","Est. reading time":"3 minutes"},"schema":{"@context":"https:\/\/schema.org","@graph":[{"@type":"Article","@id":"https:\/\/akunq.net\/tr\/?p=68977#article","isPartOf":{"@id":"https:\/\/akunq.net\/tr\/?p=68977"},"author":{"name":"admin","@id":"https:\/\/akunq.net\/tr\/#\/schema\/person\/096f1d38a12cce57fb855b485ed24c9e"},"headline":"Komitas Quartet&#8217;ten m\u00fczik ziyafeti","datePublished":"2022-06-13T08:55:42+00:00","dateModified":"2022-06-13T08:56:16+00:00","mainEntityOfPage":{"@id":"https:\/\/akunq.net\/tr\/?p=68977"},"wordCount":506,"commentCount":0,"image":{"@id":"https:\/\/akunq.net\/tr\/?p=68977#primaryimage"},"thumbnailUrl":"https:\/\/akunq.net\/tr\/wp-content\/uploads\/sites\/6\/2022\/06\/Komitas-Quartet-scaled.jpg","articleSection":["Haberler"],"inLanguage":"en-US","potentialAction":[{"@type":"CommentAction","name":"Comment","target":["https:\/\/akunq.net\/tr\/?p=68977#respond"]}]},{"@type":"WebPage","@id":"https:\/\/akunq.net\/tr\/?p=68977","url":"https:\/\/akunq.net\/tr\/?p=68977","name":"Komitas Quartet'ten m\u00fczik ziyafeti - Bati Ermenistan Ve Bati Ermenileri Sorunlari Ara\u015ftirmalar Merkezi","isPartOf":{"@id":"https:\/\/akunq.net\/tr\/#website"},"primaryImageOfPage":{"@id":"https:\/\/akunq.net\/tr\/?p=68977#primaryimage"},"image":{"@id":"https:\/\/akunq.net\/tr\/?p=68977#primaryimage"},"thumbnailUrl":"https:\/\/akunq.net\/tr\/wp-content\/uploads\/sites\/6\/2022\/06\/Komitas-Quartet-scaled.jpg","datePublished":"2022-06-13T08:55:42+00:00","dateModified":"2022-06-13T08:56:16+00:00","author":{"@id":"https:\/\/akunq.net\/tr\/#\/schema\/person\/096f1d38a12cce57fb855b485ed24c9e"},"breadcrumb":{"@id":"https:\/\/akunq.net\/tr\/?p=68977#breadcrumb"},"inLanguage":"en-US","potentialAction":[{"@type":"ReadAction","target":["https:\/\/akunq.net\/tr\/?p=68977"]}]},{"@type":"ImageObject","inLanguage":"en-US","@id":"https:\/\/akunq.net\/tr\/?p=68977#primaryimage","url":"https:\/\/akunq.net\/tr\/wp-content\/uploads\/sites\/6\/2022\/06\/Komitas-Quartet-scaled.jpg","contentUrl":"https:\/\/akunq.net\/tr\/wp-content\/uploads\/sites\/6\/2022\/06\/Komitas-Quartet-scaled.jpg","width":2560,"height":1703},{"@type":"BreadcrumbList","@id":"https:\/\/akunq.net\/tr\/?p=68977#breadcrumb","itemListElement":[{"@type":"ListItem","position":1,"name":"Home","item":"https:\/\/akunq.net\/tr"},{"@type":"ListItem","position":2,"name":"Komitas Quartet&#8217;ten m\u00fczik ziyafeti"}]},{"@type":"WebSite","@id":"https:\/\/akunq.net\/tr\/#website","url":"https:\/\/akunq.net\/tr\/","name":"Bati Ermenistan Ve Bati Ermenileri Sorunlari Ara\u015ftirmalar Merkezi","description":"","potentialAction":[{"@type":"SearchAction","target":{"@type":"EntryPoint","urlTemplate":"https:\/\/akunq.net\/tr\/?s={search_term_string}"},"query-input":{"@type":"PropertyValueSpecification","valueRequired":true,"valueName":"search_term_string"}}],"inLanguage":"en-US"},{"@type":"Person","@id":"https:\/\/akunq.net\/tr\/#\/schema\/person\/096f1d38a12cce57fb855b485ed24c9e","name":"admin","url":"https:\/\/akunq.net\/tr\/?author=7"}]}},"_links":{"self":[{"href":"https:\/\/akunq.net\/tr\/index.php?rest_route=\/wp\/v2\/posts\/68977","targetHints":{"allow":["GET"]}}],"collection":[{"href":"https:\/\/akunq.net\/tr\/index.php?rest_route=\/wp\/v2\/posts"}],"about":[{"href":"https:\/\/akunq.net\/tr\/index.php?rest_route=\/wp\/v2\/types\/post"}],"author":[{"embeddable":true,"href":"https:\/\/akunq.net\/tr\/index.php?rest_route=\/wp\/v2\/users\/7"}],"replies":[{"embeddable":true,"href":"https:\/\/akunq.net\/tr\/index.php?rest_route=%2Fwp%2Fv2%2Fcomments&post=68977"}],"version-history":[{"count":2,"href":"https:\/\/akunq.net\/tr\/index.php?rest_route=\/wp\/v2\/posts\/68977\/revisions"}],"predecessor-version":[{"id":68980,"href":"https:\/\/akunq.net\/tr\/index.php?rest_route=\/wp\/v2\/posts\/68977\/revisions\/68980"}],"wp:featuredmedia":[{"embeddable":true,"href":"https:\/\/akunq.net\/tr\/index.php?rest_route=\/wp\/v2\/media\/68979"}],"wp:attachment":[{"href":"https:\/\/akunq.net\/tr\/index.php?rest_route=%2Fwp%2Fv2%2Fmedia&parent=68977"}],"wp:term":[{"taxonomy":"category","embeddable":true,"href":"https:\/\/akunq.net\/tr\/index.php?rest_route=%2Fwp%2Fv2%2Fcategories&post=68977"},{"taxonomy":"post_tag","embeddable":true,"href":"https:\/\/akunq.net\/tr\/index.php?rest_route=%2Fwp%2Fv2%2Ftags&post=68977"}],"curies":[{"name":"wp","href":"https:\/\/api.w.org\/{rel}","templated":true}]}}