{"id":68925,"date":"2022-06-10T01:44:33","date_gmt":"2022-06-10T06:44:33","guid":{"rendered":"https:\/\/akunq.net\/tr\/?p=68925"},"modified":"2022-06-10T01:44:33","modified_gmt":"2022-06-10T06:44:33","slug":"masalyan-ve-barsamyan-cavusoglu-ile-gorustu","status":"publish","type":"post","link":"https:\/\/akunq.net\/tr\/?p=68925","title":{"rendered":"Ma\u015falyan ve Barsamyan, \u00c7avu\u015fo\u011flu ile g\u00f6r\u00fc\u015ft\u00fc"},"content":{"rendered":"<p><img loading=\"lazy\" decoding=\"async\" class=\"aligncenter size-medium wp-image-68926\" src=\"https:\/\/akunq.net\/tr\/wp-content\/uploads\/2022\/06\/\u0549\u0561\u057e\u0578\u0582\u0577\u0585\u0572\u056c\u0578\u0582-360x270.jpg\" alt=\"\" width=\"360\" height=\"270\" srcset=\"https:\/\/akunq.net\/tr\/wp-content\/uploads\/sites\/6\/2022\/06\/\u0549\u0561\u057e\u0578\u0582\u0577\u0585\u0572\u056c\u0578\u0582-360x270.jpg 360w, https:\/\/akunq.net\/tr\/wp-content\/uploads\/sites\/6\/2022\/06\/\u0549\u0561\u057e\u0578\u0582\u0577\u0585\u0572\u056c\u0578\u0582-260x195.jpg 260w, https:\/\/akunq.net\/tr\/wp-content\/uploads\/sites\/6\/2022\/06\/\u0549\u0561\u057e\u0578\u0582\u0577\u0585\u0572\u056c\u0578\u0582-160x120.jpg 160w, https:\/\/akunq.net\/tr\/wp-content\/uploads\/sites\/6\/2022\/06\/\u0549\u0561\u057e\u0578\u0582\u0577\u0585\u0572\u056c\u0578\u0582.jpg 400w\" sizes=\"auto, (max-width: 360px) 100vw, 360px\" \/><\/p>\n<p><em><strong>T\u00fcrkiye Ermenileri Patri\u011fi Ma\u015falyan ve bir s\u00fcredir \u0130stanbul&#8217;da bulunan Ermeni Kilisesi&#8217;nin Vatikan&#8217;daki Temsilcisi Ba\u015fepiskopos Khajag Barsamyan Ankara&#8217;da D\u0131\u015fi\u015fleri Bakan\u0131 Mevl\u00fct \u00c7avu\u015fo\u011flu&#8217;nu ziyaret etti.<\/strong><\/em><\/p>\n<p>Daha \u00f6nce al\u0131nan randevu \u00e7er\u00e7evesinde , D\u0131\u015fi\u015fleri Bakan\u0131 Mevl\u00fct \u00c7avu\u015fo\u011flu, 9 Haziran 2022 Per\u015fembe g\u00fcn\u00fc\u00a0 D\u0131\u015fi\u015fleri Bakanl\u0131\u011f\u0131&#8217;nda\u00a0 T\u00fcrkiye Ermenileri Patri\u011fi Sahak Ma\u015falyan ve\u00a0Ermeni Kilisesi&#8217;nin Vatikan&#8217;daki Temsilcisi ayn\u0131 zamanda Ermeni Katolikoslu\u011funun Bat\u0131 Avrupa Temsilcisi Ba\u015fepiskopos Khajag Barsamyan&#8217;\u0131 kabul etti.<\/p>\n<p>Bulu\u015fmaya\u00a0 Bakanl\u0131k D\u0131\u015f Politika Dan\u0131\u015fma Kurulu \u00dcyesi Murat Salim Esenli ve Bakanl\u0131k Ara\u015ft\u0131rma ve G\u00fcvenlik \u0130\u015fleri Genel M\u00fcd\u00fcr\u00fc Nevzat Uyan\u0131k da kat\u0131ld\u0131.<\/p>\n<p>T\u00fcrkiye Ermenileri Patrikli\u011fi&#8217;nden yap\u0131lan a\u00e7\u0131klamaya g\u00f6re Bakan \u00c7avu\u015fo\u011flu, T\u00fcrk-Ermeni ili\u015fkileri hakk\u0131nda a\u00e7\u0131klamalarda bulunarak, iki \u00fclke aras\u0131ndaki ili\u015fkilerin normale d\u00f6nmesini diledi\u011fini vurgulad\u0131. Bu do\u011frultuda, iki halk\u0131n dostlu\u011fu i\u00e7in \u00e7al\u0131\u015fmalar yap\u0131ld\u0131\u011f\u0131nda, dindarlar\u0131n kamuoyu \u00fczerinde siyaset bilimcilerden daha fazla etkiye sahip oldu\u011funu kaydetti.<\/p>\n<p>Az\u0131nl\u0131k vak\u0131flar\u0131 se\u00e7imleri hakk\u0131nda bilgi alan \u00c7avu\u015fo\u011flu&#8217;na Patrik Ma\u015falyan, y\u00f6netmeli\u011fin son a\u015famaya geldi\u011fini ve yak\u0131nda yay\u0131nlanmas\u0131n\u0131n umuldu\u011funu s\u00f6yledi.<\/p>\n<p>Ma\u015falyan ve Barsamyan\u00a0 Ermeni Kilisesi&#8217;nin en b\u00fcy\u00fck azizlerinden biri olan Aziz Nerses \u015enorhali&#8217;nin \u00f6l\u00fcm\u00fcn\u00fcn 850. y\u0131l d\u00f6n\u00fcm\u00fc vesilesiyle, Roma&#8217;da ve ba\u015fka yerlerde etkinliklerin yan\u0131s\u0131ra T\u00fcrkiye&#8217;de \u015enorhali&#8217;nin ya\u015fad\u0131\u011f\u0131 yer olan Rumkale&#8217;de kutsal ziyaretler yap\u0131lmas\u0131n\u0131n planland\u0131\u011f\u0131n\u0131 ifade etti. Bakan \u00c7avu\u015fo\u011flu da bu konuda yard\u0131mc\u0131 olabileceklerini s\u00f6yledi.<\/p>\n<p>Bakan \u00c7avu\u015fo\u011flu ayr\u0131ca Anadolu&#8217;da yenilenen kiliselerin durumuyla ilgili bilgi ald\u0131 ve uygun bir zamanda Patrikhane&#8217;yi ziyaret etmek istedi\u011fini ifade etti.<\/p>\n<p><em><strong>https:\/\/www.agos.com.tr\/tr\/yazi\/27184\/masalyan-ve-barsamyan-cavusoglu-ile-gorustu\u00a0<\/strong><\/em><\/p>\n","protected":false},"excerpt":{"rendered":"<p>T\u00fcrkiye Ermenileri Patri\u011fi Ma\u015falyan ve bir s\u00fcredir \u0130stanbul&#8217;da bulunan Ermeni Kilisesi&#8217;nin Vatikan&#8217;daki Temsilcisi Ba\u015fepiskopos Khajag Barsamyan Ankara&#8217;da D\u0131\u015fi\u015fleri Bakan\u0131 Mevl\u00fct \u00c7avu\u015fo\u011flu&#8217;nu ziyaret etti. Daha \u00f6nce al\u0131nan randevu \u00e7er\u00e7evesinde , D\u0131\u015fi\u015fleri Bakan\u0131 Mevl\u00fct \u00c7avu\u015fo\u011flu, 9 Haziran 2022 Per\u015fembe g\u00fcn\u00fc\u00a0 D\u0131\u015fi\u015fleri Bakanl\u0131\u011f\u0131&#8217;nda\u00a0 T\u00fcrkiye Ermenileri Patri\u011fi Sahak Ma\u015falyan ve\u00a0Ermeni Kilisesi&#8217;nin Vatikan&#8217;daki Temsilcisi ayn\u0131 zamanda Ermeni Katolikoslu\u011funun Bat\u0131 Avrupa [&hellip;]<\/p>\n","protected":false},"author":7,"featured_media":68926,"comment_status":"open","ping_status":"open","sticky":false,"template":"","format":"standard","meta":{"footnotes":""},"categories":[1],"tags":[],"class_list":["post-68925","post","type-post","status-publish","format-standard","has-post-thumbnail","hentry","category-haberler"],"yoast_head":"<!-- This site is optimized with the Yoast SEO plugin v27.4 - https:\/\/yoast.com\/product\/yoast-seo-wordpress\/ -->\n<title>Ma\u015falyan ve Barsamyan, \u00c7avu\u015fo\u011flu ile g\u00f6r\u00fc\u015ft\u00fc - Bati Ermenistan Ve Bati Ermenileri Sorunlari Ara\u015ftirmalar Merkezi<\/title>\n<meta name=\"robots\" content=\"index, follow, max-snippet:-1, max-image-preview:large, max-video-preview:-1\" \/>\n<link rel=\"canonical\" href=\"https:\/\/akunq.net\/tr\/?p=68925\" \/>\n<meta property=\"og:locale\" content=\"en_US\" \/>\n<meta property=\"og:type\" content=\"article\" \/>\n<meta property=\"og:title\" content=\"Ma\u015falyan ve Barsamyan, \u00c7avu\u015fo\u011flu ile g\u00f6r\u00fc\u015ft\u00fc - Bati Ermenistan Ve Bati Ermenileri Sorunlari Ara\u015ftirmalar Merkezi\" \/>\n<meta property=\"og:description\" content=\"T\u00fcrkiye Ermenileri Patri\u011fi Ma\u015falyan ve bir s\u00fcredir \u0130stanbul&#8217;da bulunan Ermeni Kilisesi&#8217;nin Vatikan&#8217;daki Temsilcisi Ba\u015fepiskopos Khajag Barsamyan Ankara&#8217;da D\u0131\u015fi\u015fleri Bakan\u0131 Mevl\u00fct \u00c7avu\u015fo\u011flu&#8217;nu ziyaret etti. Daha \u00f6nce al\u0131nan randevu \u00e7er\u00e7evesinde , D\u0131\u015fi\u015fleri Bakan\u0131 Mevl\u00fct \u00c7avu\u015fo\u011flu, 9 Haziran 2022 Per\u015fembe g\u00fcn\u00fc\u00a0 D\u0131\u015fi\u015fleri Bakanl\u0131\u011f\u0131&#8217;nda\u00a0 T\u00fcrkiye Ermenileri Patri\u011fi Sahak Ma\u015falyan ve\u00a0Ermeni Kilisesi&#8217;nin Vatikan&#8217;daki Temsilcisi ayn\u0131 zamanda Ermeni Katolikoslu\u011funun Bat\u0131 Avrupa [&hellip;]\" \/>\n<meta property=\"og:url\" content=\"https:\/\/akunq.net\/tr\/?p=68925\" \/>\n<meta property=\"og:site_name\" content=\"Bati Ermenistan Ve Bati Ermenileri Sorunlari Ara\u015ftirmalar Merkezi\" \/>\n<meta property=\"article:published_time\" content=\"2022-06-10T06:44:33+00:00\" \/>\n<meta property=\"og:image\" content=\"https:\/\/akunq.net\/tr\/wp-content\/uploads\/sites\/6\/2022\/06\/\u0549\u0561\u057e\u0578\u0582\u0577\u0585\u0572\u056c\u0578\u0582.jpg\" \/>\n\t<meta property=\"og:image:width\" content=\"400\" \/>\n\t<meta property=\"og:image:height\" content=\"300\" \/>\n\t<meta property=\"og:image:type\" content=\"image\/jpeg\" \/>\n<meta name=\"author\" content=\"admin\" \/>\n<meta name=\"twitter:card\" content=\"summary_large_image\" \/>\n<meta name=\"twitter:label1\" content=\"Written by\" \/>\n\t<meta name=\"twitter:data1\" content=\"admin\" \/>\n\t<meta name=\"twitter:label2\" content=\"Est. reading time\" \/>\n\t<meta name=\"twitter:data2\" content=\"2 minutes\" \/>\n<script type=\"application\/ld+json\" class=\"yoast-schema-graph\">{\"@context\":\"https:\\\/\\\/schema.org\",\"@graph\":[{\"@type\":\"Article\",\"@id\":\"https:\\\/\\\/akunq.net\\\/tr\\\/?p=68925#article\",\"isPartOf\":{\"@id\":\"https:\\\/\\\/akunq.net\\\/tr\\\/?p=68925\"},\"author\":{\"name\":\"admin\",\"@id\":\"https:\\\/\\\/akunq.net\\\/tr\\\/#\\\/schema\\\/person\\\/096f1d38a12cce57fb855b485ed24c9e\"},\"headline\":\"Ma\u015falyan ve Barsamyan, \u00c7avu\u015fo\u011flu ile g\u00f6r\u00fc\u015ft\u00fc\",\"datePublished\":\"2022-06-10T06:44:33+00:00\",\"mainEntityOfPage\":{\"@id\":\"https:\\\/\\\/akunq.net\\\/tr\\\/?p=68925\"},\"wordCount\":327,\"commentCount\":0,\"image\":{\"@id\":\"https:\\\/\\\/akunq.net\\\/tr\\\/?p=68925#primaryimage\"},\"thumbnailUrl\":\"https:\\\/\\\/akunq.net\\\/tr\\\/wp-content\\\/uploads\\\/sites\\\/6\\\/2022\\\/06\\\/\u0549\u0561\u057e\u0578\u0582\u0577\u0585\u0572\u056c\u0578\u0582.jpg\",\"articleSection\":[\"Haberler\"],\"inLanguage\":\"en-US\",\"potentialAction\":[{\"@type\":\"CommentAction\",\"name\":\"Comment\",\"target\":[\"https:\\\/\\\/akunq.net\\\/tr\\\/?p=68925#respond\"]}]},{\"@type\":\"WebPage\",\"@id\":\"https:\\\/\\\/akunq.net\\\/tr\\\/?p=68925\",\"url\":\"https:\\\/\\\/akunq.net\\\/tr\\\/?p=68925\",\"name\":\"Ma\u015falyan ve Barsamyan, \u00c7avu\u015fo\u011flu ile g\u00f6r\u00fc\u015ft\u00fc - Bati Ermenistan Ve Bati Ermenileri Sorunlari Ara\u015ftirmalar Merkezi\",\"isPartOf\":{\"@id\":\"https:\\\/\\\/akunq.net\\\/tr\\\/#website\"},\"primaryImageOfPage\":{\"@id\":\"https:\\\/\\\/akunq.net\\\/tr\\\/?p=68925#primaryimage\"},\"image\":{\"@id\":\"https:\\\/\\\/akunq.net\\\/tr\\\/?p=68925#primaryimage\"},\"thumbnailUrl\":\"https:\\\/\\\/akunq.net\\\/tr\\\/wp-content\\\/uploads\\\/sites\\\/6\\\/2022\\\/06\\\/\u0549\u0561\u057e\u0578\u0582\u0577\u0585\u0572\u056c\u0578\u0582.jpg\",\"datePublished\":\"2022-06-10T06:44:33+00:00\",\"author\":{\"@id\":\"https:\\\/\\\/akunq.net\\\/tr\\\/#\\\/schema\\\/person\\\/096f1d38a12cce57fb855b485ed24c9e\"},\"breadcrumb\":{\"@id\":\"https:\\\/\\\/akunq.net\\\/tr\\\/?p=68925#breadcrumb\"},\"inLanguage\":\"en-US\",\"potentialAction\":[{\"@type\":\"ReadAction\",\"target\":[\"https:\\\/\\\/akunq.net\\\/tr\\\/?p=68925\"]}]},{\"@type\":\"ImageObject\",\"inLanguage\":\"en-US\",\"@id\":\"https:\\\/\\\/akunq.net\\\/tr\\\/?p=68925#primaryimage\",\"url\":\"https:\\\/\\\/akunq.net\\\/tr\\\/wp-content\\\/uploads\\\/sites\\\/6\\\/2022\\\/06\\\/\u0549\u0561\u057e\u0578\u0582\u0577\u0585\u0572\u056c\u0578\u0582.jpg\",\"contentUrl\":\"https:\\\/\\\/akunq.net\\\/tr\\\/wp-content\\\/uploads\\\/sites\\\/6\\\/2022\\\/06\\\/\u0549\u0561\u057e\u0578\u0582\u0577\u0585\u0572\u056c\u0578\u0582.jpg\",\"width\":400,\"height\":300},{\"@type\":\"BreadcrumbList\",\"@id\":\"https:\\\/\\\/akunq.net\\\/tr\\\/?p=68925#breadcrumb\",\"itemListElement\":[{\"@type\":\"ListItem\",\"position\":1,\"name\":\"Home\",\"item\":\"https:\\\/\\\/akunq.net\\\/tr\"},{\"@type\":\"ListItem\",\"position\":2,\"name\":\"Ma\u015falyan ve Barsamyan, \u00c7avu\u015fo\u011flu ile g\u00f6r\u00fc\u015ft\u00fc\"}]},{\"@type\":\"WebSite\",\"@id\":\"https:\\\/\\\/akunq.net\\\/tr\\\/#website\",\"url\":\"https:\\\/\\\/akunq.net\\\/tr\\\/\",\"name\":\"Bati Ermenistan Ve Bati Ermenileri Sorunlari Ara\u015ftirmalar Merkezi\",\"description\":\"\",\"potentialAction\":[{\"@type\":\"SearchAction\",\"target\":{\"@type\":\"EntryPoint\",\"urlTemplate\":\"https:\\\/\\\/akunq.net\\\/tr\\\/?s={search_term_string}\"},\"query-input\":{\"@type\":\"PropertyValueSpecification\",\"valueRequired\":true,\"valueName\":\"search_term_string\"}}],\"inLanguage\":\"en-US\"},{\"@type\":\"Person\",\"@id\":\"https:\\\/\\\/akunq.net\\\/tr\\\/#\\\/schema\\\/person\\\/096f1d38a12cce57fb855b485ed24c9e\",\"name\":\"admin\",\"url\":\"https:\\\/\\\/akunq.net\\\/tr\\\/?author=7\"}]}<\/script>\n<!-- \/ Yoast SEO plugin. -->","yoast_head_json":{"title":"Ma\u015falyan ve Barsamyan, \u00c7avu\u015fo\u011flu ile g\u00f6r\u00fc\u015ft\u00fc - Bati Ermenistan Ve Bati Ermenileri Sorunlari Ara\u015ftirmalar Merkezi","robots":{"index":"index","follow":"follow","max-snippet":"max-snippet:-1","max-image-preview":"max-image-preview:large","max-video-preview":"max-video-preview:-1"},"canonical":"https:\/\/akunq.net\/tr\/?p=68925","og_locale":"en_US","og_type":"article","og_title":"Ma\u015falyan ve Barsamyan, \u00c7avu\u015fo\u011flu ile g\u00f6r\u00fc\u015ft\u00fc - Bati Ermenistan Ve Bati Ermenileri Sorunlari Ara\u015ftirmalar Merkezi","og_description":"T\u00fcrkiye Ermenileri Patri\u011fi Ma\u015falyan ve bir s\u00fcredir \u0130stanbul&#8217;da bulunan Ermeni Kilisesi&#8217;nin Vatikan&#8217;daki Temsilcisi Ba\u015fepiskopos Khajag Barsamyan Ankara&#8217;da D\u0131\u015fi\u015fleri Bakan\u0131 Mevl\u00fct \u00c7avu\u015fo\u011flu&#8217;nu ziyaret etti. Daha \u00f6nce al\u0131nan randevu \u00e7er\u00e7evesinde , D\u0131\u015fi\u015fleri Bakan\u0131 Mevl\u00fct \u00c7avu\u015fo\u011flu, 9 Haziran 2022 Per\u015fembe g\u00fcn\u00fc\u00a0 D\u0131\u015fi\u015fleri Bakanl\u0131\u011f\u0131&#8217;nda\u00a0 T\u00fcrkiye Ermenileri Patri\u011fi Sahak Ma\u015falyan ve\u00a0Ermeni Kilisesi&#8217;nin Vatikan&#8217;daki Temsilcisi ayn\u0131 zamanda Ermeni Katolikoslu\u011funun Bat\u0131 Avrupa [&hellip;]","og_url":"https:\/\/akunq.net\/tr\/?p=68925","og_site_name":"Bati Ermenistan Ve Bati Ermenileri Sorunlari Ara\u015ftirmalar Merkezi","article_published_time":"2022-06-10T06:44:33+00:00","og_image":[{"width":400,"height":300,"url":"https:\/\/akunq.net\/tr\/wp-content\/uploads\/sites\/6\/2022\/06\/\u0549\u0561\u057e\u0578\u0582\u0577\u0585\u0572\u056c\u0578\u0582.jpg","type":"image\/jpeg"}],"author":"admin","twitter_card":"summary_large_image","twitter_misc":{"Written by":"admin","Est. reading time":"2 minutes"},"schema":{"@context":"https:\/\/schema.org","@graph":[{"@type":"Article","@id":"https:\/\/akunq.net\/tr\/?p=68925#article","isPartOf":{"@id":"https:\/\/akunq.net\/tr\/?p=68925"},"author":{"name":"admin","@id":"https:\/\/akunq.net\/tr\/#\/schema\/person\/096f1d38a12cce57fb855b485ed24c9e"},"headline":"Ma\u015falyan ve Barsamyan, \u00c7avu\u015fo\u011flu ile g\u00f6r\u00fc\u015ft\u00fc","datePublished":"2022-06-10T06:44:33+00:00","mainEntityOfPage":{"@id":"https:\/\/akunq.net\/tr\/?p=68925"},"wordCount":327,"commentCount":0,"image":{"@id":"https:\/\/akunq.net\/tr\/?p=68925#primaryimage"},"thumbnailUrl":"https:\/\/akunq.net\/tr\/wp-content\/uploads\/sites\/6\/2022\/06\/\u0549\u0561\u057e\u0578\u0582\u0577\u0585\u0572\u056c\u0578\u0582.jpg","articleSection":["Haberler"],"inLanguage":"en-US","potentialAction":[{"@type":"CommentAction","name":"Comment","target":["https:\/\/akunq.net\/tr\/?p=68925#respond"]}]},{"@type":"WebPage","@id":"https:\/\/akunq.net\/tr\/?p=68925","url":"https:\/\/akunq.net\/tr\/?p=68925","name":"Ma\u015falyan ve Barsamyan, \u00c7avu\u015fo\u011flu ile g\u00f6r\u00fc\u015ft\u00fc - Bati Ermenistan Ve Bati Ermenileri Sorunlari Ara\u015ftirmalar Merkezi","isPartOf":{"@id":"https:\/\/akunq.net\/tr\/#website"},"primaryImageOfPage":{"@id":"https:\/\/akunq.net\/tr\/?p=68925#primaryimage"},"image":{"@id":"https:\/\/akunq.net\/tr\/?p=68925#primaryimage"},"thumbnailUrl":"https:\/\/akunq.net\/tr\/wp-content\/uploads\/sites\/6\/2022\/06\/\u0549\u0561\u057e\u0578\u0582\u0577\u0585\u0572\u056c\u0578\u0582.jpg","datePublished":"2022-06-10T06:44:33+00:00","author":{"@id":"https:\/\/akunq.net\/tr\/#\/schema\/person\/096f1d38a12cce57fb855b485ed24c9e"},"breadcrumb":{"@id":"https:\/\/akunq.net\/tr\/?p=68925#breadcrumb"},"inLanguage":"en-US","potentialAction":[{"@type":"ReadAction","target":["https:\/\/akunq.net\/tr\/?p=68925"]}]},{"@type":"ImageObject","inLanguage":"en-US","@id":"https:\/\/akunq.net\/tr\/?p=68925#primaryimage","url":"https:\/\/akunq.net\/tr\/wp-content\/uploads\/sites\/6\/2022\/06\/\u0549\u0561\u057e\u0578\u0582\u0577\u0585\u0572\u056c\u0578\u0582.jpg","contentUrl":"https:\/\/akunq.net\/tr\/wp-content\/uploads\/sites\/6\/2022\/06\/\u0549\u0561\u057e\u0578\u0582\u0577\u0585\u0572\u056c\u0578\u0582.jpg","width":400,"height":300},{"@type":"BreadcrumbList","@id":"https:\/\/akunq.net\/tr\/?p=68925#breadcrumb","itemListElement":[{"@type":"ListItem","position":1,"name":"Home","item":"https:\/\/akunq.net\/tr"},{"@type":"ListItem","position":2,"name":"Ma\u015falyan ve Barsamyan, \u00c7avu\u015fo\u011flu ile g\u00f6r\u00fc\u015ft\u00fc"}]},{"@type":"WebSite","@id":"https:\/\/akunq.net\/tr\/#website","url":"https:\/\/akunq.net\/tr\/","name":"Bati Ermenistan Ve Bati Ermenileri Sorunlari Ara\u015ftirmalar Merkezi","description":"","potentialAction":[{"@type":"SearchAction","target":{"@type":"EntryPoint","urlTemplate":"https:\/\/akunq.net\/tr\/?s={search_term_string}"},"query-input":{"@type":"PropertyValueSpecification","valueRequired":true,"valueName":"search_term_string"}}],"inLanguage":"en-US"},{"@type":"Person","@id":"https:\/\/akunq.net\/tr\/#\/schema\/person\/096f1d38a12cce57fb855b485ed24c9e","name":"admin","url":"https:\/\/akunq.net\/tr\/?author=7"}]}},"_links":{"self":[{"href":"https:\/\/akunq.net\/tr\/index.php?rest_route=\/wp\/v2\/posts\/68925","targetHints":{"allow":["GET"]}}],"collection":[{"href":"https:\/\/akunq.net\/tr\/index.php?rest_route=\/wp\/v2\/posts"}],"about":[{"href":"https:\/\/akunq.net\/tr\/index.php?rest_route=\/wp\/v2\/types\/post"}],"author":[{"embeddable":true,"href":"https:\/\/akunq.net\/tr\/index.php?rest_route=\/wp\/v2\/users\/7"}],"replies":[{"embeddable":true,"href":"https:\/\/akunq.net\/tr\/index.php?rest_route=%2Fwp%2Fv2%2Fcomments&post=68925"}],"version-history":[{"count":1,"href":"https:\/\/akunq.net\/tr\/index.php?rest_route=\/wp\/v2\/posts\/68925\/revisions"}],"predecessor-version":[{"id":68927,"href":"https:\/\/akunq.net\/tr\/index.php?rest_route=\/wp\/v2\/posts\/68925\/revisions\/68927"}],"wp:featuredmedia":[{"embeddable":true,"href":"https:\/\/akunq.net\/tr\/index.php?rest_route=\/wp\/v2\/media\/68926"}],"wp:attachment":[{"href":"https:\/\/akunq.net\/tr\/index.php?rest_route=%2Fwp%2Fv2%2Fmedia&parent=68925"}],"wp:term":[{"taxonomy":"category","embeddable":true,"href":"https:\/\/akunq.net\/tr\/index.php?rest_route=%2Fwp%2Fv2%2Fcategories&post=68925"},{"taxonomy":"post_tag","embeddable":true,"href":"https:\/\/akunq.net\/tr\/index.php?rest_route=%2Fwp%2Fv2%2Ftags&post=68925"}],"curies":[{"name":"wp","href":"https:\/\/api.w.org\/{rel}","templated":true}]}}