{"id":68913,"date":"2022-06-08T01:45:25","date_gmt":"2022-06-08T06:45:25","guid":{"rendered":"https:\/\/akunq.net\/tr\/?p=68913"},"modified":"2022-06-08T01:45:25","modified_gmt":"2022-06-08T06:45:25","slug":"tarihi-saat-kulesinde-skandal","status":"publish","type":"post","link":"https:\/\/akunq.net\/tr\/?p=68913","title":{"rendered":"Tarihi saat kulesinde skandal"},"content":{"rendered":"<p><img loading=\"lazy\" decoding=\"async\" class=\"aligncenter size-medium wp-image-68914\" src=\"https:\/\/akunq.net\/tr\/wp-content\/uploads\/2022\/06\/Antalya-360x200.jpg\" alt=\"\" width=\"360\" height=\"200\" srcset=\"https:\/\/akunq.net\/tr\/wp-content\/uploads\/sites\/6\/2022\/06\/Antalya-360x200.jpg 360w, https:\/\/akunq.net\/tr\/wp-content\/uploads\/sites\/6\/2022\/06\/Antalya-560x312.jpg 560w, https:\/\/akunq.net\/tr\/wp-content\/uploads\/sites\/6\/2022\/06\/Antalya-260x145.jpg 260w, https:\/\/akunq.net\/tr\/wp-content\/uploads\/sites\/6\/2022\/06\/Antalya-160x89.jpg 160w, https:\/\/akunq.net\/tr\/wp-content\/uploads\/sites\/6\/2022\/06\/Antalya.jpg 726w\" sizes=\"auto, (max-width: 360px) 100vw, 360px\" \/><\/p>\n<p><strong><em>Antalya\u2019da, tarihi Kalei\u00e7i\u2019nin ana giri\u015f kap\u0131s\u0131ndaki Antalya Saat Kulesi\u2019nde devam eden restorasyonda, kulenin tepesine 19\u2019uncu y\u00fczy\u0131l ba\u015flar\u0131nda tak\u0131lan orijinal saatin \u00e7al\u0131nd\u0131\u011f\u0131, yerine plastik saat tak\u0131ld\u0131\u011f\u0131 ortaya \u00e7\u0131kt\u0131. Plastik saati tutturmak i\u00e7in kullan\u0131lan demir \u00e7er\u00e7evenin de tarihi ta\u015flar\u0131 \u00e7atlatt\u0131\u011f\u0131 belirlendi.<\/em><\/strong><\/p>\n<p>Antalya\u2019n\u0131n en \u00f6nemli sembollerinden, Helenistik D\u00f6nem\u2019e tarihlenen bur\u00e7lar \u00fczerinde yer alan, kule k\u0131sm\u0131 Bizans d\u00f6neminde yap\u0131lan ve 1900\u2019l\u00fc y\u0131llar\u0131n ba\u015f\u0131nda 2\u2019nci Abd\u00fclhamid d\u00f6neminde saat kulesi olarak in\u015fa edilen yap\u0131da, \u015fubat ay\u0131nda ba\u015flayan restorasyon \u00e7al\u0131\u015fmalar\u0131 devam ediyor. Antalya Saat Kulesi\u2019ndeki restorasyon ve kaz\u0131 \u00e7al\u0131\u015fmalar\u0131, Vak\u0131flar B\u00f6lge M\u00fcd\u00fcrl\u00fc\u011f\u00fc ve Antalya M\u00fczesi denetiminde, Antalya Bilim \u00dcniversitesi\u2019nden Do\u00e7. Dr. Esin Kuleli\u2019nin haz\u0131rlad\u0131\u011f\u0131 proje kapsam\u0131nda Antalya K\u00fclt\u00fcr ve Tabiat Varl\u0131klar\u0131n\u0131 Koruma Kurulu\u2019nun onay\u0131yla y\u00fcr\u00fct\u00fcl\u00fcyor.<\/p>\n<p>Harabeyi and\u0131ran kule i\u00e7inde \u00f6nceki y\u0131llarda zeminden 8 metre y\u00fcksekli\u011fe kadar betonla doldurulan alandaki kaz\u0131 \u00e7al\u0131\u015fmalar\u0131nda, yakla\u015f\u0131k 1 metre derinde, biri saat d\u00fczene\u011finin \u00e7al\u0131\u015fmas\u0131 di\u011feri kulenin en \u00fcst k\u0131sm\u0131ndaki \u00e7an\u0131n her saat ba\u015f\u0131 \u00e7almas\u0131n\u0131 sa\u011flayan 40\u2019ar kiloluk iki kur\u015fun par\u00e7a bulunmu\u015ftu.<\/p>\n<p><strong>1988\u2019DE M\u0130 \u00c7ALINDI<\/strong><\/p>\n<p>Restorasyonda, 22 metre y\u00fcksekli\u011fi bulunan kulenin d\u00f6rt bir taraf\u0131ndaki saatlerin ise orijinal olmad\u0131\u011f\u0131 ortaya \u00e7\u0131kt\u0131. Orijinal saatlerin 1988 y\u0131l\u0131nda \u00e7al\u0131nm\u0131\u015f olabilece\u011fi de\u011ferlendirilirken, o d\u00f6nem yerine tak\u0131lan saatlerin de plastik oldu\u011fu belirlendi. Ayr\u0131ca plastik saati tarihi ta\u015flara tutturmak i\u00e7in kullan\u0131lan demir \u00e7er\u00e7evelerin de y\u0131llar i\u00e7erisinde a\u011f\u0131rl\u0131klar\u0131yla tarihi ta\u015flar\u0131 \u00e7atlatt\u0131\u011f\u0131 tespit edildi. Kuledeki hem demir \u00e7er\u00e7eveler hem de plastik saatler s\u00f6k\u00fclerek kald\u0131r\u0131ld\u0131.<\/p>\n<p><strong>\u2018AR\u015e\u0130VLER \u0130NCELENECEK\u2019<\/strong><\/p>\n<p>Antalya Saat Kulesi\u2019nde en son onar\u0131m\u0131 1985\u2019te yapan ve alan\u0131nda T\u00fcrkiye\u2019de ender isimlerden biri olarak de\u011ferlendirilen Recep G\u00fcrgen (75) ile temasa ge\u00e7ilerek, 1900\u2019l\u00fc y\u0131llardaki orijinal saate uygun, hem de her saat ba\u015f\u0131 ses \u00e7\u0131karacak \u015fekilde yeniden yap\u0131m\u0131na y\u00f6nelik \u00e7al\u0131\u015fma ba\u015flat\u0131ld\u0131. Antalya Valili\u011fi K\u00fclt\u00fcr Varl\u0131klar\u0131 Birim M\u00fcd\u00fcr\u00fc Cemil Karabayram, kulenin ad\u0131n\u0131 ald\u0131\u011f\u0131 saatin s\u00f6k\u00fcm\u00fc s\u0131ras\u0131nda orijinal olmad\u0131\u011f\u0131n\u0131n tespit edildi\u011fini a\u00e7\u0131klad\u0131. Karabayram, Antalya Valisi Ersin Yaz\u0131c\u0131\u2019n\u0131n talimat\u0131yla, saat kulesinin ger\u00e7ek d\u00f6nemindeki \u00fcslupla yeniden yap\u0131m\u0131 ve o g\u00fcnlerdeki nostaljik sesiyle g\u00fcn\u00fcm\u00fcze ta\u015f\u0131nmas\u0131na karar verildi\u011fini kaydetti. Karabayram, \u201cNas\u0131l \u00e7al\u0131nm\u0131\u015f olabilece\u011fine ili\u015fkin kurumsal bir ara\u015ft\u0131rma gerekiyor. Belediye ar\u015fivleri incelenmeli\u201d dedi.<\/p>\n<p><strong>B\u0130R\u00c7OK SAAT KULES\u0130 B\u00d6YLE<\/strong><\/p>\n<p>Antalya Saat Kulesi\u2019nde en son 1985 y\u0131l\u0131nda bir onar\u0131ma geldi\u011fini anlatan Recep G\u00fcrgen, \u201cGeldi\u011fim zaman orada eski makinesi vard\u0131, aktif de\u011fildi. Daha \u00f6nceden elektroni\u011fe \u00e7evrilmi\u015fti. Restorasyon ve bak\u0131m\u0131n\u0131 yapt\u0131m, kadran\u0131 yenilemedim. En son yap\u0131lan saatler maalesef getirilip oturtulmu\u015f, bu \u00e7ok k\u00f6t\u00fc bir \u015fey. Orijinal makineler nereye gitti bilmiyorum\u201d dedi. Kendisinin tamirat\u0131 sonras\u0131nda kulenin birka\u00e7 kez daha i\u015flem g\u00f6rm\u00fc\u015f olabilece\u011fini kaydeden G\u00fcrgen, \u201cNas\u0131l oluyor da b\u00f6yle bir \u015fey yap\u0131l\u0131p oraya konuluyor. \u0130stenmesi halinde oraya mekanik bir makine yap\u0131l\u0131r ve \u00e7alar hale getirilir. Maalesef bir\u00e7ok saat kulesi bu \u015fekilde, bu ac\u0131 bir durum. Orijinal haline uygun yeniden yap\u0131lmas\u0131, bulundu\u011fu b\u00f6lgeye ho\u015f bir seda verir\u201d diye konu\u015ftu.<\/p>\n<hr \/>\n<p><em><strong><a href=\"https:\/\/www.hurriyet.com.tr\/gundem\/tarihi-saat-kulesinde-skandal-42078753\" target=\"_blank\" rel=\"noopener noreferrer\">H\u00fcrriyet Gazetesi<\/a>\u00a0<\/strong><\/em><\/p>\n","protected":false},"excerpt":{"rendered":"<p>Antalya\u2019da, tarihi Kalei\u00e7i\u2019nin ana giri\u015f kap\u0131s\u0131ndaki Antalya Saat Kulesi\u2019nde devam eden restorasyonda, kulenin tepesine 19\u2019uncu y\u00fczy\u0131l ba\u015flar\u0131nda tak\u0131lan orijinal saatin \u00e7al\u0131nd\u0131\u011f\u0131, yerine plastik saat tak\u0131ld\u0131\u011f\u0131 ortaya \u00e7\u0131kt\u0131. Plastik saati tutturmak i\u00e7in kullan\u0131lan demir \u00e7er\u00e7evenin de tarihi ta\u015flar\u0131 \u00e7atlatt\u0131\u011f\u0131 belirlendi. Antalya\u2019n\u0131n en \u00f6nemli sembollerinden, Helenistik D\u00f6nem\u2019e tarihlenen bur\u00e7lar \u00fczerinde yer alan, kule k\u0131sm\u0131 Bizans d\u00f6neminde yap\u0131lan [&hellip;]<\/p>\n","protected":false},"author":7,"featured_media":68914,"comment_status":"open","ping_status":"open","sticky":false,"template":"","format":"standard","meta":{"footnotes":""},"categories":[1],"tags":[],"class_list":["post-68913","post","type-post","status-publish","format-standard","has-post-thumbnail","hentry","category-haberler"],"yoast_head":"<!-- This site is optimized with the Yoast SEO plugin v27.4 - https:\/\/yoast.com\/product\/yoast-seo-wordpress\/ -->\n<title>Tarihi saat kulesinde skandal - Bati Ermenistan Ve Bati Ermenileri Sorunlari Ara\u015ftirmalar Merkezi<\/title>\n<meta name=\"robots\" content=\"index, follow, max-snippet:-1, max-image-preview:large, max-video-preview:-1\" \/>\n<link rel=\"canonical\" href=\"https:\/\/akunq.net\/tr\/?p=68913\" \/>\n<meta property=\"og:locale\" content=\"en_US\" \/>\n<meta property=\"og:type\" content=\"article\" \/>\n<meta property=\"og:title\" content=\"Tarihi saat kulesinde skandal - Bati Ermenistan Ve Bati Ermenileri Sorunlari Ara\u015ftirmalar Merkezi\" \/>\n<meta property=\"og:description\" content=\"Antalya\u2019da, tarihi Kalei\u00e7i\u2019nin ana giri\u015f kap\u0131s\u0131ndaki Antalya Saat Kulesi\u2019nde devam eden restorasyonda, kulenin tepesine 19\u2019uncu y\u00fczy\u0131l ba\u015flar\u0131nda tak\u0131lan orijinal saatin \u00e7al\u0131nd\u0131\u011f\u0131, yerine plastik saat tak\u0131ld\u0131\u011f\u0131 ortaya \u00e7\u0131kt\u0131. Plastik saati tutturmak i\u00e7in kullan\u0131lan demir \u00e7er\u00e7evenin de tarihi ta\u015flar\u0131 \u00e7atlatt\u0131\u011f\u0131 belirlendi. Antalya\u2019n\u0131n en \u00f6nemli sembollerinden, Helenistik D\u00f6nem\u2019e tarihlenen bur\u00e7lar \u00fczerinde yer alan, kule k\u0131sm\u0131 Bizans d\u00f6neminde yap\u0131lan [&hellip;]\" \/>\n<meta property=\"og:url\" content=\"https:\/\/akunq.net\/tr\/?p=68913\" \/>\n<meta property=\"og:site_name\" content=\"Bati Ermenistan Ve Bati Ermenileri Sorunlari Ara\u015ftirmalar Merkezi\" \/>\n<meta property=\"article:published_time\" content=\"2022-06-08T06:45:25+00:00\" \/>\n<meta property=\"og:image\" content=\"https:\/\/akunq.net\/tr\/wp-content\/uploads\/sites\/6\/2022\/06\/Antalya.jpg\" \/>\n\t<meta property=\"og:image:width\" content=\"726\" \/>\n\t<meta property=\"og:image:height\" content=\"404\" \/>\n\t<meta property=\"og:image:type\" content=\"image\/jpeg\" \/>\n<meta name=\"author\" content=\"admin\" \/>\n<meta name=\"twitter:card\" content=\"summary_large_image\" \/>\n<meta name=\"twitter:label1\" content=\"Written by\" \/>\n\t<meta name=\"twitter:data1\" content=\"admin\" \/>\n\t<meta name=\"twitter:label2\" content=\"Est. reading time\" \/>\n\t<meta name=\"twitter:data2\" content=\"3 minutes\" \/>\n<script type=\"application\/ld+json\" class=\"yoast-schema-graph\">{\"@context\":\"https:\\\/\\\/schema.org\",\"@graph\":[{\"@type\":\"Article\",\"@id\":\"https:\\\/\\\/akunq.net\\\/tr\\\/?p=68913#article\",\"isPartOf\":{\"@id\":\"https:\\\/\\\/akunq.net\\\/tr\\\/?p=68913\"},\"author\":{\"name\":\"admin\",\"@id\":\"https:\\\/\\\/akunq.net\\\/tr\\\/#\\\/schema\\\/person\\\/096f1d38a12cce57fb855b485ed24c9e\"},\"headline\":\"Tarihi saat kulesinde skandal\",\"datePublished\":\"2022-06-08T06:45:25+00:00\",\"mainEntityOfPage\":{\"@id\":\"https:\\\/\\\/akunq.net\\\/tr\\\/?p=68913\"},\"wordCount\":608,\"commentCount\":0,\"image\":{\"@id\":\"https:\\\/\\\/akunq.net\\\/tr\\\/?p=68913#primaryimage\"},\"thumbnailUrl\":\"https:\\\/\\\/akunq.net\\\/tr\\\/wp-content\\\/uploads\\\/sites\\\/6\\\/2022\\\/06\\\/Antalya.jpg\",\"articleSection\":[\"Haberler\"],\"inLanguage\":\"en-US\",\"potentialAction\":[{\"@type\":\"CommentAction\",\"name\":\"Comment\",\"target\":[\"https:\\\/\\\/akunq.net\\\/tr\\\/?p=68913#respond\"]}]},{\"@type\":\"WebPage\",\"@id\":\"https:\\\/\\\/akunq.net\\\/tr\\\/?p=68913\",\"url\":\"https:\\\/\\\/akunq.net\\\/tr\\\/?p=68913\",\"name\":\"Tarihi saat kulesinde skandal - Bati Ermenistan Ve Bati Ermenileri Sorunlari Ara\u015ftirmalar Merkezi\",\"isPartOf\":{\"@id\":\"https:\\\/\\\/akunq.net\\\/tr\\\/#website\"},\"primaryImageOfPage\":{\"@id\":\"https:\\\/\\\/akunq.net\\\/tr\\\/?p=68913#primaryimage\"},\"image\":{\"@id\":\"https:\\\/\\\/akunq.net\\\/tr\\\/?p=68913#primaryimage\"},\"thumbnailUrl\":\"https:\\\/\\\/akunq.net\\\/tr\\\/wp-content\\\/uploads\\\/sites\\\/6\\\/2022\\\/06\\\/Antalya.jpg\",\"datePublished\":\"2022-06-08T06:45:25+00:00\",\"author\":{\"@id\":\"https:\\\/\\\/akunq.net\\\/tr\\\/#\\\/schema\\\/person\\\/096f1d38a12cce57fb855b485ed24c9e\"},\"breadcrumb\":{\"@id\":\"https:\\\/\\\/akunq.net\\\/tr\\\/?p=68913#breadcrumb\"},\"inLanguage\":\"en-US\",\"potentialAction\":[{\"@type\":\"ReadAction\",\"target\":[\"https:\\\/\\\/akunq.net\\\/tr\\\/?p=68913\"]}]},{\"@type\":\"ImageObject\",\"inLanguage\":\"en-US\",\"@id\":\"https:\\\/\\\/akunq.net\\\/tr\\\/?p=68913#primaryimage\",\"url\":\"https:\\\/\\\/akunq.net\\\/tr\\\/wp-content\\\/uploads\\\/sites\\\/6\\\/2022\\\/06\\\/Antalya.jpg\",\"contentUrl\":\"https:\\\/\\\/akunq.net\\\/tr\\\/wp-content\\\/uploads\\\/sites\\\/6\\\/2022\\\/06\\\/Antalya.jpg\",\"width\":726,\"height\":404},{\"@type\":\"BreadcrumbList\",\"@id\":\"https:\\\/\\\/akunq.net\\\/tr\\\/?p=68913#breadcrumb\",\"itemListElement\":[{\"@type\":\"ListItem\",\"position\":1,\"name\":\"Home\",\"item\":\"https:\\\/\\\/akunq.net\\\/tr\"},{\"@type\":\"ListItem\",\"position\":2,\"name\":\"Tarihi saat kulesinde skandal\"}]},{\"@type\":\"WebSite\",\"@id\":\"https:\\\/\\\/akunq.net\\\/tr\\\/#website\",\"url\":\"https:\\\/\\\/akunq.net\\\/tr\\\/\",\"name\":\"Bati Ermenistan Ve Bati Ermenileri Sorunlari Ara\u015ftirmalar Merkezi\",\"description\":\"\",\"potentialAction\":[{\"@type\":\"SearchAction\",\"target\":{\"@type\":\"EntryPoint\",\"urlTemplate\":\"https:\\\/\\\/akunq.net\\\/tr\\\/?s={search_term_string}\"},\"query-input\":{\"@type\":\"PropertyValueSpecification\",\"valueRequired\":true,\"valueName\":\"search_term_string\"}}],\"inLanguage\":\"en-US\"},{\"@type\":\"Person\",\"@id\":\"https:\\\/\\\/akunq.net\\\/tr\\\/#\\\/schema\\\/person\\\/096f1d38a12cce57fb855b485ed24c9e\",\"name\":\"admin\",\"url\":\"https:\\\/\\\/akunq.net\\\/tr\\\/?author=7\"}]}<\/script>\n<!-- \/ Yoast SEO plugin. -->","yoast_head_json":{"title":"Tarihi saat kulesinde skandal - Bati Ermenistan Ve Bati Ermenileri Sorunlari Ara\u015ftirmalar Merkezi","robots":{"index":"index","follow":"follow","max-snippet":"max-snippet:-1","max-image-preview":"max-image-preview:large","max-video-preview":"max-video-preview:-1"},"canonical":"https:\/\/akunq.net\/tr\/?p=68913","og_locale":"en_US","og_type":"article","og_title":"Tarihi saat kulesinde skandal - Bati Ermenistan Ve Bati Ermenileri Sorunlari Ara\u015ftirmalar Merkezi","og_description":"Antalya\u2019da, tarihi Kalei\u00e7i\u2019nin ana giri\u015f kap\u0131s\u0131ndaki Antalya Saat Kulesi\u2019nde devam eden restorasyonda, kulenin tepesine 19\u2019uncu y\u00fczy\u0131l ba\u015flar\u0131nda tak\u0131lan orijinal saatin \u00e7al\u0131nd\u0131\u011f\u0131, yerine plastik saat tak\u0131ld\u0131\u011f\u0131 ortaya \u00e7\u0131kt\u0131. Plastik saati tutturmak i\u00e7in kullan\u0131lan demir \u00e7er\u00e7evenin de tarihi ta\u015flar\u0131 \u00e7atlatt\u0131\u011f\u0131 belirlendi. Antalya\u2019n\u0131n en \u00f6nemli sembollerinden, Helenistik D\u00f6nem\u2019e tarihlenen bur\u00e7lar \u00fczerinde yer alan, kule k\u0131sm\u0131 Bizans d\u00f6neminde yap\u0131lan [&hellip;]","og_url":"https:\/\/akunq.net\/tr\/?p=68913","og_site_name":"Bati Ermenistan Ve Bati Ermenileri Sorunlari Ara\u015ftirmalar Merkezi","article_published_time":"2022-06-08T06:45:25+00:00","og_image":[{"width":726,"height":404,"url":"https:\/\/akunq.net\/tr\/wp-content\/uploads\/sites\/6\/2022\/06\/Antalya.jpg","type":"image\/jpeg"}],"author":"admin","twitter_card":"summary_large_image","twitter_misc":{"Written by":"admin","Est. reading time":"3 minutes"},"schema":{"@context":"https:\/\/schema.org","@graph":[{"@type":"Article","@id":"https:\/\/akunq.net\/tr\/?p=68913#article","isPartOf":{"@id":"https:\/\/akunq.net\/tr\/?p=68913"},"author":{"name":"admin","@id":"https:\/\/akunq.net\/tr\/#\/schema\/person\/096f1d38a12cce57fb855b485ed24c9e"},"headline":"Tarihi saat kulesinde skandal","datePublished":"2022-06-08T06:45:25+00:00","mainEntityOfPage":{"@id":"https:\/\/akunq.net\/tr\/?p=68913"},"wordCount":608,"commentCount":0,"image":{"@id":"https:\/\/akunq.net\/tr\/?p=68913#primaryimage"},"thumbnailUrl":"https:\/\/akunq.net\/tr\/wp-content\/uploads\/sites\/6\/2022\/06\/Antalya.jpg","articleSection":["Haberler"],"inLanguage":"en-US","potentialAction":[{"@type":"CommentAction","name":"Comment","target":["https:\/\/akunq.net\/tr\/?p=68913#respond"]}]},{"@type":"WebPage","@id":"https:\/\/akunq.net\/tr\/?p=68913","url":"https:\/\/akunq.net\/tr\/?p=68913","name":"Tarihi saat kulesinde skandal - Bati Ermenistan Ve Bati Ermenileri Sorunlari Ara\u015ftirmalar Merkezi","isPartOf":{"@id":"https:\/\/akunq.net\/tr\/#website"},"primaryImageOfPage":{"@id":"https:\/\/akunq.net\/tr\/?p=68913#primaryimage"},"image":{"@id":"https:\/\/akunq.net\/tr\/?p=68913#primaryimage"},"thumbnailUrl":"https:\/\/akunq.net\/tr\/wp-content\/uploads\/sites\/6\/2022\/06\/Antalya.jpg","datePublished":"2022-06-08T06:45:25+00:00","author":{"@id":"https:\/\/akunq.net\/tr\/#\/schema\/person\/096f1d38a12cce57fb855b485ed24c9e"},"breadcrumb":{"@id":"https:\/\/akunq.net\/tr\/?p=68913#breadcrumb"},"inLanguage":"en-US","potentialAction":[{"@type":"ReadAction","target":["https:\/\/akunq.net\/tr\/?p=68913"]}]},{"@type":"ImageObject","inLanguage":"en-US","@id":"https:\/\/akunq.net\/tr\/?p=68913#primaryimage","url":"https:\/\/akunq.net\/tr\/wp-content\/uploads\/sites\/6\/2022\/06\/Antalya.jpg","contentUrl":"https:\/\/akunq.net\/tr\/wp-content\/uploads\/sites\/6\/2022\/06\/Antalya.jpg","width":726,"height":404},{"@type":"BreadcrumbList","@id":"https:\/\/akunq.net\/tr\/?p=68913#breadcrumb","itemListElement":[{"@type":"ListItem","position":1,"name":"Home","item":"https:\/\/akunq.net\/tr"},{"@type":"ListItem","position":2,"name":"Tarihi saat kulesinde skandal"}]},{"@type":"WebSite","@id":"https:\/\/akunq.net\/tr\/#website","url":"https:\/\/akunq.net\/tr\/","name":"Bati Ermenistan Ve Bati Ermenileri Sorunlari Ara\u015ftirmalar Merkezi","description":"","potentialAction":[{"@type":"SearchAction","target":{"@type":"EntryPoint","urlTemplate":"https:\/\/akunq.net\/tr\/?s={search_term_string}"},"query-input":{"@type":"PropertyValueSpecification","valueRequired":true,"valueName":"search_term_string"}}],"inLanguage":"en-US"},{"@type":"Person","@id":"https:\/\/akunq.net\/tr\/#\/schema\/person\/096f1d38a12cce57fb855b485ed24c9e","name":"admin","url":"https:\/\/akunq.net\/tr\/?author=7"}]}},"_links":{"self":[{"href":"https:\/\/akunq.net\/tr\/index.php?rest_route=\/wp\/v2\/posts\/68913","targetHints":{"allow":["GET"]}}],"collection":[{"href":"https:\/\/akunq.net\/tr\/index.php?rest_route=\/wp\/v2\/posts"}],"about":[{"href":"https:\/\/akunq.net\/tr\/index.php?rest_route=\/wp\/v2\/types\/post"}],"author":[{"embeddable":true,"href":"https:\/\/akunq.net\/tr\/index.php?rest_route=\/wp\/v2\/users\/7"}],"replies":[{"embeddable":true,"href":"https:\/\/akunq.net\/tr\/index.php?rest_route=%2Fwp%2Fv2%2Fcomments&post=68913"}],"version-history":[{"count":1,"href":"https:\/\/akunq.net\/tr\/index.php?rest_route=\/wp\/v2\/posts\/68913\/revisions"}],"predecessor-version":[{"id":68915,"href":"https:\/\/akunq.net\/tr\/index.php?rest_route=\/wp\/v2\/posts\/68913\/revisions\/68915"}],"wp:featuredmedia":[{"embeddable":true,"href":"https:\/\/akunq.net\/tr\/index.php?rest_route=\/wp\/v2\/media\/68914"}],"wp:attachment":[{"href":"https:\/\/akunq.net\/tr\/index.php?rest_route=%2Fwp%2Fv2%2Fmedia&parent=68913"}],"wp:term":[{"taxonomy":"category","embeddable":true,"href":"https:\/\/akunq.net\/tr\/index.php?rest_route=%2Fwp%2Fv2%2Fcategories&post=68913"},{"taxonomy":"post_tag","embeddable":true,"href":"https:\/\/akunq.net\/tr\/index.php?rest_route=%2Fwp%2Fv2%2Ftags&post=68913"}],"curies":[{"name":"wp","href":"https:\/\/api.w.org\/{rel}","templated":true}]}}