{"id":68910,"date":"2022-06-08T01:40:37","date_gmt":"2022-06-08T06:40:37","guid":{"rendered":"https:\/\/akunq.net\/tr\/?p=68910"},"modified":"2022-06-08T01:40:37","modified_gmt":"2022-06-08T06:40:37","slug":"ab-turkiye-raportoru-amor-hdp-kapatilirsa-abye-katilim-sureci-sonlanabilir","status":"publish","type":"post","link":"https:\/\/akunq.net\/tr\/?p=68910","title":{"rendered":"AB T\u00fcrkiye raport\u00f6r\u00fc Amor: HDP kapat\u0131l\u0131rsa AB\u2019ye kat\u0131l\u0131m s\u00fcreci sonlanabilir"},"content":{"rendered":"<p><img loading=\"lazy\" decoding=\"async\" class=\"aligncenter size-medium wp-image-68911\" src=\"https:\/\/akunq.net\/tr\/wp-content\/uploads\/2022\/06\/Nacho-Sanchez-Amor-360x208.jpeg\" alt=\"\" width=\"360\" height=\"208\" srcset=\"https:\/\/akunq.net\/tr\/wp-content\/uploads\/sites\/6\/2022\/06\/Nacho-Sanchez-Amor-360x208.jpeg 360w, https:\/\/akunq.net\/tr\/wp-content\/uploads\/sites\/6\/2022\/06\/Nacho-Sanchez-Amor-768x444.jpeg 768w, https:\/\/akunq.net\/tr\/wp-content\/uploads\/sites\/6\/2022\/06\/Nacho-Sanchez-Amor-560x324.jpeg 560w, https:\/\/akunq.net\/tr\/wp-content\/uploads\/sites\/6\/2022\/06\/Nacho-Sanchez-Amor-260x150.jpeg 260w, https:\/\/akunq.net\/tr\/wp-content\/uploads\/sites\/6\/2022\/06\/Nacho-Sanchez-Amor-160x93.jpeg 160w, https:\/\/akunq.net\/tr\/wp-content\/uploads\/sites\/6\/2022\/06\/Nacho-Sanchez-Amor.jpeg 800w\" sizes=\"auto, (max-width: 360px) 100vw, 360px\" \/><\/p>\n<p><em><strong>T\u00fcrkiye raport\u00f6r\u00fc Nacho Sanchez-Amor, HDP\u2019nin kapat\u0131lmas\u0131 halinde T\u00fcrkiye\u2019nin AB\u2019ye kat\u0131l\u0131m s\u00fcrecinin devam edece\u011fini d\u00fc\u015f\u00fcnmedi\u011fini s\u00f6yledi.<\/strong><\/em><\/p>\n<p>Avrupa Parlamentosu\u2019nun y\u0131ll\u0131k T\u00fcrkiye raporu oylama \u00f6ncesi d\u00fcn Strasbourg\u2019daki genel oturumda tart\u0131\u015f\u0131ld\u0131. T\u00fcrkiye raport\u00f6r\u00fc Nacho Sanchez-Amor, konu\u015fmas\u0131nda, HDP\u2019nin kapat\u0131lmas\u0131 halinde T\u00fcrkiye\u2019nin AB\u2019ye kat\u0131l\u0131m s\u00fcrecinin devam edece\u011fini d\u00fc\u015f\u00fcnmedi\u011fini s\u00f6yledi.<\/p>\n<p>T\u00fcrkiye\u2019de demokratik standartlardaki gerilemenin kas\u0131tl\u0131 \u015fekilde yap\u0131ld\u0131\u011f\u0131n\u0131 ileri s\u00fcren Amor, \u201cT\u00fcrkiye\u2019de insanlar demokratik umutlar\u0131n\u0131n bitmek bilmez bir otoriter sarmalda yok olup gitti\u011fine tan\u0131k oluyor\u201d dedi.<\/p>\n<p>Euronews T\u00fcrk\u00e7e\u2019nin haberine g\u00f6re Sosyal Demokrat Grup \u00fcyesi \u0130spanyol parlamenter, mevcut durumun se\u00e7imler sonras\u0131 devam\u0131 halinde \u201cT\u00fcrkiye\u2019nin \u00fcyelik s\u00fcrecinin sonlanaca\u011f\u0131n\u0131 d\u00fc\u015f\u00fcnd\u00fc\u011f\u00fcn\u00fc\u201d s\u00f6yledi.<\/p>\n<p><strong>\u201cT\u00dcRK\u0130YE \u00dcZER\u0130NDEN RUSYA YAPTIRIMLARI ENGELL\u0130YOR\u201d<\/strong><\/p>\n<p>Amor, T\u00fcrkiye\u2019nin Rusya ile olan ili\u015fkilerinin de Avrupa i\u00e7in problemli oldu\u011funu belirterek Rus kleptokratlara T\u00fcrk sahillerinde yat\u0131r\u0131m hakk\u0131 tan\u0131nd\u0131\u011f\u0131n\u0131, T\u00fcrkiye ile Rusya aras\u0131ndaki u\u00e7u\u015f say\u0131s\u0131n\u0131n artt\u0131\u011f\u0131n\u0131 ve binlerce Rus vatanta\u015f\u0131na kredi kart\u0131 verildi\u011fini ve bu \u015fekilde yapt\u0131r\u0131mlar\u0131n delindi\u011fini s\u00f6yledi.<\/p>\n<p>\u0130sve\u00e7 ve Finlandiya\u2019n\u0131n NATO \u00fcyeliklerinin de \u201csorumsuzca veto\u201d edildi\u011fine dikkat \u00e7eken Amor, T\u00fcrkiye\u2019nin \u201cbu iki \u00fclkeyle de\u011fil demokrasiyle sorunu oldu\u011funu\u201d ifade etti.<\/p>\n<p><strong>\u201cA\u0130HM KARARLARINA UYULMAMASI TED\u0130RG\u0130N ED\u0130C\u0130\u201d<\/strong><\/p>\n<p>Osman Kavala \u00f6rne\u011fini veren Macar komiser, T\u00fcrkiye\u2019nin A\u0130HM kararlar\u0131n\u0131 uygulamay\u0131 reddetmesini \u201c\u00f6zellikle tedirgin edici\u201d diyerek kaydetti.<\/p>\n<p>Varhelyi\u2019ye g\u00f6re T\u00fcrkiye ile AB aras\u0131ndaki en zor konu hala \u2018K\u0131br\u0131s sorunu\u2019. Varhelyi Ankara\u2019ya \u201cMara\u015f b\u00f6lgesine y\u00f6nelik provokatif eylemlere son vermesi\u201d \u00e7a\u011fr\u0131s\u0131nda bulundu.<\/p>\n<p>T\u00fcrkiye\u2019nin Ukrayna konusundaki aktif diplomasisinden ise \u00f6vg\u00fcyle bahsedildi. Ancak bu alanda da T\u00fcrkiye\u2019den AB \u00e7izgisine daha yak\u0131n politika y\u00fcr\u00fctmesinin beklendi\u011fi dile getirildi.<\/p>\n<p>Raporun \u00f6ne \u00e7\u0131kan ba\u015fl\u0131klar\u0131 \u015fu \u015fekilde:<\/p>\n<p>*T\u00fcrkiye\u2019de demokrasi, hukuk devleti ve temel hak ve \u00f6zg\u00fcrl\u00fcklere sayg\u0131 alanlar\u0131nda elle tutulur ilerleme kaydedilmedi\u011fi belirtiliyor. Bu olmadan da AB ile \u00fcyelik m\u00fczakerelerinin yeniden ba\u015flama \u015fans\u0131 olmad\u0131\u011f\u0131 mesaj\u0131 veriliyor.<\/p>\n<p>*Gereken reformlar konusunda siyasi iradenin bulunmad\u0131\u011f\u0131 ifade ediliyor.<\/p>\n<p>*Raporda T\u00fcrkiye\u2019deki mevcut ekonomik durum \u201ckayg\u0131 verici\u201d olarak tan\u0131mlan\u0131yor.<\/p>\n<p>*Cumhurba\u015fkanl\u0131\u011f\u0131n\u0131n ba\u011f\u0131ms\u0131z olmas\u0131 gereken Merkez Bankas\u0131 ve \u0130statistik Kurumu gibi kurumlara m\u00fcdahale etti\u011fi belirtiliyor ve bu kurumlar\u0131n ba\u011f\u0131ms\u0131zl\u0131\u011f\u0131n\u0131n AB \u00fcyeli\u011fi i\u00e7in vazge\u00e7ilmez kriterler oldu\u011fu hat\u0131rlat\u0131l\u0131yor.<\/p>\n<p>*Hukuksal g\u00fcvenli\u011fin olmamas\u0131 yabanc\u0131 yat\u0131r\u0131mlar\u0131 ciddi bi\u00e7imde tehlikeye sokabilece\u011fi ifade ediliyor.<\/p>\n<p>*Ge\u00e7en y\u0131l oldu\u011fu gibi bu y\u0131lda raporda \u00fcyelik m\u00fczakerelerinin resmen ask\u0131ya al\u0131nmas\u0131 isteniyor.<\/p>\n<p>*T\u00fcrk h\u00fck\u00fcmeti, \u201cOsman Kavala davas\u0131nda A\u0130HM karar\u0131na a\u00e7\u0131k\u00e7a meydan okuyarak, AB \u00fcyelik s\u00fcrecini yeniden ba\u015flatma emellerini kasten imha etmekle\u201d su\u00e7lan\u0131yor.<\/p>\n<p>*T\u00fcrkiye ve AB\u2019nin, \u00fcyelik s\u00fcrecine paralel olarak, \u00fcst d\u00fczey diyalog ve modernle\u015ftirilmi\u015f bir anla\u015fma vas\u0131tas\u0131yla, \u201cdemokrasi, hukuk devleti ve temel hak ve \u00f6zg\u00fcrl\u00fcklere sayg\u0131 ko\u015fullu, yeni, dengeli ve m\u00fctekabiliyet ilkesine dayal\u0131 ortakl\u0131k\u201d aray\u0131\u015f\u0131na girmeleri isteniyor.<\/p>\n<p>*T\u00fcrkiye i\u00e7in \u201cekonomik ve stratejik planda \u00f6nemli ortak\u201d ifadesini kullanan rapor; ticaret, g\u00f6\u00e7, kamu sa\u011fl\u0131\u011f\u0131, iklim, ekolojik d\u00f6n\u00fc\u015f\u00fcm, g\u00fcvenlik ve ter\u00f6rle m\u00fccadele gibi m\u00fc\u015fterek \u00e7\u0131kar alanlar\u0131nda T\u00fcrkiye\u2019yi \u201c\u00f6nemli bir kom\u015fu\u201d olarak tan\u0131ml\u0131yor.<\/p>\n<p>*D\u0131\u015f politikaya geni\u015f yer ayr\u0131lan raporda, Ankara\u2019n\u0131n, aday \u00fclkeler aras\u0131nda AB\u2019nin d\u0131\u015f ve g\u00fcvenlik politikas\u0131na \u201cen uzak \u00fclke\u201d oldu\u011fu belirtiliyor.<\/p>\n<p>*T\u00fcrkiye ve AB\u2019nin Kafkasya, Suriye, Irak ve Libya politikalar\u0131n\u0131n \u201c\u00e7eli\u015fti\u011fi\u201d not ediliyor. Ankara\u2019n\u0131n Suriye ve Irak topraklar\u0131ndaki askeri operasyonlar\u0131 k\u0131nan\u0131yor.<\/p>\n<p>*Ukrayna\u2019ya deste\u011fi i\u00e7in Ankara\u2019ya te\u015fekk\u00fcr ediliyor ancak Rus y\u00f6neticiler ve Rus oligarklar\u0131 hedef alan yapt\u0131r\u0131mlarla ilgili tutumunu g\u00f6zden ge\u00e7irmesi ve Rus sermaye ve yat\u0131r\u0131mlar\u0131 i\u00e7in \u201cs\u0131\u011f\u0131nak olmay\u0131 b\u0131rakmas\u0131\u201d isteniyor.<\/p>\n<p>*Raporda Yunanistan ve K\u0131br\u0131s Cumhuriyeti ile \u201ctam dayan\u0131\u015fma\u201d mesaj\u0131 verilirken, Ankara\u2019ya da \u201cK\u0131br\u0131s\u2019ta iki devletli \u00e7\u00f6z\u00fcm \u00f6nerisinden vazge\u00e7\u201d mesaj\u0131 veriliyor.<\/p>\n<p>*Ankara\u2019ya bir kez daha \u201cErmeni soyk\u0131r\u0131m\u0131n\u0131 tan\u0131\u201d \u00e7a\u011fr\u0131s\u0131nda bulunulurken, Erivan ile Ankara aras\u0131ndaki son zamanlarda y\u00fcr\u00fct\u00fclen diyalo\u011fun olumlu g\u00f6r\u00fcld\u00fc\u011f\u00fc de belirtiliyor.<\/p>\n<p>*G\u00f6\u00e7 ve s\u0131\u011f\u0131nmac\u0131lar konusunda i\u015fbirli\u011finin devam\u0131n\u0131 savunan rapor, bu alanda Mart 2016\u2019da imzalanan siyasi deklarasyona iki taraf\u0131n da sayg\u0131 duymas\u0131n\u0131 istiyor ve T\u00fcrkiye\u2019ye y\u00f6nelik g\u00f6\u00e7 bask\u0131s\u0131n\u0131 anlad\u0131\u011f\u0131n\u0131 belirtmekle birlikte, T\u00fcrk h\u00fck\u00fcmetinden g\u00f6\u00e7menleri \u201csiyasi malzeme\u201d olarak kullanmamas\u0131n\u0131 istiyor.<\/p>\n<p>*Raporda Ankara\u2019n\u0131n, Yurtd\u0131\u015f\u0131 T\u00fcrkler ve Akraba Topluluklar Ba\u015fkanl\u0131\u011f\u0131 ve Diyanet arac\u0131l\u0131\u011f\u0131yla \u201cAB\u2019deki T\u00fcrk diasporas\u0131n\u0131 kontrol etmek istedi\u011fi\u201d de belirtiliyor.<\/p>\n<p>*T\u00fcrkiye\u2019nin \u201cAfrika, Balkanlar, Yak\u0131n Do\u011fu ve Kuzey Afrika\u2019da AB kar\u015f\u0131t\u0131 dezenformasyon yayd\u0131\u011f\u0131 \u015f\u00fcpheleri \u00fczerine AB D\u0131\u015f \u0130li\u015fkiler Dairesi Stratejik \u0130leti\u015fim biriminden konuyla ilgili dosya haz\u0131rlayarak AP\u2019ye sunmas\u0131\u201d talep ediliyor.<\/p>\n<p>Rapor 7 Haziran Sal\u0131 g\u00fcn\u00fc Avrupa Parlamentosu genel kurulunda oylamaya sunulacak.<\/p>\n<hr \/>\n<p><em><strong><a href=\"https:\/\/artigercek.com\/haberler\/ab-turkiye-raportoru-amor-hdp-kapatilirsa-ab-ye-katilim-sureci-sonlanabilir\" target=\"_blank\" rel=\"noopener noreferrer\">Art\u0131 Ger\u00e7ek<\/a>\u00a0<\/strong><\/em><\/p>\n","protected":false},"excerpt":{"rendered":"<p>T\u00fcrkiye raport\u00f6r\u00fc Nacho Sanchez-Amor, HDP\u2019nin kapat\u0131lmas\u0131 halinde T\u00fcrkiye\u2019nin AB\u2019ye kat\u0131l\u0131m s\u00fcrecinin devam edece\u011fini d\u00fc\u015f\u00fcnmedi\u011fini s\u00f6yledi. Avrupa Parlamentosu\u2019nun y\u0131ll\u0131k T\u00fcrkiye raporu oylama \u00f6ncesi d\u00fcn Strasbourg\u2019daki genel oturumda tart\u0131\u015f\u0131ld\u0131. T\u00fcrkiye raport\u00f6r\u00fc Nacho Sanchez-Amor, konu\u015fmas\u0131nda, HDP\u2019nin kapat\u0131lmas\u0131 halinde T\u00fcrkiye\u2019nin AB\u2019ye kat\u0131l\u0131m s\u00fcrecinin devam edece\u011fini d\u00fc\u015f\u00fcnmedi\u011fini s\u00f6yledi. T\u00fcrkiye\u2019de demokratik standartlardaki gerilemenin kas\u0131tl\u0131 \u015fekilde yap\u0131ld\u0131\u011f\u0131n\u0131 ileri s\u00fcren Amor, \u201cT\u00fcrkiye\u2019de insanlar [&hellip;]<\/p>\n","protected":false},"author":7,"featured_media":68911,"comment_status":"open","ping_status":"open","sticky":false,"template":"","format":"standard","meta":{"footnotes":""},"categories":[1],"tags":[],"class_list":["post-68910","post","type-post","status-publish","format-standard","has-post-thumbnail","hentry","category-haberler"],"yoast_head":"<!-- This site is optimized with the Yoast SEO plugin v27.4 - https:\/\/yoast.com\/product\/yoast-seo-wordpress\/ -->\n<title>AB T\u00fcrkiye raport\u00f6r\u00fc Amor: HDP kapat\u0131l\u0131rsa AB\u2019ye kat\u0131l\u0131m s\u00fcreci sonlanabilir - Bati Ermenistan Ve Bati Ermenileri Sorunlari Ara\u015ftirmalar Merkezi<\/title>\n<meta name=\"robots\" content=\"index, follow, max-snippet:-1, max-image-preview:large, max-video-preview:-1\" \/>\n<link rel=\"canonical\" href=\"https:\/\/akunq.net\/tr\/?p=68910\" \/>\n<meta property=\"og:locale\" content=\"en_US\" \/>\n<meta property=\"og:type\" content=\"article\" \/>\n<meta property=\"og:title\" content=\"AB T\u00fcrkiye raport\u00f6r\u00fc Amor: HDP kapat\u0131l\u0131rsa AB\u2019ye kat\u0131l\u0131m s\u00fcreci sonlanabilir - Bati Ermenistan Ve Bati Ermenileri Sorunlari Ara\u015ftirmalar Merkezi\" \/>\n<meta property=\"og:description\" content=\"T\u00fcrkiye raport\u00f6r\u00fc Nacho Sanchez-Amor, HDP\u2019nin kapat\u0131lmas\u0131 halinde T\u00fcrkiye\u2019nin AB\u2019ye kat\u0131l\u0131m s\u00fcrecinin devam edece\u011fini d\u00fc\u015f\u00fcnmedi\u011fini s\u00f6yledi. Avrupa Parlamentosu\u2019nun y\u0131ll\u0131k T\u00fcrkiye raporu oylama \u00f6ncesi d\u00fcn Strasbourg\u2019daki genel oturumda tart\u0131\u015f\u0131ld\u0131. T\u00fcrkiye raport\u00f6r\u00fc Nacho Sanchez-Amor, konu\u015fmas\u0131nda, HDP\u2019nin kapat\u0131lmas\u0131 halinde T\u00fcrkiye\u2019nin AB\u2019ye kat\u0131l\u0131m s\u00fcrecinin devam edece\u011fini d\u00fc\u015f\u00fcnmedi\u011fini s\u00f6yledi. T\u00fcrkiye\u2019de demokratik standartlardaki gerilemenin kas\u0131tl\u0131 \u015fekilde yap\u0131ld\u0131\u011f\u0131n\u0131 ileri s\u00fcren Amor, \u201cT\u00fcrkiye\u2019de insanlar [&hellip;]\" \/>\n<meta property=\"og:url\" content=\"https:\/\/akunq.net\/tr\/?p=68910\" \/>\n<meta property=\"og:site_name\" content=\"Bati Ermenistan Ve Bati Ermenileri Sorunlari Ara\u015ftirmalar Merkezi\" \/>\n<meta property=\"article:published_time\" content=\"2022-06-08T06:40:37+00:00\" \/>\n<meta property=\"og:image\" content=\"https:\/\/akunq.net\/tr\/wp-content\/uploads\/sites\/6\/2022\/06\/Nacho-Sanchez-Amor.jpeg\" \/>\n\t<meta property=\"og:image:width\" content=\"800\" \/>\n\t<meta property=\"og:image:height\" content=\"463\" \/>\n\t<meta property=\"og:image:type\" content=\"image\/jpeg\" \/>\n<meta name=\"author\" content=\"admin\" \/>\n<meta name=\"twitter:card\" content=\"summary_large_image\" \/>\n<meta name=\"twitter:label1\" content=\"Written by\" \/>\n\t<meta name=\"twitter:data1\" content=\"admin\" \/>\n\t<meta name=\"twitter:label2\" content=\"Est. reading time\" \/>\n\t<meta name=\"twitter:data2\" content=\"5 minutes\" \/>\n<script type=\"application\/ld+json\" class=\"yoast-schema-graph\">{\"@context\":\"https:\\\/\\\/schema.org\",\"@graph\":[{\"@type\":\"Article\",\"@id\":\"https:\\\/\\\/akunq.net\\\/tr\\\/?p=68910#article\",\"isPartOf\":{\"@id\":\"https:\\\/\\\/akunq.net\\\/tr\\\/?p=68910\"},\"author\":{\"name\":\"admin\",\"@id\":\"https:\\\/\\\/akunq.net\\\/tr\\\/#\\\/schema\\\/person\\\/096f1d38a12cce57fb855b485ed24c9e\"},\"headline\":\"AB T\u00fcrkiye raport\u00f6r\u00fc Amor: HDP kapat\u0131l\u0131rsa AB\u2019ye kat\u0131l\u0131m s\u00fcreci sonlanabilir\",\"datePublished\":\"2022-06-08T06:40:37+00:00\",\"mainEntityOfPage\":{\"@id\":\"https:\\\/\\\/akunq.net\\\/tr\\\/?p=68910\"},\"wordCount\":945,\"commentCount\":0,\"image\":{\"@id\":\"https:\\\/\\\/akunq.net\\\/tr\\\/?p=68910#primaryimage\"},\"thumbnailUrl\":\"https:\\\/\\\/akunq.net\\\/tr\\\/wp-content\\\/uploads\\\/sites\\\/6\\\/2022\\\/06\\\/Nacho-Sanchez-Amor.jpeg\",\"articleSection\":[\"Haberler\"],\"inLanguage\":\"en-US\",\"potentialAction\":[{\"@type\":\"CommentAction\",\"name\":\"Comment\",\"target\":[\"https:\\\/\\\/akunq.net\\\/tr\\\/?p=68910#respond\"]}]},{\"@type\":\"WebPage\",\"@id\":\"https:\\\/\\\/akunq.net\\\/tr\\\/?p=68910\",\"url\":\"https:\\\/\\\/akunq.net\\\/tr\\\/?p=68910\",\"name\":\"AB T\u00fcrkiye raport\u00f6r\u00fc Amor: HDP kapat\u0131l\u0131rsa AB\u2019ye kat\u0131l\u0131m s\u00fcreci sonlanabilir - Bati Ermenistan Ve Bati Ermenileri Sorunlari Ara\u015ftirmalar Merkezi\",\"isPartOf\":{\"@id\":\"https:\\\/\\\/akunq.net\\\/tr\\\/#website\"},\"primaryImageOfPage\":{\"@id\":\"https:\\\/\\\/akunq.net\\\/tr\\\/?p=68910#primaryimage\"},\"image\":{\"@id\":\"https:\\\/\\\/akunq.net\\\/tr\\\/?p=68910#primaryimage\"},\"thumbnailUrl\":\"https:\\\/\\\/akunq.net\\\/tr\\\/wp-content\\\/uploads\\\/sites\\\/6\\\/2022\\\/06\\\/Nacho-Sanchez-Amor.jpeg\",\"datePublished\":\"2022-06-08T06:40:37+00:00\",\"author\":{\"@id\":\"https:\\\/\\\/akunq.net\\\/tr\\\/#\\\/schema\\\/person\\\/096f1d38a12cce57fb855b485ed24c9e\"},\"breadcrumb\":{\"@id\":\"https:\\\/\\\/akunq.net\\\/tr\\\/?p=68910#breadcrumb\"},\"inLanguage\":\"en-US\",\"potentialAction\":[{\"@type\":\"ReadAction\",\"target\":[\"https:\\\/\\\/akunq.net\\\/tr\\\/?p=68910\"]}]},{\"@type\":\"ImageObject\",\"inLanguage\":\"en-US\",\"@id\":\"https:\\\/\\\/akunq.net\\\/tr\\\/?p=68910#primaryimage\",\"url\":\"https:\\\/\\\/akunq.net\\\/tr\\\/wp-content\\\/uploads\\\/sites\\\/6\\\/2022\\\/06\\\/Nacho-Sanchez-Amor.jpeg\",\"contentUrl\":\"https:\\\/\\\/akunq.net\\\/tr\\\/wp-content\\\/uploads\\\/sites\\\/6\\\/2022\\\/06\\\/Nacho-Sanchez-Amor.jpeg\",\"width\":800,\"height\":463},{\"@type\":\"BreadcrumbList\",\"@id\":\"https:\\\/\\\/akunq.net\\\/tr\\\/?p=68910#breadcrumb\",\"itemListElement\":[{\"@type\":\"ListItem\",\"position\":1,\"name\":\"Home\",\"item\":\"https:\\\/\\\/akunq.net\\\/tr\"},{\"@type\":\"ListItem\",\"position\":2,\"name\":\"AB T\u00fcrkiye raport\u00f6r\u00fc Amor: HDP kapat\u0131l\u0131rsa AB\u2019ye kat\u0131l\u0131m s\u00fcreci sonlanabilir\"}]},{\"@type\":\"WebSite\",\"@id\":\"https:\\\/\\\/akunq.net\\\/tr\\\/#website\",\"url\":\"https:\\\/\\\/akunq.net\\\/tr\\\/\",\"name\":\"Bati Ermenistan Ve Bati Ermenileri Sorunlari Ara\u015ftirmalar Merkezi\",\"description\":\"\",\"potentialAction\":[{\"@type\":\"SearchAction\",\"target\":{\"@type\":\"EntryPoint\",\"urlTemplate\":\"https:\\\/\\\/akunq.net\\\/tr\\\/?s={search_term_string}\"},\"query-input\":{\"@type\":\"PropertyValueSpecification\",\"valueRequired\":true,\"valueName\":\"search_term_string\"}}],\"inLanguage\":\"en-US\"},{\"@type\":\"Person\",\"@id\":\"https:\\\/\\\/akunq.net\\\/tr\\\/#\\\/schema\\\/person\\\/096f1d38a12cce57fb855b485ed24c9e\",\"name\":\"admin\",\"url\":\"https:\\\/\\\/akunq.net\\\/tr\\\/?author=7\"}]}<\/script>\n<!-- \/ Yoast SEO plugin. -->","yoast_head_json":{"title":"AB T\u00fcrkiye raport\u00f6r\u00fc Amor: HDP kapat\u0131l\u0131rsa AB\u2019ye kat\u0131l\u0131m s\u00fcreci sonlanabilir - Bati Ermenistan Ve Bati Ermenileri Sorunlari Ara\u015ftirmalar Merkezi","robots":{"index":"index","follow":"follow","max-snippet":"max-snippet:-1","max-image-preview":"max-image-preview:large","max-video-preview":"max-video-preview:-1"},"canonical":"https:\/\/akunq.net\/tr\/?p=68910","og_locale":"en_US","og_type":"article","og_title":"AB T\u00fcrkiye raport\u00f6r\u00fc Amor: HDP kapat\u0131l\u0131rsa AB\u2019ye kat\u0131l\u0131m s\u00fcreci sonlanabilir - Bati Ermenistan Ve Bati Ermenileri Sorunlari Ara\u015ftirmalar Merkezi","og_description":"T\u00fcrkiye raport\u00f6r\u00fc Nacho Sanchez-Amor, HDP\u2019nin kapat\u0131lmas\u0131 halinde T\u00fcrkiye\u2019nin AB\u2019ye kat\u0131l\u0131m s\u00fcrecinin devam edece\u011fini d\u00fc\u015f\u00fcnmedi\u011fini s\u00f6yledi. Avrupa Parlamentosu\u2019nun y\u0131ll\u0131k T\u00fcrkiye raporu oylama \u00f6ncesi d\u00fcn Strasbourg\u2019daki genel oturumda tart\u0131\u015f\u0131ld\u0131. T\u00fcrkiye raport\u00f6r\u00fc Nacho Sanchez-Amor, konu\u015fmas\u0131nda, HDP\u2019nin kapat\u0131lmas\u0131 halinde T\u00fcrkiye\u2019nin AB\u2019ye kat\u0131l\u0131m s\u00fcrecinin devam edece\u011fini d\u00fc\u015f\u00fcnmedi\u011fini s\u00f6yledi. T\u00fcrkiye\u2019de demokratik standartlardaki gerilemenin kas\u0131tl\u0131 \u015fekilde yap\u0131ld\u0131\u011f\u0131n\u0131 ileri s\u00fcren Amor, \u201cT\u00fcrkiye\u2019de insanlar [&hellip;]","og_url":"https:\/\/akunq.net\/tr\/?p=68910","og_site_name":"Bati Ermenistan Ve Bati Ermenileri Sorunlari Ara\u015ftirmalar Merkezi","article_published_time":"2022-06-08T06:40:37+00:00","og_image":[{"width":800,"height":463,"url":"https:\/\/akunq.net\/tr\/wp-content\/uploads\/sites\/6\/2022\/06\/Nacho-Sanchez-Amor.jpeg","type":"image\/jpeg"}],"author":"admin","twitter_card":"summary_large_image","twitter_misc":{"Written by":"admin","Est. reading time":"5 minutes"},"schema":{"@context":"https:\/\/schema.org","@graph":[{"@type":"Article","@id":"https:\/\/akunq.net\/tr\/?p=68910#article","isPartOf":{"@id":"https:\/\/akunq.net\/tr\/?p=68910"},"author":{"name":"admin","@id":"https:\/\/akunq.net\/tr\/#\/schema\/person\/096f1d38a12cce57fb855b485ed24c9e"},"headline":"AB T\u00fcrkiye raport\u00f6r\u00fc Amor: HDP kapat\u0131l\u0131rsa AB\u2019ye kat\u0131l\u0131m s\u00fcreci sonlanabilir","datePublished":"2022-06-08T06:40:37+00:00","mainEntityOfPage":{"@id":"https:\/\/akunq.net\/tr\/?p=68910"},"wordCount":945,"commentCount":0,"image":{"@id":"https:\/\/akunq.net\/tr\/?p=68910#primaryimage"},"thumbnailUrl":"https:\/\/akunq.net\/tr\/wp-content\/uploads\/sites\/6\/2022\/06\/Nacho-Sanchez-Amor.jpeg","articleSection":["Haberler"],"inLanguage":"en-US","potentialAction":[{"@type":"CommentAction","name":"Comment","target":["https:\/\/akunq.net\/tr\/?p=68910#respond"]}]},{"@type":"WebPage","@id":"https:\/\/akunq.net\/tr\/?p=68910","url":"https:\/\/akunq.net\/tr\/?p=68910","name":"AB T\u00fcrkiye raport\u00f6r\u00fc Amor: HDP kapat\u0131l\u0131rsa AB\u2019ye kat\u0131l\u0131m s\u00fcreci sonlanabilir - Bati Ermenistan Ve Bati Ermenileri Sorunlari Ara\u015ftirmalar Merkezi","isPartOf":{"@id":"https:\/\/akunq.net\/tr\/#website"},"primaryImageOfPage":{"@id":"https:\/\/akunq.net\/tr\/?p=68910#primaryimage"},"image":{"@id":"https:\/\/akunq.net\/tr\/?p=68910#primaryimage"},"thumbnailUrl":"https:\/\/akunq.net\/tr\/wp-content\/uploads\/sites\/6\/2022\/06\/Nacho-Sanchez-Amor.jpeg","datePublished":"2022-06-08T06:40:37+00:00","author":{"@id":"https:\/\/akunq.net\/tr\/#\/schema\/person\/096f1d38a12cce57fb855b485ed24c9e"},"breadcrumb":{"@id":"https:\/\/akunq.net\/tr\/?p=68910#breadcrumb"},"inLanguage":"en-US","potentialAction":[{"@type":"ReadAction","target":["https:\/\/akunq.net\/tr\/?p=68910"]}]},{"@type":"ImageObject","inLanguage":"en-US","@id":"https:\/\/akunq.net\/tr\/?p=68910#primaryimage","url":"https:\/\/akunq.net\/tr\/wp-content\/uploads\/sites\/6\/2022\/06\/Nacho-Sanchez-Amor.jpeg","contentUrl":"https:\/\/akunq.net\/tr\/wp-content\/uploads\/sites\/6\/2022\/06\/Nacho-Sanchez-Amor.jpeg","width":800,"height":463},{"@type":"BreadcrumbList","@id":"https:\/\/akunq.net\/tr\/?p=68910#breadcrumb","itemListElement":[{"@type":"ListItem","position":1,"name":"Home","item":"https:\/\/akunq.net\/tr"},{"@type":"ListItem","position":2,"name":"AB T\u00fcrkiye raport\u00f6r\u00fc Amor: HDP kapat\u0131l\u0131rsa AB\u2019ye kat\u0131l\u0131m s\u00fcreci sonlanabilir"}]},{"@type":"WebSite","@id":"https:\/\/akunq.net\/tr\/#website","url":"https:\/\/akunq.net\/tr\/","name":"Bati Ermenistan Ve Bati Ermenileri Sorunlari Ara\u015ftirmalar Merkezi","description":"","potentialAction":[{"@type":"SearchAction","target":{"@type":"EntryPoint","urlTemplate":"https:\/\/akunq.net\/tr\/?s={search_term_string}"},"query-input":{"@type":"PropertyValueSpecification","valueRequired":true,"valueName":"search_term_string"}}],"inLanguage":"en-US"},{"@type":"Person","@id":"https:\/\/akunq.net\/tr\/#\/schema\/person\/096f1d38a12cce57fb855b485ed24c9e","name":"admin","url":"https:\/\/akunq.net\/tr\/?author=7"}]}},"_links":{"self":[{"href":"https:\/\/akunq.net\/tr\/index.php?rest_route=\/wp\/v2\/posts\/68910","targetHints":{"allow":["GET"]}}],"collection":[{"href":"https:\/\/akunq.net\/tr\/index.php?rest_route=\/wp\/v2\/posts"}],"about":[{"href":"https:\/\/akunq.net\/tr\/index.php?rest_route=\/wp\/v2\/types\/post"}],"author":[{"embeddable":true,"href":"https:\/\/akunq.net\/tr\/index.php?rest_route=\/wp\/v2\/users\/7"}],"replies":[{"embeddable":true,"href":"https:\/\/akunq.net\/tr\/index.php?rest_route=%2Fwp%2Fv2%2Fcomments&post=68910"}],"version-history":[{"count":1,"href":"https:\/\/akunq.net\/tr\/index.php?rest_route=\/wp\/v2\/posts\/68910\/revisions"}],"predecessor-version":[{"id":68912,"href":"https:\/\/akunq.net\/tr\/index.php?rest_route=\/wp\/v2\/posts\/68910\/revisions\/68912"}],"wp:featuredmedia":[{"embeddable":true,"href":"https:\/\/akunq.net\/tr\/index.php?rest_route=\/wp\/v2\/media\/68911"}],"wp:attachment":[{"href":"https:\/\/akunq.net\/tr\/index.php?rest_route=%2Fwp%2Fv2%2Fmedia&parent=68910"}],"wp:term":[{"taxonomy":"category","embeddable":true,"href":"https:\/\/akunq.net\/tr\/index.php?rest_route=%2Fwp%2Fv2%2Fcategories&post=68910"},{"taxonomy":"post_tag","embeddable":true,"href":"https:\/\/akunq.net\/tr\/index.php?rest_route=%2Fwp%2Fv2%2Ftags&post=68910"}],"curies":[{"name":"wp","href":"https:\/\/api.w.org\/{rel}","templated":true}]}}