{"id":68901,"date":"2022-06-08T01:19:17","date_gmt":"2022-06-08T06:19:17","guid":{"rendered":"https:\/\/akunq.net\/tr\/?p=68901"},"modified":"2022-06-08T01:19:17","modified_gmt":"2022-06-08T06:19:17","slug":"sumelada-diskovari-eglence-sorusturmasinda-mudur-gorevden-alindi","status":"publish","type":"post","link":"https:\/\/akunq.net\/tr\/?p=68901","title":{"rendered":"S\u00fcmela\u2019da \u2018diskovari\u2019 e\u011flence soru\u015fturmas\u0131nda \u2018m\u00fcd\u00fcr\u2019 g\u00f6revden al\u0131nd\u0131"},"content":{"rendered":"<p><img loading=\"lazy\" decoding=\"async\" class=\"aligncenter size-medium wp-image-68902\" src=\"https:\/\/akunq.net\/tr\/wp-content\/uploads\/2022\/06\/Sumela-1-360x252.jpg\" alt=\"\" width=\"360\" height=\"252\" srcset=\"https:\/\/akunq.net\/tr\/wp-content\/uploads\/sites\/6\/2022\/06\/Sumela-1-360x252.jpg 360w, https:\/\/akunq.net\/tr\/wp-content\/uploads\/sites\/6\/2022\/06\/Sumela-1-768x539.jpg 768w, https:\/\/akunq.net\/tr\/wp-content\/uploads\/sites\/6\/2022\/06\/Sumela-1-560x393.jpg 560w, https:\/\/akunq.net\/tr\/wp-content\/uploads\/sites\/6\/2022\/06\/Sumela-1-260x182.jpg 260w, https:\/\/akunq.net\/tr\/wp-content\/uploads\/sites\/6\/2022\/06\/Sumela-1-160x112.jpg 160w, https:\/\/akunq.net\/tr\/wp-content\/uploads\/sites\/6\/2022\/06\/Sumela-1.jpg 770w\" sizes=\"auto, (max-width: 360px) 100vw, 360px\" \/><\/p>\n<p><em><strong>Trabzon\u2019da ge\u00e7en \u015fubat ay\u0131nda restorasyon i\u00e7in ziyarete kapal\u0131 olan S\u00fcmela Manast\u0131r\u0131\u2019nda, DJ\u2019lerin klip \u00e7ekimi s\u0131ras\u0131nda \u00e7al\u0131nan elektronik m\u00fczi\u011fe ekibin danslarla e\u015flik etti\u011fi anlara ait ortaya \u00e7\u0131kan g\u00f6r\u00fcnt\u00fcler \u00fczerine K\u00fclt\u00fcr ve Turizm Bakanl\u0131\u011f\u0131\u2019nca ba\u015flat\u0131lan soru\u015fturmada, \u0130l K\u00fclt\u00fcr ve Turizm M\u00fcd\u00fcr\u00fc Vekili Mustafa Asan g\u00f6revden al\u0131nd\u0131.<\/strong><\/em><\/p>\n<p>Trabzon\u2019da ge\u00e7en \u015fubat ay\u0131nda restorasyon i\u00e7in ziyarete kapal\u0131 olan S\u00fcmela Manast\u0131r\u0131\u2019nda, DJ\u2019lerin klip \u00e7ekimi s\u0131ras\u0131nda \u00e7al\u0131nan elektronik m\u00fczi\u011fe ekibin danslarla e\u015flik etti\u011fi anlara ait ortaya \u00e7\u0131kan g\u00f6r\u00fcnt\u00fcler \u00fczerine K\u00fclt\u00fcr ve Turizm Bakanl\u0131\u011f\u0131\u2019nca ba\u015flat\u0131lan soru\u015fturmada, \u0130l K\u00fclt\u00fcr ve Turizm M\u00fcd\u00fcr\u00fc Vekili Mustafa Asan g\u00f6revden al\u0131nd\u0131.<\/p>\n<p>T\u00fcrkiye\u2019nin \u00f6nemli tarihi, turistik ve inan\u00e7 mekanlar\u0131ndan olan, yerli ve yabanc\u0131 binlerce turistin ziyaret etti\u011fi, UNESCO D\u00fcnya Miras Ge\u00e7ici Listesi\u2019nde yer alan Trabzon\u2019un Ma\u00e7ka il\u00e7esi Karada\u011f eteklerindeki S\u00fcmela Manast\u0131r\u0131, \u00e7evre d\u00fczenlemesi, kayal\u0131klar\u0131n jeolojik ve jeoteknik bak\u0131mdan ara\u015ft\u0131r\u0131larak g\u00fc\u00e7lendirilmesi projesi kapsam\u0131nda ziyarete kapat\u0131ld\u0131. Restorasyon \u00e7al\u0131\u015fmalar\u0131n\u0131n s\u00fcrd\u00fc\u011f\u00fc manast\u0131ra, \u015fubat ay\u0131nda Valilik ile \u0130l K\u00fclt\u00fcr ve Turizm M\u00fcd\u00fcrl\u00fc\u011f\u00fc\u2019nden al\u0131nan \u00f6zel izinle giren proje sahibi organizat\u00f6r DJ Ahmet \u015eenterzi ile meslekta\u015flar\u0131 Volkan G\u00fcnd\u00fcz ve Cengiz Can Atasoy, 30 ki\u015filik ekiple tan\u0131t\u0131m klibi \u00e7ekti. Manast\u0131r alan\u0131na ses ve m\u00fczik sistemleri kurulup kameralar\u0131n yerle\u015ftirildi\u011fi \u00e7ekimlerde \u00e7al\u0131nan elektronik m\u00fczi\u011fe ekibin danslarla e\u015flik etti\u011fi anlara ait g\u00f6r\u00fcnt\u00fclerin ortaya \u00e7\u0131kmas\u0131 tepki ald\u0131.<\/p>\n<p><strong>M\u00dcFETT\u0130\u015eLER \u0130NCELEME BA\u015eLATMI\u015eTI<\/strong><\/p>\n<p>Klip \u00e7ekimine izin veren Valilik ve \u0130l K\u00fclt\u00fcr ve Turizm M\u00fcd\u00fcrl\u00fc\u011f\u00fc yetkilileri hakk\u0131nda, K\u00fclt\u00fcr ve Turizm Bakanl\u0131\u011f\u0131\u2019nca soru\u015fturma ba\u015flat\u0131ld\u0131. Bakanl\u0131k izni olmadan ger\u00e7ekle\u015ftirilen \u00e7ekimle ilgili g\u00f6revlendirilen m\u00fcfetti\u015fler kente gelerek inceleme yapt\u0131.<\/p>\n<p>Klip \u00e7ekimi i\u00e7in sunulan ba\u015fvuru dosyas\u0131nda Fransa\u2019da Bernay Manast\u0131r\u0131, M\u0131s\u0131r Piramitleri, T\u00fcrkiye\u2019de ise Kapadokya, Nemrut ve G\u00f6bekli Tepe\u2019de \u00e7ekilen benzer klipleri \u00f6rnek g\u00f6steren ekibin, o d\u00f6nem g\u00f6rev nedeniyle \u0130spanya\u2019da bulunan \u0130l K\u00fclt\u00fcr ve Turizm M\u00fcd\u00fcr\u00fc Vekili Mustafa Asan\u2019\u0131n yerine vekalet eden m\u00fcd\u00fcr yard\u0131mc\u0131s\u0131n\u0131n \u2018uygun\u2019 g\u00f6r\u00fc\u015f\u00fc sonras\u0131 ilgili vali yard\u0131mc\u0131s\u0131n\u0131n onay\u0131 ile talep bakanl\u0131\u011fa iletilmeden izin verildi\u011fi ortaya \u00e7\u0131kt\u0131. \u0130zinle manast\u0131ra giren ekibin klip \u00e7ekimi aralar\u0131nda molalarda \u00e7alan elektronik m\u00fczikle dans ederek e\u011flendikleri, bu anlar\u0131 da cep telefonu kameras\u0131yla kayda ald\u0131klar\u0131 belirlenirken, g\u00f6r\u00fcnt\u00fcleri sosyal medyada kimin payla\u015ft\u0131\u011f\u0131 ise \u00f6\u011frenilemedi.<\/p>\n<p>Bakanl\u0131\u011f\u0131n soru\u015fturmas\u0131 sonunda S\u00fcmela\u2019da klip \u00e7ekildi\u011fi d\u00f6nemde g\u00f6revlendirme nedeniyle \u0130spanya\u2019da bulunan Trabzon \u0130l K\u00fclt\u00fcr ve Turizm M\u00fcd\u00fcr Vekili Mustafa Asan g\u00f6revden al\u0131nd\u0131. Asan\u2019\u0131n bakanl\u0131k onay\u0131 olmadan manast\u0131rda \u00e7ekim izni verdi\u011fi gerek\u00e7esiyle g\u00f6revden al\u0131nd\u0131\u011f\u0131 \u00f6\u011frenildi.<\/p>\n<hr \/>\n<p><em><strong><a href=\"https:\/\/www.cumhuriyet.com.tr\/turkiye\/sumelada-diskovari-eglence-sorusturmasinda-mudur-gorevden-alindi-1944719\" target=\"_blank\" rel=\"noopener noreferrer\">Cumhuriyet Gazetesi<\/a>\u00a0<\/strong><\/em><\/p>\n","protected":false},"excerpt":{"rendered":"<p>Trabzon\u2019da ge\u00e7en \u015fubat ay\u0131nda restorasyon i\u00e7in ziyarete kapal\u0131 olan S\u00fcmela Manast\u0131r\u0131\u2019nda, DJ\u2019lerin klip \u00e7ekimi s\u0131ras\u0131nda \u00e7al\u0131nan elektronik m\u00fczi\u011fe ekibin danslarla e\u015flik etti\u011fi anlara ait ortaya \u00e7\u0131kan g\u00f6r\u00fcnt\u00fcler \u00fczerine K\u00fclt\u00fcr ve Turizm Bakanl\u0131\u011f\u0131\u2019nca ba\u015flat\u0131lan soru\u015fturmada, \u0130l K\u00fclt\u00fcr ve Turizm M\u00fcd\u00fcr\u00fc Vekili Mustafa Asan g\u00f6revden al\u0131nd\u0131. Trabzon\u2019da ge\u00e7en \u015fubat ay\u0131nda restorasyon i\u00e7in ziyarete kapal\u0131 olan S\u00fcmela Manast\u0131r\u0131\u2019nda, [&hellip;]<\/p>\n","protected":false},"author":7,"featured_media":68902,"comment_status":"open","ping_status":"open","sticky":false,"template":"","format":"standard","meta":{"footnotes":""},"categories":[1],"tags":[],"class_list":["post-68901","post","type-post","status-publish","format-standard","has-post-thumbnail","hentry","category-haberler"],"yoast_head":"<!-- This site is optimized with the Yoast SEO plugin v27.4 - https:\/\/yoast.com\/product\/yoast-seo-wordpress\/ -->\n<title>S\u00fcmela\u2019da \u2018diskovari\u2019 e\u011flence soru\u015fturmas\u0131nda \u2018m\u00fcd\u00fcr\u2019 g\u00f6revden al\u0131nd\u0131 - Bati Ermenistan Ve Bati Ermenileri Sorunlari Ara\u015ftirmalar Merkezi<\/title>\n<meta name=\"robots\" content=\"index, follow, max-snippet:-1, max-image-preview:large, max-video-preview:-1\" \/>\n<link rel=\"canonical\" href=\"https:\/\/akunq.net\/tr\/?p=68901\" \/>\n<meta property=\"og:locale\" content=\"en_US\" \/>\n<meta property=\"og:type\" content=\"article\" \/>\n<meta property=\"og:title\" content=\"S\u00fcmela\u2019da \u2018diskovari\u2019 e\u011flence soru\u015fturmas\u0131nda \u2018m\u00fcd\u00fcr\u2019 g\u00f6revden al\u0131nd\u0131 - Bati Ermenistan Ve Bati Ermenileri Sorunlari Ara\u015ftirmalar Merkezi\" \/>\n<meta property=\"og:description\" content=\"Trabzon\u2019da ge\u00e7en \u015fubat ay\u0131nda restorasyon i\u00e7in ziyarete kapal\u0131 olan S\u00fcmela Manast\u0131r\u0131\u2019nda, DJ\u2019lerin klip \u00e7ekimi s\u0131ras\u0131nda \u00e7al\u0131nan elektronik m\u00fczi\u011fe ekibin danslarla e\u015flik etti\u011fi anlara ait ortaya \u00e7\u0131kan g\u00f6r\u00fcnt\u00fcler \u00fczerine K\u00fclt\u00fcr ve Turizm Bakanl\u0131\u011f\u0131\u2019nca ba\u015flat\u0131lan soru\u015fturmada, \u0130l K\u00fclt\u00fcr ve Turizm M\u00fcd\u00fcr\u00fc Vekili Mustafa Asan g\u00f6revden al\u0131nd\u0131. Trabzon\u2019da ge\u00e7en \u015fubat ay\u0131nda restorasyon i\u00e7in ziyarete kapal\u0131 olan S\u00fcmela Manast\u0131r\u0131\u2019nda, [&hellip;]\" \/>\n<meta property=\"og:url\" content=\"https:\/\/akunq.net\/tr\/?p=68901\" \/>\n<meta property=\"og:site_name\" content=\"Bati Ermenistan Ve Bati Ermenileri Sorunlari Ara\u015ftirmalar Merkezi\" \/>\n<meta property=\"article:published_time\" content=\"2022-06-08T06:19:17+00:00\" \/>\n<meta property=\"og:image\" content=\"https:\/\/akunq.net\/tr\/wp-content\/uploads\/sites\/6\/2022\/06\/Sumela-1.jpg\" \/>\n\t<meta property=\"og:image:width\" content=\"770\" \/>\n\t<meta property=\"og:image:height\" content=\"540\" \/>\n\t<meta property=\"og:image:type\" content=\"image\/jpeg\" \/>\n<meta name=\"author\" content=\"admin\" \/>\n<meta name=\"twitter:card\" content=\"summary_large_image\" \/>\n<meta name=\"twitter:label1\" content=\"Written by\" \/>\n\t<meta name=\"twitter:data1\" content=\"admin\" \/>\n\t<meta name=\"twitter:label2\" content=\"Est. reading time\" \/>\n\t<meta name=\"twitter:data2\" content=\"3 minutes\" \/>\n<script type=\"application\/ld+json\" class=\"yoast-schema-graph\">{\"@context\":\"https:\\\/\\\/schema.org\",\"@graph\":[{\"@type\":\"Article\",\"@id\":\"https:\\\/\\\/akunq.net\\\/tr\\\/?p=68901#article\",\"isPartOf\":{\"@id\":\"https:\\\/\\\/akunq.net\\\/tr\\\/?p=68901\"},\"author\":{\"name\":\"admin\",\"@id\":\"https:\\\/\\\/akunq.net\\\/tr\\\/#\\\/schema\\\/person\\\/096f1d38a12cce57fb855b485ed24c9e\"},\"headline\":\"S\u00fcmela\u2019da \u2018diskovari\u2019 e\u011flence soru\u015fturmas\u0131nda \u2018m\u00fcd\u00fcr\u2019 g\u00f6revden al\u0131nd\u0131\",\"datePublished\":\"2022-06-08T06:19:17+00:00\",\"mainEntityOfPage\":{\"@id\":\"https:\\\/\\\/akunq.net\\\/tr\\\/?p=68901\"},\"wordCount\":564,\"commentCount\":0,\"image\":{\"@id\":\"https:\\\/\\\/akunq.net\\\/tr\\\/?p=68901#primaryimage\"},\"thumbnailUrl\":\"https:\\\/\\\/akunq.net\\\/tr\\\/wp-content\\\/uploads\\\/sites\\\/6\\\/2022\\\/06\\\/Sumela-1.jpg\",\"articleSection\":[\"Haberler\"],\"inLanguage\":\"en-US\",\"potentialAction\":[{\"@type\":\"CommentAction\",\"name\":\"Comment\",\"target\":[\"https:\\\/\\\/akunq.net\\\/tr\\\/?p=68901#respond\"]}]},{\"@type\":\"WebPage\",\"@id\":\"https:\\\/\\\/akunq.net\\\/tr\\\/?p=68901\",\"url\":\"https:\\\/\\\/akunq.net\\\/tr\\\/?p=68901\",\"name\":\"S\u00fcmela\u2019da \u2018diskovari\u2019 e\u011flence soru\u015fturmas\u0131nda \u2018m\u00fcd\u00fcr\u2019 g\u00f6revden al\u0131nd\u0131 - Bati Ermenistan Ve Bati Ermenileri Sorunlari Ara\u015ftirmalar Merkezi\",\"isPartOf\":{\"@id\":\"https:\\\/\\\/akunq.net\\\/tr\\\/#website\"},\"primaryImageOfPage\":{\"@id\":\"https:\\\/\\\/akunq.net\\\/tr\\\/?p=68901#primaryimage\"},\"image\":{\"@id\":\"https:\\\/\\\/akunq.net\\\/tr\\\/?p=68901#primaryimage\"},\"thumbnailUrl\":\"https:\\\/\\\/akunq.net\\\/tr\\\/wp-content\\\/uploads\\\/sites\\\/6\\\/2022\\\/06\\\/Sumela-1.jpg\",\"datePublished\":\"2022-06-08T06:19:17+00:00\",\"author\":{\"@id\":\"https:\\\/\\\/akunq.net\\\/tr\\\/#\\\/schema\\\/person\\\/096f1d38a12cce57fb855b485ed24c9e\"},\"breadcrumb\":{\"@id\":\"https:\\\/\\\/akunq.net\\\/tr\\\/?p=68901#breadcrumb\"},\"inLanguage\":\"en-US\",\"potentialAction\":[{\"@type\":\"ReadAction\",\"target\":[\"https:\\\/\\\/akunq.net\\\/tr\\\/?p=68901\"]}]},{\"@type\":\"ImageObject\",\"inLanguage\":\"en-US\",\"@id\":\"https:\\\/\\\/akunq.net\\\/tr\\\/?p=68901#primaryimage\",\"url\":\"https:\\\/\\\/akunq.net\\\/tr\\\/wp-content\\\/uploads\\\/sites\\\/6\\\/2022\\\/06\\\/Sumela-1.jpg\",\"contentUrl\":\"https:\\\/\\\/akunq.net\\\/tr\\\/wp-content\\\/uploads\\\/sites\\\/6\\\/2022\\\/06\\\/Sumela-1.jpg\",\"width\":770,\"height\":540},{\"@type\":\"BreadcrumbList\",\"@id\":\"https:\\\/\\\/akunq.net\\\/tr\\\/?p=68901#breadcrumb\",\"itemListElement\":[{\"@type\":\"ListItem\",\"position\":1,\"name\":\"Home\",\"item\":\"https:\\\/\\\/akunq.net\\\/tr\"},{\"@type\":\"ListItem\",\"position\":2,\"name\":\"S\u00fcmela\u2019da \u2018diskovari\u2019 e\u011flence soru\u015fturmas\u0131nda \u2018m\u00fcd\u00fcr\u2019 g\u00f6revden al\u0131nd\u0131\"}]},{\"@type\":\"WebSite\",\"@id\":\"https:\\\/\\\/akunq.net\\\/tr\\\/#website\",\"url\":\"https:\\\/\\\/akunq.net\\\/tr\\\/\",\"name\":\"Bati Ermenistan Ve Bati Ermenileri Sorunlari Ara\u015ftirmalar Merkezi\",\"description\":\"\",\"potentialAction\":[{\"@type\":\"SearchAction\",\"target\":{\"@type\":\"EntryPoint\",\"urlTemplate\":\"https:\\\/\\\/akunq.net\\\/tr\\\/?s={search_term_string}\"},\"query-input\":{\"@type\":\"PropertyValueSpecification\",\"valueRequired\":true,\"valueName\":\"search_term_string\"}}],\"inLanguage\":\"en-US\"},{\"@type\":\"Person\",\"@id\":\"https:\\\/\\\/akunq.net\\\/tr\\\/#\\\/schema\\\/person\\\/096f1d38a12cce57fb855b485ed24c9e\",\"name\":\"admin\",\"url\":\"https:\\\/\\\/akunq.net\\\/tr\\\/?author=7\"}]}<\/script>\n<!-- \/ Yoast SEO plugin. -->","yoast_head_json":{"title":"S\u00fcmela\u2019da \u2018diskovari\u2019 e\u011flence soru\u015fturmas\u0131nda \u2018m\u00fcd\u00fcr\u2019 g\u00f6revden al\u0131nd\u0131 - Bati Ermenistan Ve Bati Ermenileri Sorunlari Ara\u015ftirmalar Merkezi","robots":{"index":"index","follow":"follow","max-snippet":"max-snippet:-1","max-image-preview":"max-image-preview:large","max-video-preview":"max-video-preview:-1"},"canonical":"https:\/\/akunq.net\/tr\/?p=68901","og_locale":"en_US","og_type":"article","og_title":"S\u00fcmela\u2019da \u2018diskovari\u2019 e\u011flence soru\u015fturmas\u0131nda \u2018m\u00fcd\u00fcr\u2019 g\u00f6revden al\u0131nd\u0131 - Bati Ermenistan Ve Bati Ermenileri Sorunlari Ara\u015ftirmalar Merkezi","og_description":"Trabzon\u2019da ge\u00e7en \u015fubat ay\u0131nda restorasyon i\u00e7in ziyarete kapal\u0131 olan S\u00fcmela Manast\u0131r\u0131\u2019nda, DJ\u2019lerin klip \u00e7ekimi s\u0131ras\u0131nda \u00e7al\u0131nan elektronik m\u00fczi\u011fe ekibin danslarla e\u015flik etti\u011fi anlara ait ortaya \u00e7\u0131kan g\u00f6r\u00fcnt\u00fcler \u00fczerine K\u00fclt\u00fcr ve Turizm Bakanl\u0131\u011f\u0131\u2019nca ba\u015flat\u0131lan soru\u015fturmada, \u0130l K\u00fclt\u00fcr ve Turizm M\u00fcd\u00fcr\u00fc Vekili Mustafa Asan g\u00f6revden al\u0131nd\u0131. Trabzon\u2019da ge\u00e7en \u015fubat ay\u0131nda restorasyon i\u00e7in ziyarete kapal\u0131 olan S\u00fcmela Manast\u0131r\u0131\u2019nda, [&hellip;]","og_url":"https:\/\/akunq.net\/tr\/?p=68901","og_site_name":"Bati Ermenistan Ve Bati Ermenileri Sorunlari Ara\u015ftirmalar Merkezi","article_published_time":"2022-06-08T06:19:17+00:00","og_image":[{"width":770,"height":540,"url":"https:\/\/akunq.net\/tr\/wp-content\/uploads\/sites\/6\/2022\/06\/Sumela-1.jpg","type":"image\/jpeg"}],"author":"admin","twitter_card":"summary_large_image","twitter_misc":{"Written by":"admin","Est. reading time":"3 minutes"},"schema":{"@context":"https:\/\/schema.org","@graph":[{"@type":"Article","@id":"https:\/\/akunq.net\/tr\/?p=68901#article","isPartOf":{"@id":"https:\/\/akunq.net\/tr\/?p=68901"},"author":{"name":"admin","@id":"https:\/\/akunq.net\/tr\/#\/schema\/person\/096f1d38a12cce57fb855b485ed24c9e"},"headline":"S\u00fcmela\u2019da \u2018diskovari\u2019 e\u011flence soru\u015fturmas\u0131nda \u2018m\u00fcd\u00fcr\u2019 g\u00f6revden al\u0131nd\u0131","datePublished":"2022-06-08T06:19:17+00:00","mainEntityOfPage":{"@id":"https:\/\/akunq.net\/tr\/?p=68901"},"wordCount":564,"commentCount":0,"image":{"@id":"https:\/\/akunq.net\/tr\/?p=68901#primaryimage"},"thumbnailUrl":"https:\/\/akunq.net\/tr\/wp-content\/uploads\/sites\/6\/2022\/06\/Sumela-1.jpg","articleSection":["Haberler"],"inLanguage":"en-US","potentialAction":[{"@type":"CommentAction","name":"Comment","target":["https:\/\/akunq.net\/tr\/?p=68901#respond"]}]},{"@type":"WebPage","@id":"https:\/\/akunq.net\/tr\/?p=68901","url":"https:\/\/akunq.net\/tr\/?p=68901","name":"S\u00fcmela\u2019da \u2018diskovari\u2019 e\u011flence soru\u015fturmas\u0131nda \u2018m\u00fcd\u00fcr\u2019 g\u00f6revden al\u0131nd\u0131 - Bati Ermenistan Ve Bati Ermenileri Sorunlari Ara\u015ftirmalar Merkezi","isPartOf":{"@id":"https:\/\/akunq.net\/tr\/#website"},"primaryImageOfPage":{"@id":"https:\/\/akunq.net\/tr\/?p=68901#primaryimage"},"image":{"@id":"https:\/\/akunq.net\/tr\/?p=68901#primaryimage"},"thumbnailUrl":"https:\/\/akunq.net\/tr\/wp-content\/uploads\/sites\/6\/2022\/06\/Sumela-1.jpg","datePublished":"2022-06-08T06:19:17+00:00","author":{"@id":"https:\/\/akunq.net\/tr\/#\/schema\/person\/096f1d38a12cce57fb855b485ed24c9e"},"breadcrumb":{"@id":"https:\/\/akunq.net\/tr\/?p=68901#breadcrumb"},"inLanguage":"en-US","potentialAction":[{"@type":"ReadAction","target":["https:\/\/akunq.net\/tr\/?p=68901"]}]},{"@type":"ImageObject","inLanguage":"en-US","@id":"https:\/\/akunq.net\/tr\/?p=68901#primaryimage","url":"https:\/\/akunq.net\/tr\/wp-content\/uploads\/sites\/6\/2022\/06\/Sumela-1.jpg","contentUrl":"https:\/\/akunq.net\/tr\/wp-content\/uploads\/sites\/6\/2022\/06\/Sumela-1.jpg","width":770,"height":540},{"@type":"BreadcrumbList","@id":"https:\/\/akunq.net\/tr\/?p=68901#breadcrumb","itemListElement":[{"@type":"ListItem","position":1,"name":"Home","item":"https:\/\/akunq.net\/tr"},{"@type":"ListItem","position":2,"name":"S\u00fcmela\u2019da \u2018diskovari\u2019 e\u011flence soru\u015fturmas\u0131nda \u2018m\u00fcd\u00fcr\u2019 g\u00f6revden al\u0131nd\u0131"}]},{"@type":"WebSite","@id":"https:\/\/akunq.net\/tr\/#website","url":"https:\/\/akunq.net\/tr\/","name":"Bati Ermenistan Ve Bati Ermenileri Sorunlari Ara\u015ftirmalar Merkezi","description":"","potentialAction":[{"@type":"SearchAction","target":{"@type":"EntryPoint","urlTemplate":"https:\/\/akunq.net\/tr\/?s={search_term_string}"},"query-input":{"@type":"PropertyValueSpecification","valueRequired":true,"valueName":"search_term_string"}}],"inLanguage":"en-US"},{"@type":"Person","@id":"https:\/\/akunq.net\/tr\/#\/schema\/person\/096f1d38a12cce57fb855b485ed24c9e","name":"admin","url":"https:\/\/akunq.net\/tr\/?author=7"}]}},"_links":{"self":[{"href":"https:\/\/akunq.net\/tr\/index.php?rest_route=\/wp\/v2\/posts\/68901","targetHints":{"allow":["GET"]}}],"collection":[{"href":"https:\/\/akunq.net\/tr\/index.php?rest_route=\/wp\/v2\/posts"}],"about":[{"href":"https:\/\/akunq.net\/tr\/index.php?rest_route=\/wp\/v2\/types\/post"}],"author":[{"embeddable":true,"href":"https:\/\/akunq.net\/tr\/index.php?rest_route=\/wp\/v2\/users\/7"}],"replies":[{"embeddable":true,"href":"https:\/\/akunq.net\/tr\/index.php?rest_route=%2Fwp%2Fv2%2Fcomments&post=68901"}],"version-history":[{"count":1,"href":"https:\/\/akunq.net\/tr\/index.php?rest_route=\/wp\/v2\/posts\/68901\/revisions"}],"predecessor-version":[{"id":68903,"href":"https:\/\/akunq.net\/tr\/index.php?rest_route=\/wp\/v2\/posts\/68901\/revisions\/68903"}],"wp:featuredmedia":[{"embeddable":true,"href":"https:\/\/akunq.net\/tr\/index.php?rest_route=\/wp\/v2\/media\/68902"}],"wp:attachment":[{"href":"https:\/\/akunq.net\/tr\/index.php?rest_route=%2Fwp%2Fv2%2Fmedia&parent=68901"}],"wp:term":[{"taxonomy":"category","embeddable":true,"href":"https:\/\/akunq.net\/tr\/index.php?rest_route=%2Fwp%2Fv2%2Fcategories&post=68901"},{"taxonomy":"post_tag","embeddable":true,"href":"https:\/\/akunq.net\/tr\/index.php?rest_route=%2Fwp%2Fv2%2Ftags&post=68901"}],"curies":[{"name":"wp","href":"https:\/\/api.w.org\/{rel}","templated":true}]}}