{"id":68887,"date":"2022-06-07T04:09:19","date_gmt":"2022-06-07T09:09:19","guid":{"rendered":"https:\/\/akunq.net\/tr\/?p=68887"},"modified":"2022-06-07T04:09:19","modified_gmt":"2022-06-07T09:09:19","slug":"hrant-dink-davasinda-gorev-yapan-35-hakim-hskya-sikayet-edildi-aralarinda-yeni-bakan-yardimcisi-akin-gurlek-de-var","status":"publish","type":"post","link":"https:\/\/akunq.net\/tr\/?p=68887","title":{"rendered":"Hrant Dink davas\u0131nda g\u00f6rev yapan 35 h\u00e2kim HSK\u2019ya \u015fik\u00e2yet edildi; aralar\u0131nda yeni bakan yard\u0131mc\u0131s\u0131 Ak\u0131n G\u00fcrlek de var"},"content":{"rendered":"<p><img loading=\"lazy\" decoding=\"async\" class=\"aligncenter size-medium wp-image-68888\" src=\"https:\/\/akunq.net\/tr\/wp-content\/uploads\/2022\/06\/Dink-davasi-360x203.jpg\" alt=\"\" width=\"360\" height=\"203\" srcset=\"https:\/\/akunq.net\/tr\/wp-content\/uploads\/sites\/6\/2022\/06\/Dink-davasi-360x203.jpg 360w, https:\/\/akunq.net\/tr\/wp-content\/uploads\/sites\/6\/2022\/06\/Dink-davasi-560x315.jpg 560w, https:\/\/akunq.net\/tr\/wp-content\/uploads\/sites\/6\/2022\/06\/Dink-davasi-260x146.jpg 260w, https:\/\/akunq.net\/tr\/wp-content\/uploads\/sites\/6\/2022\/06\/Dink-davasi-160x90.jpg 160w, https:\/\/akunq.net\/tr\/wp-content\/uploads\/sites\/6\/2022\/06\/Dink-davasi.jpg 760w\" sizes=\"auto, (max-width: 360px) 100vw, 360px\" \/><\/p>\n<p><em><strong>Davada yarg\u0131lanan eski general Celepo\u011flu\u2019nun avukat\u0131 Erg\u00fcl\u2019\u00fcn \u015fikayet dilek\u00e7esinde, duru\u015fma zab\u0131tlar\u0131n\u0131n yakla\u015f\u0131k 5 ay sonra UYAP\u2019a y\u00fcklenmesinin adil yarg\u0131lanma hakk\u0131n\u0131 ihlal etti\u011fi belirtildi<\/strong><\/em><\/p>\n<p>Tart\u0131\u015fmal\u0131 davalarda verdi\u011fi kararlarla s\u0131k s\u0131k g\u00fcndeme gelen h\u00e2kim Ak\u0131n G\u00fcrlek\u2019in de aras\u0131nda oldu\u011fu, Hrant Dink davas\u0131nda g\u00f6rev yapan 35 h\u00e2kim h\u00e2kim ve Savc\u0131lar Kurulu\u2019na (HSK) \u015fik\u00e2yet edildi.<\/p>\n<p>Agos Gazetesi Genel Yay\u0131n Y\u00f6netmeni Hrant Dink\u2019in 19 Ocak 2007\u2019de katledilmesiyle ilgili dava \u0130stanbul 14. A\u011f\u0131r Ceza Mahkemesi\u2019nde g\u00f6r\u00fcld\u00fc. 26 Mart 2021\u2019de davan\u0131n duru\u015fmas\u0131nda 26 san\u0131\u011fa hapis cezas\u0131 verildi. Yerel mahkemenin verdi\u011fi karar, ge\u00e7en ay istinaf taraf\u0131ndan onand\u0131. Onama karar\u0131n\u0131n ard\u0131ndan, Dink\u2019in avukatlar\u0131 dosyay\u0131 Yarg\u0131tay\u2019a ta\u015f\u0131d\u0131.<\/p>\n<p>Independent T\u00fcrk\u00e7e\u2019den Can Bursal\u0131\u2019n\u0131n haberine g\u00f6re; davayla ilgili bu geli\u015fmeler olurken, san\u0131klardan Hamza Celepo\u011flu\u2019nun avukat\u0131 Vural Erg\u00fcl, yarg\u0131laman\u0131n yap\u0131ld\u0131\u011f\u0131 \u0130stanbul 14. A\u011f\u0131r Ceza Mahkemesi\u2019nde g\u00f6rev yapan h\u00e2kimleri h\u00e2kim ve Savc\u0131lar Kurulu\u2019na (HSK) \u015fik\u00e2yet etti.<\/p>\n<p><strong>Adalet Bakan Yard\u0131mc\u0131s\u0131 G\u00fcrlek de \u015fik\u00e2yet edilenler aras\u0131nda<\/strong><br \/>\nAralar\u0131nda ge\u00e7en hafta Adalet Bakan Yard\u0131mc\u0131l\u0131\u011f\u0131 g\u00f6revine atanan Ak\u0131n G\u00fcrlek, Ali \u0130hsan Horasan, Canel R\u00fczgar gibi mahkeme ba\u015fkanlar\u0131 ve heyet \u00fcyelerinin de oldu\u011fu 35 h\u00e2kimin HSK\u2019ya \u015fik\u00e2yet edilme gerek\u00e7esi, \u2018g\u00f6revde kay\u0131ts\u0131zl\u0131k ve d\u00fczensizlik g\u00f6stermek, \u0131srarla ve s\u00fcrekli olarak mahkemeye eri\u015fim hakk\u0131n\u0131 engelleyerek adil yarg\u0131lanma hakk\u0131n\u0131 ortadan kald\u0131rma\u2019 iddias\u0131 oldu.<\/p>\n<p><strong>1.celse g\u00f6r\u00fcl\u00fcrken 41. celsenin tutana\u011f\u0131 y\u00fcklenmi\u015f<\/strong><br \/>\nM\u0130T T\u0131rlar\u0131 davas\u0131nda da yarg\u0131lanan eski general Celepo\u011flu\u2019nun avukat\u0131 Erg\u00fcl \u015fik\u00e2yet dilek\u00e7esinde, duru\u015fma zab\u0131tlar\u0131n\u0131n yakla\u015f\u0131k 5 ay sonra UYAP sistemine y\u00fcklendi\u011fini belirtti. Erg\u00fcl, davan\u0131n 10 Nisan 2017 tarihindeki 41. celsesinin zapt\u0131n\u0131n 149 g\u00fcn sonra, 5 Eyl\u00fcl 2017\u2019de UYAP sistemine y\u00fcklendi\u011fini, aradan ge\u00e7en s\u00fcrede davan\u0131n 14 celse daha duru\u015fmas\u0131n\u0131n g\u00f6r\u00fcld\u00fc\u011f\u00fc \u00f6rne\u011fini vererek, m\u00fcvekkilinin etkin \u015fekilde yarg\u0131lamaya kat\u0131lamad\u0131\u011f\u0131n\u0131 ve adalete eri\u015femedi\u011fini savundu.<\/p>\n<p><strong>\u201cG\u00fcvenilirli\u011fini de ku\u015fkulu hale getirmektedir\u201d<\/strong><br \/>\nZab\u0131tlar\u0131n y\u00fcklenmesinin uzun s\u00fcre\u00e7te olmas\u0131n\u0131n olas\u0131 eksik ve yanl\u0131\u015flar\u0131n tespitinin ve telafisini imkans\u0131z hale getirdi\u011fini ifade eden avukat Erg\u00fcl, \u201cDuru\u015fmalarda ortaya \u00e7\u0131kart\u0131lmaya \u00e7al\u0131\u015f\u0131lan ger\u00e7e\u011fin celse zab\u0131tlar\u0131nda ne \u00f6l\u00e7\u00fcde yans\u0131t\u0131ld\u0131\u011f\u0131n\u0131 tart\u0131\u015fmaya a\u00e7t\u0131\u011f\u0131 gibi celse zab\u0131tlar\u0131n\u0131n do\u011frulu\u011funu ve g\u00fcvenilirli\u011fini de ku\u015fkulu ve tart\u0131\u015f\u0131l\u0131r hale getirmektedir\u201d dedi.<\/p>\n<p><strong>\u201cHukuka ve adalete g\u00fcvenin sars\u0131lmamas\u0131 i\u00e7in cezaland\u0131r\u0131lmal\u0131lar\u201d<\/strong><br \/>\n\u015eik\u00e2yet dilek\u00e7esinde, celse zab\u0131tlar\u0131n\u0131n 109 kez ge\u00e7 tarihte UYAP\u2019a y\u00fcklendi\u011fini belirten Erg\u00fcl, davada g\u00f6rev yapm\u0131\u015f 35 h\u00e2kimin, m\u00fcvekkili Hamza Celepo\u011flu\u2019nun savunma hakk\u0131n\u0131 lay\u0131\u011f\u0131yla kullanamamas\u0131na neden olduklar\u0131n\u0131 ileri s\u00fcrerek soru\u015fturma a\u00e7\u0131lmas\u0131n\u0131 talep etti.<\/p>\n<p>35 h\u00e2kimin g\u00f6revde kay\u0131ts\u0131zl\u0131k ve d\u00fczensizlik g\u00f6stererek adil yarg\u0131lanma hakk\u0131n\u0131 ortadan kald\u0131rd\u0131\u011f\u0131n\u0131 savunan Vural Erg\u00fcl, h\u00e2kimlerin hukuka ve adalete olan g\u00fcvenin sars\u0131lmamas\u0131 i\u00e7in cezaland\u0131r\u0131lmalar\u0131n\u0131 istedi\u011fini kaydetti.<\/p>\n<hr \/>\n<p><em><strong><a href=\"https:\/\/t24.com.tr\/haber\/hrant-dink-davasinda-gorev-yapan-35-hakim-hsk-ya-sikayet-edildi-aralarinda-yeni-bakan-yardimcisi-akin-gurlek-de-var,1038808\" target=\"_blank\" rel=\"noopener noreferrer\">T24<\/a>\u00a0<\/strong><\/em><\/p>\n","protected":false},"excerpt":{"rendered":"<p>Davada yarg\u0131lanan eski general Celepo\u011flu\u2019nun avukat\u0131 Erg\u00fcl\u2019\u00fcn \u015fikayet dilek\u00e7esinde, duru\u015fma zab\u0131tlar\u0131n\u0131n yakla\u015f\u0131k 5 ay sonra UYAP\u2019a y\u00fcklenmesinin adil yarg\u0131lanma hakk\u0131n\u0131 ihlal etti\u011fi belirtildi Tart\u0131\u015fmal\u0131 davalarda verdi\u011fi kararlarla s\u0131k s\u0131k g\u00fcndeme gelen h\u00e2kim Ak\u0131n G\u00fcrlek\u2019in de aras\u0131nda oldu\u011fu, Hrant Dink davas\u0131nda g\u00f6rev yapan 35 h\u00e2kim h\u00e2kim ve Savc\u0131lar Kurulu\u2019na (HSK) \u015fik\u00e2yet edildi. Agos Gazetesi Genel Yay\u0131n [&hellip;]<\/p>\n","protected":false},"author":7,"featured_media":68888,"comment_status":"open","ping_status":"open","sticky":false,"template":"","format":"standard","meta":{"footnotes":""},"categories":[1],"tags":[],"class_list":["post-68887","post","type-post","status-publish","format-standard","has-post-thumbnail","hentry","category-haberler"],"yoast_head":"<!-- This site is optimized with the Yoast SEO plugin v27.4 - https:\/\/yoast.com\/product\/yoast-seo-wordpress\/ -->\n<title>Hrant Dink davas\u0131nda g\u00f6rev yapan 35 h\u00e2kim HSK\u2019ya \u015fik\u00e2yet edildi; aralar\u0131nda yeni bakan yard\u0131mc\u0131s\u0131 Ak\u0131n G\u00fcrlek de var - Bati Ermenistan Ve Bati Ermenileri Sorunlari Ara\u015ftirmalar Merkezi<\/title>\n<meta name=\"robots\" content=\"index, follow, max-snippet:-1, max-image-preview:large, max-video-preview:-1\" \/>\n<link rel=\"canonical\" href=\"https:\/\/akunq.net\/tr\/?p=68887\" \/>\n<meta property=\"og:locale\" content=\"en_US\" \/>\n<meta property=\"og:type\" content=\"article\" \/>\n<meta property=\"og:title\" content=\"Hrant Dink davas\u0131nda g\u00f6rev yapan 35 h\u00e2kim HSK\u2019ya \u015fik\u00e2yet edildi; aralar\u0131nda yeni bakan yard\u0131mc\u0131s\u0131 Ak\u0131n G\u00fcrlek de var - Bati Ermenistan Ve Bati Ermenileri Sorunlari Ara\u015ftirmalar Merkezi\" \/>\n<meta property=\"og:description\" content=\"Davada yarg\u0131lanan eski general Celepo\u011flu\u2019nun avukat\u0131 Erg\u00fcl\u2019\u00fcn \u015fikayet dilek\u00e7esinde, duru\u015fma zab\u0131tlar\u0131n\u0131n yakla\u015f\u0131k 5 ay sonra UYAP\u2019a y\u00fcklenmesinin adil yarg\u0131lanma hakk\u0131n\u0131 ihlal etti\u011fi belirtildi Tart\u0131\u015fmal\u0131 davalarda verdi\u011fi kararlarla s\u0131k s\u0131k g\u00fcndeme gelen h\u00e2kim Ak\u0131n G\u00fcrlek\u2019in de aras\u0131nda oldu\u011fu, Hrant Dink davas\u0131nda g\u00f6rev yapan 35 h\u00e2kim h\u00e2kim ve Savc\u0131lar Kurulu\u2019na (HSK) \u015fik\u00e2yet edildi. Agos Gazetesi Genel Yay\u0131n [&hellip;]\" \/>\n<meta property=\"og:url\" content=\"https:\/\/akunq.net\/tr\/?p=68887\" \/>\n<meta property=\"og:site_name\" content=\"Bati Ermenistan Ve Bati Ermenileri Sorunlari Ara\u015ftirmalar Merkezi\" \/>\n<meta property=\"article:published_time\" content=\"2022-06-07T09:09:19+00:00\" \/>\n<meta property=\"og:image\" content=\"https:\/\/akunq.net\/tr\/wp-content\/uploads\/sites\/6\/2022\/06\/Dink-davasi.jpg\" \/>\n\t<meta property=\"og:image:width\" content=\"760\" \/>\n\t<meta property=\"og:image:height\" content=\"428\" \/>\n\t<meta property=\"og:image:type\" content=\"image\/jpeg\" \/>\n<meta name=\"author\" content=\"admin\" \/>\n<meta name=\"twitter:card\" content=\"summary_large_image\" \/>\n<meta name=\"twitter:label1\" content=\"Written by\" \/>\n\t<meta name=\"twitter:data1\" content=\"admin\" \/>\n\t<meta name=\"twitter:label2\" content=\"Est. reading time\" \/>\n\t<meta name=\"twitter:data2\" content=\"3 minutes\" \/>\n<script type=\"application\/ld+json\" class=\"yoast-schema-graph\">{\"@context\":\"https:\\\/\\\/schema.org\",\"@graph\":[{\"@type\":\"Article\",\"@id\":\"https:\\\/\\\/akunq.net\\\/tr\\\/?p=68887#article\",\"isPartOf\":{\"@id\":\"https:\\\/\\\/akunq.net\\\/tr\\\/?p=68887\"},\"author\":{\"name\":\"admin\",\"@id\":\"https:\\\/\\\/akunq.net\\\/tr\\\/#\\\/schema\\\/person\\\/096f1d38a12cce57fb855b485ed24c9e\"},\"headline\":\"Hrant Dink davas\u0131nda g\u00f6rev yapan 35 h\u00e2kim HSK\u2019ya \u015fik\u00e2yet edildi; aralar\u0131nda yeni bakan yard\u0131mc\u0131s\u0131 Ak\u0131n G\u00fcrlek de var\",\"datePublished\":\"2022-06-07T09:09:19+00:00\",\"mainEntityOfPage\":{\"@id\":\"https:\\\/\\\/akunq.net\\\/tr\\\/?p=68887\"},\"wordCount\":614,\"commentCount\":0,\"image\":{\"@id\":\"https:\\\/\\\/akunq.net\\\/tr\\\/?p=68887#primaryimage\"},\"thumbnailUrl\":\"https:\\\/\\\/akunq.net\\\/tr\\\/wp-content\\\/uploads\\\/sites\\\/6\\\/2022\\\/06\\\/Dink-davasi.jpg\",\"articleSection\":[\"Haberler\"],\"inLanguage\":\"en-US\",\"potentialAction\":[{\"@type\":\"CommentAction\",\"name\":\"Comment\",\"target\":[\"https:\\\/\\\/akunq.net\\\/tr\\\/?p=68887#respond\"]}]},{\"@type\":\"WebPage\",\"@id\":\"https:\\\/\\\/akunq.net\\\/tr\\\/?p=68887\",\"url\":\"https:\\\/\\\/akunq.net\\\/tr\\\/?p=68887\",\"name\":\"Hrant Dink davas\u0131nda g\u00f6rev yapan 35 h\u00e2kim HSK\u2019ya \u015fik\u00e2yet edildi; aralar\u0131nda yeni bakan yard\u0131mc\u0131s\u0131 Ak\u0131n G\u00fcrlek de var - Bati Ermenistan Ve Bati Ermenileri Sorunlari Ara\u015ftirmalar Merkezi\",\"isPartOf\":{\"@id\":\"https:\\\/\\\/akunq.net\\\/tr\\\/#website\"},\"primaryImageOfPage\":{\"@id\":\"https:\\\/\\\/akunq.net\\\/tr\\\/?p=68887#primaryimage\"},\"image\":{\"@id\":\"https:\\\/\\\/akunq.net\\\/tr\\\/?p=68887#primaryimage\"},\"thumbnailUrl\":\"https:\\\/\\\/akunq.net\\\/tr\\\/wp-content\\\/uploads\\\/sites\\\/6\\\/2022\\\/06\\\/Dink-davasi.jpg\",\"datePublished\":\"2022-06-07T09:09:19+00:00\",\"author\":{\"@id\":\"https:\\\/\\\/akunq.net\\\/tr\\\/#\\\/schema\\\/person\\\/096f1d38a12cce57fb855b485ed24c9e\"},\"breadcrumb\":{\"@id\":\"https:\\\/\\\/akunq.net\\\/tr\\\/?p=68887#breadcrumb\"},\"inLanguage\":\"en-US\",\"potentialAction\":[{\"@type\":\"ReadAction\",\"target\":[\"https:\\\/\\\/akunq.net\\\/tr\\\/?p=68887\"]}]},{\"@type\":\"ImageObject\",\"inLanguage\":\"en-US\",\"@id\":\"https:\\\/\\\/akunq.net\\\/tr\\\/?p=68887#primaryimage\",\"url\":\"https:\\\/\\\/akunq.net\\\/tr\\\/wp-content\\\/uploads\\\/sites\\\/6\\\/2022\\\/06\\\/Dink-davasi.jpg\",\"contentUrl\":\"https:\\\/\\\/akunq.net\\\/tr\\\/wp-content\\\/uploads\\\/sites\\\/6\\\/2022\\\/06\\\/Dink-davasi.jpg\",\"width\":760,\"height\":428},{\"@type\":\"BreadcrumbList\",\"@id\":\"https:\\\/\\\/akunq.net\\\/tr\\\/?p=68887#breadcrumb\",\"itemListElement\":[{\"@type\":\"ListItem\",\"position\":1,\"name\":\"Home\",\"item\":\"https:\\\/\\\/akunq.net\\\/tr\"},{\"@type\":\"ListItem\",\"position\":2,\"name\":\"Hrant Dink davas\u0131nda g\u00f6rev yapan 35 h\u00e2kim HSK\u2019ya \u015fik\u00e2yet edildi; aralar\u0131nda yeni bakan yard\u0131mc\u0131s\u0131 Ak\u0131n G\u00fcrlek de var\"}]},{\"@type\":\"WebSite\",\"@id\":\"https:\\\/\\\/akunq.net\\\/tr\\\/#website\",\"url\":\"https:\\\/\\\/akunq.net\\\/tr\\\/\",\"name\":\"Bati Ermenistan Ve Bati Ermenileri Sorunlari Ara\u015ftirmalar Merkezi\",\"description\":\"\",\"potentialAction\":[{\"@type\":\"SearchAction\",\"target\":{\"@type\":\"EntryPoint\",\"urlTemplate\":\"https:\\\/\\\/akunq.net\\\/tr\\\/?s={search_term_string}\"},\"query-input\":{\"@type\":\"PropertyValueSpecification\",\"valueRequired\":true,\"valueName\":\"search_term_string\"}}],\"inLanguage\":\"en-US\"},{\"@type\":\"Person\",\"@id\":\"https:\\\/\\\/akunq.net\\\/tr\\\/#\\\/schema\\\/person\\\/096f1d38a12cce57fb855b485ed24c9e\",\"name\":\"admin\",\"url\":\"https:\\\/\\\/akunq.net\\\/tr\\\/?author=7\"}]}<\/script>\n<!-- \/ Yoast SEO plugin. -->","yoast_head_json":{"title":"Hrant Dink davas\u0131nda g\u00f6rev yapan 35 h\u00e2kim HSK\u2019ya \u015fik\u00e2yet edildi; aralar\u0131nda yeni bakan yard\u0131mc\u0131s\u0131 Ak\u0131n G\u00fcrlek de var - Bati Ermenistan Ve Bati Ermenileri Sorunlari Ara\u015ftirmalar Merkezi","robots":{"index":"index","follow":"follow","max-snippet":"max-snippet:-1","max-image-preview":"max-image-preview:large","max-video-preview":"max-video-preview:-1"},"canonical":"https:\/\/akunq.net\/tr\/?p=68887","og_locale":"en_US","og_type":"article","og_title":"Hrant Dink davas\u0131nda g\u00f6rev yapan 35 h\u00e2kim HSK\u2019ya \u015fik\u00e2yet edildi; aralar\u0131nda yeni bakan yard\u0131mc\u0131s\u0131 Ak\u0131n G\u00fcrlek de var - Bati Ermenistan Ve Bati Ermenileri Sorunlari Ara\u015ftirmalar Merkezi","og_description":"Davada yarg\u0131lanan eski general Celepo\u011flu\u2019nun avukat\u0131 Erg\u00fcl\u2019\u00fcn \u015fikayet dilek\u00e7esinde, duru\u015fma zab\u0131tlar\u0131n\u0131n yakla\u015f\u0131k 5 ay sonra UYAP\u2019a y\u00fcklenmesinin adil yarg\u0131lanma hakk\u0131n\u0131 ihlal etti\u011fi belirtildi Tart\u0131\u015fmal\u0131 davalarda verdi\u011fi kararlarla s\u0131k s\u0131k g\u00fcndeme gelen h\u00e2kim Ak\u0131n G\u00fcrlek\u2019in de aras\u0131nda oldu\u011fu, Hrant Dink davas\u0131nda g\u00f6rev yapan 35 h\u00e2kim h\u00e2kim ve Savc\u0131lar Kurulu\u2019na (HSK) \u015fik\u00e2yet edildi. Agos Gazetesi Genel Yay\u0131n [&hellip;]","og_url":"https:\/\/akunq.net\/tr\/?p=68887","og_site_name":"Bati Ermenistan Ve Bati Ermenileri Sorunlari Ara\u015ftirmalar Merkezi","article_published_time":"2022-06-07T09:09:19+00:00","og_image":[{"width":760,"height":428,"url":"https:\/\/akunq.net\/tr\/wp-content\/uploads\/sites\/6\/2022\/06\/Dink-davasi.jpg","type":"image\/jpeg"}],"author":"admin","twitter_card":"summary_large_image","twitter_misc":{"Written by":"admin","Est. reading time":"3 minutes"},"schema":{"@context":"https:\/\/schema.org","@graph":[{"@type":"Article","@id":"https:\/\/akunq.net\/tr\/?p=68887#article","isPartOf":{"@id":"https:\/\/akunq.net\/tr\/?p=68887"},"author":{"name":"admin","@id":"https:\/\/akunq.net\/tr\/#\/schema\/person\/096f1d38a12cce57fb855b485ed24c9e"},"headline":"Hrant Dink davas\u0131nda g\u00f6rev yapan 35 h\u00e2kim HSK\u2019ya \u015fik\u00e2yet edildi; aralar\u0131nda yeni bakan yard\u0131mc\u0131s\u0131 Ak\u0131n G\u00fcrlek de var","datePublished":"2022-06-07T09:09:19+00:00","mainEntityOfPage":{"@id":"https:\/\/akunq.net\/tr\/?p=68887"},"wordCount":614,"commentCount":0,"image":{"@id":"https:\/\/akunq.net\/tr\/?p=68887#primaryimage"},"thumbnailUrl":"https:\/\/akunq.net\/tr\/wp-content\/uploads\/sites\/6\/2022\/06\/Dink-davasi.jpg","articleSection":["Haberler"],"inLanguage":"en-US","potentialAction":[{"@type":"CommentAction","name":"Comment","target":["https:\/\/akunq.net\/tr\/?p=68887#respond"]}]},{"@type":"WebPage","@id":"https:\/\/akunq.net\/tr\/?p=68887","url":"https:\/\/akunq.net\/tr\/?p=68887","name":"Hrant Dink davas\u0131nda g\u00f6rev yapan 35 h\u00e2kim HSK\u2019ya \u015fik\u00e2yet edildi; aralar\u0131nda yeni bakan yard\u0131mc\u0131s\u0131 Ak\u0131n G\u00fcrlek de var - Bati Ermenistan Ve Bati Ermenileri Sorunlari Ara\u015ftirmalar Merkezi","isPartOf":{"@id":"https:\/\/akunq.net\/tr\/#website"},"primaryImageOfPage":{"@id":"https:\/\/akunq.net\/tr\/?p=68887#primaryimage"},"image":{"@id":"https:\/\/akunq.net\/tr\/?p=68887#primaryimage"},"thumbnailUrl":"https:\/\/akunq.net\/tr\/wp-content\/uploads\/sites\/6\/2022\/06\/Dink-davasi.jpg","datePublished":"2022-06-07T09:09:19+00:00","author":{"@id":"https:\/\/akunq.net\/tr\/#\/schema\/person\/096f1d38a12cce57fb855b485ed24c9e"},"breadcrumb":{"@id":"https:\/\/akunq.net\/tr\/?p=68887#breadcrumb"},"inLanguage":"en-US","potentialAction":[{"@type":"ReadAction","target":["https:\/\/akunq.net\/tr\/?p=68887"]}]},{"@type":"ImageObject","inLanguage":"en-US","@id":"https:\/\/akunq.net\/tr\/?p=68887#primaryimage","url":"https:\/\/akunq.net\/tr\/wp-content\/uploads\/sites\/6\/2022\/06\/Dink-davasi.jpg","contentUrl":"https:\/\/akunq.net\/tr\/wp-content\/uploads\/sites\/6\/2022\/06\/Dink-davasi.jpg","width":760,"height":428},{"@type":"BreadcrumbList","@id":"https:\/\/akunq.net\/tr\/?p=68887#breadcrumb","itemListElement":[{"@type":"ListItem","position":1,"name":"Home","item":"https:\/\/akunq.net\/tr"},{"@type":"ListItem","position":2,"name":"Hrant Dink davas\u0131nda g\u00f6rev yapan 35 h\u00e2kim HSK\u2019ya \u015fik\u00e2yet edildi; aralar\u0131nda yeni bakan yard\u0131mc\u0131s\u0131 Ak\u0131n G\u00fcrlek de var"}]},{"@type":"WebSite","@id":"https:\/\/akunq.net\/tr\/#website","url":"https:\/\/akunq.net\/tr\/","name":"Bati Ermenistan Ve Bati Ermenileri Sorunlari Ara\u015ftirmalar Merkezi","description":"","potentialAction":[{"@type":"SearchAction","target":{"@type":"EntryPoint","urlTemplate":"https:\/\/akunq.net\/tr\/?s={search_term_string}"},"query-input":{"@type":"PropertyValueSpecification","valueRequired":true,"valueName":"search_term_string"}}],"inLanguage":"en-US"},{"@type":"Person","@id":"https:\/\/akunq.net\/tr\/#\/schema\/person\/096f1d38a12cce57fb855b485ed24c9e","name":"admin","url":"https:\/\/akunq.net\/tr\/?author=7"}]}},"_links":{"self":[{"href":"https:\/\/akunq.net\/tr\/index.php?rest_route=\/wp\/v2\/posts\/68887","targetHints":{"allow":["GET"]}}],"collection":[{"href":"https:\/\/akunq.net\/tr\/index.php?rest_route=\/wp\/v2\/posts"}],"about":[{"href":"https:\/\/akunq.net\/tr\/index.php?rest_route=\/wp\/v2\/types\/post"}],"author":[{"embeddable":true,"href":"https:\/\/akunq.net\/tr\/index.php?rest_route=\/wp\/v2\/users\/7"}],"replies":[{"embeddable":true,"href":"https:\/\/akunq.net\/tr\/index.php?rest_route=%2Fwp%2Fv2%2Fcomments&post=68887"}],"version-history":[{"count":1,"href":"https:\/\/akunq.net\/tr\/index.php?rest_route=\/wp\/v2\/posts\/68887\/revisions"}],"predecessor-version":[{"id":68889,"href":"https:\/\/akunq.net\/tr\/index.php?rest_route=\/wp\/v2\/posts\/68887\/revisions\/68889"}],"wp:featuredmedia":[{"embeddable":true,"href":"https:\/\/akunq.net\/tr\/index.php?rest_route=\/wp\/v2\/media\/68888"}],"wp:attachment":[{"href":"https:\/\/akunq.net\/tr\/index.php?rest_route=%2Fwp%2Fv2%2Fmedia&parent=68887"}],"wp:term":[{"taxonomy":"category","embeddable":true,"href":"https:\/\/akunq.net\/tr\/index.php?rest_route=%2Fwp%2Fv2%2Fcategories&post=68887"},{"taxonomy":"post_tag","embeddable":true,"href":"https:\/\/akunq.net\/tr\/index.php?rest_route=%2Fwp%2Fv2%2Ftags&post=68887"}],"curies":[{"name":"wp","href":"https:\/\/api.w.org\/{rel}","templated":true}]}}