{"id":68884,"date":"2022-06-07T04:02:47","date_gmt":"2022-06-07T09:02:47","guid":{"rendered":"https:\/\/akunq.net\/tr\/?p=68884"},"modified":"2022-06-07T04:02:47","modified_gmt":"2022-06-07T09:02:47","slug":"van-golunde-trafik-canavari-varmis","status":"publish","type":"post","link":"https:\/\/akunq.net\/tr\/?p=68884","title":{"rendered":"Van G\u00f6l\u00fc\u2019nde \u2018trafik canavar\u0131\u2019 varm\u0131\u015f"},"content":{"rendered":"<p><img loading=\"lazy\" decoding=\"async\" class=\"aligncenter size-full wp-image-68885\" src=\"https:\/\/akunq.net\/tr\/wp-content\/uploads\/2022\/06\/Van-G\u00f6l\u00fc.jpg\" alt=\"\" width=\"299\" height=\"168\" srcset=\"https:\/\/akunq.net\/tr\/wp-content\/uploads\/sites\/6\/2022\/06\/Van-G\u00f6l\u00fc.jpg 299w, https:\/\/akunq.net\/tr\/wp-content\/uploads\/sites\/6\/2022\/06\/Van-G\u00f6l\u00fc-260x146.jpg 260w, https:\/\/akunq.net\/tr\/wp-content\/uploads\/sites\/6\/2022\/06\/Van-G\u00f6l\u00fc-160x90.jpg 160w\" sizes=\"auto, (max-width: 299px) 100vw, 299px\" \/><\/p>\n<p><em><strong>\u20185 Haziran D\u00fcnya \u00c7evre G\u00fcn\u00fc\u2019 etkinlikleri kapsam\u0131nda Van G\u00f6l\u00fc\u2019ndeki Akdamar Adas\u0131 k\u0131y\u0131lar\u0131nda dalg\u0131\u00e7lar, dip temizli\u011fi yapt\u0131. G\u00f6lden \u00e7\u0131kar\u0131lan onlarca ara\u00e7 lasti\u011fi dikkat \u00e7ekti.<\/strong><\/em><\/p>\n<p>DUVAR- Van G\u00f6l\u00fc\u2019ndeki Akdamar Adas\u0131\u2019nda d\u00fczenlenen \u00e7evre fark\u0131ndal\u0131\u011f\u0131 etkinli\u011finde B\u00fcy\u00fck\u015fehir Belediyesi Su Alt\u0131 Arama ve Kurtarma ekipleri, Sahil G\u00fcvenlik Komutanl\u0131\u011f\u0131 ve Van Dal\u0131\u015f Okulu \u2018Van Diving\u2019 \u00fcyelerinden olu\u015fan dalg\u0131\u00e7lar, Van G\u00f6l\u00fc\u2019nde dip temizli\u011fi yapt\u0131. 4 saatlik dal\u0131\u015fta, g\u00f6lden, ara\u00e7 lasti\u011fi, ambalaj, pet ve cam \u015fi\u015fe gibi at\u0131klar \u00e7\u0131kar\u0131ld\u0131. \u00c7al\u0131\u015fma sualt\u0131 belgesel yap\u0131mc\u0131s\u0131 Tahsin Ceylan taraf\u0131ndan da g\u00f6r\u00fcnt\u00fclendi.<\/p>\n<p><em><strong><a href=\"https:\/\/www.gazeteduvar.com.tr\/van-golunde-trafik-canavari-varmis-galeri-1568002\" target=\"_blank\" rel=\"noopener noreferrer\">Gazete Duvar<\/a>\u00a0<\/strong><\/em><\/p>\n","protected":false},"excerpt":{"rendered":"<p>\u20185 Haziran D\u00fcnya \u00c7evre G\u00fcn\u00fc\u2019 etkinlikleri kapsam\u0131nda Van G\u00f6l\u00fc\u2019ndeki Akdamar Adas\u0131 k\u0131y\u0131lar\u0131nda dalg\u0131\u00e7lar, dip temizli\u011fi yapt\u0131. G\u00f6lden \u00e7\u0131kar\u0131lan onlarca ara\u00e7 lasti\u011fi dikkat \u00e7ekti. DUVAR- Van G\u00f6l\u00fc\u2019ndeki Akdamar Adas\u0131\u2019nda d\u00fczenlenen \u00e7evre fark\u0131ndal\u0131\u011f\u0131 etkinli\u011finde B\u00fcy\u00fck\u015fehir Belediyesi Su Alt\u0131 Arama ve Kurtarma ekipleri, Sahil G\u00fcvenlik Komutanl\u0131\u011f\u0131 ve Van Dal\u0131\u015f Okulu \u2018Van Diving\u2019 \u00fcyelerinden olu\u015fan dalg\u0131\u00e7lar, Van G\u00f6l\u00fc\u2019nde dip [&hellip;]<\/p>\n","protected":false},"author":7,"featured_media":68885,"comment_status":"open","ping_status":"open","sticky":false,"template":"","format":"standard","meta":{"footnotes":""},"categories":[22,1],"tags":[],"class_list":["post-68884","post","type-post","status-publish","format-standard","has-post-thumbnail","hentry","category-gunumuzde-bati-ermenistan","category-haberler"],"yoast_head":"<!-- This site is optimized with the Yoast SEO plugin v27.4 - https:\/\/yoast.com\/product\/yoast-seo-wordpress\/ -->\n<title>Van G\u00f6l\u00fc\u2019nde \u2018trafik canavar\u0131\u2019 varm\u0131\u015f - Bati Ermenistan Ve Bati Ermenileri Sorunlari Ara\u015ftirmalar Merkezi<\/title>\n<meta name=\"robots\" content=\"index, follow, max-snippet:-1, max-image-preview:large, max-video-preview:-1\" \/>\n<link rel=\"canonical\" href=\"https:\/\/akunq.net\/tr\/?p=68884\" \/>\n<meta property=\"og:locale\" content=\"en_US\" \/>\n<meta property=\"og:type\" content=\"article\" \/>\n<meta property=\"og:title\" content=\"Van G\u00f6l\u00fc\u2019nde \u2018trafik canavar\u0131\u2019 varm\u0131\u015f - Bati Ermenistan Ve Bati Ermenileri Sorunlari Ara\u015ftirmalar Merkezi\" \/>\n<meta property=\"og:description\" content=\"\u20185 Haziran D\u00fcnya \u00c7evre G\u00fcn\u00fc\u2019 etkinlikleri kapsam\u0131nda Van G\u00f6l\u00fc\u2019ndeki Akdamar Adas\u0131 k\u0131y\u0131lar\u0131nda dalg\u0131\u00e7lar, dip temizli\u011fi yapt\u0131. G\u00f6lden \u00e7\u0131kar\u0131lan onlarca ara\u00e7 lasti\u011fi dikkat \u00e7ekti. DUVAR- Van G\u00f6l\u00fc\u2019ndeki Akdamar Adas\u0131\u2019nda d\u00fczenlenen \u00e7evre fark\u0131ndal\u0131\u011f\u0131 etkinli\u011finde B\u00fcy\u00fck\u015fehir Belediyesi Su Alt\u0131 Arama ve Kurtarma ekipleri, Sahil G\u00fcvenlik Komutanl\u0131\u011f\u0131 ve Van Dal\u0131\u015f Okulu \u2018Van Diving\u2019 \u00fcyelerinden olu\u015fan dalg\u0131\u00e7lar, Van G\u00f6l\u00fc\u2019nde dip [&hellip;]\" \/>\n<meta property=\"og:url\" content=\"https:\/\/akunq.net\/tr\/?p=68884\" \/>\n<meta property=\"og:site_name\" content=\"Bati Ermenistan Ve Bati Ermenileri Sorunlari Ara\u015ftirmalar Merkezi\" \/>\n<meta property=\"article:published_time\" content=\"2022-06-07T09:02:47+00:00\" \/>\n<meta property=\"og:image\" content=\"https:\/\/akunq.net\/tr\/wp-content\/uploads\/sites\/6\/2022\/06\/Van-G\u00f6l\u00fc.jpg\" \/>\n\t<meta property=\"og:image:width\" content=\"299\" \/>\n\t<meta property=\"og:image:height\" content=\"168\" \/>\n\t<meta property=\"og:image:type\" content=\"image\/jpeg\" \/>\n<meta name=\"author\" content=\"admin\" \/>\n<meta name=\"twitter:card\" content=\"summary_large_image\" \/>\n<meta name=\"twitter:label1\" content=\"Written by\" \/>\n\t<meta name=\"twitter:data1\" content=\"admin\" \/>\n\t<meta name=\"twitter:label2\" content=\"Est. reading time\" \/>\n\t<meta name=\"twitter:data2\" content=\"1 minute\" \/>\n<script type=\"application\/ld+json\" class=\"yoast-schema-graph\">{\"@context\":\"https:\\\/\\\/schema.org\",\"@graph\":[{\"@type\":\"Article\",\"@id\":\"https:\\\/\\\/akunq.net\\\/tr\\\/?p=68884#article\",\"isPartOf\":{\"@id\":\"https:\\\/\\\/akunq.net\\\/tr\\\/?p=68884\"},\"author\":{\"name\":\"admin\",\"@id\":\"https:\\\/\\\/akunq.net\\\/tr\\\/#\\\/schema\\\/person\\\/096f1d38a12cce57fb855b485ed24c9e\"},\"headline\":\"Van G\u00f6l\u00fc\u2019nde \u2018trafik canavar\u0131\u2019 varm\u0131\u015f\",\"datePublished\":\"2022-06-07T09:02:47+00:00\",\"mainEntityOfPage\":{\"@id\":\"https:\\\/\\\/akunq.net\\\/tr\\\/?p=68884\"},\"wordCount\":128,\"commentCount\":0,\"image\":{\"@id\":\"https:\\\/\\\/akunq.net\\\/tr\\\/?p=68884#primaryimage\"},\"thumbnailUrl\":\"https:\\\/\\\/akunq.net\\\/tr\\\/wp-content\\\/uploads\\\/sites\\\/6\\\/2022\\\/06\\\/Van-G\u00f6l\u00fc.jpg\",\"articleSection\":[\"G\u00fcn\u00fcm\u00fczde Bat\u0131 Ermenistan\",\"Haberler\"],\"inLanguage\":\"en-US\",\"potentialAction\":[{\"@type\":\"CommentAction\",\"name\":\"Comment\",\"target\":[\"https:\\\/\\\/akunq.net\\\/tr\\\/?p=68884#respond\"]}]},{\"@type\":\"WebPage\",\"@id\":\"https:\\\/\\\/akunq.net\\\/tr\\\/?p=68884\",\"url\":\"https:\\\/\\\/akunq.net\\\/tr\\\/?p=68884\",\"name\":\"Van G\u00f6l\u00fc\u2019nde \u2018trafik canavar\u0131\u2019 varm\u0131\u015f - Bati Ermenistan Ve Bati Ermenileri Sorunlari Ara\u015ftirmalar Merkezi\",\"isPartOf\":{\"@id\":\"https:\\\/\\\/akunq.net\\\/tr\\\/#website\"},\"primaryImageOfPage\":{\"@id\":\"https:\\\/\\\/akunq.net\\\/tr\\\/?p=68884#primaryimage\"},\"image\":{\"@id\":\"https:\\\/\\\/akunq.net\\\/tr\\\/?p=68884#primaryimage\"},\"thumbnailUrl\":\"https:\\\/\\\/akunq.net\\\/tr\\\/wp-content\\\/uploads\\\/sites\\\/6\\\/2022\\\/06\\\/Van-G\u00f6l\u00fc.jpg\",\"datePublished\":\"2022-06-07T09:02:47+00:00\",\"author\":{\"@id\":\"https:\\\/\\\/akunq.net\\\/tr\\\/#\\\/schema\\\/person\\\/096f1d38a12cce57fb855b485ed24c9e\"},\"breadcrumb\":{\"@id\":\"https:\\\/\\\/akunq.net\\\/tr\\\/?p=68884#breadcrumb\"},\"inLanguage\":\"en-US\",\"potentialAction\":[{\"@type\":\"ReadAction\",\"target\":[\"https:\\\/\\\/akunq.net\\\/tr\\\/?p=68884\"]}]},{\"@type\":\"ImageObject\",\"inLanguage\":\"en-US\",\"@id\":\"https:\\\/\\\/akunq.net\\\/tr\\\/?p=68884#primaryimage\",\"url\":\"https:\\\/\\\/akunq.net\\\/tr\\\/wp-content\\\/uploads\\\/sites\\\/6\\\/2022\\\/06\\\/Van-G\u00f6l\u00fc.jpg\",\"contentUrl\":\"https:\\\/\\\/akunq.net\\\/tr\\\/wp-content\\\/uploads\\\/sites\\\/6\\\/2022\\\/06\\\/Van-G\u00f6l\u00fc.jpg\",\"width\":299,\"height\":168},{\"@type\":\"BreadcrumbList\",\"@id\":\"https:\\\/\\\/akunq.net\\\/tr\\\/?p=68884#breadcrumb\",\"itemListElement\":[{\"@type\":\"ListItem\",\"position\":1,\"name\":\"Home\",\"item\":\"https:\\\/\\\/akunq.net\\\/tr\"},{\"@type\":\"ListItem\",\"position\":2,\"name\":\"Van G\u00f6l\u00fc\u2019nde \u2018trafik canavar\u0131\u2019 varm\u0131\u015f\"}]},{\"@type\":\"WebSite\",\"@id\":\"https:\\\/\\\/akunq.net\\\/tr\\\/#website\",\"url\":\"https:\\\/\\\/akunq.net\\\/tr\\\/\",\"name\":\"Bati Ermenistan Ve Bati Ermenileri Sorunlari Ara\u015ftirmalar Merkezi\",\"description\":\"\",\"potentialAction\":[{\"@type\":\"SearchAction\",\"target\":{\"@type\":\"EntryPoint\",\"urlTemplate\":\"https:\\\/\\\/akunq.net\\\/tr\\\/?s={search_term_string}\"},\"query-input\":{\"@type\":\"PropertyValueSpecification\",\"valueRequired\":true,\"valueName\":\"search_term_string\"}}],\"inLanguage\":\"en-US\"},{\"@type\":\"Person\",\"@id\":\"https:\\\/\\\/akunq.net\\\/tr\\\/#\\\/schema\\\/person\\\/096f1d38a12cce57fb855b485ed24c9e\",\"name\":\"admin\",\"url\":\"https:\\\/\\\/akunq.net\\\/tr\\\/?author=7\"}]}<\/script>\n<!-- \/ Yoast SEO plugin. -->","yoast_head_json":{"title":"Van G\u00f6l\u00fc\u2019nde \u2018trafik canavar\u0131\u2019 varm\u0131\u015f - Bati Ermenistan Ve Bati Ermenileri Sorunlari Ara\u015ftirmalar Merkezi","robots":{"index":"index","follow":"follow","max-snippet":"max-snippet:-1","max-image-preview":"max-image-preview:large","max-video-preview":"max-video-preview:-1"},"canonical":"https:\/\/akunq.net\/tr\/?p=68884","og_locale":"en_US","og_type":"article","og_title":"Van G\u00f6l\u00fc\u2019nde \u2018trafik canavar\u0131\u2019 varm\u0131\u015f - Bati Ermenistan Ve Bati Ermenileri Sorunlari Ara\u015ftirmalar Merkezi","og_description":"\u20185 Haziran D\u00fcnya \u00c7evre G\u00fcn\u00fc\u2019 etkinlikleri kapsam\u0131nda Van G\u00f6l\u00fc\u2019ndeki Akdamar Adas\u0131 k\u0131y\u0131lar\u0131nda dalg\u0131\u00e7lar, dip temizli\u011fi yapt\u0131. G\u00f6lden \u00e7\u0131kar\u0131lan onlarca ara\u00e7 lasti\u011fi dikkat \u00e7ekti. DUVAR- Van G\u00f6l\u00fc\u2019ndeki Akdamar Adas\u0131\u2019nda d\u00fczenlenen \u00e7evre fark\u0131ndal\u0131\u011f\u0131 etkinli\u011finde B\u00fcy\u00fck\u015fehir Belediyesi Su Alt\u0131 Arama ve Kurtarma ekipleri, Sahil G\u00fcvenlik Komutanl\u0131\u011f\u0131 ve Van Dal\u0131\u015f Okulu \u2018Van Diving\u2019 \u00fcyelerinden olu\u015fan dalg\u0131\u00e7lar, Van G\u00f6l\u00fc\u2019nde dip [&hellip;]","og_url":"https:\/\/akunq.net\/tr\/?p=68884","og_site_name":"Bati Ermenistan Ve Bati Ermenileri Sorunlari Ara\u015ftirmalar Merkezi","article_published_time":"2022-06-07T09:02:47+00:00","og_image":[{"width":299,"height":168,"url":"https:\/\/akunq.net\/tr\/wp-content\/uploads\/sites\/6\/2022\/06\/Van-G\u00f6l\u00fc.jpg","type":"image\/jpeg"}],"author":"admin","twitter_card":"summary_large_image","twitter_misc":{"Written by":"admin","Est. reading time":"1 minute"},"schema":{"@context":"https:\/\/schema.org","@graph":[{"@type":"Article","@id":"https:\/\/akunq.net\/tr\/?p=68884#article","isPartOf":{"@id":"https:\/\/akunq.net\/tr\/?p=68884"},"author":{"name":"admin","@id":"https:\/\/akunq.net\/tr\/#\/schema\/person\/096f1d38a12cce57fb855b485ed24c9e"},"headline":"Van G\u00f6l\u00fc\u2019nde \u2018trafik canavar\u0131\u2019 varm\u0131\u015f","datePublished":"2022-06-07T09:02:47+00:00","mainEntityOfPage":{"@id":"https:\/\/akunq.net\/tr\/?p=68884"},"wordCount":128,"commentCount":0,"image":{"@id":"https:\/\/akunq.net\/tr\/?p=68884#primaryimage"},"thumbnailUrl":"https:\/\/akunq.net\/tr\/wp-content\/uploads\/sites\/6\/2022\/06\/Van-G\u00f6l\u00fc.jpg","articleSection":["G\u00fcn\u00fcm\u00fczde Bat\u0131 Ermenistan","Haberler"],"inLanguage":"en-US","potentialAction":[{"@type":"CommentAction","name":"Comment","target":["https:\/\/akunq.net\/tr\/?p=68884#respond"]}]},{"@type":"WebPage","@id":"https:\/\/akunq.net\/tr\/?p=68884","url":"https:\/\/akunq.net\/tr\/?p=68884","name":"Van G\u00f6l\u00fc\u2019nde \u2018trafik canavar\u0131\u2019 varm\u0131\u015f - Bati Ermenistan Ve Bati Ermenileri Sorunlari Ara\u015ftirmalar Merkezi","isPartOf":{"@id":"https:\/\/akunq.net\/tr\/#website"},"primaryImageOfPage":{"@id":"https:\/\/akunq.net\/tr\/?p=68884#primaryimage"},"image":{"@id":"https:\/\/akunq.net\/tr\/?p=68884#primaryimage"},"thumbnailUrl":"https:\/\/akunq.net\/tr\/wp-content\/uploads\/sites\/6\/2022\/06\/Van-G\u00f6l\u00fc.jpg","datePublished":"2022-06-07T09:02:47+00:00","author":{"@id":"https:\/\/akunq.net\/tr\/#\/schema\/person\/096f1d38a12cce57fb855b485ed24c9e"},"breadcrumb":{"@id":"https:\/\/akunq.net\/tr\/?p=68884#breadcrumb"},"inLanguage":"en-US","potentialAction":[{"@type":"ReadAction","target":["https:\/\/akunq.net\/tr\/?p=68884"]}]},{"@type":"ImageObject","inLanguage":"en-US","@id":"https:\/\/akunq.net\/tr\/?p=68884#primaryimage","url":"https:\/\/akunq.net\/tr\/wp-content\/uploads\/sites\/6\/2022\/06\/Van-G\u00f6l\u00fc.jpg","contentUrl":"https:\/\/akunq.net\/tr\/wp-content\/uploads\/sites\/6\/2022\/06\/Van-G\u00f6l\u00fc.jpg","width":299,"height":168},{"@type":"BreadcrumbList","@id":"https:\/\/akunq.net\/tr\/?p=68884#breadcrumb","itemListElement":[{"@type":"ListItem","position":1,"name":"Home","item":"https:\/\/akunq.net\/tr"},{"@type":"ListItem","position":2,"name":"Van G\u00f6l\u00fc\u2019nde \u2018trafik canavar\u0131\u2019 varm\u0131\u015f"}]},{"@type":"WebSite","@id":"https:\/\/akunq.net\/tr\/#website","url":"https:\/\/akunq.net\/tr\/","name":"Bati Ermenistan Ve Bati Ermenileri Sorunlari Ara\u015ftirmalar Merkezi","description":"","potentialAction":[{"@type":"SearchAction","target":{"@type":"EntryPoint","urlTemplate":"https:\/\/akunq.net\/tr\/?s={search_term_string}"},"query-input":{"@type":"PropertyValueSpecification","valueRequired":true,"valueName":"search_term_string"}}],"inLanguage":"en-US"},{"@type":"Person","@id":"https:\/\/akunq.net\/tr\/#\/schema\/person\/096f1d38a12cce57fb855b485ed24c9e","name":"admin","url":"https:\/\/akunq.net\/tr\/?author=7"}]}},"_links":{"self":[{"href":"https:\/\/akunq.net\/tr\/index.php?rest_route=\/wp\/v2\/posts\/68884","targetHints":{"allow":["GET"]}}],"collection":[{"href":"https:\/\/akunq.net\/tr\/index.php?rest_route=\/wp\/v2\/posts"}],"about":[{"href":"https:\/\/akunq.net\/tr\/index.php?rest_route=\/wp\/v2\/types\/post"}],"author":[{"embeddable":true,"href":"https:\/\/akunq.net\/tr\/index.php?rest_route=\/wp\/v2\/users\/7"}],"replies":[{"embeddable":true,"href":"https:\/\/akunq.net\/tr\/index.php?rest_route=%2Fwp%2Fv2%2Fcomments&post=68884"}],"version-history":[{"count":1,"href":"https:\/\/akunq.net\/tr\/index.php?rest_route=\/wp\/v2\/posts\/68884\/revisions"}],"predecessor-version":[{"id":68886,"href":"https:\/\/akunq.net\/tr\/index.php?rest_route=\/wp\/v2\/posts\/68884\/revisions\/68886"}],"wp:featuredmedia":[{"embeddable":true,"href":"https:\/\/akunq.net\/tr\/index.php?rest_route=\/wp\/v2\/media\/68885"}],"wp:attachment":[{"href":"https:\/\/akunq.net\/tr\/index.php?rest_route=%2Fwp%2Fv2%2Fmedia&parent=68884"}],"wp:term":[{"taxonomy":"category","embeddable":true,"href":"https:\/\/akunq.net\/tr\/index.php?rest_route=%2Fwp%2Fv2%2Fcategories&post=68884"},{"taxonomy":"post_tag","embeddable":true,"href":"https:\/\/akunq.net\/tr\/index.php?rest_route=%2Fwp%2Fv2%2Ftags&post=68884"}],"curies":[{"name":"wp","href":"https:\/\/api.w.org\/{rel}","templated":true}]}}