{"id":68881,"date":"2022-06-07T03:55:09","date_gmt":"2022-06-07T08:55:09","guid":{"rendered":"https:\/\/akunq.net\/tr\/?p=68881"},"modified":"2022-06-07T03:55:09","modified_gmt":"2022-06-07T08:55:09","slug":"alevi-kultur-dernegi-kocaeli-sube-baskani-saglam-cemevlerinin-ibadethane-olarak-kabul-edilmesi-icin-mucadelemizi-surduruyoruz","status":"publish","type":"post","link":"https:\/\/akunq.net\/tr\/?p=68881","title":{"rendered":"Alevi K\u00fclt\u00fcr Derne\u011fi Kocaeli \u015eube Ba\u015fkan\u0131 Sa\u011flam: Cemevlerinin ibadethane olarak kabul edilmesi i\u00e7in m\u00fccadelemizi s\u00fcrd\u00fcr\u00fcyoruz"},"content":{"rendered":"<p><img loading=\"lazy\" decoding=\"async\" class=\"aligncenter size-medium wp-image-68882\" src=\"https:\/\/akunq.net\/tr\/wp-content\/uploads\/2022\/06\/Alevi-K\u00fclt\u00fcr-Derne\u011fi-360x240.jpg\" alt=\"\" width=\"360\" height=\"240\" srcset=\"https:\/\/akunq.net\/tr\/wp-content\/uploads\/sites\/6\/2022\/06\/Alevi-K\u00fclt\u00fcr-Derne\u011fi-360x240.jpg 360w, https:\/\/akunq.net\/tr\/wp-content\/uploads\/sites\/6\/2022\/06\/Alevi-K\u00fclt\u00fcr-Derne\u011fi-768x511.jpg 768w, https:\/\/akunq.net\/tr\/wp-content\/uploads\/sites\/6\/2022\/06\/Alevi-K\u00fclt\u00fcr-Derne\u011fi-560x373.jpg 560w, https:\/\/akunq.net\/tr\/wp-content\/uploads\/sites\/6\/2022\/06\/Alevi-K\u00fclt\u00fcr-Derne\u011fi-260x173.jpg 260w, https:\/\/akunq.net\/tr\/wp-content\/uploads\/sites\/6\/2022\/06\/Alevi-K\u00fclt\u00fcr-Derne\u011fi-160x106.jpg 160w, https:\/\/akunq.net\/tr\/wp-content\/uploads\/sites\/6\/2022\/06\/Alevi-K\u00fclt\u00fcr-Derne\u011fi.jpg 840w\" sizes=\"auto, (max-width: 360px) 100vw, 360px\" \/><\/p>\n<p><em><strong>Alevi K\u00fclt\u00fcr Derne\u011fi Kocaeli \u015eubesi, \u0130zmit\u2019te kahvalt\u0131l\u0131 toplant\u0131 ger\u00e7ekle\u015ftirdi. \u015eube Ba\u015fkan\u0131 Birol Sa\u011flam, cemevlerinin ibadethane olarak kabul g\u00f6rmesi i\u00e7in \u00e7al\u0131\u015fmalar\u0131n\u0131 s\u00fcrd\u00fcrd\u00fcklerini kaydetti.<\/strong><\/em><\/p>\n<p>Alevi K\u00fclt\u00fcr Derne\u011fi Kocaeli \u015eubesi\u2019nin d\u00fczenledi\u011fi kahvalt\u0131da konu\u015fan \u015eube Ba\u015fkan\u0131 Birol Sa\u011flam \u201cCemevlerinin ibadethane olarak kabul edilmesi i\u00e7in m\u00fccadelemizi s\u00fcrd\u00fcr\u00fcyoruz\u201d dedi.<\/p>\n<p>\u0130zmit\u2019te bulunan Engelsiz Cafe\u2019de ger\u00e7ekle\u015ftirilen dayan\u0131\u015fma kahvalt\u0131s\u0131na \u0130zmit Belediye Ba\u015fkan\u0131 Fatma Kaplan H\u00fcrriyet, CHP \u0130l Ba\u015fkan\u0131 Harun Y\u0131ld\u0131zl\u0131, EMEP \u0130l Ba\u015fkan\u0131 Arzu Erkan, HDP \u0130l E\u015f Ba\u015fkan\u0131 Mehmet Salim Akbo\u011fa ile \u00e7ok say\u0131da demokratik kitle \u00f6rg\u00fct\u00fcn\u00fcn \u00fcye ve y\u00f6neticileri, kentte bulunan cemevleri ba\u015fkanlar\u0131 da kat\u0131ld\u0131.<\/p>\n<p>Birol Sa\u011flam, alevilerin e\u015fit yurtta\u015fl\u0131k temelindeki hak m\u00fccadelesini t\u00fcm bask\u0131 ve engellemelere ra\u011fmen s\u00fcrd\u00fcrmeye \u00e7al\u0131\u015ft\u0131klar\u0131n\u0131 ifade ederek; \u201cD\u00fcnya \u00fczerinde, bu co\u011frafyada ezilen t\u00fcm halklar\u0131n yan\u0131nda olmaya devam ediyoruz. Bug\u00fcne kadar da \u00fcniversite \u00f6\u011frencilerinin, fabrikadaki i\u015f\u00e7ilerin, \u00e7evrecilerin, haks\u0131zl\u0131\u011fa u\u011frayan bas\u0131n emek\u00e7ilerinin yan\u0131ndayd\u0131k. Kerbela belki 1400 y\u0131l \u00f6nce ya\u015fand\u0131 ama Kerbela bitmedi. Kad\u0131n cinayetlerinin, do\u011fa katliamlar\u0131n\u0131n, hayvan katliamlar\u0131n\u0131n oldu\u011fu her yer bizim i\u00e7in kerbelad\u0131r. O nedenle bu yan yana geli\u015fleri, dayan\u0131\u015fmay\u0131 \u00f6nemsiyoruz\u201d diye konu\u015ftu.<\/p>\n<h3>\u201cAS\u0130M\u0130LASYON POL\u0130T\u0130KALARI DEVAM ED\u0130YOR\u201d<\/h3>\n<p>Konser yasaklar\u0131, \u00c7ay\u0131rova\u2019da K\u00fcrt\u00e7e tiyatro oyununun yasaklanmas\u0131, Canan Kaftanc\u0131o\u011flu hakk\u0131nda verilen yarg\u0131 karar\u0131n\u0131 hat\u0131rlatan Birol Sa\u011flam; \u201cT\u00fcrkiye\u2019de farkl\u0131l\u0131klar\u0131n, renklerin ve d\u00fc\u015f\u00fcncelerin antidemokratik ku\u015fatma s\u00fcrecinden en \u00e7ok zarar g\u00f6ren kesimler oldu\u011fu \u00e7ok a\u00e7\u0131kt\u0131r. Bug\u00fcn inan\u00e7 ve kurumlar\u0131m\u0131z h\u00e2l\u00e2 bir resmi stat\u00fcye sahip de\u011fil, yasal g\u00fcvence alt\u0131na al\u0131nm\u0131yor. Asimilasyon politikalar\u0131 devam ediyor. Cemevleri alevilerin ibadethanesidir. Resmi olarak bu kabul edilmedi\u011fi i\u00e7in camii, kilise ve havra gibi ibadethanelerin faydaland\u0131\u011f\u0131 kamusal hizmetlerden mahrum kalm\u0131\u015ft\u0131r. Bu da Anayasan\u0131n e\u015fitlik ilkesinin ihlal edildi\u011fi anlam\u0131na geliyor\u201d dedi.<\/p>\n<h3>CEMEVLER\u0130N\u0130N STAT\u00dcS\u00dc BELED\u0130YE MECL\u0130S\u0130NDE G\u00d6R\u00dc\u015e\u00dcLECEK<\/h3>\n<p>Avrupa \u0130nsan Haklar\u0131 Mahkemesi\u2019nin 2 Aral\u0131k 2014 ve 26 Nisan 2016 tarihli kararlar\u0131yla cemevlerinin ibadethane stat\u00fcs\u00fcnde oldu\u011funun tescil edildi\u011fini belirten Sa\u011flam, \u00f6n\u00fcm\u00fczdeki sal\u0131 g\u00fcn\u00fc \u0130zmit Belediye meclisinde g\u00fcndeme getirilecek olan d\u00fczenlemeden bahsetti.<\/p>\n<p>\u201d Son 6 ayd\u0131r \u0130zmit\u2019te bulunan b\u00fct\u00fcn kurumlar\u0131 gezerek cemevlerinin yasal stat\u00fcs\u00fcn\u00fcn tan\u0131nmas\u0131 i\u00e7in g\u00f6r\u00fc\u015fmeler yap\u0131yoruz. \u0130zmit Belediyesi\u2019nin \u00f6nc\u00fcl\u00fc\u011f\u00fcnde cemevleri ba\u015fkanlar\u0131, kurum temsilcileriyle, belediye ba\u015fkan\u0131m\u0131z\u0131 yan yana getirerek \u00e7al\u0131\u015fmalar ger\u00e7ekle\u015ftirdik. Ge\u00e7ti\u011fimiz ay cemevlerinin yasal stat\u00fcs\u00fc belediye meclisinin komisyonlar\u0131nda g\u00f6r\u00fc\u015f\u00fcld\u00fc. 7 Haziran Sal\u0131 g\u00fcn\u00fc belediye meclisinde cemevlerinin yasal stat\u00fcs\u00fc g\u00f6r\u00fc\u015f\u00fclecek. Komisyon g\u00f6r\u00fc\u015fmelerinde bu meselenin meclisin i\u015fi oldu\u011fu ve belediyelerin yerel anlamda ald\u0131\u011f\u0131 kararlar\u0131n hi\u00e7bir \u015feyi de\u011fi\u015ftirmeyece\u011fi s\u00f6ylendi. Tam aksine \u00e7ok \u015feyi de\u011fi\u015ftirir. T\u00fcrkiye\u2019de pek \u00e7ok il ve il\u00e7e belediyelerinin alm\u0131\u015f oldu\u011fu yasal kararlar var. Bir\u00e7ok belediye bu konuda ad\u0131mlar da att\u0131 ve imar de\u011fi\u015fikli\u011fi planlar\u0131yla cemevlerinin bulundu\u011fu alanlar\u0131 ibadethane alan\u0131 olarak tan\u0131mlanmaya ba\u015fland\u0131. Biz bu ad\u0131mlar\u0131n \u00e7ok k\u0131ymetli oldu\u011funu d\u00fc\u015f\u00fcn\u00fcyoruz. Bu karar\u0131 alan belediyelerin say\u0131s\u0131n\u0131n artmas\u0131 meclisi de harekete ge\u00e7irecektir\u201d diye konu\u015ftu.<\/p>\n<p>Sa\u011flam, 7 Haziran g\u00fcn\u00fc ger\u00e7ekle\u015fecek olan \u0130zmit Belediyesi meclis toplant\u0131s\u0131na t\u00fcm demokratik kitle \u00f6rg\u00fctlerini ve alevi yurtta\u015flar\u0131 davet etti.\u00a0<b>\u00a0<\/b><\/p>\n<p><em><strong><a href=\"https:\/\/www.evrensel.net\/haber\/463097\/alevi-kultur-dernegi-kocaeli-sube-baskani-saglam-cemevlerinin-ibadethane-olarak-kabul-edilmesi-icin-mucadelemizi-surduruyoruz\">https:\/\/www.evrensel.net\/haber\/463097\/alevi-kultur-dernegi-kocaeli-sube-baskani-saglam-cemevlerinin-ibadethane-olarak-kabul-edilmesi-icin-mucadelemizi-surduruyoruz<\/a>\u00a0<\/strong><\/em><\/p>\n","protected":false},"excerpt":{"rendered":"<p>Alevi K\u00fclt\u00fcr Derne\u011fi Kocaeli \u015eubesi, \u0130zmit\u2019te kahvalt\u0131l\u0131 toplant\u0131 ger\u00e7ekle\u015ftirdi. \u015eube Ba\u015fkan\u0131 Birol Sa\u011flam, cemevlerinin ibadethane olarak kabul g\u00f6rmesi i\u00e7in \u00e7al\u0131\u015fmalar\u0131n\u0131 s\u00fcrd\u00fcrd\u00fcklerini kaydetti. Alevi K\u00fclt\u00fcr Derne\u011fi Kocaeli \u015eubesi\u2019nin d\u00fczenledi\u011fi kahvalt\u0131da konu\u015fan \u015eube Ba\u015fkan\u0131 Birol Sa\u011flam \u201cCemevlerinin ibadethane olarak kabul edilmesi i\u00e7in m\u00fccadelemizi s\u00fcrd\u00fcr\u00fcyoruz\u201d dedi. \u0130zmit\u2019te bulunan Engelsiz Cafe\u2019de ger\u00e7ekle\u015ftirilen dayan\u0131\u015fma kahvalt\u0131s\u0131na \u0130zmit Belediye Ba\u015fkan\u0131 Fatma Kaplan [&hellip;]<\/p>\n","protected":false},"author":7,"featured_media":68882,"comment_status":"open","ping_status":"open","sticky":false,"template":"","format":"standard","meta":{"footnotes":""},"categories":[1,53],"tags":[],"class_list":["post-68881","post","type-post","status-publish","format-standard","has-post-thumbnail","hentry","category-haberler","category-turkiyede-azinliklar"],"yoast_head":"<!-- This site is optimized with the Yoast SEO plugin v27.4 - https:\/\/yoast.com\/product\/yoast-seo-wordpress\/ -->\n<title>Alevi K\u00fclt\u00fcr Derne\u011fi Kocaeli \u015eube Ba\u015fkan\u0131 Sa\u011flam: Cemevlerinin ibadethane olarak kabul edilmesi i\u00e7in m\u00fccadelemizi s\u00fcrd\u00fcr\u00fcyoruz - Bati Ermenistan Ve Bati Ermenileri Sorunlari Ara\u015ftirmalar Merkezi<\/title>\n<meta name=\"robots\" content=\"index, follow, max-snippet:-1, max-image-preview:large, max-video-preview:-1\" \/>\n<link rel=\"canonical\" href=\"https:\/\/akunq.net\/tr\/?p=68881\" \/>\n<meta property=\"og:locale\" content=\"en_US\" \/>\n<meta property=\"og:type\" content=\"article\" \/>\n<meta property=\"og:title\" content=\"Alevi K\u00fclt\u00fcr Derne\u011fi Kocaeli \u015eube Ba\u015fkan\u0131 Sa\u011flam: Cemevlerinin ibadethane olarak kabul edilmesi i\u00e7in m\u00fccadelemizi s\u00fcrd\u00fcr\u00fcyoruz - Bati Ermenistan Ve Bati Ermenileri Sorunlari Ara\u015ftirmalar Merkezi\" \/>\n<meta property=\"og:description\" content=\"Alevi K\u00fclt\u00fcr Derne\u011fi Kocaeli \u015eubesi, \u0130zmit\u2019te kahvalt\u0131l\u0131 toplant\u0131 ger\u00e7ekle\u015ftirdi. \u015eube Ba\u015fkan\u0131 Birol Sa\u011flam, cemevlerinin ibadethane olarak kabul g\u00f6rmesi i\u00e7in \u00e7al\u0131\u015fmalar\u0131n\u0131 s\u00fcrd\u00fcrd\u00fcklerini kaydetti. Alevi K\u00fclt\u00fcr Derne\u011fi Kocaeli \u015eubesi\u2019nin d\u00fczenledi\u011fi kahvalt\u0131da konu\u015fan \u015eube Ba\u015fkan\u0131 Birol Sa\u011flam \u201cCemevlerinin ibadethane olarak kabul edilmesi i\u00e7in m\u00fccadelemizi s\u00fcrd\u00fcr\u00fcyoruz\u201d dedi. \u0130zmit\u2019te bulunan Engelsiz Cafe\u2019de ger\u00e7ekle\u015ftirilen dayan\u0131\u015fma kahvalt\u0131s\u0131na \u0130zmit Belediye Ba\u015fkan\u0131 Fatma Kaplan [&hellip;]\" \/>\n<meta property=\"og:url\" content=\"https:\/\/akunq.net\/tr\/?p=68881\" \/>\n<meta property=\"og:site_name\" content=\"Bati Ermenistan Ve Bati Ermenileri Sorunlari Ara\u015ftirmalar Merkezi\" \/>\n<meta property=\"article:published_time\" content=\"2022-06-07T08:55:09+00:00\" \/>\n<meta property=\"og:image\" content=\"https:\/\/akunq.net\/tr\/wp-content\/uploads\/sites\/6\/2022\/06\/Alevi-K\u00fclt\u00fcr-Derne\u011fi.jpg\" \/>\n\t<meta property=\"og:image:width\" content=\"840\" \/>\n\t<meta property=\"og:image:height\" content=\"559\" \/>\n\t<meta property=\"og:image:type\" content=\"image\/jpeg\" \/>\n<meta name=\"author\" content=\"admin\" \/>\n<meta name=\"twitter:card\" content=\"summary_large_image\" \/>\n<meta name=\"twitter:label1\" content=\"Written by\" \/>\n\t<meta name=\"twitter:data1\" content=\"admin\" \/>\n\t<meta name=\"twitter:label2\" content=\"Est. reading time\" \/>\n\t<meta name=\"twitter:data2\" content=\"3 minutes\" \/>\n<script type=\"application\/ld+json\" class=\"yoast-schema-graph\">{\"@context\":\"https:\\\/\\\/schema.org\",\"@graph\":[{\"@type\":\"Article\",\"@id\":\"https:\\\/\\\/akunq.net\\\/tr\\\/?p=68881#article\",\"isPartOf\":{\"@id\":\"https:\\\/\\\/akunq.net\\\/tr\\\/?p=68881\"},\"author\":{\"name\":\"admin\",\"@id\":\"https:\\\/\\\/akunq.net\\\/tr\\\/#\\\/schema\\\/person\\\/096f1d38a12cce57fb855b485ed24c9e\"},\"headline\":\"Alevi K\u00fclt\u00fcr Derne\u011fi Kocaeli \u015eube Ba\u015fkan\u0131 Sa\u011flam: Cemevlerinin ibadethane olarak kabul edilmesi i\u00e7in m\u00fccadelemizi s\u00fcrd\u00fcr\u00fcyoruz\",\"datePublished\":\"2022-06-07T08:55:09+00:00\",\"mainEntityOfPage\":{\"@id\":\"https:\\\/\\\/akunq.net\\\/tr\\\/?p=68881\"},\"wordCount\":679,\"commentCount\":0,\"image\":{\"@id\":\"https:\\\/\\\/akunq.net\\\/tr\\\/?p=68881#primaryimage\"},\"thumbnailUrl\":\"https:\\\/\\\/akunq.net\\\/tr\\\/wp-content\\\/uploads\\\/sites\\\/6\\\/2022\\\/06\\\/Alevi-K\u00fclt\u00fcr-Derne\u011fi.jpg\",\"articleSection\":[\"Haberler\",\"T\u00fcrkiye\u2019de Az\u0131nl\u0131klar\"],\"inLanguage\":\"en-US\",\"potentialAction\":[{\"@type\":\"CommentAction\",\"name\":\"Comment\",\"target\":[\"https:\\\/\\\/akunq.net\\\/tr\\\/?p=68881#respond\"]}]},{\"@type\":\"WebPage\",\"@id\":\"https:\\\/\\\/akunq.net\\\/tr\\\/?p=68881\",\"url\":\"https:\\\/\\\/akunq.net\\\/tr\\\/?p=68881\",\"name\":\"Alevi K\u00fclt\u00fcr Derne\u011fi Kocaeli \u015eube Ba\u015fkan\u0131 Sa\u011flam: Cemevlerinin ibadethane olarak kabul edilmesi i\u00e7in m\u00fccadelemizi s\u00fcrd\u00fcr\u00fcyoruz - Bati Ermenistan Ve Bati Ermenileri Sorunlari Ara\u015ftirmalar Merkezi\",\"isPartOf\":{\"@id\":\"https:\\\/\\\/akunq.net\\\/tr\\\/#website\"},\"primaryImageOfPage\":{\"@id\":\"https:\\\/\\\/akunq.net\\\/tr\\\/?p=68881#primaryimage\"},\"image\":{\"@id\":\"https:\\\/\\\/akunq.net\\\/tr\\\/?p=68881#primaryimage\"},\"thumbnailUrl\":\"https:\\\/\\\/akunq.net\\\/tr\\\/wp-content\\\/uploads\\\/sites\\\/6\\\/2022\\\/06\\\/Alevi-K\u00fclt\u00fcr-Derne\u011fi.jpg\",\"datePublished\":\"2022-06-07T08:55:09+00:00\",\"author\":{\"@id\":\"https:\\\/\\\/akunq.net\\\/tr\\\/#\\\/schema\\\/person\\\/096f1d38a12cce57fb855b485ed24c9e\"},\"breadcrumb\":{\"@id\":\"https:\\\/\\\/akunq.net\\\/tr\\\/?p=68881#breadcrumb\"},\"inLanguage\":\"en-US\",\"potentialAction\":[{\"@type\":\"ReadAction\",\"target\":[\"https:\\\/\\\/akunq.net\\\/tr\\\/?p=68881\"]}]},{\"@type\":\"ImageObject\",\"inLanguage\":\"en-US\",\"@id\":\"https:\\\/\\\/akunq.net\\\/tr\\\/?p=68881#primaryimage\",\"url\":\"https:\\\/\\\/akunq.net\\\/tr\\\/wp-content\\\/uploads\\\/sites\\\/6\\\/2022\\\/06\\\/Alevi-K\u00fclt\u00fcr-Derne\u011fi.jpg\",\"contentUrl\":\"https:\\\/\\\/akunq.net\\\/tr\\\/wp-content\\\/uploads\\\/sites\\\/6\\\/2022\\\/06\\\/Alevi-K\u00fclt\u00fcr-Derne\u011fi.jpg\",\"width\":840,\"height\":559},{\"@type\":\"BreadcrumbList\",\"@id\":\"https:\\\/\\\/akunq.net\\\/tr\\\/?p=68881#breadcrumb\",\"itemListElement\":[{\"@type\":\"ListItem\",\"position\":1,\"name\":\"Home\",\"item\":\"https:\\\/\\\/akunq.net\\\/tr\"},{\"@type\":\"ListItem\",\"position\":2,\"name\":\"Alevi K\u00fclt\u00fcr Derne\u011fi Kocaeli \u015eube Ba\u015fkan\u0131 Sa\u011flam: Cemevlerinin ibadethane olarak kabul edilmesi i\u00e7in m\u00fccadelemizi s\u00fcrd\u00fcr\u00fcyoruz\"}]},{\"@type\":\"WebSite\",\"@id\":\"https:\\\/\\\/akunq.net\\\/tr\\\/#website\",\"url\":\"https:\\\/\\\/akunq.net\\\/tr\\\/\",\"name\":\"Bati Ermenistan Ve Bati Ermenileri Sorunlari Ara\u015ftirmalar Merkezi\",\"description\":\"\",\"potentialAction\":[{\"@type\":\"SearchAction\",\"target\":{\"@type\":\"EntryPoint\",\"urlTemplate\":\"https:\\\/\\\/akunq.net\\\/tr\\\/?s={search_term_string}\"},\"query-input\":{\"@type\":\"PropertyValueSpecification\",\"valueRequired\":true,\"valueName\":\"search_term_string\"}}],\"inLanguage\":\"en-US\"},{\"@type\":\"Person\",\"@id\":\"https:\\\/\\\/akunq.net\\\/tr\\\/#\\\/schema\\\/person\\\/096f1d38a12cce57fb855b485ed24c9e\",\"name\":\"admin\",\"url\":\"https:\\\/\\\/akunq.net\\\/tr\\\/?author=7\"}]}<\/script>\n<!-- \/ Yoast SEO plugin. -->","yoast_head_json":{"title":"Alevi K\u00fclt\u00fcr Derne\u011fi Kocaeli \u015eube Ba\u015fkan\u0131 Sa\u011flam: Cemevlerinin ibadethane olarak kabul edilmesi i\u00e7in m\u00fccadelemizi s\u00fcrd\u00fcr\u00fcyoruz - Bati Ermenistan Ve Bati Ermenileri Sorunlari Ara\u015ftirmalar Merkezi","robots":{"index":"index","follow":"follow","max-snippet":"max-snippet:-1","max-image-preview":"max-image-preview:large","max-video-preview":"max-video-preview:-1"},"canonical":"https:\/\/akunq.net\/tr\/?p=68881","og_locale":"en_US","og_type":"article","og_title":"Alevi K\u00fclt\u00fcr Derne\u011fi Kocaeli \u015eube Ba\u015fkan\u0131 Sa\u011flam: Cemevlerinin ibadethane olarak kabul edilmesi i\u00e7in m\u00fccadelemizi s\u00fcrd\u00fcr\u00fcyoruz - Bati Ermenistan Ve Bati Ermenileri Sorunlari Ara\u015ftirmalar Merkezi","og_description":"Alevi K\u00fclt\u00fcr Derne\u011fi Kocaeli \u015eubesi, \u0130zmit\u2019te kahvalt\u0131l\u0131 toplant\u0131 ger\u00e7ekle\u015ftirdi. \u015eube Ba\u015fkan\u0131 Birol Sa\u011flam, cemevlerinin ibadethane olarak kabul g\u00f6rmesi i\u00e7in \u00e7al\u0131\u015fmalar\u0131n\u0131 s\u00fcrd\u00fcrd\u00fcklerini kaydetti. Alevi K\u00fclt\u00fcr Derne\u011fi Kocaeli \u015eubesi\u2019nin d\u00fczenledi\u011fi kahvalt\u0131da konu\u015fan \u015eube Ba\u015fkan\u0131 Birol Sa\u011flam \u201cCemevlerinin ibadethane olarak kabul edilmesi i\u00e7in m\u00fccadelemizi s\u00fcrd\u00fcr\u00fcyoruz\u201d dedi. \u0130zmit\u2019te bulunan Engelsiz Cafe\u2019de ger\u00e7ekle\u015ftirilen dayan\u0131\u015fma kahvalt\u0131s\u0131na \u0130zmit Belediye Ba\u015fkan\u0131 Fatma Kaplan [&hellip;]","og_url":"https:\/\/akunq.net\/tr\/?p=68881","og_site_name":"Bati Ermenistan Ve Bati Ermenileri Sorunlari Ara\u015ftirmalar Merkezi","article_published_time":"2022-06-07T08:55:09+00:00","og_image":[{"width":840,"height":559,"url":"https:\/\/akunq.net\/tr\/wp-content\/uploads\/sites\/6\/2022\/06\/Alevi-K\u00fclt\u00fcr-Derne\u011fi.jpg","type":"image\/jpeg"}],"author":"admin","twitter_card":"summary_large_image","twitter_misc":{"Written by":"admin","Est. reading time":"3 minutes"},"schema":{"@context":"https:\/\/schema.org","@graph":[{"@type":"Article","@id":"https:\/\/akunq.net\/tr\/?p=68881#article","isPartOf":{"@id":"https:\/\/akunq.net\/tr\/?p=68881"},"author":{"name":"admin","@id":"https:\/\/akunq.net\/tr\/#\/schema\/person\/096f1d38a12cce57fb855b485ed24c9e"},"headline":"Alevi K\u00fclt\u00fcr Derne\u011fi Kocaeli \u015eube Ba\u015fkan\u0131 Sa\u011flam: Cemevlerinin ibadethane olarak kabul edilmesi i\u00e7in m\u00fccadelemizi s\u00fcrd\u00fcr\u00fcyoruz","datePublished":"2022-06-07T08:55:09+00:00","mainEntityOfPage":{"@id":"https:\/\/akunq.net\/tr\/?p=68881"},"wordCount":679,"commentCount":0,"image":{"@id":"https:\/\/akunq.net\/tr\/?p=68881#primaryimage"},"thumbnailUrl":"https:\/\/akunq.net\/tr\/wp-content\/uploads\/sites\/6\/2022\/06\/Alevi-K\u00fclt\u00fcr-Derne\u011fi.jpg","articleSection":["Haberler","T\u00fcrkiye\u2019de Az\u0131nl\u0131klar"],"inLanguage":"en-US","potentialAction":[{"@type":"CommentAction","name":"Comment","target":["https:\/\/akunq.net\/tr\/?p=68881#respond"]}]},{"@type":"WebPage","@id":"https:\/\/akunq.net\/tr\/?p=68881","url":"https:\/\/akunq.net\/tr\/?p=68881","name":"Alevi K\u00fclt\u00fcr Derne\u011fi Kocaeli \u015eube Ba\u015fkan\u0131 Sa\u011flam: Cemevlerinin ibadethane olarak kabul edilmesi i\u00e7in m\u00fccadelemizi s\u00fcrd\u00fcr\u00fcyoruz - Bati Ermenistan Ve Bati Ermenileri Sorunlari Ara\u015ftirmalar Merkezi","isPartOf":{"@id":"https:\/\/akunq.net\/tr\/#website"},"primaryImageOfPage":{"@id":"https:\/\/akunq.net\/tr\/?p=68881#primaryimage"},"image":{"@id":"https:\/\/akunq.net\/tr\/?p=68881#primaryimage"},"thumbnailUrl":"https:\/\/akunq.net\/tr\/wp-content\/uploads\/sites\/6\/2022\/06\/Alevi-K\u00fclt\u00fcr-Derne\u011fi.jpg","datePublished":"2022-06-07T08:55:09+00:00","author":{"@id":"https:\/\/akunq.net\/tr\/#\/schema\/person\/096f1d38a12cce57fb855b485ed24c9e"},"breadcrumb":{"@id":"https:\/\/akunq.net\/tr\/?p=68881#breadcrumb"},"inLanguage":"en-US","potentialAction":[{"@type":"ReadAction","target":["https:\/\/akunq.net\/tr\/?p=68881"]}]},{"@type":"ImageObject","inLanguage":"en-US","@id":"https:\/\/akunq.net\/tr\/?p=68881#primaryimage","url":"https:\/\/akunq.net\/tr\/wp-content\/uploads\/sites\/6\/2022\/06\/Alevi-K\u00fclt\u00fcr-Derne\u011fi.jpg","contentUrl":"https:\/\/akunq.net\/tr\/wp-content\/uploads\/sites\/6\/2022\/06\/Alevi-K\u00fclt\u00fcr-Derne\u011fi.jpg","width":840,"height":559},{"@type":"BreadcrumbList","@id":"https:\/\/akunq.net\/tr\/?p=68881#breadcrumb","itemListElement":[{"@type":"ListItem","position":1,"name":"Home","item":"https:\/\/akunq.net\/tr"},{"@type":"ListItem","position":2,"name":"Alevi K\u00fclt\u00fcr Derne\u011fi Kocaeli \u015eube Ba\u015fkan\u0131 Sa\u011flam: Cemevlerinin ibadethane olarak kabul edilmesi i\u00e7in m\u00fccadelemizi s\u00fcrd\u00fcr\u00fcyoruz"}]},{"@type":"WebSite","@id":"https:\/\/akunq.net\/tr\/#website","url":"https:\/\/akunq.net\/tr\/","name":"Bati Ermenistan Ve Bati Ermenileri Sorunlari Ara\u015ftirmalar Merkezi","description":"","potentialAction":[{"@type":"SearchAction","target":{"@type":"EntryPoint","urlTemplate":"https:\/\/akunq.net\/tr\/?s={search_term_string}"},"query-input":{"@type":"PropertyValueSpecification","valueRequired":true,"valueName":"search_term_string"}}],"inLanguage":"en-US"},{"@type":"Person","@id":"https:\/\/akunq.net\/tr\/#\/schema\/person\/096f1d38a12cce57fb855b485ed24c9e","name":"admin","url":"https:\/\/akunq.net\/tr\/?author=7"}]}},"_links":{"self":[{"href":"https:\/\/akunq.net\/tr\/index.php?rest_route=\/wp\/v2\/posts\/68881","targetHints":{"allow":["GET"]}}],"collection":[{"href":"https:\/\/akunq.net\/tr\/index.php?rest_route=\/wp\/v2\/posts"}],"about":[{"href":"https:\/\/akunq.net\/tr\/index.php?rest_route=\/wp\/v2\/types\/post"}],"author":[{"embeddable":true,"href":"https:\/\/akunq.net\/tr\/index.php?rest_route=\/wp\/v2\/users\/7"}],"replies":[{"embeddable":true,"href":"https:\/\/akunq.net\/tr\/index.php?rest_route=%2Fwp%2Fv2%2Fcomments&post=68881"}],"version-history":[{"count":1,"href":"https:\/\/akunq.net\/tr\/index.php?rest_route=\/wp\/v2\/posts\/68881\/revisions"}],"predecessor-version":[{"id":68883,"href":"https:\/\/akunq.net\/tr\/index.php?rest_route=\/wp\/v2\/posts\/68881\/revisions\/68883"}],"wp:featuredmedia":[{"embeddable":true,"href":"https:\/\/akunq.net\/tr\/index.php?rest_route=\/wp\/v2\/media\/68882"}],"wp:attachment":[{"href":"https:\/\/akunq.net\/tr\/index.php?rest_route=%2Fwp%2Fv2%2Fmedia&parent=68881"}],"wp:term":[{"taxonomy":"category","embeddable":true,"href":"https:\/\/akunq.net\/tr\/index.php?rest_route=%2Fwp%2Fv2%2Fcategories&post=68881"},{"taxonomy":"post_tag","embeddable":true,"href":"https:\/\/akunq.net\/tr\/index.php?rest_route=%2Fwp%2Fv2%2Ftags&post=68881"}],"curies":[{"name":"wp","href":"https:\/\/api.w.org\/{rel}","templated":true}]}}