{"id":68878,"date":"2022-06-07T03:33:49","date_gmt":"2022-06-07T08:33:49","guid":{"rendered":"https:\/\/akunq.net\/tr\/?p=68878"},"modified":"2022-06-07T03:33:49","modified_gmt":"2022-06-07T08:33:49","slug":"mardinde-suryani-bir-aile-darp-edildi-arazisi-yakildi","status":"publish","type":"post","link":"https:\/\/akunq.net\/tr\/?p=68878","title":{"rendered":"Mardin\u2019de S\u00fcryani bir aile darp edildi, arazisi yak\u0131ld\u0131"},"content":{"rendered":"<p><img loading=\"lazy\" decoding=\"async\" class=\"aligncenter size-medium wp-image-68879\" src=\"https:\/\/akunq.net\/tr\/wp-content\/uploads\/2022\/06\/Mardinde-Suryaniler-360x240.jpg\" alt=\"\" width=\"360\" height=\"240\" srcset=\"https:\/\/akunq.net\/tr\/wp-content\/uploads\/sites\/6\/2022\/06\/Mardinde-Suryaniler-360x240.jpg 360w, https:\/\/akunq.net\/tr\/wp-content\/uploads\/sites\/6\/2022\/06\/Mardinde-Suryaniler-560x373.jpg 560w, https:\/\/akunq.net\/tr\/wp-content\/uploads\/sites\/6\/2022\/06\/Mardinde-Suryaniler-260x173.jpg 260w, https:\/\/akunq.net\/tr\/wp-content\/uploads\/sites\/6\/2022\/06\/Mardinde-Suryaniler-160x107.jpg 160w, https:\/\/akunq.net\/tr\/wp-content\/uploads\/sites\/6\/2022\/06\/Mardinde-Suryaniler.jpg 600w\" sizes=\"auto, (max-width: 360px) 100vw, 360px\" \/><\/p>\n<p><em><strong>K\u0131z\u0131ltepe Brah\u00eem\u00eeye k\u00f6y\u00fcndeki tek S\u00fcryani aile, aralar\u0131nda uzun y\u0131llard\u0131r arazi anla\u015fmazl\u0131\u011f\u0131 bulunan ki\u015filerin sald\u0131r\u0131s\u0131na u\u011frad\u0131, arazileri ate\u015fe verildi.<\/strong><\/em><\/p>\n<p>Mardin\u2019in K\u0131z\u0131ltepe il\u00e7esine ba\u011fl\u0131 Brah\u00eem\u00eeye (I\u015f\u0131klar) k\u00f6y\u00fcnde d\u00fcn Mor Gevargis Kilisesi\u2019nde S\u00fcryaniler taraf\u0131ndan 100 y\u0131l aradan sonra ilk defa ayin ger\u00e7ekle\u015ftirildi. Ayin \u00f6ncesi k\u00f6yde ya\u015fayan tek S\u00fcryani aile, aralar\u0131nda Mardin Metropoliti Mor Fil\u00fcksinos Saliba \u00d6zmen ve Horiepiskopos Gabriyel Aky\u00fcz ile Midyat Mor Yakup Manast\u0131r\u0131 Rahibi Daniel Savc\u0131\u2019n\u0131n da oldu\u011fu misafirlerini evinde a\u011f\u0131rlad\u0131\u011f\u0131 s\u0131rada aralar\u0131nda uzun y\u0131llard\u0131r arazi anla\u015fmazl\u0131\u011f\u0131 bulunan \u015eeyhmus D. ailesinin sald\u0131r\u0131s\u0131na u\u011frad\u0131.<\/p>\n<p>Aralar\u0131nda arazi anla\u015fmazl\u0131\u011f\u0131 nedeniyle \u00e7\u0131kan tart\u0131\u015fma sonras\u0131 ger\u00e7ekle\u015fen sald\u0131r\u0131da S\u00fcryani Y\u0131lmaz ailesinin evine ta\u015f, sopa ve silahlarla sald\u0131r\u0131 ger\u00e7ekle\u015ftirildi. Olayda \u015fans eseri yaralanan olmazken, jandarma k\u00f6yde \u00f6nlem ald\u0131.<\/p>\n<p>S\u00fcryani din insanlar\u0131 kilisede ayinlerini ger\u00e7ekle\u015ftirerek, k\u00f6yden ayr\u0131l\u0131rken olaylar sonras\u0131nda da devam etti. \u015eeyhmus D.\u2019nin yak\u0131nlar\u0131 S\u00fcryani ailenin bu\u011fday ekili arazilerini ate\u015fe verdi. Bu\u011fdaylar\u0131n ate\u015fe verildi\u011fini g\u00f6ren \u00e7evredekilerin haber vermesi \u00fczerine ate\u015f b\u00fcy\u00fcmeden s\u00f6nd\u00fcr\u00fcl\u00fcrken, jandarma arazilerin \u00e7evresinde de \u00f6nlem ald\u0131.<\/p>\n<p>Olayla ilgili \u015eeyhmus D. ve kimi yak\u0131nlar\u0131 g\u00f6zalt\u0131na al\u0131n\u0131rken, ba\u015flat\u0131lan soru\u015fturma kapsam\u0131nda S\u00fcryani Y\u0131lmaz ailesi kar\u015f\u0131 taraftan \u015fikayet\u00e7i oldu.<\/p>\n<p><strong>Ayin g\u00fcn\u00fc<\/strong><\/p>\n<p>Olaya dair bilgi veren Cengiz Y\u0131lmaz, y\u0131llardan bu yana s\u00fcren arazi anla\u015fmazl\u0131\u011f\u0131 nedeniyle mahkemelik olduklar\u0131n\u0131, tapu i\u015flemlerinin yap\u0131ld\u0131\u011f\u0131n\u0131 ancak sorunun \u00e7\u00f6z\u00fclemedi\u011fini s\u00f6yledi. Ya\u015fanan olay\u0131n da ayin g\u00fcn\u00fc \u015eeyhmus D.\u2019nin yeniden konuyu a\u00e7mas\u0131 ve tart\u0131\u015fmaya ba\u015flamas\u0131 sonucu ya\u015fand\u0131\u011f\u0131n\u0131 dile getiren Y\u0131lmaz, \u201cTapu i\u015flemleri bitmi\u015f ama sorun \u00e7\u00f6z\u00fclmedi. K\u00f6y\u00fcn arazilerinin imara girmesinden sonra araziler daha da de\u011ferlendi. Bu nedenle sorun daha fazla b\u00fcy\u00fcmeye ba\u015flad\u0131. Bizi k\u00f6yde ya\u015fatmayacaklar\u0131n\u0131 s\u00f6yleyerek, tehditler savurdular. Hakaretler ettiler. K\u00f6yden \u00e7\u0131kmam\u0131z isteniyor. Ama korkmuyoruz. Burada kalmaya devam edece\u011fiz. \u015eimdi \u015fikayet\u00e7i olduk. Ne olaca\u011f\u0131na bakaca\u011f\u0131z\u201d ifadelerini kulland\u0131.<\/p>\n<p><em><strong><a href=\"https:\/\/yeniyasamgazetesi3.com\/mardinde-suryani-bir-aile-darp-edildi-arazisi-yakildi\/\">https:\/\/yeniyasamgazetesi3.com\/mardinde-suryani-bir-aile-darp-edildi-arazisi-yakildi\/<\/a>\u00a0<\/strong><\/em><\/p>\n","protected":false},"excerpt":{"rendered":"<p>K\u0131z\u0131ltepe Brah\u00eem\u00eeye k\u00f6y\u00fcndeki tek S\u00fcryani aile, aralar\u0131nda uzun y\u0131llard\u0131r arazi anla\u015fmazl\u0131\u011f\u0131 bulunan ki\u015filerin sald\u0131r\u0131s\u0131na u\u011frad\u0131, arazileri ate\u015fe verildi. Mardin\u2019in K\u0131z\u0131ltepe il\u00e7esine ba\u011fl\u0131 Brah\u00eem\u00eeye (I\u015f\u0131klar) k\u00f6y\u00fcnde d\u00fcn Mor Gevargis Kilisesi\u2019nde S\u00fcryaniler taraf\u0131ndan 100 y\u0131l aradan sonra ilk defa ayin ger\u00e7ekle\u015ftirildi. Ayin \u00f6ncesi k\u00f6yde ya\u015fayan tek S\u00fcryani aile, aralar\u0131nda Mardin Metropoliti Mor Fil\u00fcksinos Saliba \u00d6zmen ve Horiepiskopos [&hellip;]<\/p>\n","protected":false},"author":7,"featured_media":68879,"comment_status":"open","ping_status":"open","sticky":false,"template":"","format":"standard","meta":{"footnotes":""},"categories":[1,53],"tags":[],"class_list":["post-68878","post","type-post","status-publish","format-standard","has-post-thumbnail","hentry","category-haberler","category-turkiyede-azinliklar"],"yoast_head":"<!-- This site is optimized with the Yoast SEO plugin v27.4 - https:\/\/yoast.com\/product\/yoast-seo-wordpress\/ -->\n<title>Mardin\u2019de S\u00fcryani bir aile darp edildi, arazisi yak\u0131ld\u0131 - Bati Ermenistan Ve Bati Ermenileri Sorunlari Ara\u015ftirmalar Merkezi<\/title>\n<meta name=\"robots\" content=\"index, follow, max-snippet:-1, max-image-preview:large, max-video-preview:-1\" \/>\n<link rel=\"canonical\" href=\"https:\/\/akunq.net\/tr\/?p=68878\" \/>\n<meta property=\"og:locale\" content=\"en_US\" \/>\n<meta property=\"og:type\" content=\"article\" \/>\n<meta property=\"og:title\" content=\"Mardin\u2019de S\u00fcryani bir aile darp edildi, arazisi yak\u0131ld\u0131 - Bati Ermenistan Ve Bati Ermenileri Sorunlari Ara\u015ftirmalar Merkezi\" \/>\n<meta property=\"og:description\" content=\"K\u0131z\u0131ltepe Brah\u00eem\u00eeye k\u00f6y\u00fcndeki tek S\u00fcryani aile, aralar\u0131nda uzun y\u0131llard\u0131r arazi anla\u015fmazl\u0131\u011f\u0131 bulunan ki\u015filerin sald\u0131r\u0131s\u0131na u\u011frad\u0131, arazileri ate\u015fe verildi. Mardin\u2019in K\u0131z\u0131ltepe il\u00e7esine ba\u011fl\u0131 Brah\u00eem\u00eeye (I\u015f\u0131klar) k\u00f6y\u00fcnde d\u00fcn Mor Gevargis Kilisesi\u2019nde S\u00fcryaniler taraf\u0131ndan 100 y\u0131l aradan sonra ilk defa ayin ger\u00e7ekle\u015ftirildi. Ayin \u00f6ncesi k\u00f6yde ya\u015fayan tek S\u00fcryani aile, aralar\u0131nda Mardin Metropoliti Mor Fil\u00fcksinos Saliba \u00d6zmen ve Horiepiskopos [&hellip;]\" \/>\n<meta property=\"og:url\" content=\"https:\/\/akunq.net\/tr\/?p=68878\" \/>\n<meta property=\"og:site_name\" content=\"Bati Ermenistan Ve Bati Ermenileri Sorunlari Ara\u015ftirmalar Merkezi\" \/>\n<meta property=\"article:published_time\" content=\"2022-06-07T08:33:49+00:00\" \/>\n<meta property=\"og:image\" content=\"https:\/\/akunq.net\/tr\/wp-content\/uploads\/sites\/6\/2022\/06\/Mardinde-Suryaniler.jpg\" \/>\n\t<meta property=\"og:image:width\" content=\"600\" \/>\n\t<meta property=\"og:image:height\" content=\"400\" \/>\n\t<meta property=\"og:image:type\" content=\"image\/jpeg\" \/>\n<meta name=\"author\" content=\"admin\" \/>\n<meta name=\"twitter:card\" content=\"summary_large_image\" \/>\n<meta name=\"twitter:label1\" content=\"Written by\" \/>\n\t<meta name=\"twitter:data1\" content=\"admin\" \/>\n\t<meta name=\"twitter:label2\" content=\"Est. reading time\" \/>\n\t<meta name=\"twitter:data2\" content=\"2 minutes\" \/>\n<script type=\"application\/ld+json\" class=\"yoast-schema-graph\">{\"@context\":\"https:\\\/\\\/schema.org\",\"@graph\":[{\"@type\":\"Article\",\"@id\":\"https:\\\/\\\/akunq.net\\\/tr\\\/?p=68878#article\",\"isPartOf\":{\"@id\":\"https:\\\/\\\/akunq.net\\\/tr\\\/?p=68878\"},\"author\":{\"name\":\"admin\",\"@id\":\"https:\\\/\\\/akunq.net\\\/tr\\\/#\\\/schema\\\/person\\\/096f1d38a12cce57fb855b485ed24c9e\"},\"headline\":\"Mardin\u2019de S\u00fcryani bir aile darp edildi, arazisi yak\u0131ld\u0131\",\"datePublished\":\"2022-06-07T08:33:49+00:00\",\"mainEntityOfPage\":{\"@id\":\"https:\\\/\\\/akunq.net\\\/tr\\\/?p=68878\"},\"wordCount\":414,\"commentCount\":0,\"image\":{\"@id\":\"https:\\\/\\\/akunq.net\\\/tr\\\/?p=68878#primaryimage\"},\"thumbnailUrl\":\"https:\\\/\\\/akunq.net\\\/tr\\\/wp-content\\\/uploads\\\/sites\\\/6\\\/2022\\\/06\\\/Mardinde-Suryaniler.jpg\",\"articleSection\":[\"Haberler\",\"T\u00fcrkiye\u2019de Az\u0131nl\u0131klar\"],\"inLanguage\":\"en-US\",\"potentialAction\":[{\"@type\":\"CommentAction\",\"name\":\"Comment\",\"target\":[\"https:\\\/\\\/akunq.net\\\/tr\\\/?p=68878#respond\"]}]},{\"@type\":\"WebPage\",\"@id\":\"https:\\\/\\\/akunq.net\\\/tr\\\/?p=68878\",\"url\":\"https:\\\/\\\/akunq.net\\\/tr\\\/?p=68878\",\"name\":\"Mardin\u2019de S\u00fcryani bir aile darp edildi, arazisi yak\u0131ld\u0131 - Bati Ermenistan Ve Bati Ermenileri Sorunlari Ara\u015ftirmalar Merkezi\",\"isPartOf\":{\"@id\":\"https:\\\/\\\/akunq.net\\\/tr\\\/#website\"},\"primaryImageOfPage\":{\"@id\":\"https:\\\/\\\/akunq.net\\\/tr\\\/?p=68878#primaryimage\"},\"image\":{\"@id\":\"https:\\\/\\\/akunq.net\\\/tr\\\/?p=68878#primaryimage\"},\"thumbnailUrl\":\"https:\\\/\\\/akunq.net\\\/tr\\\/wp-content\\\/uploads\\\/sites\\\/6\\\/2022\\\/06\\\/Mardinde-Suryaniler.jpg\",\"datePublished\":\"2022-06-07T08:33:49+00:00\",\"author\":{\"@id\":\"https:\\\/\\\/akunq.net\\\/tr\\\/#\\\/schema\\\/person\\\/096f1d38a12cce57fb855b485ed24c9e\"},\"breadcrumb\":{\"@id\":\"https:\\\/\\\/akunq.net\\\/tr\\\/?p=68878#breadcrumb\"},\"inLanguage\":\"en-US\",\"potentialAction\":[{\"@type\":\"ReadAction\",\"target\":[\"https:\\\/\\\/akunq.net\\\/tr\\\/?p=68878\"]}]},{\"@type\":\"ImageObject\",\"inLanguage\":\"en-US\",\"@id\":\"https:\\\/\\\/akunq.net\\\/tr\\\/?p=68878#primaryimage\",\"url\":\"https:\\\/\\\/akunq.net\\\/tr\\\/wp-content\\\/uploads\\\/sites\\\/6\\\/2022\\\/06\\\/Mardinde-Suryaniler.jpg\",\"contentUrl\":\"https:\\\/\\\/akunq.net\\\/tr\\\/wp-content\\\/uploads\\\/sites\\\/6\\\/2022\\\/06\\\/Mardinde-Suryaniler.jpg\",\"width\":600,\"height\":400},{\"@type\":\"BreadcrumbList\",\"@id\":\"https:\\\/\\\/akunq.net\\\/tr\\\/?p=68878#breadcrumb\",\"itemListElement\":[{\"@type\":\"ListItem\",\"position\":1,\"name\":\"Home\",\"item\":\"https:\\\/\\\/akunq.net\\\/tr\"},{\"@type\":\"ListItem\",\"position\":2,\"name\":\"Mardin\u2019de S\u00fcryani bir aile darp edildi, arazisi yak\u0131ld\u0131\"}]},{\"@type\":\"WebSite\",\"@id\":\"https:\\\/\\\/akunq.net\\\/tr\\\/#website\",\"url\":\"https:\\\/\\\/akunq.net\\\/tr\\\/\",\"name\":\"Bati Ermenistan Ve Bati Ermenileri Sorunlari Ara\u015ftirmalar Merkezi\",\"description\":\"\",\"potentialAction\":[{\"@type\":\"SearchAction\",\"target\":{\"@type\":\"EntryPoint\",\"urlTemplate\":\"https:\\\/\\\/akunq.net\\\/tr\\\/?s={search_term_string}\"},\"query-input\":{\"@type\":\"PropertyValueSpecification\",\"valueRequired\":true,\"valueName\":\"search_term_string\"}}],\"inLanguage\":\"en-US\"},{\"@type\":\"Person\",\"@id\":\"https:\\\/\\\/akunq.net\\\/tr\\\/#\\\/schema\\\/person\\\/096f1d38a12cce57fb855b485ed24c9e\",\"name\":\"admin\",\"url\":\"https:\\\/\\\/akunq.net\\\/tr\\\/?author=7\"}]}<\/script>\n<!-- \/ Yoast SEO plugin. -->","yoast_head_json":{"title":"Mardin\u2019de S\u00fcryani bir aile darp edildi, arazisi yak\u0131ld\u0131 - Bati Ermenistan Ve Bati Ermenileri Sorunlari Ara\u015ftirmalar Merkezi","robots":{"index":"index","follow":"follow","max-snippet":"max-snippet:-1","max-image-preview":"max-image-preview:large","max-video-preview":"max-video-preview:-1"},"canonical":"https:\/\/akunq.net\/tr\/?p=68878","og_locale":"en_US","og_type":"article","og_title":"Mardin\u2019de S\u00fcryani bir aile darp edildi, arazisi yak\u0131ld\u0131 - Bati Ermenistan Ve Bati Ermenileri Sorunlari Ara\u015ftirmalar Merkezi","og_description":"K\u0131z\u0131ltepe Brah\u00eem\u00eeye k\u00f6y\u00fcndeki tek S\u00fcryani aile, aralar\u0131nda uzun y\u0131llard\u0131r arazi anla\u015fmazl\u0131\u011f\u0131 bulunan ki\u015filerin sald\u0131r\u0131s\u0131na u\u011frad\u0131, arazileri ate\u015fe verildi. Mardin\u2019in K\u0131z\u0131ltepe il\u00e7esine ba\u011fl\u0131 Brah\u00eem\u00eeye (I\u015f\u0131klar) k\u00f6y\u00fcnde d\u00fcn Mor Gevargis Kilisesi\u2019nde S\u00fcryaniler taraf\u0131ndan 100 y\u0131l aradan sonra ilk defa ayin ger\u00e7ekle\u015ftirildi. Ayin \u00f6ncesi k\u00f6yde ya\u015fayan tek S\u00fcryani aile, aralar\u0131nda Mardin Metropoliti Mor Fil\u00fcksinos Saliba \u00d6zmen ve Horiepiskopos [&hellip;]","og_url":"https:\/\/akunq.net\/tr\/?p=68878","og_site_name":"Bati Ermenistan Ve Bati Ermenileri Sorunlari Ara\u015ftirmalar Merkezi","article_published_time":"2022-06-07T08:33:49+00:00","og_image":[{"width":600,"height":400,"url":"https:\/\/akunq.net\/tr\/wp-content\/uploads\/sites\/6\/2022\/06\/Mardinde-Suryaniler.jpg","type":"image\/jpeg"}],"author":"admin","twitter_card":"summary_large_image","twitter_misc":{"Written by":"admin","Est. reading time":"2 minutes"},"schema":{"@context":"https:\/\/schema.org","@graph":[{"@type":"Article","@id":"https:\/\/akunq.net\/tr\/?p=68878#article","isPartOf":{"@id":"https:\/\/akunq.net\/tr\/?p=68878"},"author":{"name":"admin","@id":"https:\/\/akunq.net\/tr\/#\/schema\/person\/096f1d38a12cce57fb855b485ed24c9e"},"headline":"Mardin\u2019de S\u00fcryani bir aile darp edildi, arazisi yak\u0131ld\u0131","datePublished":"2022-06-07T08:33:49+00:00","mainEntityOfPage":{"@id":"https:\/\/akunq.net\/tr\/?p=68878"},"wordCount":414,"commentCount":0,"image":{"@id":"https:\/\/akunq.net\/tr\/?p=68878#primaryimage"},"thumbnailUrl":"https:\/\/akunq.net\/tr\/wp-content\/uploads\/sites\/6\/2022\/06\/Mardinde-Suryaniler.jpg","articleSection":["Haberler","T\u00fcrkiye\u2019de Az\u0131nl\u0131klar"],"inLanguage":"en-US","potentialAction":[{"@type":"CommentAction","name":"Comment","target":["https:\/\/akunq.net\/tr\/?p=68878#respond"]}]},{"@type":"WebPage","@id":"https:\/\/akunq.net\/tr\/?p=68878","url":"https:\/\/akunq.net\/tr\/?p=68878","name":"Mardin\u2019de S\u00fcryani bir aile darp edildi, arazisi yak\u0131ld\u0131 - Bati Ermenistan Ve Bati Ermenileri Sorunlari Ara\u015ftirmalar Merkezi","isPartOf":{"@id":"https:\/\/akunq.net\/tr\/#website"},"primaryImageOfPage":{"@id":"https:\/\/akunq.net\/tr\/?p=68878#primaryimage"},"image":{"@id":"https:\/\/akunq.net\/tr\/?p=68878#primaryimage"},"thumbnailUrl":"https:\/\/akunq.net\/tr\/wp-content\/uploads\/sites\/6\/2022\/06\/Mardinde-Suryaniler.jpg","datePublished":"2022-06-07T08:33:49+00:00","author":{"@id":"https:\/\/akunq.net\/tr\/#\/schema\/person\/096f1d38a12cce57fb855b485ed24c9e"},"breadcrumb":{"@id":"https:\/\/akunq.net\/tr\/?p=68878#breadcrumb"},"inLanguage":"en-US","potentialAction":[{"@type":"ReadAction","target":["https:\/\/akunq.net\/tr\/?p=68878"]}]},{"@type":"ImageObject","inLanguage":"en-US","@id":"https:\/\/akunq.net\/tr\/?p=68878#primaryimage","url":"https:\/\/akunq.net\/tr\/wp-content\/uploads\/sites\/6\/2022\/06\/Mardinde-Suryaniler.jpg","contentUrl":"https:\/\/akunq.net\/tr\/wp-content\/uploads\/sites\/6\/2022\/06\/Mardinde-Suryaniler.jpg","width":600,"height":400},{"@type":"BreadcrumbList","@id":"https:\/\/akunq.net\/tr\/?p=68878#breadcrumb","itemListElement":[{"@type":"ListItem","position":1,"name":"Home","item":"https:\/\/akunq.net\/tr"},{"@type":"ListItem","position":2,"name":"Mardin\u2019de S\u00fcryani bir aile darp edildi, arazisi yak\u0131ld\u0131"}]},{"@type":"WebSite","@id":"https:\/\/akunq.net\/tr\/#website","url":"https:\/\/akunq.net\/tr\/","name":"Bati Ermenistan Ve Bati Ermenileri Sorunlari Ara\u015ftirmalar Merkezi","description":"","potentialAction":[{"@type":"SearchAction","target":{"@type":"EntryPoint","urlTemplate":"https:\/\/akunq.net\/tr\/?s={search_term_string}"},"query-input":{"@type":"PropertyValueSpecification","valueRequired":true,"valueName":"search_term_string"}}],"inLanguage":"en-US"},{"@type":"Person","@id":"https:\/\/akunq.net\/tr\/#\/schema\/person\/096f1d38a12cce57fb855b485ed24c9e","name":"admin","url":"https:\/\/akunq.net\/tr\/?author=7"}]}},"_links":{"self":[{"href":"https:\/\/akunq.net\/tr\/index.php?rest_route=\/wp\/v2\/posts\/68878","targetHints":{"allow":["GET"]}}],"collection":[{"href":"https:\/\/akunq.net\/tr\/index.php?rest_route=\/wp\/v2\/posts"}],"about":[{"href":"https:\/\/akunq.net\/tr\/index.php?rest_route=\/wp\/v2\/types\/post"}],"author":[{"embeddable":true,"href":"https:\/\/akunq.net\/tr\/index.php?rest_route=\/wp\/v2\/users\/7"}],"replies":[{"embeddable":true,"href":"https:\/\/akunq.net\/tr\/index.php?rest_route=%2Fwp%2Fv2%2Fcomments&post=68878"}],"version-history":[{"count":1,"href":"https:\/\/akunq.net\/tr\/index.php?rest_route=\/wp\/v2\/posts\/68878\/revisions"}],"predecessor-version":[{"id":68880,"href":"https:\/\/akunq.net\/tr\/index.php?rest_route=\/wp\/v2\/posts\/68878\/revisions\/68880"}],"wp:featuredmedia":[{"embeddable":true,"href":"https:\/\/akunq.net\/tr\/index.php?rest_route=\/wp\/v2\/media\/68879"}],"wp:attachment":[{"href":"https:\/\/akunq.net\/tr\/index.php?rest_route=%2Fwp%2Fv2%2Fmedia&parent=68878"}],"wp:term":[{"taxonomy":"category","embeddable":true,"href":"https:\/\/akunq.net\/tr\/index.php?rest_route=%2Fwp%2Fv2%2Fcategories&post=68878"},{"taxonomy":"post_tag","embeddable":true,"href":"https:\/\/akunq.net\/tr\/index.php?rest_route=%2Fwp%2Fv2%2Ftags&post=68878"}],"curies":[{"name":"wp","href":"https:\/\/api.w.org\/{rel}","templated":true}]}}