{"id":68871,"date":"2022-06-06T02:43:27","date_gmt":"2022-06-06T07:43:27","guid":{"rendered":"https:\/\/akunq.net\/tr\/?p=68871"},"modified":"2022-06-06T02:43:27","modified_gmt":"2022-06-06T07:43:27","slug":"miras-operasyonu-suphelileri-adliyede","status":"publish","type":"post","link":"https:\/\/akunq.net\/tr\/?p=68871","title":{"rendered":"\u2018Miras\u2019 operasyonu \u015f\u00fcphelileri adliyede"},"content":{"rendered":"<p><img loading=\"lazy\" decoding=\"async\" class=\"aligncenter size-full wp-image-68872\" src=\"https:\/\/akunq.net\/tr\/wp-content\/uploads\/2022\/06\/Miras-operasyonu-3.jpg\" alt=\"\" width=\"300\" height=\"168\" srcset=\"https:\/\/akunq.net\/tr\/wp-content\/uploads\/sites\/6\/2022\/06\/Miras-operasyonu-3.jpg 300w, https:\/\/akunq.net\/tr\/wp-content\/uploads\/sites\/6\/2022\/06\/Miras-operasyonu-3-260x146.jpg 260w, https:\/\/akunq.net\/tr\/wp-content\/uploads\/sites\/6\/2022\/06\/Miras-operasyonu-3-160x90.jpg 160w\" sizes=\"auto, (max-width: 300px) 100vw, 300px\" \/><\/p>\n<p><em><strong>Konya Seydi\u015fehir Cumhuriyet Ba\u015fsavc\u0131l\u0131\u011f\u0131, ka\u00e7ak kaz\u0131larla bulduklar\u0131 tarihi eserleri yurt d\u0131\u015f\u0131ndaki m\u00fczayede evlerine g\u00f6nderip, sat\u0131lmas\u0131n\u0131 sa\u011flayarak haks\u0131z kazan\u00e7 elde eden su\u00e7 grubuna y\u00f6nelik soru\u015fturma ba\u015flatt\u0131. Soru\u015fturmas\u0131 kapsam\u0131nda su\u00e7 grubu, 1 y\u0131l boyunca takip edildi. Su\u00e7 grubunun, T\u00fcrkiye\u2019nin her b\u00f6lgesinde k\u00f6ylerde, sit alanlar\u0131nda, h\u00f6y\u00fcklerde tarihi eser bulmak amac\u0131yla yasa d\u0131\u015f\u0131 kaz\u0131 yapan \u2018ka\u00e7ak kaz\u0131c\u0131\u2019 olarak adland\u0131r\u0131lan ki\u015fileri yasa d\u0131\u015f\u0131 kaz\u0131 yapmaya te\u015fvik etti\u011fi belirlendi. Bulunan tarihi eserlerin, su\u00e7 grubu ad\u0131na \u2018toplay\u0131c\u0131\u2019 olarak nitelendirilen \u015f\u00fcpheliler taraf\u0131ndan belirli aral\u0131klarla b\u00f6lge b\u00f6lge gezilerek topland\u0131\u011f\u0131 tespit edildi. Tarihi eserlerin, su\u00e7 grubunun lideri konumunda olan \u2018pazarlamac\u0131\u2019 olarak tabir edilen \u015f\u00fcpheli taraf\u0131ndan yurt d\u0131\u015f\u0131ndaki m\u00fczayede evlerinde kuryeler arac\u0131l\u0131\u011f\u0131yla g\u00f6nderilerek sat\u0131ld\u0131\u011f\u0131 saptand\u0131. Elde edilen su\u00e7 gelirlerinin de bu sisteme fayda sa\u011flayan \u015f\u00fcpheliler aras\u0131nda payla\u015ft\u0131r\u0131ld\u0131\u011f\u0131 belirlendi.<\/strong><\/em><\/p>\n<p><strong>38 \u0130LDE E\u015e ZAMANLI OPERASYON<\/strong><\/p>\n<p>Elde edilen bilgilerin ard\u0131ndan \u0130\u00e7i\u015fleri Bakanl\u0131\u011f\u0131 koordinesinde, Emniyet Genel M\u00fcd\u00fcrl\u00fc\u011f\u00fc Ka\u00e7ak\u00e7\u0131l\u0131k ve Organize Su\u00e7larla M\u00fccadele (KOM) Daire Ba\u015fkanl\u0131\u011f\u0131 ekipleri 3 g\u00fcn \u00f6nce Konya merkezli 38 ilde 120 \u015f\u00fcpheliye y\u00f6nelik \u2018Miras\u2019 ad\u0131 verilen operasyon d\u00fczenlendi. Operasyonda \u015f\u00fcpheliler g\u00f6zalt\u0131na al\u0131nd\u0131. Bask\u0131n yap\u0131lan adreslerde yap\u0131lan aramalarda, \u00e7ok say\u0131da tarihi eser ele ge\u00e7irildi. Operasyon kapsam\u0131nda \u2018kurye\u2019 konumunda bulunan TIR \u015fof\u00f6r\u00fc, 1736 tarihi eseri Avusturya \u00fczerinden \u0130ngiltere\u2019deki m\u00fczayede evine kargo yoluyla g\u00f6ndermek isterken yakaland\u0131. K\u00fclt\u00fcr ve Turizm Bakanl\u0131\u011f\u0131 uzmanlar\u0131 taraf\u0131ndan yap\u0131lan incelemede, ele ge\u00e7irilen tarihi eserlerin b\u00fcy\u00fck k\u0131sm\u0131n\u0131n Anadolu k\u00f6kenli T\u00fcrkiye\u2019ye ait eserler oldu\u011fu belirlendi.<\/p>\n<p><strong>\u0130MPARATORLUK M\u00dcHR\u00dcN\u00dcN SATI\u015eI DURDURULDU<\/strong><\/p>\n<p>Operasyon kapsam\u0131nda ayr\u0131ca T\u00fcrkiye\u2019den ka\u00e7\u0131r\u0131lan ve \u0130svi\u00e7re\u2019de faaliyet g\u00f6steren m\u00fczayede evinde 28 bin \u0130svi\u00e7re frang\u0131 (430 bin TL) ile a\u00e7\u0131k art\u0131rmada sat\u0131\u015fa sunulan, Bizans d\u00f6nemine ait imparatorluk m\u00fchr\u00fcn\u00fcn sat\u0131\u015f\u0131 da devreye girilerek durduruldu.<\/p>\n<p>\u015e\u00fcphelilerin banka hesaplar\u0131nda yap\u0131lan incelemede, Avrupa ve ABD\u2019de faaliyet g\u00f6steren 6 farkl\u0131 m\u00fczayede evi ve baz\u0131 ki\u015filer taraf\u0131ndan su\u00e7 grubunun liderine y\u00fckl\u00fc miktarda d\u00f6viz cinsinden para g\u00f6nderildi\u011fi ve bu paran\u0131n su\u00e7 grubu \u00fcyeleri ve bu gruba menfaat sa\u011flayan \u015f\u00fcpheliler aras\u0131nda payla\u015ft\u0131r\u0131ld\u0131\u011f\u0131 belirlendi.<\/p>\n<p><strong>M\u00dcZAYEDEDEK\u0130 SATI\u015eLARDAN 20 M\u0130LYON KAZANMI\u015eLAR<\/strong><\/p>\n<p>Ka\u00e7ak kaz\u0131larda bulduklar\u0131 tarihi eserleri yurt d\u0131\u015f\u0131ndaki m\u00fczayede evlerine g\u00f6nderip, sat\u0131lmas\u0131n\u0131 sa\u011flayan, bu yolla da 20 milyon lira gelir elde eden \u015f\u00fcpheliler H.S. N.A. ve R.A.\u2019n\u0131n mal varl\u0131klar\u0131na da tedbir konuldu. Avukat oldu\u011fu \u00f6\u011frenilen N.A.\u2019n\u0131n, Bulgar ve T\u00fcrk vatanda\u015f\u0131 olan N.M. adl\u0131 kurye vas\u0131tas\u0131yla 1750 tarihi eseri Avusturya\u2019ya ka\u00e7\u0131rd\u0131\u011f\u0131 tespit edildi.<\/p>\n<p>Emniyette i\u015flemleri tamamlanan 34 \u015f\u00fcpheli bu sabah Seydi\u015fehir Adliyesine sevk edildi, 86 \u015f\u00fcpheli ise ifadelerinin ard\u0131ndan serbest b\u0131rak\u0131ld\u0131.<\/p>\n<hr \/>\n<p><em><strong><a href=\"https:\/\/www.milliyet.com.tr\/gundem\/miras-operasyonu-suphelileri-adliyede-6766613\" target=\"_blank\" rel=\"noopener noreferrer\">Milliyet Gazetesi<\/a>\u00a0<\/strong><\/em><\/p>\n","protected":false},"excerpt":{"rendered":"<p>Konya Seydi\u015fehir Cumhuriyet Ba\u015fsavc\u0131l\u0131\u011f\u0131, ka\u00e7ak kaz\u0131larla bulduklar\u0131 tarihi eserleri yurt d\u0131\u015f\u0131ndaki m\u00fczayede evlerine g\u00f6nderip, sat\u0131lmas\u0131n\u0131 sa\u011flayarak haks\u0131z kazan\u00e7 elde eden su\u00e7 grubuna y\u00f6nelik soru\u015fturma ba\u015flatt\u0131. Soru\u015fturmas\u0131 kapsam\u0131nda su\u00e7 grubu, 1 y\u0131l boyunca takip edildi. Su\u00e7 grubunun, T\u00fcrkiye\u2019nin her b\u00f6lgesinde k\u00f6ylerde, sit alanlar\u0131nda, h\u00f6y\u00fcklerde tarihi eser bulmak amac\u0131yla yasa d\u0131\u015f\u0131 kaz\u0131 yapan \u2018ka\u00e7ak kaz\u0131c\u0131\u2019 olarak adland\u0131r\u0131lan [&hellip;]<\/p>\n","protected":false},"author":7,"featured_media":68872,"comment_status":"open","ping_status":"open","sticky":false,"template":"","format":"standard","meta":{"footnotes":""},"categories":[1],"tags":[],"class_list":["post-68871","post","type-post","status-publish","format-standard","has-post-thumbnail","hentry","category-haberler"],"yoast_head":"<!-- This site is optimized with the Yoast SEO plugin v27.4 - https:\/\/yoast.com\/product\/yoast-seo-wordpress\/ -->\n<title>\u2018Miras\u2019 operasyonu \u015f\u00fcphelileri adliyede - Bati Ermenistan Ve Bati Ermenileri Sorunlari Ara\u015ftirmalar Merkezi<\/title>\n<meta name=\"robots\" content=\"index, follow, max-snippet:-1, max-image-preview:large, max-video-preview:-1\" \/>\n<link rel=\"canonical\" href=\"https:\/\/akunq.net\/tr\/?p=68871\" \/>\n<meta property=\"og:locale\" content=\"en_US\" \/>\n<meta property=\"og:type\" content=\"article\" \/>\n<meta property=\"og:title\" content=\"\u2018Miras\u2019 operasyonu \u015f\u00fcphelileri adliyede - Bati Ermenistan Ve Bati Ermenileri Sorunlari Ara\u015ftirmalar Merkezi\" \/>\n<meta property=\"og:description\" content=\"Konya Seydi\u015fehir Cumhuriyet Ba\u015fsavc\u0131l\u0131\u011f\u0131, ka\u00e7ak kaz\u0131larla bulduklar\u0131 tarihi eserleri yurt d\u0131\u015f\u0131ndaki m\u00fczayede evlerine g\u00f6nderip, sat\u0131lmas\u0131n\u0131 sa\u011flayarak haks\u0131z kazan\u00e7 elde eden su\u00e7 grubuna y\u00f6nelik soru\u015fturma ba\u015flatt\u0131. Soru\u015fturmas\u0131 kapsam\u0131nda su\u00e7 grubu, 1 y\u0131l boyunca takip edildi. Su\u00e7 grubunun, T\u00fcrkiye\u2019nin her b\u00f6lgesinde k\u00f6ylerde, sit alanlar\u0131nda, h\u00f6y\u00fcklerde tarihi eser bulmak amac\u0131yla yasa d\u0131\u015f\u0131 kaz\u0131 yapan \u2018ka\u00e7ak kaz\u0131c\u0131\u2019 olarak adland\u0131r\u0131lan [&hellip;]\" \/>\n<meta property=\"og:url\" content=\"https:\/\/akunq.net\/tr\/?p=68871\" \/>\n<meta property=\"og:site_name\" content=\"Bati Ermenistan Ve Bati Ermenileri Sorunlari Ara\u015ftirmalar Merkezi\" \/>\n<meta property=\"article:published_time\" content=\"2022-06-06T07:43:27+00:00\" \/>\n<meta property=\"og:image\" content=\"https:\/\/akunq.net\/tr\/wp-content\/uploads\/sites\/6\/2022\/06\/Miras-operasyonu-3.jpg\" \/>\n\t<meta property=\"og:image:width\" content=\"300\" \/>\n\t<meta property=\"og:image:height\" content=\"168\" \/>\n\t<meta property=\"og:image:type\" content=\"image\/jpeg\" \/>\n<meta name=\"author\" content=\"admin\" \/>\n<meta name=\"twitter:card\" content=\"summary_large_image\" \/>\n<meta name=\"twitter:label1\" content=\"Written by\" \/>\n\t<meta name=\"twitter:data1\" content=\"admin\" \/>\n\t<meta name=\"twitter:label2\" content=\"Est. reading time\" \/>\n\t<meta name=\"twitter:data2\" content=\"3 minutes\" \/>\n<script type=\"application\/ld+json\" class=\"yoast-schema-graph\">{\"@context\":\"https:\\\/\\\/schema.org\",\"@graph\":[{\"@type\":\"Article\",\"@id\":\"https:\\\/\\\/akunq.net\\\/tr\\\/?p=68871#article\",\"isPartOf\":{\"@id\":\"https:\\\/\\\/akunq.net\\\/tr\\\/?p=68871\"},\"author\":{\"name\":\"admin\",\"@id\":\"https:\\\/\\\/akunq.net\\\/tr\\\/#\\\/schema\\\/person\\\/096f1d38a12cce57fb855b485ed24c9e\"},\"headline\":\"\u2018Miras\u2019 operasyonu \u015f\u00fcphelileri adliyede\",\"datePublished\":\"2022-06-06T07:43:27+00:00\",\"mainEntityOfPage\":{\"@id\":\"https:\\\/\\\/akunq.net\\\/tr\\\/?p=68871\"},\"wordCount\":521,\"commentCount\":0,\"image\":{\"@id\":\"https:\\\/\\\/akunq.net\\\/tr\\\/?p=68871#primaryimage\"},\"thumbnailUrl\":\"https:\\\/\\\/akunq.net\\\/tr\\\/wp-content\\\/uploads\\\/sites\\\/6\\\/2022\\\/06\\\/Miras-operasyonu-3.jpg\",\"articleSection\":[\"Haberler\"],\"inLanguage\":\"en-US\",\"potentialAction\":[{\"@type\":\"CommentAction\",\"name\":\"Comment\",\"target\":[\"https:\\\/\\\/akunq.net\\\/tr\\\/?p=68871#respond\"]}]},{\"@type\":\"WebPage\",\"@id\":\"https:\\\/\\\/akunq.net\\\/tr\\\/?p=68871\",\"url\":\"https:\\\/\\\/akunq.net\\\/tr\\\/?p=68871\",\"name\":\"\u2018Miras\u2019 operasyonu \u015f\u00fcphelileri adliyede - Bati Ermenistan Ve Bati Ermenileri Sorunlari Ara\u015ftirmalar Merkezi\",\"isPartOf\":{\"@id\":\"https:\\\/\\\/akunq.net\\\/tr\\\/#website\"},\"primaryImageOfPage\":{\"@id\":\"https:\\\/\\\/akunq.net\\\/tr\\\/?p=68871#primaryimage\"},\"image\":{\"@id\":\"https:\\\/\\\/akunq.net\\\/tr\\\/?p=68871#primaryimage\"},\"thumbnailUrl\":\"https:\\\/\\\/akunq.net\\\/tr\\\/wp-content\\\/uploads\\\/sites\\\/6\\\/2022\\\/06\\\/Miras-operasyonu-3.jpg\",\"datePublished\":\"2022-06-06T07:43:27+00:00\",\"author\":{\"@id\":\"https:\\\/\\\/akunq.net\\\/tr\\\/#\\\/schema\\\/person\\\/096f1d38a12cce57fb855b485ed24c9e\"},\"breadcrumb\":{\"@id\":\"https:\\\/\\\/akunq.net\\\/tr\\\/?p=68871#breadcrumb\"},\"inLanguage\":\"en-US\",\"potentialAction\":[{\"@type\":\"ReadAction\",\"target\":[\"https:\\\/\\\/akunq.net\\\/tr\\\/?p=68871\"]}]},{\"@type\":\"ImageObject\",\"inLanguage\":\"en-US\",\"@id\":\"https:\\\/\\\/akunq.net\\\/tr\\\/?p=68871#primaryimage\",\"url\":\"https:\\\/\\\/akunq.net\\\/tr\\\/wp-content\\\/uploads\\\/sites\\\/6\\\/2022\\\/06\\\/Miras-operasyonu-3.jpg\",\"contentUrl\":\"https:\\\/\\\/akunq.net\\\/tr\\\/wp-content\\\/uploads\\\/sites\\\/6\\\/2022\\\/06\\\/Miras-operasyonu-3.jpg\",\"width\":300,\"height\":168},{\"@type\":\"BreadcrumbList\",\"@id\":\"https:\\\/\\\/akunq.net\\\/tr\\\/?p=68871#breadcrumb\",\"itemListElement\":[{\"@type\":\"ListItem\",\"position\":1,\"name\":\"Home\",\"item\":\"https:\\\/\\\/akunq.net\\\/tr\"},{\"@type\":\"ListItem\",\"position\":2,\"name\":\"\u2018Miras\u2019 operasyonu \u015f\u00fcphelileri adliyede\"}]},{\"@type\":\"WebSite\",\"@id\":\"https:\\\/\\\/akunq.net\\\/tr\\\/#website\",\"url\":\"https:\\\/\\\/akunq.net\\\/tr\\\/\",\"name\":\"Bati Ermenistan Ve Bati Ermenileri Sorunlari Ara\u015ftirmalar Merkezi\",\"description\":\"\",\"potentialAction\":[{\"@type\":\"SearchAction\",\"target\":{\"@type\":\"EntryPoint\",\"urlTemplate\":\"https:\\\/\\\/akunq.net\\\/tr\\\/?s={search_term_string}\"},\"query-input\":{\"@type\":\"PropertyValueSpecification\",\"valueRequired\":true,\"valueName\":\"search_term_string\"}}],\"inLanguage\":\"en-US\"},{\"@type\":\"Person\",\"@id\":\"https:\\\/\\\/akunq.net\\\/tr\\\/#\\\/schema\\\/person\\\/096f1d38a12cce57fb855b485ed24c9e\",\"name\":\"admin\",\"url\":\"https:\\\/\\\/akunq.net\\\/tr\\\/?author=7\"}]}<\/script>\n<!-- \/ Yoast SEO plugin. -->","yoast_head_json":{"title":"\u2018Miras\u2019 operasyonu \u015f\u00fcphelileri adliyede - Bati Ermenistan Ve Bati Ermenileri Sorunlari Ara\u015ftirmalar Merkezi","robots":{"index":"index","follow":"follow","max-snippet":"max-snippet:-1","max-image-preview":"max-image-preview:large","max-video-preview":"max-video-preview:-1"},"canonical":"https:\/\/akunq.net\/tr\/?p=68871","og_locale":"en_US","og_type":"article","og_title":"\u2018Miras\u2019 operasyonu \u015f\u00fcphelileri adliyede - Bati Ermenistan Ve Bati Ermenileri Sorunlari Ara\u015ftirmalar Merkezi","og_description":"Konya Seydi\u015fehir Cumhuriyet Ba\u015fsavc\u0131l\u0131\u011f\u0131, ka\u00e7ak kaz\u0131larla bulduklar\u0131 tarihi eserleri yurt d\u0131\u015f\u0131ndaki m\u00fczayede evlerine g\u00f6nderip, sat\u0131lmas\u0131n\u0131 sa\u011flayarak haks\u0131z kazan\u00e7 elde eden su\u00e7 grubuna y\u00f6nelik soru\u015fturma ba\u015flatt\u0131. Soru\u015fturmas\u0131 kapsam\u0131nda su\u00e7 grubu, 1 y\u0131l boyunca takip edildi. Su\u00e7 grubunun, T\u00fcrkiye\u2019nin her b\u00f6lgesinde k\u00f6ylerde, sit alanlar\u0131nda, h\u00f6y\u00fcklerde tarihi eser bulmak amac\u0131yla yasa d\u0131\u015f\u0131 kaz\u0131 yapan \u2018ka\u00e7ak kaz\u0131c\u0131\u2019 olarak adland\u0131r\u0131lan [&hellip;]","og_url":"https:\/\/akunq.net\/tr\/?p=68871","og_site_name":"Bati Ermenistan Ve Bati Ermenileri Sorunlari Ara\u015ftirmalar Merkezi","article_published_time":"2022-06-06T07:43:27+00:00","og_image":[{"width":300,"height":168,"url":"https:\/\/akunq.net\/tr\/wp-content\/uploads\/sites\/6\/2022\/06\/Miras-operasyonu-3.jpg","type":"image\/jpeg"}],"author":"admin","twitter_card":"summary_large_image","twitter_misc":{"Written by":"admin","Est. reading time":"3 minutes"},"schema":{"@context":"https:\/\/schema.org","@graph":[{"@type":"Article","@id":"https:\/\/akunq.net\/tr\/?p=68871#article","isPartOf":{"@id":"https:\/\/akunq.net\/tr\/?p=68871"},"author":{"name":"admin","@id":"https:\/\/akunq.net\/tr\/#\/schema\/person\/096f1d38a12cce57fb855b485ed24c9e"},"headline":"\u2018Miras\u2019 operasyonu \u015f\u00fcphelileri adliyede","datePublished":"2022-06-06T07:43:27+00:00","mainEntityOfPage":{"@id":"https:\/\/akunq.net\/tr\/?p=68871"},"wordCount":521,"commentCount":0,"image":{"@id":"https:\/\/akunq.net\/tr\/?p=68871#primaryimage"},"thumbnailUrl":"https:\/\/akunq.net\/tr\/wp-content\/uploads\/sites\/6\/2022\/06\/Miras-operasyonu-3.jpg","articleSection":["Haberler"],"inLanguage":"en-US","potentialAction":[{"@type":"CommentAction","name":"Comment","target":["https:\/\/akunq.net\/tr\/?p=68871#respond"]}]},{"@type":"WebPage","@id":"https:\/\/akunq.net\/tr\/?p=68871","url":"https:\/\/akunq.net\/tr\/?p=68871","name":"\u2018Miras\u2019 operasyonu \u015f\u00fcphelileri adliyede - Bati Ermenistan Ve Bati Ermenileri Sorunlari Ara\u015ftirmalar Merkezi","isPartOf":{"@id":"https:\/\/akunq.net\/tr\/#website"},"primaryImageOfPage":{"@id":"https:\/\/akunq.net\/tr\/?p=68871#primaryimage"},"image":{"@id":"https:\/\/akunq.net\/tr\/?p=68871#primaryimage"},"thumbnailUrl":"https:\/\/akunq.net\/tr\/wp-content\/uploads\/sites\/6\/2022\/06\/Miras-operasyonu-3.jpg","datePublished":"2022-06-06T07:43:27+00:00","author":{"@id":"https:\/\/akunq.net\/tr\/#\/schema\/person\/096f1d38a12cce57fb855b485ed24c9e"},"breadcrumb":{"@id":"https:\/\/akunq.net\/tr\/?p=68871#breadcrumb"},"inLanguage":"en-US","potentialAction":[{"@type":"ReadAction","target":["https:\/\/akunq.net\/tr\/?p=68871"]}]},{"@type":"ImageObject","inLanguage":"en-US","@id":"https:\/\/akunq.net\/tr\/?p=68871#primaryimage","url":"https:\/\/akunq.net\/tr\/wp-content\/uploads\/sites\/6\/2022\/06\/Miras-operasyonu-3.jpg","contentUrl":"https:\/\/akunq.net\/tr\/wp-content\/uploads\/sites\/6\/2022\/06\/Miras-operasyonu-3.jpg","width":300,"height":168},{"@type":"BreadcrumbList","@id":"https:\/\/akunq.net\/tr\/?p=68871#breadcrumb","itemListElement":[{"@type":"ListItem","position":1,"name":"Home","item":"https:\/\/akunq.net\/tr"},{"@type":"ListItem","position":2,"name":"\u2018Miras\u2019 operasyonu \u015f\u00fcphelileri adliyede"}]},{"@type":"WebSite","@id":"https:\/\/akunq.net\/tr\/#website","url":"https:\/\/akunq.net\/tr\/","name":"Bati Ermenistan Ve Bati Ermenileri Sorunlari Ara\u015ftirmalar Merkezi","description":"","potentialAction":[{"@type":"SearchAction","target":{"@type":"EntryPoint","urlTemplate":"https:\/\/akunq.net\/tr\/?s={search_term_string}"},"query-input":{"@type":"PropertyValueSpecification","valueRequired":true,"valueName":"search_term_string"}}],"inLanguage":"en-US"},{"@type":"Person","@id":"https:\/\/akunq.net\/tr\/#\/schema\/person\/096f1d38a12cce57fb855b485ed24c9e","name":"admin","url":"https:\/\/akunq.net\/tr\/?author=7"}]}},"_links":{"self":[{"href":"https:\/\/akunq.net\/tr\/index.php?rest_route=\/wp\/v2\/posts\/68871","targetHints":{"allow":["GET"]}}],"collection":[{"href":"https:\/\/akunq.net\/tr\/index.php?rest_route=\/wp\/v2\/posts"}],"about":[{"href":"https:\/\/akunq.net\/tr\/index.php?rest_route=\/wp\/v2\/types\/post"}],"author":[{"embeddable":true,"href":"https:\/\/akunq.net\/tr\/index.php?rest_route=\/wp\/v2\/users\/7"}],"replies":[{"embeddable":true,"href":"https:\/\/akunq.net\/tr\/index.php?rest_route=%2Fwp%2Fv2%2Fcomments&post=68871"}],"version-history":[{"count":1,"href":"https:\/\/akunq.net\/tr\/index.php?rest_route=\/wp\/v2\/posts\/68871\/revisions"}],"predecessor-version":[{"id":68873,"href":"https:\/\/akunq.net\/tr\/index.php?rest_route=\/wp\/v2\/posts\/68871\/revisions\/68873"}],"wp:featuredmedia":[{"embeddable":true,"href":"https:\/\/akunq.net\/tr\/index.php?rest_route=\/wp\/v2\/media\/68872"}],"wp:attachment":[{"href":"https:\/\/akunq.net\/tr\/index.php?rest_route=%2Fwp%2Fv2%2Fmedia&parent=68871"}],"wp:term":[{"taxonomy":"category","embeddable":true,"href":"https:\/\/akunq.net\/tr\/index.php?rest_route=%2Fwp%2Fv2%2Fcategories&post=68871"},{"taxonomy":"post_tag","embeddable":true,"href":"https:\/\/akunq.net\/tr\/index.php?rest_route=%2Fwp%2Fv2%2Ftags&post=68871"}],"curies":[{"name":"wp","href":"https:\/\/api.w.org\/{rel}","templated":true}]}}