{"id":68865,"date":"2022-06-06T02:18:22","date_gmt":"2022-06-06T07:18:22","guid":{"rendered":"https:\/\/akunq.net\/tr\/?p=68865"},"modified":"2022-06-06T02:18:22","modified_gmt":"2022-06-06T07:18:22","slug":"tumuluslerde-define-arayanlara-mudurden-tepki-insanliga-karsi-islenen-suc","status":"publish","type":"post","link":"https:\/\/akunq.net\/tr\/?p=68865","title":{"rendered":"T\u00fcm\u00fcl\u00fcslerde define arayanlara m\u00fcd\u00fcrden tepki: \u2018\u0130nsanl\u0131\u011fa kar\u015f\u0131 i\u015flenen su\u00e7\u2019"},"content":{"rendered":"<p><img loading=\"lazy\" decoding=\"async\" class=\"aligncenter size-medium wp-image-68866\" src=\"https:\/\/akunq.net\/tr\/wp-content\/uploads\/2022\/06\/T\u00fcm\u00fcl\u00fcs-360x213.jpg\" alt=\"\" width=\"360\" height=\"213\" srcset=\"https:\/\/akunq.net\/tr\/wp-content\/uploads\/sites\/6\/2022\/06\/T\u00fcm\u00fcl\u00fcs-360x213.jpg 360w, https:\/\/akunq.net\/tr\/wp-content\/uploads\/sites\/6\/2022\/06\/T\u00fcm\u00fcl\u00fcs-560x332.jpg 560w, https:\/\/akunq.net\/tr\/wp-content\/uploads\/sites\/6\/2022\/06\/T\u00fcm\u00fcl\u00fcs-260x154.jpg 260w, https:\/\/akunq.net\/tr\/wp-content\/uploads\/sites\/6\/2022\/06\/T\u00fcm\u00fcl\u00fcs-160x95.jpg 160w, https:\/\/akunq.net\/tr\/wp-content\/uploads\/sites\/6\/2022\/06\/T\u00fcm\u00fcl\u00fcs.jpg 760w\" sizes=\"auto, (max-width: 360px) 100vw, 360px\" \/><\/p>\n<p><em><strong>Tekirda\u011f K\u00fclt\u00fcr ve Turizm M\u00fcd\u00fcr\u00fc Ahmet Hac\u0131o\u011flu, t\u00fcm\u00fcl\u00fcslerde ka\u00e7ak kaz\u0131 yaparak define arayanlara tepki g\u00f6sterip, \u201cBuralar hazinelerin g\u00f6m\u00fcl\u00fc oldu\u011fu yerler de\u011fil ki. Buralarda ya\u015fayanlar Traklar, gariban halk. Burada g\u00f6m\u00fcl\u00fc olanlar M\u0131s\u0131r\u2019\u0131n firavunlar\u0131 de\u011fil ki, varl\u0131klar\u0131yla g\u00f6m\u00fcls\u00fcnler. Burada define aramak, hazine aramak beyhudedir, yanl\u0131\u015ft\u0131r. \u0130nsanl\u0131\u011fa kar\u015f\u0131 i\u015flenen bir su\u00e7tur\u201d dedi.<\/strong><\/em><\/p>\n<p>Tekirda\u011f \u0130l K\u00fclt\u00fcr M\u00fcd\u00fcr\u00fc Ahmet Hac\u0131o\u011flu, t\u00fcm\u00fcl\u00fcslerde ka\u00e7ak kaz\u0131 yaparak define arayanlara tepki g\u00f6sterdi. Trakya\u2019daki t\u00fcm\u00fcl\u00fcslerde define bulunmad\u0131\u011f\u0131n\u0131n aktaran Hac\u0131o\u011flu, Trakya genelinde binin \u00fczerinde t\u00fcm\u00fcl\u00fcs bulundu\u011funu bunlardan 242\u2019sinin Tekirda\u011f\u2019da oldu\u011funu ve 122\u2019sinin tescil edildi\u011fini dile getirdi.<\/p>\n<p>T\u00fcm\u00fcslerde yap\u0131lan \u00e7al\u0131\u015fmalarda \u00e7\u0131kan malzemelerin Tekirda\u011f Arkeoloji ve Etnografya M\u00fczesi\u2019nde sergilendi\u011fini belirten Hac\u0131o\u011flu, \u201cBu tepeler Trakya\u2019n\u0131n g\u00f6rsel an\u0131tlar\u0131d\u0131r. Bunun ismi t\u00fcm t\u00fcm\u00fcl\u00fcst\u00fcr ve di\u011fer ismi h\u00f6y\u00fck ya da i\u015fte korgand\u0131r. Bu tepeler bir mezar yeridir, baz\u0131lar\u0131 da toplanma yerini ifade ederler. Ama a\u011f\u0131rl\u0131kl\u0131 olarak y\u00fczde 90 mezar yeridir. O toplumun antik \u00e7a\u011fdan beri devam eden toplumun ileri gelenlerinin g\u00f6m\u00fcld\u00fc\u011f\u00fc, ayinlerinin yap\u0131ld\u0131\u011f\u0131, e\u015fyalar\u0131yla beraber defnedildi\u011fi mezarlard\u0131r ve bunlar\u0131n say\u0131s\u0131 bir hayli fazlad\u0131r. Bununla ilgili tam bir envanter \u00e7al\u0131\u015fmas\u0131 yap\u0131lm\u0131\u015f de\u011fil Trakya\u2019m\u0131zda. Ama bilinen binin \u00fczerinde t\u00fcm\u00fcl\u00fcs\u00fcn oldu\u011fu, bunlardan 632 tanesinin tescilli oldu\u011funu s\u00f6yleyebilirim\u201d diye konu\u015ftu.<\/p>\n<p><strong>\u201cHAZ\u0130NE G\u00d6M\u00dcL\u00dc YERLER DE\u011e\u0130L\u201d<\/strong><\/p>\n<p>T\u00fcm\u00fcl\u00fcslerin hazine g\u00f6m\u00fcl\u00fc yerler olmad\u0131\u011f\u0131n\u0131 ifade eden Hac\u0131o\u011flu, \u201c\u015e\u00f6yle bir alg\u0131 var toplumda. Buras\u0131 hazine ya da g\u00f6m\u00fc ya da di\u011fer ismiyle definenin oldu\u011fu d\u00fc\u015f\u00fcn\u00fclen yer. Bu sadece bizim toplumumuza de\u011fil, d\u00fcnya toplumuna da yap\u0131lan \u00e7ok b\u00fcy\u00fck bir hatad\u0131r, yanl\u0131\u015ft\u0131r. Buralar hazinelerin g\u00f6m\u00fcl\u00fc oldu\u011fu yerler de\u011fil ki. Buralarda ya\u015fayanlar Traklar, gariban halk. Bu gariban halk\u0131n ne kadar b\u00fcy\u00fck hazinesi olabilir ki, mezar\u0131yla g\u00f6m\u00fcls\u00fcn. Burada g\u00f6m\u00fcl\u00fc olanlar M\u0131s\u0131r\u2019\u0131n firavunlar\u0131 de\u011fil ki, varl\u0131klar\u0131yla g\u00f6m\u00fcls\u00fcnler. Burada d\u00fcnyan\u0131n da sorunu olan \u015fu an definecilik asl\u0131nda, hem kendi tarihimize hem d\u00fcnya tarihine asl\u0131nda insanl\u0131\u011fa kar\u015f\u0131 i\u015flenen bir su\u00e7tur. Yani burada define aramak, hazine aramak beyhudedir, yanl\u0131\u015ft\u0131r. Akl\u0131n ve bilimin kabul etmedi\u011fi bir \u015feydir. B\u00f6ylece k\u00fclt\u00fcr varl\u0131klar\u0131na zarar verilmekte bu da bizi K\u00fclt\u00fcr ve Turizm Bakanl\u0131\u011f\u0131 olarak ziyadesiyle \u00fczmektedir\u201d diye konu\u015ftu.<\/p>\n<p>Hac\u0131o\u011flu, \u201cBurada bir kral mezar\u0131 varm\u0131\u015f, Traklar\u0131n \u00f6nemli bir kral\u0131n\u0131n mezar\u0131. Yap\u0131lan ara\u015ft\u0131rmalar sonucunda mezar oldu\u011fu gibi bulundu. Mezardan \u00e7\u0131kan kemikler efendim onun kulland\u0131\u011f\u0131 e\u015fya, hatta kral\u0131n tac\u0131 ve di\u011fer \u00f6zel e\u015fyalar\u0131 Arkeoloji ve Etnografya M\u00fczesi\u2019nde mezardakiymi\u015f gibi konuldu ve izleyicilere sunuldu. Arkeoloji ve Etnografya M\u00fczesi\u2019ni en fazla merak eden ve ziyaret eden insanlar, Traklar \u00fczerine \u00e7al\u0131\u015fanlar, Traklar\u0131 merak edenler i\u015fte bu y\u00fczden Tekirda\u011f\u2019\u0131m\u0131za geliyorlar, bilgi sahibi oluyorlar\u201d ifadelerini kulland\u0131.<\/p>\n<hr \/>\n<p><strong><em><a href=\"https:\/\/www.cumhuriyet.com.tr\/turkiye\/tumuluslerde-define-arayanlara-mudurden-tepki-insanliga-karsi-islenen-suc-1943685\" target=\"_blank\" rel=\"noopener noreferrer\">Cumhuriyet Gazetesi<\/a>\u00a0<\/em><\/strong><\/p>\n","protected":false},"excerpt":{"rendered":"<p>Tekirda\u011f K\u00fclt\u00fcr ve Turizm M\u00fcd\u00fcr\u00fc Ahmet Hac\u0131o\u011flu, t\u00fcm\u00fcl\u00fcslerde ka\u00e7ak kaz\u0131 yaparak define arayanlara tepki g\u00f6sterip, \u201cBuralar hazinelerin g\u00f6m\u00fcl\u00fc oldu\u011fu yerler de\u011fil ki. Buralarda ya\u015fayanlar Traklar, gariban halk. Burada g\u00f6m\u00fcl\u00fc olanlar M\u0131s\u0131r\u2019\u0131n firavunlar\u0131 de\u011fil ki, varl\u0131klar\u0131yla g\u00f6m\u00fcls\u00fcnler. Burada define aramak, hazine aramak beyhudedir, yanl\u0131\u015ft\u0131r. \u0130nsanl\u0131\u011fa kar\u015f\u0131 i\u015flenen bir su\u00e7tur\u201d dedi. Tekirda\u011f \u0130l K\u00fclt\u00fcr M\u00fcd\u00fcr\u00fc Ahmet Hac\u0131o\u011flu, [&hellip;]<\/p>\n","protected":false},"author":7,"featured_media":68866,"comment_status":"open","ping_status":"open","sticky":false,"template":"","format":"standard","meta":{"footnotes":""},"categories":[1],"tags":[],"class_list":["post-68865","post","type-post","status-publish","format-standard","has-post-thumbnail","hentry","category-haberler"],"yoast_head":"<!-- This site is optimized with the Yoast SEO plugin v27.4 - https:\/\/yoast.com\/product\/yoast-seo-wordpress\/ -->\n<title>T\u00fcm\u00fcl\u00fcslerde define arayanlara m\u00fcd\u00fcrden tepki: \u2018\u0130nsanl\u0131\u011fa kar\u015f\u0131 i\u015flenen su\u00e7\u2019 - Bati Ermenistan Ve Bati Ermenileri Sorunlari Ara\u015ftirmalar Merkezi<\/title>\n<meta name=\"robots\" content=\"index, follow, max-snippet:-1, max-image-preview:large, max-video-preview:-1\" \/>\n<link rel=\"canonical\" href=\"https:\/\/akunq.net\/tr\/?p=68865\" \/>\n<meta property=\"og:locale\" content=\"en_US\" \/>\n<meta property=\"og:type\" content=\"article\" \/>\n<meta property=\"og:title\" content=\"T\u00fcm\u00fcl\u00fcslerde define arayanlara m\u00fcd\u00fcrden tepki: \u2018\u0130nsanl\u0131\u011fa kar\u015f\u0131 i\u015flenen su\u00e7\u2019 - Bati Ermenistan Ve Bati Ermenileri Sorunlari Ara\u015ftirmalar Merkezi\" \/>\n<meta property=\"og:description\" content=\"Tekirda\u011f K\u00fclt\u00fcr ve Turizm M\u00fcd\u00fcr\u00fc Ahmet Hac\u0131o\u011flu, t\u00fcm\u00fcl\u00fcslerde ka\u00e7ak kaz\u0131 yaparak define arayanlara tepki g\u00f6sterip, \u201cBuralar hazinelerin g\u00f6m\u00fcl\u00fc oldu\u011fu yerler de\u011fil ki. Buralarda ya\u015fayanlar Traklar, gariban halk. Burada g\u00f6m\u00fcl\u00fc olanlar M\u0131s\u0131r\u2019\u0131n firavunlar\u0131 de\u011fil ki, varl\u0131klar\u0131yla g\u00f6m\u00fcls\u00fcnler. Burada define aramak, hazine aramak beyhudedir, yanl\u0131\u015ft\u0131r. \u0130nsanl\u0131\u011fa kar\u015f\u0131 i\u015flenen bir su\u00e7tur\u201d dedi. Tekirda\u011f \u0130l K\u00fclt\u00fcr M\u00fcd\u00fcr\u00fc Ahmet Hac\u0131o\u011flu, [&hellip;]\" \/>\n<meta property=\"og:url\" content=\"https:\/\/akunq.net\/tr\/?p=68865\" \/>\n<meta property=\"og:site_name\" content=\"Bati Ermenistan Ve Bati Ermenileri Sorunlari Ara\u015ftirmalar Merkezi\" \/>\n<meta property=\"article:published_time\" content=\"2022-06-06T07:18:22+00:00\" \/>\n<meta property=\"og:image\" content=\"https:\/\/akunq.net\/tr\/wp-content\/uploads\/sites\/6\/2022\/06\/T\u00fcm\u00fcl\u00fcs.jpg\" \/>\n\t<meta property=\"og:image:width\" content=\"760\" \/>\n\t<meta property=\"og:image:height\" content=\"450\" \/>\n\t<meta property=\"og:image:type\" content=\"image\/jpeg\" \/>\n<meta name=\"author\" content=\"admin\" \/>\n<meta name=\"twitter:card\" content=\"summary_large_image\" \/>\n<meta name=\"twitter:label1\" content=\"Written by\" \/>\n\t<meta name=\"twitter:data1\" content=\"admin\" \/>\n\t<meta name=\"twitter:label2\" content=\"Est. reading time\" \/>\n\t<meta name=\"twitter:data2\" content=\"3 minutes\" \/>\n<script type=\"application\/ld+json\" class=\"yoast-schema-graph\">{\"@context\":\"https:\\\/\\\/schema.org\",\"@graph\":[{\"@type\":\"Article\",\"@id\":\"https:\\\/\\\/akunq.net\\\/tr\\\/?p=68865#article\",\"isPartOf\":{\"@id\":\"https:\\\/\\\/akunq.net\\\/tr\\\/?p=68865\"},\"author\":{\"name\":\"admin\",\"@id\":\"https:\\\/\\\/akunq.net\\\/tr\\\/#\\\/schema\\\/person\\\/096f1d38a12cce57fb855b485ed24c9e\"},\"headline\":\"T\u00fcm\u00fcl\u00fcslerde define arayanlara m\u00fcd\u00fcrden tepki: \u2018\u0130nsanl\u0131\u011fa kar\u015f\u0131 i\u015flenen su\u00e7\u2019\",\"datePublished\":\"2022-06-06T07:18:22+00:00\",\"mainEntityOfPage\":{\"@id\":\"https:\\\/\\\/akunq.net\\\/tr\\\/?p=68865\"},\"wordCount\":595,\"commentCount\":0,\"image\":{\"@id\":\"https:\\\/\\\/akunq.net\\\/tr\\\/?p=68865#primaryimage\"},\"thumbnailUrl\":\"https:\\\/\\\/akunq.net\\\/tr\\\/wp-content\\\/uploads\\\/sites\\\/6\\\/2022\\\/06\\\/T\u00fcm\u00fcl\u00fcs.jpg\",\"articleSection\":[\"Haberler\"],\"inLanguage\":\"en-US\",\"potentialAction\":[{\"@type\":\"CommentAction\",\"name\":\"Comment\",\"target\":[\"https:\\\/\\\/akunq.net\\\/tr\\\/?p=68865#respond\"]}]},{\"@type\":\"WebPage\",\"@id\":\"https:\\\/\\\/akunq.net\\\/tr\\\/?p=68865\",\"url\":\"https:\\\/\\\/akunq.net\\\/tr\\\/?p=68865\",\"name\":\"T\u00fcm\u00fcl\u00fcslerde define arayanlara m\u00fcd\u00fcrden tepki: \u2018\u0130nsanl\u0131\u011fa kar\u015f\u0131 i\u015flenen su\u00e7\u2019 - Bati Ermenistan Ve Bati Ermenileri Sorunlari Ara\u015ftirmalar Merkezi\",\"isPartOf\":{\"@id\":\"https:\\\/\\\/akunq.net\\\/tr\\\/#website\"},\"primaryImageOfPage\":{\"@id\":\"https:\\\/\\\/akunq.net\\\/tr\\\/?p=68865#primaryimage\"},\"image\":{\"@id\":\"https:\\\/\\\/akunq.net\\\/tr\\\/?p=68865#primaryimage\"},\"thumbnailUrl\":\"https:\\\/\\\/akunq.net\\\/tr\\\/wp-content\\\/uploads\\\/sites\\\/6\\\/2022\\\/06\\\/T\u00fcm\u00fcl\u00fcs.jpg\",\"datePublished\":\"2022-06-06T07:18:22+00:00\",\"author\":{\"@id\":\"https:\\\/\\\/akunq.net\\\/tr\\\/#\\\/schema\\\/person\\\/096f1d38a12cce57fb855b485ed24c9e\"},\"breadcrumb\":{\"@id\":\"https:\\\/\\\/akunq.net\\\/tr\\\/?p=68865#breadcrumb\"},\"inLanguage\":\"en-US\",\"potentialAction\":[{\"@type\":\"ReadAction\",\"target\":[\"https:\\\/\\\/akunq.net\\\/tr\\\/?p=68865\"]}]},{\"@type\":\"ImageObject\",\"inLanguage\":\"en-US\",\"@id\":\"https:\\\/\\\/akunq.net\\\/tr\\\/?p=68865#primaryimage\",\"url\":\"https:\\\/\\\/akunq.net\\\/tr\\\/wp-content\\\/uploads\\\/sites\\\/6\\\/2022\\\/06\\\/T\u00fcm\u00fcl\u00fcs.jpg\",\"contentUrl\":\"https:\\\/\\\/akunq.net\\\/tr\\\/wp-content\\\/uploads\\\/sites\\\/6\\\/2022\\\/06\\\/T\u00fcm\u00fcl\u00fcs.jpg\",\"width\":760,\"height\":450},{\"@type\":\"BreadcrumbList\",\"@id\":\"https:\\\/\\\/akunq.net\\\/tr\\\/?p=68865#breadcrumb\",\"itemListElement\":[{\"@type\":\"ListItem\",\"position\":1,\"name\":\"Home\",\"item\":\"https:\\\/\\\/akunq.net\\\/tr\"},{\"@type\":\"ListItem\",\"position\":2,\"name\":\"T\u00fcm\u00fcl\u00fcslerde define arayanlara m\u00fcd\u00fcrden tepki: \u2018\u0130nsanl\u0131\u011fa kar\u015f\u0131 i\u015flenen su\u00e7\u2019\"}]},{\"@type\":\"WebSite\",\"@id\":\"https:\\\/\\\/akunq.net\\\/tr\\\/#website\",\"url\":\"https:\\\/\\\/akunq.net\\\/tr\\\/\",\"name\":\"Bati Ermenistan Ve Bati Ermenileri Sorunlari Ara\u015ftirmalar Merkezi\",\"description\":\"\",\"potentialAction\":[{\"@type\":\"SearchAction\",\"target\":{\"@type\":\"EntryPoint\",\"urlTemplate\":\"https:\\\/\\\/akunq.net\\\/tr\\\/?s={search_term_string}\"},\"query-input\":{\"@type\":\"PropertyValueSpecification\",\"valueRequired\":true,\"valueName\":\"search_term_string\"}}],\"inLanguage\":\"en-US\"},{\"@type\":\"Person\",\"@id\":\"https:\\\/\\\/akunq.net\\\/tr\\\/#\\\/schema\\\/person\\\/096f1d38a12cce57fb855b485ed24c9e\",\"name\":\"admin\",\"url\":\"https:\\\/\\\/akunq.net\\\/tr\\\/?author=7\"}]}<\/script>\n<!-- \/ Yoast SEO plugin. -->","yoast_head_json":{"title":"T\u00fcm\u00fcl\u00fcslerde define arayanlara m\u00fcd\u00fcrden tepki: \u2018\u0130nsanl\u0131\u011fa kar\u015f\u0131 i\u015flenen su\u00e7\u2019 - Bati Ermenistan Ve Bati Ermenileri Sorunlari Ara\u015ftirmalar Merkezi","robots":{"index":"index","follow":"follow","max-snippet":"max-snippet:-1","max-image-preview":"max-image-preview:large","max-video-preview":"max-video-preview:-1"},"canonical":"https:\/\/akunq.net\/tr\/?p=68865","og_locale":"en_US","og_type":"article","og_title":"T\u00fcm\u00fcl\u00fcslerde define arayanlara m\u00fcd\u00fcrden tepki: \u2018\u0130nsanl\u0131\u011fa kar\u015f\u0131 i\u015flenen su\u00e7\u2019 - Bati Ermenistan Ve Bati Ermenileri Sorunlari Ara\u015ftirmalar Merkezi","og_description":"Tekirda\u011f K\u00fclt\u00fcr ve Turizm M\u00fcd\u00fcr\u00fc Ahmet Hac\u0131o\u011flu, t\u00fcm\u00fcl\u00fcslerde ka\u00e7ak kaz\u0131 yaparak define arayanlara tepki g\u00f6sterip, \u201cBuralar hazinelerin g\u00f6m\u00fcl\u00fc oldu\u011fu yerler de\u011fil ki. Buralarda ya\u015fayanlar Traklar, gariban halk. Burada g\u00f6m\u00fcl\u00fc olanlar M\u0131s\u0131r\u2019\u0131n firavunlar\u0131 de\u011fil ki, varl\u0131klar\u0131yla g\u00f6m\u00fcls\u00fcnler. Burada define aramak, hazine aramak beyhudedir, yanl\u0131\u015ft\u0131r. \u0130nsanl\u0131\u011fa kar\u015f\u0131 i\u015flenen bir su\u00e7tur\u201d dedi. Tekirda\u011f \u0130l K\u00fclt\u00fcr M\u00fcd\u00fcr\u00fc Ahmet Hac\u0131o\u011flu, [&hellip;]","og_url":"https:\/\/akunq.net\/tr\/?p=68865","og_site_name":"Bati Ermenistan Ve Bati Ermenileri Sorunlari Ara\u015ftirmalar Merkezi","article_published_time":"2022-06-06T07:18:22+00:00","og_image":[{"width":760,"height":450,"url":"https:\/\/akunq.net\/tr\/wp-content\/uploads\/sites\/6\/2022\/06\/T\u00fcm\u00fcl\u00fcs.jpg","type":"image\/jpeg"}],"author":"admin","twitter_card":"summary_large_image","twitter_misc":{"Written by":"admin","Est. reading time":"3 minutes"},"schema":{"@context":"https:\/\/schema.org","@graph":[{"@type":"Article","@id":"https:\/\/akunq.net\/tr\/?p=68865#article","isPartOf":{"@id":"https:\/\/akunq.net\/tr\/?p=68865"},"author":{"name":"admin","@id":"https:\/\/akunq.net\/tr\/#\/schema\/person\/096f1d38a12cce57fb855b485ed24c9e"},"headline":"T\u00fcm\u00fcl\u00fcslerde define arayanlara m\u00fcd\u00fcrden tepki: \u2018\u0130nsanl\u0131\u011fa kar\u015f\u0131 i\u015flenen su\u00e7\u2019","datePublished":"2022-06-06T07:18:22+00:00","mainEntityOfPage":{"@id":"https:\/\/akunq.net\/tr\/?p=68865"},"wordCount":595,"commentCount":0,"image":{"@id":"https:\/\/akunq.net\/tr\/?p=68865#primaryimage"},"thumbnailUrl":"https:\/\/akunq.net\/tr\/wp-content\/uploads\/sites\/6\/2022\/06\/T\u00fcm\u00fcl\u00fcs.jpg","articleSection":["Haberler"],"inLanguage":"en-US","potentialAction":[{"@type":"CommentAction","name":"Comment","target":["https:\/\/akunq.net\/tr\/?p=68865#respond"]}]},{"@type":"WebPage","@id":"https:\/\/akunq.net\/tr\/?p=68865","url":"https:\/\/akunq.net\/tr\/?p=68865","name":"T\u00fcm\u00fcl\u00fcslerde define arayanlara m\u00fcd\u00fcrden tepki: \u2018\u0130nsanl\u0131\u011fa kar\u015f\u0131 i\u015flenen su\u00e7\u2019 - Bati Ermenistan Ve Bati Ermenileri Sorunlari Ara\u015ftirmalar Merkezi","isPartOf":{"@id":"https:\/\/akunq.net\/tr\/#website"},"primaryImageOfPage":{"@id":"https:\/\/akunq.net\/tr\/?p=68865#primaryimage"},"image":{"@id":"https:\/\/akunq.net\/tr\/?p=68865#primaryimage"},"thumbnailUrl":"https:\/\/akunq.net\/tr\/wp-content\/uploads\/sites\/6\/2022\/06\/T\u00fcm\u00fcl\u00fcs.jpg","datePublished":"2022-06-06T07:18:22+00:00","author":{"@id":"https:\/\/akunq.net\/tr\/#\/schema\/person\/096f1d38a12cce57fb855b485ed24c9e"},"breadcrumb":{"@id":"https:\/\/akunq.net\/tr\/?p=68865#breadcrumb"},"inLanguage":"en-US","potentialAction":[{"@type":"ReadAction","target":["https:\/\/akunq.net\/tr\/?p=68865"]}]},{"@type":"ImageObject","inLanguage":"en-US","@id":"https:\/\/akunq.net\/tr\/?p=68865#primaryimage","url":"https:\/\/akunq.net\/tr\/wp-content\/uploads\/sites\/6\/2022\/06\/T\u00fcm\u00fcl\u00fcs.jpg","contentUrl":"https:\/\/akunq.net\/tr\/wp-content\/uploads\/sites\/6\/2022\/06\/T\u00fcm\u00fcl\u00fcs.jpg","width":760,"height":450},{"@type":"BreadcrumbList","@id":"https:\/\/akunq.net\/tr\/?p=68865#breadcrumb","itemListElement":[{"@type":"ListItem","position":1,"name":"Home","item":"https:\/\/akunq.net\/tr"},{"@type":"ListItem","position":2,"name":"T\u00fcm\u00fcl\u00fcslerde define arayanlara m\u00fcd\u00fcrden tepki: \u2018\u0130nsanl\u0131\u011fa kar\u015f\u0131 i\u015flenen su\u00e7\u2019"}]},{"@type":"WebSite","@id":"https:\/\/akunq.net\/tr\/#website","url":"https:\/\/akunq.net\/tr\/","name":"Bati Ermenistan Ve Bati Ermenileri Sorunlari Ara\u015ftirmalar Merkezi","description":"","potentialAction":[{"@type":"SearchAction","target":{"@type":"EntryPoint","urlTemplate":"https:\/\/akunq.net\/tr\/?s={search_term_string}"},"query-input":{"@type":"PropertyValueSpecification","valueRequired":true,"valueName":"search_term_string"}}],"inLanguage":"en-US"},{"@type":"Person","@id":"https:\/\/akunq.net\/tr\/#\/schema\/person\/096f1d38a12cce57fb855b485ed24c9e","name":"admin","url":"https:\/\/akunq.net\/tr\/?author=7"}]}},"_links":{"self":[{"href":"https:\/\/akunq.net\/tr\/index.php?rest_route=\/wp\/v2\/posts\/68865","targetHints":{"allow":["GET"]}}],"collection":[{"href":"https:\/\/akunq.net\/tr\/index.php?rest_route=\/wp\/v2\/posts"}],"about":[{"href":"https:\/\/akunq.net\/tr\/index.php?rest_route=\/wp\/v2\/types\/post"}],"author":[{"embeddable":true,"href":"https:\/\/akunq.net\/tr\/index.php?rest_route=\/wp\/v2\/users\/7"}],"replies":[{"embeddable":true,"href":"https:\/\/akunq.net\/tr\/index.php?rest_route=%2Fwp%2Fv2%2Fcomments&post=68865"}],"version-history":[{"count":1,"href":"https:\/\/akunq.net\/tr\/index.php?rest_route=\/wp\/v2\/posts\/68865\/revisions"}],"predecessor-version":[{"id":68867,"href":"https:\/\/akunq.net\/tr\/index.php?rest_route=\/wp\/v2\/posts\/68865\/revisions\/68867"}],"wp:featuredmedia":[{"embeddable":true,"href":"https:\/\/akunq.net\/tr\/index.php?rest_route=\/wp\/v2\/media\/68866"}],"wp:attachment":[{"href":"https:\/\/akunq.net\/tr\/index.php?rest_route=%2Fwp%2Fv2%2Fmedia&parent=68865"}],"wp:term":[{"taxonomy":"category","embeddable":true,"href":"https:\/\/akunq.net\/tr\/index.php?rest_route=%2Fwp%2Fv2%2Fcategories&post=68865"},{"taxonomy":"post_tag","embeddable":true,"href":"https:\/\/akunq.net\/tr\/index.php?rest_route=%2Fwp%2Fv2%2Ftags&post=68865"}],"curies":[{"name":"wp","href":"https:\/\/api.w.org\/{rel}","templated":true}]}}