{"id":68862,"date":"2022-06-06T02:11:22","date_gmt":"2022-06-06T07:11:22","guid":{"rendered":"https:\/\/akunq.net\/tr\/?p=68862"},"modified":"2022-06-06T02:11:22","modified_gmt":"2022-06-06T07:11:22","slug":"vatikan-osmanlida-oldurulen-iki-katolik-rahibi-mubarek-ilan-etti","status":"publish","type":"post","link":"https:\/\/akunq.net\/tr\/?p=68862","title":{"rendered":"Vatikan, Osmanl\u0131\u2019da \u00f6ld\u00fcr\u00fclen iki Katolik rahibi \u2018m\u00fcbarek\u2019 ilan etti"},"content":{"rendered":"<p><img loading=\"lazy\" decoding=\"async\" class=\"aligncenter size-medium wp-image-68863\" src=\"https:\/\/akunq.net\/tr\/wp-content\/uploads\/2022\/06\/Vatikan-360x240.jpg\" alt=\"\" width=\"360\" height=\"240\" srcset=\"https:\/\/akunq.net\/tr\/wp-content\/uploads\/sites\/6\/2022\/06\/Vatikan-360x240.jpg 360w, https:\/\/akunq.net\/tr\/wp-content\/uploads\/sites\/6\/2022\/06\/Vatikan-768x512.jpg 768w, https:\/\/akunq.net\/tr\/wp-content\/uploads\/sites\/6\/2022\/06\/Vatikan-560x373.jpg 560w, https:\/\/akunq.net\/tr\/wp-content\/uploads\/sites\/6\/2022\/06\/Vatikan-260x173.jpg 260w, https:\/\/akunq.net\/tr\/wp-content\/uploads\/sites\/6\/2022\/06\/Vatikan-160x107.jpg 160w, https:\/\/akunq.net\/tr\/wp-content\/uploads\/sites\/6\/2022\/06\/Vatikan.jpg 900w\" sizes=\"auto, (max-width: 360px) 100vw, 360px\" \/><\/p>\n<p><strong><em>1915 ve 1917 y\u0131llar\u0131nda Osmanl\u0131\u2019da \u00f6ld\u00fcr\u00fclen iki Katolik din adam\u0131, inan\u00e7lar\u0131 nedeniyle \u00f6ld\u00fckleri gerek\u00e7esiyle Vatikan taraf\u0131ndan \u201cm\u00fcbarek\u201d ilan edildi.<\/em><\/strong><\/p>\n<p>Katolik Kilisesi\u2019nde \u201cm\u00fcbarek\u201d ilan\u0131, \u201cazizlik\u201d mertebesinden bir \u00f6nceki ad\u0131m.<\/p>\n<p>Vatikan\u2019\u0131n aziz ilanlar\u0131ndan sorumlu Azizlik Davalar\u0131 Cemaati, Leonardo Melki ve Tommaso Giorgio Saleh isimli iki rahibin \u201cinan\u00e7lar\u0131na duyulan nefret nedeniyle yok edildiklerini\u201d belirtti.<\/p>\n<p>L\u00fcbnan topraklar\u0131nda do\u011fan, Kapu\u00e7in tarikat\u0131 mensubu iki rahip \u201c\u015fehitliklerinin\u201d tasdik edilmesinin ard\u0131ndan d\u00fcn \u201cm\u00fcbarek\u201d ilan edildi.<\/p>\n<p>Katolik Kilisesi lideri Papa Francesco da bug\u00fcn Pazar duas\u0131 sonras\u0131 yapt\u0131\u011f\u0131 konu\u015fmada bu din adamlar\u0131n\u0131 anarak, \u201c1915 ve 1917\u2019de inan\u00e7lar\u0131na duyulan nefret nedeniyle T\u00fcrkiye\u2019de \u00f6ld\u00fcr\u00fclen iki Kapu\u00e7in rahip ve \u015fehit, Leonardo Melki ve Tommaso Giorgio Saleh m\u00fcbarek ilan edildi. Bu iki L\u00fcbnanl\u0131 misyoner, d\u00fc\u015fmanca bir ortamda, Tanr\u0131\u2019ya sars\u0131lmaz inan\u00e7lar\u0131n\u0131 kan\u0131tlad\u0131lar ve kendilerini feda ettiler\u201d dedi.<\/p>\n<p>Papa, \u201cGen\u00e7lerdi, daha 35 ya\u015f\u0131nda yoklard\u0131. Onlar\u0131n te\u015fkil etti\u011fi \u00f6rnek bizlerin Hristiyan inanc\u0131m\u0131z\u0131 g\u00fc\u00e7lendirsin\u201d diye konu\u015ftu.<\/p>\n<p>\u2018Din de\u011fi\u015ftirme talebini reddettiler\u2019<br \/>\nVatikan\u2019da bakanl\u0131k seviyesindeki Azizlik Davalar\u0131 Cemaati\u2019nin a\u00e7\u0131klamas\u0131nda, Leonardo Melki ve Tommaso Giorgio Saleh\u2019in hangi \u015fartlarda \u00f6ld\u00fcr\u00fcld\u00fckleri de ayr\u0131nt\u0131l\u0131 olarak yer ald\u0131.<\/p>\n<p>Buna g\u00f6re, L\u00fcbnan\u2019\u0131n Baabdat \u015fehrinde do\u011fan Leonardo Melki, 5 Haziran 1915\u2019te Mardin\u2019de tutukland\u0131. Melki\u2019nin i\u015fkenceye u\u011frad\u0131\u011f\u0131 ve din de\u011fi\u015ftirerek M\u00fcsl\u00fcman olmas\u0131 halinde can\u0131n\u0131 ba\u011f\u0131\u015flama teklifi ald\u0131\u011f\u0131 belirtildi. 11 Haziran 1915\u2019te ise 416 ki\u015fiyle birlikte Diyarbak\u0131r\u2019a do\u011fru yola \u00e7\u0131kar\u0131ld\u0131.<\/p>\n<p>Vatikan\u2019\u0131n a\u00e7\u0131klamas\u0131na g\u00f6re, din de\u011fi\u015ftirme \u00e7a\u011fr\u0131lar\u0131n\u0131 yine reddeden Melki \u201cbalta ve pala darbeleriyle vah\u015fice katledildi, par\u00e7alanan cesedi kuyulara ve ma\u011faralara at\u0131ld\u0131.\u201d<\/p>\n<p>Vatikan, Melki\u2019nin cesedinin bulunamad\u0131\u011f\u0131n\u0131 ancak \u015fehitli\u011fiyle ilgili kan\u0131t niteli\u011finde belgelerin mevcut oldu\u011funu belirtti.<\/p>\n<div class=\"twitter-tweet twitter-tweet-rendered\"><iframe id=\"twitter-widget-0\" class=\"\" title=\"Twitter Tweet\" src=\"https:\/\/platform.twitter.com\/embed\/Tweet.html?creatorScreenName=HyeTert&amp;dnt=true&amp;embedId=twitter-widget-0&amp;features=eyJ0ZndfZXhwZXJpbWVudHNfY29va2llX2V4cGlyYXRpb24iOnsiYnVja2V0IjoxMjA5NjAwLCJ2ZXJzaW9uIjpudWxsfSwidGZ3X3JlZnNyY19zZXNzaW9uIjp7ImJ1Y2tldCI6Im9mZiIsInZlcnNpb24iOm51bGx9LCJ0Zndfc2Vuc2l0aXZlX21lZGlhX2ludGVyc3RpdGlhbF8xMzk2MyI6eyJidWNrZXQiOiJpbnRlcnN0aXRpYWwiLCJ2ZXJzaW9uIjpudWxsfSwidGZ3X3R3ZWV0X3Jlc3VsdF9taWdyYXRpb25fMTM5NzkiOnsiYnVja2V0IjoidHdlZXRfcmVzdWx0IiwidmVyc2lvbiI6bnVsbH19&amp;frame=false&amp;hideCard=false&amp;hideThread=false&amp;id=1533126503562723328&amp;lang=tr&amp;origin=https%3A%2F%2Fhyetert.org%2F2022%2F06%2F05%2Fvatikan-osmanlida-oldurulen-iki-katolik-rahibi-mubarek-ilan-etti%2F&amp;sessionId=c33de915d9b4ba3e79a369ba59b5585336423707&amp;siteScreenName=HyeTert&amp;theme=light&amp;widgetsVersion=b45a03c79d4c1%3A1654150928467&amp;width=500px\" frameborder=\"0\" scrolling=\"no\" allowfullscreen=\"allowfullscreen\" data-tweet-id=\"1533126503562723328\" data-mce-fragment=\"1\"><\/iframe><\/div>\n<p>Tommaso Giorgio Saleh ise 24 Eyl\u00fcl 1916\u2019da, manast\u0131rda saklad\u0131\u011f\u0131 bir Ermeni rahip ile birlikte tutukland\u0131. Vatikan\u2019\u0131n a\u00e7\u0131klamas\u0131na g\u00f6re bir\u00e7ok kez hapishane de\u011fi\u015ftiren ve \u00f6l\u00fcm y\u00fcr\u00fcy\u00fc\u015flerine \u00e7\u0131kar\u0131lan Saleh de din de\u011fi\u015ftirmesi \u00e7a\u011fr\u0131s\u0131na uymad\u0131 ve \u201ckorkun\u00e7 i\u015fkencelere maruz kald\u0131\u201d. Tifoya yakalanan Saleh\u2019in 18 Ocak 1917\u2019de \u201chapishane ko\u015fullar\u0131n\u0131n zorluklar\u0131\u201d nedeniyle \u00f6ld\u00fc\u011f\u00fc belirtildi.<\/p>\n<p>Azizlik Davalar\u0131 Cemaati, \u201c\u0130ki din adam\u0131n\u0131n yok edilmesinin nedeni inan\u00e7 nefretiydi. Zulm\u00fcn arkas\u0131nda ayr\u0131ca siyasi \u00e7\u0131karlar da mevcuttu ancak mahpuslara \u0131srarla dinlerini terk ederek \u0130slam\u2019a ge\u00e7meleri y\u00f6n\u00fcnde taleplerde bulunulmas\u0131 \u015f\u00fcpheye yer b\u0131rakm\u0131yor\u201d ifadelerini kulland\u0131.<\/p>\n<p>A\u00e7\u0131klamada, \u201cLeonardo Melki ve Tommaso Saleh\u2019in \u015fehitlikleri, ba\u015fka Hristiyan cemaatlerin de katledildi\u011fi Ermeni Soyk\u0131r\u0131m\u0131 ile i\u00e7 i\u00e7e ge\u00e7mi\u015ftir\u201d denildi.<\/p>\n<p>\u2018Soyk\u0131r\u0131m\u2019 ifadesi diplomatik krize neden olmu\u015ftu<br \/>\nPapa Francesco, 2015\u2019te Vatikan\u2019da \u201cErmeni \u015fehitli\u011finin 100. y\u0131l\u0131 i\u00e7in kutsal ayin\u201d ba\u015fl\u0131kl\u0131 bir t\u00f6ren y\u00f6netmi\u015f ve burada \u201cSon y\u00fczy\u0131lda insanl\u0131k 3 b\u00fcy\u00fck trajedi ya\u015fam\u0131\u015ft\u0131r. Bunlar\u0131n ilki, genel olarak 20. y\u00fczy\u0131l\u0131n ilk soyk\u0131r\u0131m\u0131 olarak g\u00f6r\u00fclen ve \u2013 Katolik ve Ortodoks S\u00fcryaniler, Asuriler, Keldaniler ve Rumlarla birlikte \u2013 ilk Hristiyan ulus olan siz Ermeni halk\u0131na kar\u015f\u0131 yap\u0131lm\u0131\u015f oland\u0131r. Piskoposlar, rahipler, din adamlar\u0131, kad\u0131nlar, erkekler, ya\u015fl\u0131lar ve hatta savunmas\u0131z \u00e7ocuklar ve hastalar bile \u00f6ld\u00fcr\u00fclm\u00fc\u015ft\u00fcr\u201d demi\u015fti.<\/p>\n<p>Papa\u2019n\u0131n \u201csoyk\u0131r\u0131m\u201d ifadesini kullanmas\u0131 nedeniyle T\u00fcrkiye, Vatikan B\u00fcy\u00fckel\u00e7isi\u2019ni Ankara\u2019ya \u00e7a\u011f\u0131rm\u0131\u015f, diplomatik \u00e7abalar sonucu b\u00fcy\u00fckel\u00e7i ancak ertesi y\u0131l Vatikan\u2019a d\u00f6nebilmi\u015fti.<\/p>\n<p>Arjantinli Papa Francesco, 2016\u2019daki Ermenistan ziyareti sonras\u0131 yapt\u0131\u011f\u0131 bir a\u00e7\u0131klamada da bu konuda \u015funlar\u0131 s\u00f6ylemi\u015fti:<\/p>\n<p>\u201cArjantin\u2019de Ermenilerin katledilmesinden s\u00f6z edilirken hep soyk\u0131r\u0131m kelimesi kullan\u0131l\u0131rd\u0131. Ben ba\u015fka bir kelime bilmiyordum. Roma\u2019ya geldikten sonra ise ba\u015fka bir ifade duydum \u2018B\u00fcy\u00fck Felaket\u2019 (Metz Yeghern)\u2026 Ben her zaman, ge\u00e7en y\u00fczy\u0131lda 3 soyk\u0131r\u0131m ya\u015fand\u0131\u011f\u0131ndan s\u00f6z ettim: Birincisi Ermenilere yap\u0131lan, sonra Hitler\u2019in yapt\u0131\u011f\u0131 ve sonuncusu da Stalin\u2019inki.\u201d<\/p>\n<p>\u00d6vg\u00fc P\u0131nar<br \/>\nVatikan<\/p>\n<hr \/>\n<p><em><strong><a href=\"https:\/\/www.bbc.com\/turkce\/haberler-turkiye-61698348\" target=\"_blank\" rel=\"noopener noreferrer\">BBC<\/a>\u00a0<\/strong><\/em><\/p>\n","protected":false},"excerpt":{"rendered":"<p>1915 ve 1917 y\u0131llar\u0131nda Osmanl\u0131\u2019da \u00f6ld\u00fcr\u00fclen iki Katolik din adam\u0131, inan\u00e7lar\u0131 nedeniyle \u00f6ld\u00fckleri gerek\u00e7esiyle Vatikan taraf\u0131ndan \u201cm\u00fcbarek\u201d ilan edildi. Katolik Kilisesi\u2019nde \u201cm\u00fcbarek\u201d ilan\u0131, \u201cazizlik\u201d mertebesinden bir \u00f6nceki ad\u0131m. Vatikan\u2019\u0131n aziz ilanlar\u0131ndan sorumlu Azizlik Davalar\u0131 Cemaati, Leonardo Melki ve Tommaso Giorgio Saleh isimli iki rahibin \u201cinan\u00e7lar\u0131na duyulan nefret nedeniyle yok edildiklerini\u201d belirtti. L\u00fcbnan topraklar\u0131nda do\u011fan, Kapu\u00e7in [&hellip;]<\/p>\n","protected":false},"author":7,"featured_media":68863,"comment_status":"open","ping_status":"open","sticky":false,"template":"","format":"standard","meta":{"footnotes":""},"categories":[1],"tags":[],"class_list":["post-68862","post","type-post","status-publish","format-standard","has-post-thumbnail","hentry","category-haberler"],"yoast_head":"<!-- This site is optimized with the Yoast SEO plugin v27.4 - https:\/\/yoast.com\/product\/yoast-seo-wordpress\/ -->\n<title>Vatikan, Osmanl\u0131\u2019da \u00f6ld\u00fcr\u00fclen iki Katolik rahibi \u2018m\u00fcbarek\u2019 ilan etti - Bati Ermenistan Ve Bati Ermenileri Sorunlari Ara\u015ftirmalar Merkezi<\/title>\n<meta name=\"robots\" content=\"index, follow, max-snippet:-1, max-image-preview:large, max-video-preview:-1\" \/>\n<link rel=\"canonical\" href=\"https:\/\/akunq.net\/tr\/?p=68862\" \/>\n<meta property=\"og:locale\" content=\"en_US\" \/>\n<meta property=\"og:type\" content=\"article\" \/>\n<meta property=\"og:title\" content=\"Vatikan, Osmanl\u0131\u2019da \u00f6ld\u00fcr\u00fclen iki Katolik rahibi \u2018m\u00fcbarek\u2019 ilan etti - Bati Ermenistan Ve Bati Ermenileri Sorunlari Ara\u015ftirmalar Merkezi\" \/>\n<meta property=\"og:description\" content=\"1915 ve 1917 y\u0131llar\u0131nda Osmanl\u0131\u2019da \u00f6ld\u00fcr\u00fclen iki Katolik din adam\u0131, inan\u00e7lar\u0131 nedeniyle \u00f6ld\u00fckleri gerek\u00e7esiyle Vatikan taraf\u0131ndan \u201cm\u00fcbarek\u201d ilan edildi. Katolik Kilisesi\u2019nde \u201cm\u00fcbarek\u201d ilan\u0131, \u201cazizlik\u201d mertebesinden bir \u00f6nceki ad\u0131m. Vatikan\u2019\u0131n aziz ilanlar\u0131ndan sorumlu Azizlik Davalar\u0131 Cemaati, Leonardo Melki ve Tommaso Giorgio Saleh isimli iki rahibin \u201cinan\u00e7lar\u0131na duyulan nefret nedeniyle yok edildiklerini\u201d belirtti. L\u00fcbnan topraklar\u0131nda do\u011fan, Kapu\u00e7in [&hellip;]\" \/>\n<meta property=\"og:url\" content=\"https:\/\/akunq.net\/tr\/?p=68862\" \/>\n<meta property=\"og:site_name\" content=\"Bati Ermenistan Ve Bati Ermenileri Sorunlari Ara\u015ftirmalar Merkezi\" \/>\n<meta property=\"article:published_time\" content=\"2022-06-06T07:11:22+00:00\" \/>\n<meta property=\"og:image\" content=\"https:\/\/akunq.net\/tr\/wp-content\/uploads\/sites\/6\/2022\/06\/Vatikan.jpg\" \/>\n\t<meta property=\"og:image:width\" content=\"900\" \/>\n\t<meta property=\"og:image:height\" content=\"600\" \/>\n\t<meta property=\"og:image:type\" content=\"image\/jpeg\" \/>\n<meta name=\"author\" content=\"admin\" \/>\n<meta name=\"twitter:card\" content=\"summary_large_image\" \/>\n<meta name=\"twitter:label1\" content=\"Written by\" \/>\n\t<meta name=\"twitter:data1\" content=\"admin\" \/>\n\t<meta name=\"twitter:label2\" content=\"Est. reading time\" \/>\n\t<meta name=\"twitter:data2\" content=\"4 minutes\" \/>\n<script type=\"application\/ld+json\" class=\"yoast-schema-graph\">{\"@context\":\"https:\\\/\\\/schema.org\",\"@graph\":[{\"@type\":\"Article\",\"@id\":\"https:\\\/\\\/akunq.net\\\/tr\\\/?p=68862#article\",\"isPartOf\":{\"@id\":\"https:\\\/\\\/akunq.net\\\/tr\\\/?p=68862\"},\"author\":{\"name\":\"admin\",\"@id\":\"https:\\\/\\\/akunq.net\\\/tr\\\/#\\\/schema\\\/person\\\/096f1d38a12cce57fb855b485ed24c9e\"},\"headline\":\"Vatikan, Osmanl\u0131\u2019da \u00f6ld\u00fcr\u00fclen iki Katolik rahibi \u2018m\u00fcbarek\u2019 ilan etti\",\"datePublished\":\"2022-06-06T07:11:22+00:00\",\"mainEntityOfPage\":{\"@id\":\"https:\\\/\\\/akunq.net\\\/tr\\\/?p=68862\"},\"wordCount\":728,\"commentCount\":0,\"image\":{\"@id\":\"https:\\\/\\\/akunq.net\\\/tr\\\/?p=68862#primaryimage\"},\"thumbnailUrl\":\"https:\\\/\\\/akunq.net\\\/tr\\\/wp-content\\\/uploads\\\/sites\\\/6\\\/2022\\\/06\\\/Vatikan.jpg\",\"articleSection\":[\"Haberler\"],\"inLanguage\":\"en-US\",\"potentialAction\":[{\"@type\":\"CommentAction\",\"name\":\"Comment\",\"target\":[\"https:\\\/\\\/akunq.net\\\/tr\\\/?p=68862#respond\"]}]},{\"@type\":\"WebPage\",\"@id\":\"https:\\\/\\\/akunq.net\\\/tr\\\/?p=68862\",\"url\":\"https:\\\/\\\/akunq.net\\\/tr\\\/?p=68862\",\"name\":\"Vatikan, Osmanl\u0131\u2019da \u00f6ld\u00fcr\u00fclen iki Katolik rahibi \u2018m\u00fcbarek\u2019 ilan etti - Bati Ermenistan Ve Bati Ermenileri Sorunlari Ara\u015ftirmalar Merkezi\",\"isPartOf\":{\"@id\":\"https:\\\/\\\/akunq.net\\\/tr\\\/#website\"},\"primaryImageOfPage\":{\"@id\":\"https:\\\/\\\/akunq.net\\\/tr\\\/?p=68862#primaryimage\"},\"image\":{\"@id\":\"https:\\\/\\\/akunq.net\\\/tr\\\/?p=68862#primaryimage\"},\"thumbnailUrl\":\"https:\\\/\\\/akunq.net\\\/tr\\\/wp-content\\\/uploads\\\/sites\\\/6\\\/2022\\\/06\\\/Vatikan.jpg\",\"datePublished\":\"2022-06-06T07:11:22+00:00\",\"author\":{\"@id\":\"https:\\\/\\\/akunq.net\\\/tr\\\/#\\\/schema\\\/person\\\/096f1d38a12cce57fb855b485ed24c9e\"},\"breadcrumb\":{\"@id\":\"https:\\\/\\\/akunq.net\\\/tr\\\/?p=68862#breadcrumb\"},\"inLanguage\":\"en-US\",\"potentialAction\":[{\"@type\":\"ReadAction\",\"target\":[\"https:\\\/\\\/akunq.net\\\/tr\\\/?p=68862\"]}]},{\"@type\":\"ImageObject\",\"inLanguage\":\"en-US\",\"@id\":\"https:\\\/\\\/akunq.net\\\/tr\\\/?p=68862#primaryimage\",\"url\":\"https:\\\/\\\/akunq.net\\\/tr\\\/wp-content\\\/uploads\\\/sites\\\/6\\\/2022\\\/06\\\/Vatikan.jpg\",\"contentUrl\":\"https:\\\/\\\/akunq.net\\\/tr\\\/wp-content\\\/uploads\\\/sites\\\/6\\\/2022\\\/06\\\/Vatikan.jpg\",\"width\":900,\"height\":600},{\"@type\":\"BreadcrumbList\",\"@id\":\"https:\\\/\\\/akunq.net\\\/tr\\\/?p=68862#breadcrumb\",\"itemListElement\":[{\"@type\":\"ListItem\",\"position\":1,\"name\":\"Home\",\"item\":\"https:\\\/\\\/akunq.net\\\/tr\"},{\"@type\":\"ListItem\",\"position\":2,\"name\":\"Vatikan, Osmanl\u0131\u2019da \u00f6ld\u00fcr\u00fclen iki Katolik rahibi \u2018m\u00fcbarek\u2019 ilan etti\"}]},{\"@type\":\"WebSite\",\"@id\":\"https:\\\/\\\/akunq.net\\\/tr\\\/#website\",\"url\":\"https:\\\/\\\/akunq.net\\\/tr\\\/\",\"name\":\"Bati Ermenistan Ve Bati Ermenileri Sorunlari Ara\u015ftirmalar Merkezi\",\"description\":\"\",\"potentialAction\":[{\"@type\":\"SearchAction\",\"target\":{\"@type\":\"EntryPoint\",\"urlTemplate\":\"https:\\\/\\\/akunq.net\\\/tr\\\/?s={search_term_string}\"},\"query-input\":{\"@type\":\"PropertyValueSpecification\",\"valueRequired\":true,\"valueName\":\"search_term_string\"}}],\"inLanguage\":\"en-US\"},{\"@type\":\"Person\",\"@id\":\"https:\\\/\\\/akunq.net\\\/tr\\\/#\\\/schema\\\/person\\\/096f1d38a12cce57fb855b485ed24c9e\",\"name\":\"admin\",\"url\":\"https:\\\/\\\/akunq.net\\\/tr\\\/?author=7\"}]}<\/script>\n<!-- \/ Yoast SEO plugin. -->","yoast_head_json":{"title":"Vatikan, Osmanl\u0131\u2019da \u00f6ld\u00fcr\u00fclen iki Katolik rahibi \u2018m\u00fcbarek\u2019 ilan etti - Bati Ermenistan Ve Bati Ermenileri Sorunlari Ara\u015ftirmalar Merkezi","robots":{"index":"index","follow":"follow","max-snippet":"max-snippet:-1","max-image-preview":"max-image-preview:large","max-video-preview":"max-video-preview:-1"},"canonical":"https:\/\/akunq.net\/tr\/?p=68862","og_locale":"en_US","og_type":"article","og_title":"Vatikan, Osmanl\u0131\u2019da \u00f6ld\u00fcr\u00fclen iki Katolik rahibi \u2018m\u00fcbarek\u2019 ilan etti - Bati Ermenistan Ve Bati Ermenileri Sorunlari Ara\u015ftirmalar Merkezi","og_description":"1915 ve 1917 y\u0131llar\u0131nda Osmanl\u0131\u2019da \u00f6ld\u00fcr\u00fclen iki Katolik din adam\u0131, inan\u00e7lar\u0131 nedeniyle \u00f6ld\u00fckleri gerek\u00e7esiyle Vatikan taraf\u0131ndan \u201cm\u00fcbarek\u201d ilan edildi. Katolik Kilisesi\u2019nde \u201cm\u00fcbarek\u201d ilan\u0131, \u201cazizlik\u201d mertebesinden bir \u00f6nceki ad\u0131m. Vatikan\u2019\u0131n aziz ilanlar\u0131ndan sorumlu Azizlik Davalar\u0131 Cemaati, Leonardo Melki ve Tommaso Giorgio Saleh isimli iki rahibin \u201cinan\u00e7lar\u0131na duyulan nefret nedeniyle yok edildiklerini\u201d belirtti. L\u00fcbnan topraklar\u0131nda do\u011fan, Kapu\u00e7in [&hellip;]","og_url":"https:\/\/akunq.net\/tr\/?p=68862","og_site_name":"Bati Ermenistan Ve Bati Ermenileri Sorunlari Ara\u015ftirmalar Merkezi","article_published_time":"2022-06-06T07:11:22+00:00","og_image":[{"width":900,"height":600,"url":"https:\/\/akunq.net\/tr\/wp-content\/uploads\/sites\/6\/2022\/06\/Vatikan.jpg","type":"image\/jpeg"}],"author":"admin","twitter_card":"summary_large_image","twitter_misc":{"Written by":"admin","Est. reading time":"4 minutes"},"schema":{"@context":"https:\/\/schema.org","@graph":[{"@type":"Article","@id":"https:\/\/akunq.net\/tr\/?p=68862#article","isPartOf":{"@id":"https:\/\/akunq.net\/tr\/?p=68862"},"author":{"name":"admin","@id":"https:\/\/akunq.net\/tr\/#\/schema\/person\/096f1d38a12cce57fb855b485ed24c9e"},"headline":"Vatikan, Osmanl\u0131\u2019da \u00f6ld\u00fcr\u00fclen iki Katolik rahibi \u2018m\u00fcbarek\u2019 ilan etti","datePublished":"2022-06-06T07:11:22+00:00","mainEntityOfPage":{"@id":"https:\/\/akunq.net\/tr\/?p=68862"},"wordCount":728,"commentCount":0,"image":{"@id":"https:\/\/akunq.net\/tr\/?p=68862#primaryimage"},"thumbnailUrl":"https:\/\/akunq.net\/tr\/wp-content\/uploads\/sites\/6\/2022\/06\/Vatikan.jpg","articleSection":["Haberler"],"inLanguage":"en-US","potentialAction":[{"@type":"CommentAction","name":"Comment","target":["https:\/\/akunq.net\/tr\/?p=68862#respond"]}]},{"@type":"WebPage","@id":"https:\/\/akunq.net\/tr\/?p=68862","url":"https:\/\/akunq.net\/tr\/?p=68862","name":"Vatikan, Osmanl\u0131\u2019da \u00f6ld\u00fcr\u00fclen iki Katolik rahibi \u2018m\u00fcbarek\u2019 ilan etti - Bati Ermenistan Ve Bati Ermenileri Sorunlari Ara\u015ftirmalar Merkezi","isPartOf":{"@id":"https:\/\/akunq.net\/tr\/#website"},"primaryImageOfPage":{"@id":"https:\/\/akunq.net\/tr\/?p=68862#primaryimage"},"image":{"@id":"https:\/\/akunq.net\/tr\/?p=68862#primaryimage"},"thumbnailUrl":"https:\/\/akunq.net\/tr\/wp-content\/uploads\/sites\/6\/2022\/06\/Vatikan.jpg","datePublished":"2022-06-06T07:11:22+00:00","author":{"@id":"https:\/\/akunq.net\/tr\/#\/schema\/person\/096f1d38a12cce57fb855b485ed24c9e"},"breadcrumb":{"@id":"https:\/\/akunq.net\/tr\/?p=68862#breadcrumb"},"inLanguage":"en-US","potentialAction":[{"@type":"ReadAction","target":["https:\/\/akunq.net\/tr\/?p=68862"]}]},{"@type":"ImageObject","inLanguage":"en-US","@id":"https:\/\/akunq.net\/tr\/?p=68862#primaryimage","url":"https:\/\/akunq.net\/tr\/wp-content\/uploads\/sites\/6\/2022\/06\/Vatikan.jpg","contentUrl":"https:\/\/akunq.net\/tr\/wp-content\/uploads\/sites\/6\/2022\/06\/Vatikan.jpg","width":900,"height":600},{"@type":"BreadcrumbList","@id":"https:\/\/akunq.net\/tr\/?p=68862#breadcrumb","itemListElement":[{"@type":"ListItem","position":1,"name":"Home","item":"https:\/\/akunq.net\/tr"},{"@type":"ListItem","position":2,"name":"Vatikan, Osmanl\u0131\u2019da \u00f6ld\u00fcr\u00fclen iki Katolik rahibi \u2018m\u00fcbarek\u2019 ilan etti"}]},{"@type":"WebSite","@id":"https:\/\/akunq.net\/tr\/#website","url":"https:\/\/akunq.net\/tr\/","name":"Bati Ermenistan Ve Bati Ermenileri Sorunlari Ara\u015ftirmalar Merkezi","description":"","potentialAction":[{"@type":"SearchAction","target":{"@type":"EntryPoint","urlTemplate":"https:\/\/akunq.net\/tr\/?s={search_term_string}"},"query-input":{"@type":"PropertyValueSpecification","valueRequired":true,"valueName":"search_term_string"}}],"inLanguage":"en-US"},{"@type":"Person","@id":"https:\/\/akunq.net\/tr\/#\/schema\/person\/096f1d38a12cce57fb855b485ed24c9e","name":"admin","url":"https:\/\/akunq.net\/tr\/?author=7"}]}},"_links":{"self":[{"href":"https:\/\/akunq.net\/tr\/index.php?rest_route=\/wp\/v2\/posts\/68862","targetHints":{"allow":["GET"]}}],"collection":[{"href":"https:\/\/akunq.net\/tr\/index.php?rest_route=\/wp\/v2\/posts"}],"about":[{"href":"https:\/\/akunq.net\/tr\/index.php?rest_route=\/wp\/v2\/types\/post"}],"author":[{"embeddable":true,"href":"https:\/\/akunq.net\/tr\/index.php?rest_route=\/wp\/v2\/users\/7"}],"replies":[{"embeddable":true,"href":"https:\/\/akunq.net\/tr\/index.php?rest_route=%2Fwp%2Fv2%2Fcomments&post=68862"}],"version-history":[{"count":1,"href":"https:\/\/akunq.net\/tr\/index.php?rest_route=\/wp\/v2\/posts\/68862\/revisions"}],"predecessor-version":[{"id":68864,"href":"https:\/\/akunq.net\/tr\/index.php?rest_route=\/wp\/v2\/posts\/68862\/revisions\/68864"}],"wp:featuredmedia":[{"embeddable":true,"href":"https:\/\/akunq.net\/tr\/index.php?rest_route=\/wp\/v2\/media\/68863"}],"wp:attachment":[{"href":"https:\/\/akunq.net\/tr\/index.php?rest_route=%2Fwp%2Fv2%2Fmedia&parent=68862"}],"wp:term":[{"taxonomy":"category","embeddable":true,"href":"https:\/\/akunq.net\/tr\/index.php?rest_route=%2Fwp%2Fv2%2Fcategories&post=68862"},{"taxonomy":"post_tag","embeddable":true,"href":"https:\/\/akunq.net\/tr\/index.php?rest_route=%2Fwp%2Fv2%2Ftags&post=68862"}],"curies":[{"name":"wp","href":"https:\/\/api.w.org\/{rel}","templated":true}]}}