{"id":68845,"date":"2022-06-03T03:37:44","date_gmt":"2022-06-03T08:37:44","guid":{"rendered":"https:\/\/akunq.net\/tr\/?p=68845"},"modified":"2022-06-03T03:37:44","modified_gmt":"2022-06-03T08:37:44","slug":"inanclarin-dili-konseri-anadolunun-dini-muzigini-izleyenlerle-bulusturacak","status":"publish","type":"post","link":"https:\/\/akunq.net\/tr\/?p=68845","title":{"rendered":"\u201c\u0130nan\u00e7lar\u0131n Dili\u201d konseri Anadolu\u2019nun dini m\u00fczi\u011fini izleyenlerle bulu\u015fturacak"},"content":{"rendered":"<p><img loading=\"lazy\" decoding=\"async\" class=\"aligncenter size-medium wp-image-68846\" src=\"https:\/\/akunq.net\/tr\/wp-content\/uploads\/2022\/06\/\u0130nan\u00e7lar\u0131n-Dili-360x203.jpg\" alt=\"\" width=\"360\" height=\"203\" srcset=\"https:\/\/akunq.net\/tr\/wp-content\/uploads\/sites\/6\/2022\/06\/\u0130nan\u00e7lar\u0131n-Dili-360x203.jpg 360w, https:\/\/akunq.net\/tr\/wp-content\/uploads\/sites\/6\/2022\/06\/\u0130nan\u00e7lar\u0131n-Dili-768x432.jpg 768w, https:\/\/akunq.net\/tr\/wp-content\/uploads\/sites\/6\/2022\/06\/\u0130nan\u00e7lar\u0131n-Dili-560x315.jpg 560w, https:\/\/akunq.net\/tr\/wp-content\/uploads\/sites\/6\/2022\/06\/\u0130nan\u00e7lar\u0131n-Dili-260x146.jpg 260w, https:\/\/akunq.net\/tr\/wp-content\/uploads\/sites\/6\/2022\/06\/\u0130nan\u00e7lar\u0131n-Dili-160x90.jpg 160w, https:\/\/akunq.net\/tr\/wp-content\/uploads\/sites\/6\/2022\/06\/\u0130nan\u00e7lar\u0131n-Dili.jpg 1200w\" sizes=\"auto, (max-width: 360px) 100vw, 360px\" \/><\/p>\n<p><strong>AA \u2013\u00a0\u00a0<a href=\"https:\/\/www.haberler.com\/editor-haberleri\/eda-ozdener\/\">Eda \u00d6zdener<\/a><\/strong><\/p>\n<p><em><strong>Anadolu\u2019da ya\u015fam\u0131\u015f farkl\u0131 inan\u00e7 gruplar\u0131n\u0131n dini m\u00fczi\u011fi, \u201c\u0130nan\u00e7lar\u0131n Dili\u201d konserinde bulu\u015facak.<\/strong><\/em><\/p>\n<p>Anadolu\u2019da ya\u015fam\u0131\u015f farkl\u0131 inan\u00e7 gruplar\u0131n\u0131n dini m\u00fczi\u011fi, \u201c\u0130nan\u00e7lar\u0131n Dili\u201d konserinde bulu\u015facak.<\/p>\n<p>K\u00fclt\u00fcr ve Turizm Bakanl\u0131\u011f\u0131nca d\u00fczenlenen Ba\u015fkent K\u00fclt\u00fcr Yolu Festivali kapsam\u0131ndaki konser, bu ak\u015fam Azize Tereza Kilisesi\u2019nde ger\u00e7ekle\u015ftirilecek.<\/p>\n<p>Yako Taragano Sinagog \u0130lahileri Korosu, Grung Korosu, Anadolu Medeniyetleri M\u00fczik Toplulu\u011fu ile \u0130stanbul Devlet T\u00fcrk M\u00fczi\u011fi Ara\u015ft\u0131rma ve Uygulama Toplulu\u011fu\u2019nun sahne alaca\u011f\u0131 konserin sanat y\u00f6netmenli\u011fini \u00dcmit Atalay \u00fcstlenecek.<\/p>\n<p>Musevi, Hristiyan ve M\u00fcsl\u00fcmanlar\u0131n dini musiki eserlerini otantik \u015fekilleriyle icra ederek Anadolu\u2019daki bar\u0131\u015f, sevgi ve ho\u015fg\u00f6r\u00fc felsefesine katk\u0131da bulunmay\u0131 hedefleyen konserde, \u0130branice, Ermenice, Keldanice, S\u00fcryanice ve tasavvuf m\u00fczi\u011fi \u00f6rneklerinden olu\u015fan bir repertuvar sunulacak.<\/p>\n<p><em><strong><a href=\"https:\/\/www.haberler.com\/kultur-sanat\/inanclarin-dili-konseri-anadolu-nun-dini-muzigini-14987316-haberi\/\">https:\/\/www.haberler.com\/kultur-sanat\/inanclarin-dili-konseri-anadolu-nun-dini-muzigini-14987316-haberi\/<\/a>\u00a0<\/strong><\/em><\/p>\n","protected":false},"excerpt":{"rendered":"<p>AA \u2013\u00a0\u00a0Eda \u00d6zdener Anadolu\u2019da ya\u015fam\u0131\u015f farkl\u0131 inan\u00e7 gruplar\u0131n\u0131n dini m\u00fczi\u011fi, \u201c\u0130nan\u00e7lar\u0131n Dili\u201d konserinde bulu\u015facak. Anadolu\u2019da ya\u015fam\u0131\u015f farkl\u0131 inan\u00e7 gruplar\u0131n\u0131n dini m\u00fczi\u011fi, \u201c\u0130nan\u00e7lar\u0131n Dili\u201d konserinde bulu\u015facak. K\u00fclt\u00fcr ve Turizm Bakanl\u0131\u011f\u0131nca d\u00fczenlenen Ba\u015fkent K\u00fclt\u00fcr Yolu Festivali kapsam\u0131ndaki konser, bu ak\u015fam Azize Tereza Kilisesi\u2019nde ger\u00e7ekle\u015ftirilecek. Yako Taragano Sinagog \u0130lahileri Korosu, Grung Korosu, Anadolu Medeniyetleri M\u00fczik Toplulu\u011fu ile \u0130stanbul [&hellip;]<\/p>\n","protected":false},"author":7,"featured_media":68846,"comment_status":"open","ping_status":"open","sticky":false,"template":"","format":"standard","meta":{"footnotes":""},"categories":[1],"tags":[],"class_list":["post-68845","post","type-post","status-publish","format-standard","has-post-thumbnail","hentry","category-haberler"],"yoast_head":"<!-- This site is optimized with the Yoast SEO plugin v27.4 - https:\/\/yoast.com\/product\/yoast-seo-wordpress\/ -->\n<title>\u201c\u0130nan\u00e7lar\u0131n Dili\u201d konseri Anadolu\u2019nun dini m\u00fczi\u011fini izleyenlerle bulu\u015fturacak - Bati Ermenistan Ve Bati Ermenileri Sorunlari Ara\u015ftirmalar Merkezi<\/title>\n<meta name=\"robots\" content=\"index, follow, max-snippet:-1, max-image-preview:large, max-video-preview:-1\" \/>\n<link rel=\"canonical\" href=\"https:\/\/akunq.net\/tr\/?p=68845\" \/>\n<meta property=\"og:locale\" content=\"en_US\" \/>\n<meta property=\"og:type\" content=\"article\" \/>\n<meta property=\"og:title\" content=\"\u201c\u0130nan\u00e7lar\u0131n Dili\u201d konseri Anadolu\u2019nun dini m\u00fczi\u011fini izleyenlerle bulu\u015fturacak - Bati Ermenistan Ve Bati Ermenileri Sorunlari Ara\u015ftirmalar Merkezi\" \/>\n<meta property=\"og:description\" content=\"AA \u2013\u00a0\u00a0Eda \u00d6zdener Anadolu\u2019da ya\u015fam\u0131\u015f farkl\u0131 inan\u00e7 gruplar\u0131n\u0131n dini m\u00fczi\u011fi, \u201c\u0130nan\u00e7lar\u0131n Dili\u201d konserinde bulu\u015facak. Anadolu\u2019da ya\u015fam\u0131\u015f farkl\u0131 inan\u00e7 gruplar\u0131n\u0131n dini m\u00fczi\u011fi, \u201c\u0130nan\u00e7lar\u0131n Dili\u201d konserinde bulu\u015facak. K\u00fclt\u00fcr ve Turizm Bakanl\u0131\u011f\u0131nca d\u00fczenlenen Ba\u015fkent K\u00fclt\u00fcr Yolu Festivali kapsam\u0131ndaki konser, bu ak\u015fam Azize Tereza Kilisesi\u2019nde ger\u00e7ekle\u015ftirilecek. Yako Taragano Sinagog \u0130lahileri Korosu, Grung Korosu, Anadolu Medeniyetleri M\u00fczik Toplulu\u011fu ile \u0130stanbul [&hellip;]\" \/>\n<meta property=\"og:url\" content=\"https:\/\/akunq.net\/tr\/?p=68845\" \/>\n<meta property=\"og:site_name\" content=\"Bati Ermenistan Ve Bati Ermenileri Sorunlari Ara\u015ftirmalar Merkezi\" \/>\n<meta property=\"article:published_time\" content=\"2022-06-03T08:37:44+00:00\" \/>\n<meta property=\"og:image\" content=\"https:\/\/akunq.net\/tr\/wp-content\/uploads\/sites\/6\/2022\/06\/\u0130nan\u00e7lar\u0131n-Dili.jpg\" \/>\n\t<meta property=\"og:image:width\" content=\"1200\" \/>\n\t<meta property=\"og:image:height\" content=\"675\" \/>\n\t<meta property=\"og:image:type\" content=\"image\/jpeg\" \/>\n<meta name=\"author\" content=\"admin\" \/>\n<meta name=\"twitter:card\" content=\"summary_large_image\" \/>\n<meta name=\"twitter:label1\" content=\"Written by\" \/>\n\t<meta name=\"twitter:data1\" content=\"admin\" \/>\n\t<meta name=\"twitter:label2\" content=\"Est. reading time\" \/>\n\t<meta name=\"twitter:data2\" content=\"1 minute\" \/>\n<script type=\"application\/ld+json\" class=\"yoast-schema-graph\">{\"@context\":\"https:\\\/\\\/schema.org\",\"@graph\":[{\"@type\":\"Article\",\"@id\":\"https:\\\/\\\/akunq.net\\\/tr\\\/?p=68845#article\",\"isPartOf\":{\"@id\":\"https:\\\/\\\/akunq.net\\\/tr\\\/?p=68845\"},\"author\":{\"name\":\"admin\",\"@id\":\"https:\\\/\\\/akunq.net\\\/tr\\\/#\\\/schema\\\/person\\\/096f1d38a12cce57fb855b485ed24c9e\"},\"headline\":\"\u201c\u0130nan\u00e7lar\u0131n Dili\u201d konseri Anadolu\u2019nun dini m\u00fczi\u011fini izleyenlerle bulu\u015fturacak\",\"datePublished\":\"2022-06-03T08:37:44+00:00\",\"mainEntityOfPage\":{\"@id\":\"https:\\\/\\\/akunq.net\\\/tr\\\/?p=68845\"},\"wordCount\":176,\"commentCount\":0,\"image\":{\"@id\":\"https:\\\/\\\/akunq.net\\\/tr\\\/?p=68845#primaryimage\"},\"thumbnailUrl\":\"https:\\\/\\\/akunq.net\\\/tr\\\/wp-content\\\/uploads\\\/sites\\\/6\\\/2022\\\/06\\\/\u0130nan\u00e7lar\u0131n-Dili.jpg\",\"articleSection\":[\"Haberler\"],\"inLanguage\":\"en-US\",\"potentialAction\":[{\"@type\":\"CommentAction\",\"name\":\"Comment\",\"target\":[\"https:\\\/\\\/akunq.net\\\/tr\\\/?p=68845#respond\"]}]},{\"@type\":\"WebPage\",\"@id\":\"https:\\\/\\\/akunq.net\\\/tr\\\/?p=68845\",\"url\":\"https:\\\/\\\/akunq.net\\\/tr\\\/?p=68845\",\"name\":\"\u201c\u0130nan\u00e7lar\u0131n Dili\u201d konseri Anadolu\u2019nun dini m\u00fczi\u011fini izleyenlerle bulu\u015fturacak - Bati Ermenistan Ve Bati Ermenileri Sorunlari Ara\u015ftirmalar Merkezi\",\"isPartOf\":{\"@id\":\"https:\\\/\\\/akunq.net\\\/tr\\\/#website\"},\"primaryImageOfPage\":{\"@id\":\"https:\\\/\\\/akunq.net\\\/tr\\\/?p=68845#primaryimage\"},\"image\":{\"@id\":\"https:\\\/\\\/akunq.net\\\/tr\\\/?p=68845#primaryimage\"},\"thumbnailUrl\":\"https:\\\/\\\/akunq.net\\\/tr\\\/wp-content\\\/uploads\\\/sites\\\/6\\\/2022\\\/06\\\/\u0130nan\u00e7lar\u0131n-Dili.jpg\",\"datePublished\":\"2022-06-03T08:37:44+00:00\",\"author\":{\"@id\":\"https:\\\/\\\/akunq.net\\\/tr\\\/#\\\/schema\\\/person\\\/096f1d38a12cce57fb855b485ed24c9e\"},\"breadcrumb\":{\"@id\":\"https:\\\/\\\/akunq.net\\\/tr\\\/?p=68845#breadcrumb\"},\"inLanguage\":\"en-US\",\"potentialAction\":[{\"@type\":\"ReadAction\",\"target\":[\"https:\\\/\\\/akunq.net\\\/tr\\\/?p=68845\"]}]},{\"@type\":\"ImageObject\",\"inLanguage\":\"en-US\",\"@id\":\"https:\\\/\\\/akunq.net\\\/tr\\\/?p=68845#primaryimage\",\"url\":\"https:\\\/\\\/akunq.net\\\/tr\\\/wp-content\\\/uploads\\\/sites\\\/6\\\/2022\\\/06\\\/\u0130nan\u00e7lar\u0131n-Dili.jpg\",\"contentUrl\":\"https:\\\/\\\/akunq.net\\\/tr\\\/wp-content\\\/uploads\\\/sites\\\/6\\\/2022\\\/06\\\/\u0130nan\u00e7lar\u0131n-Dili.jpg\",\"width\":1200,\"height\":675},{\"@type\":\"BreadcrumbList\",\"@id\":\"https:\\\/\\\/akunq.net\\\/tr\\\/?p=68845#breadcrumb\",\"itemListElement\":[{\"@type\":\"ListItem\",\"position\":1,\"name\":\"Home\",\"item\":\"https:\\\/\\\/akunq.net\\\/tr\"},{\"@type\":\"ListItem\",\"position\":2,\"name\":\"\u201c\u0130nan\u00e7lar\u0131n Dili\u201d konseri Anadolu\u2019nun dini m\u00fczi\u011fini izleyenlerle bulu\u015fturacak\"}]},{\"@type\":\"WebSite\",\"@id\":\"https:\\\/\\\/akunq.net\\\/tr\\\/#website\",\"url\":\"https:\\\/\\\/akunq.net\\\/tr\\\/\",\"name\":\"Bati Ermenistan Ve Bati Ermenileri Sorunlari Ara\u015ftirmalar Merkezi\",\"description\":\"\",\"potentialAction\":[{\"@type\":\"SearchAction\",\"target\":{\"@type\":\"EntryPoint\",\"urlTemplate\":\"https:\\\/\\\/akunq.net\\\/tr\\\/?s={search_term_string}\"},\"query-input\":{\"@type\":\"PropertyValueSpecification\",\"valueRequired\":true,\"valueName\":\"search_term_string\"}}],\"inLanguage\":\"en-US\"},{\"@type\":\"Person\",\"@id\":\"https:\\\/\\\/akunq.net\\\/tr\\\/#\\\/schema\\\/person\\\/096f1d38a12cce57fb855b485ed24c9e\",\"name\":\"admin\",\"url\":\"https:\\\/\\\/akunq.net\\\/tr\\\/?author=7\"}]}<\/script>\n<!-- \/ Yoast SEO plugin. -->","yoast_head_json":{"title":"\u201c\u0130nan\u00e7lar\u0131n Dili\u201d konseri Anadolu\u2019nun dini m\u00fczi\u011fini izleyenlerle bulu\u015fturacak - Bati Ermenistan Ve Bati Ermenileri Sorunlari Ara\u015ftirmalar Merkezi","robots":{"index":"index","follow":"follow","max-snippet":"max-snippet:-1","max-image-preview":"max-image-preview:large","max-video-preview":"max-video-preview:-1"},"canonical":"https:\/\/akunq.net\/tr\/?p=68845","og_locale":"en_US","og_type":"article","og_title":"\u201c\u0130nan\u00e7lar\u0131n Dili\u201d konseri Anadolu\u2019nun dini m\u00fczi\u011fini izleyenlerle bulu\u015fturacak - Bati Ermenistan Ve Bati Ermenileri Sorunlari Ara\u015ftirmalar Merkezi","og_description":"AA \u2013\u00a0\u00a0Eda \u00d6zdener Anadolu\u2019da ya\u015fam\u0131\u015f farkl\u0131 inan\u00e7 gruplar\u0131n\u0131n dini m\u00fczi\u011fi, \u201c\u0130nan\u00e7lar\u0131n Dili\u201d konserinde bulu\u015facak. Anadolu\u2019da ya\u015fam\u0131\u015f farkl\u0131 inan\u00e7 gruplar\u0131n\u0131n dini m\u00fczi\u011fi, \u201c\u0130nan\u00e7lar\u0131n Dili\u201d konserinde bulu\u015facak. K\u00fclt\u00fcr ve Turizm Bakanl\u0131\u011f\u0131nca d\u00fczenlenen Ba\u015fkent K\u00fclt\u00fcr Yolu Festivali kapsam\u0131ndaki konser, bu ak\u015fam Azize Tereza Kilisesi\u2019nde ger\u00e7ekle\u015ftirilecek. Yako Taragano Sinagog \u0130lahileri Korosu, Grung Korosu, Anadolu Medeniyetleri M\u00fczik Toplulu\u011fu ile \u0130stanbul [&hellip;]","og_url":"https:\/\/akunq.net\/tr\/?p=68845","og_site_name":"Bati Ermenistan Ve Bati Ermenileri Sorunlari Ara\u015ftirmalar Merkezi","article_published_time":"2022-06-03T08:37:44+00:00","og_image":[{"width":1200,"height":675,"url":"https:\/\/akunq.net\/tr\/wp-content\/uploads\/sites\/6\/2022\/06\/\u0130nan\u00e7lar\u0131n-Dili.jpg","type":"image\/jpeg"}],"author":"admin","twitter_card":"summary_large_image","twitter_misc":{"Written by":"admin","Est. reading time":"1 minute"},"schema":{"@context":"https:\/\/schema.org","@graph":[{"@type":"Article","@id":"https:\/\/akunq.net\/tr\/?p=68845#article","isPartOf":{"@id":"https:\/\/akunq.net\/tr\/?p=68845"},"author":{"name":"admin","@id":"https:\/\/akunq.net\/tr\/#\/schema\/person\/096f1d38a12cce57fb855b485ed24c9e"},"headline":"\u201c\u0130nan\u00e7lar\u0131n Dili\u201d konseri Anadolu\u2019nun dini m\u00fczi\u011fini izleyenlerle bulu\u015fturacak","datePublished":"2022-06-03T08:37:44+00:00","mainEntityOfPage":{"@id":"https:\/\/akunq.net\/tr\/?p=68845"},"wordCount":176,"commentCount":0,"image":{"@id":"https:\/\/akunq.net\/tr\/?p=68845#primaryimage"},"thumbnailUrl":"https:\/\/akunq.net\/tr\/wp-content\/uploads\/sites\/6\/2022\/06\/\u0130nan\u00e7lar\u0131n-Dili.jpg","articleSection":["Haberler"],"inLanguage":"en-US","potentialAction":[{"@type":"CommentAction","name":"Comment","target":["https:\/\/akunq.net\/tr\/?p=68845#respond"]}]},{"@type":"WebPage","@id":"https:\/\/akunq.net\/tr\/?p=68845","url":"https:\/\/akunq.net\/tr\/?p=68845","name":"\u201c\u0130nan\u00e7lar\u0131n Dili\u201d konseri Anadolu\u2019nun dini m\u00fczi\u011fini izleyenlerle bulu\u015fturacak - Bati Ermenistan Ve Bati Ermenileri Sorunlari Ara\u015ftirmalar Merkezi","isPartOf":{"@id":"https:\/\/akunq.net\/tr\/#website"},"primaryImageOfPage":{"@id":"https:\/\/akunq.net\/tr\/?p=68845#primaryimage"},"image":{"@id":"https:\/\/akunq.net\/tr\/?p=68845#primaryimage"},"thumbnailUrl":"https:\/\/akunq.net\/tr\/wp-content\/uploads\/sites\/6\/2022\/06\/\u0130nan\u00e7lar\u0131n-Dili.jpg","datePublished":"2022-06-03T08:37:44+00:00","author":{"@id":"https:\/\/akunq.net\/tr\/#\/schema\/person\/096f1d38a12cce57fb855b485ed24c9e"},"breadcrumb":{"@id":"https:\/\/akunq.net\/tr\/?p=68845#breadcrumb"},"inLanguage":"en-US","potentialAction":[{"@type":"ReadAction","target":["https:\/\/akunq.net\/tr\/?p=68845"]}]},{"@type":"ImageObject","inLanguage":"en-US","@id":"https:\/\/akunq.net\/tr\/?p=68845#primaryimage","url":"https:\/\/akunq.net\/tr\/wp-content\/uploads\/sites\/6\/2022\/06\/\u0130nan\u00e7lar\u0131n-Dili.jpg","contentUrl":"https:\/\/akunq.net\/tr\/wp-content\/uploads\/sites\/6\/2022\/06\/\u0130nan\u00e7lar\u0131n-Dili.jpg","width":1200,"height":675},{"@type":"BreadcrumbList","@id":"https:\/\/akunq.net\/tr\/?p=68845#breadcrumb","itemListElement":[{"@type":"ListItem","position":1,"name":"Home","item":"https:\/\/akunq.net\/tr"},{"@type":"ListItem","position":2,"name":"\u201c\u0130nan\u00e7lar\u0131n Dili\u201d konseri Anadolu\u2019nun dini m\u00fczi\u011fini izleyenlerle bulu\u015fturacak"}]},{"@type":"WebSite","@id":"https:\/\/akunq.net\/tr\/#website","url":"https:\/\/akunq.net\/tr\/","name":"Bati Ermenistan Ve Bati Ermenileri Sorunlari Ara\u015ftirmalar Merkezi","description":"","potentialAction":[{"@type":"SearchAction","target":{"@type":"EntryPoint","urlTemplate":"https:\/\/akunq.net\/tr\/?s={search_term_string}"},"query-input":{"@type":"PropertyValueSpecification","valueRequired":true,"valueName":"search_term_string"}}],"inLanguage":"en-US"},{"@type":"Person","@id":"https:\/\/akunq.net\/tr\/#\/schema\/person\/096f1d38a12cce57fb855b485ed24c9e","name":"admin","url":"https:\/\/akunq.net\/tr\/?author=7"}]}},"_links":{"self":[{"href":"https:\/\/akunq.net\/tr\/index.php?rest_route=\/wp\/v2\/posts\/68845","targetHints":{"allow":["GET"]}}],"collection":[{"href":"https:\/\/akunq.net\/tr\/index.php?rest_route=\/wp\/v2\/posts"}],"about":[{"href":"https:\/\/akunq.net\/tr\/index.php?rest_route=\/wp\/v2\/types\/post"}],"author":[{"embeddable":true,"href":"https:\/\/akunq.net\/tr\/index.php?rest_route=\/wp\/v2\/users\/7"}],"replies":[{"embeddable":true,"href":"https:\/\/akunq.net\/tr\/index.php?rest_route=%2Fwp%2Fv2%2Fcomments&post=68845"}],"version-history":[{"count":1,"href":"https:\/\/akunq.net\/tr\/index.php?rest_route=\/wp\/v2\/posts\/68845\/revisions"}],"predecessor-version":[{"id":68847,"href":"https:\/\/akunq.net\/tr\/index.php?rest_route=\/wp\/v2\/posts\/68845\/revisions\/68847"}],"wp:featuredmedia":[{"embeddable":true,"href":"https:\/\/akunq.net\/tr\/index.php?rest_route=\/wp\/v2\/media\/68846"}],"wp:attachment":[{"href":"https:\/\/akunq.net\/tr\/index.php?rest_route=%2Fwp%2Fv2%2Fmedia&parent=68845"}],"wp:term":[{"taxonomy":"category","embeddable":true,"href":"https:\/\/akunq.net\/tr\/index.php?rest_route=%2Fwp%2Fv2%2Fcategories&post=68845"},{"taxonomy":"post_tag","embeddable":true,"href":"https:\/\/akunq.net\/tr\/index.php?rest_route=%2Fwp%2Fv2%2Ftags&post=68845"}],"curies":[{"name":"wp","href":"https:\/\/api.w.org\/{rel}","templated":true}]}}