{"id":68816,"date":"2022-06-02T02:11:58","date_gmt":"2022-06-02T07:11:58","guid":{"rendered":"https:\/\/akunq.net\/tr\/?p=68816"},"modified":"2022-06-02T02:11:58","modified_gmt":"2022-06-02T07:11:58","slug":"dersimli-sanatci-ali-inanir-ana-dilimin-icin-elimden-geleni-yapiyorum","status":"publish","type":"post","link":"https:\/\/akunq.net\/tr\/?p=68816","title":{"rendered":"Dersimli sanat\u00e7\u0131 Ali \u0130nan\u0131r: Ana dilimin i\u00e7in elimden geleni yap\u0131yorum"},"content":{"rendered":"<p><img loading=\"lazy\" decoding=\"async\" class=\"aligncenter size-medium wp-image-68817\" src=\"https:\/\/akunq.net\/tr\/wp-content\/uploads\/2022\/06\/Ali-\u0130nan\u0131r-360x226.jpg\" alt=\"\" width=\"360\" height=\"226\" srcset=\"https:\/\/akunq.net\/tr\/wp-content\/uploads\/sites\/6\/2022\/06\/Ali-\u0130nan\u0131r-360x226.jpg 360w, https:\/\/akunq.net\/tr\/wp-content\/uploads\/sites\/6\/2022\/06\/Ali-\u0130nan\u0131r-560x351.jpg 560w, https:\/\/akunq.net\/tr\/wp-content\/uploads\/sites\/6\/2022\/06\/Ali-\u0130nan\u0131r-260x163.jpg 260w, https:\/\/akunq.net\/tr\/wp-content\/uploads\/sites\/6\/2022\/06\/Ali-\u0130nan\u0131r-160x100.jpg 160w, https:\/\/akunq.net\/tr\/wp-content\/uploads\/sites\/6\/2022\/06\/Ali-\u0130nan\u0131r.jpg 752w\" sizes=\"auto, (max-width: 360px) 100vw, 360px\" \/><\/p>\n<p><em><strong>Dersimli Ali \u0130nan\u0131r yeni alb\u00fcm\u00fcyle m\u00fczik severlerin kar\u015f\u0131s\u0131nda.<\/strong><\/em><\/p>\n<p>K\u00fcrt sanat\u00e7\u0131 Ali \u0130nan\u0131r, K\u00fcrt\u00e7e\u2019nin Kirmanck\u00ee(Zazak\u00ee), Kurmanc\u00ee ve Ermenice 10 eserden olu\u015fan \u201cRayir\u201d isimli \u00fc\u00e7\u00fcnc\u00fc alb\u00fcm\u00fcn\u00fc \u00e7\u0131kard\u0131.<\/p>\n<p>Sanat\u00e7\u0131n\u0131n alb\u00fcm\u00fc Kom M\u00fczik taraf\u0131ndan uzun s\u00fcreli bir \u00e7al\u0131\u015fman\u0131n sonunda ge\u00e7ti\u011fimiz hafta severleri ile bulu\u015ftu.\u00a0Ali \u0130nan\u0131r yeni alb\u00fcm\u00fcn\u00fcn klip \u00e7al\u0131\u015fmalar\u0131na ba\u015flad\u0131.<\/p>\n<p>R\u00fbdaw\u2019\u0131n sorular\u0131n\u0131 yan\u0131tlayan Dersimli sanat\u00e7\u0131, yeni alb\u00fcm\u00fcnde K\u00fcrt\u00e7e\u2019nin 2 leh\u00e7esinin yan\u0131 s\u0131ra Ermenice bir esere de yer veriyor. \u0130nan\u0131r, Ermenice bir esere yer vermesini \u201cBir K\u00fcrt sanat\u00e7\u0131 olarak Ermeni canlara kar\u015f\u0131 bir vefa borcumuz oldu\u011funu d\u00fc\u015f\u00fcn\u00fcyorum\u201d \u015feklinde a\u00e7\u0131kl\u0131yor.<\/p>\n<p>Alb\u00fcmlerinde a\u011f\u0131rl\u0131kta Kirmanck\u00ee-Zazak\u00ee eserler seslendiren Ali \u0130nan\u0131r, \u201cAna dilimin, k\u00fclt\u00fcr\u00fcm\u00fcn kaybolmamas\u0131 ve gen\u00e7lerimize ana dillerini \u00f6z k\u00fclt\u00fcrlerini yeniden a\u015f\u0131lay\u0131p bu dili yeniden kullan\u0131l\u0131r hale getirebilmek ad\u0131na, elimden ne geliyorsa ortaya koymaya devam edece\u011fim\u201d \u015feklinde yorumluyor.<\/p>\n<p><strong>\u201cRayir\u201d isimli \u00fc\u00e7\u00fcnc\u00fc alb\u00fcm\u00fcn\u00fcz \u00e7\u0131kt\u0131. Son alb\u00fcm\u00fcn\u00fczden \u00f6nceki \u00e7al\u0131\u015fmalar\u0131n\u0131zdan bize biraz bahseder misiniz?<\/strong><\/p>\n<p>Bu \u00fc\u00e7\u00fcnc\u00fc alb\u00fcm\u00fcm. \u0130lk alb\u00fcm\u00fcm \u201cZerri Dej\u201d 2019&#8217;da Kom M\u00fczik etiketiyle yay\u0131nland\u0131.\u00a0 8 eserden olu\u015fuyordu. Alt\u0131s\u0131 Kirmanck\u00ee-Zazak\u00ee biri Kurmanc\u00ee ve biri de Soran\u00ee eserden yani K\u00fcrt\u00e7e\u2019nin \u00fc\u00e7 leh\u00e7esinden eserlerden olu\u015fuyordu.<\/p>\n<p>\u0130kinci alb\u00fcm\u00fcm Kurdmax m\u00fczi\u011fin katk\u0131lar\u0131yla, 2020 y\u0131l\u0131nda 3 eserden olu\u015fan mini akustik olarak yay\u0131nland\u0131 . Alb\u00fcmdeki klamlar,\u00a0 \u201c\u015eev tari\u201d, \u201cDerdi Giran\u201d, \u201cEz u Tu\u201d idi.<\/p>\n<p>2021\u2019de Newroz\u2019a \u00f6zel \u201cNewroz\u201d adl\u0131 Kurmanc\u00ee\u00a0 ve Kirmanck\u00ee\u00a0 2 single\u00a0 \u00e7al\u0131\u015fmam klipleriyle birlikte yay\u0131nland\u0131.<\/p>\n<p><strong>Rayir alb\u00fcm\u00fc nas\u0131l olu\u015ftu?<\/strong><\/p>\n<p>Ge\u00e7ti\u011fimiz\u00a0g\u00fcnlerde Kom M\u00fczik \u00fczerinden tam alb\u00fcm olarak \u201cRayir\u201d yay\u0131nland\u0131. Alb\u00fcm yap\u0131m\u0131 tam 2 y\u0131l s\u00fcrd\u00fc. Sait Y\u0131ld\u0131z, Mustafa Demir, Aziz K\u0131l\u0131\u00e7 ve Erdem Alt\u0131nses isimli d\u00f6rt ayr\u0131 aranj\u00f6rle \u00e7al\u0131\u015ft\u0131m.<\/p>\n<p>Toplamda 12 klam \u00fczerine yo\u011funla\u015ft\u0131k. Alb\u00fcmde ba\u015flang\u0131\u00e7ta K\u00fcrt\u00e7e\u2019nin her 3 leh\u00e7esini de kulland\u0131k. Kurmanc\u00ee, Kirmanck\u00ee, Soran\u00ee ve bir de Ermenice anonim bir ezgi olan me\u015fhur Gulo eseri \u00fczerine \u00e7al\u0131\u015ft\u0131k.<\/p>\n<p>Yaln\u0131z Soran\u00ee eser\u00a0 istedi\u011fimiz k\u0131vamda olmad\u0131, o y\u00fczden alb\u00fcme giremedi. B\u00f6ylelikle elimizde geriye 10 eser kald\u0131. Gulo&#8217;yu hem \u00e7ok sevdi\u011fim bir ezgi oldu\u011fundan hem de bir K\u00fcrt a\u015firet reisinin eliyle zul\u00fcm g\u00f6ren Ermeni bir k\u0131z\u0131n hikayesini konu ald\u0131\u011f\u0131 i\u00e7in seslendirmek istedim.<\/p>\n<p>Bir K\u00fcrt sanat\u00e7\u0131 olarak Ermeni canlara kar\u015f\u0131 bir vefa borcumuzun oldu\u011funu d\u00fc\u015f\u00fcnm\u00fc\u015f\u00fcmd\u00fcr hep. Yani biz K\u00fcrtlerin Ermenilere kar\u015f\u0131 vermekle y\u00fck\u00fcml\u00fc oldu\u011fumuz bir vefa borcu oldu\u011funu d\u00fc\u015f\u00fcn\u00fcyorum. Tarihi okudu\u011fumuzda hi\u00e7 ho\u015f olmayan durumlar ya\u015fanm\u0131\u015f.\u00a0 Baz\u0131 K\u00fcrtlerin eliyle ve Osmanl\u0131 taraf\u0131ndan ac\u0131lar\u00a0 ya\u015fat\u0131lm\u0131\u015f. Halbuki bizler Ermenilerle ayn\u0131 b\u00f6lgenin karde\u015f halk\u0131y\u0131z.<\/p>\n<p>Ve ba\u015fka alb\u00fcmlerde de yine en az bir Ermenice eser bulundurmaya gayret g\u00f6sterece\u011fimin s\u00f6z\u00fcn\u00fc buradan verebilirim.<\/p>\n<p><strong>Rayir\u2019in mayas\u0131 nerede at\u0131ld\u0131?<\/strong><\/p>\n<p>Rayir alb\u00fcm\u00fcn\u00fc Amed\u2019de haz\u0131rlad\u0131k.\u00a0 Yaln\u0131z K\u00fcrdistan B\u00f6lgesi\u2019nde de\u00a0 bir st\u00fcdyoda yine \u00e7al\u0131\u015fmak durumunda kald\u0131m. \u00c7\u00fcnk\u00fc Amed\u2019de yapt\u0131\u011f\u0131m okumalar\u0131n baz\u0131lar\u0131 istedi\u011fim nitelikte olmad\u0131\u011f\u0131ndan K\u00fcrdistan B\u00f6lgesi\u2019nde yeniden 4 eserin okumalar\u0131n\u0131 yapt\u0131m. Ve sonu\u00e7 olarak 10+1 eser oldu. Yani Ermenice eseri hem normal\u00a0 hem de remix haliyle okuduk. Her iki versiyonuna yer verdik.<\/p>\n<p><strong>Yeni alb\u00fcm i\u00e7in klip \u00e7al\u0131\u015fmalar\u0131n\u0131z olacak m\u0131?<\/strong><\/p>\n<p>Yeni alb\u00fcm\u00fcm\u00fcz\u00fcn 4 klibi olacak. Bunlar\u0131n ilkini\u00a0 Haziran ay\u0131n\u0131n ilk haftas\u0131nda yay\u0131nlayaca\u011f\u0131z. Severlerim o klibe yo\u011funla\u015f\u0131rken, ben ikinci klibin \u00e7ekimlerine ba\u015flam\u0131\u015f olaca\u011f\u0131m. Ve her ay\u0131n\u00a0ilk haftas\u0131 bir klip yay\u0131nlama gayretinde olaca\u011f\u0131m. E\u011fer \u015fartlar olu\u015fursa 5. klibi hatta alt\u0131nc\u0131s\u0131n\u0131 da \u00e7ekmeye niyetliyim bakal\u0131m, hay\u0131rl\u0131s\u0131 diyelim.<\/p>\n<p><strong>Alb\u00fcmlerinizde a\u011f\u0131rl\u0131kl\u0131 Kirmanck\u00ee eserler seslendiriyorsunuz. Bunun \u00f6zel bir nedeni var m\u0131?<\/strong><\/p>\n<p>Kirmanck\u00ee-Zazak\u00ee olmas\u0131n\u0131n elbette \u00f6zel bir nedeni var. Bug\u00fcn 7 veya 8 milyon Dimil\u00ee, Zaza, Kirmanck\u00ee, Kirdk\u00ee -kim kendisini nas\u0131l adland\u0131r\u0131yorsa- bir n\u00fcfus var. Yani yakla\u015f\u0131k Kirmanc\/Zaza n\u00fcfusu bu kadar tahmin ediliyor. Bu belirtilen n\u00fcfusun sadece 2 milyonu kendi ana dilinde konu\u015fabiliyor. Di\u011fer kalan\u0131 kendi ana dilini anl\u0131yor ya da konu\u015fam\u0131yor. Peki bir nesil sonra olacaklar\u0131 d\u00fc\u015f\u00fcnebiliyor musunuz? Bir nesil sonra bir halk olarak tedav\u00fclden kalkm\u0131\u015f olacak. Ve benim vicdan\u0131m bu duruma katlanam\u0131yor. Benim ana dilimin, k\u00fclt\u00fcr\u00fcm\u00fcn kaybolmamas\u0131 ve gen\u00e7lerimize ana dillerini, \u00f6z k\u00fclt\u00fcrlerini yeniden a\u015f\u0131lay\u0131p bu dili yeniden kullan\u0131l\u0131r hale getirebilmek ad\u0131na, elimden ne geliyorsa ortaya koymaya devam edece\u011fim.<\/p>\n<p>\u00c7\u00fcnk\u00fc bir halk\u0131n dil ve k\u00fclt\u00fcr\u00fc o halk\u0131 var eden en \u00f6nemli \u00f6zelli\u011fidir. Ve bu halk benim halk\u0131m, ben ve benim gibi duyarl\u0131 olan sanat\u00e7\u0131, yazar, \u015fairler buna m\u00fcsaade etmeyecegiz.<\/p>\n<p>Bu vesileyle K\u00eermanciye katk\u0131da bulunan, bulunmaya \u00e7al\u0131\u015fan ve \u00e7al\u0131\u015facak olan herkese te\u015fekk\u00fcr ederim.<\/p>\n<p><strong>Ali \u0130nan\u0131r kimdir?<\/strong><\/p>\n<p>1982\u2019de Dersim\u2019de d\u00fcnyaya gelen Ali \u0130nan\u0131r Adana\u2019da b\u00fcy\u00fcd\u00fc. Son 13 y\u0131ld\u0131r K\u00fcrdistan B\u00f6lgesi\u2019nde ya\u015f\u0131yor. 15 y\u0131ld\u0131r profesyonel m\u00fczikle ugra\u015f\u0131yor. Sanat\u00e7\u0131n\u0131n dijital ortamda 3 alb\u00fcm\u00fc bulunuyor.<\/p>\n<p><em><strong>https:\/\/www.rudaw.net\/turkish\/culture\/01062022\u00a0<\/strong><\/em><\/p>\n","protected":false},"excerpt":{"rendered":"<p>Dersimli Ali \u0130nan\u0131r yeni alb\u00fcm\u00fcyle m\u00fczik severlerin kar\u015f\u0131s\u0131nda. K\u00fcrt sanat\u00e7\u0131 Ali \u0130nan\u0131r, K\u00fcrt\u00e7e\u2019nin Kirmanck\u00ee(Zazak\u00ee), Kurmanc\u00ee ve Ermenice 10 eserden olu\u015fan \u201cRayir\u201d isimli \u00fc\u00e7\u00fcnc\u00fc alb\u00fcm\u00fcn\u00fc \u00e7\u0131kard\u0131. Sanat\u00e7\u0131n\u0131n alb\u00fcm\u00fc Kom M\u00fczik taraf\u0131ndan uzun s\u00fcreli bir \u00e7al\u0131\u015fman\u0131n sonunda ge\u00e7ti\u011fimiz hafta severleri ile bulu\u015ftu.\u00a0Ali \u0130nan\u0131r yeni alb\u00fcm\u00fcn\u00fcn klip \u00e7al\u0131\u015fmalar\u0131na ba\u015flad\u0131. R\u00fbdaw\u2019\u0131n sorular\u0131n\u0131 yan\u0131tlayan Dersimli sanat\u00e7\u0131, yeni alb\u00fcm\u00fcnde K\u00fcrt\u00e7e\u2019nin 2 [&hellip;]<\/p>\n","protected":false},"author":7,"featured_media":68817,"comment_status":"open","ping_status":"open","sticky":false,"template":"","format":"standard","meta":{"footnotes":""},"categories":[1,71,14,53],"tags":[],"class_list":["post-68816","post","type-post","status-publish","format-standard","has-post-thumbnail","hentry","category-haberler","category-mulakatlar","category-sarkilar","category-turkiyede-azinliklar"],"yoast_head":"<!-- This site is optimized with the Yoast SEO plugin v27.4 - https:\/\/yoast.com\/product\/yoast-seo-wordpress\/ -->\n<title>Dersimli sanat\u00e7\u0131 Ali \u0130nan\u0131r: Ana dilimin i\u00e7in elimden geleni yap\u0131yorum - Bati Ermenistan Ve Bati Ermenileri Sorunlari Ara\u015ftirmalar Merkezi<\/title>\n<meta name=\"robots\" content=\"index, follow, max-snippet:-1, max-image-preview:large, max-video-preview:-1\" \/>\n<link rel=\"canonical\" href=\"https:\/\/akunq.net\/tr\/?p=68816\" \/>\n<meta property=\"og:locale\" content=\"en_US\" \/>\n<meta property=\"og:type\" content=\"article\" \/>\n<meta property=\"og:title\" content=\"Dersimli sanat\u00e7\u0131 Ali \u0130nan\u0131r: Ana dilimin i\u00e7in elimden geleni yap\u0131yorum - Bati Ermenistan Ve Bati Ermenileri Sorunlari Ara\u015ftirmalar Merkezi\" \/>\n<meta property=\"og:description\" content=\"Dersimli Ali \u0130nan\u0131r yeni alb\u00fcm\u00fcyle m\u00fczik severlerin kar\u015f\u0131s\u0131nda. K\u00fcrt sanat\u00e7\u0131 Ali \u0130nan\u0131r, K\u00fcrt\u00e7e\u2019nin Kirmanck\u00ee(Zazak\u00ee), Kurmanc\u00ee ve Ermenice 10 eserden olu\u015fan \u201cRayir\u201d isimli \u00fc\u00e7\u00fcnc\u00fc alb\u00fcm\u00fcn\u00fc \u00e7\u0131kard\u0131. Sanat\u00e7\u0131n\u0131n alb\u00fcm\u00fc Kom M\u00fczik taraf\u0131ndan uzun s\u00fcreli bir \u00e7al\u0131\u015fman\u0131n sonunda ge\u00e7ti\u011fimiz hafta severleri ile bulu\u015ftu.\u00a0Ali \u0130nan\u0131r yeni alb\u00fcm\u00fcn\u00fcn klip \u00e7al\u0131\u015fmalar\u0131na ba\u015flad\u0131. R\u00fbdaw\u2019\u0131n sorular\u0131n\u0131 yan\u0131tlayan Dersimli sanat\u00e7\u0131, yeni alb\u00fcm\u00fcnde K\u00fcrt\u00e7e\u2019nin 2 [&hellip;]\" \/>\n<meta property=\"og:url\" content=\"https:\/\/akunq.net\/tr\/?p=68816\" \/>\n<meta property=\"og:site_name\" content=\"Bati Ermenistan Ve Bati Ermenileri Sorunlari Ara\u015ftirmalar Merkezi\" \/>\n<meta property=\"article:published_time\" content=\"2022-06-02T07:11:58+00:00\" \/>\n<meta property=\"og:image\" content=\"https:\/\/akunq.net\/tr\/wp-content\/uploads\/sites\/6\/2022\/06\/Ali-\u0130nan\u0131r.jpg\" \/>\n\t<meta property=\"og:image:width\" content=\"752\" \/>\n\t<meta property=\"og:image:height\" content=\"472\" \/>\n\t<meta property=\"og:image:type\" content=\"image\/jpeg\" \/>\n<meta name=\"author\" content=\"admin\" \/>\n<meta name=\"twitter:card\" content=\"summary_large_image\" \/>\n<meta name=\"twitter:label1\" content=\"Written by\" \/>\n\t<meta name=\"twitter:data1\" content=\"admin\" \/>\n\t<meta name=\"twitter:label2\" content=\"Est. reading time\" \/>\n\t<meta name=\"twitter:data2\" content=\"5 minutes\" \/>\n<script type=\"application\/ld+json\" class=\"yoast-schema-graph\">{\"@context\":\"https:\\\/\\\/schema.org\",\"@graph\":[{\"@type\":\"Article\",\"@id\":\"https:\\\/\\\/akunq.net\\\/tr\\\/?p=68816#article\",\"isPartOf\":{\"@id\":\"https:\\\/\\\/akunq.net\\\/tr\\\/?p=68816\"},\"author\":{\"name\":\"admin\",\"@id\":\"https:\\\/\\\/akunq.net\\\/tr\\\/#\\\/schema\\\/person\\\/096f1d38a12cce57fb855b485ed24c9e\"},\"headline\":\"Dersimli sanat\u00e7\u0131 Ali \u0130nan\u0131r: Ana dilimin i\u00e7in elimden geleni yap\u0131yorum\",\"datePublished\":\"2022-06-02T07:11:58+00:00\",\"mainEntityOfPage\":{\"@id\":\"https:\\\/\\\/akunq.net\\\/tr\\\/?p=68816\"},\"wordCount\":962,\"commentCount\":0,\"image\":{\"@id\":\"https:\\\/\\\/akunq.net\\\/tr\\\/?p=68816#primaryimage\"},\"thumbnailUrl\":\"https:\\\/\\\/akunq.net\\\/tr\\\/wp-content\\\/uploads\\\/sites\\\/6\\\/2022\\\/06\\\/Ali-\u0130nan\u0131r.jpg\",\"articleSection\":[\"Haberler\",\"M\u00fclakatlar\",\"\u015eark\u0131lar\",\"T\u00fcrkiye\u2019de Az\u0131nl\u0131klar\"],\"inLanguage\":\"en-US\",\"potentialAction\":[{\"@type\":\"CommentAction\",\"name\":\"Comment\",\"target\":[\"https:\\\/\\\/akunq.net\\\/tr\\\/?p=68816#respond\"]}]},{\"@type\":\"WebPage\",\"@id\":\"https:\\\/\\\/akunq.net\\\/tr\\\/?p=68816\",\"url\":\"https:\\\/\\\/akunq.net\\\/tr\\\/?p=68816\",\"name\":\"Dersimli sanat\u00e7\u0131 Ali \u0130nan\u0131r: Ana dilimin i\u00e7in elimden geleni yap\u0131yorum - Bati Ermenistan Ve Bati Ermenileri Sorunlari Ara\u015ftirmalar Merkezi\",\"isPartOf\":{\"@id\":\"https:\\\/\\\/akunq.net\\\/tr\\\/#website\"},\"primaryImageOfPage\":{\"@id\":\"https:\\\/\\\/akunq.net\\\/tr\\\/?p=68816#primaryimage\"},\"image\":{\"@id\":\"https:\\\/\\\/akunq.net\\\/tr\\\/?p=68816#primaryimage\"},\"thumbnailUrl\":\"https:\\\/\\\/akunq.net\\\/tr\\\/wp-content\\\/uploads\\\/sites\\\/6\\\/2022\\\/06\\\/Ali-\u0130nan\u0131r.jpg\",\"datePublished\":\"2022-06-02T07:11:58+00:00\",\"author\":{\"@id\":\"https:\\\/\\\/akunq.net\\\/tr\\\/#\\\/schema\\\/person\\\/096f1d38a12cce57fb855b485ed24c9e\"},\"breadcrumb\":{\"@id\":\"https:\\\/\\\/akunq.net\\\/tr\\\/?p=68816#breadcrumb\"},\"inLanguage\":\"en-US\",\"potentialAction\":[{\"@type\":\"ReadAction\",\"target\":[\"https:\\\/\\\/akunq.net\\\/tr\\\/?p=68816\"]}]},{\"@type\":\"ImageObject\",\"inLanguage\":\"en-US\",\"@id\":\"https:\\\/\\\/akunq.net\\\/tr\\\/?p=68816#primaryimage\",\"url\":\"https:\\\/\\\/akunq.net\\\/tr\\\/wp-content\\\/uploads\\\/sites\\\/6\\\/2022\\\/06\\\/Ali-\u0130nan\u0131r.jpg\",\"contentUrl\":\"https:\\\/\\\/akunq.net\\\/tr\\\/wp-content\\\/uploads\\\/sites\\\/6\\\/2022\\\/06\\\/Ali-\u0130nan\u0131r.jpg\",\"width\":752,\"height\":472},{\"@type\":\"BreadcrumbList\",\"@id\":\"https:\\\/\\\/akunq.net\\\/tr\\\/?p=68816#breadcrumb\",\"itemListElement\":[{\"@type\":\"ListItem\",\"position\":1,\"name\":\"Home\",\"item\":\"https:\\\/\\\/akunq.net\\\/tr\"},{\"@type\":\"ListItem\",\"position\":2,\"name\":\"Dersimli sanat\u00e7\u0131 Ali \u0130nan\u0131r: Ana dilimin i\u00e7in elimden geleni yap\u0131yorum\"}]},{\"@type\":\"WebSite\",\"@id\":\"https:\\\/\\\/akunq.net\\\/tr\\\/#website\",\"url\":\"https:\\\/\\\/akunq.net\\\/tr\\\/\",\"name\":\"Bati Ermenistan Ve Bati Ermenileri Sorunlari Ara\u015ftirmalar Merkezi\",\"description\":\"\",\"potentialAction\":[{\"@type\":\"SearchAction\",\"target\":{\"@type\":\"EntryPoint\",\"urlTemplate\":\"https:\\\/\\\/akunq.net\\\/tr\\\/?s={search_term_string}\"},\"query-input\":{\"@type\":\"PropertyValueSpecification\",\"valueRequired\":true,\"valueName\":\"search_term_string\"}}],\"inLanguage\":\"en-US\"},{\"@type\":\"Person\",\"@id\":\"https:\\\/\\\/akunq.net\\\/tr\\\/#\\\/schema\\\/person\\\/096f1d38a12cce57fb855b485ed24c9e\",\"name\":\"admin\",\"url\":\"https:\\\/\\\/akunq.net\\\/tr\\\/?author=7\"}]}<\/script>\n<!-- \/ Yoast SEO plugin. -->","yoast_head_json":{"title":"Dersimli sanat\u00e7\u0131 Ali \u0130nan\u0131r: Ana dilimin i\u00e7in elimden geleni yap\u0131yorum - Bati Ermenistan Ve Bati Ermenileri Sorunlari Ara\u015ftirmalar Merkezi","robots":{"index":"index","follow":"follow","max-snippet":"max-snippet:-1","max-image-preview":"max-image-preview:large","max-video-preview":"max-video-preview:-1"},"canonical":"https:\/\/akunq.net\/tr\/?p=68816","og_locale":"en_US","og_type":"article","og_title":"Dersimli sanat\u00e7\u0131 Ali \u0130nan\u0131r: Ana dilimin i\u00e7in elimden geleni yap\u0131yorum - Bati Ermenistan Ve Bati Ermenileri Sorunlari Ara\u015ftirmalar Merkezi","og_description":"Dersimli Ali \u0130nan\u0131r yeni alb\u00fcm\u00fcyle m\u00fczik severlerin kar\u015f\u0131s\u0131nda. K\u00fcrt sanat\u00e7\u0131 Ali \u0130nan\u0131r, K\u00fcrt\u00e7e\u2019nin Kirmanck\u00ee(Zazak\u00ee), Kurmanc\u00ee ve Ermenice 10 eserden olu\u015fan \u201cRayir\u201d isimli \u00fc\u00e7\u00fcnc\u00fc alb\u00fcm\u00fcn\u00fc \u00e7\u0131kard\u0131. Sanat\u00e7\u0131n\u0131n alb\u00fcm\u00fc Kom M\u00fczik taraf\u0131ndan uzun s\u00fcreli bir \u00e7al\u0131\u015fman\u0131n sonunda ge\u00e7ti\u011fimiz hafta severleri ile bulu\u015ftu.\u00a0Ali \u0130nan\u0131r yeni alb\u00fcm\u00fcn\u00fcn klip \u00e7al\u0131\u015fmalar\u0131na ba\u015flad\u0131. R\u00fbdaw\u2019\u0131n sorular\u0131n\u0131 yan\u0131tlayan Dersimli sanat\u00e7\u0131, yeni alb\u00fcm\u00fcnde K\u00fcrt\u00e7e\u2019nin 2 [&hellip;]","og_url":"https:\/\/akunq.net\/tr\/?p=68816","og_site_name":"Bati Ermenistan Ve Bati Ermenileri Sorunlari Ara\u015ftirmalar Merkezi","article_published_time":"2022-06-02T07:11:58+00:00","og_image":[{"width":752,"height":472,"url":"https:\/\/akunq.net\/tr\/wp-content\/uploads\/sites\/6\/2022\/06\/Ali-\u0130nan\u0131r.jpg","type":"image\/jpeg"}],"author":"admin","twitter_card":"summary_large_image","twitter_misc":{"Written by":"admin","Est. reading time":"5 minutes"},"schema":{"@context":"https:\/\/schema.org","@graph":[{"@type":"Article","@id":"https:\/\/akunq.net\/tr\/?p=68816#article","isPartOf":{"@id":"https:\/\/akunq.net\/tr\/?p=68816"},"author":{"name":"admin","@id":"https:\/\/akunq.net\/tr\/#\/schema\/person\/096f1d38a12cce57fb855b485ed24c9e"},"headline":"Dersimli sanat\u00e7\u0131 Ali \u0130nan\u0131r: Ana dilimin i\u00e7in elimden geleni yap\u0131yorum","datePublished":"2022-06-02T07:11:58+00:00","mainEntityOfPage":{"@id":"https:\/\/akunq.net\/tr\/?p=68816"},"wordCount":962,"commentCount":0,"image":{"@id":"https:\/\/akunq.net\/tr\/?p=68816#primaryimage"},"thumbnailUrl":"https:\/\/akunq.net\/tr\/wp-content\/uploads\/sites\/6\/2022\/06\/Ali-\u0130nan\u0131r.jpg","articleSection":["Haberler","M\u00fclakatlar","\u015eark\u0131lar","T\u00fcrkiye\u2019de Az\u0131nl\u0131klar"],"inLanguage":"en-US","potentialAction":[{"@type":"CommentAction","name":"Comment","target":["https:\/\/akunq.net\/tr\/?p=68816#respond"]}]},{"@type":"WebPage","@id":"https:\/\/akunq.net\/tr\/?p=68816","url":"https:\/\/akunq.net\/tr\/?p=68816","name":"Dersimli sanat\u00e7\u0131 Ali \u0130nan\u0131r: Ana dilimin i\u00e7in elimden geleni yap\u0131yorum - Bati Ermenistan Ve Bati Ermenileri Sorunlari Ara\u015ftirmalar Merkezi","isPartOf":{"@id":"https:\/\/akunq.net\/tr\/#website"},"primaryImageOfPage":{"@id":"https:\/\/akunq.net\/tr\/?p=68816#primaryimage"},"image":{"@id":"https:\/\/akunq.net\/tr\/?p=68816#primaryimage"},"thumbnailUrl":"https:\/\/akunq.net\/tr\/wp-content\/uploads\/sites\/6\/2022\/06\/Ali-\u0130nan\u0131r.jpg","datePublished":"2022-06-02T07:11:58+00:00","author":{"@id":"https:\/\/akunq.net\/tr\/#\/schema\/person\/096f1d38a12cce57fb855b485ed24c9e"},"breadcrumb":{"@id":"https:\/\/akunq.net\/tr\/?p=68816#breadcrumb"},"inLanguage":"en-US","potentialAction":[{"@type":"ReadAction","target":["https:\/\/akunq.net\/tr\/?p=68816"]}]},{"@type":"ImageObject","inLanguage":"en-US","@id":"https:\/\/akunq.net\/tr\/?p=68816#primaryimage","url":"https:\/\/akunq.net\/tr\/wp-content\/uploads\/sites\/6\/2022\/06\/Ali-\u0130nan\u0131r.jpg","contentUrl":"https:\/\/akunq.net\/tr\/wp-content\/uploads\/sites\/6\/2022\/06\/Ali-\u0130nan\u0131r.jpg","width":752,"height":472},{"@type":"BreadcrumbList","@id":"https:\/\/akunq.net\/tr\/?p=68816#breadcrumb","itemListElement":[{"@type":"ListItem","position":1,"name":"Home","item":"https:\/\/akunq.net\/tr"},{"@type":"ListItem","position":2,"name":"Dersimli sanat\u00e7\u0131 Ali \u0130nan\u0131r: Ana dilimin i\u00e7in elimden geleni yap\u0131yorum"}]},{"@type":"WebSite","@id":"https:\/\/akunq.net\/tr\/#website","url":"https:\/\/akunq.net\/tr\/","name":"Bati Ermenistan Ve Bati Ermenileri Sorunlari Ara\u015ftirmalar Merkezi","description":"","potentialAction":[{"@type":"SearchAction","target":{"@type":"EntryPoint","urlTemplate":"https:\/\/akunq.net\/tr\/?s={search_term_string}"},"query-input":{"@type":"PropertyValueSpecification","valueRequired":true,"valueName":"search_term_string"}}],"inLanguage":"en-US"},{"@type":"Person","@id":"https:\/\/akunq.net\/tr\/#\/schema\/person\/096f1d38a12cce57fb855b485ed24c9e","name":"admin","url":"https:\/\/akunq.net\/tr\/?author=7"}]}},"_links":{"self":[{"href":"https:\/\/akunq.net\/tr\/index.php?rest_route=\/wp\/v2\/posts\/68816","targetHints":{"allow":["GET"]}}],"collection":[{"href":"https:\/\/akunq.net\/tr\/index.php?rest_route=\/wp\/v2\/posts"}],"about":[{"href":"https:\/\/akunq.net\/tr\/index.php?rest_route=\/wp\/v2\/types\/post"}],"author":[{"embeddable":true,"href":"https:\/\/akunq.net\/tr\/index.php?rest_route=\/wp\/v2\/users\/7"}],"replies":[{"embeddable":true,"href":"https:\/\/akunq.net\/tr\/index.php?rest_route=%2Fwp%2Fv2%2Fcomments&post=68816"}],"version-history":[{"count":1,"href":"https:\/\/akunq.net\/tr\/index.php?rest_route=\/wp\/v2\/posts\/68816\/revisions"}],"predecessor-version":[{"id":68818,"href":"https:\/\/akunq.net\/tr\/index.php?rest_route=\/wp\/v2\/posts\/68816\/revisions\/68818"}],"wp:featuredmedia":[{"embeddable":true,"href":"https:\/\/akunq.net\/tr\/index.php?rest_route=\/wp\/v2\/media\/68817"}],"wp:attachment":[{"href":"https:\/\/akunq.net\/tr\/index.php?rest_route=%2Fwp%2Fv2%2Fmedia&parent=68816"}],"wp:term":[{"taxonomy":"category","embeddable":true,"href":"https:\/\/akunq.net\/tr\/index.php?rest_route=%2Fwp%2Fv2%2Fcategories&post=68816"},{"taxonomy":"post_tag","embeddable":true,"href":"https:\/\/akunq.net\/tr\/index.php?rest_route=%2Fwp%2Fv2%2Ftags&post=68816"}],"curies":[{"name":"wp","href":"https:\/\/api.w.org\/{rel}","templated":true}]}}