{"id":68783,"date":"2022-05-31T02:34:39","date_gmt":"2022-05-31T07:34:39","guid":{"rendered":"https:\/\/akunq.net\/tr\/?p=68783"},"modified":"2022-05-31T02:34:39","modified_gmt":"2022-05-31T07:34:39","slug":"iranin-ermenistan-buyukelcisi-ararat-bolgesini-ziyaret-etti","status":"publish","type":"post","link":"https:\/\/akunq.net\/tr\/?p=68783","title":{"rendered":"\u0130ran&#8217;\u0131n Ermenistan B\u00fcy\u00fckel\u00e7isi Ararat b\u00f6lgesini ziyaret etti"},"content":{"rendered":"<p><img loading=\"lazy\" decoding=\"async\" class=\"aligncenter size-medium wp-image-68784\" src=\"https:\/\/akunq.net\/tr\/wp-content\/uploads\/2022\/05\/\u0130ran\u0131n-Ermenistan-B\u00fcy\u00fckel\u00e7isi-360x242.jpg\" alt=\"\" width=\"360\" height=\"242\" srcset=\"https:\/\/akunq.net\/tr\/wp-content\/uploads\/sites\/6\/2022\/05\/\u0130ran\u0131n-Ermenistan-B\u00fcy\u00fckel\u00e7isi-360x242.jpg 360w, https:\/\/akunq.net\/tr\/wp-content\/uploads\/sites\/6\/2022\/05\/\u0130ran\u0131n-Ermenistan-B\u00fcy\u00fckel\u00e7isi-560x376.jpg 560w, https:\/\/akunq.net\/tr\/wp-content\/uploads\/sites\/6\/2022\/05\/\u0130ran\u0131n-Ermenistan-B\u00fcy\u00fckel\u00e7isi-260x175.jpg 260w, https:\/\/akunq.net\/tr\/wp-content\/uploads\/sites\/6\/2022\/05\/\u0130ran\u0131n-Ermenistan-B\u00fcy\u00fckel\u00e7isi-160x107.jpg 160w, https:\/\/akunq.net\/tr\/wp-content\/uploads\/sites\/6\/2022\/05\/\u0130ran\u0131n-Ermenistan-B\u00fcy\u00fckel\u00e7isi.jpg 670w\" sizes=\"auto, (max-width: 360px) 100vw, 360px\" \/><\/p>\n<p><em><strong>30 May\u0131s&#8217;ta Ararat \u00a0Valisi Sedrak Tevonyan, \u0130ran \u0130slam Cumhuriyeti&#8217;nin Ermenistan B\u00fcy\u00fckel\u00e7isi Abbas Badakhshan Zohuri\u2019yi ve onun ba\u015fkanl\u0131\u011f\u0131ndaki heyetini kabul etti. G\u00f6r\u00fc\u015fmede Ararat Vali Yard\u0131mc\u0131s\u0131 Artavazd Nazaretyan, Ararat il\u00e7e ba\u015fkan\u0131 Aslan Avetisyan ve b\u00f6lge idaresinin Kalk\u0131nma Programlar\u0131, Turizm ve Analiz Dairesi Ba\u015fkan\u0131 Vardan Safaryan da kat\u0131ld\u0131.<\/strong><\/em><\/p>\n<p>B\u00fcy\u00fckel\u00e7iyi ziyaretten dolay\u0131 te\u015fekk\u00fcr eden Sedrak Tevonyan, ikili ili\u015fkilerin geli\u015ftirilmesi ve derinle\u015ftirilmesinin \u00f6nemini vurgulad\u0131.<\/p>\n<p>B\u00fcy\u00fckel\u00e7i, Ararat b\u00f6lgesinin \u0130ran&#8217;la, \u00f6zellikle Gilan ve Mazandaran eyaletleriye s\u0131cak ili\u015fkilere sahip oldu\u011funu kaydetti. \u0130ran&#8217;\u0131n di\u011fer eyaletleri aras\u0131nda ili\u015fkilerin kurulmas\u0131nda bir i\u015fbirli\u011fi ba\u011flant\u0131s\u0131 olaca\u011f\u0131na s\u00f6z verdi.<\/p>\n<p>Sedrak Tevonyan ve Abbas Badakhshan Zohuri, ikili ili\u015fkilerin geli\u015fmesi i\u00e7in b\u00fcy\u00fck potansiyel oldu\u011funu ve bu y\u00f6nde ortak \u00e7abalara ihtiya\u00e7 oldu\u011funu da ifade ettiler.<\/p>\n<p>Muhataplar ayr\u0131ca e\u011fitim, ihracat ve di\u011fer alanlara at\u0131fta bulunarak ikili ili\u015fkilerin di\u011fer olas\u0131 geli\u015fim y\u00f6nlerini de tele ald\u0131lar.<\/p>\n<p><em><strong>https:\/\/armenpress.am\/tur\/news\/1084623.html\u00a0<\/strong><\/em><\/p>\n","protected":false},"excerpt":{"rendered":"<p>30 May\u0131s&#8217;ta Ararat \u00a0Valisi Sedrak Tevonyan, \u0130ran \u0130slam Cumhuriyeti&#8217;nin Ermenistan B\u00fcy\u00fckel\u00e7isi Abbas Badakhshan Zohuri\u2019yi ve onun ba\u015fkanl\u0131\u011f\u0131ndaki heyetini kabul etti. G\u00f6r\u00fc\u015fmede Ararat Vali Yard\u0131mc\u0131s\u0131 Artavazd Nazaretyan, Ararat il\u00e7e ba\u015fkan\u0131 Aslan Avetisyan ve b\u00f6lge idaresinin Kalk\u0131nma Programlar\u0131, Turizm ve Analiz Dairesi Ba\u015fkan\u0131 Vardan Safaryan da kat\u0131ld\u0131. B\u00fcy\u00fckel\u00e7iyi ziyaretten dolay\u0131 te\u015fekk\u00fcr eden Sedrak Tevonyan, ikili ili\u015fkilerin geli\u015ftirilmesi [&hellip;]<\/p>\n","protected":false},"author":7,"featured_media":68784,"comment_status":"open","ping_status":"open","sticky":false,"template":"","format":"standard","meta":{"footnotes":""},"categories":[1],"tags":[],"class_list":["post-68783","post","type-post","status-publish","format-standard","has-post-thumbnail","hentry","category-haberler"],"yoast_head":"<!-- This site is optimized with the Yoast SEO plugin v27.4 - https:\/\/yoast.com\/product\/yoast-seo-wordpress\/ -->\n<title>\u0130ran&#039;\u0131n Ermenistan B\u00fcy\u00fckel\u00e7isi Ararat b\u00f6lgesini ziyaret etti - Bati Ermenistan Ve Bati Ermenileri Sorunlari Ara\u015ftirmalar Merkezi<\/title>\n<meta name=\"robots\" content=\"index, follow, max-snippet:-1, max-image-preview:large, max-video-preview:-1\" \/>\n<link rel=\"canonical\" href=\"https:\/\/akunq.net\/tr\/?p=68783\" \/>\n<meta property=\"og:locale\" content=\"en_US\" \/>\n<meta property=\"og:type\" content=\"article\" \/>\n<meta property=\"og:title\" content=\"\u0130ran&#039;\u0131n Ermenistan B\u00fcy\u00fckel\u00e7isi Ararat b\u00f6lgesini ziyaret etti - Bati Ermenistan Ve Bati Ermenileri Sorunlari Ara\u015ftirmalar Merkezi\" \/>\n<meta property=\"og:description\" content=\"30 May\u0131s&#8217;ta Ararat \u00a0Valisi Sedrak Tevonyan, \u0130ran \u0130slam Cumhuriyeti&#8217;nin Ermenistan B\u00fcy\u00fckel\u00e7isi Abbas Badakhshan Zohuri\u2019yi ve onun ba\u015fkanl\u0131\u011f\u0131ndaki heyetini kabul etti. G\u00f6r\u00fc\u015fmede Ararat Vali Yard\u0131mc\u0131s\u0131 Artavazd Nazaretyan, Ararat il\u00e7e ba\u015fkan\u0131 Aslan Avetisyan ve b\u00f6lge idaresinin Kalk\u0131nma Programlar\u0131, Turizm ve Analiz Dairesi Ba\u015fkan\u0131 Vardan Safaryan da kat\u0131ld\u0131. B\u00fcy\u00fckel\u00e7iyi ziyaretten dolay\u0131 te\u015fekk\u00fcr eden Sedrak Tevonyan, ikili ili\u015fkilerin geli\u015ftirilmesi [&hellip;]\" \/>\n<meta property=\"og:url\" content=\"https:\/\/akunq.net\/tr\/?p=68783\" \/>\n<meta property=\"og:site_name\" content=\"Bati Ermenistan Ve Bati Ermenileri Sorunlari Ara\u015ftirmalar Merkezi\" \/>\n<meta property=\"article:published_time\" content=\"2022-05-31T07:34:39+00:00\" \/>\n<meta property=\"og:image\" content=\"https:\/\/akunq.net\/tr\/wp-content\/uploads\/sites\/6\/2022\/05\/\u0130ran\u0131n-Ermenistan-B\u00fcy\u00fckel\u00e7isi.jpg\" \/>\n\t<meta property=\"og:image:width\" content=\"670\" \/>\n\t<meta property=\"og:image:height\" content=\"450\" \/>\n\t<meta property=\"og:image:type\" content=\"image\/jpeg\" \/>\n<meta name=\"author\" content=\"admin\" \/>\n<meta name=\"twitter:card\" content=\"summary_large_image\" \/>\n<meta name=\"twitter:label1\" content=\"Written by\" \/>\n\t<meta name=\"twitter:data1\" content=\"admin\" \/>\n\t<meta name=\"twitter:label2\" content=\"Est. reading time\" \/>\n\t<meta name=\"twitter:data2\" content=\"1 minute\" \/>\n<script type=\"application\/ld+json\" class=\"yoast-schema-graph\">{\"@context\":\"https:\\\/\\\/schema.org\",\"@graph\":[{\"@type\":\"Article\",\"@id\":\"https:\\\/\\\/akunq.net\\\/tr\\\/?p=68783#article\",\"isPartOf\":{\"@id\":\"https:\\\/\\\/akunq.net\\\/tr\\\/?p=68783\"},\"author\":{\"name\":\"admin\",\"@id\":\"https:\\\/\\\/akunq.net\\\/tr\\\/#\\\/schema\\\/person\\\/096f1d38a12cce57fb855b485ed24c9e\"},\"headline\":\"\u0130ran&#8217;\u0131n Ermenistan B\u00fcy\u00fckel\u00e7isi Ararat b\u00f6lgesini ziyaret etti\",\"datePublished\":\"2022-05-31T07:34:39+00:00\",\"mainEntityOfPage\":{\"@id\":\"https:\\\/\\\/akunq.net\\\/tr\\\/?p=68783\"},\"wordCount\":203,\"commentCount\":0,\"image\":{\"@id\":\"https:\\\/\\\/akunq.net\\\/tr\\\/?p=68783#primaryimage\"},\"thumbnailUrl\":\"https:\\\/\\\/akunq.net\\\/tr\\\/wp-content\\\/uploads\\\/sites\\\/6\\\/2022\\\/05\\\/\u0130ran\u0131n-Ermenistan-B\u00fcy\u00fckel\u00e7isi.jpg\",\"articleSection\":[\"Haberler\"],\"inLanguage\":\"en-US\",\"potentialAction\":[{\"@type\":\"CommentAction\",\"name\":\"Comment\",\"target\":[\"https:\\\/\\\/akunq.net\\\/tr\\\/?p=68783#respond\"]}]},{\"@type\":\"WebPage\",\"@id\":\"https:\\\/\\\/akunq.net\\\/tr\\\/?p=68783\",\"url\":\"https:\\\/\\\/akunq.net\\\/tr\\\/?p=68783\",\"name\":\"\u0130ran'\u0131n Ermenistan B\u00fcy\u00fckel\u00e7isi Ararat b\u00f6lgesini ziyaret etti - Bati Ermenistan Ve Bati Ermenileri Sorunlari Ara\u015ftirmalar Merkezi\",\"isPartOf\":{\"@id\":\"https:\\\/\\\/akunq.net\\\/tr\\\/#website\"},\"primaryImageOfPage\":{\"@id\":\"https:\\\/\\\/akunq.net\\\/tr\\\/?p=68783#primaryimage\"},\"image\":{\"@id\":\"https:\\\/\\\/akunq.net\\\/tr\\\/?p=68783#primaryimage\"},\"thumbnailUrl\":\"https:\\\/\\\/akunq.net\\\/tr\\\/wp-content\\\/uploads\\\/sites\\\/6\\\/2022\\\/05\\\/\u0130ran\u0131n-Ermenistan-B\u00fcy\u00fckel\u00e7isi.jpg\",\"datePublished\":\"2022-05-31T07:34:39+00:00\",\"author\":{\"@id\":\"https:\\\/\\\/akunq.net\\\/tr\\\/#\\\/schema\\\/person\\\/096f1d38a12cce57fb855b485ed24c9e\"},\"breadcrumb\":{\"@id\":\"https:\\\/\\\/akunq.net\\\/tr\\\/?p=68783#breadcrumb\"},\"inLanguage\":\"en-US\",\"potentialAction\":[{\"@type\":\"ReadAction\",\"target\":[\"https:\\\/\\\/akunq.net\\\/tr\\\/?p=68783\"]}]},{\"@type\":\"ImageObject\",\"inLanguage\":\"en-US\",\"@id\":\"https:\\\/\\\/akunq.net\\\/tr\\\/?p=68783#primaryimage\",\"url\":\"https:\\\/\\\/akunq.net\\\/tr\\\/wp-content\\\/uploads\\\/sites\\\/6\\\/2022\\\/05\\\/\u0130ran\u0131n-Ermenistan-B\u00fcy\u00fckel\u00e7isi.jpg\",\"contentUrl\":\"https:\\\/\\\/akunq.net\\\/tr\\\/wp-content\\\/uploads\\\/sites\\\/6\\\/2022\\\/05\\\/\u0130ran\u0131n-Ermenistan-B\u00fcy\u00fckel\u00e7isi.jpg\",\"width\":670,\"height\":450},{\"@type\":\"BreadcrumbList\",\"@id\":\"https:\\\/\\\/akunq.net\\\/tr\\\/?p=68783#breadcrumb\",\"itemListElement\":[{\"@type\":\"ListItem\",\"position\":1,\"name\":\"Home\",\"item\":\"https:\\\/\\\/akunq.net\\\/tr\"},{\"@type\":\"ListItem\",\"position\":2,\"name\":\"\u0130ran&#8217;\u0131n Ermenistan B\u00fcy\u00fckel\u00e7isi Ararat b\u00f6lgesini ziyaret etti\"}]},{\"@type\":\"WebSite\",\"@id\":\"https:\\\/\\\/akunq.net\\\/tr\\\/#website\",\"url\":\"https:\\\/\\\/akunq.net\\\/tr\\\/\",\"name\":\"Bati Ermenistan Ve Bati Ermenileri Sorunlari Ara\u015ftirmalar Merkezi\",\"description\":\"\",\"potentialAction\":[{\"@type\":\"SearchAction\",\"target\":{\"@type\":\"EntryPoint\",\"urlTemplate\":\"https:\\\/\\\/akunq.net\\\/tr\\\/?s={search_term_string}\"},\"query-input\":{\"@type\":\"PropertyValueSpecification\",\"valueRequired\":true,\"valueName\":\"search_term_string\"}}],\"inLanguage\":\"en-US\"},{\"@type\":\"Person\",\"@id\":\"https:\\\/\\\/akunq.net\\\/tr\\\/#\\\/schema\\\/person\\\/096f1d38a12cce57fb855b485ed24c9e\",\"name\":\"admin\",\"url\":\"https:\\\/\\\/akunq.net\\\/tr\\\/?author=7\"}]}<\/script>\n<!-- \/ Yoast SEO plugin. -->","yoast_head_json":{"title":"\u0130ran'\u0131n Ermenistan B\u00fcy\u00fckel\u00e7isi Ararat b\u00f6lgesini ziyaret etti - Bati Ermenistan Ve Bati Ermenileri Sorunlari Ara\u015ftirmalar Merkezi","robots":{"index":"index","follow":"follow","max-snippet":"max-snippet:-1","max-image-preview":"max-image-preview:large","max-video-preview":"max-video-preview:-1"},"canonical":"https:\/\/akunq.net\/tr\/?p=68783","og_locale":"en_US","og_type":"article","og_title":"\u0130ran'\u0131n Ermenistan B\u00fcy\u00fckel\u00e7isi Ararat b\u00f6lgesini ziyaret etti - Bati Ermenistan Ve Bati Ermenileri Sorunlari Ara\u015ftirmalar Merkezi","og_description":"30 May\u0131s&#8217;ta Ararat \u00a0Valisi Sedrak Tevonyan, \u0130ran \u0130slam Cumhuriyeti&#8217;nin Ermenistan B\u00fcy\u00fckel\u00e7isi Abbas Badakhshan Zohuri\u2019yi ve onun ba\u015fkanl\u0131\u011f\u0131ndaki heyetini kabul etti. G\u00f6r\u00fc\u015fmede Ararat Vali Yard\u0131mc\u0131s\u0131 Artavazd Nazaretyan, Ararat il\u00e7e ba\u015fkan\u0131 Aslan Avetisyan ve b\u00f6lge idaresinin Kalk\u0131nma Programlar\u0131, Turizm ve Analiz Dairesi Ba\u015fkan\u0131 Vardan Safaryan da kat\u0131ld\u0131. B\u00fcy\u00fckel\u00e7iyi ziyaretten dolay\u0131 te\u015fekk\u00fcr eden Sedrak Tevonyan, ikili ili\u015fkilerin geli\u015ftirilmesi [&hellip;]","og_url":"https:\/\/akunq.net\/tr\/?p=68783","og_site_name":"Bati Ermenistan Ve Bati Ermenileri Sorunlari Ara\u015ftirmalar Merkezi","article_published_time":"2022-05-31T07:34:39+00:00","og_image":[{"width":670,"height":450,"url":"https:\/\/akunq.net\/tr\/wp-content\/uploads\/sites\/6\/2022\/05\/\u0130ran\u0131n-Ermenistan-B\u00fcy\u00fckel\u00e7isi.jpg","type":"image\/jpeg"}],"author":"admin","twitter_card":"summary_large_image","twitter_misc":{"Written by":"admin","Est. reading time":"1 minute"},"schema":{"@context":"https:\/\/schema.org","@graph":[{"@type":"Article","@id":"https:\/\/akunq.net\/tr\/?p=68783#article","isPartOf":{"@id":"https:\/\/akunq.net\/tr\/?p=68783"},"author":{"name":"admin","@id":"https:\/\/akunq.net\/tr\/#\/schema\/person\/096f1d38a12cce57fb855b485ed24c9e"},"headline":"\u0130ran&#8217;\u0131n Ermenistan B\u00fcy\u00fckel\u00e7isi Ararat b\u00f6lgesini ziyaret etti","datePublished":"2022-05-31T07:34:39+00:00","mainEntityOfPage":{"@id":"https:\/\/akunq.net\/tr\/?p=68783"},"wordCount":203,"commentCount":0,"image":{"@id":"https:\/\/akunq.net\/tr\/?p=68783#primaryimage"},"thumbnailUrl":"https:\/\/akunq.net\/tr\/wp-content\/uploads\/sites\/6\/2022\/05\/\u0130ran\u0131n-Ermenistan-B\u00fcy\u00fckel\u00e7isi.jpg","articleSection":["Haberler"],"inLanguage":"en-US","potentialAction":[{"@type":"CommentAction","name":"Comment","target":["https:\/\/akunq.net\/tr\/?p=68783#respond"]}]},{"@type":"WebPage","@id":"https:\/\/akunq.net\/tr\/?p=68783","url":"https:\/\/akunq.net\/tr\/?p=68783","name":"\u0130ran'\u0131n Ermenistan B\u00fcy\u00fckel\u00e7isi Ararat b\u00f6lgesini ziyaret etti - Bati Ermenistan Ve Bati Ermenileri Sorunlari Ara\u015ftirmalar Merkezi","isPartOf":{"@id":"https:\/\/akunq.net\/tr\/#website"},"primaryImageOfPage":{"@id":"https:\/\/akunq.net\/tr\/?p=68783#primaryimage"},"image":{"@id":"https:\/\/akunq.net\/tr\/?p=68783#primaryimage"},"thumbnailUrl":"https:\/\/akunq.net\/tr\/wp-content\/uploads\/sites\/6\/2022\/05\/\u0130ran\u0131n-Ermenistan-B\u00fcy\u00fckel\u00e7isi.jpg","datePublished":"2022-05-31T07:34:39+00:00","author":{"@id":"https:\/\/akunq.net\/tr\/#\/schema\/person\/096f1d38a12cce57fb855b485ed24c9e"},"breadcrumb":{"@id":"https:\/\/akunq.net\/tr\/?p=68783#breadcrumb"},"inLanguage":"en-US","potentialAction":[{"@type":"ReadAction","target":["https:\/\/akunq.net\/tr\/?p=68783"]}]},{"@type":"ImageObject","inLanguage":"en-US","@id":"https:\/\/akunq.net\/tr\/?p=68783#primaryimage","url":"https:\/\/akunq.net\/tr\/wp-content\/uploads\/sites\/6\/2022\/05\/\u0130ran\u0131n-Ermenistan-B\u00fcy\u00fckel\u00e7isi.jpg","contentUrl":"https:\/\/akunq.net\/tr\/wp-content\/uploads\/sites\/6\/2022\/05\/\u0130ran\u0131n-Ermenistan-B\u00fcy\u00fckel\u00e7isi.jpg","width":670,"height":450},{"@type":"BreadcrumbList","@id":"https:\/\/akunq.net\/tr\/?p=68783#breadcrumb","itemListElement":[{"@type":"ListItem","position":1,"name":"Home","item":"https:\/\/akunq.net\/tr"},{"@type":"ListItem","position":2,"name":"\u0130ran&#8217;\u0131n Ermenistan B\u00fcy\u00fckel\u00e7isi Ararat b\u00f6lgesini ziyaret etti"}]},{"@type":"WebSite","@id":"https:\/\/akunq.net\/tr\/#website","url":"https:\/\/akunq.net\/tr\/","name":"Bati Ermenistan Ve Bati Ermenileri Sorunlari Ara\u015ftirmalar Merkezi","description":"","potentialAction":[{"@type":"SearchAction","target":{"@type":"EntryPoint","urlTemplate":"https:\/\/akunq.net\/tr\/?s={search_term_string}"},"query-input":{"@type":"PropertyValueSpecification","valueRequired":true,"valueName":"search_term_string"}}],"inLanguage":"en-US"},{"@type":"Person","@id":"https:\/\/akunq.net\/tr\/#\/schema\/person\/096f1d38a12cce57fb855b485ed24c9e","name":"admin","url":"https:\/\/akunq.net\/tr\/?author=7"}]}},"_links":{"self":[{"href":"https:\/\/akunq.net\/tr\/index.php?rest_route=\/wp\/v2\/posts\/68783","targetHints":{"allow":["GET"]}}],"collection":[{"href":"https:\/\/akunq.net\/tr\/index.php?rest_route=\/wp\/v2\/posts"}],"about":[{"href":"https:\/\/akunq.net\/tr\/index.php?rest_route=\/wp\/v2\/types\/post"}],"author":[{"embeddable":true,"href":"https:\/\/akunq.net\/tr\/index.php?rest_route=\/wp\/v2\/users\/7"}],"replies":[{"embeddable":true,"href":"https:\/\/akunq.net\/tr\/index.php?rest_route=%2Fwp%2Fv2%2Fcomments&post=68783"}],"version-history":[{"count":1,"href":"https:\/\/akunq.net\/tr\/index.php?rest_route=\/wp\/v2\/posts\/68783\/revisions"}],"predecessor-version":[{"id":68785,"href":"https:\/\/akunq.net\/tr\/index.php?rest_route=\/wp\/v2\/posts\/68783\/revisions\/68785"}],"wp:featuredmedia":[{"embeddable":true,"href":"https:\/\/akunq.net\/tr\/index.php?rest_route=\/wp\/v2\/media\/68784"}],"wp:attachment":[{"href":"https:\/\/akunq.net\/tr\/index.php?rest_route=%2Fwp%2Fv2%2Fmedia&parent=68783"}],"wp:term":[{"taxonomy":"category","embeddable":true,"href":"https:\/\/akunq.net\/tr\/index.php?rest_route=%2Fwp%2Fv2%2Fcategories&post=68783"},{"taxonomy":"post_tag","embeddable":true,"href":"https:\/\/akunq.net\/tr\/index.php?rest_route=%2Fwp%2Fv2%2Ftags&post=68783"}],"curies":[{"name":"wp","href":"https:\/\/api.w.org\/{rel}","templated":true}]}}