{"id":68761,"date":"2022-05-30T05:51:32","date_gmt":"2022-05-30T10:51:32","guid":{"rendered":"https:\/\/akunq.net\/tr\/?p=68761"},"modified":"2022-05-30T05:51:32","modified_gmt":"2022-05-30T10:51:32","slug":"ara-malikianin-ankarada-verecegi-konser-de-iptal-edildi","status":"publish","type":"post","link":"https:\/\/akunq.net\/tr\/?p=68761","title":{"rendered":"Ara Malikian&#8217;\u0131n Ankara&#8217;da verece\u011fi konser de iptal edildi"},"content":{"rendered":"<p><img loading=\"lazy\" decoding=\"async\" class=\"aligncenter size-medium wp-image-68762\" src=\"https:\/\/akunq.net\/tr\/wp-content\/uploads\/2022\/05\/Ara-Malikian-360x203.jpg\" alt=\"\" width=\"360\" height=\"203\" srcset=\"https:\/\/akunq.net\/tr\/wp-content\/uploads\/sites\/6\/2022\/05\/Ara-Malikian-360x203.jpg 360w, https:\/\/akunq.net\/tr\/wp-content\/uploads\/sites\/6\/2022\/05\/Ara-Malikian-768x432.jpg 768w, https:\/\/akunq.net\/tr\/wp-content\/uploads\/sites\/6\/2022\/05\/Ara-Malikian-560x315.jpg 560w, https:\/\/akunq.net\/tr\/wp-content\/uploads\/sites\/6\/2022\/05\/Ara-Malikian-260x146.jpg 260w, https:\/\/akunq.net\/tr\/wp-content\/uploads\/sites\/6\/2022\/05\/Ara-Malikian-160x90.jpg 160w, https:\/\/akunq.net\/tr\/wp-content\/uploads\/sites\/6\/2022\/05\/Ara-Malikian.jpg 1200w\" sizes=\"auto, (max-width: 360px) 100vw, 360px\" \/><\/p>\n<p><em><strong>\u0130spanya vatanda\u015f\u0131 Ermeni m\u00fczisyen, \u00fcnl\u00fc keman virt\u00fc\u00f6z\u00fc Ara Malikian&#8217;\u0131n Ankara&#8217;da verece\u011fi konser iptal edildi.<\/strong><\/em><\/p>\n<p>K\u00fclt\u00fcr Bakanl\u0131\u011f\u0131&#8217;n\u0131n festival program\u0131 kapsam\u0131nda d\u00fczenleyece\u011fi keman virt\u00fc\u00f6z\u00fc Ara Malikian&#8217;\u0131n 11 Haziran&#8217;daki konseri iptal edildi. Konserin iptaline ili\u015fkin bir a\u00e7\u0131klama yap\u0131lmad\u0131.<\/p>\n<p>Ara Malikian konseri i\u00e7in bilet alanlar, konser iptalini bir mesajla \u00f6\u011frendi.<\/p>\n<p>Ba\u015fkent K\u00fclt\u00fcr Yolu Festivali kapsam\u0131nda konser vermesi planlanan Malikian\u2019\u0131n konserinin iptal edilmesiyle ilgili olarak Evrensel gazetesinin ula\u015ft\u0131\u011f\u0131 festival sorumlular\u0131 bilginin G\u00fczel Sanatlar Birimi\u2019nden geldi\u011fini ve kendilerine de iptal nedeninin iletilmedi\u011fini payla\u015ft\u0131lar.<\/p>\n<p>Malikian, ge\u00e7ti\u011fimiz g\u00fcnlerde sosyal medyada\u00a0 hedef g\u00f6sterilmi\u015fti.<\/p>\n<p>&#8216;The Ara Malikian World Tour&#8217; kapsam\u0131nda T\u00fcrkiye&#8217;ye gelecek olan Malikian&#8217;\u0131n 9 Haziran\u2019da Zorlu PSM\u2019de verece\u011fi konserin biletleri hala sat\u0131\u015fta.<\/p>\n<p><em><strong>https:\/\/www.agos.com.tr\/tr\/yazi\/27142\/ara-malikian-in-ankara-da-verecegi-konser-de-iptal-edildi\u00a0<\/strong><\/em><\/p>\n","protected":false},"excerpt":{"rendered":"<p>\u0130spanya vatanda\u015f\u0131 Ermeni m\u00fczisyen, \u00fcnl\u00fc keman virt\u00fc\u00f6z\u00fc Ara Malikian&#8217;\u0131n Ankara&#8217;da verece\u011fi konser iptal edildi. K\u00fclt\u00fcr Bakanl\u0131\u011f\u0131&#8217;n\u0131n festival program\u0131 kapsam\u0131nda d\u00fczenleyece\u011fi keman virt\u00fc\u00f6z\u00fc Ara Malikian&#8217;\u0131n 11 Haziran&#8217;daki konseri iptal edildi. Konserin iptaline ili\u015fkin bir a\u00e7\u0131klama yap\u0131lmad\u0131. Ara Malikian konseri i\u00e7in bilet alanlar, konser iptalini bir mesajla \u00f6\u011frendi. Ba\u015fkent K\u00fclt\u00fcr Yolu Festivali kapsam\u0131nda konser vermesi planlanan Malikian\u2019\u0131n [&hellip;]<\/p>\n","protected":false},"author":7,"featured_media":68762,"comment_status":"open","ping_status":"open","sticky":false,"template":"","format":"standard","meta":{"footnotes":""},"categories":[1],"tags":[],"class_list":["post-68761","post","type-post","status-publish","format-standard","has-post-thumbnail","hentry","category-haberler"],"yoast_head":"<!-- This site is optimized with the Yoast SEO plugin v27.4 - https:\/\/yoast.com\/product\/yoast-seo-wordpress\/ -->\n<title>Ara Malikian&#039;\u0131n Ankara&#039;da verece\u011fi konser de iptal edildi - Bati Ermenistan Ve Bati Ermenileri Sorunlari Ara\u015ftirmalar Merkezi<\/title>\n<meta name=\"robots\" content=\"index, follow, max-snippet:-1, max-image-preview:large, max-video-preview:-1\" \/>\n<link rel=\"canonical\" href=\"https:\/\/akunq.net\/tr\/?p=68761\" \/>\n<meta property=\"og:locale\" content=\"en_US\" \/>\n<meta property=\"og:type\" content=\"article\" \/>\n<meta property=\"og:title\" content=\"Ara Malikian&#039;\u0131n Ankara&#039;da verece\u011fi konser de iptal edildi - Bati Ermenistan Ve Bati Ermenileri Sorunlari Ara\u015ftirmalar Merkezi\" \/>\n<meta property=\"og:description\" content=\"\u0130spanya vatanda\u015f\u0131 Ermeni m\u00fczisyen, \u00fcnl\u00fc keman virt\u00fc\u00f6z\u00fc Ara Malikian&#8217;\u0131n Ankara&#8217;da verece\u011fi konser iptal edildi. K\u00fclt\u00fcr Bakanl\u0131\u011f\u0131&#8217;n\u0131n festival program\u0131 kapsam\u0131nda d\u00fczenleyece\u011fi keman virt\u00fc\u00f6z\u00fc Ara Malikian&#8217;\u0131n 11 Haziran&#8217;daki konseri iptal edildi. Konserin iptaline ili\u015fkin bir a\u00e7\u0131klama yap\u0131lmad\u0131. Ara Malikian konseri i\u00e7in bilet alanlar, konser iptalini bir mesajla \u00f6\u011frendi. Ba\u015fkent K\u00fclt\u00fcr Yolu Festivali kapsam\u0131nda konser vermesi planlanan Malikian\u2019\u0131n [&hellip;]\" \/>\n<meta property=\"og:url\" content=\"https:\/\/akunq.net\/tr\/?p=68761\" \/>\n<meta property=\"og:site_name\" content=\"Bati Ermenistan Ve Bati Ermenileri Sorunlari Ara\u015ftirmalar Merkezi\" \/>\n<meta property=\"article:published_time\" content=\"2022-05-30T10:51:32+00:00\" \/>\n<meta property=\"og:image\" content=\"https:\/\/akunq.net\/tr\/wp-content\/uploads\/sites\/6\/2022\/05\/Ara-Malikian.jpg\" \/>\n\t<meta property=\"og:image:width\" content=\"1200\" \/>\n\t<meta property=\"og:image:height\" content=\"675\" \/>\n\t<meta property=\"og:image:type\" content=\"image\/jpeg\" \/>\n<meta name=\"author\" content=\"admin\" \/>\n<meta name=\"twitter:card\" content=\"summary_large_image\" \/>\n<meta name=\"twitter:label1\" content=\"Written by\" \/>\n\t<meta name=\"twitter:data1\" content=\"admin\" \/>\n\t<meta name=\"twitter:label2\" content=\"Est. reading time\" \/>\n\t<meta name=\"twitter:data2\" content=\"1 minute\" \/>\n<script type=\"application\/ld+json\" class=\"yoast-schema-graph\">{\"@context\":\"https:\\\/\\\/schema.org\",\"@graph\":[{\"@type\":\"Article\",\"@id\":\"https:\\\/\\\/akunq.net\\\/tr\\\/?p=68761#article\",\"isPartOf\":{\"@id\":\"https:\\\/\\\/akunq.net\\\/tr\\\/?p=68761\"},\"author\":{\"name\":\"admin\",\"@id\":\"https:\\\/\\\/akunq.net\\\/tr\\\/#\\\/schema\\\/person\\\/096f1d38a12cce57fb855b485ed24c9e\"},\"headline\":\"Ara Malikian&#8217;\u0131n Ankara&#8217;da verece\u011fi konser de iptal edildi\",\"datePublished\":\"2022-05-30T10:51:32+00:00\",\"mainEntityOfPage\":{\"@id\":\"https:\\\/\\\/akunq.net\\\/tr\\\/?p=68761\"},\"wordCount\":160,\"commentCount\":0,\"image\":{\"@id\":\"https:\\\/\\\/akunq.net\\\/tr\\\/?p=68761#primaryimage\"},\"thumbnailUrl\":\"https:\\\/\\\/akunq.net\\\/tr\\\/wp-content\\\/uploads\\\/sites\\\/6\\\/2022\\\/05\\\/Ara-Malikian.jpg\",\"articleSection\":[\"Haberler\"],\"inLanguage\":\"en-US\",\"potentialAction\":[{\"@type\":\"CommentAction\",\"name\":\"Comment\",\"target\":[\"https:\\\/\\\/akunq.net\\\/tr\\\/?p=68761#respond\"]}]},{\"@type\":\"WebPage\",\"@id\":\"https:\\\/\\\/akunq.net\\\/tr\\\/?p=68761\",\"url\":\"https:\\\/\\\/akunq.net\\\/tr\\\/?p=68761\",\"name\":\"Ara Malikian'\u0131n Ankara'da verece\u011fi konser de iptal edildi - Bati Ermenistan Ve Bati Ermenileri Sorunlari Ara\u015ftirmalar Merkezi\",\"isPartOf\":{\"@id\":\"https:\\\/\\\/akunq.net\\\/tr\\\/#website\"},\"primaryImageOfPage\":{\"@id\":\"https:\\\/\\\/akunq.net\\\/tr\\\/?p=68761#primaryimage\"},\"image\":{\"@id\":\"https:\\\/\\\/akunq.net\\\/tr\\\/?p=68761#primaryimage\"},\"thumbnailUrl\":\"https:\\\/\\\/akunq.net\\\/tr\\\/wp-content\\\/uploads\\\/sites\\\/6\\\/2022\\\/05\\\/Ara-Malikian.jpg\",\"datePublished\":\"2022-05-30T10:51:32+00:00\",\"author\":{\"@id\":\"https:\\\/\\\/akunq.net\\\/tr\\\/#\\\/schema\\\/person\\\/096f1d38a12cce57fb855b485ed24c9e\"},\"breadcrumb\":{\"@id\":\"https:\\\/\\\/akunq.net\\\/tr\\\/?p=68761#breadcrumb\"},\"inLanguage\":\"en-US\",\"potentialAction\":[{\"@type\":\"ReadAction\",\"target\":[\"https:\\\/\\\/akunq.net\\\/tr\\\/?p=68761\"]}]},{\"@type\":\"ImageObject\",\"inLanguage\":\"en-US\",\"@id\":\"https:\\\/\\\/akunq.net\\\/tr\\\/?p=68761#primaryimage\",\"url\":\"https:\\\/\\\/akunq.net\\\/tr\\\/wp-content\\\/uploads\\\/sites\\\/6\\\/2022\\\/05\\\/Ara-Malikian.jpg\",\"contentUrl\":\"https:\\\/\\\/akunq.net\\\/tr\\\/wp-content\\\/uploads\\\/sites\\\/6\\\/2022\\\/05\\\/Ara-Malikian.jpg\",\"width\":1200,\"height\":675},{\"@type\":\"BreadcrumbList\",\"@id\":\"https:\\\/\\\/akunq.net\\\/tr\\\/?p=68761#breadcrumb\",\"itemListElement\":[{\"@type\":\"ListItem\",\"position\":1,\"name\":\"Home\",\"item\":\"https:\\\/\\\/akunq.net\\\/tr\"},{\"@type\":\"ListItem\",\"position\":2,\"name\":\"Ara Malikian&#8217;\u0131n Ankara&#8217;da verece\u011fi konser de iptal edildi\"}]},{\"@type\":\"WebSite\",\"@id\":\"https:\\\/\\\/akunq.net\\\/tr\\\/#website\",\"url\":\"https:\\\/\\\/akunq.net\\\/tr\\\/\",\"name\":\"Bati Ermenistan Ve Bati Ermenileri Sorunlari Ara\u015ftirmalar Merkezi\",\"description\":\"\",\"potentialAction\":[{\"@type\":\"SearchAction\",\"target\":{\"@type\":\"EntryPoint\",\"urlTemplate\":\"https:\\\/\\\/akunq.net\\\/tr\\\/?s={search_term_string}\"},\"query-input\":{\"@type\":\"PropertyValueSpecification\",\"valueRequired\":true,\"valueName\":\"search_term_string\"}}],\"inLanguage\":\"en-US\"},{\"@type\":\"Person\",\"@id\":\"https:\\\/\\\/akunq.net\\\/tr\\\/#\\\/schema\\\/person\\\/096f1d38a12cce57fb855b485ed24c9e\",\"name\":\"admin\",\"url\":\"https:\\\/\\\/akunq.net\\\/tr\\\/?author=7\"}]}<\/script>\n<!-- \/ Yoast SEO plugin. -->","yoast_head_json":{"title":"Ara Malikian'\u0131n Ankara'da verece\u011fi konser de iptal edildi - Bati Ermenistan Ve Bati Ermenileri Sorunlari Ara\u015ftirmalar Merkezi","robots":{"index":"index","follow":"follow","max-snippet":"max-snippet:-1","max-image-preview":"max-image-preview:large","max-video-preview":"max-video-preview:-1"},"canonical":"https:\/\/akunq.net\/tr\/?p=68761","og_locale":"en_US","og_type":"article","og_title":"Ara Malikian'\u0131n Ankara'da verece\u011fi konser de iptal edildi - Bati Ermenistan Ve Bati Ermenileri Sorunlari Ara\u015ftirmalar Merkezi","og_description":"\u0130spanya vatanda\u015f\u0131 Ermeni m\u00fczisyen, \u00fcnl\u00fc keman virt\u00fc\u00f6z\u00fc Ara Malikian&#8217;\u0131n Ankara&#8217;da verece\u011fi konser iptal edildi. K\u00fclt\u00fcr Bakanl\u0131\u011f\u0131&#8217;n\u0131n festival program\u0131 kapsam\u0131nda d\u00fczenleyece\u011fi keman virt\u00fc\u00f6z\u00fc Ara Malikian&#8217;\u0131n 11 Haziran&#8217;daki konseri iptal edildi. Konserin iptaline ili\u015fkin bir a\u00e7\u0131klama yap\u0131lmad\u0131. Ara Malikian konseri i\u00e7in bilet alanlar, konser iptalini bir mesajla \u00f6\u011frendi. Ba\u015fkent K\u00fclt\u00fcr Yolu Festivali kapsam\u0131nda konser vermesi planlanan Malikian\u2019\u0131n [&hellip;]","og_url":"https:\/\/akunq.net\/tr\/?p=68761","og_site_name":"Bati Ermenistan Ve Bati Ermenileri Sorunlari Ara\u015ftirmalar Merkezi","article_published_time":"2022-05-30T10:51:32+00:00","og_image":[{"width":1200,"height":675,"url":"https:\/\/akunq.net\/tr\/wp-content\/uploads\/sites\/6\/2022\/05\/Ara-Malikian.jpg","type":"image\/jpeg"}],"author":"admin","twitter_card":"summary_large_image","twitter_misc":{"Written by":"admin","Est. reading time":"1 minute"},"schema":{"@context":"https:\/\/schema.org","@graph":[{"@type":"Article","@id":"https:\/\/akunq.net\/tr\/?p=68761#article","isPartOf":{"@id":"https:\/\/akunq.net\/tr\/?p=68761"},"author":{"name":"admin","@id":"https:\/\/akunq.net\/tr\/#\/schema\/person\/096f1d38a12cce57fb855b485ed24c9e"},"headline":"Ara Malikian&#8217;\u0131n Ankara&#8217;da verece\u011fi konser de iptal edildi","datePublished":"2022-05-30T10:51:32+00:00","mainEntityOfPage":{"@id":"https:\/\/akunq.net\/tr\/?p=68761"},"wordCount":160,"commentCount":0,"image":{"@id":"https:\/\/akunq.net\/tr\/?p=68761#primaryimage"},"thumbnailUrl":"https:\/\/akunq.net\/tr\/wp-content\/uploads\/sites\/6\/2022\/05\/Ara-Malikian.jpg","articleSection":["Haberler"],"inLanguage":"en-US","potentialAction":[{"@type":"CommentAction","name":"Comment","target":["https:\/\/akunq.net\/tr\/?p=68761#respond"]}]},{"@type":"WebPage","@id":"https:\/\/akunq.net\/tr\/?p=68761","url":"https:\/\/akunq.net\/tr\/?p=68761","name":"Ara Malikian'\u0131n Ankara'da verece\u011fi konser de iptal edildi - Bati Ermenistan Ve Bati Ermenileri Sorunlari Ara\u015ftirmalar Merkezi","isPartOf":{"@id":"https:\/\/akunq.net\/tr\/#website"},"primaryImageOfPage":{"@id":"https:\/\/akunq.net\/tr\/?p=68761#primaryimage"},"image":{"@id":"https:\/\/akunq.net\/tr\/?p=68761#primaryimage"},"thumbnailUrl":"https:\/\/akunq.net\/tr\/wp-content\/uploads\/sites\/6\/2022\/05\/Ara-Malikian.jpg","datePublished":"2022-05-30T10:51:32+00:00","author":{"@id":"https:\/\/akunq.net\/tr\/#\/schema\/person\/096f1d38a12cce57fb855b485ed24c9e"},"breadcrumb":{"@id":"https:\/\/akunq.net\/tr\/?p=68761#breadcrumb"},"inLanguage":"en-US","potentialAction":[{"@type":"ReadAction","target":["https:\/\/akunq.net\/tr\/?p=68761"]}]},{"@type":"ImageObject","inLanguage":"en-US","@id":"https:\/\/akunq.net\/tr\/?p=68761#primaryimage","url":"https:\/\/akunq.net\/tr\/wp-content\/uploads\/sites\/6\/2022\/05\/Ara-Malikian.jpg","contentUrl":"https:\/\/akunq.net\/tr\/wp-content\/uploads\/sites\/6\/2022\/05\/Ara-Malikian.jpg","width":1200,"height":675},{"@type":"BreadcrumbList","@id":"https:\/\/akunq.net\/tr\/?p=68761#breadcrumb","itemListElement":[{"@type":"ListItem","position":1,"name":"Home","item":"https:\/\/akunq.net\/tr"},{"@type":"ListItem","position":2,"name":"Ara Malikian&#8217;\u0131n Ankara&#8217;da verece\u011fi konser de iptal edildi"}]},{"@type":"WebSite","@id":"https:\/\/akunq.net\/tr\/#website","url":"https:\/\/akunq.net\/tr\/","name":"Bati Ermenistan Ve Bati Ermenileri Sorunlari Ara\u015ftirmalar Merkezi","description":"","potentialAction":[{"@type":"SearchAction","target":{"@type":"EntryPoint","urlTemplate":"https:\/\/akunq.net\/tr\/?s={search_term_string}"},"query-input":{"@type":"PropertyValueSpecification","valueRequired":true,"valueName":"search_term_string"}}],"inLanguage":"en-US"},{"@type":"Person","@id":"https:\/\/akunq.net\/tr\/#\/schema\/person\/096f1d38a12cce57fb855b485ed24c9e","name":"admin","url":"https:\/\/akunq.net\/tr\/?author=7"}]}},"_links":{"self":[{"href":"https:\/\/akunq.net\/tr\/index.php?rest_route=\/wp\/v2\/posts\/68761","targetHints":{"allow":["GET"]}}],"collection":[{"href":"https:\/\/akunq.net\/tr\/index.php?rest_route=\/wp\/v2\/posts"}],"about":[{"href":"https:\/\/akunq.net\/tr\/index.php?rest_route=\/wp\/v2\/types\/post"}],"author":[{"embeddable":true,"href":"https:\/\/akunq.net\/tr\/index.php?rest_route=\/wp\/v2\/users\/7"}],"replies":[{"embeddable":true,"href":"https:\/\/akunq.net\/tr\/index.php?rest_route=%2Fwp%2Fv2%2Fcomments&post=68761"}],"version-history":[{"count":1,"href":"https:\/\/akunq.net\/tr\/index.php?rest_route=\/wp\/v2\/posts\/68761\/revisions"}],"predecessor-version":[{"id":68763,"href":"https:\/\/akunq.net\/tr\/index.php?rest_route=\/wp\/v2\/posts\/68761\/revisions\/68763"}],"wp:featuredmedia":[{"embeddable":true,"href":"https:\/\/akunq.net\/tr\/index.php?rest_route=\/wp\/v2\/media\/68762"}],"wp:attachment":[{"href":"https:\/\/akunq.net\/tr\/index.php?rest_route=%2Fwp%2Fv2%2Fmedia&parent=68761"}],"wp:term":[{"taxonomy":"category","embeddable":true,"href":"https:\/\/akunq.net\/tr\/index.php?rest_route=%2Fwp%2Fv2%2Fcategories&post=68761"},{"taxonomy":"post_tag","embeddable":true,"href":"https:\/\/akunq.net\/tr\/index.php?rest_route=%2Fwp%2Fv2%2Ftags&post=68761"}],"curies":[{"name":"wp","href":"https:\/\/api.w.org\/{rel}","templated":true}]}}