{"id":68758,"date":"2022-05-30T05:30:22","date_gmt":"2022-05-30T10:30:22","guid":{"rendered":"https:\/\/akunq.net\/tr\/?p=68758"},"modified":"2022-05-30T05:30:22","modified_gmt":"2022-05-30T10:30:22","slug":"unlu-kurt-soprano-diyarbakirda-konser-verdi","status":"publish","type":"post","link":"https:\/\/akunq.net\/tr\/?p=68758","title":{"rendered":"\u00dcnl\u00fc K\u00fcrt Soprano Diyarbak\u0131r\u2019da Konser Verdi"},"content":{"rendered":"<p><img loading=\"lazy\" decoding=\"async\" class=\"aligncenter size-medium wp-image-68759\" src=\"https:\/\/akunq.net\/tr\/wp-content\/uploads\/2022\/05\/Soprano-Pervin-\u00c7akar-360x240.jpg\" alt=\"\" width=\"360\" height=\"240\" srcset=\"https:\/\/akunq.net\/tr\/wp-content\/uploads\/sites\/6\/2022\/05\/Soprano-Pervin-\u00c7akar-360x240.jpg 360w, https:\/\/akunq.net\/tr\/wp-content\/uploads\/sites\/6\/2022\/05\/Soprano-Pervin-\u00c7akar-768x512.jpg 768w, https:\/\/akunq.net\/tr\/wp-content\/uploads\/sites\/6\/2022\/05\/Soprano-Pervin-\u00c7akar-560x373.jpg 560w, https:\/\/akunq.net\/tr\/wp-content\/uploads\/sites\/6\/2022\/05\/Soprano-Pervin-\u00c7akar-260x173.jpg 260w, https:\/\/akunq.net\/tr\/wp-content\/uploads\/sites\/6\/2022\/05\/Soprano-Pervin-\u00c7akar-160x107.jpg 160w, https:\/\/akunq.net\/tr\/wp-content\/uploads\/sites\/6\/2022\/05\/Soprano-Pervin-\u00c7akar.jpg 840w\" sizes=\"auto, (max-width: 360px) 100vw, 360px\" \/><\/p>\n<p><strong>Mahmut Bozarslan<\/strong><\/p>\n<p><em><strong>D\u0130YARBAKIR- T\u00fcrkiye\u2019de yeni yeni tan\u0131nmaya ba\u015flasa da uluslararas\u0131 \u00fcne sahip Soprano Pervin \u00c7akar \u00fc\u00e7 y\u0131l aradan sonra Diyarbak\u0131r\u2019da konser verdi.<\/strong><\/em><\/p>\n<p>Sezai Karako\u00e7 K\u00fclt\u00fcr Merkezi\u2019nde sevenleriyle bulu\u015fan \u00c7akar, aralar\u0131nda T\u00fcrk\u00e7e, K\u00fcrt\u00e7e ve Ermenice\u2019nin de bulundu\u011fu de\u011fi\u015fik dillerde bir \u00e7ok eser seslendirdi.<\/p>\n<p>\u00c7akar\u2019\u0131n seslendirdi\u011fi eserler aras\u0131nda Ahmet Kaya\u2019n\u0131n \u2018Ac\u0131 \u00e7ekmek \u00f6zg\u00fcrl\u00fckse\u2019 isimli \u015fark\u0131s\u0131 da vard\u0131. Ertan Tekin\u2019in d\u00fcd\u00fckle, \u0130klim Tamkan\u2019\u0131n piyanoyla e\u015flik etti\u011fi \u00c7akar\u2019a ilgi yo\u011fun oldu.<\/p>\n<p>Salonu dolduran sanatseverler, konserin sonunda \u00c7akar\u2019a ayakta, alk\u0131\u015f ve z\u0131lg\u0131tlarla sevgi g\u00f6sterisinde bulundu.<\/p>\n<p>\u00c7akar, sosyal medya hesab\u0131ndan yapt\u0131\u011f\u0131 payla\u015f\u0131mda duygular\u0131n\u0131 \u015fu c\u00fcmlelerle dile getirdi : \u201cBu ak\u015fam muhte\u015fem bir geceye tan\u0131kl\u0131k ettim. O kadar \u00e7ok \u00fclkede konser verdim ama Diyarbak\u0131r kadar heyecanl\u0131 de\u011fillerdi. Z\u0131lg\u0131tlar, bitmeyen alk\u0131\u015flar, a\u011fla\u015fmalar ve hayk\u0131ran insanlar vard\u0131. Onlar\u0131 orada o \u015fekilde g\u00f6rmek beni \u00e7ok mutlu etti. Sevildi\u011fimi hissettim. \u0130yi ki vars\u0131n\u0131z.\u201d<\/p>\n<p>Almanya\u2019da ya\u015fayan \u00c7akar, T\u00fcrkiye\u2019de Semiha Berksoy Vakf\u0131\u2019n\u0131n \u2018En iyi kad\u0131n sesi \u00f6d\u00fcl\u00fc\u2019, 2013 y\u0131l\u0131nda An Dante m\u00fczik dergisi taraf\u0131ndan verilen \u2018T\u00fcrkiye\u2019nin en iyi kad\u0131n sesi\u2019 \u00f6d\u00fcllerini ald\u0131. \u00c7akar, Fransa\u2019da Disk Lirik isimli akademiden de \u00f6d\u00fcl ald\u0131.<\/p>\n<hr \/>\n<p><em><strong><a href=\"https:\/\/www.amerikaninsesi.com\/a\/unlu-kurt-sopranodan-diyarbakir-da-konser\/6594220.html\" target=\"_blank\" rel=\"noopener noreferrer\">VOA<\/a>\u00a0<\/strong><\/em><\/p>\n","protected":false},"excerpt":{"rendered":"<p>Mahmut Bozarslan D\u0130YARBAKIR- T\u00fcrkiye\u2019de yeni yeni tan\u0131nmaya ba\u015flasa da uluslararas\u0131 \u00fcne sahip Soprano Pervin \u00c7akar \u00fc\u00e7 y\u0131l aradan sonra Diyarbak\u0131r\u2019da konser verdi. Sezai Karako\u00e7 K\u00fclt\u00fcr Merkezi\u2019nde sevenleriyle bulu\u015fan \u00c7akar, aralar\u0131nda T\u00fcrk\u00e7e, K\u00fcrt\u00e7e ve Ermenice\u2019nin de bulundu\u011fu de\u011fi\u015fik dillerde bir \u00e7ok eser seslendirdi. \u00c7akar\u2019\u0131n seslendirdi\u011fi eserler aras\u0131nda Ahmet Kaya\u2019n\u0131n \u2018Ac\u0131 \u00e7ekmek \u00f6zg\u00fcrl\u00fckse\u2019 isimli \u015fark\u0131s\u0131 da vard\u0131. [&hellip;]<\/p>\n","protected":false},"author":7,"featured_media":68759,"comment_status":"open","ping_status":"open","sticky":false,"template":"","format":"standard","meta":{"footnotes":""},"categories":[1],"tags":[],"class_list":["post-68758","post","type-post","status-publish","format-standard","has-post-thumbnail","hentry","category-haberler"],"yoast_head":"<!-- This site is optimized with the Yoast SEO plugin v27.4 - https:\/\/yoast.com\/product\/yoast-seo-wordpress\/ -->\n<title>\u00dcnl\u00fc K\u00fcrt Soprano Diyarbak\u0131r\u2019da Konser Verdi - Bati Ermenistan Ve Bati Ermenileri Sorunlari Ara\u015ftirmalar Merkezi<\/title>\n<meta name=\"robots\" content=\"index, follow, max-snippet:-1, max-image-preview:large, max-video-preview:-1\" \/>\n<link rel=\"canonical\" href=\"https:\/\/akunq.net\/tr\/?p=68758\" \/>\n<meta property=\"og:locale\" content=\"en_US\" \/>\n<meta property=\"og:type\" content=\"article\" \/>\n<meta property=\"og:title\" content=\"\u00dcnl\u00fc K\u00fcrt Soprano Diyarbak\u0131r\u2019da Konser Verdi - Bati Ermenistan Ve Bati Ermenileri Sorunlari Ara\u015ftirmalar Merkezi\" \/>\n<meta property=\"og:description\" content=\"Mahmut Bozarslan D\u0130YARBAKIR- T\u00fcrkiye\u2019de yeni yeni tan\u0131nmaya ba\u015flasa da uluslararas\u0131 \u00fcne sahip Soprano Pervin \u00c7akar \u00fc\u00e7 y\u0131l aradan sonra Diyarbak\u0131r\u2019da konser verdi. Sezai Karako\u00e7 K\u00fclt\u00fcr Merkezi\u2019nde sevenleriyle bulu\u015fan \u00c7akar, aralar\u0131nda T\u00fcrk\u00e7e, K\u00fcrt\u00e7e ve Ermenice\u2019nin de bulundu\u011fu de\u011fi\u015fik dillerde bir \u00e7ok eser seslendirdi. \u00c7akar\u2019\u0131n seslendirdi\u011fi eserler aras\u0131nda Ahmet Kaya\u2019n\u0131n \u2018Ac\u0131 \u00e7ekmek \u00f6zg\u00fcrl\u00fckse\u2019 isimli \u015fark\u0131s\u0131 da vard\u0131. [&hellip;]\" \/>\n<meta property=\"og:url\" content=\"https:\/\/akunq.net\/tr\/?p=68758\" \/>\n<meta property=\"og:site_name\" content=\"Bati Ermenistan Ve Bati Ermenileri Sorunlari Ara\u015ftirmalar Merkezi\" \/>\n<meta property=\"article:published_time\" content=\"2022-05-30T10:30:22+00:00\" \/>\n<meta property=\"og:image\" content=\"https:\/\/akunq.net\/tr\/wp-content\/uploads\/sites\/6\/2022\/05\/Soprano-Pervin-\u00c7akar.jpg\" \/>\n\t<meta property=\"og:image:width\" content=\"840\" \/>\n\t<meta property=\"og:image:height\" content=\"560\" \/>\n\t<meta property=\"og:image:type\" content=\"image\/jpeg\" \/>\n<meta name=\"author\" content=\"admin\" \/>\n<meta name=\"twitter:card\" content=\"summary_large_image\" \/>\n<meta name=\"twitter:label1\" content=\"Written by\" \/>\n\t<meta name=\"twitter:data1\" content=\"admin\" \/>\n\t<meta name=\"twitter:label2\" content=\"Est. reading time\" \/>\n\t<meta name=\"twitter:data2\" content=\"1 minute\" \/>\n<script type=\"application\/ld+json\" class=\"yoast-schema-graph\">{\"@context\":\"https:\\\/\\\/schema.org\",\"@graph\":[{\"@type\":\"Article\",\"@id\":\"https:\\\/\\\/akunq.net\\\/tr\\\/?p=68758#article\",\"isPartOf\":{\"@id\":\"https:\\\/\\\/akunq.net\\\/tr\\\/?p=68758\"},\"author\":{\"name\":\"admin\",\"@id\":\"https:\\\/\\\/akunq.net\\\/tr\\\/#\\\/schema\\\/person\\\/096f1d38a12cce57fb855b485ed24c9e\"},\"headline\":\"\u00dcnl\u00fc K\u00fcrt Soprano Diyarbak\u0131r\u2019da Konser Verdi\",\"datePublished\":\"2022-05-30T10:30:22+00:00\",\"mainEntityOfPage\":{\"@id\":\"https:\\\/\\\/akunq.net\\\/tr\\\/?p=68758\"},\"wordCount\":254,\"commentCount\":0,\"image\":{\"@id\":\"https:\\\/\\\/akunq.net\\\/tr\\\/?p=68758#primaryimage\"},\"thumbnailUrl\":\"https:\\\/\\\/akunq.net\\\/tr\\\/wp-content\\\/uploads\\\/sites\\\/6\\\/2022\\\/05\\\/Soprano-Pervin-\u00c7akar.jpg\",\"articleSection\":[\"Haberler\"],\"inLanguage\":\"en-US\",\"potentialAction\":[{\"@type\":\"CommentAction\",\"name\":\"Comment\",\"target\":[\"https:\\\/\\\/akunq.net\\\/tr\\\/?p=68758#respond\"]}]},{\"@type\":\"WebPage\",\"@id\":\"https:\\\/\\\/akunq.net\\\/tr\\\/?p=68758\",\"url\":\"https:\\\/\\\/akunq.net\\\/tr\\\/?p=68758\",\"name\":\"\u00dcnl\u00fc K\u00fcrt Soprano Diyarbak\u0131r\u2019da Konser Verdi - Bati Ermenistan Ve Bati Ermenileri Sorunlari Ara\u015ftirmalar Merkezi\",\"isPartOf\":{\"@id\":\"https:\\\/\\\/akunq.net\\\/tr\\\/#website\"},\"primaryImageOfPage\":{\"@id\":\"https:\\\/\\\/akunq.net\\\/tr\\\/?p=68758#primaryimage\"},\"image\":{\"@id\":\"https:\\\/\\\/akunq.net\\\/tr\\\/?p=68758#primaryimage\"},\"thumbnailUrl\":\"https:\\\/\\\/akunq.net\\\/tr\\\/wp-content\\\/uploads\\\/sites\\\/6\\\/2022\\\/05\\\/Soprano-Pervin-\u00c7akar.jpg\",\"datePublished\":\"2022-05-30T10:30:22+00:00\",\"author\":{\"@id\":\"https:\\\/\\\/akunq.net\\\/tr\\\/#\\\/schema\\\/person\\\/096f1d38a12cce57fb855b485ed24c9e\"},\"breadcrumb\":{\"@id\":\"https:\\\/\\\/akunq.net\\\/tr\\\/?p=68758#breadcrumb\"},\"inLanguage\":\"en-US\",\"potentialAction\":[{\"@type\":\"ReadAction\",\"target\":[\"https:\\\/\\\/akunq.net\\\/tr\\\/?p=68758\"]}]},{\"@type\":\"ImageObject\",\"inLanguage\":\"en-US\",\"@id\":\"https:\\\/\\\/akunq.net\\\/tr\\\/?p=68758#primaryimage\",\"url\":\"https:\\\/\\\/akunq.net\\\/tr\\\/wp-content\\\/uploads\\\/sites\\\/6\\\/2022\\\/05\\\/Soprano-Pervin-\u00c7akar.jpg\",\"contentUrl\":\"https:\\\/\\\/akunq.net\\\/tr\\\/wp-content\\\/uploads\\\/sites\\\/6\\\/2022\\\/05\\\/Soprano-Pervin-\u00c7akar.jpg\",\"width\":840,\"height\":560},{\"@type\":\"BreadcrumbList\",\"@id\":\"https:\\\/\\\/akunq.net\\\/tr\\\/?p=68758#breadcrumb\",\"itemListElement\":[{\"@type\":\"ListItem\",\"position\":1,\"name\":\"Home\",\"item\":\"https:\\\/\\\/akunq.net\\\/tr\"},{\"@type\":\"ListItem\",\"position\":2,\"name\":\"\u00dcnl\u00fc K\u00fcrt Soprano Diyarbak\u0131r\u2019da Konser Verdi\"}]},{\"@type\":\"WebSite\",\"@id\":\"https:\\\/\\\/akunq.net\\\/tr\\\/#website\",\"url\":\"https:\\\/\\\/akunq.net\\\/tr\\\/\",\"name\":\"Bati Ermenistan Ve Bati Ermenileri Sorunlari Ara\u015ftirmalar Merkezi\",\"description\":\"\",\"potentialAction\":[{\"@type\":\"SearchAction\",\"target\":{\"@type\":\"EntryPoint\",\"urlTemplate\":\"https:\\\/\\\/akunq.net\\\/tr\\\/?s={search_term_string}\"},\"query-input\":{\"@type\":\"PropertyValueSpecification\",\"valueRequired\":true,\"valueName\":\"search_term_string\"}}],\"inLanguage\":\"en-US\"},{\"@type\":\"Person\",\"@id\":\"https:\\\/\\\/akunq.net\\\/tr\\\/#\\\/schema\\\/person\\\/096f1d38a12cce57fb855b485ed24c9e\",\"name\":\"admin\",\"url\":\"https:\\\/\\\/akunq.net\\\/tr\\\/?author=7\"}]}<\/script>\n<!-- \/ Yoast SEO plugin. -->","yoast_head_json":{"title":"\u00dcnl\u00fc K\u00fcrt Soprano Diyarbak\u0131r\u2019da Konser Verdi - Bati Ermenistan Ve Bati Ermenileri Sorunlari Ara\u015ftirmalar Merkezi","robots":{"index":"index","follow":"follow","max-snippet":"max-snippet:-1","max-image-preview":"max-image-preview:large","max-video-preview":"max-video-preview:-1"},"canonical":"https:\/\/akunq.net\/tr\/?p=68758","og_locale":"en_US","og_type":"article","og_title":"\u00dcnl\u00fc K\u00fcrt Soprano Diyarbak\u0131r\u2019da Konser Verdi - Bati Ermenistan Ve Bati Ermenileri Sorunlari Ara\u015ftirmalar Merkezi","og_description":"Mahmut Bozarslan D\u0130YARBAKIR- T\u00fcrkiye\u2019de yeni yeni tan\u0131nmaya ba\u015flasa da uluslararas\u0131 \u00fcne sahip Soprano Pervin \u00c7akar \u00fc\u00e7 y\u0131l aradan sonra Diyarbak\u0131r\u2019da konser verdi. Sezai Karako\u00e7 K\u00fclt\u00fcr Merkezi\u2019nde sevenleriyle bulu\u015fan \u00c7akar, aralar\u0131nda T\u00fcrk\u00e7e, K\u00fcrt\u00e7e ve Ermenice\u2019nin de bulundu\u011fu de\u011fi\u015fik dillerde bir \u00e7ok eser seslendirdi. \u00c7akar\u2019\u0131n seslendirdi\u011fi eserler aras\u0131nda Ahmet Kaya\u2019n\u0131n \u2018Ac\u0131 \u00e7ekmek \u00f6zg\u00fcrl\u00fckse\u2019 isimli \u015fark\u0131s\u0131 da vard\u0131. [&hellip;]","og_url":"https:\/\/akunq.net\/tr\/?p=68758","og_site_name":"Bati Ermenistan Ve Bati Ermenileri Sorunlari Ara\u015ftirmalar Merkezi","article_published_time":"2022-05-30T10:30:22+00:00","og_image":[{"width":840,"height":560,"url":"https:\/\/akunq.net\/tr\/wp-content\/uploads\/sites\/6\/2022\/05\/Soprano-Pervin-\u00c7akar.jpg","type":"image\/jpeg"}],"author":"admin","twitter_card":"summary_large_image","twitter_misc":{"Written by":"admin","Est. reading time":"1 minute"},"schema":{"@context":"https:\/\/schema.org","@graph":[{"@type":"Article","@id":"https:\/\/akunq.net\/tr\/?p=68758#article","isPartOf":{"@id":"https:\/\/akunq.net\/tr\/?p=68758"},"author":{"name":"admin","@id":"https:\/\/akunq.net\/tr\/#\/schema\/person\/096f1d38a12cce57fb855b485ed24c9e"},"headline":"\u00dcnl\u00fc K\u00fcrt Soprano Diyarbak\u0131r\u2019da Konser Verdi","datePublished":"2022-05-30T10:30:22+00:00","mainEntityOfPage":{"@id":"https:\/\/akunq.net\/tr\/?p=68758"},"wordCount":254,"commentCount":0,"image":{"@id":"https:\/\/akunq.net\/tr\/?p=68758#primaryimage"},"thumbnailUrl":"https:\/\/akunq.net\/tr\/wp-content\/uploads\/sites\/6\/2022\/05\/Soprano-Pervin-\u00c7akar.jpg","articleSection":["Haberler"],"inLanguage":"en-US","potentialAction":[{"@type":"CommentAction","name":"Comment","target":["https:\/\/akunq.net\/tr\/?p=68758#respond"]}]},{"@type":"WebPage","@id":"https:\/\/akunq.net\/tr\/?p=68758","url":"https:\/\/akunq.net\/tr\/?p=68758","name":"\u00dcnl\u00fc K\u00fcrt Soprano Diyarbak\u0131r\u2019da Konser Verdi - Bati Ermenistan Ve Bati Ermenileri Sorunlari Ara\u015ftirmalar Merkezi","isPartOf":{"@id":"https:\/\/akunq.net\/tr\/#website"},"primaryImageOfPage":{"@id":"https:\/\/akunq.net\/tr\/?p=68758#primaryimage"},"image":{"@id":"https:\/\/akunq.net\/tr\/?p=68758#primaryimage"},"thumbnailUrl":"https:\/\/akunq.net\/tr\/wp-content\/uploads\/sites\/6\/2022\/05\/Soprano-Pervin-\u00c7akar.jpg","datePublished":"2022-05-30T10:30:22+00:00","author":{"@id":"https:\/\/akunq.net\/tr\/#\/schema\/person\/096f1d38a12cce57fb855b485ed24c9e"},"breadcrumb":{"@id":"https:\/\/akunq.net\/tr\/?p=68758#breadcrumb"},"inLanguage":"en-US","potentialAction":[{"@type":"ReadAction","target":["https:\/\/akunq.net\/tr\/?p=68758"]}]},{"@type":"ImageObject","inLanguage":"en-US","@id":"https:\/\/akunq.net\/tr\/?p=68758#primaryimage","url":"https:\/\/akunq.net\/tr\/wp-content\/uploads\/sites\/6\/2022\/05\/Soprano-Pervin-\u00c7akar.jpg","contentUrl":"https:\/\/akunq.net\/tr\/wp-content\/uploads\/sites\/6\/2022\/05\/Soprano-Pervin-\u00c7akar.jpg","width":840,"height":560},{"@type":"BreadcrumbList","@id":"https:\/\/akunq.net\/tr\/?p=68758#breadcrumb","itemListElement":[{"@type":"ListItem","position":1,"name":"Home","item":"https:\/\/akunq.net\/tr"},{"@type":"ListItem","position":2,"name":"\u00dcnl\u00fc K\u00fcrt Soprano Diyarbak\u0131r\u2019da Konser Verdi"}]},{"@type":"WebSite","@id":"https:\/\/akunq.net\/tr\/#website","url":"https:\/\/akunq.net\/tr\/","name":"Bati Ermenistan Ve Bati Ermenileri Sorunlari Ara\u015ftirmalar Merkezi","description":"","potentialAction":[{"@type":"SearchAction","target":{"@type":"EntryPoint","urlTemplate":"https:\/\/akunq.net\/tr\/?s={search_term_string}"},"query-input":{"@type":"PropertyValueSpecification","valueRequired":true,"valueName":"search_term_string"}}],"inLanguage":"en-US"},{"@type":"Person","@id":"https:\/\/akunq.net\/tr\/#\/schema\/person\/096f1d38a12cce57fb855b485ed24c9e","name":"admin","url":"https:\/\/akunq.net\/tr\/?author=7"}]}},"_links":{"self":[{"href":"https:\/\/akunq.net\/tr\/index.php?rest_route=\/wp\/v2\/posts\/68758","targetHints":{"allow":["GET"]}}],"collection":[{"href":"https:\/\/akunq.net\/tr\/index.php?rest_route=\/wp\/v2\/posts"}],"about":[{"href":"https:\/\/akunq.net\/tr\/index.php?rest_route=\/wp\/v2\/types\/post"}],"author":[{"embeddable":true,"href":"https:\/\/akunq.net\/tr\/index.php?rest_route=\/wp\/v2\/users\/7"}],"replies":[{"embeddable":true,"href":"https:\/\/akunq.net\/tr\/index.php?rest_route=%2Fwp%2Fv2%2Fcomments&post=68758"}],"version-history":[{"count":1,"href":"https:\/\/akunq.net\/tr\/index.php?rest_route=\/wp\/v2\/posts\/68758\/revisions"}],"predecessor-version":[{"id":68760,"href":"https:\/\/akunq.net\/tr\/index.php?rest_route=\/wp\/v2\/posts\/68758\/revisions\/68760"}],"wp:featuredmedia":[{"embeddable":true,"href":"https:\/\/akunq.net\/tr\/index.php?rest_route=\/wp\/v2\/media\/68759"}],"wp:attachment":[{"href":"https:\/\/akunq.net\/tr\/index.php?rest_route=%2Fwp%2Fv2%2Fmedia&parent=68758"}],"wp:term":[{"taxonomy":"category","embeddable":true,"href":"https:\/\/akunq.net\/tr\/index.php?rest_route=%2Fwp%2Fv2%2Fcategories&post=68758"},{"taxonomy":"post_tag","embeddable":true,"href":"https:\/\/akunq.net\/tr\/index.php?rest_route=%2Fwp%2Fv2%2Ftags&post=68758"}],"curies":[{"name":"wp","href":"https:\/\/api.w.org\/{rel}","templated":true}]}}