{"id":68754,"date":"2022-05-30T05:22:36","date_gmt":"2022-05-30T10:22:36","guid":{"rendered":"https:\/\/akunq.net\/tr\/?p=68754"},"modified":"2022-05-30T05:22:36","modified_gmt":"2022-05-30T10:22:36","slug":"kocaelide-cok-sayida-amfora-ele-gecirildi","status":"publish","type":"post","link":"https:\/\/akunq.net\/tr\/?p=68754","title":{"rendered":"Kocaeli\u2019de \u00e7ok say\u0131da amfora ele ge\u00e7irildi"},"content":{"rendered":"<p><img loading=\"lazy\" decoding=\"async\" class=\"aligncenter size-medium wp-image-68756\" src=\"https:\/\/akunq.net\/tr\/wp-content\/uploads\/2022\/05\/Kocaeli-amfora-360x270.jpg\" alt=\"\" width=\"360\" height=\"270\" srcset=\"https:\/\/akunq.net\/tr\/wp-content\/uploads\/sites\/6\/2022\/05\/Kocaeli-amfora-360x270.jpg 360w, https:\/\/akunq.net\/tr\/wp-content\/uploads\/sites\/6\/2022\/05\/Kocaeli-amfora-260x195.jpg 260w, https:\/\/akunq.net\/tr\/wp-content\/uploads\/sites\/6\/2022\/05\/Kocaeli-amfora-160x120.jpg 160w, https:\/\/akunq.net\/tr\/wp-content\/uploads\/sites\/6\/2022\/05\/Kocaeli-amfora.jpg 400w\" sizes=\"auto, (max-width: 360px) 100vw, 360px\" \/><\/p>\n<p><em><strong>Kocaeli\u2019nin Kand\u0131ra il\u00e7esinde jandarma ekipleri ve Kocaeli M\u00fcze M\u00fcd\u00fcrl\u00fc\u011f\u00fc taraf\u0131ndan y\u00fcr\u00fct\u00fclen operasyonlarda Roma ve Bizans d\u00f6nemine ait \u00e7ok say\u0131da amfora ele ge\u00e7irildi.<\/strong><\/em><\/p>\n<p><strong>Ali\u015fan KOYUNCU\/DHA<\/strong><\/p>\n<p>Kocaeli\u2019nin Kand\u0131ra il\u00e7esinde yasad\u0131\u015f\u0131 tarihi eser ticareti yap\u0131ld\u0131\u011f\u0131 ihbar\u0131 \u00fczerine jandarma, Kocaeli M\u00fcze M\u00fcd\u00fcrl\u00fc\u011f\u00fc ve Kocaeli K\u00fclt\u00fcr Varl\u0131klar\u0131n\u0131 Koruma B\u00f6lge Kurulu ekipleri harekete ge\u00e7ti. Yap\u0131lan incelemelerde olay\u0131 ger\u00e7ekle\u015ftiren ki\u015filer ve adresleri tespit edildi. Ekipler taraf\u0131ndan yap\u0131lan operasyonda Roma ve Bizans d\u00f6nemine ait \u00e7ok say\u0131da amfora ele ge\u00e7irildi. Ele ge\u00e7irilen eserler Kocaeli M\u00fcze M\u00fcd\u00fcrl\u00fc\u011f\u00fc\u2019ne teslim edildi.<\/p>\n<p>Konuyla ilgili yaz\u0131l\u0131 a\u00e7\u0131klama yapan Kocaeli M\u00fcze M\u00fcd\u00fcr\u00fc Serkan Ged\u00fck, bu t\u00fcr eserlerin son derece k\u0131ymetli oldu\u011funu vurgulayarak, \u201cDevlet mal\u0131n\u0131 korumak her vatanda\u015f\u0131n g\u00f6revidir. Bilin\u00e7sizce yap\u0131lan ka\u00e7ak kaz\u0131lar, tarihi eserlere onar\u0131lamaz zararlar verir. K\u00fclt\u00fcr varl\u0131klar\u0131 ancak devlet izniyle ve devletin izin verdi\u011fi g\u00f6revlilerce yap\u0131lan bilimsel kaz\u0131larla a\u00e7\u0131\u011fa \u00e7\u0131kar\u0131labilir. \u0130zinsiz kaz\u0131 yaparak k\u00fclt\u00fcr varl\u0131klar\u0131n\u0131 a\u00e7\u0131\u011fa \u00e7\u0131karmak, satmak ve sat\u0131n almak, yurt d\u0131\u015f\u0131na ka\u00e7\u0131rmak yasakt\u0131r ve cezas\u0131 vard\u0131r. Bu y\u00fczden, duyarl\u0131 bir vatanda\u015f olarak, k\u00fclt\u00fcr varl\u0131kl\u0131m\u0131zla ilgili bilgi edinmeli, \u00e7evremizdeki insanlar\u0131 bilgilendirmeli, k\u00fclt\u00fcrel miras\u0131m\u0131za sahip \u00e7\u0131kmal\u0131, onlar\u0131 korumal\u0131, kollamak ve bizden sonra gelecek olan nesillere bilin\u00e7li bir \u015fekilde aktarmal\u0131y\u0131z\u201d dedi.<\/p>\n<hr \/>\n<p><em><strong><a href=\"https:\/\/www.milliyet.com.tr\/gundem\/kocaelide-cok-sayida-amfora-ele-gecirildi-6763361\" target=\"_blank\" rel=\"noopener noreferrer\">Milliyet Gazetesi<\/a>\u00a0<\/strong><\/em><\/p>\n","protected":false},"excerpt":{"rendered":"<p>Kocaeli\u2019nin Kand\u0131ra il\u00e7esinde jandarma ekipleri ve Kocaeli M\u00fcze M\u00fcd\u00fcrl\u00fc\u011f\u00fc taraf\u0131ndan y\u00fcr\u00fct\u00fclen operasyonlarda Roma ve Bizans d\u00f6nemine ait \u00e7ok say\u0131da amfora ele ge\u00e7irildi. Ali\u015fan KOYUNCU\/DHA Kocaeli\u2019nin Kand\u0131ra il\u00e7esinde yasad\u0131\u015f\u0131 tarihi eser ticareti yap\u0131ld\u0131\u011f\u0131 ihbar\u0131 \u00fczerine jandarma, Kocaeli M\u00fcze M\u00fcd\u00fcrl\u00fc\u011f\u00fc ve Kocaeli K\u00fclt\u00fcr Varl\u0131klar\u0131n\u0131 Koruma B\u00f6lge Kurulu ekipleri harekete ge\u00e7ti. Yap\u0131lan incelemelerde olay\u0131 ger\u00e7ekle\u015ftiren ki\u015filer ve adresleri [&hellip;]<\/p>\n","protected":false},"author":7,"featured_media":68756,"comment_status":"open","ping_status":"open","sticky":false,"template":"","format":"standard","meta":{"footnotes":""},"categories":[1],"tags":[],"class_list":["post-68754","post","type-post","status-publish","format-standard","has-post-thumbnail","hentry","category-haberler"],"yoast_head":"<!-- This site is optimized with the Yoast SEO plugin v27.4 - https:\/\/yoast.com\/product\/yoast-seo-wordpress\/ -->\n<title>Kocaeli\u2019de \u00e7ok say\u0131da amfora ele ge\u00e7irildi - Bati Ermenistan Ve Bati Ermenileri Sorunlari Ara\u015ftirmalar Merkezi<\/title>\n<meta name=\"robots\" content=\"index, follow, max-snippet:-1, max-image-preview:large, max-video-preview:-1\" \/>\n<link rel=\"canonical\" href=\"https:\/\/akunq.net\/tr\/?p=68754\" \/>\n<meta property=\"og:locale\" content=\"en_US\" \/>\n<meta property=\"og:type\" content=\"article\" \/>\n<meta property=\"og:title\" content=\"Kocaeli\u2019de \u00e7ok say\u0131da amfora ele ge\u00e7irildi - Bati Ermenistan Ve Bati Ermenileri Sorunlari Ara\u015ftirmalar Merkezi\" \/>\n<meta property=\"og:description\" content=\"Kocaeli\u2019nin Kand\u0131ra il\u00e7esinde jandarma ekipleri ve Kocaeli M\u00fcze M\u00fcd\u00fcrl\u00fc\u011f\u00fc taraf\u0131ndan y\u00fcr\u00fct\u00fclen operasyonlarda Roma ve Bizans d\u00f6nemine ait \u00e7ok say\u0131da amfora ele ge\u00e7irildi. Ali\u015fan KOYUNCU\/DHA Kocaeli\u2019nin Kand\u0131ra il\u00e7esinde yasad\u0131\u015f\u0131 tarihi eser ticareti yap\u0131ld\u0131\u011f\u0131 ihbar\u0131 \u00fczerine jandarma, Kocaeli M\u00fcze M\u00fcd\u00fcrl\u00fc\u011f\u00fc ve Kocaeli K\u00fclt\u00fcr Varl\u0131klar\u0131n\u0131 Koruma B\u00f6lge Kurulu ekipleri harekete ge\u00e7ti. Yap\u0131lan incelemelerde olay\u0131 ger\u00e7ekle\u015ftiren ki\u015filer ve adresleri [&hellip;]\" \/>\n<meta property=\"og:url\" content=\"https:\/\/akunq.net\/tr\/?p=68754\" \/>\n<meta property=\"og:site_name\" content=\"Bati Ermenistan Ve Bati Ermenileri Sorunlari Ara\u015ftirmalar Merkezi\" \/>\n<meta property=\"article:published_time\" content=\"2022-05-30T10:22:36+00:00\" \/>\n<meta property=\"og:image\" content=\"https:\/\/akunq.net\/tr\/wp-content\/uploads\/sites\/6\/2022\/05\/Kocaeli-amfora.jpg\" \/>\n\t<meta property=\"og:image:width\" content=\"400\" \/>\n\t<meta property=\"og:image:height\" content=\"300\" \/>\n\t<meta property=\"og:image:type\" content=\"image\/jpeg\" \/>\n<meta name=\"author\" content=\"admin\" \/>\n<meta name=\"twitter:card\" content=\"summary_large_image\" \/>\n<meta name=\"twitter:label1\" content=\"Written by\" \/>\n\t<meta name=\"twitter:data1\" content=\"admin\" \/>\n\t<meta name=\"twitter:label2\" content=\"Est. reading time\" \/>\n\t<meta name=\"twitter:data2\" content=\"1 minute\" \/>\n<script type=\"application\/ld+json\" class=\"yoast-schema-graph\">{\"@context\":\"https:\\\/\\\/schema.org\",\"@graph\":[{\"@type\":\"Article\",\"@id\":\"https:\\\/\\\/akunq.net\\\/tr\\\/?p=68754#article\",\"isPartOf\":{\"@id\":\"https:\\\/\\\/akunq.net\\\/tr\\\/?p=68754\"},\"author\":{\"name\":\"admin\",\"@id\":\"https:\\\/\\\/akunq.net\\\/tr\\\/#\\\/schema\\\/person\\\/096f1d38a12cce57fb855b485ed24c9e\"},\"headline\":\"Kocaeli\u2019de \u00e7ok say\u0131da amfora ele ge\u00e7irildi\",\"datePublished\":\"2022-05-30T10:22:36+00:00\",\"mainEntityOfPage\":{\"@id\":\"https:\\\/\\\/akunq.net\\\/tr\\\/?p=68754\"},\"wordCount\":279,\"commentCount\":0,\"image\":{\"@id\":\"https:\\\/\\\/akunq.net\\\/tr\\\/?p=68754#primaryimage\"},\"thumbnailUrl\":\"https:\\\/\\\/akunq.net\\\/tr\\\/wp-content\\\/uploads\\\/sites\\\/6\\\/2022\\\/05\\\/Kocaeli-amfora.jpg\",\"articleSection\":[\"Haberler\"],\"inLanguage\":\"en-US\",\"potentialAction\":[{\"@type\":\"CommentAction\",\"name\":\"Comment\",\"target\":[\"https:\\\/\\\/akunq.net\\\/tr\\\/?p=68754#respond\"]}]},{\"@type\":\"WebPage\",\"@id\":\"https:\\\/\\\/akunq.net\\\/tr\\\/?p=68754\",\"url\":\"https:\\\/\\\/akunq.net\\\/tr\\\/?p=68754\",\"name\":\"Kocaeli\u2019de \u00e7ok say\u0131da amfora ele ge\u00e7irildi - Bati Ermenistan Ve Bati Ermenileri Sorunlari Ara\u015ftirmalar Merkezi\",\"isPartOf\":{\"@id\":\"https:\\\/\\\/akunq.net\\\/tr\\\/#website\"},\"primaryImageOfPage\":{\"@id\":\"https:\\\/\\\/akunq.net\\\/tr\\\/?p=68754#primaryimage\"},\"image\":{\"@id\":\"https:\\\/\\\/akunq.net\\\/tr\\\/?p=68754#primaryimage\"},\"thumbnailUrl\":\"https:\\\/\\\/akunq.net\\\/tr\\\/wp-content\\\/uploads\\\/sites\\\/6\\\/2022\\\/05\\\/Kocaeli-amfora.jpg\",\"datePublished\":\"2022-05-30T10:22:36+00:00\",\"author\":{\"@id\":\"https:\\\/\\\/akunq.net\\\/tr\\\/#\\\/schema\\\/person\\\/096f1d38a12cce57fb855b485ed24c9e\"},\"breadcrumb\":{\"@id\":\"https:\\\/\\\/akunq.net\\\/tr\\\/?p=68754#breadcrumb\"},\"inLanguage\":\"en-US\",\"potentialAction\":[{\"@type\":\"ReadAction\",\"target\":[\"https:\\\/\\\/akunq.net\\\/tr\\\/?p=68754\"]}]},{\"@type\":\"ImageObject\",\"inLanguage\":\"en-US\",\"@id\":\"https:\\\/\\\/akunq.net\\\/tr\\\/?p=68754#primaryimage\",\"url\":\"https:\\\/\\\/akunq.net\\\/tr\\\/wp-content\\\/uploads\\\/sites\\\/6\\\/2022\\\/05\\\/Kocaeli-amfora.jpg\",\"contentUrl\":\"https:\\\/\\\/akunq.net\\\/tr\\\/wp-content\\\/uploads\\\/sites\\\/6\\\/2022\\\/05\\\/Kocaeli-amfora.jpg\",\"width\":400,\"height\":300},{\"@type\":\"BreadcrumbList\",\"@id\":\"https:\\\/\\\/akunq.net\\\/tr\\\/?p=68754#breadcrumb\",\"itemListElement\":[{\"@type\":\"ListItem\",\"position\":1,\"name\":\"Home\",\"item\":\"https:\\\/\\\/akunq.net\\\/tr\"},{\"@type\":\"ListItem\",\"position\":2,\"name\":\"Kocaeli\u2019de \u00e7ok say\u0131da amfora ele ge\u00e7irildi\"}]},{\"@type\":\"WebSite\",\"@id\":\"https:\\\/\\\/akunq.net\\\/tr\\\/#website\",\"url\":\"https:\\\/\\\/akunq.net\\\/tr\\\/\",\"name\":\"Bati Ermenistan Ve Bati Ermenileri Sorunlari Ara\u015ftirmalar Merkezi\",\"description\":\"\",\"potentialAction\":[{\"@type\":\"SearchAction\",\"target\":{\"@type\":\"EntryPoint\",\"urlTemplate\":\"https:\\\/\\\/akunq.net\\\/tr\\\/?s={search_term_string}\"},\"query-input\":{\"@type\":\"PropertyValueSpecification\",\"valueRequired\":true,\"valueName\":\"search_term_string\"}}],\"inLanguage\":\"en-US\"},{\"@type\":\"Person\",\"@id\":\"https:\\\/\\\/akunq.net\\\/tr\\\/#\\\/schema\\\/person\\\/096f1d38a12cce57fb855b485ed24c9e\",\"name\":\"admin\",\"url\":\"https:\\\/\\\/akunq.net\\\/tr\\\/?author=7\"}]}<\/script>\n<!-- \/ Yoast SEO plugin. -->","yoast_head_json":{"title":"Kocaeli\u2019de \u00e7ok say\u0131da amfora ele ge\u00e7irildi - Bati Ermenistan Ve Bati Ermenileri Sorunlari Ara\u015ftirmalar Merkezi","robots":{"index":"index","follow":"follow","max-snippet":"max-snippet:-1","max-image-preview":"max-image-preview:large","max-video-preview":"max-video-preview:-1"},"canonical":"https:\/\/akunq.net\/tr\/?p=68754","og_locale":"en_US","og_type":"article","og_title":"Kocaeli\u2019de \u00e7ok say\u0131da amfora ele ge\u00e7irildi - Bati Ermenistan Ve Bati Ermenileri Sorunlari Ara\u015ftirmalar Merkezi","og_description":"Kocaeli\u2019nin Kand\u0131ra il\u00e7esinde jandarma ekipleri ve Kocaeli M\u00fcze M\u00fcd\u00fcrl\u00fc\u011f\u00fc taraf\u0131ndan y\u00fcr\u00fct\u00fclen operasyonlarda Roma ve Bizans d\u00f6nemine ait \u00e7ok say\u0131da amfora ele ge\u00e7irildi. Ali\u015fan KOYUNCU\/DHA Kocaeli\u2019nin Kand\u0131ra il\u00e7esinde yasad\u0131\u015f\u0131 tarihi eser ticareti yap\u0131ld\u0131\u011f\u0131 ihbar\u0131 \u00fczerine jandarma, Kocaeli M\u00fcze M\u00fcd\u00fcrl\u00fc\u011f\u00fc ve Kocaeli K\u00fclt\u00fcr Varl\u0131klar\u0131n\u0131 Koruma B\u00f6lge Kurulu ekipleri harekete ge\u00e7ti. Yap\u0131lan incelemelerde olay\u0131 ger\u00e7ekle\u015ftiren ki\u015filer ve adresleri [&hellip;]","og_url":"https:\/\/akunq.net\/tr\/?p=68754","og_site_name":"Bati Ermenistan Ve Bati Ermenileri Sorunlari Ara\u015ftirmalar Merkezi","article_published_time":"2022-05-30T10:22:36+00:00","og_image":[{"width":400,"height":300,"url":"https:\/\/akunq.net\/tr\/wp-content\/uploads\/sites\/6\/2022\/05\/Kocaeli-amfora.jpg","type":"image\/jpeg"}],"author":"admin","twitter_card":"summary_large_image","twitter_misc":{"Written by":"admin","Est. reading time":"1 minute"},"schema":{"@context":"https:\/\/schema.org","@graph":[{"@type":"Article","@id":"https:\/\/akunq.net\/tr\/?p=68754#article","isPartOf":{"@id":"https:\/\/akunq.net\/tr\/?p=68754"},"author":{"name":"admin","@id":"https:\/\/akunq.net\/tr\/#\/schema\/person\/096f1d38a12cce57fb855b485ed24c9e"},"headline":"Kocaeli\u2019de \u00e7ok say\u0131da amfora ele ge\u00e7irildi","datePublished":"2022-05-30T10:22:36+00:00","mainEntityOfPage":{"@id":"https:\/\/akunq.net\/tr\/?p=68754"},"wordCount":279,"commentCount":0,"image":{"@id":"https:\/\/akunq.net\/tr\/?p=68754#primaryimage"},"thumbnailUrl":"https:\/\/akunq.net\/tr\/wp-content\/uploads\/sites\/6\/2022\/05\/Kocaeli-amfora.jpg","articleSection":["Haberler"],"inLanguage":"en-US","potentialAction":[{"@type":"CommentAction","name":"Comment","target":["https:\/\/akunq.net\/tr\/?p=68754#respond"]}]},{"@type":"WebPage","@id":"https:\/\/akunq.net\/tr\/?p=68754","url":"https:\/\/akunq.net\/tr\/?p=68754","name":"Kocaeli\u2019de \u00e7ok say\u0131da amfora ele ge\u00e7irildi - Bati Ermenistan Ve Bati Ermenileri Sorunlari Ara\u015ftirmalar Merkezi","isPartOf":{"@id":"https:\/\/akunq.net\/tr\/#website"},"primaryImageOfPage":{"@id":"https:\/\/akunq.net\/tr\/?p=68754#primaryimage"},"image":{"@id":"https:\/\/akunq.net\/tr\/?p=68754#primaryimage"},"thumbnailUrl":"https:\/\/akunq.net\/tr\/wp-content\/uploads\/sites\/6\/2022\/05\/Kocaeli-amfora.jpg","datePublished":"2022-05-30T10:22:36+00:00","author":{"@id":"https:\/\/akunq.net\/tr\/#\/schema\/person\/096f1d38a12cce57fb855b485ed24c9e"},"breadcrumb":{"@id":"https:\/\/akunq.net\/tr\/?p=68754#breadcrumb"},"inLanguage":"en-US","potentialAction":[{"@type":"ReadAction","target":["https:\/\/akunq.net\/tr\/?p=68754"]}]},{"@type":"ImageObject","inLanguage":"en-US","@id":"https:\/\/akunq.net\/tr\/?p=68754#primaryimage","url":"https:\/\/akunq.net\/tr\/wp-content\/uploads\/sites\/6\/2022\/05\/Kocaeli-amfora.jpg","contentUrl":"https:\/\/akunq.net\/tr\/wp-content\/uploads\/sites\/6\/2022\/05\/Kocaeli-amfora.jpg","width":400,"height":300},{"@type":"BreadcrumbList","@id":"https:\/\/akunq.net\/tr\/?p=68754#breadcrumb","itemListElement":[{"@type":"ListItem","position":1,"name":"Home","item":"https:\/\/akunq.net\/tr"},{"@type":"ListItem","position":2,"name":"Kocaeli\u2019de \u00e7ok say\u0131da amfora ele ge\u00e7irildi"}]},{"@type":"WebSite","@id":"https:\/\/akunq.net\/tr\/#website","url":"https:\/\/akunq.net\/tr\/","name":"Bati Ermenistan Ve Bati Ermenileri Sorunlari Ara\u015ftirmalar Merkezi","description":"","potentialAction":[{"@type":"SearchAction","target":{"@type":"EntryPoint","urlTemplate":"https:\/\/akunq.net\/tr\/?s={search_term_string}"},"query-input":{"@type":"PropertyValueSpecification","valueRequired":true,"valueName":"search_term_string"}}],"inLanguage":"en-US"},{"@type":"Person","@id":"https:\/\/akunq.net\/tr\/#\/schema\/person\/096f1d38a12cce57fb855b485ed24c9e","name":"admin","url":"https:\/\/akunq.net\/tr\/?author=7"}]}},"_links":{"self":[{"href":"https:\/\/akunq.net\/tr\/index.php?rest_route=\/wp\/v2\/posts\/68754","targetHints":{"allow":["GET"]}}],"collection":[{"href":"https:\/\/akunq.net\/tr\/index.php?rest_route=\/wp\/v2\/posts"}],"about":[{"href":"https:\/\/akunq.net\/tr\/index.php?rest_route=\/wp\/v2\/types\/post"}],"author":[{"embeddable":true,"href":"https:\/\/akunq.net\/tr\/index.php?rest_route=\/wp\/v2\/users\/7"}],"replies":[{"embeddable":true,"href":"https:\/\/akunq.net\/tr\/index.php?rest_route=%2Fwp%2Fv2%2Fcomments&post=68754"}],"version-history":[{"count":1,"href":"https:\/\/akunq.net\/tr\/index.php?rest_route=\/wp\/v2\/posts\/68754\/revisions"}],"predecessor-version":[{"id":68757,"href":"https:\/\/akunq.net\/tr\/index.php?rest_route=\/wp\/v2\/posts\/68754\/revisions\/68757"}],"wp:featuredmedia":[{"embeddable":true,"href":"https:\/\/akunq.net\/tr\/index.php?rest_route=\/wp\/v2\/media\/68756"}],"wp:attachment":[{"href":"https:\/\/akunq.net\/tr\/index.php?rest_route=%2Fwp%2Fv2%2Fmedia&parent=68754"}],"wp:term":[{"taxonomy":"category","embeddable":true,"href":"https:\/\/akunq.net\/tr\/index.php?rest_route=%2Fwp%2Fv2%2Fcategories&post=68754"},{"taxonomy":"post_tag","embeddable":true,"href":"https:\/\/akunq.net\/tr\/index.php?rest_route=%2Fwp%2Fv2%2Ftags&post=68754"}],"curies":[{"name":"wp","href":"https:\/\/api.w.org\/{rel}","templated":true}]}}