{"id":68751,"date":"2022-05-30T04:08:54","date_gmt":"2022-05-30T09:08:54","guid":{"rendered":"https:\/\/akunq.net\/tr\/?p=68751"},"modified":"2022-05-30T04:09:01","modified_gmt":"2022-05-30T09:09:01","slug":"kirmizi-bultenle-aranan-500-yillik-mezar-tasi-bulundu","status":"publish","type":"post","link":"https:\/\/akunq.net\/tr\/?p=68751","title":{"rendered":"K\u0131rm\u0131z\u0131 b\u00fcltenle aranan 500 y\u0131ll\u0131k mezar ta\u015f\u0131 bulundu"},"content":{"rendered":"<p><img loading=\"lazy\" decoding=\"async\" class=\"aligncenter size-medium wp-image-68752\" src=\"https:\/\/akunq.net\/tr\/wp-content\/uploads\/2022\/05\/K\u0131rm\u0131z\u0131-b\u00fcltenle-aranan-500-y\u0131ll\u0131k-mezar-ta\u015f\u0131-360x203.jpg\" alt=\"\" width=\"360\" height=\"203\" srcset=\"https:\/\/akunq.net\/tr\/wp-content\/uploads\/sites\/6\/2022\/05\/K\u0131rm\u0131z\u0131-b\u00fcltenle-aranan-500-y\u0131ll\u0131k-mezar-ta\u015f\u0131-360x203.jpg 360w, https:\/\/akunq.net\/tr\/wp-content\/uploads\/sites\/6\/2022\/05\/K\u0131rm\u0131z\u0131-b\u00fcltenle-aranan-500-y\u0131ll\u0131k-mezar-ta\u015f\u0131-768x432.jpg 768w, https:\/\/akunq.net\/tr\/wp-content\/uploads\/sites\/6\/2022\/05\/K\u0131rm\u0131z\u0131-b\u00fcltenle-aranan-500-y\u0131ll\u0131k-mezar-ta\u015f\u0131-1536x864.jpg 1536w, https:\/\/akunq.net\/tr\/wp-content\/uploads\/sites\/6\/2022\/05\/K\u0131rm\u0131z\u0131-b\u00fcltenle-aranan-500-y\u0131ll\u0131k-mezar-ta\u015f\u0131-560x315.jpg 560w, https:\/\/akunq.net\/tr\/wp-content\/uploads\/sites\/6\/2022\/05\/K\u0131rm\u0131z\u0131-b\u00fcltenle-aranan-500-y\u0131ll\u0131k-mezar-ta\u015f\u0131-260x146.jpg 260w, https:\/\/akunq.net\/tr\/wp-content\/uploads\/sites\/6\/2022\/05\/K\u0131rm\u0131z\u0131-b\u00fcltenle-aranan-500-y\u0131ll\u0131k-mezar-ta\u015f\u0131-160x90.jpg 160w, https:\/\/akunq.net\/tr\/wp-content\/uploads\/sites\/6\/2022\/05\/K\u0131rm\u0131z\u0131-b\u00fcltenle-aranan-500-y\u0131ll\u0131k-mezar-ta\u015f\u0131.jpg 1920w\" sizes=\"auto, (max-width: 360px) 100vw, 360px\" \/><\/p>\n<p><em><strong>Tunceli\u2019de (Dersim-&#8216;Akunq&#8217; web sitesi) 6 ay \u00f6nce tescilli tarihi alandan \u00e7al\u0131nan ve \u2018K\u0131rm\u0131z\u0131 b\u00fclten\u2019 ile aranan tarihi \u2018Ko\u00e7 Ba\u015fl\u0131 Mezar Ta\u015f\u0131\u2019 Hozat il\u00e7esine ba\u011fl\u0131 Buzlup\u0131nar k\u00f6y\u00fcnde bir k\u00f6yl\u00fcn\u00fcn ihbar\u0131 \u00fczerine bulundu.<\/strong><\/em><br \/>\nTunceli merkeze ba\u011fl\u0131 \u00c7\u0131lga k\u00f6y\u00fcnde tarihi 500 y\u0131la dayand\u0131\u011f\u0131 i\u00e7in tescillenen mezarl\u0131k alan\u0131ndan ge\u00e7en y\u0131l kas\u0131m ay\u0131nda, eski d\u00f6nemlerde ya\u015fayan insanlar\u0131n \u00f6rf ve adetleri, inan\u00e7lar\u0131 ve mitolojik unsurlar\u0131n\u0131 i\u00e7eren \u2018Ko\u00e7 Ba\u015fl\u0131 Mezar Ta\u015f\u0131\u2019 \u00e7al\u0131nd\u0131.<br \/>\nDurumu fark eden k\u00f6yl\u00fcler, Tunceli M\u00fcze M\u00fcd\u00fcrl\u00fc\u011f\u00fc\u2019ne bildirdi. M\u00fcze yetkilileri de K\u00fclt\u00fcr Varl\u0131klar\u0131 ve M\u00fczeler Genel M\u00fcd\u00fcrl\u00fc\u011f\u00fc, Savc\u0131l\u0131k ve g\u00fcvenlik g\u00fc\u00e7lerine bilgi verdi.<br \/>\nK\u00fclt\u00fcr Varl\u0131klar\u0131 Genel M\u00fcd\u00fcrl\u00fc\u011f\u00fc, mezar ta\u015f\u0131n\u0131 sitesinde bulunan \u2018\u00c7al\u0131nan ve Kaybolan K\u00fclt\u00fcr Varl\u0131klar\u0131\u2019 b\u00f6l\u00fcm\u00fcne koydu ve durum bakanl\u0131k taraf\u0131ndan \u0130nterpol\u2019e bildirilerek \u2018K\u0131rm\u0131z\u0131 B\u00fclten\u2019 ile aranmas\u0131 sa\u011fland\u0131.<br \/>\nTunceli Valili\u011fi koordinesinde jandarma, emniyet ve m\u00fcze yetkililerince \u00f6zel bir ekip olu\u015fturuldu. Yap\u0131lan \u00e7al\u0131\u015fmalar ve duyurular\u0131n ard\u0131ndan, \u00fczerinde i\u015flemelerin oldu\u011fu 200 kilo a\u011f\u0131rl\u0131\u011f\u0131ndaki \u2018Ko\u00e7 Ba\u015fl\u0131 Mezar Ta\u015f\u0131\u2019 i\u00e7in Buzlup\u0131nar k\u00f6y\u00fcnden gelen ihbar\u0131 de\u011ferlendiren ekipler, mezar ta\u015f\u0131n\u0131, \u00fczeri farkl\u0131 ta\u015flarla kamufle edilmi\u015f bir \u015fekilde bo\u015f bir evin arkas\u0131nda buldu.<br \/>\nTunceli M\u00fcze M\u00fcd\u00fcr\u00fc Kenan \u00d6ncel, Uzman Arkeolog \u00d6zg\u00fcr \u015eahin ve jandarma taraf\u0131ndan mezar ta\u015f\u0131 m\u00fczeye getirildi. \u00d6ncel, mezar ta\u015f\u0131n\u0131n bulunmas\u0131ndan dolay\u0131 mutlu olduklar\u0131n\u0131 s\u00f6yledi.<br \/>\n\u00d6ncel, \u201cD\u00fcn gece bir k\u00f6yl\u00fc vatanda\u015f\u0131m\u0131z\u0131n bizi aray\u0131p arad\u0131\u011f\u0131m\u0131z eserin kendi k\u00f6ylerinde olma ihtimalinin oldu\u011funu belirtmesi ve mezar\u0131 tarif etmesi \u00fczerine sabah saatlerinde g\u00fcvenlik g\u00fc\u00e7lerimizle birlikte k\u00f6ye gittik. \u0130ncelemeler sonucunda \u00e7al\u0131nan mezar ta\u015f\u0131m\u0131z\u0131n oldu\u011funu tespit ettik. K\u00fclt\u00fcr Bakanl\u0131\u011f\u0131 K\u00fclt\u00fcr Varl\u0131klar\u0131 ve M\u00fczeler Genel M\u00fcd\u00fcrl\u00fc\u011f\u00fc\u2019ne bu eserimizin arat\u0131lmas\u0131 i\u00e7in bilgi vermi\u015ftik. Bakanl\u0131\u011f\u0131m\u0131z da \u00fclkenin t\u00fcm illerine ve g\u00fcmr\u00fck kap\u0131lar\u0131na da bilgi vermi\u015fti. Ayr\u0131ca bu eserimiz \u2018K\u0131rm\u0131z\u0131 b\u00fclten\u2019 ile yurt d\u0131\u015f\u0131 ve yurt i\u00e7inde aratt\u0131r\u0131lan eserler aras\u0131nda yer almaktayd\u0131. Biz eserimizi sapasa\u011flam bulup m\u00fczemize getirdi\u011fimiz i\u00e7in mutluyuz\u201d diye konu\u015ftu.<\/p>\n<hr \/>\n<p><em><strong><a href=\"https:\/\/tr.sputniknews.com\/20220527\/kirmizi-bultenle-aranan-500-yillik-tarihi-mezar-tasi-bulundu-1056753883.html\">https:\/\/tr.sputniknews.com\/20220527\/kirmizi-bultenle-aranan-500-yillik-tarihi-mezar-tasi-bulundu-1056753883.html<\/a>\u00a0<\/strong><\/em><\/p>\n","protected":false},"excerpt":{"rendered":"<p>Tunceli\u2019de (Dersim-&#8216;Akunq&#8217; web sitesi) 6 ay \u00f6nce tescilli tarihi alandan \u00e7al\u0131nan ve \u2018K\u0131rm\u0131z\u0131 b\u00fclten\u2019 ile aranan tarihi \u2018Ko\u00e7 Ba\u015fl\u0131 Mezar Ta\u015f\u0131\u2019 Hozat il\u00e7esine ba\u011fl\u0131 Buzlup\u0131nar k\u00f6y\u00fcnde bir k\u00f6yl\u00fcn\u00fcn ihbar\u0131 \u00fczerine bulundu. Tunceli merkeze ba\u011fl\u0131 \u00c7\u0131lga k\u00f6y\u00fcnde tarihi 500 y\u0131la dayand\u0131\u011f\u0131 i\u00e7in tescillenen mezarl\u0131k alan\u0131ndan ge\u00e7en y\u0131l kas\u0131m ay\u0131nda, eski d\u00f6nemlerde ya\u015fayan insanlar\u0131n \u00f6rf ve adetleri, [&hellip;]<\/p>\n","protected":false},"author":7,"featured_media":68752,"comment_status":"open","ping_status":"open","sticky":false,"template":"","format":"standard","meta":{"footnotes":""},"categories":[22,1],"tags":[],"class_list":["post-68751","post","type-post","status-publish","format-standard","has-post-thumbnail","hentry","category-gunumuzde-bati-ermenistan","category-haberler"],"yoast_head":"<!-- This site is optimized with the Yoast SEO plugin v27.4 - https:\/\/yoast.com\/product\/yoast-seo-wordpress\/ -->\n<title>K\u0131rm\u0131z\u0131 b\u00fcltenle aranan 500 y\u0131ll\u0131k mezar ta\u015f\u0131 bulundu - Bati Ermenistan Ve Bati Ermenileri Sorunlari Ara\u015ftirmalar Merkezi<\/title>\n<meta name=\"robots\" content=\"index, follow, max-snippet:-1, max-image-preview:large, max-video-preview:-1\" \/>\n<link rel=\"canonical\" href=\"https:\/\/akunq.net\/tr\/?p=68751\" \/>\n<meta property=\"og:locale\" content=\"en_US\" \/>\n<meta property=\"og:type\" content=\"article\" \/>\n<meta property=\"og:title\" content=\"K\u0131rm\u0131z\u0131 b\u00fcltenle aranan 500 y\u0131ll\u0131k mezar ta\u015f\u0131 bulundu - Bati Ermenistan Ve Bati Ermenileri Sorunlari Ara\u015ftirmalar Merkezi\" \/>\n<meta property=\"og:description\" content=\"Tunceli\u2019de (Dersim-&#8216;Akunq&#8217; web sitesi) 6 ay \u00f6nce tescilli tarihi alandan \u00e7al\u0131nan ve \u2018K\u0131rm\u0131z\u0131 b\u00fclten\u2019 ile aranan tarihi \u2018Ko\u00e7 Ba\u015fl\u0131 Mezar Ta\u015f\u0131\u2019 Hozat il\u00e7esine ba\u011fl\u0131 Buzlup\u0131nar k\u00f6y\u00fcnde bir k\u00f6yl\u00fcn\u00fcn ihbar\u0131 \u00fczerine bulundu. Tunceli merkeze ba\u011fl\u0131 \u00c7\u0131lga k\u00f6y\u00fcnde tarihi 500 y\u0131la dayand\u0131\u011f\u0131 i\u00e7in tescillenen mezarl\u0131k alan\u0131ndan ge\u00e7en y\u0131l kas\u0131m ay\u0131nda, eski d\u00f6nemlerde ya\u015fayan insanlar\u0131n \u00f6rf ve adetleri, [&hellip;]\" \/>\n<meta property=\"og:url\" content=\"https:\/\/akunq.net\/tr\/?p=68751\" \/>\n<meta property=\"og:site_name\" content=\"Bati Ermenistan Ve Bati Ermenileri Sorunlari Ara\u015ftirmalar Merkezi\" \/>\n<meta property=\"article:published_time\" content=\"2022-05-30T09:08:54+00:00\" \/>\n<meta property=\"article:modified_time\" content=\"2022-05-30T09:09:01+00:00\" \/>\n<meta property=\"og:image\" content=\"https:\/\/akunq.net\/tr\/wp-content\/uploads\/sites\/6\/2022\/05\/K\u0131rm\u0131z\u0131-b\u00fcltenle-aranan-500-y\u0131ll\u0131k-mezar-ta\u015f\u0131.jpg\" \/>\n\t<meta property=\"og:image:width\" content=\"1920\" \/>\n\t<meta property=\"og:image:height\" content=\"1080\" \/>\n\t<meta property=\"og:image:type\" content=\"image\/jpeg\" \/>\n<meta name=\"author\" content=\"admin\" \/>\n<meta name=\"twitter:card\" content=\"summary_large_image\" \/>\n<meta name=\"twitter:label1\" content=\"Written by\" \/>\n\t<meta name=\"twitter:data1\" content=\"admin\" \/>\n\t<meta name=\"twitter:label2\" content=\"Est. reading time\" \/>\n\t<meta name=\"twitter:data2\" content=\"2 minutes\" \/>\n<script type=\"application\/ld+json\" class=\"yoast-schema-graph\">{\"@context\":\"https:\\\/\\\/schema.org\",\"@graph\":[{\"@type\":\"Article\",\"@id\":\"https:\\\/\\\/akunq.net\\\/tr\\\/?p=68751#article\",\"isPartOf\":{\"@id\":\"https:\\\/\\\/akunq.net\\\/tr\\\/?p=68751\"},\"author\":{\"name\":\"admin\",\"@id\":\"https:\\\/\\\/akunq.net\\\/tr\\\/#\\\/schema\\\/person\\\/096f1d38a12cce57fb855b485ed24c9e\"},\"headline\":\"K\u0131rm\u0131z\u0131 b\u00fcltenle aranan 500 y\u0131ll\u0131k mezar ta\u015f\u0131 bulundu\",\"datePublished\":\"2022-05-30T09:08:54+00:00\",\"dateModified\":\"2022-05-30T09:09:01+00:00\",\"mainEntityOfPage\":{\"@id\":\"https:\\\/\\\/akunq.net\\\/tr\\\/?p=68751\"},\"wordCount\":441,\"commentCount\":0,\"image\":{\"@id\":\"https:\\\/\\\/akunq.net\\\/tr\\\/?p=68751#primaryimage\"},\"thumbnailUrl\":\"https:\\\/\\\/akunq.net\\\/tr\\\/wp-content\\\/uploads\\\/sites\\\/6\\\/2022\\\/05\\\/K\u0131rm\u0131z\u0131-b\u00fcltenle-aranan-500-y\u0131ll\u0131k-mezar-ta\u015f\u0131.jpg\",\"articleSection\":[\"G\u00fcn\u00fcm\u00fczde Bat\u0131 Ermenistan\",\"Haberler\"],\"inLanguage\":\"en-US\",\"potentialAction\":[{\"@type\":\"CommentAction\",\"name\":\"Comment\",\"target\":[\"https:\\\/\\\/akunq.net\\\/tr\\\/?p=68751#respond\"]}]},{\"@type\":\"WebPage\",\"@id\":\"https:\\\/\\\/akunq.net\\\/tr\\\/?p=68751\",\"url\":\"https:\\\/\\\/akunq.net\\\/tr\\\/?p=68751\",\"name\":\"K\u0131rm\u0131z\u0131 b\u00fcltenle aranan 500 y\u0131ll\u0131k mezar ta\u015f\u0131 bulundu - Bati Ermenistan Ve Bati Ermenileri Sorunlari Ara\u015ftirmalar Merkezi\",\"isPartOf\":{\"@id\":\"https:\\\/\\\/akunq.net\\\/tr\\\/#website\"},\"primaryImageOfPage\":{\"@id\":\"https:\\\/\\\/akunq.net\\\/tr\\\/?p=68751#primaryimage\"},\"image\":{\"@id\":\"https:\\\/\\\/akunq.net\\\/tr\\\/?p=68751#primaryimage\"},\"thumbnailUrl\":\"https:\\\/\\\/akunq.net\\\/tr\\\/wp-content\\\/uploads\\\/sites\\\/6\\\/2022\\\/05\\\/K\u0131rm\u0131z\u0131-b\u00fcltenle-aranan-500-y\u0131ll\u0131k-mezar-ta\u015f\u0131.jpg\",\"datePublished\":\"2022-05-30T09:08:54+00:00\",\"dateModified\":\"2022-05-30T09:09:01+00:00\",\"author\":{\"@id\":\"https:\\\/\\\/akunq.net\\\/tr\\\/#\\\/schema\\\/person\\\/096f1d38a12cce57fb855b485ed24c9e\"},\"breadcrumb\":{\"@id\":\"https:\\\/\\\/akunq.net\\\/tr\\\/?p=68751#breadcrumb\"},\"inLanguage\":\"en-US\",\"potentialAction\":[{\"@type\":\"ReadAction\",\"target\":[\"https:\\\/\\\/akunq.net\\\/tr\\\/?p=68751\"]}]},{\"@type\":\"ImageObject\",\"inLanguage\":\"en-US\",\"@id\":\"https:\\\/\\\/akunq.net\\\/tr\\\/?p=68751#primaryimage\",\"url\":\"https:\\\/\\\/akunq.net\\\/tr\\\/wp-content\\\/uploads\\\/sites\\\/6\\\/2022\\\/05\\\/K\u0131rm\u0131z\u0131-b\u00fcltenle-aranan-500-y\u0131ll\u0131k-mezar-ta\u015f\u0131.jpg\",\"contentUrl\":\"https:\\\/\\\/akunq.net\\\/tr\\\/wp-content\\\/uploads\\\/sites\\\/6\\\/2022\\\/05\\\/K\u0131rm\u0131z\u0131-b\u00fcltenle-aranan-500-y\u0131ll\u0131k-mezar-ta\u015f\u0131.jpg\",\"width\":1920,\"height\":1080},{\"@type\":\"BreadcrumbList\",\"@id\":\"https:\\\/\\\/akunq.net\\\/tr\\\/?p=68751#breadcrumb\",\"itemListElement\":[{\"@type\":\"ListItem\",\"position\":1,\"name\":\"Home\",\"item\":\"https:\\\/\\\/akunq.net\\\/tr\"},{\"@type\":\"ListItem\",\"position\":2,\"name\":\"K\u0131rm\u0131z\u0131 b\u00fcltenle aranan 500 y\u0131ll\u0131k mezar ta\u015f\u0131 bulundu\"}]},{\"@type\":\"WebSite\",\"@id\":\"https:\\\/\\\/akunq.net\\\/tr\\\/#website\",\"url\":\"https:\\\/\\\/akunq.net\\\/tr\\\/\",\"name\":\"Bati Ermenistan Ve Bati Ermenileri Sorunlari Ara\u015ftirmalar Merkezi\",\"description\":\"\",\"potentialAction\":[{\"@type\":\"SearchAction\",\"target\":{\"@type\":\"EntryPoint\",\"urlTemplate\":\"https:\\\/\\\/akunq.net\\\/tr\\\/?s={search_term_string}\"},\"query-input\":{\"@type\":\"PropertyValueSpecification\",\"valueRequired\":true,\"valueName\":\"search_term_string\"}}],\"inLanguage\":\"en-US\"},{\"@type\":\"Person\",\"@id\":\"https:\\\/\\\/akunq.net\\\/tr\\\/#\\\/schema\\\/person\\\/096f1d38a12cce57fb855b485ed24c9e\",\"name\":\"admin\",\"url\":\"https:\\\/\\\/akunq.net\\\/tr\\\/?author=7\"}]}<\/script>\n<!-- \/ Yoast SEO plugin. -->","yoast_head_json":{"title":"K\u0131rm\u0131z\u0131 b\u00fcltenle aranan 500 y\u0131ll\u0131k mezar ta\u015f\u0131 bulundu - Bati Ermenistan Ve Bati Ermenileri Sorunlari Ara\u015ftirmalar Merkezi","robots":{"index":"index","follow":"follow","max-snippet":"max-snippet:-1","max-image-preview":"max-image-preview:large","max-video-preview":"max-video-preview:-1"},"canonical":"https:\/\/akunq.net\/tr\/?p=68751","og_locale":"en_US","og_type":"article","og_title":"K\u0131rm\u0131z\u0131 b\u00fcltenle aranan 500 y\u0131ll\u0131k mezar ta\u015f\u0131 bulundu - Bati Ermenistan Ve Bati Ermenileri Sorunlari Ara\u015ftirmalar Merkezi","og_description":"Tunceli\u2019de (Dersim-&#8216;Akunq&#8217; web sitesi) 6 ay \u00f6nce tescilli tarihi alandan \u00e7al\u0131nan ve \u2018K\u0131rm\u0131z\u0131 b\u00fclten\u2019 ile aranan tarihi \u2018Ko\u00e7 Ba\u015fl\u0131 Mezar Ta\u015f\u0131\u2019 Hozat il\u00e7esine ba\u011fl\u0131 Buzlup\u0131nar k\u00f6y\u00fcnde bir k\u00f6yl\u00fcn\u00fcn ihbar\u0131 \u00fczerine bulundu. Tunceli merkeze ba\u011fl\u0131 \u00c7\u0131lga k\u00f6y\u00fcnde tarihi 500 y\u0131la dayand\u0131\u011f\u0131 i\u00e7in tescillenen mezarl\u0131k alan\u0131ndan ge\u00e7en y\u0131l kas\u0131m ay\u0131nda, eski d\u00f6nemlerde ya\u015fayan insanlar\u0131n \u00f6rf ve adetleri, [&hellip;]","og_url":"https:\/\/akunq.net\/tr\/?p=68751","og_site_name":"Bati Ermenistan Ve Bati Ermenileri Sorunlari Ara\u015ftirmalar Merkezi","article_published_time":"2022-05-30T09:08:54+00:00","article_modified_time":"2022-05-30T09:09:01+00:00","og_image":[{"width":1920,"height":1080,"url":"https:\/\/akunq.net\/tr\/wp-content\/uploads\/sites\/6\/2022\/05\/K\u0131rm\u0131z\u0131-b\u00fcltenle-aranan-500-y\u0131ll\u0131k-mezar-ta\u015f\u0131.jpg","type":"image\/jpeg"}],"author":"admin","twitter_card":"summary_large_image","twitter_misc":{"Written by":"admin","Est. reading time":"2 minutes"},"schema":{"@context":"https:\/\/schema.org","@graph":[{"@type":"Article","@id":"https:\/\/akunq.net\/tr\/?p=68751#article","isPartOf":{"@id":"https:\/\/akunq.net\/tr\/?p=68751"},"author":{"name":"admin","@id":"https:\/\/akunq.net\/tr\/#\/schema\/person\/096f1d38a12cce57fb855b485ed24c9e"},"headline":"K\u0131rm\u0131z\u0131 b\u00fcltenle aranan 500 y\u0131ll\u0131k mezar ta\u015f\u0131 bulundu","datePublished":"2022-05-30T09:08:54+00:00","dateModified":"2022-05-30T09:09:01+00:00","mainEntityOfPage":{"@id":"https:\/\/akunq.net\/tr\/?p=68751"},"wordCount":441,"commentCount":0,"image":{"@id":"https:\/\/akunq.net\/tr\/?p=68751#primaryimage"},"thumbnailUrl":"https:\/\/akunq.net\/tr\/wp-content\/uploads\/sites\/6\/2022\/05\/K\u0131rm\u0131z\u0131-b\u00fcltenle-aranan-500-y\u0131ll\u0131k-mezar-ta\u015f\u0131.jpg","articleSection":["G\u00fcn\u00fcm\u00fczde Bat\u0131 Ermenistan","Haberler"],"inLanguage":"en-US","potentialAction":[{"@type":"CommentAction","name":"Comment","target":["https:\/\/akunq.net\/tr\/?p=68751#respond"]}]},{"@type":"WebPage","@id":"https:\/\/akunq.net\/tr\/?p=68751","url":"https:\/\/akunq.net\/tr\/?p=68751","name":"K\u0131rm\u0131z\u0131 b\u00fcltenle aranan 500 y\u0131ll\u0131k mezar ta\u015f\u0131 bulundu - Bati Ermenistan Ve Bati Ermenileri Sorunlari Ara\u015ftirmalar Merkezi","isPartOf":{"@id":"https:\/\/akunq.net\/tr\/#website"},"primaryImageOfPage":{"@id":"https:\/\/akunq.net\/tr\/?p=68751#primaryimage"},"image":{"@id":"https:\/\/akunq.net\/tr\/?p=68751#primaryimage"},"thumbnailUrl":"https:\/\/akunq.net\/tr\/wp-content\/uploads\/sites\/6\/2022\/05\/K\u0131rm\u0131z\u0131-b\u00fcltenle-aranan-500-y\u0131ll\u0131k-mezar-ta\u015f\u0131.jpg","datePublished":"2022-05-30T09:08:54+00:00","dateModified":"2022-05-30T09:09:01+00:00","author":{"@id":"https:\/\/akunq.net\/tr\/#\/schema\/person\/096f1d38a12cce57fb855b485ed24c9e"},"breadcrumb":{"@id":"https:\/\/akunq.net\/tr\/?p=68751#breadcrumb"},"inLanguage":"en-US","potentialAction":[{"@type":"ReadAction","target":["https:\/\/akunq.net\/tr\/?p=68751"]}]},{"@type":"ImageObject","inLanguage":"en-US","@id":"https:\/\/akunq.net\/tr\/?p=68751#primaryimage","url":"https:\/\/akunq.net\/tr\/wp-content\/uploads\/sites\/6\/2022\/05\/K\u0131rm\u0131z\u0131-b\u00fcltenle-aranan-500-y\u0131ll\u0131k-mezar-ta\u015f\u0131.jpg","contentUrl":"https:\/\/akunq.net\/tr\/wp-content\/uploads\/sites\/6\/2022\/05\/K\u0131rm\u0131z\u0131-b\u00fcltenle-aranan-500-y\u0131ll\u0131k-mezar-ta\u015f\u0131.jpg","width":1920,"height":1080},{"@type":"BreadcrumbList","@id":"https:\/\/akunq.net\/tr\/?p=68751#breadcrumb","itemListElement":[{"@type":"ListItem","position":1,"name":"Home","item":"https:\/\/akunq.net\/tr"},{"@type":"ListItem","position":2,"name":"K\u0131rm\u0131z\u0131 b\u00fcltenle aranan 500 y\u0131ll\u0131k mezar ta\u015f\u0131 bulundu"}]},{"@type":"WebSite","@id":"https:\/\/akunq.net\/tr\/#website","url":"https:\/\/akunq.net\/tr\/","name":"Bati Ermenistan Ve Bati Ermenileri Sorunlari Ara\u015ftirmalar Merkezi","description":"","potentialAction":[{"@type":"SearchAction","target":{"@type":"EntryPoint","urlTemplate":"https:\/\/akunq.net\/tr\/?s={search_term_string}"},"query-input":{"@type":"PropertyValueSpecification","valueRequired":true,"valueName":"search_term_string"}}],"inLanguage":"en-US"},{"@type":"Person","@id":"https:\/\/akunq.net\/tr\/#\/schema\/person\/096f1d38a12cce57fb855b485ed24c9e","name":"admin","url":"https:\/\/akunq.net\/tr\/?author=7"}]}},"_links":{"self":[{"href":"https:\/\/akunq.net\/tr\/index.php?rest_route=\/wp\/v2\/posts\/68751","targetHints":{"allow":["GET"]}}],"collection":[{"href":"https:\/\/akunq.net\/tr\/index.php?rest_route=\/wp\/v2\/posts"}],"about":[{"href":"https:\/\/akunq.net\/tr\/index.php?rest_route=\/wp\/v2\/types\/post"}],"author":[{"embeddable":true,"href":"https:\/\/akunq.net\/tr\/index.php?rest_route=\/wp\/v2\/users\/7"}],"replies":[{"embeddable":true,"href":"https:\/\/akunq.net\/tr\/index.php?rest_route=%2Fwp%2Fv2%2Fcomments&post=68751"}],"version-history":[{"count":1,"href":"https:\/\/akunq.net\/tr\/index.php?rest_route=\/wp\/v2\/posts\/68751\/revisions"}],"predecessor-version":[{"id":68753,"href":"https:\/\/akunq.net\/tr\/index.php?rest_route=\/wp\/v2\/posts\/68751\/revisions\/68753"}],"wp:featuredmedia":[{"embeddable":true,"href":"https:\/\/akunq.net\/tr\/index.php?rest_route=\/wp\/v2\/media\/68752"}],"wp:attachment":[{"href":"https:\/\/akunq.net\/tr\/index.php?rest_route=%2Fwp%2Fv2%2Fmedia&parent=68751"}],"wp:term":[{"taxonomy":"category","embeddable":true,"href":"https:\/\/akunq.net\/tr\/index.php?rest_route=%2Fwp%2Fv2%2Fcategories&post=68751"},{"taxonomy":"post_tag","embeddable":true,"href":"https:\/\/akunq.net\/tr\/index.php?rest_route=%2Fwp%2Fv2%2Ftags&post=68751"}],"curies":[{"name":"wp","href":"https:\/\/api.w.org\/{rel}","templated":true}]}}