{"id":68748,"date":"2022-05-30T04:00:23","date_gmt":"2022-05-30T09:00:23","guid":{"rendered":"https:\/\/akunq.net\/tr\/?p=68748"},"modified":"2022-05-30T04:00:23","modified_gmt":"2022-05-30T09:00:23","slug":"iranli-buyukelci-kapandaki-iran-konsoloslugu-cesitli-alanlarda-yeni-isbirligi-icin-bir-firsat-yaratacaktir","status":"publish","type":"post","link":"https:\/\/akunq.net\/tr\/?p=68748","title":{"rendered":"\u0130ranl\u0131 b\u00fcy\u00fckel\u00e7i: Kapan&#8217;daki \u0130ran konsoloslu\u011fu, \u00e7e\u015fitli alanlarda yeni i\u015fbirli\u011fi i\u00e7in bir f\u0131rsat yaratacakt\u0131r"},"content":{"rendered":"<p><img loading=\"lazy\" decoding=\"async\" class=\"aligncenter size-medium wp-image-68749\" src=\"https:\/\/akunq.net\/tr\/wp-content\/uploads\/2022\/05\/\u0130ranl\u0131-b\u00fcy\u00fckel\u00e7i-360x242.jpg\" alt=\"\" width=\"360\" height=\"242\" srcset=\"https:\/\/akunq.net\/tr\/wp-content\/uploads\/sites\/6\/2022\/05\/\u0130ranl\u0131-b\u00fcy\u00fckel\u00e7i-360x242.jpg 360w, https:\/\/akunq.net\/tr\/wp-content\/uploads\/sites\/6\/2022\/05\/\u0130ranl\u0131-b\u00fcy\u00fckel\u00e7i-560x376.jpg 560w, https:\/\/akunq.net\/tr\/wp-content\/uploads\/sites\/6\/2022\/05\/\u0130ranl\u0131-b\u00fcy\u00fckel\u00e7i-260x175.jpg 260w, https:\/\/akunq.net\/tr\/wp-content\/uploads\/sites\/6\/2022\/05\/\u0130ranl\u0131-b\u00fcy\u00fckel\u00e7i-160x107.jpg 160w, https:\/\/akunq.net\/tr\/wp-content\/uploads\/sites\/6\/2022\/05\/\u0130ranl\u0131-b\u00fcy\u00fckel\u00e7i.jpg 670w\" sizes=\"auto, (max-width: 360px) 100vw, 360px\" \/><\/p>\n<p><em><strong>\u0130ran&#8217;\u0131n Ermenistan B\u00fcy\u00fckel\u00e7isi Abbas Badakh\u015fan Zohuri, Armenpress&#8217;in sorusuna cevaben Ermenistan&#8217;\u0131n Syunik \u0130dari B\u00f6lgesindeki Kapan \u015fehrinde bir \u0130ran konsoloslu\u011fu a\u00e7\u0131lmas\u0131 konusunda \u0130an ve Ermenistan aras\u0131nda devlet d\u00fczeyinde bir anla\u015fma oldu\u011funu a\u00e7\u0131klad\u0131.<\/strong><\/em><\/p>\n<p>\u0130ranl\u0131 b\u00fcy\u00fckel\u00e7i &#8220;\u00c7al\u0131\u015fmalar ba\u015flad\u0131 ancak hen\u00fcz uygun bir mekan edinemedik. Bu, bu b\u00f6lgenin \u0130ran ve Ermenistan i\u00e7in \u00f6nemini kan\u0131tl\u0131yor.&#8221; s\u00f6zlerine ekledi.<\/p>\n<p>Zohuri,\u00a0 bunun Ermenistan&#8217;\u0131n s\u0131n\u0131r hatt\u0131na yak\u0131n b\u00f6lgelerinin ve \u0130ran&#8217;\u0131n s\u0131n\u0131r hatt\u0131na yak\u0131n eyaletleri Tebriz ve Bat\u0131 Erdebil Eyaleti ile i\u015fbirli\u011fi i\u00e7in \u00e7ok iyi bir f\u0131rsat yarataca\u011f\u0131n\u0131 ve ticaret cirosunun yeni bir ivme ve yeni bir anlam kazanabilece\u011fini vurgulad\u0131.<\/p>\n<p>&#8220;Kom\u015fu eyaletler ve b\u00f6lgeler aras\u0131nda &#8211; bilimsel, \u00fcniversite, ekonomik ve di\u011fer alanlarda farkl\u0131 y\u00f6nlerde i\u015fbirli\u011fi planlan\u0131yoruz, ayr\u0131ca yak\u0131n gelecekte Syunik&#8217;te ger\u00e7ekle\u015fecek olan turizm alan\u0131nda da \u00e7ok iyi projeler geli\u015ftiriyoruz. Bunlar iki \u00fclke halklar\u0131n\u0131n birbirine daha iyi tan\u0131\u015fmas\u0131na yard\u0131mc\u0131 olabilir.&#8221;dedi.<\/p>\n<p>Hat\u0131rlanaca\u011f\u0131 \u00fczere 29 Aral\u0131k 2021&#8217;de \u0130ran h\u00fck\u00fcmeti, D\u0131\u015fi\u015fleri Bakanl\u0131\u011f\u0131&#8217;n\u0131n Kapan&#8217;da bir Ba\u015fkonsolosluk a\u00e7\u0131lmas\u0131 \u00f6nerisini onaylam\u0131\u015ft\u0131.<\/p>\n<p><em><strong>https:\/\/armenpress.am\/tur\/news\/1084388.html\u00a0<\/strong><\/em><\/p>\n","protected":false},"excerpt":{"rendered":"<p>\u0130ran&#8217;\u0131n Ermenistan B\u00fcy\u00fckel\u00e7isi Abbas Badakh\u015fan Zohuri, Armenpress&#8217;in sorusuna cevaben Ermenistan&#8217;\u0131n Syunik \u0130dari B\u00f6lgesindeki Kapan \u015fehrinde bir \u0130ran konsoloslu\u011fu a\u00e7\u0131lmas\u0131 konusunda \u0130an ve Ermenistan aras\u0131nda devlet d\u00fczeyinde bir anla\u015fma oldu\u011funu a\u00e7\u0131klad\u0131. \u0130ranl\u0131 b\u00fcy\u00fckel\u00e7i &#8220;\u00c7al\u0131\u015fmalar ba\u015flad\u0131 ancak hen\u00fcz uygun bir mekan edinemedik. Bu, bu b\u00f6lgenin \u0130ran ve Ermenistan i\u00e7in \u00f6nemini kan\u0131tl\u0131yor.&#8221; s\u00f6zlerine ekledi. Zohuri,\u00a0 bunun Ermenistan&#8217;\u0131n s\u0131n\u0131r [&hellip;]<\/p>\n","protected":false},"author":7,"featured_media":68749,"comment_status":"open","ping_status":"open","sticky":false,"template":"","format":"standard","meta":{"footnotes":""},"categories":[1],"tags":[],"class_list":["post-68748","post","type-post","status-publish","format-standard","has-post-thumbnail","hentry","category-haberler"],"yoast_head":"<!-- This site is optimized with the Yoast SEO plugin v27.4 - https:\/\/yoast.com\/product\/yoast-seo-wordpress\/ -->\n<title>\u0130ranl\u0131 b\u00fcy\u00fckel\u00e7i: Kapan&#039;daki \u0130ran konsoloslu\u011fu, \u00e7e\u015fitli alanlarda yeni i\u015fbirli\u011fi i\u00e7in bir f\u0131rsat yaratacakt\u0131r - Bati Ermenistan Ve Bati Ermenileri Sorunlari Ara\u015ftirmalar Merkezi<\/title>\n<meta name=\"robots\" content=\"index, follow, max-snippet:-1, max-image-preview:large, max-video-preview:-1\" \/>\n<link rel=\"canonical\" href=\"https:\/\/akunq.net\/tr\/?p=68748\" \/>\n<meta property=\"og:locale\" content=\"en_US\" \/>\n<meta property=\"og:type\" content=\"article\" \/>\n<meta property=\"og:title\" content=\"\u0130ranl\u0131 b\u00fcy\u00fckel\u00e7i: Kapan&#039;daki \u0130ran konsoloslu\u011fu, \u00e7e\u015fitli alanlarda yeni i\u015fbirli\u011fi i\u00e7in bir f\u0131rsat yaratacakt\u0131r - Bati Ermenistan Ve Bati Ermenileri Sorunlari Ara\u015ftirmalar Merkezi\" \/>\n<meta property=\"og:description\" content=\"\u0130ran&#8217;\u0131n Ermenistan B\u00fcy\u00fckel\u00e7isi Abbas Badakh\u015fan Zohuri, Armenpress&#8217;in sorusuna cevaben Ermenistan&#8217;\u0131n Syunik \u0130dari B\u00f6lgesindeki Kapan \u015fehrinde bir \u0130ran konsoloslu\u011fu a\u00e7\u0131lmas\u0131 konusunda \u0130an ve Ermenistan aras\u0131nda devlet d\u00fczeyinde bir anla\u015fma oldu\u011funu a\u00e7\u0131klad\u0131. \u0130ranl\u0131 b\u00fcy\u00fckel\u00e7i &#8220;\u00c7al\u0131\u015fmalar ba\u015flad\u0131 ancak hen\u00fcz uygun bir mekan edinemedik. Bu, bu b\u00f6lgenin \u0130ran ve Ermenistan i\u00e7in \u00f6nemini kan\u0131tl\u0131yor.&#8221; s\u00f6zlerine ekledi. Zohuri,\u00a0 bunun Ermenistan&#8217;\u0131n s\u0131n\u0131r [&hellip;]\" \/>\n<meta property=\"og:url\" content=\"https:\/\/akunq.net\/tr\/?p=68748\" \/>\n<meta property=\"og:site_name\" content=\"Bati Ermenistan Ve Bati Ermenileri Sorunlari Ara\u015ftirmalar Merkezi\" \/>\n<meta property=\"article:published_time\" content=\"2022-05-30T09:00:23+00:00\" \/>\n<meta property=\"og:image\" content=\"https:\/\/akunq.net\/tr\/wp-content\/uploads\/sites\/6\/2022\/05\/\u0130ranl\u0131-b\u00fcy\u00fckel\u00e7i.jpg\" \/>\n\t<meta property=\"og:image:width\" content=\"670\" \/>\n\t<meta property=\"og:image:height\" content=\"450\" \/>\n\t<meta property=\"og:image:type\" content=\"image\/jpeg\" \/>\n<meta name=\"author\" content=\"admin\" \/>\n<meta name=\"twitter:card\" content=\"summary_large_image\" \/>\n<meta name=\"twitter:label1\" content=\"Written by\" \/>\n\t<meta name=\"twitter:data1\" content=\"admin\" \/>\n\t<meta name=\"twitter:label2\" content=\"Est. reading time\" \/>\n\t<meta name=\"twitter:data2\" content=\"1 minute\" \/>\n<script type=\"application\/ld+json\" class=\"yoast-schema-graph\">{\"@context\":\"https:\\\/\\\/schema.org\",\"@graph\":[{\"@type\":\"Article\",\"@id\":\"https:\\\/\\\/akunq.net\\\/tr\\\/?p=68748#article\",\"isPartOf\":{\"@id\":\"https:\\\/\\\/akunq.net\\\/tr\\\/?p=68748\"},\"author\":{\"name\":\"admin\",\"@id\":\"https:\\\/\\\/akunq.net\\\/tr\\\/#\\\/schema\\\/person\\\/096f1d38a12cce57fb855b485ed24c9e\"},\"headline\":\"\u0130ranl\u0131 b\u00fcy\u00fckel\u00e7i: Kapan&#8217;daki \u0130ran konsoloslu\u011fu, \u00e7e\u015fitli alanlarda yeni i\u015fbirli\u011fi i\u00e7in bir f\u0131rsat yaratacakt\u0131r\",\"datePublished\":\"2022-05-30T09:00:23+00:00\",\"mainEntityOfPage\":{\"@id\":\"https:\\\/\\\/akunq.net\\\/tr\\\/?p=68748\"},\"wordCount\":244,\"commentCount\":0,\"image\":{\"@id\":\"https:\\\/\\\/akunq.net\\\/tr\\\/?p=68748#primaryimage\"},\"thumbnailUrl\":\"https:\\\/\\\/akunq.net\\\/tr\\\/wp-content\\\/uploads\\\/sites\\\/6\\\/2022\\\/05\\\/\u0130ranl\u0131-b\u00fcy\u00fckel\u00e7i.jpg\",\"articleSection\":[\"Haberler\"],\"inLanguage\":\"en-US\",\"potentialAction\":[{\"@type\":\"CommentAction\",\"name\":\"Comment\",\"target\":[\"https:\\\/\\\/akunq.net\\\/tr\\\/?p=68748#respond\"]}]},{\"@type\":\"WebPage\",\"@id\":\"https:\\\/\\\/akunq.net\\\/tr\\\/?p=68748\",\"url\":\"https:\\\/\\\/akunq.net\\\/tr\\\/?p=68748\",\"name\":\"\u0130ranl\u0131 b\u00fcy\u00fckel\u00e7i: Kapan'daki \u0130ran konsoloslu\u011fu, \u00e7e\u015fitli alanlarda yeni i\u015fbirli\u011fi i\u00e7in bir f\u0131rsat yaratacakt\u0131r - Bati Ermenistan Ve Bati Ermenileri Sorunlari Ara\u015ftirmalar Merkezi\",\"isPartOf\":{\"@id\":\"https:\\\/\\\/akunq.net\\\/tr\\\/#website\"},\"primaryImageOfPage\":{\"@id\":\"https:\\\/\\\/akunq.net\\\/tr\\\/?p=68748#primaryimage\"},\"image\":{\"@id\":\"https:\\\/\\\/akunq.net\\\/tr\\\/?p=68748#primaryimage\"},\"thumbnailUrl\":\"https:\\\/\\\/akunq.net\\\/tr\\\/wp-content\\\/uploads\\\/sites\\\/6\\\/2022\\\/05\\\/\u0130ranl\u0131-b\u00fcy\u00fckel\u00e7i.jpg\",\"datePublished\":\"2022-05-30T09:00:23+00:00\",\"author\":{\"@id\":\"https:\\\/\\\/akunq.net\\\/tr\\\/#\\\/schema\\\/person\\\/096f1d38a12cce57fb855b485ed24c9e\"},\"breadcrumb\":{\"@id\":\"https:\\\/\\\/akunq.net\\\/tr\\\/?p=68748#breadcrumb\"},\"inLanguage\":\"en-US\",\"potentialAction\":[{\"@type\":\"ReadAction\",\"target\":[\"https:\\\/\\\/akunq.net\\\/tr\\\/?p=68748\"]}]},{\"@type\":\"ImageObject\",\"inLanguage\":\"en-US\",\"@id\":\"https:\\\/\\\/akunq.net\\\/tr\\\/?p=68748#primaryimage\",\"url\":\"https:\\\/\\\/akunq.net\\\/tr\\\/wp-content\\\/uploads\\\/sites\\\/6\\\/2022\\\/05\\\/\u0130ranl\u0131-b\u00fcy\u00fckel\u00e7i.jpg\",\"contentUrl\":\"https:\\\/\\\/akunq.net\\\/tr\\\/wp-content\\\/uploads\\\/sites\\\/6\\\/2022\\\/05\\\/\u0130ranl\u0131-b\u00fcy\u00fckel\u00e7i.jpg\",\"width\":670,\"height\":450},{\"@type\":\"BreadcrumbList\",\"@id\":\"https:\\\/\\\/akunq.net\\\/tr\\\/?p=68748#breadcrumb\",\"itemListElement\":[{\"@type\":\"ListItem\",\"position\":1,\"name\":\"Home\",\"item\":\"https:\\\/\\\/akunq.net\\\/tr\"},{\"@type\":\"ListItem\",\"position\":2,\"name\":\"\u0130ranl\u0131 b\u00fcy\u00fckel\u00e7i: Kapan&#8217;daki \u0130ran konsoloslu\u011fu, \u00e7e\u015fitli alanlarda yeni i\u015fbirli\u011fi i\u00e7in bir f\u0131rsat yaratacakt\u0131r\"}]},{\"@type\":\"WebSite\",\"@id\":\"https:\\\/\\\/akunq.net\\\/tr\\\/#website\",\"url\":\"https:\\\/\\\/akunq.net\\\/tr\\\/\",\"name\":\"Bati Ermenistan Ve Bati Ermenileri Sorunlari Ara\u015ftirmalar Merkezi\",\"description\":\"\",\"potentialAction\":[{\"@type\":\"SearchAction\",\"target\":{\"@type\":\"EntryPoint\",\"urlTemplate\":\"https:\\\/\\\/akunq.net\\\/tr\\\/?s={search_term_string}\"},\"query-input\":{\"@type\":\"PropertyValueSpecification\",\"valueRequired\":true,\"valueName\":\"search_term_string\"}}],\"inLanguage\":\"en-US\"},{\"@type\":\"Person\",\"@id\":\"https:\\\/\\\/akunq.net\\\/tr\\\/#\\\/schema\\\/person\\\/096f1d38a12cce57fb855b485ed24c9e\",\"name\":\"admin\",\"url\":\"https:\\\/\\\/akunq.net\\\/tr\\\/?author=7\"}]}<\/script>\n<!-- \/ Yoast SEO plugin. -->","yoast_head_json":{"title":"\u0130ranl\u0131 b\u00fcy\u00fckel\u00e7i: Kapan'daki \u0130ran konsoloslu\u011fu, \u00e7e\u015fitli alanlarda yeni i\u015fbirli\u011fi i\u00e7in bir f\u0131rsat yaratacakt\u0131r - Bati Ermenistan Ve Bati Ermenileri Sorunlari Ara\u015ftirmalar Merkezi","robots":{"index":"index","follow":"follow","max-snippet":"max-snippet:-1","max-image-preview":"max-image-preview:large","max-video-preview":"max-video-preview:-1"},"canonical":"https:\/\/akunq.net\/tr\/?p=68748","og_locale":"en_US","og_type":"article","og_title":"\u0130ranl\u0131 b\u00fcy\u00fckel\u00e7i: Kapan'daki \u0130ran konsoloslu\u011fu, \u00e7e\u015fitli alanlarda yeni i\u015fbirli\u011fi i\u00e7in bir f\u0131rsat yaratacakt\u0131r - Bati Ermenistan Ve Bati Ermenileri Sorunlari Ara\u015ftirmalar Merkezi","og_description":"\u0130ran&#8217;\u0131n Ermenistan B\u00fcy\u00fckel\u00e7isi Abbas Badakh\u015fan Zohuri, Armenpress&#8217;in sorusuna cevaben Ermenistan&#8217;\u0131n Syunik \u0130dari B\u00f6lgesindeki Kapan \u015fehrinde bir \u0130ran konsoloslu\u011fu a\u00e7\u0131lmas\u0131 konusunda \u0130an ve Ermenistan aras\u0131nda devlet d\u00fczeyinde bir anla\u015fma oldu\u011funu a\u00e7\u0131klad\u0131. \u0130ranl\u0131 b\u00fcy\u00fckel\u00e7i &#8220;\u00c7al\u0131\u015fmalar ba\u015flad\u0131 ancak hen\u00fcz uygun bir mekan edinemedik. Bu, bu b\u00f6lgenin \u0130ran ve Ermenistan i\u00e7in \u00f6nemini kan\u0131tl\u0131yor.&#8221; s\u00f6zlerine ekledi. Zohuri,\u00a0 bunun Ermenistan&#8217;\u0131n s\u0131n\u0131r [&hellip;]","og_url":"https:\/\/akunq.net\/tr\/?p=68748","og_site_name":"Bati Ermenistan Ve Bati Ermenileri Sorunlari Ara\u015ftirmalar Merkezi","article_published_time":"2022-05-30T09:00:23+00:00","og_image":[{"width":670,"height":450,"url":"https:\/\/akunq.net\/tr\/wp-content\/uploads\/sites\/6\/2022\/05\/\u0130ranl\u0131-b\u00fcy\u00fckel\u00e7i.jpg","type":"image\/jpeg"}],"author":"admin","twitter_card":"summary_large_image","twitter_misc":{"Written by":"admin","Est. reading time":"1 minute"},"schema":{"@context":"https:\/\/schema.org","@graph":[{"@type":"Article","@id":"https:\/\/akunq.net\/tr\/?p=68748#article","isPartOf":{"@id":"https:\/\/akunq.net\/tr\/?p=68748"},"author":{"name":"admin","@id":"https:\/\/akunq.net\/tr\/#\/schema\/person\/096f1d38a12cce57fb855b485ed24c9e"},"headline":"\u0130ranl\u0131 b\u00fcy\u00fckel\u00e7i: Kapan&#8217;daki \u0130ran konsoloslu\u011fu, \u00e7e\u015fitli alanlarda yeni i\u015fbirli\u011fi i\u00e7in bir f\u0131rsat yaratacakt\u0131r","datePublished":"2022-05-30T09:00:23+00:00","mainEntityOfPage":{"@id":"https:\/\/akunq.net\/tr\/?p=68748"},"wordCount":244,"commentCount":0,"image":{"@id":"https:\/\/akunq.net\/tr\/?p=68748#primaryimage"},"thumbnailUrl":"https:\/\/akunq.net\/tr\/wp-content\/uploads\/sites\/6\/2022\/05\/\u0130ranl\u0131-b\u00fcy\u00fckel\u00e7i.jpg","articleSection":["Haberler"],"inLanguage":"en-US","potentialAction":[{"@type":"CommentAction","name":"Comment","target":["https:\/\/akunq.net\/tr\/?p=68748#respond"]}]},{"@type":"WebPage","@id":"https:\/\/akunq.net\/tr\/?p=68748","url":"https:\/\/akunq.net\/tr\/?p=68748","name":"\u0130ranl\u0131 b\u00fcy\u00fckel\u00e7i: Kapan'daki \u0130ran konsoloslu\u011fu, \u00e7e\u015fitli alanlarda yeni i\u015fbirli\u011fi i\u00e7in bir f\u0131rsat yaratacakt\u0131r - Bati Ermenistan Ve Bati Ermenileri Sorunlari Ara\u015ftirmalar Merkezi","isPartOf":{"@id":"https:\/\/akunq.net\/tr\/#website"},"primaryImageOfPage":{"@id":"https:\/\/akunq.net\/tr\/?p=68748#primaryimage"},"image":{"@id":"https:\/\/akunq.net\/tr\/?p=68748#primaryimage"},"thumbnailUrl":"https:\/\/akunq.net\/tr\/wp-content\/uploads\/sites\/6\/2022\/05\/\u0130ranl\u0131-b\u00fcy\u00fckel\u00e7i.jpg","datePublished":"2022-05-30T09:00:23+00:00","author":{"@id":"https:\/\/akunq.net\/tr\/#\/schema\/person\/096f1d38a12cce57fb855b485ed24c9e"},"breadcrumb":{"@id":"https:\/\/akunq.net\/tr\/?p=68748#breadcrumb"},"inLanguage":"en-US","potentialAction":[{"@type":"ReadAction","target":["https:\/\/akunq.net\/tr\/?p=68748"]}]},{"@type":"ImageObject","inLanguage":"en-US","@id":"https:\/\/akunq.net\/tr\/?p=68748#primaryimage","url":"https:\/\/akunq.net\/tr\/wp-content\/uploads\/sites\/6\/2022\/05\/\u0130ranl\u0131-b\u00fcy\u00fckel\u00e7i.jpg","contentUrl":"https:\/\/akunq.net\/tr\/wp-content\/uploads\/sites\/6\/2022\/05\/\u0130ranl\u0131-b\u00fcy\u00fckel\u00e7i.jpg","width":670,"height":450},{"@type":"BreadcrumbList","@id":"https:\/\/akunq.net\/tr\/?p=68748#breadcrumb","itemListElement":[{"@type":"ListItem","position":1,"name":"Home","item":"https:\/\/akunq.net\/tr"},{"@type":"ListItem","position":2,"name":"\u0130ranl\u0131 b\u00fcy\u00fckel\u00e7i: Kapan&#8217;daki \u0130ran konsoloslu\u011fu, \u00e7e\u015fitli alanlarda yeni i\u015fbirli\u011fi i\u00e7in bir f\u0131rsat yaratacakt\u0131r"}]},{"@type":"WebSite","@id":"https:\/\/akunq.net\/tr\/#website","url":"https:\/\/akunq.net\/tr\/","name":"Bati Ermenistan Ve Bati Ermenileri Sorunlari Ara\u015ftirmalar Merkezi","description":"","potentialAction":[{"@type":"SearchAction","target":{"@type":"EntryPoint","urlTemplate":"https:\/\/akunq.net\/tr\/?s={search_term_string}"},"query-input":{"@type":"PropertyValueSpecification","valueRequired":true,"valueName":"search_term_string"}}],"inLanguage":"en-US"},{"@type":"Person","@id":"https:\/\/akunq.net\/tr\/#\/schema\/person\/096f1d38a12cce57fb855b485ed24c9e","name":"admin","url":"https:\/\/akunq.net\/tr\/?author=7"}]}},"_links":{"self":[{"href":"https:\/\/akunq.net\/tr\/index.php?rest_route=\/wp\/v2\/posts\/68748","targetHints":{"allow":["GET"]}}],"collection":[{"href":"https:\/\/akunq.net\/tr\/index.php?rest_route=\/wp\/v2\/posts"}],"about":[{"href":"https:\/\/akunq.net\/tr\/index.php?rest_route=\/wp\/v2\/types\/post"}],"author":[{"embeddable":true,"href":"https:\/\/akunq.net\/tr\/index.php?rest_route=\/wp\/v2\/users\/7"}],"replies":[{"embeddable":true,"href":"https:\/\/akunq.net\/tr\/index.php?rest_route=%2Fwp%2Fv2%2Fcomments&post=68748"}],"version-history":[{"count":1,"href":"https:\/\/akunq.net\/tr\/index.php?rest_route=\/wp\/v2\/posts\/68748\/revisions"}],"predecessor-version":[{"id":68750,"href":"https:\/\/akunq.net\/tr\/index.php?rest_route=\/wp\/v2\/posts\/68748\/revisions\/68750"}],"wp:featuredmedia":[{"embeddable":true,"href":"https:\/\/akunq.net\/tr\/index.php?rest_route=\/wp\/v2\/media\/68749"}],"wp:attachment":[{"href":"https:\/\/akunq.net\/tr\/index.php?rest_route=%2Fwp%2Fv2%2Fmedia&parent=68748"}],"wp:term":[{"taxonomy":"category","embeddable":true,"href":"https:\/\/akunq.net\/tr\/index.php?rest_route=%2Fwp%2Fv2%2Fcategories&post=68748"},{"taxonomy":"post_tag","embeddable":true,"href":"https:\/\/akunq.net\/tr\/index.php?rest_route=%2Fwp%2Fv2%2Ftags&post=68748"}],"curies":[{"name":"wp","href":"https:\/\/api.w.org\/{rel}","templated":true}]}}