{"id":68738,"date":"2022-05-27T03:24:29","date_gmt":"2022-05-27T08:24:29","guid":{"rendered":"https:\/\/akunq.net\/tr\/?p=68738"},"modified":"2022-05-27T03:24:29","modified_gmt":"2022-05-27T08:24:29","slug":"kesisyan-dunyadaki-ermenileri-suriyenin-toparlanmasi-icin-verdigi-destege-katkida-bulunmaya-cagiriyorum","status":"publish","type":"post","link":"https:\/\/akunq.net\/tr\/?p=68738","title":{"rendered":"Ke\u015fi\u015fyan: D\u00fcnyadaki Ermenileri Suriye\u2019nin Toparlanmas\u0131 \u0130\u00e7in Verdi\u011fi Deste\u011fe Katk\u0131da Bulunmaya \u00c7a\u011f\u0131r\u0131yorum"},"content":{"rendered":"<p><img loading=\"lazy\" decoding=\"async\" class=\"aligncenter size-medium wp-image-68739\" src=\"https:\/\/akunq.net\/tr\/wp-content\/uploads\/2022\/05\/Aram-360x180.jpg\" alt=\"\" width=\"360\" height=\"180\" srcset=\"https:\/\/akunq.net\/tr\/wp-content\/uploads\/sites\/6\/2022\/05\/Aram-360x180.jpg 360w, https:\/\/akunq.net\/tr\/wp-content\/uploads\/sites\/6\/2022\/05\/Aram-560x280.jpg 560w, https:\/\/akunq.net\/tr\/wp-content\/uploads\/sites\/6\/2022\/05\/Aram-260x130.jpg 260w, https:\/\/akunq.net\/tr\/wp-content\/uploads\/sites\/6\/2022\/05\/Aram-160x80.jpg 160w, https:\/\/akunq.net\/tr\/wp-content\/uploads\/sites\/6\/2022\/05\/Aram.jpg 660w\" sizes=\"auto, (max-width: 360px) 100vw, 360px\" \/><\/p>\n<p><em><strong>DEYREZZOR \u2013 Kilikya Ermeni Kilisesi Ba\u015fkan\u0131 Papaz Katolikos I. Aram Ke\u015fi\u015fyan ve beraberindeki heyete, Deyrezzor\u2019daki Ermeni \u015eehitleri Kilisesi\u2019ne ter\u00f6ristler taraf\u0131ndan verilen hasar ve sabotaj hakk\u0131nda bilgi verildi, ve y\u00fcce Tanr\u0131\u2019dan Suriye\u2019yi zaferle ta\u00e7land\u0131rmas\u0131 i\u00e7in dua ettiler.<\/strong><\/em><\/p>\n<p>Katolikos Ke\u015fi\u015fyan, kilisede yapt\u0131\u011f\u0131 duada, Osmanl\u0131\u2019n\u0131n elinde \u00f6ld\u00fcr\u00fclen savunmas\u0131z Ermeni \u015fehitlerine rahmet dileyerek, kin ve adaletsizli\u011fin en \u015fiddetli sava\u015flar\u0131na g\u00f6\u011f\u00fcs gererken Suriye\u2019nin liderli\u011fini, halk\u0131n\u0131 ve ordusunu b\u00fcy\u00fck bir zaferle ta\u00e7land\u0131rmas\u0131 i\u00e7in Tanr\u0131\u2019ya dua etti.<\/p>\n<p>Deyrezzor Valisi Fad\u0131l Neccar konu\u015fmas\u0131nda Suriye ve Ermeni halklar\u0131n\u0131 birle\u015ftiren sevgi ve dostluk ruhuna de\u011finerek, Osmanl\u0131\u2019n\u0131n Ermeni halk\u0131na kar\u015f\u0131 i\u015fledi\u011fi su\u00e7lara, T\u00fcrk rejiminin de Suriye halk\u0131na kar\u015f\u0131 i\u015fledi\u011fi su\u00e7lara i\u015faret etti.<\/p>\n<hr \/>\n<p><em><strong><a href=\"https:\/\/sana.sy\/tr\/?p=255725\" target=\"_blank\" rel=\"noopener noreferrer\">SANA<\/a>\u00a0<\/strong><\/em><\/p>\n","protected":false},"excerpt":{"rendered":"<p>DEYREZZOR \u2013 Kilikya Ermeni Kilisesi Ba\u015fkan\u0131 Papaz Katolikos I. Aram Ke\u015fi\u015fyan ve beraberindeki heyete, Deyrezzor\u2019daki Ermeni \u015eehitleri Kilisesi\u2019ne ter\u00f6ristler taraf\u0131ndan verilen hasar ve sabotaj hakk\u0131nda bilgi verildi, ve y\u00fcce Tanr\u0131\u2019dan Suriye\u2019yi zaferle ta\u00e7land\u0131rmas\u0131 i\u00e7in dua ettiler. Katolikos Ke\u015fi\u015fyan, kilisede yapt\u0131\u011f\u0131 duada, Osmanl\u0131\u2019n\u0131n elinde \u00f6ld\u00fcr\u00fclen savunmas\u0131z Ermeni \u015fehitlerine rahmet dileyerek, kin ve adaletsizli\u011fin en \u015fiddetli sava\u015flar\u0131na [&hellip;]<\/p>\n","protected":false},"author":7,"featured_media":68739,"comment_status":"open","ping_status":"open","sticky":false,"template":"","format":"standard","meta":{"footnotes":""},"categories":[1],"tags":[],"class_list":["post-68738","post","type-post","status-publish","format-standard","has-post-thumbnail","hentry","category-haberler"],"yoast_head":"<!-- This site is optimized with the Yoast SEO plugin v27.4 - https:\/\/yoast.com\/product\/yoast-seo-wordpress\/ -->\n<title>Ke\u015fi\u015fyan: D\u00fcnyadaki Ermenileri Suriye\u2019nin Toparlanmas\u0131 \u0130\u00e7in Verdi\u011fi Deste\u011fe Katk\u0131da Bulunmaya \u00c7a\u011f\u0131r\u0131yorum - Bati Ermenistan Ve Bati Ermenileri Sorunlari Ara\u015ftirmalar Merkezi<\/title>\n<meta name=\"robots\" content=\"index, follow, max-snippet:-1, max-image-preview:large, max-video-preview:-1\" \/>\n<link rel=\"canonical\" href=\"https:\/\/akunq.net\/tr\/?p=68738\" \/>\n<meta property=\"og:locale\" content=\"en_US\" \/>\n<meta property=\"og:type\" content=\"article\" \/>\n<meta property=\"og:title\" content=\"Ke\u015fi\u015fyan: D\u00fcnyadaki Ermenileri Suriye\u2019nin Toparlanmas\u0131 \u0130\u00e7in Verdi\u011fi Deste\u011fe Katk\u0131da Bulunmaya \u00c7a\u011f\u0131r\u0131yorum - Bati Ermenistan Ve Bati Ermenileri Sorunlari Ara\u015ftirmalar Merkezi\" \/>\n<meta property=\"og:description\" content=\"DEYREZZOR \u2013 Kilikya Ermeni Kilisesi Ba\u015fkan\u0131 Papaz Katolikos I. Aram Ke\u015fi\u015fyan ve beraberindeki heyete, Deyrezzor\u2019daki Ermeni \u015eehitleri Kilisesi\u2019ne ter\u00f6ristler taraf\u0131ndan verilen hasar ve sabotaj hakk\u0131nda bilgi verildi, ve y\u00fcce Tanr\u0131\u2019dan Suriye\u2019yi zaferle ta\u00e7land\u0131rmas\u0131 i\u00e7in dua ettiler. Katolikos Ke\u015fi\u015fyan, kilisede yapt\u0131\u011f\u0131 duada, Osmanl\u0131\u2019n\u0131n elinde \u00f6ld\u00fcr\u00fclen savunmas\u0131z Ermeni \u015fehitlerine rahmet dileyerek, kin ve adaletsizli\u011fin en \u015fiddetli sava\u015flar\u0131na [&hellip;]\" \/>\n<meta property=\"og:url\" content=\"https:\/\/akunq.net\/tr\/?p=68738\" \/>\n<meta property=\"og:site_name\" content=\"Bati Ermenistan Ve Bati Ermenileri Sorunlari Ara\u015ftirmalar Merkezi\" \/>\n<meta property=\"article:published_time\" content=\"2022-05-27T08:24:29+00:00\" \/>\n<meta property=\"og:image\" content=\"https:\/\/akunq.net\/tr\/wp-content\/uploads\/sites\/6\/2022\/05\/Aram.jpg\" \/>\n\t<meta property=\"og:image:width\" content=\"660\" \/>\n\t<meta property=\"og:image:height\" content=\"330\" \/>\n\t<meta property=\"og:image:type\" content=\"image\/jpeg\" \/>\n<meta name=\"author\" content=\"admin\" \/>\n<meta name=\"twitter:card\" content=\"summary_large_image\" \/>\n<meta name=\"twitter:label1\" content=\"Written by\" \/>\n\t<meta name=\"twitter:data1\" content=\"admin\" \/>\n\t<meta name=\"twitter:label2\" content=\"Est. reading time\" \/>\n\t<meta name=\"twitter:data2\" content=\"1 minute\" \/>\n<script type=\"application\/ld+json\" class=\"yoast-schema-graph\">{\"@context\":\"https:\\\/\\\/schema.org\",\"@graph\":[{\"@type\":\"Article\",\"@id\":\"https:\\\/\\\/akunq.net\\\/tr\\\/?p=68738#article\",\"isPartOf\":{\"@id\":\"https:\\\/\\\/akunq.net\\\/tr\\\/?p=68738\"},\"author\":{\"name\":\"admin\",\"@id\":\"https:\\\/\\\/akunq.net\\\/tr\\\/#\\\/schema\\\/person\\\/096f1d38a12cce57fb855b485ed24c9e\"},\"headline\":\"Ke\u015fi\u015fyan: D\u00fcnyadaki Ermenileri Suriye\u2019nin Toparlanmas\u0131 \u0130\u00e7in Verdi\u011fi Deste\u011fe Katk\u0131da Bulunmaya \u00c7a\u011f\u0131r\u0131yorum\",\"datePublished\":\"2022-05-27T08:24:29+00:00\",\"mainEntityOfPage\":{\"@id\":\"https:\\\/\\\/akunq.net\\\/tr\\\/?p=68738\"},\"wordCount\":173,\"commentCount\":0,\"image\":{\"@id\":\"https:\\\/\\\/akunq.net\\\/tr\\\/?p=68738#primaryimage\"},\"thumbnailUrl\":\"https:\\\/\\\/akunq.net\\\/tr\\\/wp-content\\\/uploads\\\/sites\\\/6\\\/2022\\\/05\\\/Aram.jpg\",\"articleSection\":[\"Haberler\"],\"inLanguage\":\"en-US\",\"potentialAction\":[{\"@type\":\"CommentAction\",\"name\":\"Comment\",\"target\":[\"https:\\\/\\\/akunq.net\\\/tr\\\/?p=68738#respond\"]}]},{\"@type\":\"WebPage\",\"@id\":\"https:\\\/\\\/akunq.net\\\/tr\\\/?p=68738\",\"url\":\"https:\\\/\\\/akunq.net\\\/tr\\\/?p=68738\",\"name\":\"Ke\u015fi\u015fyan: D\u00fcnyadaki Ermenileri Suriye\u2019nin Toparlanmas\u0131 \u0130\u00e7in Verdi\u011fi Deste\u011fe Katk\u0131da Bulunmaya \u00c7a\u011f\u0131r\u0131yorum - Bati Ermenistan Ve Bati Ermenileri Sorunlari Ara\u015ftirmalar Merkezi\",\"isPartOf\":{\"@id\":\"https:\\\/\\\/akunq.net\\\/tr\\\/#website\"},\"primaryImageOfPage\":{\"@id\":\"https:\\\/\\\/akunq.net\\\/tr\\\/?p=68738#primaryimage\"},\"image\":{\"@id\":\"https:\\\/\\\/akunq.net\\\/tr\\\/?p=68738#primaryimage\"},\"thumbnailUrl\":\"https:\\\/\\\/akunq.net\\\/tr\\\/wp-content\\\/uploads\\\/sites\\\/6\\\/2022\\\/05\\\/Aram.jpg\",\"datePublished\":\"2022-05-27T08:24:29+00:00\",\"author\":{\"@id\":\"https:\\\/\\\/akunq.net\\\/tr\\\/#\\\/schema\\\/person\\\/096f1d38a12cce57fb855b485ed24c9e\"},\"breadcrumb\":{\"@id\":\"https:\\\/\\\/akunq.net\\\/tr\\\/?p=68738#breadcrumb\"},\"inLanguage\":\"en-US\",\"potentialAction\":[{\"@type\":\"ReadAction\",\"target\":[\"https:\\\/\\\/akunq.net\\\/tr\\\/?p=68738\"]}]},{\"@type\":\"ImageObject\",\"inLanguage\":\"en-US\",\"@id\":\"https:\\\/\\\/akunq.net\\\/tr\\\/?p=68738#primaryimage\",\"url\":\"https:\\\/\\\/akunq.net\\\/tr\\\/wp-content\\\/uploads\\\/sites\\\/6\\\/2022\\\/05\\\/Aram.jpg\",\"contentUrl\":\"https:\\\/\\\/akunq.net\\\/tr\\\/wp-content\\\/uploads\\\/sites\\\/6\\\/2022\\\/05\\\/Aram.jpg\",\"width\":660,\"height\":330},{\"@type\":\"BreadcrumbList\",\"@id\":\"https:\\\/\\\/akunq.net\\\/tr\\\/?p=68738#breadcrumb\",\"itemListElement\":[{\"@type\":\"ListItem\",\"position\":1,\"name\":\"Home\",\"item\":\"https:\\\/\\\/akunq.net\\\/tr\"},{\"@type\":\"ListItem\",\"position\":2,\"name\":\"Ke\u015fi\u015fyan: D\u00fcnyadaki Ermenileri Suriye\u2019nin Toparlanmas\u0131 \u0130\u00e7in Verdi\u011fi Deste\u011fe Katk\u0131da Bulunmaya \u00c7a\u011f\u0131r\u0131yorum\"}]},{\"@type\":\"WebSite\",\"@id\":\"https:\\\/\\\/akunq.net\\\/tr\\\/#website\",\"url\":\"https:\\\/\\\/akunq.net\\\/tr\\\/\",\"name\":\"Bati Ermenistan Ve Bati Ermenileri Sorunlari Ara\u015ftirmalar Merkezi\",\"description\":\"\",\"potentialAction\":[{\"@type\":\"SearchAction\",\"target\":{\"@type\":\"EntryPoint\",\"urlTemplate\":\"https:\\\/\\\/akunq.net\\\/tr\\\/?s={search_term_string}\"},\"query-input\":{\"@type\":\"PropertyValueSpecification\",\"valueRequired\":true,\"valueName\":\"search_term_string\"}}],\"inLanguage\":\"en-US\"},{\"@type\":\"Person\",\"@id\":\"https:\\\/\\\/akunq.net\\\/tr\\\/#\\\/schema\\\/person\\\/096f1d38a12cce57fb855b485ed24c9e\",\"name\":\"admin\",\"url\":\"https:\\\/\\\/akunq.net\\\/tr\\\/?author=7\"}]}<\/script>\n<!-- \/ Yoast SEO plugin. -->","yoast_head_json":{"title":"Ke\u015fi\u015fyan: D\u00fcnyadaki Ermenileri Suriye\u2019nin Toparlanmas\u0131 \u0130\u00e7in Verdi\u011fi Deste\u011fe Katk\u0131da Bulunmaya \u00c7a\u011f\u0131r\u0131yorum - Bati Ermenistan Ve Bati Ermenileri Sorunlari Ara\u015ftirmalar Merkezi","robots":{"index":"index","follow":"follow","max-snippet":"max-snippet:-1","max-image-preview":"max-image-preview:large","max-video-preview":"max-video-preview:-1"},"canonical":"https:\/\/akunq.net\/tr\/?p=68738","og_locale":"en_US","og_type":"article","og_title":"Ke\u015fi\u015fyan: D\u00fcnyadaki Ermenileri Suriye\u2019nin Toparlanmas\u0131 \u0130\u00e7in Verdi\u011fi Deste\u011fe Katk\u0131da Bulunmaya \u00c7a\u011f\u0131r\u0131yorum - Bati Ermenistan Ve Bati Ermenileri Sorunlari Ara\u015ftirmalar Merkezi","og_description":"DEYREZZOR \u2013 Kilikya Ermeni Kilisesi Ba\u015fkan\u0131 Papaz Katolikos I. Aram Ke\u015fi\u015fyan ve beraberindeki heyete, Deyrezzor\u2019daki Ermeni \u015eehitleri Kilisesi\u2019ne ter\u00f6ristler taraf\u0131ndan verilen hasar ve sabotaj hakk\u0131nda bilgi verildi, ve y\u00fcce Tanr\u0131\u2019dan Suriye\u2019yi zaferle ta\u00e7land\u0131rmas\u0131 i\u00e7in dua ettiler. Katolikos Ke\u015fi\u015fyan, kilisede yapt\u0131\u011f\u0131 duada, Osmanl\u0131\u2019n\u0131n elinde \u00f6ld\u00fcr\u00fclen savunmas\u0131z Ermeni \u015fehitlerine rahmet dileyerek, kin ve adaletsizli\u011fin en \u015fiddetli sava\u015flar\u0131na [&hellip;]","og_url":"https:\/\/akunq.net\/tr\/?p=68738","og_site_name":"Bati Ermenistan Ve Bati Ermenileri Sorunlari Ara\u015ftirmalar Merkezi","article_published_time":"2022-05-27T08:24:29+00:00","og_image":[{"width":660,"height":330,"url":"https:\/\/akunq.net\/tr\/wp-content\/uploads\/sites\/6\/2022\/05\/Aram.jpg","type":"image\/jpeg"}],"author":"admin","twitter_card":"summary_large_image","twitter_misc":{"Written by":"admin","Est. reading time":"1 minute"},"schema":{"@context":"https:\/\/schema.org","@graph":[{"@type":"Article","@id":"https:\/\/akunq.net\/tr\/?p=68738#article","isPartOf":{"@id":"https:\/\/akunq.net\/tr\/?p=68738"},"author":{"name":"admin","@id":"https:\/\/akunq.net\/tr\/#\/schema\/person\/096f1d38a12cce57fb855b485ed24c9e"},"headline":"Ke\u015fi\u015fyan: D\u00fcnyadaki Ermenileri Suriye\u2019nin Toparlanmas\u0131 \u0130\u00e7in Verdi\u011fi Deste\u011fe Katk\u0131da Bulunmaya \u00c7a\u011f\u0131r\u0131yorum","datePublished":"2022-05-27T08:24:29+00:00","mainEntityOfPage":{"@id":"https:\/\/akunq.net\/tr\/?p=68738"},"wordCount":173,"commentCount":0,"image":{"@id":"https:\/\/akunq.net\/tr\/?p=68738#primaryimage"},"thumbnailUrl":"https:\/\/akunq.net\/tr\/wp-content\/uploads\/sites\/6\/2022\/05\/Aram.jpg","articleSection":["Haberler"],"inLanguage":"en-US","potentialAction":[{"@type":"CommentAction","name":"Comment","target":["https:\/\/akunq.net\/tr\/?p=68738#respond"]}]},{"@type":"WebPage","@id":"https:\/\/akunq.net\/tr\/?p=68738","url":"https:\/\/akunq.net\/tr\/?p=68738","name":"Ke\u015fi\u015fyan: D\u00fcnyadaki Ermenileri Suriye\u2019nin Toparlanmas\u0131 \u0130\u00e7in Verdi\u011fi Deste\u011fe Katk\u0131da Bulunmaya \u00c7a\u011f\u0131r\u0131yorum - Bati Ermenistan Ve Bati Ermenileri Sorunlari Ara\u015ftirmalar Merkezi","isPartOf":{"@id":"https:\/\/akunq.net\/tr\/#website"},"primaryImageOfPage":{"@id":"https:\/\/akunq.net\/tr\/?p=68738#primaryimage"},"image":{"@id":"https:\/\/akunq.net\/tr\/?p=68738#primaryimage"},"thumbnailUrl":"https:\/\/akunq.net\/tr\/wp-content\/uploads\/sites\/6\/2022\/05\/Aram.jpg","datePublished":"2022-05-27T08:24:29+00:00","author":{"@id":"https:\/\/akunq.net\/tr\/#\/schema\/person\/096f1d38a12cce57fb855b485ed24c9e"},"breadcrumb":{"@id":"https:\/\/akunq.net\/tr\/?p=68738#breadcrumb"},"inLanguage":"en-US","potentialAction":[{"@type":"ReadAction","target":["https:\/\/akunq.net\/tr\/?p=68738"]}]},{"@type":"ImageObject","inLanguage":"en-US","@id":"https:\/\/akunq.net\/tr\/?p=68738#primaryimage","url":"https:\/\/akunq.net\/tr\/wp-content\/uploads\/sites\/6\/2022\/05\/Aram.jpg","contentUrl":"https:\/\/akunq.net\/tr\/wp-content\/uploads\/sites\/6\/2022\/05\/Aram.jpg","width":660,"height":330},{"@type":"BreadcrumbList","@id":"https:\/\/akunq.net\/tr\/?p=68738#breadcrumb","itemListElement":[{"@type":"ListItem","position":1,"name":"Home","item":"https:\/\/akunq.net\/tr"},{"@type":"ListItem","position":2,"name":"Ke\u015fi\u015fyan: D\u00fcnyadaki Ermenileri Suriye\u2019nin Toparlanmas\u0131 \u0130\u00e7in Verdi\u011fi Deste\u011fe Katk\u0131da Bulunmaya \u00c7a\u011f\u0131r\u0131yorum"}]},{"@type":"WebSite","@id":"https:\/\/akunq.net\/tr\/#website","url":"https:\/\/akunq.net\/tr\/","name":"Bati Ermenistan Ve Bati Ermenileri Sorunlari Ara\u015ftirmalar Merkezi","description":"","potentialAction":[{"@type":"SearchAction","target":{"@type":"EntryPoint","urlTemplate":"https:\/\/akunq.net\/tr\/?s={search_term_string}"},"query-input":{"@type":"PropertyValueSpecification","valueRequired":true,"valueName":"search_term_string"}}],"inLanguage":"en-US"},{"@type":"Person","@id":"https:\/\/akunq.net\/tr\/#\/schema\/person\/096f1d38a12cce57fb855b485ed24c9e","name":"admin","url":"https:\/\/akunq.net\/tr\/?author=7"}]}},"_links":{"self":[{"href":"https:\/\/akunq.net\/tr\/index.php?rest_route=\/wp\/v2\/posts\/68738","targetHints":{"allow":["GET"]}}],"collection":[{"href":"https:\/\/akunq.net\/tr\/index.php?rest_route=\/wp\/v2\/posts"}],"about":[{"href":"https:\/\/akunq.net\/tr\/index.php?rest_route=\/wp\/v2\/types\/post"}],"author":[{"embeddable":true,"href":"https:\/\/akunq.net\/tr\/index.php?rest_route=\/wp\/v2\/users\/7"}],"replies":[{"embeddable":true,"href":"https:\/\/akunq.net\/tr\/index.php?rest_route=%2Fwp%2Fv2%2Fcomments&post=68738"}],"version-history":[{"count":1,"href":"https:\/\/akunq.net\/tr\/index.php?rest_route=\/wp\/v2\/posts\/68738\/revisions"}],"predecessor-version":[{"id":68740,"href":"https:\/\/akunq.net\/tr\/index.php?rest_route=\/wp\/v2\/posts\/68738\/revisions\/68740"}],"wp:featuredmedia":[{"embeddable":true,"href":"https:\/\/akunq.net\/tr\/index.php?rest_route=\/wp\/v2\/media\/68739"}],"wp:attachment":[{"href":"https:\/\/akunq.net\/tr\/index.php?rest_route=%2Fwp%2Fv2%2Fmedia&parent=68738"}],"wp:term":[{"taxonomy":"category","embeddable":true,"href":"https:\/\/akunq.net\/tr\/index.php?rest_route=%2Fwp%2Fv2%2Fcategories&post=68738"},{"taxonomy":"post_tag","embeddable":true,"href":"https:\/\/akunq.net\/tr\/index.php?rest_route=%2Fwp%2Fv2%2Ftags&post=68738"}],"curies":[{"name":"wp","href":"https:\/\/api.w.org\/{rel}","templated":true}]}}