{"id":68687,"date":"2022-05-25T05:35:19","date_gmt":"2022-05-25T10:35:19","guid":{"rendered":"https:\/\/akunq.net\/tr\/?p=68687"},"modified":"2022-05-25T05:35:19","modified_gmt":"2022-05-25T10:35:19","slug":"saat-kulesinde-betona-gomulu-tarih-cikti","status":"publish","type":"post","link":"https:\/\/akunq.net\/tr\/?p=68687","title":{"rendered":"Saat Kulesi\u2019nde \u2018betona g\u00f6m\u00fcl\u00fc\u2019 tarih \u00e7\u0131kt\u0131"},"content":{"rendered":"<p><img loading=\"lazy\" decoding=\"async\" class=\"aligncenter size-medium wp-image-68688\" src=\"https:\/\/akunq.net\/tr\/wp-content\/uploads\/2022\/05\/Saat-Kulesi-360x213.jpg\" alt=\"\" width=\"360\" height=\"213\" srcset=\"https:\/\/akunq.net\/tr\/wp-content\/uploads\/sites\/6\/2022\/05\/Saat-Kulesi-360x213.jpg 360w, https:\/\/akunq.net\/tr\/wp-content\/uploads\/sites\/6\/2022\/05\/Saat-Kulesi-560x332.jpg 560w, https:\/\/akunq.net\/tr\/wp-content\/uploads\/sites\/6\/2022\/05\/Saat-Kulesi-260x154.jpg 260w, https:\/\/akunq.net\/tr\/wp-content\/uploads\/sites\/6\/2022\/05\/Saat-Kulesi-160x95.jpg 160w, https:\/\/akunq.net\/tr\/wp-content\/uploads\/sites\/6\/2022\/05\/Saat-Kulesi.jpg 760w\" sizes=\"auto, (max-width: 360px) 100vw, 360px\" \/><\/p>\n<p><em><strong>Antalya\u2019da tarihi Kalei\u00e7i\u2019nin ana giri\u015f kap\u0131s\u0131ndaki Saat Kulesi\u2019nin i\u00e7 k\u0131sm\u0131nda 8 metreyi bulan beton k\u00fctlenin kald\u0131r\u0131lmas\u0131na y\u00f6nelik kaz\u0131 \u00e7al\u0131\u015fmalar\u0131nda, saate ve \u00e7ana ait tarihi mekanizmalar bulundu.<\/strong><\/em><\/p>\n<p>Helenistik d\u00f6neme tarihlenen bur\u00e7lar \u00fczerinde yer alan, kule k\u0131sm\u0131 Bizans d\u00f6neminde yap\u0131lan ve 1900\u2019l\u00fc y\u0131llar\u0131n ba\u015f\u0131nda saat kulesi olarak in\u015fa edilen Saat Kulesi\u2019nde, Vak\u0131flar B\u00f6lge M\u00fcd\u00fcrl\u00fc\u011f\u00fc ve Antalya M\u00fczesi denetiminde, Antalya K\u00fclt\u00fcr ve Tabiat Varl\u0131klar\u0131 Koruma Kurulu\u2019nun onay\u0131yla \u015fubat ay\u0131 ortalar\u0131nda restorasyon \u00e7al\u0131\u015fmas\u0131 ba\u015flad\u0131.<\/p>\n<p>Aral\u0131k ay\u0131nda bitirilmesi planlanan restorasyon kapsam\u0131nda kaz\u0131 \u00e7al\u0131\u015fmalar\u0131 da yap\u0131lan kule i\u00e7inde, 1960\u2019l\u0131 y\u0131llardaki bir m\u00fcdahalede dolgu yap\u0131lan 8 metrelik beton k\u00fctle de kald\u0131r\u0131l\u0131yor.<\/p>\n<p>Beton k\u00fctlenin kaz\u0131s\u0131na ba\u015flayan ekipler, yakla\u015f\u0131k 1 metre derinlikte, biri saat d\u00fczene\u011finin \u00e7al\u0131\u015fmas\u0131, di\u011feri kulenin en \u00fcst k\u0131sm\u0131ndaki \u00e7an\u0131n her saat ba\u015f\u0131 \u00e7almas\u0131n\u0131 sa\u011flayan iki kur\u015fun par\u00e7a buldu.<\/p>\n<p><strong>SAAT MEKAN\u0130ZMALARI BETONA G\u00d6M\u00dcLM\u00dc\u015e<\/strong><\/p>\n<p>Antalya Valili\u011fi K\u00fclt\u00fcr Varl\u0131klar\u0131 Birim M\u00fcd\u00fcr\u00fc Cemil Karabayram, yerden y\u00fcksekli\u011fi 21 metre olan tarihi Saat Kulesi\u2019nin i\u00e7indeki beton k\u00fctlenin kaz\u0131lar\u0131nda ortaya \u00e7\u0131kan kur\u015fun malzemelerden her birinin yakla\u015f\u0131k 40 kilo oldu\u011funu s\u00f6yledi.<\/p>\n<p>Kur\u015fun par\u00e7alar ve d\u00fczene\u011fe ait di\u011fer orijinal malzemelerin 8 metrelik beton k\u00fctlenin i\u00e7inden \u00e7\u0131kart\u0131ld\u0131\u011f\u0131n\u0131 anlatan Karabayram, \u201cKuleye 1960\u2019l\u0131 y\u0131llarda yap\u0131lan m\u00fcdahaleler sonucu, bu malzemelerin betonda g\u00f6m\u00fcl\u00fc kald\u0131\u011f\u0131 d\u00fc\u015f\u00fcn\u00fcl\u00fcyor. Saat Kulesi\u2019nin orijinal par\u00e7as\u0131 olan a\u011f\u0131rl\u0131klar \u015fu an betonarme k\u00fctleden ar\u0131nd\u0131r\u0131larak Antalya M\u00fczesi\u2019nde koruma alt\u0131na al\u0131nd\u0131\u201d dedi.<\/p>\n<p><strong>PAR\u00c7ALAR TEM\u0130ZLENECEK<\/strong><\/p>\n<p>Bulunan tarihi par\u00e7a ve malzemelerle ilgili Antalya K\u00fclt\u00fcr ve Tabiat Varl\u0131klar\u0131 Koruma Kurulu\u2019nun g\u00f6r\u00fc\u015f\u00fc de al\u0131narak konservasyon ve temizlik i\u015flemleri yap\u0131laca\u011f\u0131n\u0131 kaydeden Karabayram, \u201cSonras\u0131nda ise yeniden Saat Kulesi\u2019ndeki saatin \u00e7al\u0131\u015fabilmesi halinde kullan\u0131l\u0131p kullan\u0131lamayaca\u011f\u0131na ili\u015fkin uzmanlar\u0131n g\u00f6r\u00fc\u015fleri do\u011frultusunda de\u011ferlendirilecek. Antalya\u2019n\u0131n simge yap\u0131s\u0131 Saat Kulesi\u2019nin orijinal par\u00e7alar\u0131n\u0131n bulunmas\u0131, yap\u0131m\u0131z\u0131n gelece\u011fi a\u00e7\u0131s\u0131ndan \u00e7ok b\u00fcy\u00fck \u00f6nem arz etmektedir\u201d diye konu\u015ftu.<\/p>\n<p><strong>SAAT VE \u00c7ANI \u00c7ALI\u015eTIRAN A\u011eIRLIKLAR<\/strong><\/p>\n<p>S\u00f6z konusu buluntularla ilgili \u00fcstlenici firman\u0131n raporunda, be\u015fgen planl\u0131 kuzey burcunun art\u0131 8 metre kotunda, etraf\u0131 betonarmeyle kapl\u0131 \u00e7ukurun 100 santimlik derinli\u011finde iki adet a\u011f\u0131rl\u0131k bulundu\u011fu belirtildi. Bu a\u011f\u0131rl\u0131klar\u0131n her birinin 40 kilo civar\u0131nda ve ham maddesinin kur\u015fun oldu\u011funun d\u00fc\u015f\u00fcn\u00fcld\u00fc\u011f\u00fc kaydedilerek, \u015fu bilgilere yer verildi:<\/p>\n<p>\u201cSanat tarihi raporunda bulunan 2 adet a\u011f\u0131rl\u0131\u011f\u0131n saat mekanizmas\u0131n\u0131n \u00e7arklar\u0131 aras\u0131nda bulunan 2 makaraya sar\u0131l\u0131 \u00e7elik halatlarla ba\u011flant\u0131l\u0131 oldu\u011funu ve bu a\u011f\u0131rl\u0131klar\u0131n a\u015fa\u011f\u0131ya inip \u00e7\u0131kmas\u0131yla birinci halat\u0131n saati \u00e7al\u0131\u015ft\u0131rd\u0131\u011f\u0131, ikinci halat\u0131n da tokma\u011f\u0131n \u00e7ana vurmas\u0131n\u0131 sa\u011flad\u0131\u011f\u0131 yazmaktad\u0131r. M\u00fcze denetiminde yap\u0131lan ara\u015ft\u0131rma kaz\u0131s\u0131 sonucu \u00e7\u0131kan iki adet a\u011f\u0131rl\u0131\u011f\u0131 tutanak dahilinde M\u00fcze M\u00fcd\u00fcrl\u00fc\u011f\u00fc\u2019ne teslim etmi\u015f bulunmaktay\u0131z.\u201d<\/p>\n<hr \/>\n<p><em><strong><a href=\"https:\/\/www.cumhuriyet.com.tr\/turkiye\/saat-kulesinde-betona-gomulu-tarih-cikti-1939190\" target=\"_blank\" rel=\"noopener noreferrer\">Cumhuriyet Gazetesi<\/a>\u00a0<\/strong><\/em><\/p>\n","protected":false},"excerpt":{"rendered":"<p>Antalya\u2019da tarihi Kalei\u00e7i\u2019nin ana giri\u015f kap\u0131s\u0131ndaki Saat Kulesi\u2019nin i\u00e7 k\u0131sm\u0131nda 8 metreyi bulan beton k\u00fctlenin kald\u0131r\u0131lmas\u0131na y\u00f6nelik kaz\u0131 \u00e7al\u0131\u015fmalar\u0131nda, saate ve \u00e7ana ait tarihi mekanizmalar bulundu. Helenistik d\u00f6neme tarihlenen bur\u00e7lar \u00fczerinde yer alan, kule k\u0131sm\u0131 Bizans d\u00f6neminde yap\u0131lan ve 1900\u2019l\u00fc y\u0131llar\u0131n ba\u015f\u0131nda saat kulesi olarak in\u015fa edilen Saat Kulesi\u2019nde, Vak\u0131flar B\u00f6lge M\u00fcd\u00fcrl\u00fc\u011f\u00fc ve Antalya M\u00fczesi [&hellip;]<\/p>\n","protected":false},"author":7,"featured_media":68688,"comment_status":"open","ping_status":"open","sticky":false,"template":"","format":"standard","meta":{"footnotes":""},"categories":[1],"tags":[],"class_list":["post-68687","post","type-post","status-publish","format-standard","has-post-thumbnail","hentry","category-haberler"],"yoast_head":"<!-- This site is optimized with the Yoast SEO plugin v27.4 - https:\/\/yoast.com\/product\/yoast-seo-wordpress\/ -->\n<title>Saat Kulesi\u2019nde \u2018betona g\u00f6m\u00fcl\u00fc\u2019 tarih \u00e7\u0131kt\u0131 - Bati Ermenistan Ve Bati Ermenileri Sorunlari Ara\u015ftirmalar Merkezi<\/title>\n<meta name=\"robots\" content=\"index, follow, max-snippet:-1, max-image-preview:large, max-video-preview:-1\" \/>\n<link rel=\"canonical\" href=\"https:\/\/akunq.net\/tr\/?p=68687\" \/>\n<meta property=\"og:locale\" content=\"en_US\" \/>\n<meta property=\"og:type\" content=\"article\" \/>\n<meta property=\"og:title\" content=\"Saat Kulesi\u2019nde \u2018betona g\u00f6m\u00fcl\u00fc\u2019 tarih \u00e7\u0131kt\u0131 - Bati Ermenistan Ve Bati Ermenileri Sorunlari Ara\u015ftirmalar Merkezi\" \/>\n<meta property=\"og:description\" content=\"Antalya\u2019da tarihi Kalei\u00e7i\u2019nin ana giri\u015f kap\u0131s\u0131ndaki Saat Kulesi\u2019nin i\u00e7 k\u0131sm\u0131nda 8 metreyi bulan beton k\u00fctlenin kald\u0131r\u0131lmas\u0131na y\u00f6nelik kaz\u0131 \u00e7al\u0131\u015fmalar\u0131nda, saate ve \u00e7ana ait tarihi mekanizmalar bulundu. Helenistik d\u00f6neme tarihlenen bur\u00e7lar \u00fczerinde yer alan, kule k\u0131sm\u0131 Bizans d\u00f6neminde yap\u0131lan ve 1900\u2019l\u00fc y\u0131llar\u0131n ba\u015f\u0131nda saat kulesi olarak in\u015fa edilen Saat Kulesi\u2019nde, Vak\u0131flar B\u00f6lge M\u00fcd\u00fcrl\u00fc\u011f\u00fc ve Antalya M\u00fczesi [&hellip;]\" \/>\n<meta property=\"og:url\" content=\"https:\/\/akunq.net\/tr\/?p=68687\" \/>\n<meta property=\"og:site_name\" content=\"Bati Ermenistan Ve Bati Ermenileri Sorunlari Ara\u015ftirmalar Merkezi\" \/>\n<meta property=\"article:published_time\" content=\"2022-05-25T10:35:19+00:00\" \/>\n<meta property=\"og:image\" content=\"https:\/\/akunq.net\/tr\/wp-content\/uploads\/sites\/6\/2022\/05\/Saat-Kulesi.jpg\" \/>\n\t<meta property=\"og:image:width\" content=\"760\" \/>\n\t<meta property=\"og:image:height\" content=\"450\" \/>\n\t<meta property=\"og:image:type\" content=\"image\/jpeg\" \/>\n<meta name=\"author\" content=\"admin\" \/>\n<meta name=\"twitter:card\" content=\"summary_large_image\" \/>\n<meta name=\"twitter:label1\" content=\"Written by\" \/>\n\t<meta name=\"twitter:data1\" content=\"admin\" \/>\n\t<meta name=\"twitter:label2\" content=\"Est. reading time\" \/>\n\t<meta name=\"twitter:data2\" content=\"3 minutes\" \/>\n<script type=\"application\/ld+json\" class=\"yoast-schema-graph\">{\"@context\":\"https:\\\/\\\/schema.org\",\"@graph\":[{\"@type\":\"Article\",\"@id\":\"https:\\\/\\\/akunq.net\\\/tr\\\/?p=68687#article\",\"isPartOf\":{\"@id\":\"https:\\\/\\\/akunq.net\\\/tr\\\/?p=68687\"},\"author\":{\"name\":\"admin\",\"@id\":\"https:\\\/\\\/akunq.net\\\/tr\\\/#\\\/schema\\\/person\\\/096f1d38a12cce57fb855b485ed24c9e\"},\"headline\":\"Saat Kulesi\u2019nde \u2018betona g\u00f6m\u00fcl\u00fc\u2019 tarih \u00e7\u0131kt\u0131\",\"datePublished\":\"2022-05-25T10:35:19+00:00\",\"mainEntityOfPage\":{\"@id\":\"https:\\\/\\\/akunq.net\\\/tr\\\/?p=68687\"},\"wordCount\":572,\"commentCount\":0,\"image\":{\"@id\":\"https:\\\/\\\/akunq.net\\\/tr\\\/?p=68687#primaryimage\"},\"thumbnailUrl\":\"https:\\\/\\\/akunq.net\\\/tr\\\/wp-content\\\/uploads\\\/sites\\\/6\\\/2022\\\/05\\\/Saat-Kulesi.jpg\",\"articleSection\":[\"Haberler\"],\"inLanguage\":\"en-US\",\"potentialAction\":[{\"@type\":\"CommentAction\",\"name\":\"Comment\",\"target\":[\"https:\\\/\\\/akunq.net\\\/tr\\\/?p=68687#respond\"]}]},{\"@type\":\"WebPage\",\"@id\":\"https:\\\/\\\/akunq.net\\\/tr\\\/?p=68687\",\"url\":\"https:\\\/\\\/akunq.net\\\/tr\\\/?p=68687\",\"name\":\"Saat Kulesi\u2019nde \u2018betona g\u00f6m\u00fcl\u00fc\u2019 tarih \u00e7\u0131kt\u0131 - Bati Ermenistan Ve Bati Ermenileri Sorunlari Ara\u015ftirmalar Merkezi\",\"isPartOf\":{\"@id\":\"https:\\\/\\\/akunq.net\\\/tr\\\/#website\"},\"primaryImageOfPage\":{\"@id\":\"https:\\\/\\\/akunq.net\\\/tr\\\/?p=68687#primaryimage\"},\"image\":{\"@id\":\"https:\\\/\\\/akunq.net\\\/tr\\\/?p=68687#primaryimage\"},\"thumbnailUrl\":\"https:\\\/\\\/akunq.net\\\/tr\\\/wp-content\\\/uploads\\\/sites\\\/6\\\/2022\\\/05\\\/Saat-Kulesi.jpg\",\"datePublished\":\"2022-05-25T10:35:19+00:00\",\"author\":{\"@id\":\"https:\\\/\\\/akunq.net\\\/tr\\\/#\\\/schema\\\/person\\\/096f1d38a12cce57fb855b485ed24c9e\"},\"breadcrumb\":{\"@id\":\"https:\\\/\\\/akunq.net\\\/tr\\\/?p=68687#breadcrumb\"},\"inLanguage\":\"en-US\",\"potentialAction\":[{\"@type\":\"ReadAction\",\"target\":[\"https:\\\/\\\/akunq.net\\\/tr\\\/?p=68687\"]}]},{\"@type\":\"ImageObject\",\"inLanguage\":\"en-US\",\"@id\":\"https:\\\/\\\/akunq.net\\\/tr\\\/?p=68687#primaryimage\",\"url\":\"https:\\\/\\\/akunq.net\\\/tr\\\/wp-content\\\/uploads\\\/sites\\\/6\\\/2022\\\/05\\\/Saat-Kulesi.jpg\",\"contentUrl\":\"https:\\\/\\\/akunq.net\\\/tr\\\/wp-content\\\/uploads\\\/sites\\\/6\\\/2022\\\/05\\\/Saat-Kulesi.jpg\",\"width\":760,\"height\":450},{\"@type\":\"BreadcrumbList\",\"@id\":\"https:\\\/\\\/akunq.net\\\/tr\\\/?p=68687#breadcrumb\",\"itemListElement\":[{\"@type\":\"ListItem\",\"position\":1,\"name\":\"Home\",\"item\":\"https:\\\/\\\/akunq.net\\\/tr\"},{\"@type\":\"ListItem\",\"position\":2,\"name\":\"Saat Kulesi\u2019nde \u2018betona g\u00f6m\u00fcl\u00fc\u2019 tarih \u00e7\u0131kt\u0131\"}]},{\"@type\":\"WebSite\",\"@id\":\"https:\\\/\\\/akunq.net\\\/tr\\\/#website\",\"url\":\"https:\\\/\\\/akunq.net\\\/tr\\\/\",\"name\":\"Bati Ermenistan Ve Bati Ermenileri Sorunlari Ara\u015ftirmalar Merkezi\",\"description\":\"\",\"potentialAction\":[{\"@type\":\"SearchAction\",\"target\":{\"@type\":\"EntryPoint\",\"urlTemplate\":\"https:\\\/\\\/akunq.net\\\/tr\\\/?s={search_term_string}\"},\"query-input\":{\"@type\":\"PropertyValueSpecification\",\"valueRequired\":true,\"valueName\":\"search_term_string\"}}],\"inLanguage\":\"en-US\"},{\"@type\":\"Person\",\"@id\":\"https:\\\/\\\/akunq.net\\\/tr\\\/#\\\/schema\\\/person\\\/096f1d38a12cce57fb855b485ed24c9e\",\"name\":\"admin\",\"url\":\"https:\\\/\\\/akunq.net\\\/tr\\\/?author=7\"}]}<\/script>\n<!-- \/ Yoast SEO plugin. -->","yoast_head_json":{"title":"Saat Kulesi\u2019nde \u2018betona g\u00f6m\u00fcl\u00fc\u2019 tarih \u00e7\u0131kt\u0131 - Bati Ermenistan Ve Bati Ermenileri Sorunlari Ara\u015ftirmalar Merkezi","robots":{"index":"index","follow":"follow","max-snippet":"max-snippet:-1","max-image-preview":"max-image-preview:large","max-video-preview":"max-video-preview:-1"},"canonical":"https:\/\/akunq.net\/tr\/?p=68687","og_locale":"en_US","og_type":"article","og_title":"Saat Kulesi\u2019nde \u2018betona g\u00f6m\u00fcl\u00fc\u2019 tarih \u00e7\u0131kt\u0131 - Bati Ermenistan Ve Bati Ermenileri Sorunlari Ara\u015ftirmalar Merkezi","og_description":"Antalya\u2019da tarihi Kalei\u00e7i\u2019nin ana giri\u015f kap\u0131s\u0131ndaki Saat Kulesi\u2019nin i\u00e7 k\u0131sm\u0131nda 8 metreyi bulan beton k\u00fctlenin kald\u0131r\u0131lmas\u0131na y\u00f6nelik kaz\u0131 \u00e7al\u0131\u015fmalar\u0131nda, saate ve \u00e7ana ait tarihi mekanizmalar bulundu. Helenistik d\u00f6neme tarihlenen bur\u00e7lar \u00fczerinde yer alan, kule k\u0131sm\u0131 Bizans d\u00f6neminde yap\u0131lan ve 1900\u2019l\u00fc y\u0131llar\u0131n ba\u015f\u0131nda saat kulesi olarak in\u015fa edilen Saat Kulesi\u2019nde, Vak\u0131flar B\u00f6lge M\u00fcd\u00fcrl\u00fc\u011f\u00fc ve Antalya M\u00fczesi [&hellip;]","og_url":"https:\/\/akunq.net\/tr\/?p=68687","og_site_name":"Bati Ermenistan Ve Bati Ermenileri Sorunlari Ara\u015ftirmalar Merkezi","article_published_time":"2022-05-25T10:35:19+00:00","og_image":[{"width":760,"height":450,"url":"https:\/\/akunq.net\/tr\/wp-content\/uploads\/sites\/6\/2022\/05\/Saat-Kulesi.jpg","type":"image\/jpeg"}],"author":"admin","twitter_card":"summary_large_image","twitter_misc":{"Written by":"admin","Est. reading time":"3 minutes"},"schema":{"@context":"https:\/\/schema.org","@graph":[{"@type":"Article","@id":"https:\/\/akunq.net\/tr\/?p=68687#article","isPartOf":{"@id":"https:\/\/akunq.net\/tr\/?p=68687"},"author":{"name":"admin","@id":"https:\/\/akunq.net\/tr\/#\/schema\/person\/096f1d38a12cce57fb855b485ed24c9e"},"headline":"Saat Kulesi\u2019nde \u2018betona g\u00f6m\u00fcl\u00fc\u2019 tarih \u00e7\u0131kt\u0131","datePublished":"2022-05-25T10:35:19+00:00","mainEntityOfPage":{"@id":"https:\/\/akunq.net\/tr\/?p=68687"},"wordCount":572,"commentCount":0,"image":{"@id":"https:\/\/akunq.net\/tr\/?p=68687#primaryimage"},"thumbnailUrl":"https:\/\/akunq.net\/tr\/wp-content\/uploads\/sites\/6\/2022\/05\/Saat-Kulesi.jpg","articleSection":["Haberler"],"inLanguage":"en-US","potentialAction":[{"@type":"CommentAction","name":"Comment","target":["https:\/\/akunq.net\/tr\/?p=68687#respond"]}]},{"@type":"WebPage","@id":"https:\/\/akunq.net\/tr\/?p=68687","url":"https:\/\/akunq.net\/tr\/?p=68687","name":"Saat Kulesi\u2019nde \u2018betona g\u00f6m\u00fcl\u00fc\u2019 tarih \u00e7\u0131kt\u0131 - Bati Ermenistan Ve Bati Ermenileri Sorunlari Ara\u015ftirmalar Merkezi","isPartOf":{"@id":"https:\/\/akunq.net\/tr\/#website"},"primaryImageOfPage":{"@id":"https:\/\/akunq.net\/tr\/?p=68687#primaryimage"},"image":{"@id":"https:\/\/akunq.net\/tr\/?p=68687#primaryimage"},"thumbnailUrl":"https:\/\/akunq.net\/tr\/wp-content\/uploads\/sites\/6\/2022\/05\/Saat-Kulesi.jpg","datePublished":"2022-05-25T10:35:19+00:00","author":{"@id":"https:\/\/akunq.net\/tr\/#\/schema\/person\/096f1d38a12cce57fb855b485ed24c9e"},"breadcrumb":{"@id":"https:\/\/akunq.net\/tr\/?p=68687#breadcrumb"},"inLanguage":"en-US","potentialAction":[{"@type":"ReadAction","target":["https:\/\/akunq.net\/tr\/?p=68687"]}]},{"@type":"ImageObject","inLanguage":"en-US","@id":"https:\/\/akunq.net\/tr\/?p=68687#primaryimage","url":"https:\/\/akunq.net\/tr\/wp-content\/uploads\/sites\/6\/2022\/05\/Saat-Kulesi.jpg","contentUrl":"https:\/\/akunq.net\/tr\/wp-content\/uploads\/sites\/6\/2022\/05\/Saat-Kulesi.jpg","width":760,"height":450},{"@type":"BreadcrumbList","@id":"https:\/\/akunq.net\/tr\/?p=68687#breadcrumb","itemListElement":[{"@type":"ListItem","position":1,"name":"Home","item":"https:\/\/akunq.net\/tr"},{"@type":"ListItem","position":2,"name":"Saat Kulesi\u2019nde \u2018betona g\u00f6m\u00fcl\u00fc\u2019 tarih \u00e7\u0131kt\u0131"}]},{"@type":"WebSite","@id":"https:\/\/akunq.net\/tr\/#website","url":"https:\/\/akunq.net\/tr\/","name":"Bati Ermenistan Ve Bati Ermenileri Sorunlari Ara\u015ftirmalar Merkezi","description":"","potentialAction":[{"@type":"SearchAction","target":{"@type":"EntryPoint","urlTemplate":"https:\/\/akunq.net\/tr\/?s={search_term_string}"},"query-input":{"@type":"PropertyValueSpecification","valueRequired":true,"valueName":"search_term_string"}}],"inLanguage":"en-US"},{"@type":"Person","@id":"https:\/\/akunq.net\/tr\/#\/schema\/person\/096f1d38a12cce57fb855b485ed24c9e","name":"admin","url":"https:\/\/akunq.net\/tr\/?author=7"}]}},"_links":{"self":[{"href":"https:\/\/akunq.net\/tr\/index.php?rest_route=\/wp\/v2\/posts\/68687","targetHints":{"allow":["GET"]}}],"collection":[{"href":"https:\/\/akunq.net\/tr\/index.php?rest_route=\/wp\/v2\/posts"}],"about":[{"href":"https:\/\/akunq.net\/tr\/index.php?rest_route=\/wp\/v2\/types\/post"}],"author":[{"embeddable":true,"href":"https:\/\/akunq.net\/tr\/index.php?rest_route=\/wp\/v2\/users\/7"}],"replies":[{"embeddable":true,"href":"https:\/\/akunq.net\/tr\/index.php?rest_route=%2Fwp%2Fv2%2Fcomments&post=68687"}],"version-history":[{"count":1,"href":"https:\/\/akunq.net\/tr\/index.php?rest_route=\/wp\/v2\/posts\/68687\/revisions"}],"predecessor-version":[{"id":68689,"href":"https:\/\/akunq.net\/tr\/index.php?rest_route=\/wp\/v2\/posts\/68687\/revisions\/68689"}],"wp:featuredmedia":[{"embeddable":true,"href":"https:\/\/akunq.net\/tr\/index.php?rest_route=\/wp\/v2\/media\/68688"}],"wp:attachment":[{"href":"https:\/\/akunq.net\/tr\/index.php?rest_route=%2Fwp%2Fv2%2Fmedia&parent=68687"}],"wp:term":[{"taxonomy":"category","embeddable":true,"href":"https:\/\/akunq.net\/tr\/index.php?rest_route=%2Fwp%2Fv2%2Fcategories&post=68687"},{"taxonomy":"post_tag","embeddable":true,"href":"https:\/\/akunq.net\/tr\/index.php?rest_route=%2Fwp%2Fv2%2Ftags&post=68687"}],"curies":[{"name":"wp","href":"https:\/\/api.w.org\/{rel}","templated":true}]}}