{"id":68670,"date":"2022-05-24T03:08:09","date_gmt":"2022-05-24T08:08:09","guid":{"rendered":"https:\/\/akunq.net\/tr\/?p=68670"},"modified":"2022-05-24T03:08:30","modified_gmt":"2022-05-24T08:08:30","slug":"ankara-karabag-savasina-katilan-3-bin-bozkurtu-ukraynaya-gonderdi","status":"publish","type":"post","link":"https:\/\/akunq.net\/tr\/?p=68670","title":{"rendered":"Ankara, Karaba\u011f sava\u015f\u0131na kat\u0131lan 3 bin bozkurtu Ukrayna&#8217;ya g\u00f6nderdi"},"content":{"rendered":"<div class=\"html-content\">\n<p><img loading=\"lazy\" decoding=\"async\" class=\"aligncenter size-medium wp-image-68671\" src=\"https:\/\/akunq.net\/tr\/wp-content\/uploads\/2022\/05\/Victor-Nadein-Raevsky-360x236.jpg\" alt=\"\" width=\"360\" height=\"236\" srcset=\"https:\/\/akunq.net\/tr\/wp-content\/uploads\/sites\/6\/2022\/05\/Victor-Nadein-Raevsky-360x236.jpg 360w, https:\/\/akunq.net\/tr\/wp-content\/uploads\/sites\/6\/2022\/05\/Victor-Nadein-Raevsky-768x504.jpg 768w, https:\/\/akunq.net\/tr\/wp-content\/uploads\/sites\/6\/2022\/05\/Victor-Nadein-Raevsky-560x367.jpg 560w, https:\/\/akunq.net\/tr\/wp-content\/uploads\/sites\/6\/2022\/05\/Victor-Nadein-Raevsky-260x171.jpg 260w, https:\/\/akunq.net\/tr\/wp-content\/uploads\/sites\/6\/2022\/05\/Victor-Nadein-Raevsky-160x105.jpg 160w, https:\/\/akunq.net\/tr\/wp-content\/uploads\/sites\/6\/2022\/05\/Victor-Nadein-Raevsky.jpg 1000w\" sizes=\"auto, (max-width: 360px) 100vw, 360px\" \/><\/p>\n<p><strong><em>Rusya Bilimler Akademisi D\u00fcnya Ekonomisi ve Uluslararas\u0131 \u0130li\u015fkiler Enstit\u00fcs\u00fc&#8217;n\u00fcn k\u0131demli ara\u015ft\u0131rmac\u0131s\u0131 Victor Nadein-Raevsky News.am&#8217;e verdi\u011fi deme\u00e7te Ukrayna&#8217;da T\u00fcrkiye ile i\u015fbirli\u011finin, T\u00fcrklerin Ukrayna&#8217;ya girmesine izin vermek anlam\u0131na gelece\u011fi i\u00e7in Rusya i\u00e7in kabul edilemez oldu\u011funu belirtti.<\/em><\/strong><\/p>\n<p>&#8220;T\u00fcrkiye NATO \u00fcye \u00fclkesidir.\u00a0NATO&#8217;yu orada b\u0131rakmakla ayn\u0131 \u015fey, yani en az\u0131ndan bu sebeplerden dolay\u0131 \u00e7ok k\u00f6t\u00fc olur.&#8221; ifade etti.<\/p>\n<p>T\u00fcrkiye&#8217;nin Ukrayna&#8217;ya sadece Rusya Silahl\u0131 Kuvvetleri&#8217;nin kolayca vurmay\u0131 \u00f6\u011frendi\u011fi &#8216;\u00f6vg\u00fcye de\u011fer&#8217; bayraktarlar\u0131n\u0131 g\u00f6ndermedi\u011fini s\u00f6yleyen uzman Ermeniler i\u00e7in de \u00f6nemli bir detay oldu\u011funu a\u00e7\u0131klad\u0131.<\/p>\n<p>&#8220;44 g\u00fcnl\u00fck sava\u015f\u0131ndan \u00f6nce\u00a0Karaba\u011f&#8217;da\u00a0tatbikatlar ba\u015flad\u0131\u011f\u0131nda\u00a0T\u00fcrkler \u00f6nce askeri \u00fcslerinin yak\u0131n\u0131na, ard\u0131ndan\u00a0askeri operasyonlar b\u00f6lgesinin yak\u0131n\u0131na\u00a0T\u00fcrk politikac\u0131lar\u0131na g\u00f6re T\u00fcrkiye&#8217;de olmayan 500 &#8220;bozkurt&#8221; att\u0131. Bunlar\u00a0Halk Cephesi&#8217;nin kuruldu\u011fu 1988&#8217;den beri orada faaliyet g\u00f6steriyorlar. Orada\u00a0&#8220;bozkurtlara&#8221; \u00f6nderlik eden El\u00e7ibey ortaya \u00e7\u0131kt\u0131.\u00a0\u00a0Onlar\u00a0 sonra da \u00e7at\u0131\u015fmalar s\u0131ras\u0131nda ortaya \u00e7\u0131k\u0131yorlard\u0131 ve onlar\u0131n zulm\u00fc Azerbaycanl\u0131lar\u0131n zulm\u00fcn\u00fc bile a\u015f\u0131yordu.\u00a0 Bu sava\u015f s\u0131ras\u0131nda (44 g\u00fcnl\u00fck Karaba\u011f sava\u015f\u0131)\u00a0yine orada g\u00f6r\u00fcnd\u00fcler, yani Karaba\u011f&#8217;da sadece Suriyeli militanlar de\u011fil, ayn\u0131 zamanda &#8220;bozkurtlar&#8221; da vard\u0131.\u00a0Kural olarak, hem fiziksel hem de askeri olarak, ayr\u0131ca insans\u0131z hava ara\u00e7lar\u0131n\u0131n uygulanmas\u0131 konusunda ve di\u011fer alanlarda iyi e\u011fitimli bir militan grubudur. Bu \u00e7ok ciddi bir g\u00fc\u00e7t\u00fcr.&#8221; ifadelerini kulland\u0131.<\/p>\n<p>\u015eimdi 3 bin bozkurtun T\u00fcrkler taraf\u0131ndan Ukrayna&#8217;ya g\u00f6nderildi\u011fini vurgulayan\u00a0Victor Nadein-Raevsky, bozkurtlar\u0131n\u00a0Herson, Kharkov b\u00f6lgelerinde ve bir y\u00f6nde daha 1000&#8217;er ki\u015filik 3 gruba ayr\u0131ld\u0131\u011f\u0131n\u0131 belirtti.<\/p>\n<p>T\u00fcrkiye destekli bozkurtlar\u0131n sadece Ulusal Muhaf\u0131zlar\u0131n e\u011fitiminde de\u011fil, ayn\u0131 zamanda askeri operasyonlar\u0131nda da yer ald\u0131\u011f\u0131n\u0131 kaydeden uzman\u00a0Nikolaev&#8217;de K\u0131r\u0131m Tatarlar\u0131&#8217;ndan olu\u015fan &#8216;yerli bozkurtlar&#8217; ortaya \u00e7\u0131kt\u0131.<\/p>\n<p>Victor Nadein-Raevsky,\u00a0&#8220;K\u0131r\u0131m&#8217;a giden elektrik hatlar\u0131n\u0131 havaya u\u00e7urarak, K\u0131r\u0131m&#8217;\u0131n sudan yoksun b\u0131rak\u0131lmas\u0131na kat\u0131ld\u0131lar. Bozkurtlar\u0131n birimlerinden\u00a0T\u00fcrkiye&#8217;den baz\u0131 ajanlar da vard\u0131 ve \u015fimdi kendisini belli eden T\u00fcrkler de var.<\/p>\n<p>T\u00fcrk D\u0131\u015fi\u015fleri Bakan\u0131&#8217;n\u0131n Uruguay&#8217;da Ermenilere &#8216;bozkurt&#8217; i\u015faretini g\u00f6sterdi\u011fi son olay\u0131 hat\u0131rlatmak gerekir. Ve sonra da T\u00fcrkiye&#8217;de yasakl\u0131 bir \u00f6rg\u00fct olup olmad\u0131\u011f\u0131n\u0131 s\u00f6yleyecebilecekler mi?&#8221; s\u00f6zlerine ekledi.<\/p>\n<\/div>\n<div class=\"current-author fl cb\"><strong><em>\u00a0\u00a0<a class=\"a-none\" href=\"https:\/\/www.ermenihaber.am\/tr\/news\/2022\/05\/24\/Ankara-Karaba%C4%9F-bozkurt-Ukrayna\/231500\">Ermenihaber.am<\/a><\/em><\/strong><\/div>\n<div class=\"cb\"><\/div>\n<div class=\"current-socials\">\n<div id=\"st-1\" class=\"sharethis-inline-share-buttons st-left st-inline-share-buttons st-animated\">\n<div class=\"st-btn st-first\" data-network=\"facebook\"><\/div>\n<\/div>\n<\/div>\n","protected":false},"excerpt":{"rendered":"<p>Rusya Bilimler Akademisi D\u00fcnya Ekonomisi ve Uluslararas\u0131 \u0130li\u015fkiler Enstit\u00fcs\u00fc&#8217;n\u00fcn k\u0131demli ara\u015ft\u0131rmac\u0131s\u0131 Victor Nadein-Raevsky News.am&#8217;e verdi\u011fi deme\u00e7te Ukrayna&#8217;da T\u00fcrkiye ile i\u015fbirli\u011finin, T\u00fcrklerin Ukrayna&#8217;ya girmesine izin vermek anlam\u0131na gelece\u011fi i\u00e7in Rusya i\u00e7in kabul edilemez oldu\u011funu belirtti. &#8220;T\u00fcrkiye NATO \u00fcye \u00fclkesidir.\u00a0NATO&#8217;yu orada b\u0131rakmakla ayn\u0131 \u015fey, yani en az\u0131ndan bu sebeplerden dolay\u0131 \u00e7ok k\u00f6t\u00fc olur.&#8221; ifade etti. T\u00fcrkiye&#8217;nin Ukrayna&#8217;ya [&hellip;]<\/p>\n","protected":false},"author":7,"featured_media":68671,"comment_status":"open","ping_status":"open","sticky":false,"template":"","format":"standard","meta":{"footnotes":""},"categories":[1],"tags":[],"class_list":["post-68670","post","type-post","status-publish","format-standard","has-post-thumbnail","hentry","category-haberler"],"yoast_head":"<!-- This site is optimized with the Yoast SEO plugin v27.4 - https:\/\/yoast.com\/product\/yoast-seo-wordpress\/ -->\n<title>Ankara, Karaba\u011f sava\u015f\u0131na kat\u0131lan 3 bin bozkurtu Ukrayna&#039;ya g\u00f6nderdi - Bati Ermenistan Ve Bati Ermenileri Sorunlari Ara\u015ftirmalar Merkezi<\/title>\n<meta name=\"robots\" content=\"index, follow, max-snippet:-1, max-image-preview:large, max-video-preview:-1\" \/>\n<link rel=\"canonical\" href=\"https:\/\/akunq.net\/tr\/?p=68670\" \/>\n<meta property=\"og:locale\" content=\"en_US\" \/>\n<meta property=\"og:type\" content=\"article\" \/>\n<meta property=\"og:title\" content=\"Ankara, Karaba\u011f sava\u015f\u0131na kat\u0131lan 3 bin bozkurtu Ukrayna&#039;ya g\u00f6nderdi - Bati Ermenistan Ve Bati Ermenileri Sorunlari Ara\u015ftirmalar Merkezi\" \/>\n<meta property=\"og:description\" content=\"Rusya Bilimler Akademisi D\u00fcnya Ekonomisi ve Uluslararas\u0131 \u0130li\u015fkiler Enstit\u00fcs\u00fc&#8217;n\u00fcn k\u0131demli ara\u015ft\u0131rmac\u0131s\u0131 Victor Nadein-Raevsky News.am&#8217;e verdi\u011fi deme\u00e7te Ukrayna&#8217;da T\u00fcrkiye ile i\u015fbirli\u011finin, T\u00fcrklerin Ukrayna&#8217;ya girmesine izin vermek anlam\u0131na gelece\u011fi i\u00e7in Rusya i\u00e7in kabul edilemez oldu\u011funu belirtti. &#8220;T\u00fcrkiye NATO \u00fcye \u00fclkesidir.\u00a0NATO&#8217;yu orada b\u0131rakmakla ayn\u0131 \u015fey, yani en az\u0131ndan bu sebeplerden dolay\u0131 \u00e7ok k\u00f6t\u00fc olur.&#8221; ifade etti. T\u00fcrkiye&#8217;nin Ukrayna&#8217;ya [&hellip;]\" \/>\n<meta property=\"og:url\" content=\"https:\/\/akunq.net\/tr\/?p=68670\" \/>\n<meta property=\"og:site_name\" content=\"Bati Ermenistan Ve Bati Ermenileri Sorunlari Ara\u015ftirmalar Merkezi\" \/>\n<meta property=\"article:published_time\" content=\"2022-05-24T08:08:09+00:00\" \/>\n<meta property=\"article:modified_time\" content=\"2022-05-24T08:08:30+00:00\" \/>\n<meta property=\"og:image\" content=\"https:\/\/akunq.net\/tr\/wp-content\/uploads\/sites\/6\/2022\/05\/Victor-Nadein-Raevsky.jpg\" \/>\n\t<meta property=\"og:image:width\" content=\"1000\" \/>\n\t<meta property=\"og:image:height\" content=\"656\" \/>\n\t<meta property=\"og:image:type\" content=\"image\/jpeg\" \/>\n<meta name=\"author\" content=\"admin\" \/>\n<meta name=\"twitter:card\" content=\"summary_large_image\" \/>\n<meta name=\"twitter:label1\" content=\"Written by\" \/>\n\t<meta name=\"twitter:data1\" content=\"admin\" \/>\n\t<meta name=\"twitter:label2\" content=\"Est. reading time\" \/>\n\t<meta name=\"twitter:data2\" content=\"2 minutes\" \/>\n<script type=\"application\/ld+json\" class=\"yoast-schema-graph\">{\"@context\":\"https:\\\/\\\/schema.org\",\"@graph\":[{\"@type\":\"Article\",\"@id\":\"https:\\\/\\\/akunq.net\\\/tr\\\/?p=68670#article\",\"isPartOf\":{\"@id\":\"https:\\\/\\\/akunq.net\\\/tr\\\/?p=68670\"},\"author\":{\"name\":\"admin\",\"@id\":\"https:\\\/\\\/akunq.net\\\/tr\\\/#\\\/schema\\\/person\\\/096f1d38a12cce57fb855b485ed24c9e\"},\"headline\":\"Ankara, Karaba\u011f sava\u015f\u0131na kat\u0131lan 3 bin bozkurtu Ukrayna&#8217;ya g\u00f6nderdi\",\"datePublished\":\"2022-05-24T08:08:09+00:00\",\"dateModified\":\"2022-05-24T08:08:30+00:00\",\"mainEntityOfPage\":{\"@id\":\"https:\\\/\\\/akunq.net\\\/tr\\\/?p=68670\"},\"wordCount\":429,\"commentCount\":0,\"image\":{\"@id\":\"https:\\\/\\\/akunq.net\\\/tr\\\/?p=68670#primaryimage\"},\"thumbnailUrl\":\"https:\\\/\\\/akunq.net\\\/tr\\\/wp-content\\\/uploads\\\/sites\\\/6\\\/2022\\\/05\\\/Victor-Nadein-Raevsky.jpg\",\"articleSection\":[\"Haberler\"],\"inLanguage\":\"en-US\",\"potentialAction\":[{\"@type\":\"CommentAction\",\"name\":\"Comment\",\"target\":[\"https:\\\/\\\/akunq.net\\\/tr\\\/?p=68670#respond\"]}]},{\"@type\":\"WebPage\",\"@id\":\"https:\\\/\\\/akunq.net\\\/tr\\\/?p=68670\",\"url\":\"https:\\\/\\\/akunq.net\\\/tr\\\/?p=68670\",\"name\":\"Ankara, Karaba\u011f sava\u015f\u0131na kat\u0131lan 3 bin bozkurtu Ukrayna'ya g\u00f6nderdi - Bati Ermenistan Ve Bati Ermenileri Sorunlari Ara\u015ftirmalar Merkezi\",\"isPartOf\":{\"@id\":\"https:\\\/\\\/akunq.net\\\/tr\\\/#website\"},\"primaryImageOfPage\":{\"@id\":\"https:\\\/\\\/akunq.net\\\/tr\\\/?p=68670#primaryimage\"},\"image\":{\"@id\":\"https:\\\/\\\/akunq.net\\\/tr\\\/?p=68670#primaryimage\"},\"thumbnailUrl\":\"https:\\\/\\\/akunq.net\\\/tr\\\/wp-content\\\/uploads\\\/sites\\\/6\\\/2022\\\/05\\\/Victor-Nadein-Raevsky.jpg\",\"datePublished\":\"2022-05-24T08:08:09+00:00\",\"dateModified\":\"2022-05-24T08:08:30+00:00\",\"author\":{\"@id\":\"https:\\\/\\\/akunq.net\\\/tr\\\/#\\\/schema\\\/person\\\/096f1d38a12cce57fb855b485ed24c9e\"},\"breadcrumb\":{\"@id\":\"https:\\\/\\\/akunq.net\\\/tr\\\/?p=68670#breadcrumb\"},\"inLanguage\":\"en-US\",\"potentialAction\":[{\"@type\":\"ReadAction\",\"target\":[\"https:\\\/\\\/akunq.net\\\/tr\\\/?p=68670\"]}]},{\"@type\":\"ImageObject\",\"inLanguage\":\"en-US\",\"@id\":\"https:\\\/\\\/akunq.net\\\/tr\\\/?p=68670#primaryimage\",\"url\":\"https:\\\/\\\/akunq.net\\\/tr\\\/wp-content\\\/uploads\\\/sites\\\/6\\\/2022\\\/05\\\/Victor-Nadein-Raevsky.jpg\",\"contentUrl\":\"https:\\\/\\\/akunq.net\\\/tr\\\/wp-content\\\/uploads\\\/sites\\\/6\\\/2022\\\/05\\\/Victor-Nadein-Raevsky.jpg\",\"width\":1000,\"height\":656},{\"@type\":\"BreadcrumbList\",\"@id\":\"https:\\\/\\\/akunq.net\\\/tr\\\/?p=68670#breadcrumb\",\"itemListElement\":[{\"@type\":\"ListItem\",\"position\":1,\"name\":\"Home\",\"item\":\"https:\\\/\\\/akunq.net\\\/tr\"},{\"@type\":\"ListItem\",\"position\":2,\"name\":\"Ankara, Karaba\u011f sava\u015f\u0131na kat\u0131lan 3 bin bozkurtu Ukrayna&#8217;ya g\u00f6nderdi\"}]},{\"@type\":\"WebSite\",\"@id\":\"https:\\\/\\\/akunq.net\\\/tr\\\/#website\",\"url\":\"https:\\\/\\\/akunq.net\\\/tr\\\/\",\"name\":\"Bati Ermenistan Ve Bati Ermenileri Sorunlari Ara\u015ftirmalar Merkezi\",\"description\":\"\",\"potentialAction\":[{\"@type\":\"SearchAction\",\"target\":{\"@type\":\"EntryPoint\",\"urlTemplate\":\"https:\\\/\\\/akunq.net\\\/tr\\\/?s={search_term_string}\"},\"query-input\":{\"@type\":\"PropertyValueSpecification\",\"valueRequired\":true,\"valueName\":\"search_term_string\"}}],\"inLanguage\":\"en-US\"},{\"@type\":\"Person\",\"@id\":\"https:\\\/\\\/akunq.net\\\/tr\\\/#\\\/schema\\\/person\\\/096f1d38a12cce57fb855b485ed24c9e\",\"name\":\"admin\",\"url\":\"https:\\\/\\\/akunq.net\\\/tr\\\/?author=7\"}]}<\/script>\n<!-- \/ Yoast SEO plugin. -->","yoast_head_json":{"title":"Ankara, Karaba\u011f sava\u015f\u0131na kat\u0131lan 3 bin bozkurtu Ukrayna'ya g\u00f6nderdi - Bati Ermenistan Ve Bati Ermenileri Sorunlari Ara\u015ftirmalar Merkezi","robots":{"index":"index","follow":"follow","max-snippet":"max-snippet:-1","max-image-preview":"max-image-preview:large","max-video-preview":"max-video-preview:-1"},"canonical":"https:\/\/akunq.net\/tr\/?p=68670","og_locale":"en_US","og_type":"article","og_title":"Ankara, Karaba\u011f sava\u015f\u0131na kat\u0131lan 3 bin bozkurtu Ukrayna'ya g\u00f6nderdi - Bati Ermenistan Ve Bati Ermenileri Sorunlari Ara\u015ftirmalar Merkezi","og_description":"Rusya Bilimler Akademisi D\u00fcnya Ekonomisi ve Uluslararas\u0131 \u0130li\u015fkiler Enstit\u00fcs\u00fc&#8217;n\u00fcn k\u0131demli ara\u015ft\u0131rmac\u0131s\u0131 Victor Nadein-Raevsky News.am&#8217;e verdi\u011fi deme\u00e7te Ukrayna&#8217;da T\u00fcrkiye ile i\u015fbirli\u011finin, T\u00fcrklerin Ukrayna&#8217;ya girmesine izin vermek anlam\u0131na gelece\u011fi i\u00e7in Rusya i\u00e7in kabul edilemez oldu\u011funu belirtti. &#8220;T\u00fcrkiye NATO \u00fcye \u00fclkesidir.\u00a0NATO&#8217;yu orada b\u0131rakmakla ayn\u0131 \u015fey, yani en az\u0131ndan bu sebeplerden dolay\u0131 \u00e7ok k\u00f6t\u00fc olur.&#8221; ifade etti. T\u00fcrkiye&#8217;nin Ukrayna&#8217;ya [&hellip;]","og_url":"https:\/\/akunq.net\/tr\/?p=68670","og_site_name":"Bati Ermenistan Ve Bati Ermenileri Sorunlari Ara\u015ftirmalar Merkezi","article_published_time":"2022-05-24T08:08:09+00:00","article_modified_time":"2022-05-24T08:08:30+00:00","og_image":[{"width":1000,"height":656,"url":"https:\/\/akunq.net\/tr\/wp-content\/uploads\/sites\/6\/2022\/05\/Victor-Nadein-Raevsky.jpg","type":"image\/jpeg"}],"author":"admin","twitter_card":"summary_large_image","twitter_misc":{"Written by":"admin","Est. reading time":"2 minutes"},"schema":{"@context":"https:\/\/schema.org","@graph":[{"@type":"Article","@id":"https:\/\/akunq.net\/tr\/?p=68670#article","isPartOf":{"@id":"https:\/\/akunq.net\/tr\/?p=68670"},"author":{"name":"admin","@id":"https:\/\/akunq.net\/tr\/#\/schema\/person\/096f1d38a12cce57fb855b485ed24c9e"},"headline":"Ankara, Karaba\u011f sava\u015f\u0131na kat\u0131lan 3 bin bozkurtu Ukrayna&#8217;ya g\u00f6nderdi","datePublished":"2022-05-24T08:08:09+00:00","dateModified":"2022-05-24T08:08:30+00:00","mainEntityOfPage":{"@id":"https:\/\/akunq.net\/tr\/?p=68670"},"wordCount":429,"commentCount":0,"image":{"@id":"https:\/\/akunq.net\/tr\/?p=68670#primaryimage"},"thumbnailUrl":"https:\/\/akunq.net\/tr\/wp-content\/uploads\/sites\/6\/2022\/05\/Victor-Nadein-Raevsky.jpg","articleSection":["Haberler"],"inLanguage":"en-US","potentialAction":[{"@type":"CommentAction","name":"Comment","target":["https:\/\/akunq.net\/tr\/?p=68670#respond"]}]},{"@type":"WebPage","@id":"https:\/\/akunq.net\/tr\/?p=68670","url":"https:\/\/akunq.net\/tr\/?p=68670","name":"Ankara, Karaba\u011f sava\u015f\u0131na kat\u0131lan 3 bin bozkurtu Ukrayna'ya g\u00f6nderdi - Bati Ermenistan Ve Bati Ermenileri Sorunlari Ara\u015ftirmalar Merkezi","isPartOf":{"@id":"https:\/\/akunq.net\/tr\/#website"},"primaryImageOfPage":{"@id":"https:\/\/akunq.net\/tr\/?p=68670#primaryimage"},"image":{"@id":"https:\/\/akunq.net\/tr\/?p=68670#primaryimage"},"thumbnailUrl":"https:\/\/akunq.net\/tr\/wp-content\/uploads\/sites\/6\/2022\/05\/Victor-Nadein-Raevsky.jpg","datePublished":"2022-05-24T08:08:09+00:00","dateModified":"2022-05-24T08:08:30+00:00","author":{"@id":"https:\/\/akunq.net\/tr\/#\/schema\/person\/096f1d38a12cce57fb855b485ed24c9e"},"breadcrumb":{"@id":"https:\/\/akunq.net\/tr\/?p=68670#breadcrumb"},"inLanguage":"en-US","potentialAction":[{"@type":"ReadAction","target":["https:\/\/akunq.net\/tr\/?p=68670"]}]},{"@type":"ImageObject","inLanguage":"en-US","@id":"https:\/\/akunq.net\/tr\/?p=68670#primaryimage","url":"https:\/\/akunq.net\/tr\/wp-content\/uploads\/sites\/6\/2022\/05\/Victor-Nadein-Raevsky.jpg","contentUrl":"https:\/\/akunq.net\/tr\/wp-content\/uploads\/sites\/6\/2022\/05\/Victor-Nadein-Raevsky.jpg","width":1000,"height":656},{"@type":"BreadcrumbList","@id":"https:\/\/akunq.net\/tr\/?p=68670#breadcrumb","itemListElement":[{"@type":"ListItem","position":1,"name":"Home","item":"https:\/\/akunq.net\/tr"},{"@type":"ListItem","position":2,"name":"Ankara, Karaba\u011f sava\u015f\u0131na kat\u0131lan 3 bin bozkurtu Ukrayna&#8217;ya g\u00f6nderdi"}]},{"@type":"WebSite","@id":"https:\/\/akunq.net\/tr\/#website","url":"https:\/\/akunq.net\/tr\/","name":"Bati Ermenistan Ve Bati Ermenileri Sorunlari Ara\u015ftirmalar Merkezi","description":"","potentialAction":[{"@type":"SearchAction","target":{"@type":"EntryPoint","urlTemplate":"https:\/\/akunq.net\/tr\/?s={search_term_string}"},"query-input":{"@type":"PropertyValueSpecification","valueRequired":true,"valueName":"search_term_string"}}],"inLanguage":"en-US"},{"@type":"Person","@id":"https:\/\/akunq.net\/tr\/#\/schema\/person\/096f1d38a12cce57fb855b485ed24c9e","name":"admin","url":"https:\/\/akunq.net\/tr\/?author=7"}]}},"_links":{"self":[{"href":"https:\/\/akunq.net\/tr\/index.php?rest_route=\/wp\/v2\/posts\/68670","targetHints":{"allow":["GET"]}}],"collection":[{"href":"https:\/\/akunq.net\/tr\/index.php?rest_route=\/wp\/v2\/posts"}],"about":[{"href":"https:\/\/akunq.net\/tr\/index.php?rest_route=\/wp\/v2\/types\/post"}],"author":[{"embeddable":true,"href":"https:\/\/akunq.net\/tr\/index.php?rest_route=\/wp\/v2\/users\/7"}],"replies":[{"embeddable":true,"href":"https:\/\/akunq.net\/tr\/index.php?rest_route=%2Fwp%2Fv2%2Fcomments&post=68670"}],"version-history":[{"count":2,"href":"https:\/\/akunq.net\/tr\/index.php?rest_route=\/wp\/v2\/posts\/68670\/revisions"}],"predecessor-version":[{"id":68673,"href":"https:\/\/akunq.net\/tr\/index.php?rest_route=\/wp\/v2\/posts\/68670\/revisions\/68673"}],"wp:featuredmedia":[{"embeddable":true,"href":"https:\/\/akunq.net\/tr\/index.php?rest_route=\/wp\/v2\/media\/68671"}],"wp:attachment":[{"href":"https:\/\/akunq.net\/tr\/index.php?rest_route=%2Fwp%2Fv2%2Fmedia&parent=68670"}],"wp:term":[{"taxonomy":"category","embeddable":true,"href":"https:\/\/akunq.net\/tr\/index.php?rest_route=%2Fwp%2Fv2%2Fcategories&post=68670"},{"taxonomy":"post_tag","embeddable":true,"href":"https:\/\/akunq.net\/tr\/index.php?rest_route=%2Fwp%2Fv2%2Ftags&post=68670"}],"curies":[{"name":"wp","href":"https:\/\/api.w.org\/{rel}","templated":true}]}}