{"id":68664,"date":"2022-05-24T02:52:14","date_gmt":"2022-05-24T07:52:14","guid":{"rendered":"https:\/\/akunq.net\/tr\/?p=68664"},"modified":"2022-05-24T02:52:14","modified_gmt":"2022-05-24T07:52:14","slug":"hdp-gozaltinda-kaybettirme-suclarinin-hesabini-soracagiz","status":"publish","type":"post","link":"https:\/\/akunq.net\/tr\/?p=68664","title":{"rendered":"HDP: G\u00f6zalt\u0131nda kaybettirme su\u00e7lar\u0131n\u0131n hesab\u0131n\u0131 soraca\u011f\u0131z"},"content":{"rendered":"<p><img loading=\"lazy\" decoding=\"async\" class=\"aligncenter size-medium wp-image-68665\" src=\"https:\/\/akunq.net\/tr\/wp-content\/uploads\/2022\/05\/HDP-360x208.jpeg\" alt=\"\" width=\"360\" height=\"208\" srcset=\"https:\/\/akunq.net\/tr\/wp-content\/uploads\/sites\/6\/2022\/05\/HDP-360x208.jpeg 360w, https:\/\/akunq.net\/tr\/wp-content\/uploads\/sites\/6\/2022\/05\/HDP-768x444.jpeg 768w, https:\/\/akunq.net\/tr\/wp-content\/uploads\/sites\/6\/2022\/05\/HDP-560x324.jpeg 560w, https:\/\/akunq.net\/tr\/wp-content\/uploads\/sites\/6\/2022\/05\/HDP-260x150.jpeg 260w, https:\/\/akunq.net\/tr\/wp-content\/uploads\/sites\/6\/2022\/05\/HDP-160x93.jpeg 160w, https:\/\/akunq.net\/tr\/wp-content\/uploads\/sites\/6\/2022\/05\/HDP.jpeg 800w\" sizes=\"auto, (max-width: 360px) 100vw, 360px\" \/><\/p>\n<p><em><strong>G\u00f6zalt\u0131nda kaybettirmelere dair devletin etkin soru\u015fturmalar y\u00fcr\u00fctmedi\u011fini belirten HDP, \u2018T\u00fcm kaybettirme su\u00e7lar\u0131n\u0131n hesab\u0131n\u0131 soraca\u011f\u0131m\u0131z\u0131n s\u00f6z\u00fcn\u00fc veriyoruz\u2019 a\u00e7\u0131klamas\u0131 yapt\u0131.<\/strong><\/em><\/p>\n<p>Halklar\u0131n Demokratik Partisi (HDP) Hukuk ve \u0130nsan Haklar\u0131 Komisyonundan Sorumlu E\u015f Genel Ba\u015fkan Yard\u0131mc\u0131s\u0131 \u00dcmit Dede, her y\u0131l 17- 31 May\u0131s\u2019ta g\u00f6zalt\u0131nda zorla kaybettirilen insanlar i\u00e7in eylem ve etkinliklerin yap\u0131ld\u0131\u011f\u0131 Uluslararas\u0131 G\u00f6zalt\u0131nda Kay\u0131plara Kar\u015f\u0131 M\u00fccadele Haftas\u0131\u2019na ili\u015fkin yaz\u0131l\u0131 a\u00e7\u0131klama yapt\u0131.<\/p>\n<p><strong>\u2018\u0130NSANLI\u011eA KAR\u015eI \u0130\u015eLENEN SU\u00c7LARDA ZAMAN A\u015eIMI YOKTUR\u2019<\/strong><\/p>\n<p>G\u00f6zalt\u0131nda zorla kaybettirmelerin yayg\u0131n ve sistematik bir bi\u00e7imde yap\u0131ld\u0131\u011f\u0131 d\u00f6nemlerden g\u00fcn\u00fcm\u00fcze kadar ge\u00e7en s\u00fcrede devletin etkili soru\u015fturmalar y\u00fcr\u00fctmedi\u011fi belirtilen a\u00e7\u0131klamada, \u201cDava dosyalar\u0131 raflarda bekletilerek s\u00fcr\u00fcncemede b\u0131rak\u0131lm\u0131\u015ft\u0131r. Ac\u0131d\u0131r ki bir\u00e7ok dosya zamana\u015f\u0131m\u0131na u\u011frad\u0131\u011f\u0131 gerek\u00e7esiyle kapat\u0131lm\u0131\u015ft\u0131r. \u0130nsanl\u0131\u011fa kar\u015f\u0131 i\u015flenen su\u00e7larda zamana\u015f\u0131m\u0131 yoktur ve devlet basit usul normlar\u0131n\u0131n arkas\u0131na gizlemi\u015ftir katil suretini. Kaybettirilenlerin \u00f6m\u00fcrleri, ailelerinin ise umutlar\u0131 devlet raflar\u0131nda hi\u00e7li\u011fe b\u0131rak\u0131lm\u0131\u015ft\u0131r\u201d denildi.<\/p>\n<p><strong>\u2018KAYIP YAKINLARI KORKU \u0130KL\u0130M\u0130YLE M\u00dcCADELEDE GER\u0130 DURMAYIP, KARANLI\u011eA I\u015eIK TUTTULAR\u2019<\/strong><\/p>\n<p>Kay\u0131p yak\u0131nlar\u0131n\u0131n adalet aray\u0131\u015f\u0131n\u0131 s\u00fcrd\u00fcrd\u00fc\u011f\u00fc vurgulanan a\u00e7\u0131klaman\u0131n devam\u0131nda, bu m\u00fccadeleye \u00f6nc\u00fcl\u00fck eden kurumlara ve insanlara i\u015faret edilerek \u201cBu karanl\u0131k tablonun kar\u015f\u0131s\u0131nda dimdik duran \u0130nsan Haklar\u0131 Derne\u011fi (\u0130HD), Cumartesi \u0130nsanlar\u0131 ve kay\u0131p yak\u0131nlar\u0131 korku iklimi ile m\u00fccadeleden bir an olsun geri durmam\u0131\u015ft\u0131r. Hakikati ve kay\u0131plar\u0131 bulma aray\u0131\u015flar\u0131 ile iktidar\u0131n politikalar\u0131n\u0131 te\u015fhir etmi\u015f, karanl\u0131\u011fa \u0131\u015f\u0131k tutmu\u015flard\u0131r\u201d diye vurguland\u0131.<\/p>\n<p><strong>\u2018SORUMLU; KORKAK \u0130KT\u0130DARLARDIR\u2019<\/strong><\/p>\n<p>\u201cT\u00fcm bunlar\u0131n as\u0131l m\u00fcsebbibi ve sorumlusu, ara\u00e7salla\u015fm\u0131\u015f yarg\u0131n\u0131n cezas\u0131zl\u0131k politikalar\u0131 ve ge\u00e7mi\u015fi ile y\u00fczle\u015femeyen korkak iktidarlard\u0131r\u201d ifadesi kullan\u0131lan a\u00e7\u0131klama, \u015fu \u00e7a\u011fr\u0131yla noktaland\u0131:<\/p>\n<p>\u201cT\u00fcm sorumlular\u0131, ar\u015fivleri a\u00e7maya, komisyonlar kurmaya ve d\u00fcr\u00fcst\u00e7e y\u00fczle\u015fmeye davet ediyoruz. Aksi takdirde bunlar son kaybettirmeler olmayacakt\u0131r, \u00fclke demokrasisi ve birlikte e\u015fit ya\u015fam umudu g\u00f6zlerini karanl\u0131\u011fa yumacakt\u0131r. Ermeni Soyk\u0131r\u0131m\u0131 ile ba\u015flay\u0131p, Dersim Tertelesi ve 90\u2019l\u0131 karanl\u0131k y\u0131llarda ard\u0131 kesilmeden devam eden t\u00fcm kaybettirme su\u00e7lar\u0131n\u0131n hesab\u0131n\u0131 soraca\u011f\u0131m\u0131z\u0131n s\u00f6z\u00fcn\u00fc veriyor, umudu ya\u015fatman\u0131n hayati \u00f6nem arz etti\u011fini tekrar ediyoruz.\u201d<\/p>\n<hr \/>\n<p><em><strong><a href=\"https:\/\/artigercek.com\/haberler\/hdp-gozaltinda-kaybettirme-suclarinin-hesabini-soracagiz\" target=\"_blank\" rel=\"noopener noreferrer\">Art\u0131 Ger\u00e7ek<\/a>\u00a0<\/strong><\/em><\/p>\n","protected":false},"excerpt":{"rendered":"<p>G\u00f6zalt\u0131nda kaybettirmelere dair devletin etkin soru\u015fturmalar y\u00fcr\u00fctmedi\u011fini belirten HDP, \u2018T\u00fcm kaybettirme su\u00e7lar\u0131n\u0131n hesab\u0131n\u0131 soraca\u011f\u0131m\u0131z\u0131n s\u00f6z\u00fcn\u00fc veriyoruz\u2019 a\u00e7\u0131klamas\u0131 yapt\u0131. Halklar\u0131n Demokratik Partisi (HDP) Hukuk ve \u0130nsan Haklar\u0131 Komisyonundan Sorumlu E\u015f Genel Ba\u015fkan Yard\u0131mc\u0131s\u0131 \u00dcmit Dede, her y\u0131l 17- 31 May\u0131s\u2019ta g\u00f6zalt\u0131nda zorla kaybettirilen insanlar i\u00e7in eylem ve etkinliklerin yap\u0131ld\u0131\u011f\u0131 Uluslararas\u0131 G\u00f6zalt\u0131nda Kay\u0131plara Kar\u015f\u0131 M\u00fccadele Haftas\u0131\u2019na ili\u015fkin [&hellip;]<\/p>\n","protected":false},"author":7,"featured_media":68665,"comment_status":"open","ping_status":"open","sticky":false,"template":"","format":"standard","meta":{"footnotes":""},"categories":[1],"tags":[],"class_list":["post-68664","post","type-post","status-publish","format-standard","has-post-thumbnail","hentry","category-haberler"],"yoast_head":"<!-- This site is optimized with the Yoast SEO plugin v27.4 - https:\/\/yoast.com\/product\/yoast-seo-wordpress\/ -->\n<title>HDP: G\u00f6zalt\u0131nda kaybettirme su\u00e7lar\u0131n\u0131n hesab\u0131n\u0131 soraca\u011f\u0131z - Bati Ermenistan Ve Bati Ermenileri Sorunlari Ara\u015ftirmalar Merkezi<\/title>\n<meta name=\"robots\" content=\"index, follow, max-snippet:-1, max-image-preview:large, max-video-preview:-1\" \/>\n<link rel=\"canonical\" href=\"https:\/\/akunq.net\/tr\/?p=68664\" \/>\n<meta property=\"og:locale\" content=\"en_US\" \/>\n<meta property=\"og:type\" content=\"article\" \/>\n<meta property=\"og:title\" content=\"HDP: G\u00f6zalt\u0131nda kaybettirme su\u00e7lar\u0131n\u0131n hesab\u0131n\u0131 soraca\u011f\u0131z - Bati Ermenistan Ve Bati Ermenileri Sorunlari Ara\u015ftirmalar Merkezi\" \/>\n<meta property=\"og:description\" content=\"G\u00f6zalt\u0131nda kaybettirmelere dair devletin etkin soru\u015fturmalar y\u00fcr\u00fctmedi\u011fini belirten HDP, \u2018T\u00fcm kaybettirme su\u00e7lar\u0131n\u0131n hesab\u0131n\u0131 soraca\u011f\u0131m\u0131z\u0131n s\u00f6z\u00fcn\u00fc veriyoruz\u2019 a\u00e7\u0131klamas\u0131 yapt\u0131. Halklar\u0131n Demokratik Partisi (HDP) Hukuk ve \u0130nsan Haklar\u0131 Komisyonundan Sorumlu E\u015f Genel Ba\u015fkan Yard\u0131mc\u0131s\u0131 \u00dcmit Dede, her y\u0131l 17- 31 May\u0131s\u2019ta g\u00f6zalt\u0131nda zorla kaybettirilen insanlar i\u00e7in eylem ve etkinliklerin yap\u0131ld\u0131\u011f\u0131 Uluslararas\u0131 G\u00f6zalt\u0131nda Kay\u0131plara Kar\u015f\u0131 M\u00fccadele Haftas\u0131\u2019na ili\u015fkin [&hellip;]\" \/>\n<meta property=\"og:url\" content=\"https:\/\/akunq.net\/tr\/?p=68664\" \/>\n<meta property=\"og:site_name\" content=\"Bati Ermenistan Ve Bati Ermenileri Sorunlari Ara\u015ftirmalar Merkezi\" \/>\n<meta property=\"article:published_time\" content=\"2022-05-24T07:52:14+00:00\" \/>\n<meta property=\"og:image\" content=\"https:\/\/akunq.net\/tr\/wp-content\/uploads\/sites\/6\/2022\/05\/HDP.jpeg\" \/>\n\t<meta property=\"og:image:width\" content=\"800\" \/>\n\t<meta property=\"og:image:height\" content=\"463\" \/>\n\t<meta property=\"og:image:type\" content=\"image\/jpeg\" \/>\n<meta name=\"author\" content=\"admin\" \/>\n<meta name=\"twitter:card\" content=\"summary_large_image\" \/>\n<meta name=\"twitter:label1\" content=\"Written by\" \/>\n\t<meta name=\"twitter:data1\" content=\"admin\" \/>\n\t<meta name=\"twitter:label2\" content=\"Est. reading time\" \/>\n\t<meta name=\"twitter:data2\" content=\"2 minutes\" \/>\n<script type=\"application\/ld+json\" class=\"yoast-schema-graph\">{\"@context\":\"https:\\\/\\\/schema.org\",\"@graph\":[{\"@type\":\"Article\",\"@id\":\"https:\\\/\\\/akunq.net\\\/tr\\\/?p=68664#article\",\"isPartOf\":{\"@id\":\"https:\\\/\\\/akunq.net\\\/tr\\\/?p=68664\"},\"author\":{\"name\":\"admin\",\"@id\":\"https:\\\/\\\/akunq.net\\\/tr\\\/#\\\/schema\\\/person\\\/096f1d38a12cce57fb855b485ed24c9e\"},\"headline\":\"HDP: G\u00f6zalt\u0131nda kaybettirme su\u00e7lar\u0131n\u0131n hesab\u0131n\u0131 soraca\u011f\u0131z\",\"datePublished\":\"2022-05-24T07:52:14+00:00\",\"mainEntityOfPage\":{\"@id\":\"https:\\\/\\\/akunq.net\\\/tr\\\/?p=68664\"},\"wordCount\":463,\"commentCount\":0,\"image\":{\"@id\":\"https:\\\/\\\/akunq.net\\\/tr\\\/?p=68664#primaryimage\"},\"thumbnailUrl\":\"https:\\\/\\\/akunq.net\\\/tr\\\/wp-content\\\/uploads\\\/sites\\\/6\\\/2022\\\/05\\\/HDP.jpeg\",\"articleSection\":[\"Haberler\"],\"inLanguage\":\"en-US\",\"potentialAction\":[{\"@type\":\"CommentAction\",\"name\":\"Comment\",\"target\":[\"https:\\\/\\\/akunq.net\\\/tr\\\/?p=68664#respond\"]}]},{\"@type\":\"WebPage\",\"@id\":\"https:\\\/\\\/akunq.net\\\/tr\\\/?p=68664\",\"url\":\"https:\\\/\\\/akunq.net\\\/tr\\\/?p=68664\",\"name\":\"HDP: G\u00f6zalt\u0131nda kaybettirme su\u00e7lar\u0131n\u0131n hesab\u0131n\u0131 soraca\u011f\u0131z - Bati Ermenistan Ve Bati Ermenileri Sorunlari Ara\u015ftirmalar Merkezi\",\"isPartOf\":{\"@id\":\"https:\\\/\\\/akunq.net\\\/tr\\\/#website\"},\"primaryImageOfPage\":{\"@id\":\"https:\\\/\\\/akunq.net\\\/tr\\\/?p=68664#primaryimage\"},\"image\":{\"@id\":\"https:\\\/\\\/akunq.net\\\/tr\\\/?p=68664#primaryimage\"},\"thumbnailUrl\":\"https:\\\/\\\/akunq.net\\\/tr\\\/wp-content\\\/uploads\\\/sites\\\/6\\\/2022\\\/05\\\/HDP.jpeg\",\"datePublished\":\"2022-05-24T07:52:14+00:00\",\"author\":{\"@id\":\"https:\\\/\\\/akunq.net\\\/tr\\\/#\\\/schema\\\/person\\\/096f1d38a12cce57fb855b485ed24c9e\"},\"breadcrumb\":{\"@id\":\"https:\\\/\\\/akunq.net\\\/tr\\\/?p=68664#breadcrumb\"},\"inLanguage\":\"en-US\",\"potentialAction\":[{\"@type\":\"ReadAction\",\"target\":[\"https:\\\/\\\/akunq.net\\\/tr\\\/?p=68664\"]}]},{\"@type\":\"ImageObject\",\"inLanguage\":\"en-US\",\"@id\":\"https:\\\/\\\/akunq.net\\\/tr\\\/?p=68664#primaryimage\",\"url\":\"https:\\\/\\\/akunq.net\\\/tr\\\/wp-content\\\/uploads\\\/sites\\\/6\\\/2022\\\/05\\\/HDP.jpeg\",\"contentUrl\":\"https:\\\/\\\/akunq.net\\\/tr\\\/wp-content\\\/uploads\\\/sites\\\/6\\\/2022\\\/05\\\/HDP.jpeg\",\"width\":800,\"height\":463},{\"@type\":\"BreadcrumbList\",\"@id\":\"https:\\\/\\\/akunq.net\\\/tr\\\/?p=68664#breadcrumb\",\"itemListElement\":[{\"@type\":\"ListItem\",\"position\":1,\"name\":\"Home\",\"item\":\"https:\\\/\\\/akunq.net\\\/tr\"},{\"@type\":\"ListItem\",\"position\":2,\"name\":\"HDP: G\u00f6zalt\u0131nda kaybettirme su\u00e7lar\u0131n\u0131n hesab\u0131n\u0131 soraca\u011f\u0131z\"}]},{\"@type\":\"WebSite\",\"@id\":\"https:\\\/\\\/akunq.net\\\/tr\\\/#website\",\"url\":\"https:\\\/\\\/akunq.net\\\/tr\\\/\",\"name\":\"Bati Ermenistan Ve Bati Ermenileri Sorunlari Ara\u015ftirmalar Merkezi\",\"description\":\"\",\"potentialAction\":[{\"@type\":\"SearchAction\",\"target\":{\"@type\":\"EntryPoint\",\"urlTemplate\":\"https:\\\/\\\/akunq.net\\\/tr\\\/?s={search_term_string}\"},\"query-input\":{\"@type\":\"PropertyValueSpecification\",\"valueRequired\":true,\"valueName\":\"search_term_string\"}}],\"inLanguage\":\"en-US\"},{\"@type\":\"Person\",\"@id\":\"https:\\\/\\\/akunq.net\\\/tr\\\/#\\\/schema\\\/person\\\/096f1d38a12cce57fb855b485ed24c9e\",\"name\":\"admin\",\"url\":\"https:\\\/\\\/akunq.net\\\/tr\\\/?author=7\"}]}<\/script>\n<!-- \/ Yoast SEO plugin. -->","yoast_head_json":{"title":"HDP: G\u00f6zalt\u0131nda kaybettirme su\u00e7lar\u0131n\u0131n hesab\u0131n\u0131 soraca\u011f\u0131z - Bati Ermenistan Ve Bati Ermenileri Sorunlari Ara\u015ftirmalar Merkezi","robots":{"index":"index","follow":"follow","max-snippet":"max-snippet:-1","max-image-preview":"max-image-preview:large","max-video-preview":"max-video-preview:-1"},"canonical":"https:\/\/akunq.net\/tr\/?p=68664","og_locale":"en_US","og_type":"article","og_title":"HDP: G\u00f6zalt\u0131nda kaybettirme su\u00e7lar\u0131n\u0131n hesab\u0131n\u0131 soraca\u011f\u0131z - Bati Ermenistan Ve Bati Ermenileri Sorunlari Ara\u015ftirmalar Merkezi","og_description":"G\u00f6zalt\u0131nda kaybettirmelere dair devletin etkin soru\u015fturmalar y\u00fcr\u00fctmedi\u011fini belirten HDP, \u2018T\u00fcm kaybettirme su\u00e7lar\u0131n\u0131n hesab\u0131n\u0131 soraca\u011f\u0131m\u0131z\u0131n s\u00f6z\u00fcn\u00fc veriyoruz\u2019 a\u00e7\u0131klamas\u0131 yapt\u0131. Halklar\u0131n Demokratik Partisi (HDP) Hukuk ve \u0130nsan Haklar\u0131 Komisyonundan Sorumlu E\u015f Genel Ba\u015fkan Yard\u0131mc\u0131s\u0131 \u00dcmit Dede, her y\u0131l 17- 31 May\u0131s\u2019ta g\u00f6zalt\u0131nda zorla kaybettirilen insanlar i\u00e7in eylem ve etkinliklerin yap\u0131ld\u0131\u011f\u0131 Uluslararas\u0131 G\u00f6zalt\u0131nda Kay\u0131plara Kar\u015f\u0131 M\u00fccadele Haftas\u0131\u2019na ili\u015fkin [&hellip;]","og_url":"https:\/\/akunq.net\/tr\/?p=68664","og_site_name":"Bati Ermenistan Ve Bati Ermenileri Sorunlari Ara\u015ftirmalar Merkezi","article_published_time":"2022-05-24T07:52:14+00:00","og_image":[{"width":800,"height":463,"url":"https:\/\/akunq.net\/tr\/wp-content\/uploads\/sites\/6\/2022\/05\/HDP.jpeg","type":"image\/jpeg"}],"author":"admin","twitter_card":"summary_large_image","twitter_misc":{"Written by":"admin","Est. reading time":"2 minutes"},"schema":{"@context":"https:\/\/schema.org","@graph":[{"@type":"Article","@id":"https:\/\/akunq.net\/tr\/?p=68664#article","isPartOf":{"@id":"https:\/\/akunq.net\/tr\/?p=68664"},"author":{"name":"admin","@id":"https:\/\/akunq.net\/tr\/#\/schema\/person\/096f1d38a12cce57fb855b485ed24c9e"},"headline":"HDP: G\u00f6zalt\u0131nda kaybettirme su\u00e7lar\u0131n\u0131n hesab\u0131n\u0131 soraca\u011f\u0131z","datePublished":"2022-05-24T07:52:14+00:00","mainEntityOfPage":{"@id":"https:\/\/akunq.net\/tr\/?p=68664"},"wordCount":463,"commentCount":0,"image":{"@id":"https:\/\/akunq.net\/tr\/?p=68664#primaryimage"},"thumbnailUrl":"https:\/\/akunq.net\/tr\/wp-content\/uploads\/sites\/6\/2022\/05\/HDP.jpeg","articleSection":["Haberler"],"inLanguage":"en-US","potentialAction":[{"@type":"CommentAction","name":"Comment","target":["https:\/\/akunq.net\/tr\/?p=68664#respond"]}]},{"@type":"WebPage","@id":"https:\/\/akunq.net\/tr\/?p=68664","url":"https:\/\/akunq.net\/tr\/?p=68664","name":"HDP: G\u00f6zalt\u0131nda kaybettirme su\u00e7lar\u0131n\u0131n hesab\u0131n\u0131 soraca\u011f\u0131z - Bati Ermenistan Ve Bati Ermenileri Sorunlari Ara\u015ftirmalar Merkezi","isPartOf":{"@id":"https:\/\/akunq.net\/tr\/#website"},"primaryImageOfPage":{"@id":"https:\/\/akunq.net\/tr\/?p=68664#primaryimage"},"image":{"@id":"https:\/\/akunq.net\/tr\/?p=68664#primaryimage"},"thumbnailUrl":"https:\/\/akunq.net\/tr\/wp-content\/uploads\/sites\/6\/2022\/05\/HDP.jpeg","datePublished":"2022-05-24T07:52:14+00:00","author":{"@id":"https:\/\/akunq.net\/tr\/#\/schema\/person\/096f1d38a12cce57fb855b485ed24c9e"},"breadcrumb":{"@id":"https:\/\/akunq.net\/tr\/?p=68664#breadcrumb"},"inLanguage":"en-US","potentialAction":[{"@type":"ReadAction","target":["https:\/\/akunq.net\/tr\/?p=68664"]}]},{"@type":"ImageObject","inLanguage":"en-US","@id":"https:\/\/akunq.net\/tr\/?p=68664#primaryimage","url":"https:\/\/akunq.net\/tr\/wp-content\/uploads\/sites\/6\/2022\/05\/HDP.jpeg","contentUrl":"https:\/\/akunq.net\/tr\/wp-content\/uploads\/sites\/6\/2022\/05\/HDP.jpeg","width":800,"height":463},{"@type":"BreadcrumbList","@id":"https:\/\/akunq.net\/tr\/?p=68664#breadcrumb","itemListElement":[{"@type":"ListItem","position":1,"name":"Home","item":"https:\/\/akunq.net\/tr"},{"@type":"ListItem","position":2,"name":"HDP: G\u00f6zalt\u0131nda kaybettirme su\u00e7lar\u0131n\u0131n hesab\u0131n\u0131 soraca\u011f\u0131z"}]},{"@type":"WebSite","@id":"https:\/\/akunq.net\/tr\/#website","url":"https:\/\/akunq.net\/tr\/","name":"Bati Ermenistan Ve Bati Ermenileri Sorunlari Ara\u015ftirmalar Merkezi","description":"","potentialAction":[{"@type":"SearchAction","target":{"@type":"EntryPoint","urlTemplate":"https:\/\/akunq.net\/tr\/?s={search_term_string}"},"query-input":{"@type":"PropertyValueSpecification","valueRequired":true,"valueName":"search_term_string"}}],"inLanguage":"en-US"},{"@type":"Person","@id":"https:\/\/akunq.net\/tr\/#\/schema\/person\/096f1d38a12cce57fb855b485ed24c9e","name":"admin","url":"https:\/\/akunq.net\/tr\/?author=7"}]}},"_links":{"self":[{"href":"https:\/\/akunq.net\/tr\/index.php?rest_route=\/wp\/v2\/posts\/68664","targetHints":{"allow":["GET"]}}],"collection":[{"href":"https:\/\/akunq.net\/tr\/index.php?rest_route=\/wp\/v2\/posts"}],"about":[{"href":"https:\/\/akunq.net\/tr\/index.php?rest_route=\/wp\/v2\/types\/post"}],"author":[{"embeddable":true,"href":"https:\/\/akunq.net\/tr\/index.php?rest_route=\/wp\/v2\/users\/7"}],"replies":[{"embeddable":true,"href":"https:\/\/akunq.net\/tr\/index.php?rest_route=%2Fwp%2Fv2%2Fcomments&post=68664"}],"version-history":[{"count":1,"href":"https:\/\/akunq.net\/tr\/index.php?rest_route=\/wp\/v2\/posts\/68664\/revisions"}],"predecessor-version":[{"id":68666,"href":"https:\/\/akunq.net\/tr\/index.php?rest_route=\/wp\/v2\/posts\/68664\/revisions\/68666"}],"wp:featuredmedia":[{"embeddable":true,"href":"https:\/\/akunq.net\/tr\/index.php?rest_route=\/wp\/v2\/media\/68665"}],"wp:attachment":[{"href":"https:\/\/akunq.net\/tr\/index.php?rest_route=%2Fwp%2Fv2%2Fmedia&parent=68664"}],"wp:term":[{"taxonomy":"category","embeddable":true,"href":"https:\/\/akunq.net\/tr\/index.php?rest_route=%2Fwp%2Fv2%2Fcategories&post=68664"},{"taxonomy":"post_tag","embeddable":true,"href":"https:\/\/akunq.net\/tr\/index.php?rest_route=%2Fwp%2Fv2%2Ftags&post=68664"}],"curies":[{"name":"wp","href":"https:\/\/api.w.org\/{rel}","templated":true}]}}