{"id":68661,"date":"2022-05-24T02:45:16","date_gmt":"2022-05-24T07:45:16","guid":{"rendered":"https:\/\/akunq.net\/tr\/?p=68661"},"modified":"2022-05-24T02:45:16","modified_gmt":"2022-05-24T07:45:16","slug":"topal-osman-otobusu-meclis-gundeminde-verilmek-istenen-mesaj-nedir","status":"publish","type":"post","link":"https:\/\/akunq.net\/tr\/?p=68661","title":{"rendered":"\u2018Topal Osman\u2019 otob\u00fcs\u00fc Meclis g\u00fcndeminde: Verilmek istenen mesaj nedir?"},"content":{"rendered":"<p><img loading=\"lazy\" decoding=\"async\" class=\"aligncenter size-medium wp-image-68662\" src=\"https:\/\/akunq.net\/tr\/wp-content\/uploads\/2022\/05\/Sevimsiz-2-180x270.jpg\" alt=\"\" width=\"180\" height=\"270\" srcset=\"https:\/\/akunq.net\/tr\/wp-content\/uploads\/sites\/6\/2022\/05\/Sevimsiz-2-180x270.jpg 180w, https:\/\/akunq.net\/tr\/wp-content\/uploads\/sites\/6\/2022\/05\/Sevimsiz-2-260x390.jpg 260w, https:\/\/akunq.net\/tr\/wp-content\/uploads\/sites\/6\/2022\/05\/Sevimsiz-2-160x240.jpg 160w, https:\/\/akunq.net\/tr\/wp-content\/uploads\/sites\/6\/2022\/05\/Sevimsiz-2.jpg 400w\" sizes=\"auto, (max-width: 180px) 100vw, 180px\" \/><\/p>\n<p><strong><em>Diyarbak\u0131r\u2019da \u2018Topal Osman\u2019 foto\u011frafl\u0131 otob\u00fcs\u00fcn gezdirilmesini Meclis g\u00fcndemine ta\u015f\u0131yan HDP\u2019li Dersim Da\u011f, \u201cVerilmek istenen mesaj nedir?\u201d diye sordu.<\/em><\/strong><\/p>\n<p>DUVAR \u2013 Halklar\u0131n Demokratik Partisi (HDP) Diyarbak\u0131r Milletvekili Dersim Da\u011f, d\u00fcn Diyarbak\u0131r ve Giresun Valili\u011fi\u2019nin d\u00fczenledi\u011fi ortak etkinlikte kullan\u0131lan ve Diyarbak\u0131r sokaklar\u0131nda gezdirilen otob\u00fcste Topal Osman\u2019\u0131n silahl\u0131 foto\u011fraf\u0131n\u0131n yer almas\u0131n\u0131 Meclis g\u00fcndemine ta\u015f\u0131d\u0131.<\/p>\n<p>Mezopotamya Ajans\u0131\u2019\u0131n haberine g\u00f6re Da\u011f, \u0130\u00e7i\u015fleri Bakan\u0131 S\u00fcleyman Soylu\u2019nun yan\u0131tlamas\u0131 istemiyle soru \u00f6nergesi verdi. \u00d6nergenin gerek\u00e7esinde \u201c1900\u2019lerin ortalar\u0131na kadar T\u00fcrkiye\u2019nin bir\u00e7ok b\u00f6lgesi, \u00f6zellikle Karadeniz a\u011f\u0131rl\u0131kl\u0131 olarak Ortodoks Rumlar\u0131ndan, Ortodoks ve Katolik Ermenilerden olu\u015furken, Osmanl\u0131\u2019n\u0131n son zamanlar\u0131 ile birlikte bu n\u00fcfus bir k\u0131r\u0131ma u\u011frat\u0131ld\u0131. Cumhuriyet ile birlikte bu k\u0131r\u0131m daha da yo\u011funla\u015ft\u0131r\u0131ld\u0131 ve bu halklar tamamen imha politikalar\u0131na maruz kald\u0131. M\u00fcesses nizam ise her daim Karadeniz\u2019i bu \u00f6zellikleriyle her t\u00fcrl\u00fc propaganda ile ya\u015fatmaya \u00e7al\u0131\u015fmaktad\u0131r. Bu nizam Rumlar\u0131 ve Ermenileri, Topal Osman gibi cezaevinden dev\u015firdikleri su\u00e7lulardan olu\u015fturulan ki\u015filer arac\u0131l\u0131\u011f\u0131yla yok etti\u201d denildi.<\/p>\n<p>Diyarbak\u0131r Vali Yard\u0131mc\u0131s\u0131 Murat \u00d6zt\u00fcrk\u2019\u00fcn \u00f6nerisiyle Giresun Valili\u011fi i\u015fbirli\u011fiyle d\u00fczenlenen \u201cOff-Road Festival\u201dinde, Topal Osman\u2019\u0131n foto\u011fraf\u0131n\u0131n bulundu\u011fu otob\u00fcs\u00fcn Diyarbak\u0131r\u2019\u0131n Lice il\u00e7esinde gezdirildi\u011fi kaydedilen \u00f6nergede, \u201cGiresun Valili\u011fi taraf\u0131ndan kat\u0131l\u0131mc\u0131lar\u0131 ta\u015f\u0131mak i\u00e7in kente g\u00f6nderilen araca, Topal Osman\u2019\u0131n silahl\u0131 foto\u011fraf\u0131 giydirilerek \u00fczerinde de \u2018Size Giresun yeter\u2019 yaz\u0131s\u0131yla tur at\u0131ld\u0131\u201d ifadelerine yer verildi.<\/p>\n<p>Da\u011f, Soylu\u2019nun yan\u0131tlamas\u0131 istemiyle \u015fu sorular\u0131 y\u00f6neltti:<\/p>\n<p><em>\u201cDiyarbak\u0131r ve Giresun Valili\u011finin d\u00fczenlemi\u015f oldu\u011fu etkinlikte kullan\u0131lan otob\u00fcs ve otob\u00fcs\u00fcn \u00fczerinde Topal Osman\u2019\u0131n foto\u011fraf\u0131n\u0131n yer almas\u0131 Bakanl\u0131\u011f\u0131n\u0131z\u0131n bilgisi dahilinde midir?<\/em><\/p>\n<p><em>Olaya ili\u015fkin soru\u015fturma a\u00e7\u0131lacak m\u0131d\u0131r? Topal Osman\u2019\u0131n m\u00fclki idarenin ba\u015f\u0131 olan Valilik\u00e7e propaganda haline getirilmesi su\u00e7 de\u011fil midir?<\/em><\/p>\n<p><em>Topal Osman\u2019a ait g\u00f6rsellerin kullan\u0131lmas\u0131 ile verilmek istenen mesaj nedir?\u201d\u00a0<\/em><\/p>\n<hr \/>\n<p><em><strong><a href=\"https:\/\/www.gazeteduvar.com.tr\/topal-osman-otobusu-meclis-gundeminde-verilmek-istenen-mesaj-nedir-haber-1565944\" target=\"_blank\" rel=\"noopener noreferrer\">Gazete Duvar<\/a>\u00a0<\/strong><\/em><\/p>\n","protected":false},"excerpt":{"rendered":"<p>Diyarbak\u0131r\u2019da \u2018Topal Osman\u2019 foto\u011frafl\u0131 otob\u00fcs\u00fcn gezdirilmesini Meclis g\u00fcndemine ta\u015f\u0131yan HDP\u2019li Dersim Da\u011f, \u201cVerilmek istenen mesaj nedir?\u201d diye sordu. DUVAR \u2013 Halklar\u0131n Demokratik Partisi (HDP) Diyarbak\u0131r Milletvekili Dersim Da\u011f, d\u00fcn Diyarbak\u0131r ve Giresun Valili\u011fi\u2019nin d\u00fczenledi\u011fi ortak etkinlikte kullan\u0131lan ve Diyarbak\u0131r sokaklar\u0131nda gezdirilen otob\u00fcste Topal Osman\u2019\u0131n silahl\u0131 foto\u011fraf\u0131n\u0131n yer almas\u0131n\u0131 Meclis g\u00fcndemine ta\u015f\u0131d\u0131. Mezopotamya Ajans\u0131\u2019\u0131n haberine g\u00f6re [&hellip;]<\/p>\n","protected":false},"author":7,"featured_media":68662,"comment_status":"open","ping_status":"open","sticky":false,"template":"","format":"standard","meta":{"footnotes":""},"categories":[1],"tags":[],"class_list":["post-68661","post","type-post","status-publish","format-standard","has-post-thumbnail","hentry","category-haberler"],"yoast_head":"<!-- This site is optimized with the Yoast SEO plugin v27.4 - https:\/\/yoast.com\/product\/yoast-seo-wordpress\/ -->\n<title>\u2018Topal Osman\u2019 otob\u00fcs\u00fc Meclis g\u00fcndeminde: Verilmek istenen mesaj nedir? - Bati Ermenistan Ve Bati Ermenileri Sorunlari Ara\u015ftirmalar Merkezi<\/title>\n<meta name=\"robots\" content=\"index, follow, max-snippet:-1, max-image-preview:large, max-video-preview:-1\" \/>\n<link rel=\"canonical\" href=\"https:\/\/akunq.net\/tr\/?p=68661\" \/>\n<meta property=\"og:locale\" content=\"en_US\" \/>\n<meta property=\"og:type\" content=\"article\" \/>\n<meta property=\"og:title\" content=\"\u2018Topal Osman\u2019 otob\u00fcs\u00fc Meclis g\u00fcndeminde: Verilmek istenen mesaj nedir? - Bati Ermenistan Ve Bati Ermenileri Sorunlari Ara\u015ftirmalar Merkezi\" \/>\n<meta property=\"og:description\" content=\"Diyarbak\u0131r\u2019da \u2018Topal Osman\u2019 foto\u011frafl\u0131 otob\u00fcs\u00fcn gezdirilmesini Meclis g\u00fcndemine ta\u015f\u0131yan HDP\u2019li Dersim Da\u011f, \u201cVerilmek istenen mesaj nedir?\u201d diye sordu. DUVAR \u2013 Halklar\u0131n Demokratik Partisi (HDP) Diyarbak\u0131r Milletvekili Dersim Da\u011f, d\u00fcn Diyarbak\u0131r ve Giresun Valili\u011fi\u2019nin d\u00fczenledi\u011fi ortak etkinlikte kullan\u0131lan ve Diyarbak\u0131r sokaklar\u0131nda gezdirilen otob\u00fcste Topal Osman\u2019\u0131n silahl\u0131 foto\u011fraf\u0131n\u0131n yer almas\u0131n\u0131 Meclis g\u00fcndemine ta\u015f\u0131d\u0131. Mezopotamya Ajans\u0131\u2019\u0131n haberine g\u00f6re [&hellip;]\" \/>\n<meta property=\"og:url\" content=\"https:\/\/akunq.net\/tr\/?p=68661\" \/>\n<meta property=\"og:site_name\" content=\"Bati Ermenistan Ve Bati Ermenileri Sorunlari Ara\u015ftirmalar Merkezi\" \/>\n<meta property=\"article:published_time\" content=\"2022-05-24T07:45:16+00:00\" \/>\n<meta property=\"og:image\" content=\"https:\/\/akunq.net\/tr\/wp-content\/uploads\/sites\/6\/2022\/05\/Sevimsiz-2.jpg\" \/>\n\t<meta property=\"og:image:width\" content=\"400\" \/>\n\t<meta property=\"og:image:height\" content=\"600\" \/>\n\t<meta property=\"og:image:type\" content=\"image\/jpeg\" \/>\n<meta name=\"author\" content=\"admin\" \/>\n<meta name=\"twitter:card\" content=\"summary_large_image\" \/>\n<meta name=\"twitter:label1\" content=\"Written by\" \/>\n\t<meta name=\"twitter:data1\" content=\"admin\" \/>\n\t<meta name=\"twitter:label2\" content=\"Est. reading time\" \/>\n\t<meta name=\"twitter:data2\" content=\"2 minutes\" \/>\n<script type=\"application\/ld+json\" class=\"yoast-schema-graph\">{\"@context\":\"https:\\\/\\\/schema.org\",\"@graph\":[{\"@type\":\"Article\",\"@id\":\"https:\\\/\\\/akunq.net\\\/tr\\\/?p=68661#article\",\"isPartOf\":{\"@id\":\"https:\\\/\\\/akunq.net\\\/tr\\\/?p=68661\"},\"author\":{\"name\":\"admin\",\"@id\":\"https:\\\/\\\/akunq.net\\\/tr\\\/#\\\/schema\\\/person\\\/096f1d38a12cce57fb855b485ed24c9e\"},\"headline\":\"\u2018Topal Osman\u2019 otob\u00fcs\u00fc Meclis g\u00fcndeminde: Verilmek istenen mesaj nedir?\",\"datePublished\":\"2022-05-24T07:45:16+00:00\",\"mainEntityOfPage\":{\"@id\":\"https:\\\/\\\/akunq.net\\\/tr\\\/?p=68661\"},\"wordCount\":390,\"commentCount\":0,\"image\":{\"@id\":\"https:\\\/\\\/akunq.net\\\/tr\\\/?p=68661#primaryimage\"},\"thumbnailUrl\":\"https:\\\/\\\/akunq.net\\\/tr\\\/wp-content\\\/uploads\\\/sites\\\/6\\\/2022\\\/05\\\/Sevimsiz-2.jpg\",\"articleSection\":[\"Haberler\"],\"inLanguage\":\"en-US\",\"potentialAction\":[{\"@type\":\"CommentAction\",\"name\":\"Comment\",\"target\":[\"https:\\\/\\\/akunq.net\\\/tr\\\/?p=68661#respond\"]}]},{\"@type\":\"WebPage\",\"@id\":\"https:\\\/\\\/akunq.net\\\/tr\\\/?p=68661\",\"url\":\"https:\\\/\\\/akunq.net\\\/tr\\\/?p=68661\",\"name\":\"\u2018Topal Osman\u2019 otob\u00fcs\u00fc Meclis g\u00fcndeminde: Verilmek istenen mesaj nedir? - Bati Ermenistan Ve Bati Ermenileri Sorunlari Ara\u015ftirmalar Merkezi\",\"isPartOf\":{\"@id\":\"https:\\\/\\\/akunq.net\\\/tr\\\/#website\"},\"primaryImageOfPage\":{\"@id\":\"https:\\\/\\\/akunq.net\\\/tr\\\/?p=68661#primaryimage\"},\"image\":{\"@id\":\"https:\\\/\\\/akunq.net\\\/tr\\\/?p=68661#primaryimage\"},\"thumbnailUrl\":\"https:\\\/\\\/akunq.net\\\/tr\\\/wp-content\\\/uploads\\\/sites\\\/6\\\/2022\\\/05\\\/Sevimsiz-2.jpg\",\"datePublished\":\"2022-05-24T07:45:16+00:00\",\"author\":{\"@id\":\"https:\\\/\\\/akunq.net\\\/tr\\\/#\\\/schema\\\/person\\\/096f1d38a12cce57fb855b485ed24c9e\"},\"breadcrumb\":{\"@id\":\"https:\\\/\\\/akunq.net\\\/tr\\\/?p=68661#breadcrumb\"},\"inLanguage\":\"en-US\",\"potentialAction\":[{\"@type\":\"ReadAction\",\"target\":[\"https:\\\/\\\/akunq.net\\\/tr\\\/?p=68661\"]}]},{\"@type\":\"ImageObject\",\"inLanguage\":\"en-US\",\"@id\":\"https:\\\/\\\/akunq.net\\\/tr\\\/?p=68661#primaryimage\",\"url\":\"https:\\\/\\\/akunq.net\\\/tr\\\/wp-content\\\/uploads\\\/sites\\\/6\\\/2022\\\/05\\\/Sevimsiz-2.jpg\",\"contentUrl\":\"https:\\\/\\\/akunq.net\\\/tr\\\/wp-content\\\/uploads\\\/sites\\\/6\\\/2022\\\/05\\\/Sevimsiz-2.jpg\",\"width\":400,\"height\":600},{\"@type\":\"BreadcrumbList\",\"@id\":\"https:\\\/\\\/akunq.net\\\/tr\\\/?p=68661#breadcrumb\",\"itemListElement\":[{\"@type\":\"ListItem\",\"position\":1,\"name\":\"Home\",\"item\":\"https:\\\/\\\/akunq.net\\\/tr\"},{\"@type\":\"ListItem\",\"position\":2,\"name\":\"\u2018Topal Osman\u2019 otob\u00fcs\u00fc Meclis g\u00fcndeminde: Verilmek istenen mesaj nedir?\"}]},{\"@type\":\"WebSite\",\"@id\":\"https:\\\/\\\/akunq.net\\\/tr\\\/#website\",\"url\":\"https:\\\/\\\/akunq.net\\\/tr\\\/\",\"name\":\"Bati Ermenistan Ve Bati Ermenileri Sorunlari Ara\u015ftirmalar Merkezi\",\"description\":\"\",\"potentialAction\":[{\"@type\":\"SearchAction\",\"target\":{\"@type\":\"EntryPoint\",\"urlTemplate\":\"https:\\\/\\\/akunq.net\\\/tr\\\/?s={search_term_string}\"},\"query-input\":{\"@type\":\"PropertyValueSpecification\",\"valueRequired\":true,\"valueName\":\"search_term_string\"}}],\"inLanguage\":\"en-US\"},{\"@type\":\"Person\",\"@id\":\"https:\\\/\\\/akunq.net\\\/tr\\\/#\\\/schema\\\/person\\\/096f1d38a12cce57fb855b485ed24c9e\",\"name\":\"admin\",\"url\":\"https:\\\/\\\/akunq.net\\\/tr\\\/?author=7\"}]}<\/script>\n<!-- \/ Yoast SEO plugin. -->","yoast_head_json":{"title":"\u2018Topal Osman\u2019 otob\u00fcs\u00fc Meclis g\u00fcndeminde: Verilmek istenen mesaj nedir? - Bati Ermenistan Ve Bati Ermenileri Sorunlari Ara\u015ftirmalar Merkezi","robots":{"index":"index","follow":"follow","max-snippet":"max-snippet:-1","max-image-preview":"max-image-preview:large","max-video-preview":"max-video-preview:-1"},"canonical":"https:\/\/akunq.net\/tr\/?p=68661","og_locale":"en_US","og_type":"article","og_title":"\u2018Topal Osman\u2019 otob\u00fcs\u00fc Meclis g\u00fcndeminde: Verilmek istenen mesaj nedir? - Bati Ermenistan Ve Bati Ermenileri Sorunlari Ara\u015ftirmalar Merkezi","og_description":"Diyarbak\u0131r\u2019da \u2018Topal Osman\u2019 foto\u011frafl\u0131 otob\u00fcs\u00fcn gezdirilmesini Meclis g\u00fcndemine ta\u015f\u0131yan HDP\u2019li Dersim Da\u011f, \u201cVerilmek istenen mesaj nedir?\u201d diye sordu. DUVAR \u2013 Halklar\u0131n Demokratik Partisi (HDP) Diyarbak\u0131r Milletvekili Dersim Da\u011f, d\u00fcn Diyarbak\u0131r ve Giresun Valili\u011fi\u2019nin d\u00fczenledi\u011fi ortak etkinlikte kullan\u0131lan ve Diyarbak\u0131r sokaklar\u0131nda gezdirilen otob\u00fcste Topal Osman\u2019\u0131n silahl\u0131 foto\u011fraf\u0131n\u0131n yer almas\u0131n\u0131 Meclis g\u00fcndemine ta\u015f\u0131d\u0131. Mezopotamya Ajans\u0131\u2019\u0131n haberine g\u00f6re [&hellip;]","og_url":"https:\/\/akunq.net\/tr\/?p=68661","og_site_name":"Bati Ermenistan Ve Bati Ermenileri Sorunlari Ara\u015ftirmalar Merkezi","article_published_time":"2022-05-24T07:45:16+00:00","og_image":[{"width":400,"height":600,"url":"https:\/\/akunq.net\/tr\/wp-content\/uploads\/sites\/6\/2022\/05\/Sevimsiz-2.jpg","type":"image\/jpeg"}],"author":"admin","twitter_card":"summary_large_image","twitter_misc":{"Written by":"admin","Est. reading time":"2 minutes"},"schema":{"@context":"https:\/\/schema.org","@graph":[{"@type":"Article","@id":"https:\/\/akunq.net\/tr\/?p=68661#article","isPartOf":{"@id":"https:\/\/akunq.net\/tr\/?p=68661"},"author":{"name":"admin","@id":"https:\/\/akunq.net\/tr\/#\/schema\/person\/096f1d38a12cce57fb855b485ed24c9e"},"headline":"\u2018Topal Osman\u2019 otob\u00fcs\u00fc Meclis g\u00fcndeminde: Verilmek istenen mesaj nedir?","datePublished":"2022-05-24T07:45:16+00:00","mainEntityOfPage":{"@id":"https:\/\/akunq.net\/tr\/?p=68661"},"wordCount":390,"commentCount":0,"image":{"@id":"https:\/\/akunq.net\/tr\/?p=68661#primaryimage"},"thumbnailUrl":"https:\/\/akunq.net\/tr\/wp-content\/uploads\/sites\/6\/2022\/05\/Sevimsiz-2.jpg","articleSection":["Haberler"],"inLanguage":"en-US","potentialAction":[{"@type":"CommentAction","name":"Comment","target":["https:\/\/akunq.net\/tr\/?p=68661#respond"]}]},{"@type":"WebPage","@id":"https:\/\/akunq.net\/tr\/?p=68661","url":"https:\/\/akunq.net\/tr\/?p=68661","name":"\u2018Topal Osman\u2019 otob\u00fcs\u00fc Meclis g\u00fcndeminde: Verilmek istenen mesaj nedir? - Bati Ermenistan Ve Bati Ermenileri Sorunlari Ara\u015ftirmalar Merkezi","isPartOf":{"@id":"https:\/\/akunq.net\/tr\/#website"},"primaryImageOfPage":{"@id":"https:\/\/akunq.net\/tr\/?p=68661#primaryimage"},"image":{"@id":"https:\/\/akunq.net\/tr\/?p=68661#primaryimage"},"thumbnailUrl":"https:\/\/akunq.net\/tr\/wp-content\/uploads\/sites\/6\/2022\/05\/Sevimsiz-2.jpg","datePublished":"2022-05-24T07:45:16+00:00","author":{"@id":"https:\/\/akunq.net\/tr\/#\/schema\/person\/096f1d38a12cce57fb855b485ed24c9e"},"breadcrumb":{"@id":"https:\/\/akunq.net\/tr\/?p=68661#breadcrumb"},"inLanguage":"en-US","potentialAction":[{"@type":"ReadAction","target":["https:\/\/akunq.net\/tr\/?p=68661"]}]},{"@type":"ImageObject","inLanguage":"en-US","@id":"https:\/\/akunq.net\/tr\/?p=68661#primaryimage","url":"https:\/\/akunq.net\/tr\/wp-content\/uploads\/sites\/6\/2022\/05\/Sevimsiz-2.jpg","contentUrl":"https:\/\/akunq.net\/tr\/wp-content\/uploads\/sites\/6\/2022\/05\/Sevimsiz-2.jpg","width":400,"height":600},{"@type":"BreadcrumbList","@id":"https:\/\/akunq.net\/tr\/?p=68661#breadcrumb","itemListElement":[{"@type":"ListItem","position":1,"name":"Home","item":"https:\/\/akunq.net\/tr"},{"@type":"ListItem","position":2,"name":"\u2018Topal Osman\u2019 otob\u00fcs\u00fc Meclis g\u00fcndeminde: Verilmek istenen mesaj nedir?"}]},{"@type":"WebSite","@id":"https:\/\/akunq.net\/tr\/#website","url":"https:\/\/akunq.net\/tr\/","name":"Bati Ermenistan Ve Bati Ermenileri Sorunlari Ara\u015ftirmalar Merkezi","description":"","potentialAction":[{"@type":"SearchAction","target":{"@type":"EntryPoint","urlTemplate":"https:\/\/akunq.net\/tr\/?s={search_term_string}"},"query-input":{"@type":"PropertyValueSpecification","valueRequired":true,"valueName":"search_term_string"}}],"inLanguage":"en-US"},{"@type":"Person","@id":"https:\/\/akunq.net\/tr\/#\/schema\/person\/096f1d38a12cce57fb855b485ed24c9e","name":"admin","url":"https:\/\/akunq.net\/tr\/?author=7"}]}},"_links":{"self":[{"href":"https:\/\/akunq.net\/tr\/index.php?rest_route=\/wp\/v2\/posts\/68661","targetHints":{"allow":["GET"]}}],"collection":[{"href":"https:\/\/akunq.net\/tr\/index.php?rest_route=\/wp\/v2\/posts"}],"about":[{"href":"https:\/\/akunq.net\/tr\/index.php?rest_route=\/wp\/v2\/types\/post"}],"author":[{"embeddable":true,"href":"https:\/\/akunq.net\/tr\/index.php?rest_route=\/wp\/v2\/users\/7"}],"replies":[{"embeddable":true,"href":"https:\/\/akunq.net\/tr\/index.php?rest_route=%2Fwp%2Fv2%2Fcomments&post=68661"}],"version-history":[{"count":1,"href":"https:\/\/akunq.net\/tr\/index.php?rest_route=\/wp\/v2\/posts\/68661\/revisions"}],"predecessor-version":[{"id":68663,"href":"https:\/\/akunq.net\/tr\/index.php?rest_route=\/wp\/v2\/posts\/68661\/revisions\/68663"}],"wp:featuredmedia":[{"embeddable":true,"href":"https:\/\/akunq.net\/tr\/index.php?rest_route=\/wp\/v2\/media\/68662"}],"wp:attachment":[{"href":"https:\/\/akunq.net\/tr\/index.php?rest_route=%2Fwp%2Fv2%2Fmedia&parent=68661"}],"wp:term":[{"taxonomy":"category","embeddable":true,"href":"https:\/\/akunq.net\/tr\/index.php?rest_route=%2Fwp%2Fv2%2Fcategories&post=68661"},{"taxonomy":"post_tag","embeddable":true,"href":"https:\/\/akunq.net\/tr\/index.php?rest_route=%2Fwp%2Fv2%2Ftags&post=68661"}],"curies":[{"name":"wp","href":"https:\/\/api.w.org\/{rel}","templated":true}]}}