{"id":68653,"date":"2022-05-23T04:30:50","date_gmt":"2022-05-23T09:30:50","guid":{"rendered":"https:\/\/akunq.net\/tr\/?p=68653"},"modified":"2022-05-23T04:30:50","modified_gmt":"2022-05-23T09:30:50","slug":"umudun-topragi-ayvalik","status":"publish","type":"post","link":"https:\/\/akunq.net\/tr\/?p=68653","title":{"rendered":"Umudun topra\u011f\u0131: Ayval\u0131k"},"content":{"rendered":"<p><em><img loading=\"lazy\" decoding=\"async\" class=\"aligncenter size-medium wp-image-68654\" src=\"https:\/\/akunq.net\/tr\/wp-content\/uploads\/2022\/05\/Taksiyarhis-Kilisesi-360x210.jpg\" alt=\"\" width=\"360\" height=\"210\" srcset=\"https:\/\/akunq.net\/tr\/wp-content\/uploads\/sites\/6\/2022\/05\/Taksiyarhis-Kilisesi-360x210.jpg 360w, https:\/\/akunq.net\/tr\/wp-content\/uploads\/sites\/6\/2022\/05\/Taksiyarhis-Kilisesi-768x448.jpg 768w, https:\/\/akunq.net\/tr\/wp-content\/uploads\/sites\/6\/2022\/05\/Taksiyarhis-Kilisesi-560x326.jpg 560w, https:\/\/akunq.net\/tr\/wp-content\/uploads\/sites\/6\/2022\/05\/Taksiyarhis-Kilisesi-260x152.jpg 260w, https:\/\/akunq.net\/tr\/wp-content\/uploads\/sites\/6\/2022\/05\/Taksiyarhis-Kilisesi-160x93.jpg 160w, https:\/\/akunq.net\/tr\/wp-content\/uploads\/sites\/6\/2022\/05\/Taksiyarhis-Kilisesi.jpg 1024w\" sizes=\"auto, (max-width: 360px) 100vw, 360px\" \/><\/em><\/p>\n<p><em><strong>Zeytin ye\u015filiyle Ege mavisinin kavu\u015ftu\u011fu topraklar, Ayval\u0131k. Umudun anlam\u0131n\u0131 hi\u00e7 yitirmedi\u011fi co\u011frafya. Zeytin dal\u0131 varsa co\u011frafyada, umut var demektir, ya\u015fan\u0131lacak g\u00fczel g\u00fcnler var demektir.<\/strong><\/em><\/p>\n<p><strong>Fatih S\u0131nar<\/strong><\/p>\n<p>Zeytinli\u011fin i\u00e7inde y\u00fcr\u00fcyorum, k\u0131ymetli zeytinin dallar\u0131 aras\u0131ndan s\u0131zan g\u00fcne\u015f g\u00f6zlerimi kama\u015ft\u0131r\u0131yor bazen. Ald\u0131rm\u0131yorum ve g\u00fcne\u015fin umut veren parlakl\u0131\u011f\u0131na do\u011fru, zeytine hayat olan bu topraklar\u0131 ad\u0131mlamaya devam ediyorum. Zeytin dal\u0131, umudun simgesi, g\u00fczelliklerin ni\u015fanesidir ne de olsa b\u00fcy\u00fck tufandan bu yana. Tufan\u0131n habercisi Nuh peygamber, beraberindekilerle bir gemi in\u015fa eder anlat\u0131ya g\u00f6re ve yurdundan ayr\u0131l\u0131r. Tufan sonras\u0131, gemisinden u\u00e7urdu\u011fu g\u00fcvercin, a\u011fz\u0131nda zeytin dal\u0131yla d\u00f6ner. Ya\u015fan\u0131lacak g\u00fczel g\u00fcnler var demektir \u00f6yleyse.<\/p>\n<p><strong>Taksiyarhis Kilisesi<\/strong><\/p>\n<p>Zeytin kokulu topraklarda bir tepeye var\u0131yorum, nam-\u0131 di\u011fer \u015eeytan Sofras\u0131\u2019na. Bu isimle an\u0131lmas\u0131n\u0131n arkas\u0131nda da bu kez Yunan mitolojisine dayanan, bir yerinden olma hikayesi var. S\u00f6ylenceye g\u00f6re Zeus\u2019u b\u00fcy\u00fcten tanr\u0131\u00e7a \u0130da, \u015feytan\u0131 g\u00f6ky\u00fcz\u00fcnden kovar. \u00dc\u00e7 ayakl\u0131d\u0131r bu \u015feytan. Ve ka\u00e7arken bir aya\u011f\u0131yla buraya basm\u0131\u015ft\u0131r. S\u00f6nm\u00fc\u015f bir volkan\u0131n lav birikintilerinden olu\u015fan tepedeki bu \u00e7ukur, \u015feytan\u0131n ayak izi olarak bilinmi\u015f sonralar\u0131. \u015eeytan Sofras\u0131\u2019ndan g\u00f6zlerimin alabildi\u011fi kadar\u0131yla alemi seyreylemeye koyuluyorum bir yandan. Y\u00fcksek da\u011flardan, sonu g\u00f6r\u00fclmeyen denize, denizin \u00fczerine sa\u00e7\u0131lm\u0131\u015f gibi duran say\u0131s\u0131z ye\u015fil adac\u0131klara, adac\u0131klar\u0131n aras\u0131nda anakaraya sokulmu\u015f k\u00f6rfeze ve k\u00f6rfezin k\u0131y\u0131s\u0131nda par\u0131ldayan Ayval\u0131k\u2019a dal\u0131yorum. Pantelis Thalassinos\u2019tan dinledi\u011fim Ta Smyrneika Tragoudia \u015fark\u0131s\u0131n\u0131n Ayval\u0131k ile ilgili k\u0131sm\u0131 \u00e7al\u0131yor zihnimde; Tanr\u0131 Ayval\u0131k\u2019\u0131 g\u00f6r\u00fcr ve akl\u0131 durur.<\/p>\n<p>Ayval\u0131k\u2019\u0131n hikayesi de g\u00f6\u00e7le ba\u015fl\u0131yor elbette. Vaktiyle civardaki adalarda ya\u015fayan halklar\u0131n korsan ya\u011fmalar\u0131ndan korunmak i\u00e7in evlerini b\u0131rak\u0131p, k\u00fc\u00e7\u00fck bir k\u00f6rfezin kenar\u0131ndaki bu alana, bug\u00fcnk\u00fc Ayval\u0131k mevkine yerle\u015fmesiyle tarih sayfas\u0131nda yerini al\u0131yor bu \u015fehir. As\u0131rlar ge\u00e7tik\u00e7e sayfadaki bu konumunu peki\u015ftiriyor, Anadolu\u2019nun en canl\u0131 \u015fehirlerinden biri oluyor. Osmanl\u0131\u2019n\u0131n son d\u00f6nemlerine gelindi\u011finde n\u00fcfusunun neredeyse tamam\u0131 Rumlardan olu\u015fan kent, Bat\u0131 Anadolu k\u0131y\u0131lar\u0131n\u0131n \u0130zmir\u2019den sonra en kalabal\u0131k yerle\u015fimine d\u00f6n\u00fc\u015f\u00fcyor. Bu yo\u011fun n\u00fcfus, ticari, k\u00fclt\u00fcrel ve hatta siyasi bir n\u00fcfuzu da beraberinde getiriyor Ayval\u0131k co\u011frafyas\u0131na. \u015eehre, 1773 tarihinden 1821\u2019e kadar \u00f6zerklik tan\u0131n\u0131yor Osmanl\u0131 taraf\u0131ndan.<\/p>\n<p><strong>BATI ANADOLU\u2019DA B\u0130R \u00d6ZERKL\u0130K H\u0130K\u00c2YES\u0130<\/strong><\/p>\n<p>Ayval\u0131k\u2019\u0131n \u00f6zerklik hikayesi Cezayirli Hasan Pa\u015fa ile Papaz \u0130konomos\u2019un ba\u011f\u0131na dayan\u0131r. 1770 y\u0131l\u0131nda \u00c7e\u015fme\u2019de Rus-Osmanl\u0131 aras\u0131nda ya\u015fanan deniz muharebesinin ard\u0131ndan Hasan Pa\u015fa, bozgun haberini vermek i\u00e7in \u00c7anakkale\u2019ye do\u011fru yola koyulur, Ayval\u0131k\u2019a u\u011frar. Kimli\u011fini gizleyen Hasan Pa\u015fa\u2019ya Ayval\u0131k\u2019ta Papaz \u0130konomos kap\u0131s\u0131n\u0131 a\u00e7ar, onu iyi a\u011f\u0131rlar. Daha sonra kimli\u011fini a\u00e7\u0131klar ve \u0130konomos\u2019un yard\u0131m\u0131yla \u00c7anakkale\u2019deki donanmaya sa\u011f-salim ula\u015f\u0131r Hasan Pa\u015fa. Bir vakit sonra \u015fehirdeki ekonomik ve sosyal s\u0131k\u0131nt\u0131lara \u00e7\u00f6z\u00fcm niyetiyle Papaz \u0130konomos, \u0130stanbul\u2019a gider, Hasan Pa\u015fa\u2019n\u0131n kap\u0131s\u0131n\u0131 \u00e7alar. Ve Ayval\u0131k\u2019\u0131n bir\u00e7ok noktada ba\u011f\u0131ms\u0131z b\u00f6lge niteli\u011fi almas\u0131n\u0131 sa\u011flayan \u00f6zerklik ferman\u0131 yay\u0131nlan\u0131r. Ayval\u0131k, ba\u011f\u0131ms\u0131z olarak y\u00f6netilecek, valiyi se\u00e7me ve g\u00f6revden alma \u015fehir halk\u0131n\u0131n se\u00e7iminde olacak, g\u00fcmr\u00fck gelirleri \u015fehrin kasas\u0131nda kalacakt\u0131r art\u0131k. Kar\u015f\u0131l\u0131\u011f\u0131nda her zeytin a\u011fac\u0131 ba\u015f\u0131na Osmanl\u0131 h\u00fck\u00fcmetine vergi \u00f6deyecektir.<\/p>\n<p><strong>Taksiyarhis Kilisesi<\/strong><\/p>\n<p>Ayval\u0131k\u2019\u0131n alt\u0131n \u00e7a\u011f\u0131 ba\u015flar. G\u00f6\u00e7 al\u0131r, \u015fehre yerle\u015fen t\u00fcccar ve sanatkarlarla Ayval\u0131k nam yapar. Fransa, Avusturya-Macaristan, \u0130ngiltere gibi d\u00f6nemin s\u00fcper g\u00fc\u00e7leri konsolosluklar a\u00e7ar. Ekonomik refah ve k\u00fclt\u00fcrel geli\u015fim Ayval\u0131k\u2019\u0131n mimarisine olduk\u00e7a etki eder. Bug\u00fcn dahi Ayval\u0131k, mabetleri, fabrikalar\u0131, sivil mimarisiyle kendine \u00f6zg\u00fc dokusunu hemen fark ettiriyor seyyaha.<\/p>\n<p><strong>AYVALIK AKADEM\u0130S\u0130<\/strong><\/p>\n<p>Ayd\u0131nlanmac\u0131 fikirlerin kar\u015f\u0131l\u0131k bulmas\u0131yla, geleneksel e\u011fitim anlay\u0131\u015f\u0131n\u0131 reddeden okullar a\u00e7\u0131lmaya ba\u015flar Osmanl\u0131 topraklar\u0131nda. Bunlardan biri de 1803 y\u0131l\u0131nda Ayval\u0131k\u2019ta kurulan akademidir. Felsefe, matematik, filoloji gibi bir\u00e7ok alanda e\u011fitim veren kurum, sadece Ayval\u0131kl\u0131lar aras\u0131nda de\u011fil, b\u00fct\u00fcn Yunan d\u00fcnyas\u0131n\u0131 etkileyecek fikir ortam\u0131 olu\u015fturur zamanla. Akademisyen \u00c7i\u011fdem K\u0131l\u0131\u00e7o\u011flu Cihangir, Ayval\u0131k Akademisi \u00fczerine yay\u0131nlanan bir makalesinde \u201cBir ticaret merkezi oldu\u011fu kadar k\u00fclt\u00fcrel bir merkez niteli\u011fi de ta\u015f\u0131yan Ayval\u0131k\u2019\u0131n ve burada kurulan Akademi\u2019nin, Yunanlar\u0131n ulusla\u015fma s\u00fcrecinde ayr\u0131 bir yeri oldu.\u201d diye bahseder \u015fehirden.<\/p>\n<p>1821 y\u0131l\u0131nda Yunanistan\u2019\u0131n Osmanl\u0131\u2019dan ba\u011f\u0131ms\u0131zl\u0131\u011f\u0131n\u0131 kazanmas\u0131yla Ayval\u0131k\u2019\u0131n alt\u0131n \u00e7a\u011f\u0131 son bulur. Osmanl\u0131, \u015fehri bir donanmayla \u00e7evreler, \u00f6zerklik ferman\u0131 y\u0131rt\u0131l\u0131r. \u015eehrin kaderi yine g\u00f6\u00e7ten, di\u011fer tabirle yerinden olma hikayesinden kurtulmaz, Ayval\u0131k bo\u015falt\u0131l\u0131r. Ayr\u0131cal\u0131\u011f\u0131 olan bu \u015fehir art\u0131k stat\u00fc olarak da Karesi (Bal\u0131kesir) iline ba\u011fl\u0131 bir il\u00e7eye d\u00f6n\u00fc\u015fm\u00fc\u015ft\u00fcr. Sonralar\u0131 tekrar n\u00fcfusu artmaya ba\u015flar buran\u0131n. Eskisi kadar olmasa da ticari ve k\u00fclt\u00fcrel zenginli\u011fine kavu\u015fmu\u015ftur yeniden. 1920\u2019lere gelindi\u011finde 25 bine yak\u0131n n\u00fcfusuyla yine Anadolu\u2019nun b\u00fcy\u00fck kentlerinden olacak, halk\u0131n\u0131n neredeyse tamam\u0131n\u0131 Rumlar olu\u015fturacakt\u0131. Bu kez de m\u00fcbadeleye sahne olacakt\u0131 bu \u015fehir. M\u00fcbadele, Ayval\u0131k\u2019\u0131n t\u00fcm n\u00fcfusunu yurdundan edecek, binlerce insan\u0131 \u2018yeni vatan\u0131na\u2019 mecburi g\u00f6\u00e7e tabi tutacakt\u0131.<\/p>\n<p>Zeytin ye\u015filiyle Ege mavisinin kavu\u015ftu\u011fu topraklar, Ayval\u0131k. Umudun anlam\u0131n\u0131 hi\u00e7 yitirmedi\u011fi co\u011frafya. \u00d6yle ki, daha ferah bir hayat s\u00fcrebilmek i\u00e7in d\u00fcnyan\u0131n bir\u00e7ok noktas\u0131nda yerinden olan ve umuda yolculu\u011fa \u00e7\u0131kan nice insano\u011flunun rotalar\u0131ndan biri buras\u0131. Onca g\u00f6\u00e7 ve terk edilme hikayesine ra\u011fmen bug\u00fcn yeniden t\u00fcm canl\u0131l\u0131\u011f\u0131 ve ne\u015fesiyle \u00f6zg\u00fcn \u015fehirlerinden biri Anadolu\u2019nun. Velhas\u0131l, zeytin dal\u0131 varsa co\u011frafyada, umut var demektir, ya\u015fan\u0131lacak g\u00fczel g\u00fcnler var demektir. Naz\u0131m Hikmet\u2019in dedi\u011fi gibi; Yani, \u00f6ylesine ciddiye alacaks\u0131n ki ya\u015famay\u0131, yetmi\u015finde bile, mesela, zeytin dikeceksin, hem de \u00f6yle \u00e7ocuklara falan kal\u0131r diye de\u011fil, \u00f6lmekten korktu\u011fun halde \u00f6l\u00fcme inanmad\u0131\u011f\u0131n i\u00e7in, ya\u015famak yani a\u011f\u0131r bast\u0131\u011f\u0131ndan. H\u00fcsn\u00fc Arkan\u2019\u0131n Yeniden par\u00e7as\u0131yla veda ediyorum Ege\u2019nin nev-i m\u00fcnhas\u0131r \u015fehrine.<\/p>\n<hr \/>\n<p><em><strong><a href=\"https:\/\/www.gazeteduvar.com.tr\/umudun-topragi-ayvalik-haber-1565127\" target=\"_blank\" rel=\"noopener noreferrer\">Gazete Duvar<\/a>\u00a0<\/strong><\/em><\/p>\n","protected":false},"excerpt":{"rendered":"<p>Zeytin ye\u015filiyle Ege mavisinin kavu\u015ftu\u011fu topraklar, Ayval\u0131k. Umudun anlam\u0131n\u0131 hi\u00e7 yitirmedi\u011fi co\u011frafya. Zeytin dal\u0131 varsa co\u011frafyada, umut var demektir, ya\u015fan\u0131lacak g\u00fczel g\u00fcnler var demektir. Fatih S\u0131nar Zeytinli\u011fin i\u00e7inde y\u00fcr\u00fcyorum, k\u0131ymetli zeytinin dallar\u0131 aras\u0131ndan s\u0131zan g\u00fcne\u015f g\u00f6zlerimi kama\u015ft\u0131r\u0131yor bazen. Ald\u0131rm\u0131yorum ve g\u00fcne\u015fin umut veren parlakl\u0131\u011f\u0131na do\u011fru, zeytine hayat olan bu topraklar\u0131 ad\u0131mlamaya devam ediyorum. Zeytin dal\u0131, [&hellip;]<\/p>\n","protected":false},"author":7,"featured_media":68654,"comment_status":"open","ping_status":"open","sticky":false,"template":"","format":"standard","meta":{"footnotes":""},"categories":[1],"tags":[],"class_list":["post-68653","post","type-post","status-publish","format-standard","has-post-thumbnail","hentry","category-haberler"],"yoast_head":"<!-- This site is optimized with the Yoast SEO plugin v27.4 - https:\/\/yoast.com\/product\/yoast-seo-wordpress\/ -->\n<title>Umudun topra\u011f\u0131: Ayval\u0131k - Bati Ermenistan Ve Bati Ermenileri Sorunlari Ara\u015ftirmalar Merkezi<\/title>\n<meta name=\"robots\" content=\"index, follow, max-snippet:-1, max-image-preview:large, max-video-preview:-1\" \/>\n<link rel=\"canonical\" href=\"https:\/\/akunq.net\/tr\/?p=68653\" \/>\n<meta property=\"og:locale\" content=\"en_US\" \/>\n<meta property=\"og:type\" content=\"article\" \/>\n<meta property=\"og:title\" content=\"Umudun topra\u011f\u0131: Ayval\u0131k - Bati Ermenistan Ve Bati Ermenileri Sorunlari Ara\u015ftirmalar Merkezi\" \/>\n<meta property=\"og:description\" content=\"Zeytin ye\u015filiyle Ege mavisinin kavu\u015ftu\u011fu topraklar, Ayval\u0131k. Umudun anlam\u0131n\u0131 hi\u00e7 yitirmedi\u011fi co\u011frafya. Zeytin dal\u0131 varsa co\u011frafyada, umut var demektir, ya\u015fan\u0131lacak g\u00fczel g\u00fcnler var demektir. Fatih S\u0131nar Zeytinli\u011fin i\u00e7inde y\u00fcr\u00fcyorum, k\u0131ymetli zeytinin dallar\u0131 aras\u0131ndan s\u0131zan g\u00fcne\u015f g\u00f6zlerimi kama\u015ft\u0131r\u0131yor bazen. Ald\u0131rm\u0131yorum ve g\u00fcne\u015fin umut veren parlakl\u0131\u011f\u0131na do\u011fru, zeytine hayat olan bu topraklar\u0131 ad\u0131mlamaya devam ediyorum. Zeytin dal\u0131, [&hellip;]\" \/>\n<meta property=\"og:url\" content=\"https:\/\/akunq.net\/tr\/?p=68653\" \/>\n<meta property=\"og:site_name\" content=\"Bati Ermenistan Ve Bati Ermenileri Sorunlari Ara\u015ftirmalar Merkezi\" \/>\n<meta property=\"article:published_time\" content=\"2022-05-23T09:30:50+00:00\" \/>\n<meta property=\"og:image\" content=\"https:\/\/akunq.net\/tr\/wp-content\/uploads\/sites\/6\/2022\/05\/Taksiyarhis-Kilisesi.jpg\" \/>\n\t<meta property=\"og:image:width\" content=\"1024\" \/>\n\t<meta property=\"og:image:height\" content=\"597\" \/>\n\t<meta property=\"og:image:type\" content=\"image\/jpeg\" \/>\n<meta name=\"author\" content=\"admin\" \/>\n<meta name=\"twitter:card\" content=\"summary_large_image\" \/>\n<meta name=\"twitter:label1\" content=\"Written by\" \/>\n\t<meta name=\"twitter:data1\" content=\"admin\" \/>\n\t<meta name=\"twitter:label2\" content=\"Est. reading time\" \/>\n\t<meta name=\"twitter:data2\" content=\"6 minutes\" \/>\n<script type=\"application\/ld+json\" class=\"yoast-schema-graph\">{\"@context\":\"https:\\\/\\\/schema.org\",\"@graph\":[{\"@type\":\"Article\",\"@id\":\"https:\\\/\\\/akunq.net\\\/tr\\\/?p=68653#article\",\"isPartOf\":{\"@id\":\"https:\\\/\\\/akunq.net\\\/tr\\\/?p=68653\"},\"author\":{\"name\":\"admin\",\"@id\":\"https:\\\/\\\/akunq.net\\\/tr\\\/#\\\/schema\\\/person\\\/096f1d38a12cce57fb855b485ed24c9e\"},\"headline\":\"Umudun topra\u011f\u0131: Ayval\u0131k\",\"datePublished\":\"2022-05-23T09:30:50+00:00\",\"mainEntityOfPage\":{\"@id\":\"https:\\\/\\\/akunq.net\\\/tr\\\/?p=68653\"},\"wordCount\":1171,\"commentCount\":0,\"image\":{\"@id\":\"https:\\\/\\\/akunq.net\\\/tr\\\/?p=68653#primaryimage\"},\"thumbnailUrl\":\"https:\\\/\\\/akunq.net\\\/tr\\\/wp-content\\\/uploads\\\/sites\\\/6\\\/2022\\\/05\\\/Taksiyarhis-Kilisesi.jpg\",\"articleSection\":[\"Haberler\"],\"inLanguage\":\"en-US\",\"potentialAction\":[{\"@type\":\"CommentAction\",\"name\":\"Comment\",\"target\":[\"https:\\\/\\\/akunq.net\\\/tr\\\/?p=68653#respond\"]}]},{\"@type\":\"WebPage\",\"@id\":\"https:\\\/\\\/akunq.net\\\/tr\\\/?p=68653\",\"url\":\"https:\\\/\\\/akunq.net\\\/tr\\\/?p=68653\",\"name\":\"Umudun topra\u011f\u0131: Ayval\u0131k - Bati Ermenistan Ve Bati Ermenileri Sorunlari Ara\u015ftirmalar Merkezi\",\"isPartOf\":{\"@id\":\"https:\\\/\\\/akunq.net\\\/tr\\\/#website\"},\"primaryImageOfPage\":{\"@id\":\"https:\\\/\\\/akunq.net\\\/tr\\\/?p=68653#primaryimage\"},\"image\":{\"@id\":\"https:\\\/\\\/akunq.net\\\/tr\\\/?p=68653#primaryimage\"},\"thumbnailUrl\":\"https:\\\/\\\/akunq.net\\\/tr\\\/wp-content\\\/uploads\\\/sites\\\/6\\\/2022\\\/05\\\/Taksiyarhis-Kilisesi.jpg\",\"datePublished\":\"2022-05-23T09:30:50+00:00\",\"author\":{\"@id\":\"https:\\\/\\\/akunq.net\\\/tr\\\/#\\\/schema\\\/person\\\/096f1d38a12cce57fb855b485ed24c9e\"},\"breadcrumb\":{\"@id\":\"https:\\\/\\\/akunq.net\\\/tr\\\/?p=68653#breadcrumb\"},\"inLanguage\":\"en-US\",\"potentialAction\":[{\"@type\":\"ReadAction\",\"target\":[\"https:\\\/\\\/akunq.net\\\/tr\\\/?p=68653\"]}]},{\"@type\":\"ImageObject\",\"inLanguage\":\"en-US\",\"@id\":\"https:\\\/\\\/akunq.net\\\/tr\\\/?p=68653#primaryimage\",\"url\":\"https:\\\/\\\/akunq.net\\\/tr\\\/wp-content\\\/uploads\\\/sites\\\/6\\\/2022\\\/05\\\/Taksiyarhis-Kilisesi.jpg\",\"contentUrl\":\"https:\\\/\\\/akunq.net\\\/tr\\\/wp-content\\\/uploads\\\/sites\\\/6\\\/2022\\\/05\\\/Taksiyarhis-Kilisesi.jpg\",\"width\":1024,\"height\":597},{\"@type\":\"BreadcrumbList\",\"@id\":\"https:\\\/\\\/akunq.net\\\/tr\\\/?p=68653#breadcrumb\",\"itemListElement\":[{\"@type\":\"ListItem\",\"position\":1,\"name\":\"Home\",\"item\":\"https:\\\/\\\/akunq.net\\\/tr\"},{\"@type\":\"ListItem\",\"position\":2,\"name\":\"Umudun topra\u011f\u0131: Ayval\u0131k\"}]},{\"@type\":\"WebSite\",\"@id\":\"https:\\\/\\\/akunq.net\\\/tr\\\/#website\",\"url\":\"https:\\\/\\\/akunq.net\\\/tr\\\/\",\"name\":\"Bati Ermenistan Ve Bati Ermenileri Sorunlari Ara\u015ftirmalar Merkezi\",\"description\":\"\",\"potentialAction\":[{\"@type\":\"SearchAction\",\"target\":{\"@type\":\"EntryPoint\",\"urlTemplate\":\"https:\\\/\\\/akunq.net\\\/tr\\\/?s={search_term_string}\"},\"query-input\":{\"@type\":\"PropertyValueSpecification\",\"valueRequired\":true,\"valueName\":\"search_term_string\"}}],\"inLanguage\":\"en-US\"},{\"@type\":\"Person\",\"@id\":\"https:\\\/\\\/akunq.net\\\/tr\\\/#\\\/schema\\\/person\\\/096f1d38a12cce57fb855b485ed24c9e\",\"name\":\"admin\",\"url\":\"https:\\\/\\\/akunq.net\\\/tr\\\/?author=7\"}]}<\/script>\n<!-- \/ Yoast SEO plugin. -->","yoast_head_json":{"title":"Umudun topra\u011f\u0131: Ayval\u0131k - Bati Ermenistan Ve Bati Ermenileri Sorunlari Ara\u015ftirmalar Merkezi","robots":{"index":"index","follow":"follow","max-snippet":"max-snippet:-1","max-image-preview":"max-image-preview:large","max-video-preview":"max-video-preview:-1"},"canonical":"https:\/\/akunq.net\/tr\/?p=68653","og_locale":"en_US","og_type":"article","og_title":"Umudun topra\u011f\u0131: Ayval\u0131k - Bati Ermenistan Ve Bati Ermenileri Sorunlari Ara\u015ftirmalar Merkezi","og_description":"Zeytin ye\u015filiyle Ege mavisinin kavu\u015ftu\u011fu topraklar, Ayval\u0131k. Umudun anlam\u0131n\u0131 hi\u00e7 yitirmedi\u011fi co\u011frafya. Zeytin dal\u0131 varsa co\u011frafyada, umut var demektir, ya\u015fan\u0131lacak g\u00fczel g\u00fcnler var demektir. Fatih S\u0131nar Zeytinli\u011fin i\u00e7inde y\u00fcr\u00fcyorum, k\u0131ymetli zeytinin dallar\u0131 aras\u0131ndan s\u0131zan g\u00fcne\u015f g\u00f6zlerimi kama\u015ft\u0131r\u0131yor bazen. Ald\u0131rm\u0131yorum ve g\u00fcne\u015fin umut veren parlakl\u0131\u011f\u0131na do\u011fru, zeytine hayat olan bu topraklar\u0131 ad\u0131mlamaya devam ediyorum. Zeytin dal\u0131, [&hellip;]","og_url":"https:\/\/akunq.net\/tr\/?p=68653","og_site_name":"Bati Ermenistan Ve Bati Ermenileri Sorunlari Ara\u015ftirmalar Merkezi","article_published_time":"2022-05-23T09:30:50+00:00","og_image":[{"width":1024,"height":597,"url":"https:\/\/akunq.net\/tr\/wp-content\/uploads\/sites\/6\/2022\/05\/Taksiyarhis-Kilisesi.jpg","type":"image\/jpeg"}],"author":"admin","twitter_card":"summary_large_image","twitter_misc":{"Written by":"admin","Est. reading time":"6 minutes"},"schema":{"@context":"https:\/\/schema.org","@graph":[{"@type":"Article","@id":"https:\/\/akunq.net\/tr\/?p=68653#article","isPartOf":{"@id":"https:\/\/akunq.net\/tr\/?p=68653"},"author":{"name":"admin","@id":"https:\/\/akunq.net\/tr\/#\/schema\/person\/096f1d38a12cce57fb855b485ed24c9e"},"headline":"Umudun topra\u011f\u0131: Ayval\u0131k","datePublished":"2022-05-23T09:30:50+00:00","mainEntityOfPage":{"@id":"https:\/\/akunq.net\/tr\/?p=68653"},"wordCount":1171,"commentCount":0,"image":{"@id":"https:\/\/akunq.net\/tr\/?p=68653#primaryimage"},"thumbnailUrl":"https:\/\/akunq.net\/tr\/wp-content\/uploads\/sites\/6\/2022\/05\/Taksiyarhis-Kilisesi.jpg","articleSection":["Haberler"],"inLanguage":"en-US","potentialAction":[{"@type":"CommentAction","name":"Comment","target":["https:\/\/akunq.net\/tr\/?p=68653#respond"]}]},{"@type":"WebPage","@id":"https:\/\/akunq.net\/tr\/?p=68653","url":"https:\/\/akunq.net\/tr\/?p=68653","name":"Umudun topra\u011f\u0131: Ayval\u0131k - Bati Ermenistan Ve Bati Ermenileri Sorunlari Ara\u015ftirmalar Merkezi","isPartOf":{"@id":"https:\/\/akunq.net\/tr\/#website"},"primaryImageOfPage":{"@id":"https:\/\/akunq.net\/tr\/?p=68653#primaryimage"},"image":{"@id":"https:\/\/akunq.net\/tr\/?p=68653#primaryimage"},"thumbnailUrl":"https:\/\/akunq.net\/tr\/wp-content\/uploads\/sites\/6\/2022\/05\/Taksiyarhis-Kilisesi.jpg","datePublished":"2022-05-23T09:30:50+00:00","author":{"@id":"https:\/\/akunq.net\/tr\/#\/schema\/person\/096f1d38a12cce57fb855b485ed24c9e"},"breadcrumb":{"@id":"https:\/\/akunq.net\/tr\/?p=68653#breadcrumb"},"inLanguage":"en-US","potentialAction":[{"@type":"ReadAction","target":["https:\/\/akunq.net\/tr\/?p=68653"]}]},{"@type":"ImageObject","inLanguage":"en-US","@id":"https:\/\/akunq.net\/tr\/?p=68653#primaryimage","url":"https:\/\/akunq.net\/tr\/wp-content\/uploads\/sites\/6\/2022\/05\/Taksiyarhis-Kilisesi.jpg","contentUrl":"https:\/\/akunq.net\/tr\/wp-content\/uploads\/sites\/6\/2022\/05\/Taksiyarhis-Kilisesi.jpg","width":1024,"height":597},{"@type":"BreadcrumbList","@id":"https:\/\/akunq.net\/tr\/?p=68653#breadcrumb","itemListElement":[{"@type":"ListItem","position":1,"name":"Home","item":"https:\/\/akunq.net\/tr"},{"@type":"ListItem","position":2,"name":"Umudun topra\u011f\u0131: Ayval\u0131k"}]},{"@type":"WebSite","@id":"https:\/\/akunq.net\/tr\/#website","url":"https:\/\/akunq.net\/tr\/","name":"Bati Ermenistan Ve Bati Ermenileri Sorunlari Ara\u015ftirmalar Merkezi","description":"","potentialAction":[{"@type":"SearchAction","target":{"@type":"EntryPoint","urlTemplate":"https:\/\/akunq.net\/tr\/?s={search_term_string}"},"query-input":{"@type":"PropertyValueSpecification","valueRequired":true,"valueName":"search_term_string"}}],"inLanguage":"en-US"},{"@type":"Person","@id":"https:\/\/akunq.net\/tr\/#\/schema\/person\/096f1d38a12cce57fb855b485ed24c9e","name":"admin","url":"https:\/\/akunq.net\/tr\/?author=7"}]}},"_links":{"self":[{"href":"https:\/\/akunq.net\/tr\/index.php?rest_route=\/wp\/v2\/posts\/68653","targetHints":{"allow":["GET"]}}],"collection":[{"href":"https:\/\/akunq.net\/tr\/index.php?rest_route=\/wp\/v2\/posts"}],"about":[{"href":"https:\/\/akunq.net\/tr\/index.php?rest_route=\/wp\/v2\/types\/post"}],"author":[{"embeddable":true,"href":"https:\/\/akunq.net\/tr\/index.php?rest_route=\/wp\/v2\/users\/7"}],"replies":[{"embeddable":true,"href":"https:\/\/akunq.net\/tr\/index.php?rest_route=%2Fwp%2Fv2%2Fcomments&post=68653"}],"version-history":[{"count":1,"href":"https:\/\/akunq.net\/tr\/index.php?rest_route=\/wp\/v2\/posts\/68653\/revisions"}],"predecessor-version":[{"id":68655,"href":"https:\/\/akunq.net\/tr\/index.php?rest_route=\/wp\/v2\/posts\/68653\/revisions\/68655"}],"wp:featuredmedia":[{"embeddable":true,"href":"https:\/\/akunq.net\/tr\/index.php?rest_route=\/wp\/v2\/media\/68654"}],"wp:attachment":[{"href":"https:\/\/akunq.net\/tr\/index.php?rest_route=%2Fwp%2Fv2%2Fmedia&parent=68653"}],"wp:term":[{"taxonomy":"category","embeddable":true,"href":"https:\/\/akunq.net\/tr\/index.php?rest_route=%2Fwp%2Fv2%2Fcategories&post=68653"},{"taxonomy":"post_tag","embeddable":true,"href":"https:\/\/akunq.net\/tr\/index.php?rest_route=%2Fwp%2Fv2%2Ftags&post=68653"}],"curies":[{"name":"wp","href":"https:\/\/api.w.org\/{rel}","templated":true}]}}