{"id":68650,"date":"2022-05-23T04:23:08","date_gmt":"2022-05-23T09:23:08","guid":{"rendered":"https:\/\/akunq.net\/tr\/?p=68650"},"modified":"2022-05-23T04:23:08","modified_gmt":"2022-05-23T09:23:08","slug":"ustune-yapilan-gecekondu-tarihi-sarnici-tehdit-ediyor-koruma-altina-alinmali","status":"publish","type":"post","link":"https:\/\/akunq.net\/tr\/?p=68650","title":{"rendered":"\u00dcst\u00fcne yap\u0131lan \u2018gecekondu\u2019, tarihi sarn\u0131c\u0131 tehdit ediyor: \u2018Koruma alt\u0131na al\u0131nmal\u0131\u2019"},"content":{"rendered":"<p><img loading=\"lazy\" decoding=\"async\" class=\"aligncenter size-medium wp-image-68651\" src=\"https:\/\/akunq.net\/tr\/wp-content\/uploads\/2022\/05\/Izmit-360x240.jpg\" alt=\"\" width=\"360\" height=\"240\" srcset=\"https:\/\/akunq.net\/tr\/wp-content\/uploads\/sites\/6\/2022\/05\/Izmit-360x240.jpg 360w, https:\/\/akunq.net\/tr\/wp-content\/uploads\/sites\/6\/2022\/05\/Izmit-768x512.jpg 768w, https:\/\/akunq.net\/tr\/wp-content\/uploads\/sites\/6\/2022\/05\/Izmit-1536x1024.jpg 1536w, https:\/\/akunq.net\/tr\/wp-content\/uploads\/sites\/6\/2022\/05\/Izmit-2048x1365.jpg 2048w, https:\/\/akunq.net\/tr\/wp-content\/uploads\/sites\/6\/2022\/05\/Izmit-560x373.jpg 560w, https:\/\/akunq.net\/tr\/wp-content\/uploads\/sites\/6\/2022\/05\/Izmit-260x173.jpg 260w, https:\/\/akunq.net\/tr\/wp-content\/uploads\/sites\/6\/2022\/05\/Izmit-160x107.jpg 160w\" sizes=\"auto, (max-width: 360px) 100vw, 360px\" \/><\/p>\n<p><em><strong>\u0130zmit\u2019te, Roma d\u00f6neminde \u015fehrin su ihtiyac\u0131n\u0131 kar\u015f\u0131layan, 1987\u2019de Kocaeli An\u0131tlar Kurulu\u2019nca tescillenen ve \u00fczerinde gecekondu bulunan \u0130n Bay\u0131r\u0131 Sarn\u0131c\u0131, bak\u0131ms\u0131zl\u0131k ve mevsimsel \u015fartlardan yok olmaya y\u00fcz tuttu. Prof. Dr. Ay\u015fe Tuba \u00d6kse, \u201cBu t\u00fcr yap\u0131lar\u0131n kazand\u0131r\u0131lmas\u0131 i\u00e7in \u00e7evre d\u00fczenlemesi yap\u0131lmas\u0131, \u00fcst\u00fcndeki yap\u0131lar\u0131n kald\u0131r\u0131lmas\u0131 laz\u0131m. Ziyaret alan\u0131na d\u00f6n\u00fc\u015ft\u00fcr\u00fclmeli\u201d dedi.<\/strong><\/em><\/p>\n<p>\u0130zmit\u2019in Cedit Mahallesi\u2019ndeki, \u015fehrin su ihtiyac\u0131n\u0131 kar\u015f\u0131lad\u0131\u011f\u0131 bilinen ve Kocaeli An\u0131tlar Kurulu taraf\u0131ndan 1987 y\u0131l\u0131nda tarihi yap\u0131 olarak tescillenen \u0130n Bay\u0131r\u0131 Sarn\u0131c\u0131, bak\u0131ms\u0131zl\u0131k ve mevsimsel \u015fartlar nedeniyle yok olma tehlikesiyle kar\u015f\u0131 kar\u015f\u0131ya kald\u0131.<\/p>\n<p>Roma d\u00f6neminde yap\u0131lan 2\u2019nci en b\u00fcy\u00fck su kemeri olma \u00f6zelli\u011fi ta\u015f\u0131yan ve 22 kilometre uzakl\u0131ktaki Pa\u015fasuyu\u2019ndan toplam 21 su kemeri birle\u015ftirilerek in\u015fa edilen su kanal\u0131n\u0131n b\u00fcy\u00fck k\u0131sm\u0131nda zamana ba\u011fl\u0131 tahribat oldu.<\/p>\n<p><strong>DEM\u0130R SACLARLA KAPATILDI<\/strong><\/p>\n<p>\u00c7arp\u0131k kentle\u015fme i\u00e7inde, ge\u00e7mi\u015f y\u0131llarda \u00fczerine in\u015fa edilen gecekonduyla varl\u0131\u011f\u0131n\u0131 s\u00fcrd\u00fcren \u0130n Bay\u0131r\u0131 Sarn\u0131c\u0131, bak\u0131ms\u0131zl\u0131k ve \u00e7arp\u0131k yap\u0131la\u015fma tehdidi alt\u0131nda yok olmay\u0131 bekliyor.<\/p>\n<p>\u015eu an at\u0131l durumda bulunan ve madde ba\u011f\u0131ml\u0131lar\u0131n\u0131n mesken haline getirdi\u011fi sarn\u0131c\u0131n etraf\u0131, mahallelinin \u015fikayeti \u00fczerine, belediye ekipleri taraf\u0131ndan demir saclarla kapat\u0131ld\u0131. \u0130\u00e7eri giri\u015f ve \u00e7\u0131k\u0131\u015f\u0131n k\u0131s\u0131tland\u0131\u011f\u0131 sarn\u0131c\u0131n duvarlar\u0131n\u0131n y\u0131k\u0131lmak \u00fczere oldu\u011fu ve bak\u0131ms\u0131zl\u0131ktan bitkilerle \u00f6rt\u00fcld\u00fc\u011f\u00fc g\u00f6r\u00fcld\u00fc.<\/p>\n<p><strong>\u2018\u0130NSANLIK TAR\u0130H\u0130 \u0130\u00c7\u0130N KIYMETL\u0130\u2019<\/strong><\/p>\n<p>Bu yap\u0131lar\u0131n hem kent hem de insanl\u0131k tarihi a\u00e7\u0131s\u0131ndan son derece k\u0131ymetli oldu\u011funu kaydeden Prof. Dr. Ay\u015fe Tuba \u00d6kse, \u201cBu t\u00fcr yap\u0131larda zamanla r\u00fczgar erozyonuyla ya\u011fmur erozyonuyla so\u011fuk ve s\u0131cak havan\u0131n etkisiyle par\u00e7alanmalar ba\u015flayacakt\u0131r. G\u00f6r\u00fcld\u00fc\u011f\u00fc kadar\u0131yla \u00fczerinde bir gecekondu var. \u00c7ok a\u011f\u0131r olmayabilir bu yap\u0131 sarn\u0131\u00e7 i\u00e7in ama bir yer sars\u0131nt\u0131s\u0131 onu y\u0131kmaya neden olabilir. O nedenle \u00fczerinin bo\u015f kalmas\u0131 laz\u0131m bu yap\u0131lar\u0131n. Bunlar\u0131n kazand\u0131r\u0131lmas\u0131 i\u00e7in etraf\u0131nda bir \u00e7evre d\u00fczenlemesi yap\u0131lmas\u0131 laz\u0131m. \u00dcst\u00fcnde kald\u0131r\u0131labiliyorsa o yap\u0131n\u0131n kald\u0131r\u0131lmas\u0131 laz\u0131m. Etraf\u0131n\u0131n kapat\u0131l\u0131p koruma alt\u0131na al\u0131nmas\u0131 laz\u0131m. M\u00fcmk\u00fcnse birtak\u0131m bilgi veren panolarla bir ziyaret alan\u0131na d\u00f6n\u00fc\u015ft\u00fcr\u00fclmesi laz\u0131m. \u0130zmit\u2019in ve b\u00fct\u00fcn \u015fehirlerimizin b\u00f6yle bir potansiyeli var\u201d dedi.<\/p>\n<p>Alan\u0131n tarihi yap\u0131 olmas\u0131 nedeniyle turist \u00e7ekebilecek b\u00f6lge oldu\u011funu s\u00f6yleyen Prof. Dr. \u00d6kse, \u201cBu yap\u0131lar, ge\u00e7 Roma ve Bizans d\u00f6nemine aittir ama Osmanl\u0131 d\u00f6neminde de zaman zaman onar\u0131larak kullan\u0131lm\u0131\u015ft\u0131r. Par\u00e7a par\u00e7a korunmu\u015f durumda, tamam\u0131n\u0131 bulam\u0131yoruz. Olabildi\u011fi kadar\u0131yla koruma alt\u0131na al\u0131nmas\u0131 gerekiyor. \u00c7\u00fcnk\u00fc ger\u00e7ekten turist \u00e7ekebilecek alanlar fakat sadece turist \u00e7ekmesi anlam\u0131nda de\u011fil halkta tarihi k\u00fclt\u00fcr\u00fcn, arkeolojik k\u00fclt\u00fcr\u00fcn, miras\u0131n fark\u0131ndal\u0131\u011f\u0131n\u0131 yaratmas\u0131 i\u00e7in \u00f6nemli\u201d diye konu\u015ftu.<\/p>\n<hr \/>\n<p><em><strong><a href=\"https:\/\/www.cumhuriyet.com.tr\/turkiye\/ustune-yapilan-gecekondu-tarihi-sarnici-tehdit-ediyor-koruma-altina-alinmali-1938285\" target=\"_blank\" rel=\"noopener noreferrer\">Cumhuriyet Gazetesi<\/a>\u00a0<\/strong><\/em><\/p>\n","protected":false},"excerpt":{"rendered":"<p>\u0130zmit\u2019te, Roma d\u00f6neminde \u015fehrin su ihtiyac\u0131n\u0131 kar\u015f\u0131layan, 1987\u2019de Kocaeli An\u0131tlar Kurulu\u2019nca tescillenen ve \u00fczerinde gecekondu bulunan \u0130n Bay\u0131r\u0131 Sarn\u0131c\u0131, bak\u0131ms\u0131zl\u0131k ve mevsimsel \u015fartlardan yok olmaya y\u00fcz tuttu. Prof. Dr. Ay\u015fe Tuba \u00d6kse, \u201cBu t\u00fcr yap\u0131lar\u0131n kazand\u0131r\u0131lmas\u0131 i\u00e7in \u00e7evre d\u00fczenlemesi yap\u0131lmas\u0131, \u00fcst\u00fcndeki yap\u0131lar\u0131n kald\u0131r\u0131lmas\u0131 laz\u0131m. Ziyaret alan\u0131na d\u00f6n\u00fc\u015ft\u00fcr\u00fclmeli\u201d dedi. \u0130zmit\u2019in Cedit Mahallesi\u2019ndeki, \u015fehrin su ihtiyac\u0131n\u0131 kar\u015f\u0131lad\u0131\u011f\u0131 [&hellip;]<\/p>\n","protected":false},"author":7,"featured_media":68651,"comment_status":"open","ping_status":"open","sticky":false,"template":"","format":"standard","meta":{"footnotes":""},"categories":[1],"tags":[],"class_list":["post-68650","post","type-post","status-publish","format-standard","has-post-thumbnail","hentry","category-haberler"],"yoast_head":"<!-- This site is optimized with the Yoast SEO plugin v27.4 - https:\/\/yoast.com\/product\/yoast-seo-wordpress\/ -->\n<title>\u00dcst\u00fcne yap\u0131lan \u2018gecekondu\u2019, tarihi sarn\u0131c\u0131 tehdit ediyor: \u2018Koruma alt\u0131na al\u0131nmal\u0131\u2019 - Bati Ermenistan Ve Bati Ermenileri Sorunlari Ara\u015ftirmalar Merkezi<\/title>\n<meta name=\"robots\" content=\"index, follow, max-snippet:-1, max-image-preview:large, max-video-preview:-1\" \/>\n<link rel=\"canonical\" href=\"https:\/\/akunq.net\/tr\/?p=68650\" \/>\n<meta property=\"og:locale\" content=\"en_US\" \/>\n<meta property=\"og:type\" content=\"article\" \/>\n<meta property=\"og:title\" content=\"\u00dcst\u00fcne yap\u0131lan \u2018gecekondu\u2019, tarihi sarn\u0131c\u0131 tehdit ediyor: \u2018Koruma alt\u0131na al\u0131nmal\u0131\u2019 - Bati Ermenistan Ve Bati Ermenileri Sorunlari Ara\u015ftirmalar Merkezi\" \/>\n<meta property=\"og:description\" content=\"\u0130zmit\u2019te, Roma d\u00f6neminde \u015fehrin su ihtiyac\u0131n\u0131 kar\u015f\u0131layan, 1987\u2019de Kocaeli An\u0131tlar Kurulu\u2019nca tescillenen ve \u00fczerinde gecekondu bulunan \u0130n Bay\u0131r\u0131 Sarn\u0131c\u0131, bak\u0131ms\u0131zl\u0131k ve mevsimsel \u015fartlardan yok olmaya y\u00fcz tuttu. Prof. Dr. Ay\u015fe Tuba \u00d6kse, \u201cBu t\u00fcr yap\u0131lar\u0131n kazand\u0131r\u0131lmas\u0131 i\u00e7in \u00e7evre d\u00fczenlemesi yap\u0131lmas\u0131, \u00fcst\u00fcndeki yap\u0131lar\u0131n kald\u0131r\u0131lmas\u0131 laz\u0131m. Ziyaret alan\u0131na d\u00f6n\u00fc\u015ft\u00fcr\u00fclmeli\u201d dedi. \u0130zmit\u2019in Cedit Mahallesi\u2019ndeki, \u015fehrin su ihtiyac\u0131n\u0131 kar\u015f\u0131lad\u0131\u011f\u0131 [&hellip;]\" \/>\n<meta property=\"og:url\" content=\"https:\/\/akunq.net\/tr\/?p=68650\" \/>\n<meta property=\"og:site_name\" content=\"Bati Ermenistan Ve Bati Ermenileri Sorunlari Ara\u015ftirmalar Merkezi\" \/>\n<meta property=\"article:published_time\" content=\"2022-05-23T09:23:08+00:00\" \/>\n<meta property=\"og:image\" content=\"https:\/\/akunq.net\/tr\/wp-content\/uploads\/sites\/6\/2022\/05\/Izmit-scaled.jpg\" \/>\n\t<meta property=\"og:image:width\" content=\"2560\" \/>\n\t<meta property=\"og:image:height\" content=\"1707\" \/>\n\t<meta property=\"og:image:type\" content=\"image\/jpeg\" \/>\n<meta name=\"author\" content=\"admin\" \/>\n<meta name=\"twitter:card\" content=\"summary_large_image\" \/>\n<meta name=\"twitter:label1\" content=\"Written by\" \/>\n\t<meta name=\"twitter:data1\" content=\"admin\" \/>\n\t<meta name=\"twitter:label2\" content=\"Est. reading time\" \/>\n\t<meta name=\"twitter:data2\" content=\"3 minutes\" \/>\n<script type=\"application\/ld+json\" class=\"yoast-schema-graph\">{\"@context\":\"https:\\\/\\\/schema.org\",\"@graph\":[{\"@type\":\"Article\",\"@id\":\"https:\\\/\\\/akunq.net\\\/tr\\\/?p=68650#article\",\"isPartOf\":{\"@id\":\"https:\\\/\\\/akunq.net\\\/tr\\\/?p=68650\"},\"author\":{\"name\":\"admin\",\"@id\":\"https:\\\/\\\/akunq.net\\\/tr\\\/#\\\/schema\\\/person\\\/096f1d38a12cce57fb855b485ed24c9e\"},\"headline\":\"\u00dcst\u00fcne yap\u0131lan \u2018gecekondu\u2019, tarihi sarn\u0131c\u0131 tehdit ediyor: \u2018Koruma alt\u0131na al\u0131nmal\u0131\u2019\",\"datePublished\":\"2022-05-23T09:23:08+00:00\",\"mainEntityOfPage\":{\"@id\":\"https:\\\/\\\/akunq.net\\\/tr\\\/?p=68650\"},\"wordCount\":568,\"commentCount\":0,\"image\":{\"@id\":\"https:\\\/\\\/akunq.net\\\/tr\\\/?p=68650#primaryimage\"},\"thumbnailUrl\":\"https:\\\/\\\/akunq.net\\\/tr\\\/wp-content\\\/uploads\\\/sites\\\/6\\\/2022\\\/05\\\/Izmit-scaled.jpg\",\"articleSection\":[\"Haberler\"],\"inLanguage\":\"en-US\",\"potentialAction\":[{\"@type\":\"CommentAction\",\"name\":\"Comment\",\"target\":[\"https:\\\/\\\/akunq.net\\\/tr\\\/?p=68650#respond\"]}]},{\"@type\":\"WebPage\",\"@id\":\"https:\\\/\\\/akunq.net\\\/tr\\\/?p=68650\",\"url\":\"https:\\\/\\\/akunq.net\\\/tr\\\/?p=68650\",\"name\":\"\u00dcst\u00fcne yap\u0131lan \u2018gecekondu\u2019, tarihi sarn\u0131c\u0131 tehdit ediyor: \u2018Koruma alt\u0131na al\u0131nmal\u0131\u2019 - Bati Ermenistan Ve Bati Ermenileri Sorunlari Ara\u015ftirmalar Merkezi\",\"isPartOf\":{\"@id\":\"https:\\\/\\\/akunq.net\\\/tr\\\/#website\"},\"primaryImageOfPage\":{\"@id\":\"https:\\\/\\\/akunq.net\\\/tr\\\/?p=68650#primaryimage\"},\"image\":{\"@id\":\"https:\\\/\\\/akunq.net\\\/tr\\\/?p=68650#primaryimage\"},\"thumbnailUrl\":\"https:\\\/\\\/akunq.net\\\/tr\\\/wp-content\\\/uploads\\\/sites\\\/6\\\/2022\\\/05\\\/Izmit-scaled.jpg\",\"datePublished\":\"2022-05-23T09:23:08+00:00\",\"author\":{\"@id\":\"https:\\\/\\\/akunq.net\\\/tr\\\/#\\\/schema\\\/person\\\/096f1d38a12cce57fb855b485ed24c9e\"},\"breadcrumb\":{\"@id\":\"https:\\\/\\\/akunq.net\\\/tr\\\/?p=68650#breadcrumb\"},\"inLanguage\":\"en-US\",\"potentialAction\":[{\"@type\":\"ReadAction\",\"target\":[\"https:\\\/\\\/akunq.net\\\/tr\\\/?p=68650\"]}]},{\"@type\":\"ImageObject\",\"inLanguage\":\"en-US\",\"@id\":\"https:\\\/\\\/akunq.net\\\/tr\\\/?p=68650#primaryimage\",\"url\":\"https:\\\/\\\/akunq.net\\\/tr\\\/wp-content\\\/uploads\\\/sites\\\/6\\\/2022\\\/05\\\/Izmit-scaled.jpg\",\"contentUrl\":\"https:\\\/\\\/akunq.net\\\/tr\\\/wp-content\\\/uploads\\\/sites\\\/6\\\/2022\\\/05\\\/Izmit-scaled.jpg\",\"width\":2560,\"height\":1707},{\"@type\":\"BreadcrumbList\",\"@id\":\"https:\\\/\\\/akunq.net\\\/tr\\\/?p=68650#breadcrumb\",\"itemListElement\":[{\"@type\":\"ListItem\",\"position\":1,\"name\":\"Home\",\"item\":\"https:\\\/\\\/akunq.net\\\/tr\"},{\"@type\":\"ListItem\",\"position\":2,\"name\":\"\u00dcst\u00fcne yap\u0131lan \u2018gecekondu\u2019, tarihi sarn\u0131c\u0131 tehdit ediyor: \u2018Koruma alt\u0131na al\u0131nmal\u0131\u2019\"}]},{\"@type\":\"WebSite\",\"@id\":\"https:\\\/\\\/akunq.net\\\/tr\\\/#website\",\"url\":\"https:\\\/\\\/akunq.net\\\/tr\\\/\",\"name\":\"Bati Ermenistan Ve Bati Ermenileri Sorunlari Ara\u015ftirmalar Merkezi\",\"description\":\"\",\"potentialAction\":[{\"@type\":\"SearchAction\",\"target\":{\"@type\":\"EntryPoint\",\"urlTemplate\":\"https:\\\/\\\/akunq.net\\\/tr\\\/?s={search_term_string}\"},\"query-input\":{\"@type\":\"PropertyValueSpecification\",\"valueRequired\":true,\"valueName\":\"search_term_string\"}}],\"inLanguage\":\"en-US\"},{\"@type\":\"Person\",\"@id\":\"https:\\\/\\\/akunq.net\\\/tr\\\/#\\\/schema\\\/person\\\/096f1d38a12cce57fb855b485ed24c9e\",\"name\":\"admin\",\"url\":\"https:\\\/\\\/akunq.net\\\/tr\\\/?author=7\"}]}<\/script>\n<!-- \/ Yoast SEO plugin. -->","yoast_head_json":{"title":"\u00dcst\u00fcne yap\u0131lan \u2018gecekondu\u2019, tarihi sarn\u0131c\u0131 tehdit ediyor: \u2018Koruma alt\u0131na al\u0131nmal\u0131\u2019 - Bati Ermenistan Ve Bati Ermenileri Sorunlari Ara\u015ftirmalar Merkezi","robots":{"index":"index","follow":"follow","max-snippet":"max-snippet:-1","max-image-preview":"max-image-preview:large","max-video-preview":"max-video-preview:-1"},"canonical":"https:\/\/akunq.net\/tr\/?p=68650","og_locale":"en_US","og_type":"article","og_title":"\u00dcst\u00fcne yap\u0131lan \u2018gecekondu\u2019, tarihi sarn\u0131c\u0131 tehdit ediyor: \u2018Koruma alt\u0131na al\u0131nmal\u0131\u2019 - Bati Ermenistan Ve Bati Ermenileri Sorunlari Ara\u015ftirmalar Merkezi","og_description":"\u0130zmit\u2019te, Roma d\u00f6neminde \u015fehrin su ihtiyac\u0131n\u0131 kar\u015f\u0131layan, 1987\u2019de Kocaeli An\u0131tlar Kurulu\u2019nca tescillenen ve \u00fczerinde gecekondu bulunan \u0130n Bay\u0131r\u0131 Sarn\u0131c\u0131, bak\u0131ms\u0131zl\u0131k ve mevsimsel \u015fartlardan yok olmaya y\u00fcz tuttu. Prof. Dr. Ay\u015fe Tuba \u00d6kse, \u201cBu t\u00fcr yap\u0131lar\u0131n kazand\u0131r\u0131lmas\u0131 i\u00e7in \u00e7evre d\u00fczenlemesi yap\u0131lmas\u0131, \u00fcst\u00fcndeki yap\u0131lar\u0131n kald\u0131r\u0131lmas\u0131 laz\u0131m. Ziyaret alan\u0131na d\u00f6n\u00fc\u015ft\u00fcr\u00fclmeli\u201d dedi. \u0130zmit\u2019in Cedit Mahallesi\u2019ndeki, \u015fehrin su ihtiyac\u0131n\u0131 kar\u015f\u0131lad\u0131\u011f\u0131 [&hellip;]","og_url":"https:\/\/akunq.net\/tr\/?p=68650","og_site_name":"Bati Ermenistan Ve Bati Ermenileri Sorunlari Ara\u015ftirmalar Merkezi","article_published_time":"2022-05-23T09:23:08+00:00","og_image":[{"width":2560,"height":1707,"url":"https:\/\/akunq.net\/tr\/wp-content\/uploads\/sites\/6\/2022\/05\/Izmit-scaled.jpg","type":"image\/jpeg"}],"author":"admin","twitter_card":"summary_large_image","twitter_misc":{"Written by":"admin","Est. reading time":"3 minutes"},"schema":{"@context":"https:\/\/schema.org","@graph":[{"@type":"Article","@id":"https:\/\/akunq.net\/tr\/?p=68650#article","isPartOf":{"@id":"https:\/\/akunq.net\/tr\/?p=68650"},"author":{"name":"admin","@id":"https:\/\/akunq.net\/tr\/#\/schema\/person\/096f1d38a12cce57fb855b485ed24c9e"},"headline":"\u00dcst\u00fcne yap\u0131lan \u2018gecekondu\u2019, tarihi sarn\u0131c\u0131 tehdit ediyor: \u2018Koruma alt\u0131na al\u0131nmal\u0131\u2019","datePublished":"2022-05-23T09:23:08+00:00","mainEntityOfPage":{"@id":"https:\/\/akunq.net\/tr\/?p=68650"},"wordCount":568,"commentCount":0,"image":{"@id":"https:\/\/akunq.net\/tr\/?p=68650#primaryimage"},"thumbnailUrl":"https:\/\/akunq.net\/tr\/wp-content\/uploads\/sites\/6\/2022\/05\/Izmit-scaled.jpg","articleSection":["Haberler"],"inLanguage":"en-US","potentialAction":[{"@type":"CommentAction","name":"Comment","target":["https:\/\/akunq.net\/tr\/?p=68650#respond"]}]},{"@type":"WebPage","@id":"https:\/\/akunq.net\/tr\/?p=68650","url":"https:\/\/akunq.net\/tr\/?p=68650","name":"\u00dcst\u00fcne yap\u0131lan \u2018gecekondu\u2019, tarihi sarn\u0131c\u0131 tehdit ediyor: \u2018Koruma alt\u0131na al\u0131nmal\u0131\u2019 - Bati Ermenistan Ve Bati Ermenileri Sorunlari Ara\u015ftirmalar Merkezi","isPartOf":{"@id":"https:\/\/akunq.net\/tr\/#website"},"primaryImageOfPage":{"@id":"https:\/\/akunq.net\/tr\/?p=68650#primaryimage"},"image":{"@id":"https:\/\/akunq.net\/tr\/?p=68650#primaryimage"},"thumbnailUrl":"https:\/\/akunq.net\/tr\/wp-content\/uploads\/sites\/6\/2022\/05\/Izmit-scaled.jpg","datePublished":"2022-05-23T09:23:08+00:00","author":{"@id":"https:\/\/akunq.net\/tr\/#\/schema\/person\/096f1d38a12cce57fb855b485ed24c9e"},"breadcrumb":{"@id":"https:\/\/akunq.net\/tr\/?p=68650#breadcrumb"},"inLanguage":"en-US","potentialAction":[{"@type":"ReadAction","target":["https:\/\/akunq.net\/tr\/?p=68650"]}]},{"@type":"ImageObject","inLanguage":"en-US","@id":"https:\/\/akunq.net\/tr\/?p=68650#primaryimage","url":"https:\/\/akunq.net\/tr\/wp-content\/uploads\/sites\/6\/2022\/05\/Izmit-scaled.jpg","contentUrl":"https:\/\/akunq.net\/tr\/wp-content\/uploads\/sites\/6\/2022\/05\/Izmit-scaled.jpg","width":2560,"height":1707},{"@type":"BreadcrumbList","@id":"https:\/\/akunq.net\/tr\/?p=68650#breadcrumb","itemListElement":[{"@type":"ListItem","position":1,"name":"Home","item":"https:\/\/akunq.net\/tr"},{"@type":"ListItem","position":2,"name":"\u00dcst\u00fcne yap\u0131lan \u2018gecekondu\u2019, tarihi sarn\u0131c\u0131 tehdit ediyor: \u2018Koruma alt\u0131na al\u0131nmal\u0131\u2019"}]},{"@type":"WebSite","@id":"https:\/\/akunq.net\/tr\/#website","url":"https:\/\/akunq.net\/tr\/","name":"Bati Ermenistan Ve Bati Ermenileri Sorunlari Ara\u015ftirmalar Merkezi","description":"","potentialAction":[{"@type":"SearchAction","target":{"@type":"EntryPoint","urlTemplate":"https:\/\/akunq.net\/tr\/?s={search_term_string}"},"query-input":{"@type":"PropertyValueSpecification","valueRequired":true,"valueName":"search_term_string"}}],"inLanguage":"en-US"},{"@type":"Person","@id":"https:\/\/akunq.net\/tr\/#\/schema\/person\/096f1d38a12cce57fb855b485ed24c9e","name":"admin","url":"https:\/\/akunq.net\/tr\/?author=7"}]}},"_links":{"self":[{"href":"https:\/\/akunq.net\/tr\/index.php?rest_route=\/wp\/v2\/posts\/68650","targetHints":{"allow":["GET"]}}],"collection":[{"href":"https:\/\/akunq.net\/tr\/index.php?rest_route=\/wp\/v2\/posts"}],"about":[{"href":"https:\/\/akunq.net\/tr\/index.php?rest_route=\/wp\/v2\/types\/post"}],"author":[{"embeddable":true,"href":"https:\/\/akunq.net\/tr\/index.php?rest_route=\/wp\/v2\/users\/7"}],"replies":[{"embeddable":true,"href":"https:\/\/akunq.net\/tr\/index.php?rest_route=%2Fwp%2Fv2%2Fcomments&post=68650"}],"version-history":[{"count":1,"href":"https:\/\/akunq.net\/tr\/index.php?rest_route=\/wp\/v2\/posts\/68650\/revisions"}],"predecessor-version":[{"id":68652,"href":"https:\/\/akunq.net\/tr\/index.php?rest_route=\/wp\/v2\/posts\/68650\/revisions\/68652"}],"wp:featuredmedia":[{"embeddable":true,"href":"https:\/\/akunq.net\/tr\/index.php?rest_route=\/wp\/v2\/media\/68651"}],"wp:attachment":[{"href":"https:\/\/akunq.net\/tr\/index.php?rest_route=%2Fwp%2Fv2%2Fmedia&parent=68650"}],"wp:term":[{"taxonomy":"category","embeddable":true,"href":"https:\/\/akunq.net\/tr\/index.php?rest_route=%2Fwp%2Fv2%2Fcategories&post=68650"},{"taxonomy":"post_tag","embeddable":true,"href":"https:\/\/akunq.net\/tr\/index.php?rest_route=%2Fwp%2Fv2%2Ftags&post=68650"}],"curies":[{"name":"wp","href":"https:\/\/api.w.org\/{rel}","templated":true}]}}