{"id":68641,"date":"2022-05-23T03:15:13","date_gmt":"2022-05-23T08:15:13","guid":{"rendered":"https:\/\/akunq.net\/tr\/?p=68641"},"modified":"2022-05-23T03:15:13","modified_gmt":"2022-05-23T08:15:13","slug":"diyarbakirda-valilik-imzali-topal-osmanli-otobus-dolastirildi","status":"publish","type":"post","link":"https:\/\/akunq.net\/tr\/?p=68641","title":{"rendered":"Diyarbak\u0131r\u2019da Valilik imzal\u0131, \u2018Topal Osman\u2019l\u0131 otob\u00fcs dola\u015ft\u0131r\u0131ld\u0131"},"content":{"rendered":"<p><img loading=\"lazy\" decoding=\"async\" class=\"aligncenter size-medium wp-image-68642\" src=\"https:\/\/akunq.net\/tr\/wp-content\/uploads\/2022\/05\/Topal-Osman-360x265.jpg\" alt=\"\" width=\"360\" height=\"265\" srcset=\"https:\/\/akunq.net\/tr\/wp-content\/uploads\/sites\/6\/2022\/05\/Topal-Osman-360x265.jpg 360w, https:\/\/akunq.net\/tr\/wp-content\/uploads\/sites\/6\/2022\/05\/Topal-Osman-560x413.jpg 560w, https:\/\/akunq.net\/tr\/wp-content\/uploads\/sites\/6\/2022\/05\/Topal-Osman-260x192.jpg 260w, https:\/\/akunq.net\/tr\/wp-content\/uploads\/sites\/6\/2022\/05\/Topal-Osman-160x118.jpg 160w, https:\/\/akunq.net\/tr\/wp-content\/uploads\/sites\/6\/2022\/05\/Topal-Osman.jpg 680w\" sizes=\"auto, (max-width: 360px) 100vw, 360px\" \/><\/p>\n<p><em><strong>Giresun Valili\u011fi\u2019nin \u2018Off-Road Festivali\u2019 i\u00e7in g\u00f6nderdi\u011fi otob\u00fcste Rumlar, Ermeniler, K\u00fcrtler ve Alevilere y\u00f6nelik onlarca kanl\u0131 sald\u0131r\u0131n\u0131n faili Topal Osman\u2019\u0131n foto\u011fraf\u0131 as\u0131lmas\u0131 tart\u0131\u015fma yaratt\u0131.<\/strong><\/em><\/p>\n<p><strong>DUVAR-<\/strong>\u00a0Diyarbak\u0131r\u2019da, Giresunlu Vali Yard\u0131mc\u0131s\u0131 Murat \u00d6zt\u00fcrk\u2019\u00fcn \u00f6nerisiyle ve Giresun Valili\u011fi i\u015fbirli\u011fiyle Off-Road Festival\u2019i d\u00fczenlendi.<\/p>\n<p>Lice\u2019deki festivale kat\u0131l\u0131mc\u0131lar\u0131 ta\u015f\u0131mak \u00fczere\u00a0g\u00f6nderilen otob\u00fcs\u00fcn \u00fczerindeki \u201cSize Giresun yeter\u201d yaz\u0131s\u0131 ile hemen alt\u0131ndaki Topal Osman\u2019\u0131n silahl\u0131 foto\u011fraf\u0131 tepki \u00e7ekti. Bir\u00e7ok sosyal medya kullan\u0131c\u0131 foto\u011fraf\u0131 payla\u015farak duruma tepki g\u00f6sterdi.<\/p>\n<figure class=\"wp-block-embed is-type-rich is-provider-twitter wp-block-embed-twitter\">\n<div class=\"wp-block-embed__wrapper\">\n<div class=\"twitter-tweet twitter-tweet-rendered\"><iframe id=\"twitter-widget-0\" class=\"\" title=\"Twitter Tweet\" src=\"https:\/\/platform.twitter.com\/embed\/Tweet.html?creatorScreenName=HyeTert&amp;dnt=true&amp;embedId=twitter-widget-0&amp;features=eyJ0ZndfZXhwZXJpbWVudHNfY29va2llX2V4cGlyYXRpb24iOnsiYnVja2V0IjoxMjA5NjAwLCJ2ZXJzaW9uIjpudWxsfSwidGZ3X3NlbnNpdGl2ZV9tZWRpYV9pbnRlcnN0aXRpYWxfMTM5NjMiOnsiYnVja2V0IjoiaW50ZXJzdGl0aWFsIiwidmVyc2lvbiI6bnVsbH0sInRmd190d2VldF9yZXN1bHRfbWlncmF0aW9uXzEzOTc5Ijp7ImJ1Y2tldCI6InR3ZWV0X3Jlc3VsdCIsInZlcnNpb24iOm51bGx9fQ%3D%3D&amp;frame=false&amp;hideCard=false&amp;hideThread=false&amp;id=1528327352148709376&amp;lang=tr&amp;origin=https%3A%2F%2Fhyetert.org%2F2022%2F05%2F22%2Fdiyarbakirda-valilik-imzali-topal-osmanli-otobus-dolastirildi%2F&amp;sessionId=e6dc3e36b1c40d3909ded75bbd68b7fa9badb1ba&amp;siteScreenName=HyeTert&amp;theme=light&amp;widgetsVersion=c8fe9736dd6fb%3A1649830956492&amp;width=500px\" frameborder=\"0\" scrolling=\"no\" allowfullscreen=\"allowfullscreen\" data-tweet-id=\"1528327352148709376\" data-mce-fragment=\"1\"><\/iframe><\/div>\n<\/div>\n<\/figure>\n<h2>TOPAL OSMAN K\u0130MD\u0130R?<\/h2>\n<p>Rumlar, Ermeniler, K\u00fcrtler ve Alevilere y\u00f6nelik kanl\u0131 sald\u0131r\u0131larda ad\u0131 ge\u00e7en Topal Osman, Cumhuriyet tarihin en karanl\u0131k ve tart\u0131\u015fmal\u0131 isimlerinden.<\/p>\n<p>\u0130lk olarak 1. D\u00fcnya Sava\u015f\u0131 y\u0131llar\u0131na ortaya \u00e7\u0131kan Topal Osman, adamlar\u0131yla birlikte Te\u015fkilat-\u0131 Mahsusa\u2019ya ba\u011fl\u0131 olarak Artvin y\u00f6resindeki Ermeni tehciriyle ismini duyurdu.<\/p>\n<p>Ard\u0131ndan Rum \u00e7etelerine kar\u015f\u0131 sava\u015f\u0131rken, sivil Rumlara y\u00f6nelik t\u00fcrl\u00fc eziyet ve katliamlar\u0131yla an\u0131ld\u0131.<\/p>\n<h2>MUSTAFA SUPH\u0130 VE ARKADA\u015eLARININ KATLED\u0130LMES\u0130<\/h2>\n<p>TKP \u00fcyesi Mustafa Suphi ve 14 arkada\u015f\u0131n\u0131n katledilmesinden de sorumlu oldu\u011fu bilinen Topal Osman, 1921\u2019de Sivas\u2019\u0131n Ko\u00e7giri b\u00f6lgesindeki K\u00fcrt katliam\u0131yla tan\u0131n\u0131yor.<\/p>\n<p>Trabzon Milletvekili Ali \u015e\u00fckr\u00fc Bey\u2019in \u00f6ld\u00fcr\u00fclmesinin faili oldu\u011fu gerek\u00e7esiyle hakk\u0131nda yakalama karar\u0131 \u00e7\u0131kar\u0131l\u0131nca askerlerle girdi\u011fi \u00e7at\u0131\u015fma \u00f6lm\u00fc\u015f, ba\u015f\u0131 kesilerek g\u00f6m\u00fclm\u00fc\u015ft\u00fcr. Ancak Meclis Ali \u015e\u00fckr\u00fc Bey\u2019in katillerinin yakalanarak idam edilmesi karar\u0131n\u0131 oybirli\u011fi ile ald\u0131\u011f\u0131 i\u00e7in ba\u015fs\u0131z ceset mezardan \u00e7\u0131kar\u0131lm\u0131\u015f, Ulus Meydan\u0131\u2019nda aya\u011f\u0131ndan dara\u011fac\u0131na as\u0131lm\u0131\u015ft\u0131r.\u00a0<b>\u00a0<\/b><\/p>\n<p><em><strong><a href=\"https:\/\/www.gazeteduvar.com.tr\/diyarbakirda-valilik-imzali-topal-osmanli-otobus-dolastirildi-haber-1565860\">https:\/\/www.gazeteduvar.com.tr\/diyarbakirda-valilik-imzali-topal-osmanli-otobus-dolastirildi-haber-1565860<\/a>\u00a0<\/strong><\/em><\/p>\n","protected":false},"excerpt":{"rendered":"<p>Giresun Valili\u011fi\u2019nin \u2018Off-Road Festivali\u2019 i\u00e7in g\u00f6nderdi\u011fi otob\u00fcste Rumlar, Ermeniler, K\u00fcrtler ve Alevilere y\u00f6nelik onlarca kanl\u0131 sald\u0131r\u0131n\u0131n faili Topal Osman\u2019\u0131n foto\u011fraf\u0131 as\u0131lmas\u0131 tart\u0131\u015fma yaratt\u0131. DUVAR-\u00a0Diyarbak\u0131r\u2019da, Giresunlu Vali Yard\u0131mc\u0131s\u0131 Murat \u00d6zt\u00fcrk\u2019\u00fcn \u00f6nerisiyle ve Giresun Valili\u011fi i\u015fbirli\u011fiyle Off-Road Festival\u2019i d\u00fczenlendi. Lice\u2019deki festivale kat\u0131l\u0131mc\u0131lar\u0131 ta\u015f\u0131mak \u00fczere\u00a0g\u00f6nderilen otob\u00fcs\u00fcn \u00fczerindeki \u201cSize Giresun yeter\u201d yaz\u0131s\u0131 ile hemen alt\u0131ndaki Topal Osman\u2019\u0131n silahl\u0131 foto\u011fraf\u0131 [&hellip;]<\/p>\n","protected":false},"author":7,"featured_media":68642,"comment_status":"open","ping_status":"open","sticky":false,"template":"","format":"standard","meta":{"footnotes":""},"categories":[1],"tags":[],"class_list":["post-68641","post","type-post","status-publish","format-standard","has-post-thumbnail","hentry","category-haberler"],"yoast_head":"<!-- This site is optimized with the Yoast SEO plugin v27.4 - https:\/\/yoast.com\/product\/yoast-seo-wordpress\/ -->\n<title>Diyarbak\u0131r\u2019da Valilik imzal\u0131, \u2018Topal Osman\u2019l\u0131 otob\u00fcs dola\u015ft\u0131r\u0131ld\u0131 - Bati Ermenistan Ve Bati Ermenileri Sorunlari Ara\u015ftirmalar Merkezi<\/title>\n<meta name=\"robots\" content=\"index, follow, max-snippet:-1, max-image-preview:large, max-video-preview:-1\" \/>\n<link rel=\"canonical\" href=\"https:\/\/akunq.net\/tr\/?p=68641\" \/>\n<meta property=\"og:locale\" content=\"en_US\" \/>\n<meta property=\"og:type\" content=\"article\" \/>\n<meta property=\"og:title\" content=\"Diyarbak\u0131r\u2019da Valilik imzal\u0131, \u2018Topal Osman\u2019l\u0131 otob\u00fcs dola\u015ft\u0131r\u0131ld\u0131 - Bati Ermenistan Ve Bati Ermenileri Sorunlari Ara\u015ftirmalar Merkezi\" \/>\n<meta property=\"og:description\" content=\"Giresun Valili\u011fi\u2019nin \u2018Off-Road Festivali\u2019 i\u00e7in g\u00f6nderdi\u011fi otob\u00fcste Rumlar, Ermeniler, K\u00fcrtler ve Alevilere y\u00f6nelik onlarca kanl\u0131 sald\u0131r\u0131n\u0131n faili Topal Osman\u2019\u0131n foto\u011fraf\u0131 as\u0131lmas\u0131 tart\u0131\u015fma yaratt\u0131. DUVAR-\u00a0Diyarbak\u0131r\u2019da, Giresunlu Vali Yard\u0131mc\u0131s\u0131 Murat \u00d6zt\u00fcrk\u2019\u00fcn \u00f6nerisiyle ve Giresun Valili\u011fi i\u015fbirli\u011fiyle Off-Road Festival\u2019i d\u00fczenlendi. Lice\u2019deki festivale kat\u0131l\u0131mc\u0131lar\u0131 ta\u015f\u0131mak \u00fczere\u00a0g\u00f6nderilen otob\u00fcs\u00fcn \u00fczerindeki \u201cSize Giresun yeter\u201d yaz\u0131s\u0131 ile hemen alt\u0131ndaki Topal Osman\u2019\u0131n silahl\u0131 foto\u011fraf\u0131 [&hellip;]\" \/>\n<meta property=\"og:url\" content=\"https:\/\/akunq.net\/tr\/?p=68641\" \/>\n<meta property=\"og:site_name\" content=\"Bati Ermenistan Ve Bati Ermenileri Sorunlari Ara\u015ftirmalar Merkezi\" \/>\n<meta property=\"article:published_time\" content=\"2022-05-23T08:15:13+00:00\" \/>\n<meta property=\"og:image\" content=\"https:\/\/akunq.net\/tr\/wp-content\/uploads\/sites\/6\/2022\/05\/Topal-Osman.jpg\" \/>\n\t<meta property=\"og:image:width\" content=\"680\" \/>\n\t<meta property=\"og:image:height\" content=\"501\" \/>\n\t<meta property=\"og:image:type\" content=\"image\/jpeg\" \/>\n<meta name=\"author\" content=\"admin\" \/>\n<meta name=\"twitter:card\" content=\"summary_large_image\" \/>\n<meta name=\"twitter:label1\" content=\"Written by\" \/>\n\t<meta name=\"twitter:data1\" content=\"admin\" \/>\n\t<meta name=\"twitter:label2\" content=\"Est. reading time\" \/>\n\t<meta name=\"twitter:data2\" content=\"2 minutes\" \/>\n<script type=\"application\/ld+json\" class=\"yoast-schema-graph\">{\"@context\":\"https:\\\/\\\/schema.org\",\"@graph\":[{\"@type\":\"Article\",\"@id\":\"https:\\\/\\\/akunq.net\\\/tr\\\/?p=68641#article\",\"isPartOf\":{\"@id\":\"https:\\\/\\\/akunq.net\\\/tr\\\/?p=68641\"},\"author\":{\"name\":\"admin\",\"@id\":\"https:\\\/\\\/akunq.net\\\/tr\\\/#\\\/schema\\\/person\\\/096f1d38a12cce57fb855b485ed24c9e\"},\"headline\":\"Diyarbak\u0131r\u2019da Valilik imzal\u0131, \u2018Topal Osman\u2019l\u0131 otob\u00fcs dola\u015ft\u0131r\u0131ld\u0131\",\"datePublished\":\"2022-05-23T08:15:13+00:00\",\"mainEntityOfPage\":{\"@id\":\"https:\\\/\\\/akunq.net\\\/tr\\\/?p=68641\"},\"wordCount\":318,\"commentCount\":0,\"image\":{\"@id\":\"https:\\\/\\\/akunq.net\\\/tr\\\/?p=68641#primaryimage\"},\"thumbnailUrl\":\"https:\\\/\\\/akunq.net\\\/tr\\\/wp-content\\\/uploads\\\/sites\\\/6\\\/2022\\\/05\\\/Topal-Osman.jpg\",\"articleSection\":[\"Haberler\"],\"inLanguage\":\"en-US\",\"potentialAction\":[{\"@type\":\"CommentAction\",\"name\":\"Comment\",\"target\":[\"https:\\\/\\\/akunq.net\\\/tr\\\/?p=68641#respond\"]}]},{\"@type\":\"WebPage\",\"@id\":\"https:\\\/\\\/akunq.net\\\/tr\\\/?p=68641\",\"url\":\"https:\\\/\\\/akunq.net\\\/tr\\\/?p=68641\",\"name\":\"Diyarbak\u0131r\u2019da Valilik imzal\u0131, \u2018Topal Osman\u2019l\u0131 otob\u00fcs dola\u015ft\u0131r\u0131ld\u0131 - Bati Ermenistan Ve Bati Ermenileri Sorunlari Ara\u015ftirmalar Merkezi\",\"isPartOf\":{\"@id\":\"https:\\\/\\\/akunq.net\\\/tr\\\/#website\"},\"primaryImageOfPage\":{\"@id\":\"https:\\\/\\\/akunq.net\\\/tr\\\/?p=68641#primaryimage\"},\"image\":{\"@id\":\"https:\\\/\\\/akunq.net\\\/tr\\\/?p=68641#primaryimage\"},\"thumbnailUrl\":\"https:\\\/\\\/akunq.net\\\/tr\\\/wp-content\\\/uploads\\\/sites\\\/6\\\/2022\\\/05\\\/Topal-Osman.jpg\",\"datePublished\":\"2022-05-23T08:15:13+00:00\",\"author\":{\"@id\":\"https:\\\/\\\/akunq.net\\\/tr\\\/#\\\/schema\\\/person\\\/096f1d38a12cce57fb855b485ed24c9e\"},\"breadcrumb\":{\"@id\":\"https:\\\/\\\/akunq.net\\\/tr\\\/?p=68641#breadcrumb\"},\"inLanguage\":\"en-US\",\"potentialAction\":[{\"@type\":\"ReadAction\",\"target\":[\"https:\\\/\\\/akunq.net\\\/tr\\\/?p=68641\"]}]},{\"@type\":\"ImageObject\",\"inLanguage\":\"en-US\",\"@id\":\"https:\\\/\\\/akunq.net\\\/tr\\\/?p=68641#primaryimage\",\"url\":\"https:\\\/\\\/akunq.net\\\/tr\\\/wp-content\\\/uploads\\\/sites\\\/6\\\/2022\\\/05\\\/Topal-Osman.jpg\",\"contentUrl\":\"https:\\\/\\\/akunq.net\\\/tr\\\/wp-content\\\/uploads\\\/sites\\\/6\\\/2022\\\/05\\\/Topal-Osman.jpg\",\"width\":680,\"height\":501},{\"@type\":\"BreadcrumbList\",\"@id\":\"https:\\\/\\\/akunq.net\\\/tr\\\/?p=68641#breadcrumb\",\"itemListElement\":[{\"@type\":\"ListItem\",\"position\":1,\"name\":\"Home\",\"item\":\"https:\\\/\\\/akunq.net\\\/tr\"},{\"@type\":\"ListItem\",\"position\":2,\"name\":\"Diyarbak\u0131r\u2019da Valilik imzal\u0131, \u2018Topal Osman\u2019l\u0131 otob\u00fcs dola\u015ft\u0131r\u0131ld\u0131\"}]},{\"@type\":\"WebSite\",\"@id\":\"https:\\\/\\\/akunq.net\\\/tr\\\/#website\",\"url\":\"https:\\\/\\\/akunq.net\\\/tr\\\/\",\"name\":\"Bati Ermenistan Ve Bati Ermenileri Sorunlari Ara\u015ftirmalar Merkezi\",\"description\":\"\",\"potentialAction\":[{\"@type\":\"SearchAction\",\"target\":{\"@type\":\"EntryPoint\",\"urlTemplate\":\"https:\\\/\\\/akunq.net\\\/tr\\\/?s={search_term_string}\"},\"query-input\":{\"@type\":\"PropertyValueSpecification\",\"valueRequired\":true,\"valueName\":\"search_term_string\"}}],\"inLanguage\":\"en-US\"},{\"@type\":\"Person\",\"@id\":\"https:\\\/\\\/akunq.net\\\/tr\\\/#\\\/schema\\\/person\\\/096f1d38a12cce57fb855b485ed24c9e\",\"name\":\"admin\",\"url\":\"https:\\\/\\\/akunq.net\\\/tr\\\/?author=7\"}]}<\/script>\n<!-- \/ Yoast SEO plugin. -->","yoast_head_json":{"title":"Diyarbak\u0131r\u2019da Valilik imzal\u0131, \u2018Topal Osman\u2019l\u0131 otob\u00fcs dola\u015ft\u0131r\u0131ld\u0131 - Bati Ermenistan Ve Bati Ermenileri Sorunlari Ara\u015ftirmalar Merkezi","robots":{"index":"index","follow":"follow","max-snippet":"max-snippet:-1","max-image-preview":"max-image-preview:large","max-video-preview":"max-video-preview:-1"},"canonical":"https:\/\/akunq.net\/tr\/?p=68641","og_locale":"en_US","og_type":"article","og_title":"Diyarbak\u0131r\u2019da Valilik imzal\u0131, \u2018Topal Osman\u2019l\u0131 otob\u00fcs dola\u015ft\u0131r\u0131ld\u0131 - Bati Ermenistan Ve Bati Ermenileri Sorunlari Ara\u015ftirmalar Merkezi","og_description":"Giresun Valili\u011fi\u2019nin \u2018Off-Road Festivali\u2019 i\u00e7in g\u00f6nderdi\u011fi otob\u00fcste Rumlar, Ermeniler, K\u00fcrtler ve Alevilere y\u00f6nelik onlarca kanl\u0131 sald\u0131r\u0131n\u0131n faili Topal Osman\u2019\u0131n foto\u011fraf\u0131 as\u0131lmas\u0131 tart\u0131\u015fma yaratt\u0131. DUVAR-\u00a0Diyarbak\u0131r\u2019da, Giresunlu Vali Yard\u0131mc\u0131s\u0131 Murat \u00d6zt\u00fcrk\u2019\u00fcn \u00f6nerisiyle ve Giresun Valili\u011fi i\u015fbirli\u011fiyle Off-Road Festival\u2019i d\u00fczenlendi. Lice\u2019deki festivale kat\u0131l\u0131mc\u0131lar\u0131 ta\u015f\u0131mak \u00fczere\u00a0g\u00f6nderilen otob\u00fcs\u00fcn \u00fczerindeki \u201cSize Giresun yeter\u201d yaz\u0131s\u0131 ile hemen alt\u0131ndaki Topal Osman\u2019\u0131n silahl\u0131 foto\u011fraf\u0131 [&hellip;]","og_url":"https:\/\/akunq.net\/tr\/?p=68641","og_site_name":"Bati Ermenistan Ve Bati Ermenileri Sorunlari Ara\u015ftirmalar Merkezi","article_published_time":"2022-05-23T08:15:13+00:00","og_image":[{"width":680,"height":501,"url":"https:\/\/akunq.net\/tr\/wp-content\/uploads\/sites\/6\/2022\/05\/Topal-Osman.jpg","type":"image\/jpeg"}],"author":"admin","twitter_card":"summary_large_image","twitter_misc":{"Written by":"admin","Est. reading time":"2 minutes"},"schema":{"@context":"https:\/\/schema.org","@graph":[{"@type":"Article","@id":"https:\/\/akunq.net\/tr\/?p=68641#article","isPartOf":{"@id":"https:\/\/akunq.net\/tr\/?p=68641"},"author":{"name":"admin","@id":"https:\/\/akunq.net\/tr\/#\/schema\/person\/096f1d38a12cce57fb855b485ed24c9e"},"headline":"Diyarbak\u0131r\u2019da Valilik imzal\u0131, \u2018Topal Osman\u2019l\u0131 otob\u00fcs dola\u015ft\u0131r\u0131ld\u0131","datePublished":"2022-05-23T08:15:13+00:00","mainEntityOfPage":{"@id":"https:\/\/akunq.net\/tr\/?p=68641"},"wordCount":318,"commentCount":0,"image":{"@id":"https:\/\/akunq.net\/tr\/?p=68641#primaryimage"},"thumbnailUrl":"https:\/\/akunq.net\/tr\/wp-content\/uploads\/sites\/6\/2022\/05\/Topal-Osman.jpg","articleSection":["Haberler"],"inLanguage":"en-US","potentialAction":[{"@type":"CommentAction","name":"Comment","target":["https:\/\/akunq.net\/tr\/?p=68641#respond"]}]},{"@type":"WebPage","@id":"https:\/\/akunq.net\/tr\/?p=68641","url":"https:\/\/akunq.net\/tr\/?p=68641","name":"Diyarbak\u0131r\u2019da Valilik imzal\u0131, \u2018Topal Osman\u2019l\u0131 otob\u00fcs dola\u015ft\u0131r\u0131ld\u0131 - Bati Ermenistan Ve Bati Ermenileri Sorunlari Ara\u015ftirmalar Merkezi","isPartOf":{"@id":"https:\/\/akunq.net\/tr\/#website"},"primaryImageOfPage":{"@id":"https:\/\/akunq.net\/tr\/?p=68641#primaryimage"},"image":{"@id":"https:\/\/akunq.net\/tr\/?p=68641#primaryimage"},"thumbnailUrl":"https:\/\/akunq.net\/tr\/wp-content\/uploads\/sites\/6\/2022\/05\/Topal-Osman.jpg","datePublished":"2022-05-23T08:15:13+00:00","author":{"@id":"https:\/\/akunq.net\/tr\/#\/schema\/person\/096f1d38a12cce57fb855b485ed24c9e"},"breadcrumb":{"@id":"https:\/\/akunq.net\/tr\/?p=68641#breadcrumb"},"inLanguage":"en-US","potentialAction":[{"@type":"ReadAction","target":["https:\/\/akunq.net\/tr\/?p=68641"]}]},{"@type":"ImageObject","inLanguage":"en-US","@id":"https:\/\/akunq.net\/tr\/?p=68641#primaryimage","url":"https:\/\/akunq.net\/tr\/wp-content\/uploads\/sites\/6\/2022\/05\/Topal-Osman.jpg","contentUrl":"https:\/\/akunq.net\/tr\/wp-content\/uploads\/sites\/6\/2022\/05\/Topal-Osman.jpg","width":680,"height":501},{"@type":"BreadcrumbList","@id":"https:\/\/akunq.net\/tr\/?p=68641#breadcrumb","itemListElement":[{"@type":"ListItem","position":1,"name":"Home","item":"https:\/\/akunq.net\/tr"},{"@type":"ListItem","position":2,"name":"Diyarbak\u0131r\u2019da Valilik imzal\u0131, \u2018Topal Osman\u2019l\u0131 otob\u00fcs dola\u015ft\u0131r\u0131ld\u0131"}]},{"@type":"WebSite","@id":"https:\/\/akunq.net\/tr\/#website","url":"https:\/\/akunq.net\/tr\/","name":"Bati Ermenistan Ve Bati Ermenileri Sorunlari Ara\u015ftirmalar Merkezi","description":"","potentialAction":[{"@type":"SearchAction","target":{"@type":"EntryPoint","urlTemplate":"https:\/\/akunq.net\/tr\/?s={search_term_string}"},"query-input":{"@type":"PropertyValueSpecification","valueRequired":true,"valueName":"search_term_string"}}],"inLanguage":"en-US"},{"@type":"Person","@id":"https:\/\/akunq.net\/tr\/#\/schema\/person\/096f1d38a12cce57fb855b485ed24c9e","name":"admin","url":"https:\/\/akunq.net\/tr\/?author=7"}]}},"_links":{"self":[{"href":"https:\/\/akunq.net\/tr\/index.php?rest_route=\/wp\/v2\/posts\/68641","targetHints":{"allow":["GET"]}}],"collection":[{"href":"https:\/\/akunq.net\/tr\/index.php?rest_route=\/wp\/v2\/posts"}],"about":[{"href":"https:\/\/akunq.net\/tr\/index.php?rest_route=\/wp\/v2\/types\/post"}],"author":[{"embeddable":true,"href":"https:\/\/akunq.net\/tr\/index.php?rest_route=\/wp\/v2\/users\/7"}],"replies":[{"embeddable":true,"href":"https:\/\/akunq.net\/tr\/index.php?rest_route=%2Fwp%2Fv2%2Fcomments&post=68641"}],"version-history":[{"count":1,"href":"https:\/\/akunq.net\/tr\/index.php?rest_route=\/wp\/v2\/posts\/68641\/revisions"}],"predecessor-version":[{"id":68643,"href":"https:\/\/akunq.net\/tr\/index.php?rest_route=\/wp\/v2\/posts\/68641\/revisions\/68643"}],"wp:featuredmedia":[{"embeddable":true,"href":"https:\/\/akunq.net\/tr\/index.php?rest_route=\/wp\/v2\/media\/68642"}],"wp:attachment":[{"href":"https:\/\/akunq.net\/tr\/index.php?rest_route=%2Fwp%2Fv2%2Fmedia&parent=68641"}],"wp:term":[{"taxonomy":"category","embeddable":true,"href":"https:\/\/akunq.net\/tr\/index.php?rest_route=%2Fwp%2Fv2%2Fcategories&post=68641"},{"taxonomy":"post_tag","embeddable":true,"href":"https:\/\/akunq.net\/tr\/index.php?rest_route=%2Fwp%2Fv2%2Ftags&post=68641"}],"curies":[{"name":"wp","href":"https:\/\/api.w.org\/{rel}","templated":true}]}}