{"id":68622,"date":"2022-05-20T02:11:46","date_gmt":"2022-05-20T07:11:46","guid":{"rendered":"https:\/\/akunq.net\/tr\/?p=68622"},"modified":"2022-05-20T02:11:46","modified_gmt":"2022-05-20T07:11:46","slug":"ayasofyanin-istanbul-ile-imtihani-boyle-giderse-2050yi-goremez","status":"publish","type":"post","link":"https:\/\/akunq.net\/tr\/?p=68622","title":{"rendered":"Ayasofya&#8217;n\u0131n \u0130stanbul ile imtihan\u0131: &#8216;B\u00f6yle giderse 2050&#8217;yi g\u00f6remez&#8217;"},"content":{"rendered":"<p><img loading=\"lazy\" decoding=\"async\" class=\"aligncenter size-medium wp-image-68623\" src=\"https:\/\/akunq.net\/tr\/wp-content\/uploads\/2022\/05\/Ayasofya-360x232.jpg\" alt=\"\" width=\"360\" height=\"232\" srcset=\"https:\/\/akunq.net\/tr\/wp-content\/uploads\/sites\/6\/2022\/05\/Ayasofya-360x232.jpg 360w, https:\/\/akunq.net\/tr\/wp-content\/uploads\/sites\/6\/2022\/05\/Ayasofya-560x361.jpg 560w, https:\/\/akunq.net\/tr\/wp-content\/uploads\/sites\/6\/2022\/05\/Ayasofya-260x168.jpg 260w, https:\/\/akunq.net\/tr\/wp-content\/uploads\/sites\/6\/2022\/05\/Ayasofya-160x103.jpg 160w, https:\/\/akunq.net\/tr\/wp-content\/uploads\/sites\/6\/2022\/05\/Ayasofya.jpg 674w\" sizes=\"auto, (max-width: 360px) 100vw, 360px\" \/><\/p>\n<p class=\"spot\"><em><strong>2021 y\u0131l\u0131n\u0131n temmuz ay\u0131nda cami olarak ibadete a\u00e7\u0131lan Ayasofya, son g\u00fcnlerde sosyal medyada payla\u015f\u0131lan tahribat ve kalabal\u0131k g\u00f6r\u00fcnt\u00fcleriyle g\u00fcndeme geldi. Tepki \u00e7eken g\u00f6r\u00fcnt\u00fcler sonras\u0131 Cumhuriyet ekibi, Sultanahmet Meydan\u0131&#8217;na giderek olanlar\u0131 yerinde g\u00f6zlemledi.<\/strong><\/em><\/p>\n<div class=\"haberKaynagi\"><strong><a href=\"https:\/\/www.cumhuriyet.com.tr\/haber-kaynagi\/rabia-azra-s%C3%B6zc%C3%BC\/5523\">Rabia Azra S\u00f6zc\u00fc<\/a><\/strong><\/div>\n<div class=\"haberMetni inread-ads\">\n<p>\u0130stanbul&#8217;un fethine kadar 916 y\u0131l kilise, 1453&#8217;ten 1934&#8217;te al\u0131nan kararla m\u00fcze oluncaya dek cami olarak kullan\u0131lan, 86 y\u0131l da m\u00fcze olarak hizmet veren\u00a0<strong>Ayasofya<\/strong>, 2021 y\u0131l\u0131n\u0131n temmuz ay\u0131nda cami olarak ibadete a\u00e7\u0131ld\u0131.<\/p>\n<p>UNESCO D\u00fcnya K\u00fclt\u00fcr Miras\u0131 listesinde bulunan Ayasofya, kap\u0131lar\u0131n\u0131 yerli ve yabanc\u0131 turistlere a\u00e7mas\u0131n\u0131n ard\u0131ndan bir\u00e7ok hasara u\u011frad\u0131.<\/p>\n<p>Son zamanlarda tahrip g\u00f6r\u00fcnt\u00fcleriyle g\u00fcndemde yerini alan Ayasofya\u2019n\u0131n a\u00e7\u0131lmas\u0131ndan \u00f6nce tarih\u00e7iler ve arkeologlar uluslararas\u0131 boyutta olan bu tarihi ve k\u00fclt\u00fcrel miras\u0131n, iktidar taraf\u0131ndan siyasi bir kavgan\u0131n arac\u0131 yap\u0131lmas\u0131na tepki g\u00f6sterdi. Tepki g\u00f6sterenler aras\u0131nda \u00fcnl\u00fc tarih\u00e7i\u00a0<strong>\u0130lber Ortayl\u0131\u00a0<\/strong>da vard\u0131. Ortayl\u0131, Ayasofya&#8217;n\u0131n politika arac\u0131 yap\u0131lmas\u0131n\u0131 do\u011fru bulmad\u0131\u011f\u0131n\u0131 belirtmi\u015fti.<\/p>\n<h3>TAHR\u0130BAT G\u00d6R\u00dcNT\u00dcLER\u0130 TEPK\u0130 \u00c7EKM\u0130\u015eT\u0130<\/h3>\n<p>Son haftalarda sosyal medyada yay\u0131lan \u00e7e\u015fitli g\u00f6r\u00fcnt\u00fcler Ayasofya\u2019n\u0131n neden m\u00fcze olarak kalmas\u0131 gerekti\u011finin \u00f6nemini bir kez daha g\u00f6zler \u00f6n\u00fcne serdi.<strong>\u00a0Arkeolog \u00d6mer Faruk Yava\u015f\u00e7ay<\/strong>\u00a0taraf\u0131ndan 26 Nisan\u2019da payla\u015f\u0131lan g\u00f6nderide, 500 y\u0131ll\u0131k tarihi su haznesinin kapa\u011f\u0131n\u0131n k\u0131r\u0131ld\u0131\u011f\u0131 ve i\u00e7ine ayakkab\u0131lar\u0131n konuldu\u011fu g\u00f6r\u00fclm\u00fc\u015f, g\u00f6r\u00fcnt\u00fcler olduk\u00e7a tepki \u00e7ekmi\u015fti.<\/p>\n<h3>BAYRAMDA TAM 104 B\u0130N 325 K\u0130\u015e\u0130 Z\u0130YARET ETT\u0130<\/h3>\n<p>Tepkilerin b\u00fcy\u00fcmesi \u00fczerine\u00a0<strong>Cumhuriyet<\/strong>, Ayasofya\u2019ya giderek olanlar\u0131 yerinde izledi. Hafta i\u00e7i olmas\u0131na ra\u011fmen h\u0131ncah\u0131n\u00e7 olan Sultanahmet Meydan\u0131\u2019ndan binlerce turistin Ayasofya\u2019ya ak\u0131n etti\u011fi g\u00f6zlendi.<\/p>\n<p>Uzmanlar\u0131n s\u00f6yledi\u011fine g\u00f6re 1500 y\u0131ll\u0131k tarihi yap\u0131n\u0131n bu kadar yo\u011fun ziyaret\u00e7i ak\u0131n\u0131na u\u011framas\u0131 y\u0131pranmay\u0131 ola\u011fan\u00fcst\u00fc h\u0131zland\u0131r\u0131yor. Bu yakla\u015f\u0131m\u0131 Vak\u0131flar Genel M\u00fcd\u00fcrl\u00fc\u011f\u00fc de onayl\u0131yor.<\/p>\n<h3>AYASOFYA BU Z\u0130YARET\u00c7\u0130 AKININI KALDIRAB\u0130LECEK M\u0130?<\/h3>\n<p>Su haznesindeki skandal g\u00f6r\u00fcnt\u00fcden birka\u00e7 hafta \u00f6ncesine gidelim&#8230; \u0130mparatorluk Kap\u0131s\u0131&#8217;ndaki ah\u015fap madalyon \u00fczerindeki tahribat yine sosyal medyada g\u00fcndem olan kareler aras\u0131ndayd\u0131.<\/p>\n<p>Yurtta\u015flar\u0131n k\u00fclt\u00fcrel miras\u0131n korunmas\u0131 gerekti\u011fine y\u00f6nelik ele\u015ftirileri sonras\u0131\u00a0<strong>Vak\u0131flar Genel M\u00fcd\u00fcrl\u00fc\u011f\u00fc<\/strong>\u00a0konuyla ilgili bir a\u00e7\u0131klama yaparak,\u00a0<strong><em>\u201cOlu\u015fan tahribatta bir g\u00fcvenlik zafiyeti s\u00f6z konusu de\u011fildir. Ancak takdir edersiniz ki m\u00fcze stat\u00fcs\u00fcnde iken g\u00fcnde 18-19 bin band\u0131nda olan ziyaret\u00e7i say\u0131s\u0131 camiye d\u00f6n\u00fc\u015ft\u00fcr\u00fclmesiyle 40-45 binleri bulmaktad\u0131r.\u201d<\/em><\/strong>\u00a0dedi.\u00a0Bu say\u0131 bayramda tam tam\u0131na 104 bin 325 ki\u015fiye ula\u015ft\u0131.<\/p>\n<h3>&#8220;\u0130NSAN NEFES\u0130NDEK\u0130 NEM B\u0130LE \u00c7OK ZARAR VER\u0130YOR&#8221;<\/h3>\n<p><strong>Sanat Tarihi Derne\u011fi Ba\u015fkan\u0131 \u015eerif Ya\u015far<\/strong>, konuyla ilgili Cumhuriyet&#8217;e konu\u015ftu.<\/p>\n<p>Ayasofya&#8217;n\u0131n \u00e7ok hassas ve korunmas\u0131 gereken bir yap\u0131 oldu\u011funa dikkat \u00e7eken Ya\u015far,\u00a0<em>&#8220;Ayasofya m\u00fczeyken bir bilim kurulu vard\u0131. Bu bilim kurulu toplant\u0131 yapt\u0131\u011f\u0131nda orada \u015f\u00f6yle bir karar al\u0131nm\u0131\u015ft\u0131: &#8216;Ayasofya art\u0131k 1500 y\u0131ll\u0131k. \u0130\u00e7eride insan nefesinin olu\u015fturaca\u011f\u0131 nem dahi \u00e7ok zarar veriyor ve \u00f6mr\u00fcn\u00fc k\u0131salt\u0131yor. Bu y\u00fczden art\u0131k turistler en fazla 20 ki\u015filik gruplar halinde i\u00e7eriye al\u0131ns\u0131n yoksa bu Ayasofya&#8217;n\u0131n \u00f6mr\u00fcn\u00fc k\u0131salt\u0131r.&#8217;<\/em><\/p>\n<p><em>Ama biliyorsunuz bilim kurullar\u0131 T\u00fcrkiye&#8217;de dan\u0131\u015fma niteli\u011findedir, karar vermezler. Karar mercii hep devlet kurumundaki bir g\u00f6revlidir. Maalesef \u015fu an Ayasofya&#8217;dan sorumlu \u015fah\u0131s, daha \u00f6nce Beyo\u011flu Belediyesi&#8217;nde ruhsat i\u015fleri m\u00fcd\u00fcrl\u00fc\u011f\u00fc yapm\u0131\u015f, bu i\u015flerden hi\u00e7 anlamayan, kap\u0131 olay\u0131 oldu\u011fu zaman\u00a0<strong>&#8216;tamir edeceklerini&#8217;<\/strong>\u00a0s\u00f6yleyen, asl\u0131nda olay\u0131n restorasyon oldu\u011funu bile bilmeden restorasyon yerine tamir kelimesini kullanan bir arkada\u015f. Bu y\u00fczden bunlar\u0131n hepsi normal&#8221;<\/em>\u00a0ifadelerini kulland\u0131.<\/p>\n<h3>&#8220;B\u00d6YLE G\u0130DERSE AYASOFYA 2050&#8217;Y\u0130 G\u00d6RMEZ&#8221;<\/h3>\n<p>\u015eerif Ya\u015far, s\u00f6zlerine Ayasofya&#8217;daki personel yetersizli\u011finden bahsederek \u015f\u00f6yle devam etti:<\/p>\n<p><em>&#8220;\u00d6te yandan ben Ayasofya&#8217;da g\u00f6revli olan bir\u00e7ok arkada\u015fla konu\u015ftum. Hepsi gelip &#8216;\u015eerif Bey bu g\u00f6r\u00fcnt\u00fclerin sorumlusu biz de\u011filiz \u00e7\u00fcnk\u00fc biz burada \u00e7ok yetersiziz. Bu kalabal\u0131k bizim yeti\u015febilece\u011fimiz bir kalabal\u0131k de\u011fil. Biz b\u00fct\u00fcn yetkililere personelin yetersiz oldu\u011funu s\u00f6yledik ama kimse yeni g\u00f6revli getirmedi. Bu y\u00fczden herkes sosyal medyada bizi su\u00e7luyor&#8217; dedi. Dedi\u011fim gibi, orada i\u015ften anlamayan birileri oldu\u011fu i\u00e7in bu durum daha \u00e7ok ya\u015fan\u0131r. E\u011fer Ayasofya i\u00e7in bir an \u00f6nce \u00f6nlem al\u0131nmaz ve restorasyon ge\u00e7irmezse 2050&#8217;yi g\u00f6rmez. Kesinlikle g\u00f6rmez&#8221;<\/em><\/p>\n<h3>YAVA\u015e\u00c7AY: G\u0130R\u0130\u015eLER\u0130N \u00dcCRETL\u0130 OLMASI LAZIM<\/h3>\n<p>Arkeolog ve foto\u011fraf\u00e7\u0131 \u00d6mer Faruk Yava\u015f\u00e7ay da konuyla ilgili Cumhuriyet\u2019e konu\u015farak, Ayasofya&#8217;ya giren yurtta\u015flar\u0131n ama\u00e7lar\u0131n\u0131n yaln\u0131zca ziyaret olmad\u0131\u011f\u0131ndan s\u00f6z etti. Ayasofya&#8217;n\u0131n cami olarak kullan\u0131lmas\u0131na kar\u015f\u0131 olmad\u0131\u011f\u0131n\u0131 dile getiren Yava\u015f\u00e7ay, s\u00f6zlerini \u015fu \u015fekilde s\u00fcrd\u00fcrd\u00fc:<\/p>\n<p><em>\u201cNamaz turistlerin \u00e7ok ilgisini \u00e7eken bir durum, t\u0131pk\u0131 bizim kilise ayinleri izlemek istememiz gibi. \u0130kincisi Ayasofya\u2019ya giri\u015f saatleri daha fazla. Gece bile ziyaret edebiliyoruz ama alt\u0131n\u0131 \u00e7izerek s\u00f6yl\u00fcyorum Ayasofya&#8217;ya giri\u015fler kesinlikle \u00fccretli olmal\u0131. \u0130steyen ibadetini yaps\u0131n ama biz ziyaret\u00e7i kalitesini y\u00fckseltmeliyiz .\u0130nsanlar\u0131n tek amac\u0131 Ayasofya g\u00f6rmek, ke\u015ffetmek ve ibadet etmesi olmas\u0131 laz\u0131m. Para veren insan Ayasofya\u2019ya de\u011fer verdi\u011fi i\u00e7in o paray\u0131 verir, \u00fccretsiz olursa her \u00f6n\u00fcne gelen istedi\u011fi ama\u00e7 u\u011frunda Ayasofya\u2019y\u0131 kullan\u0131r ve zarar verir.<\/em><\/p>\n<p><em>Ayr\u0131ca Ayasofya\u2019n\u0131n hayatta kalmas\u0131 i\u00e7in milyonlarca dolar bak\u0131m ve onar\u0131m masraflar\u0131 var, bunlar\u0131n kar\u015f\u0131lanmas\u0131 laz\u0131m. Bu \u015fu an da kar\u015f\u0131lan\u0131yor olsa bile gelen h\u00fck\u00fcmetlere git gide y\u00fck olacak ve bir s\u00fcre sonra Ayasofya\u2019ya ayr\u0131lan b\u00fct\u00e7e azalacak. B\u00f6ylece Ayasofya bak\u0131m masraflar\u0131n\u0131 kendi kar\u015f\u0131layabilir. Devletin kasas\u0131ndan da bir kuru\u015f \u00e7\u0131kmaz.\u201d<\/em><\/p>\n<h3>&#8220;\u00dcCRETS\u0130Z D\u0130YE TUVALETLER\u0130N\u0130 YAPMAK \u0130\u00c7\u0130N GEL\u0130YORLAR&#8221;<\/h3>\n<p><strong>Ayasofya&#8217;da kar\u015f\u0131la\u015ft\u0131\u011f\u0131 sorunlar\u0131 foto\u011fraf karelerinde toplayan Yava\u015f\u00e7ay, \u015funlar\u0131 da ekledi:<\/strong><\/p>\n<p><em>&#8220;En \u00f6nemli yap\u0131m\u0131z Ayasofya&#8217;n\u0131n bah\u00e7esinde her gidi\u015fimde \u00e7ocuklar\u0131n top oynamas\u0131. B\u00f6yle tarihi duvarlar\u0131n ve s\u00fctunlar\u0131n oldu\u011fu yap\u0131da bu durum kolayca \u00e7evreye ve yap\u0131ya zarar verebilir. Ayasofya&#8217;n\u0131n en \u00f6nemli yerlerinden Do\u011fu Roma \u0130mparatorlu\u011fu&#8217;nun yapm\u0131\u015f oldu\u011fu i\u00e7 narteks b\u00f6l\u00fcm\u00fc ve Osmanl\u0131&#8217;n\u0131n ise insanlar\u0131n dinlenip, kuran okumalar\u0131 i\u00e7in yapm\u0131\u015f oldu\u011fu mahfil b\u00f6l\u00fcm\u00fcn\u00fcn alt k\u0131sm\u0131, foto\u011fraflarda g\u00f6r\u00fcnd\u00fc\u011f\u00fc \u00fczere bebek arabas\u0131 istilas\u0131 alt\u0131nda. Bu g\u00f6r\u00fcnt\u00fcler i\u00e7 ac\u0131t\u0131yor.<\/em><\/p>\n<p><em>Ayasofya&#8217;n\u0131n hemen yan\u0131nda ah\u015fap bir tuvalet binas\u0131 var o tuvaleti Ayasofya&#8217;n\u0131n bah\u00e7esinden kurtarmam\u0131z laz\u0131m. Bir\u00e7ok insan giri\u015f \u00fccretsiz diye tuvaletini yapmak i\u00e7in geliyor sadece Ayasofya&#8217;ya, b\u00f6yle muhte\u015fem ve dini konudan \u00f6nemli yerin yan\u0131nda tuvalet olmamas\u0131 laz\u0131m.<\/em><\/p>\n<p><strong><em>Ayasofya&#8217;n\u0131n i\u00e7inde saatlerce uyuyan ve valizleri ile giren insanlar. Giri\u015fler \u00fccretsiz oldu\u011fu i\u00e7in bir\u00e7ok insan dinlemek, yatmak, ya da seyahatten \u00f6nce bekleme noktas\u0131 olarak kullan\u0131yor g\u00fczelim Ayasofya&#8217;y\u0131. Ayr\u0131ca baz\u0131 girilmemesi gereken yerlerin garip bir \u015fekilde enkaz y\u0131\u011f\u0131n\u0131 \u015feklinde kapatm\u0131\u015flar. \u00c7ok k\u00f6t\u00fc bir g\u00f6r\u00fcnt\u00fc maalesef.&#8221;<\/em><\/strong><\/p>\n<p><img loading=\"lazy\" decoding=\"async\" src=\"https:\/\/www.cumhuriyet.com.tr\/Archive\/2022\/5\/18\/131128950-haberici-ayasofya.jpg\" width=\"540\" height=\"320\" \/><\/p>\n<p><img loading=\"lazy\" decoding=\"async\" src=\"https:\/\/www.cumhuriyet.com.tr\/Archive\/2022\/5\/18\/131129529-haberici-ayasofya2.jpg\" width=\"542\" height=\"321\" \/><\/p>\n<h3>ISLAK \u00c7ORAPLAR, AYAKKABILARLA G\u0130R\u0130YORLAR<\/h3>\n<p>\u0130ktidar i\u00e7in ticari gelir kap\u0131s\u0131 olan 1500 y\u0131ll\u0131k tarihi hazinenin i\u00e7erisinde yerlerde yatanlar, \u00e7\u00f6p b\u0131rakanlar, \u0131slak \u00e7oraplar\u0131yla gezip, ayakkab\u0131lar\u0131n\u0131 sa\u011fa sola b\u0131rakanlar da cabas\u0131&#8230; \u015eimdi herkesin akl\u0131nda ayn\u0131 soru:\u00a0\u201cAyasofya bu kadar yo\u011fun ziyaret\u00e7i ak\u0131n\u0131n\u0131 kald\u0131rabilecek mi? Bu muhte\u015fem miras\u0131n siyasi iktidar\u0131n se\u00e7im hamlesi olduktan sonra u\u011frad\u0131\u011f\u0131 tahribat\u0131n telafisi m\u00fcmk\u00fcn m\u00fc?\u201d<\/p>\n<p><em><strong>https:\/\/www.cumhuriyet.com.tr\/turkiye\/bu-yuku-kaldirabilecek-mi-1937235<\/strong><\/em><\/p>\n<\/div>\n","protected":false},"excerpt":{"rendered":"<p>2021 y\u0131l\u0131n\u0131n temmuz ay\u0131nda cami olarak ibadete a\u00e7\u0131lan Ayasofya, son g\u00fcnlerde sosyal medyada payla\u015f\u0131lan tahribat ve kalabal\u0131k g\u00f6r\u00fcnt\u00fcleriyle g\u00fcndeme geldi. Tepki \u00e7eken g\u00f6r\u00fcnt\u00fcler sonras\u0131 Cumhuriyet ekibi, Sultanahmet Meydan\u0131&#8217;na giderek olanlar\u0131 yerinde g\u00f6zlemledi. Rabia Azra S\u00f6zc\u00fc \u0130stanbul&#8217;un fethine kadar 916 y\u0131l kilise, 1453&#8217;ten 1934&#8217;te al\u0131nan kararla m\u00fcze oluncaya dek cami olarak kullan\u0131lan, 86 y\u0131l da m\u00fcze [&hellip;]<\/p>\n","protected":false},"author":7,"featured_media":68623,"comment_status":"open","ping_status":"open","sticky":false,"template":"","format":"standard","meta":{"footnotes":""},"categories":[1,34],"tags":[],"class_list":["post-68622","post","type-post","status-publish","format-standard","has-post-thumbnail","hentry","category-haberler","category-istanbul"],"yoast_head":"<!-- This site is optimized with the Yoast SEO plugin v27.4 - https:\/\/yoast.com\/product\/yoast-seo-wordpress\/ -->\n<title>Ayasofya&#039;n\u0131n \u0130stanbul ile imtihan\u0131: &#039;B\u00f6yle giderse 2050&#039;yi g\u00f6remez&#039; - Bati Ermenistan Ve Bati Ermenileri Sorunlari Ara\u015ftirmalar Merkezi<\/title>\n<meta name=\"robots\" content=\"index, follow, max-snippet:-1, max-image-preview:large, max-video-preview:-1\" \/>\n<link rel=\"canonical\" href=\"https:\/\/akunq.net\/tr\/?p=68622\" \/>\n<meta property=\"og:locale\" content=\"en_US\" \/>\n<meta property=\"og:type\" content=\"article\" \/>\n<meta property=\"og:title\" content=\"Ayasofya&#039;n\u0131n \u0130stanbul ile imtihan\u0131: &#039;B\u00f6yle giderse 2050&#039;yi g\u00f6remez&#039; - Bati Ermenistan Ve Bati Ermenileri Sorunlari Ara\u015ftirmalar Merkezi\" \/>\n<meta property=\"og:description\" content=\"2021 y\u0131l\u0131n\u0131n temmuz ay\u0131nda cami olarak ibadete a\u00e7\u0131lan Ayasofya, son g\u00fcnlerde sosyal medyada payla\u015f\u0131lan tahribat ve kalabal\u0131k g\u00f6r\u00fcnt\u00fcleriyle g\u00fcndeme geldi. Tepki \u00e7eken g\u00f6r\u00fcnt\u00fcler sonras\u0131 Cumhuriyet ekibi, Sultanahmet Meydan\u0131&#8217;na giderek olanlar\u0131 yerinde g\u00f6zlemledi. Rabia Azra S\u00f6zc\u00fc \u0130stanbul&#8217;un fethine kadar 916 y\u0131l kilise, 1453&#8217;ten 1934&#8217;te al\u0131nan kararla m\u00fcze oluncaya dek cami olarak kullan\u0131lan, 86 y\u0131l da m\u00fcze [&hellip;]\" \/>\n<meta property=\"og:url\" content=\"https:\/\/akunq.net\/tr\/?p=68622\" \/>\n<meta property=\"og:site_name\" content=\"Bati Ermenistan Ve Bati Ermenileri Sorunlari Ara\u015ftirmalar Merkezi\" \/>\n<meta property=\"article:published_time\" content=\"2022-05-20T07:11:46+00:00\" \/>\n<meta property=\"og:image\" content=\"https:\/\/akunq.net\/tr\/wp-content\/uploads\/sites\/6\/2022\/05\/Ayasofya.jpg\" \/>\n\t<meta property=\"og:image:width\" content=\"674\" \/>\n\t<meta property=\"og:image:height\" content=\"435\" \/>\n\t<meta property=\"og:image:type\" content=\"image\/jpeg\" \/>\n<meta name=\"author\" content=\"admin\" \/>\n<meta name=\"twitter:card\" content=\"summary_large_image\" \/>\n<meta name=\"twitter:label1\" content=\"Written by\" \/>\n\t<meta name=\"twitter:data1\" content=\"admin\" \/>\n\t<meta name=\"twitter:label2\" content=\"Est. reading time\" \/>\n\t<meta name=\"twitter:data2\" content=\"7 minutes\" \/>\n<script type=\"application\/ld+json\" class=\"yoast-schema-graph\">{\"@context\":\"https:\\\/\\\/schema.org\",\"@graph\":[{\"@type\":\"Article\",\"@id\":\"https:\\\/\\\/akunq.net\\\/tr\\\/?p=68622#article\",\"isPartOf\":{\"@id\":\"https:\\\/\\\/akunq.net\\\/tr\\\/?p=68622\"},\"author\":{\"name\":\"admin\",\"@id\":\"https:\\\/\\\/akunq.net\\\/tr\\\/#\\\/schema\\\/person\\\/096f1d38a12cce57fb855b485ed24c9e\"},\"headline\":\"Ayasofya&#8217;n\u0131n \u0130stanbul ile imtihan\u0131: &#8216;B\u00f6yle giderse 2050&#8217;yi g\u00f6remez&#8217;\",\"datePublished\":\"2022-05-20T07:11:46+00:00\",\"mainEntityOfPage\":{\"@id\":\"https:\\\/\\\/akunq.net\\\/tr\\\/?p=68622\"},\"wordCount\":1367,\"commentCount\":0,\"image\":{\"@id\":\"https:\\\/\\\/akunq.net\\\/tr\\\/?p=68622#primaryimage\"},\"thumbnailUrl\":\"https:\\\/\\\/akunq.net\\\/tr\\\/wp-content\\\/uploads\\\/sites\\\/6\\\/2022\\\/05\\\/Ayasofya.jpg\",\"articleSection\":[\"Haberler\",\"Istanbul\"],\"inLanguage\":\"en-US\",\"potentialAction\":[{\"@type\":\"CommentAction\",\"name\":\"Comment\",\"target\":[\"https:\\\/\\\/akunq.net\\\/tr\\\/?p=68622#respond\"]}]},{\"@type\":\"WebPage\",\"@id\":\"https:\\\/\\\/akunq.net\\\/tr\\\/?p=68622\",\"url\":\"https:\\\/\\\/akunq.net\\\/tr\\\/?p=68622\",\"name\":\"Ayasofya'n\u0131n \u0130stanbul ile imtihan\u0131: 'B\u00f6yle giderse 2050'yi g\u00f6remez' - Bati Ermenistan Ve Bati Ermenileri Sorunlari Ara\u015ftirmalar Merkezi\",\"isPartOf\":{\"@id\":\"https:\\\/\\\/akunq.net\\\/tr\\\/#website\"},\"primaryImageOfPage\":{\"@id\":\"https:\\\/\\\/akunq.net\\\/tr\\\/?p=68622#primaryimage\"},\"image\":{\"@id\":\"https:\\\/\\\/akunq.net\\\/tr\\\/?p=68622#primaryimage\"},\"thumbnailUrl\":\"https:\\\/\\\/akunq.net\\\/tr\\\/wp-content\\\/uploads\\\/sites\\\/6\\\/2022\\\/05\\\/Ayasofya.jpg\",\"datePublished\":\"2022-05-20T07:11:46+00:00\",\"author\":{\"@id\":\"https:\\\/\\\/akunq.net\\\/tr\\\/#\\\/schema\\\/person\\\/096f1d38a12cce57fb855b485ed24c9e\"},\"breadcrumb\":{\"@id\":\"https:\\\/\\\/akunq.net\\\/tr\\\/?p=68622#breadcrumb\"},\"inLanguage\":\"en-US\",\"potentialAction\":[{\"@type\":\"ReadAction\",\"target\":[\"https:\\\/\\\/akunq.net\\\/tr\\\/?p=68622\"]}]},{\"@type\":\"ImageObject\",\"inLanguage\":\"en-US\",\"@id\":\"https:\\\/\\\/akunq.net\\\/tr\\\/?p=68622#primaryimage\",\"url\":\"https:\\\/\\\/akunq.net\\\/tr\\\/wp-content\\\/uploads\\\/sites\\\/6\\\/2022\\\/05\\\/Ayasofya.jpg\",\"contentUrl\":\"https:\\\/\\\/akunq.net\\\/tr\\\/wp-content\\\/uploads\\\/sites\\\/6\\\/2022\\\/05\\\/Ayasofya.jpg\",\"width\":674,\"height\":435},{\"@type\":\"BreadcrumbList\",\"@id\":\"https:\\\/\\\/akunq.net\\\/tr\\\/?p=68622#breadcrumb\",\"itemListElement\":[{\"@type\":\"ListItem\",\"position\":1,\"name\":\"Home\",\"item\":\"https:\\\/\\\/akunq.net\\\/tr\"},{\"@type\":\"ListItem\",\"position\":2,\"name\":\"Ayasofya&#8217;n\u0131n \u0130stanbul ile imtihan\u0131: &#8216;B\u00f6yle giderse 2050&#8217;yi g\u00f6remez&#8217;\"}]},{\"@type\":\"WebSite\",\"@id\":\"https:\\\/\\\/akunq.net\\\/tr\\\/#website\",\"url\":\"https:\\\/\\\/akunq.net\\\/tr\\\/\",\"name\":\"Bati Ermenistan Ve Bati Ermenileri Sorunlari Ara\u015ftirmalar Merkezi\",\"description\":\"\",\"potentialAction\":[{\"@type\":\"SearchAction\",\"target\":{\"@type\":\"EntryPoint\",\"urlTemplate\":\"https:\\\/\\\/akunq.net\\\/tr\\\/?s={search_term_string}\"},\"query-input\":{\"@type\":\"PropertyValueSpecification\",\"valueRequired\":true,\"valueName\":\"search_term_string\"}}],\"inLanguage\":\"en-US\"},{\"@type\":\"Person\",\"@id\":\"https:\\\/\\\/akunq.net\\\/tr\\\/#\\\/schema\\\/person\\\/096f1d38a12cce57fb855b485ed24c9e\",\"name\":\"admin\",\"url\":\"https:\\\/\\\/akunq.net\\\/tr\\\/?author=7\"}]}<\/script>\n<!-- \/ Yoast SEO plugin. -->","yoast_head_json":{"title":"Ayasofya'n\u0131n \u0130stanbul ile imtihan\u0131: 'B\u00f6yle giderse 2050'yi g\u00f6remez' - Bati Ermenistan Ve Bati Ermenileri Sorunlari Ara\u015ftirmalar Merkezi","robots":{"index":"index","follow":"follow","max-snippet":"max-snippet:-1","max-image-preview":"max-image-preview:large","max-video-preview":"max-video-preview:-1"},"canonical":"https:\/\/akunq.net\/tr\/?p=68622","og_locale":"en_US","og_type":"article","og_title":"Ayasofya'n\u0131n \u0130stanbul ile imtihan\u0131: 'B\u00f6yle giderse 2050'yi g\u00f6remez' - Bati Ermenistan Ve Bati Ermenileri Sorunlari Ara\u015ftirmalar Merkezi","og_description":"2021 y\u0131l\u0131n\u0131n temmuz ay\u0131nda cami olarak ibadete a\u00e7\u0131lan Ayasofya, son g\u00fcnlerde sosyal medyada payla\u015f\u0131lan tahribat ve kalabal\u0131k g\u00f6r\u00fcnt\u00fcleriyle g\u00fcndeme geldi. Tepki \u00e7eken g\u00f6r\u00fcnt\u00fcler sonras\u0131 Cumhuriyet ekibi, Sultanahmet Meydan\u0131&#8217;na giderek olanlar\u0131 yerinde g\u00f6zlemledi. Rabia Azra S\u00f6zc\u00fc \u0130stanbul&#8217;un fethine kadar 916 y\u0131l kilise, 1453&#8217;ten 1934&#8217;te al\u0131nan kararla m\u00fcze oluncaya dek cami olarak kullan\u0131lan, 86 y\u0131l da m\u00fcze [&hellip;]","og_url":"https:\/\/akunq.net\/tr\/?p=68622","og_site_name":"Bati Ermenistan Ve Bati Ermenileri Sorunlari Ara\u015ftirmalar Merkezi","article_published_time":"2022-05-20T07:11:46+00:00","og_image":[{"width":674,"height":435,"url":"https:\/\/akunq.net\/tr\/wp-content\/uploads\/sites\/6\/2022\/05\/Ayasofya.jpg","type":"image\/jpeg"}],"author":"admin","twitter_card":"summary_large_image","twitter_misc":{"Written by":"admin","Est. reading time":"7 minutes"},"schema":{"@context":"https:\/\/schema.org","@graph":[{"@type":"Article","@id":"https:\/\/akunq.net\/tr\/?p=68622#article","isPartOf":{"@id":"https:\/\/akunq.net\/tr\/?p=68622"},"author":{"name":"admin","@id":"https:\/\/akunq.net\/tr\/#\/schema\/person\/096f1d38a12cce57fb855b485ed24c9e"},"headline":"Ayasofya&#8217;n\u0131n \u0130stanbul ile imtihan\u0131: &#8216;B\u00f6yle giderse 2050&#8217;yi g\u00f6remez&#8217;","datePublished":"2022-05-20T07:11:46+00:00","mainEntityOfPage":{"@id":"https:\/\/akunq.net\/tr\/?p=68622"},"wordCount":1367,"commentCount":0,"image":{"@id":"https:\/\/akunq.net\/tr\/?p=68622#primaryimage"},"thumbnailUrl":"https:\/\/akunq.net\/tr\/wp-content\/uploads\/sites\/6\/2022\/05\/Ayasofya.jpg","articleSection":["Haberler","Istanbul"],"inLanguage":"en-US","potentialAction":[{"@type":"CommentAction","name":"Comment","target":["https:\/\/akunq.net\/tr\/?p=68622#respond"]}]},{"@type":"WebPage","@id":"https:\/\/akunq.net\/tr\/?p=68622","url":"https:\/\/akunq.net\/tr\/?p=68622","name":"Ayasofya'n\u0131n \u0130stanbul ile imtihan\u0131: 'B\u00f6yle giderse 2050'yi g\u00f6remez' - Bati Ermenistan Ve Bati Ermenileri Sorunlari Ara\u015ftirmalar Merkezi","isPartOf":{"@id":"https:\/\/akunq.net\/tr\/#website"},"primaryImageOfPage":{"@id":"https:\/\/akunq.net\/tr\/?p=68622#primaryimage"},"image":{"@id":"https:\/\/akunq.net\/tr\/?p=68622#primaryimage"},"thumbnailUrl":"https:\/\/akunq.net\/tr\/wp-content\/uploads\/sites\/6\/2022\/05\/Ayasofya.jpg","datePublished":"2022-05-20T07:11:46+00:00","author":{"@id":"https:\/\/akunq.net\/tr\/#\/schema\/person\/096f1d38a12cce57fb855b485ed24c9e"},"breadcrumb":{"@id":"https:\/\/akunq.net\/tr\/?p=68622#breadcrumb"},"inLanguage":"en-US","potentialAction":[{"@type":"ReadAction","target":["https:\/\/akunq.net\/tr\/?p=68622"]}]},{"@type":"ImageObject","inLanguage":"en-US","@id":"https:\/\/akunq.net\/tr\/?p=68622#primaryimage","url":"https:\/\/akunq.net\/tr\/wp-content\/uploads\/sites\/6\/2022\/05\/Ayasofya.jpg","contentUrl":"https:\/\/akunq.net\/tr\/wp-content\/uploads\/sites\/6\/2022\/05\/Ayasofya.jpg","width":674,"height":435},{"@type":"BreadcrumbList","@id":"https:\/\/akunq.net\/tr\/?p=68622#breadcrumb","itemListElement":[{"@type":"ListItem","position":1,"name":"Home","item":"https:\/\/akunq.net\/tr"},{"@type":"ListItem","position":2,"name":"Ayasofya&#8217;n\u0131n \u0130stanbul ile imtihan\u0131: &#8216;B\u00f6yle giderse 2050&#8217;yi g\u00f6remez&#8217;"}]},{"@type":"WebSite","@id":"https:\/\/akunq.net\/tr\/#website","url":"https:\/\/akunq.net\/tr\/","name":"Bati Ermenistan Ve Bati Ermenileri Sorunlari Ara\u015ftirmalar Merkezi","description":"","potentialAction":[{"@type":"SearchAction","target":{"@type":"EntryPoint","urlTemplate":"https:\/\/akunq.net\/tr\/?s={search_term_string}"},"query-input":{"@type":"PropertyValueSpecification","valueRequired":true,"valueName":"search_term_string"}}],"inLanguage":"en-US"},{"@type":"Person","@id":"https:\/\/akunq.net\/tr\/#\/schema\/person\/096f1d38a12cce57fb855b485ed24c9e","name":"admin","url":"https:\/\/akunq.net\/tr\/?author=7"}]}},"_links":{"self":[{"href":"https:\/\/akunq.net\/tr\/index.php?rest_route=\/wp\/v2\/posts\/68622","targetHints":{"allow":["GET"]}}],"collection":[{"href":"https:\/\/akunq.net\/tr\/index.php?rest_route=\/wp\/v2\/posts"}],"about":[{"href":"https:\/\/akunq.net\/tr\/index.php?rest_route=\/wp\/v2\/types\/post"}],"author":[{"embeddable":true,"href":"https:\/\/akunq.net\/tr\/index.php?rest_route=\/wp\/v2\/users\/7"}],"replies":[{"embeddable":true,"href":"https:\/\/akunq.net\/tr\/index.php?rest_route=%2Fwp%2Fv2%2Fcomments&post=68622"}],"version-history":[{"count":1,"href":"https:\/\/akunq.net\/tr\/index.php?rest_route=\/wp\/v2\/posts\/68622\/revisions"}],"predecessor-version":[{"id":68624,"href":"https:\/\/akunq.net\/tr\/index.php?rest_route=\/wp\/v2\/posts\/68622\/revisions\/68624"}],"wp:featuredmedia":[{"embeddable":true,"href":"https:\/\/akunq.net\/tr\/index.php?rest_route=\/wp\/v2\/media\/68623"}],"wp:attachment":[{"href":"https:\/\/akunq.net\/tr\/index.php?rest_route=%2Fwp%2Fv2%2Fmedia&parent=68622"}],"wp:term":[{"taxonomy":"category","embeddable":true,"href":"https:\/\/akunq.net\/tr\/index.php?rest_route=%2Fwp%2Fv2%2Fcategories&post=68622"},{"taxonomy":"post_tag","embeddable":true,"href":"https:\/\/akunq.net\/tr\/index.php?rest_route=%2Fwp%2Fv2%2Ftags&post=68622"}],"curies":[{"name":"wp","href":"https:\/\/api.w.org\/{rel}","templated":true}]}}