{"id":68619,"date":"2022-05-20T01:54:13","date_gmt":"2022-05-20T06:54:13","guid":{"rendered":"https:\/\/akunq.net\/tr\/?p=68619"},"modified":"2022-05-20T01:54:13","modified_gmt":"2022-05-20T06:54:13","slug":"kucuk-asya-rum-ve-pontus-soykirimi-ermeni-soykirimina-paralel-olarak-gerceklestirilmistir","status":"publish","type":"post","link":"https:\/\/akunq.net\/tr\/?p=68619","title":{"rendered":"K\u00fc\u00e7\u00fck Asya Rum ve Pontus soyk\u0131r\u0131m\u0131, Ermeni Soyk\u0131r\u0131m\u0131&#8217;na paralel olarak ger\u00e7ekle\u015ftirilmi\u015ftir"},"content":{"rendered":"<p><img loading=\"lazy\" decoding=\"async\" class=\"aligncenter size-medium wp-image-68620\" src=\"https:\/\/akunq.net\/tr\/wp-content\/uploads\/2022\/05\/Tigran-Mkrtchyan-360x242.jpg\" alt=\"\" width=\"360\" height=\"242\" srcset=\"https:\/\/akunq.net\/tr\/wp-content\/uploads\/sites\/6\/2022\/05\/Tigran-Mkrtchyan-360x242.jpg 360w, https:\/\/akunq.net\/tr\/wp-content\/uploads\/sites\/6\/2022\/05\/Tigran-Mkrtchyan-560x376.jpg 560w, https:\/\/akunq.net\/tr\/wp-content\/uploads\/sites\/6\/2022\/05\/Tigran-Mkrtchyan-260x175.jpg 260w, https:\/\/akunq.net\/tr\/wp-content\/uploads\/sites\/6\/2022\/05\/Tigran-Mkrtchyan-160x107.jpg 160w, https:\/\/akunq.net\/tr\/wp-content\/uploads\/sites\/6\/2022\/05\/Tigran-Mkrtchyan.jpg 670w\" sizes=\"auto, (max-width: 360px) 100vw, 360px\" \/><\/p>\n<p><em><strong>Ermenistan\u2019\u0131n Yunanistan B\u00fcy\u00fckel\u00e7isi \u00a0Tigran Mkrtchyan, Pontus ve K\u00fc\u00e7\u00fck Asya Rumlar\u0131n\u0131n Soyk\u0131r\u0131m\u0131n\u0131 Anma G\u00fcn\u00fc vesilesiyle bir a\u00e7\u0131klama yapt\u0131. Armenpress\u2019in aktard\u0131\u011f\u0131 bilgilere g\u00f6re B\u00fcy\u00fckel\u00e7inin resmi Facebook sayafas\u0131ndan yap\u0131lan a\u00e7\u0131klamada \u00f6zellikle \u015fu ifadelere yer verildi:<\/strong><\/em><\/p>\n<p>&#8220;19 May\u0131s&#8217;ta, 20. y\u00fczy\u0131l\u0131n insanl\u0131k tarihinin en trajik ve utan\u00e7 verici sayfalar\u0131ndan biri olan, 20. y\u00fczy\u0131l\u0131n ba\u015flar\u0131ndaki en b\u00fcy\u00fck felaketlerden biri olan Osmanl\u0131 \u0130mparatorlu\u011fu\u2019nun ger\u00e7ekle\u015ftirdi\u011fi K\u00fc\u00e7\u00fck Asya ve Pontus Rum Soyk\u0131r\u0131m\u0131n\u0131 an\u0131yoruz.<\/p>\n<p>K\u00fc\u00e7\u00fck Asya ve Pontus&#8217;taki Rumlar\u0131n soyk\u0131r\u0131m\u0131 J\u00f6n T\u00fcrk yetkilileri taraf\u0131ndan \u00f6nceden planlanm\u0131\u015f, Ermeni Soyk\u0131r\u0131m\u0131&#8217;na paralel olarak y\u00fcr\u00fct\u00fclm\u00fc\u015ft\u00fcr. 1916-1923&#8217;te ger\u00e7ekle\u015fen Pontus Rum Soyk\u0131r\u0131m\u0131\u2019nda, 350.000&#8217;den fazla Pontus Rumu katledildi.<\/p>\n<p>Soyk\u0131r\u0131m kurbanlar\u0131n\u0131n an\u0131s\u0131n\u0131 ya\u015fatman\u0131n en iyi yolu kurbanlar\u0131 hat\u0131rlamakt\u0131r. Ermenistan Parlamentosu 24 Mart 2015 tarihinde oybirli\u011fiyle, Osmanl\u0131 \u0130mparatorlu\u011fu&#8217;ndaki Yunanl\u0131lar\u0131n ve Asurilerin soyk\u0131r\u0131m\u0131n\u0131 k\u0131nayan bir bildiriyi kabul ederek, T\u00fcrklerin inkar\u0131na, soyk\u0131r\u0131ma hay\u0131r, soyk\u0131r\u0131m\u0131n uluslararas\u0131 olarak tan\u0131nmas\u0131na ve k\u0131nanmas\u0131na ise kararl\u0131l\u0131kla evet dedi.<\/p>\n<p>Pontus Rum Soyk\u0131r\u0131m\u0131, \u00a0S\u00fcryani Soyk\u0131r\u0131m\u0131 ve Ermeni Soyk\u0131r\u0131m\u0131\u2019n\u0131n uluslararas\u0131 alanda tan\u0131nmas\u0131 i\u00e7in verilen m\u00fccadelenin nihai hedefi, adaletin yeniden tesis edilmesi ve bu t\u00fcr su\u00e7lar\u0131n \u00f6nlenmesidir. Ne yaz\u0131k ki d\u00fcnyan\u0131n bir\u00e7ok yerinde etnik temizlikler devam ediyor. Daha iki y\u0131l \u00f6nce, Artsakh&#8217;ta ya\u015fayan Ermeniler, Azerbaycan&#8217;\u0131n soyk\u0131r\u0131m politikas\u0131 sonucunda yeniden etnik temizli\u011fe maruz kald\u0131lar.<\/p>\n<p>&#8220;Bir Daha Asla&#8221; slogan\u0131n\u0131 hayata ge\u00e7irmek i\u00e7in Ermenilerin, Ermeni halk\u0131n\u0131n t\u00fcm dostlar\u0131n\u0131n potansiyelini birle\u015ftirmenin yan\u0131 s\u0131ra, kin eken ve soyk\u0131r\u0131m yaratan s\u00f6ylemleri kararl\u0131l\u0131kla ve kesin olarak k\u0131namak gerekir.<\/p>\n<p>Hat\u0131rl\u0131yoruz ve sayg\u0131yla e\u011filiyoruz.\u201d<\/p>\n<p><em><strong>https:\/\/armenpress.am\/tur\/news\/1083626.html\u00a0<\/strong><\/em><\/p>\n","protected":false},"excerpt":{"rendered":"<p>Ermenistan\u2019\u0131n Yunanistan B\u00fcy\u00fckel\u00e7isi \u00a0Tigran Mkrtchyan, Pontus ve K\u00fc\u00e7\u00fck Asya Rumlar\u0131n\u0131n Soyk\u0131r\u0131m\u0131n\u0131 Anma G\u00fcn\u00fc vesilesiyle bir a\u00e7\u0131klama yapt\u0131. Armenpress\u2019in aktard\u0131\u011f\u0131 bilgilere g\u00f6re B\u00fcy\u00fckel\u00e7inin resmi Facebook sayafas\u0131ndan yap\u0131lan a\u00e7\u0131klamada \u00f6zellikle \u015fu ifadelere yer verildi: &#8220;19 May\u0131s&#8217;ta, 20. y\u00fczy\u0131l\u0131n insanl\u0131k tarihinin en trajik ve utan\u00e7 verici sayfalar\u0131ndan biri olan, 20. y\u00fczy\u0131l\u0131n ba\u015flar\u0131ndaki en b\u00fcy\u00fck felaketlerden biri olan Osmanl\u0131 [&hellip;]<\/p>\n","protected":false},"author":7,"featured_media":68620,"comment_status":"open","ping_status":"open","sticky":false,"template":"","format":"standard","meta":{"footnotes":""},"categories":[1,53],"tags":[],"class_list":["post-68619","post","type-post","status-publish","format-standard","has-post-thumbnail","hentry","category-haberler","category-turkiyede-azinliklar"],"yoast_head":"<!-- This site is optimized with the Yoast SEO plugin v27.4 - https:\/\/yoast.com\/product\/yoast-seo-wordpress\/ -->\n<title>K\u00fc\u00e7\u00fck Asya Rum ve Pontus soyk\u0131r\u0131m\u0131, Ermeni Soyk\u0131r\u0131m\u0131&#039;na paralel olarak ger\u00e7ekle\u015ftirilmi\u015ftir - Bati Ermenistan Ve Bati Ermenileri Sorunlari Ara\u015ftirmalar Merkezi<\/title>\n<meta name=\"robots\" content=\"index, follow, max-snippet:-1, max-image-preview:large, max-video-preview:-1\" \/>\n<link rel=\"canonical\" href=\"https:\/\/akunq.net\/tr\/?p=68619\" \/>\n<meta property=\"og:locale\" content=\"en_US\" \/>\n<meta property=\"og:type\" content=\"article\" \/>\n<meta property=\"og:title\" content=\"K\u00fc\u00e7\u00fck Asya Rum ve Pontus soyk\u0131r\u0131m\u0131, Ermeni Soyk\u0131r\u0131m\u0131&#039;na paralel olarak ger\u00e7ekle\u015ftirilmi\u015ftir - Bati Ermenistan Ve Bati Ermenileri Sorunlari Ara\u015ftirmalar Merkezi\" \/>\n<meta property=\"og:description\" content=\"Ermenistan\u2019\u0131n Yunanistan B\u00fcy\u00fckel\u00e7isi \u00a0Tigran Mkrtchyan, Pontus ve K\u00fc\u00e7\u00fck Asya Rumlar\u0131n\u0131n Soyk\u0131r\u0131m\u0131n\u0131 Anma G\u00fcn\u00fc vesilesiyle bir a\u00e7\u0131klama yapt\u0131. Armenpress\u2019in aktard\u0131\u011f\u0131 bilgilere g\u00f6re B\u00fcy\u00fckel\u00e7inin resmi Facebook sayafas\u0131ndan yap\u0131lan a\u00e7\u0131klamada \u00f6zellikle \u015fu ifadelere yer verildi: &#8220;19 May\u0131s&#8217;ta, 20. y\u00fczy\u0131l\u0131n insanl\u0131k tarihinin en trajik ve utan\u00e7 verici sayfalar\u0131ndan biri olan, 20. y\u00fczy\u0131l\u0131n ba\u015flar\u0131ndaki en b\u00fcy\u00fck felaketlerden biri olan Osmanl\u0131 [&hellip;]\" \/>\n<meta property=\"og:url\" content=\"https:\/\/akunq.net\/tr\/?p=68619\" \/>\n<meta property=\"og:site_name\" content=\"Bati Ermenistan Ve Bati Ermenileri Sorunlari Ara\u015ftirmalar Merkezi\" \/>\n<meta property=\"article:published_time\" content=\"2022-05-20T06:54:13+00:00\" \/>\n<meta property=\"og:image\" content=\"https:\/\/akunq.net\/tr\/wp-content\/uploads\/sites\/6\/2022\/05\/Tigran-Mkrtchyan.jpg\" \/>\n\t<meta property=\"og:image:width\" content=\"670\" \/>\n\t<meta property=\"og:image:height\" content=\"450\" \/>\n\t<meta property=\"og:image:type\" content=\"image\/jpeg\" \/>\n<meta name=\"author\" content=\"admin\" \/>\n<meta name=\"twitter:card\" content=\"summary_large_image\" \/>\n<meta name=\"twitter:label1\" content=\"Written by\" \/>\n\t<meta name=\"twitter:data1\" content=\"admin\" \/>\n\t<meta name=\"twitter:label2\" content=\"Est. reading time\" \/>\n\t<meta name=\"twitter:data2\" content=\"2 minutes\" \/>\n<script type=\"application\/ld+json\" class=\"yoast-schema-graph\">{\"@context\":\"https:\\\/\\\/schema.org\",\"@graph\":[{\"@type\":\"Article\",\"@id\":\"https:\\\/\\\/akunq.net\\\/tr\\\/?p=68619#article\",\"isPartOf\":{\"@id\":\"https:\\\/\\\/akunq.net\\\/tr\\\/?p=68619\"},\"author\":{\"name\":\"admin\",\"@id\":\"https:\\\/\\\/akunq.net\\\/tr\\\/#\\\/schema\\\/person\\\/096f1d38a12cce57fb855b485ed24c9e\"},\"headline\":\"K\u00fc\u00e7\u00fck Asya Rum ve Pontus soyk\u0131r\u0131m\u0131, Ermeni Soyk\u0131r\u0131m\u0131&#8217;na paralel olarak ger\u00e7ekle\u015ftirilmi\u015ftir\",\"datePublished\":\"2022-05-20T06:54:13+00:00\",\"mainEntityOfPage\":{\"@id\":\"https:\\\/\\\/akunq.net\\\/tr\\\/?p=68619\"},\"wordCount\":378,\"commentCount\":0,\"image\":{\"@id\":\"https:\\\/\\\/akunq.net\\\/tr\\\/?p=68619#primaryimage\"},\"thumbnailUrl\":\"https:\\\/\\\/akunq.net\\\/tr\\\/wp-content\\\/uploads\\\/sites\\\/6\\\/2022\\\/05\\\/Tigran-Mkrtchyan.jpg\",\"articleSection\":[\"Haberler\",\"T\u00fcrkiye\u2019de Az\u0131nl\u0131klar\"],\"inLanguage\":\"en-US\",\"potentialAction\":[{\"@type\":\"CommentAction\",\"name\":\"Comment\",\"target\":[\"https:\\\/\\\/akunq.net\\\/tr\\\/?p=68619#respond\"]}]},{\"@type\":\"WebPage\",\"@id\":\"https:\\\/\\\/akunq.net\\\/tr\\\/?p=68619\",\"url\":\"https:\\\/\\\/akunq.net\\\/tr\\\/?p=68619\",\"name\":\"K\u00fc\u00e7\u00fck Asya Rum ve Pontus soyk\u0131r\u0131m\u0131, Ermeni Soyk\u0131r\u0131m\u0131'na paralel olarak ger\u00e7ekle\u015ftirilmi\u015ftir - Bati Ermenistan Ve Bati Ermenileri Sorunlari Ara\u015ftirmalar Merkezi\",\"isPartOf\":{\"@id\":\"https:\\\/\\\/akunq.net\\\/tr\\\/#website\"},\"primaryImageOfPage\":{\"@id\":\"https:\\\/\\\/akunq.net\\\/tr\\\/?p=68619#primaryimage\"},\"image\":{\"@id\":\"https:\\\/\\\/akunq.net\\\/tr\\\/?p=68619#primaryimage\"},\"thumbnailUrl\":\"https:\\\/\\\/akunq.net\\\/tr\\\/wp-content\\\/uploads\\\/sites\\\/6\\\/2022\\\/05\\\/Tigran-Mkrtchyan.jpg\",\"datePublished\":\"2022-05-20T06:54:13+00:00\",\"author\":{\"@id\":\"https:\\\/\\\/akunq.net\\\/tr\\\/#\\\/schema\\\/person\\\/096f1d38a12cce57fb855b485ed24c9e\"},\"breadcrumb\":{\"@id\":\"https:\\\/\\\/akunq.net\\\/tr\\\/?p=68619#breadcrumb\"},\"inLanguage\":\"en-US\",\"potentialAction\":[{\"@type\":\"ReadAction\",\"target\":[\"https:\\\/\\\/akunq.net\\\/tr\\\/?p=68619\"]}]},{\"@type\":\"ImageObject\",\"inLanguage\":\"en-US\",\"@id\":\"https:\\\/\\\/akunq.net\\\/tr\\\/?p=68619#primaryimage\",\"url\":\"https:\\\/\\\/akunq.net\\\/tr\\\/wp-content\\\/uploads\\\/sites\\\/6\\\/2022\\\/05\\\/Tigran-Mkrtchyan.jpg\",\"contentUrl\":\"https:\\\/\\\/akunq.net\\\/tr\\\/wp-content\\\/uploads\\\/sites\\\/6\\\/2022\\\/05\\\/Tigran-Mkrtchyan.jpg\",\"width\":670,\"height\":450},{\"@type\":\"BreadcrumbList\",\"@id\":\"https:\\\/\\\/akunq.net\\\/tr\\\/?p=68619#breadcrumb\",\"itemListElement\":[{\"@type\":\"ListItem\",\"position\":1,\"name\":\"Home\",\"item\":\"https:\\\/\\\/akunq.net\\\/tr\"},{\"@type\":\"ListItem\",\"position\":2,\"name\":\"K\u00fc\u00e7\u00fck Asya Rum ve Pontus soyk\u0131r\u0131m\u0131, Ermeni Soyk\u0131r\u0131m\u0131&#8217;na paralel olarak ger\u00e7ekle\u015ftirilmi\u015ftir\"}]},{\"@type\":\"WebSite\",\"@id\":\"https:\\\/\\\/akunq.net\\\/tr\\\/#website\",\"url\":\"https:\\\/\\\/akunq.net\\\/tr\\\/\",\"name\":\"Bati Ermenistan Ve Bati Ermenileri Sorunlari Ara\u015ftirmalar Merkezi\",\"description\":\"\",\"potentialAction\":[{\"@type\":\"SearchAction\",\"target\":{\"@type\":\"EntryPoint\",\"urlTemplate\":\"https:\\\/\\\/akunq.net\\\/tr\\\/?s={search_term_string}\"},\"query-input\":{\"@type\":\"PropertyValueSpecification\",\"valueRequired\":true,\"valueName\":\"search_term_string\"}}],\"inLanguage\":\"en-US\"},{\"@type\":\"Person\",\"@id\":\"https:\\\/\\\/akunq.net\\\/tr\\\/#\\\/schema\\\/person\\\/096f1d38a12cce57fb855b485ed24c9e\",\"name\":\"admin\",\"url\":\"https:\\\/\\\/akunq.net\\\/tr\\\/?author=7\"}]}<\/script>\n<!-- \/ Yoast SEO plugin. -->","yoast_head_json":{"title":"K\u00fc\u00e7\u00fck Asya Rum ve Pontus soyk\u0131r\u0131m\u0131, Ermeni Soyk\u0131r\u0131m\u0131'na paralel olarak ger\u00e7ekle\u015ftirilmi\u015ftir - Bati Ermenistan Ve Bati Ermenileri Sorunlari Ara\u015ftirmalar Merkezi","robots":{"index":"index","follow":"follow","max-snippet":"max-snippet:-1","max-image-preview":"max-image-preview:large","max-video-preview":"max-video-preview:-1"},"canonical":"https:\/\/akunq.net\/tr\/?p=68619","og_locale":"en_US","og_type":"article","og_title":"K\u00fc\u00e7\u00fck Asya Rum ve Pontus soyk\u0131r\u0131m\u0131, Ermeni Soyk\u0131r\u0131m\u0131'na paralel olarak ger\u00e7ekle\u015ftirilmi\u015ftir - Bati Ermenistan Ve Bati Ermenileri Sorunlari Ara\u015ftirmalar Merkezi","og_description":"Ermenistan\u2019\u0131n Yunanistan B\u00fcy\u00fckel\u00e7isi \u00a0Tigran Mkrtchyan, Pontus ve K\u00fc\u00e7\u00fck Asya Rumlar\u0131n\u0131n Soyk\u0131r\u0131m\u0131n\u0131 Anma G\u00fcn\u00fc vesilesiyle bir a\u00e7\u0131klama yapt\u0131. Armenpress\u2019in aktard\u0131\u011f\u0131 bilgilere g\u00f6re B\u00fcy\u00fckel\u00e7inin resmi Facebook sayafas\u0131ndan yap\u0131lan a\u00e7\u0131klamada \u00f6zellikle \u015fu ifadelere yer verildi: &#8220;19 May\u0131s&#8217;ta, 20. y\u00fczy\u0131l\u0131n insanl\u0131k tarihinin en trajik ve utan\u00e7 verici sayfalar\u0131ndan biri olan, 20. y\u00fczy\u0131l\u0131n ba\u015flar\u0131ndaki en b\u00fcy\u00fck felaketlerden biri olan Osmanl\u0131 [&hellip;]","og_url":"https:\/\/akunq.net\/tr\/?p=68619","og_site_name":"Bati Ermenistan Ve Bati Ermenileri Sorunlari Ara\u015ftirmalar Merkezi","article_published_time":"2022-05-20T06:54:13+00:00","og_image":[{"width":670,"height":450,"url":"https:\/\/akunq.net\/tr\/wp-content\/uploads\/sites\/6\/2022\/05\/Tigran-Mkrtchyan.jpg","type":"image\/jpeg"}],"author":"admin","twitter_card":"summary_large_image","twitter_misc":{"Written by":"admin","Est. reading time":"2 minutes"},"schema":{"@context":"https:\/\/schema.org","@graph":[{"@type":"Article","@id":"https:\/\/akunq.net\/tr\/?p=68619#article","isPartOf":{"@id":"https:\/\/akunq.net\/tr\/?p=68619"},"author":{"name":"admin","@id":"https:\/\/akunq.net\/tr\/#\/schema\/person\/096f1d38a12cce57fb855b485ed24c9e"},"headline":"K\u00fc\u00e7\u00fck Asya Rum ve Pontus soyk\u0131r\u0131m\u0131, Ermeni Soyk\u0131r\u0131m\u0131&#8217;na paralel olarak ger\u00e7ekle\u015ftirilmi\u015ftir","datePublished":"2022-05-20T06:54:13+00:00","mainEntityOfPage":{"@id":"https:\/\/akunq.net\/tr\/?p=68619"},"wordCount":378,"commentCount":0,"image":{"@id":"https:\/\/akunq.net\/tr\/?p=68619#primaryimage"},"thumbnailUrl":"https:\/\/akunq.net\/tr\/wp-content\/uploads\/sites\/6\/2022\/05\/Tigran-Mkrtchyan.jpg","articleSection":["Haberler","T\u00fcrkiye\u2019de Az\u0131nl\u0131klar"],"inLanguage":"en-US","potentialAction":[{"@type":"CommentAction","name":"Comment","target":["https:\/\/akunq.net\/tr\/?p=68619#respond"]}]},{"@type":"WebPage","@id":"https:\/\/akunq.net\/tr\/?p=68619","url":"https:\/\/akunq.net\/tr\/?p=68619","name":"K\u00fc\u00e7\u00fck Asya Rum ve Pontus soyk\u0131r\u0131m\u0131, Ermeni Soyk\u0131r\u0131m\u0131'na paralel olarak ger\u00e7ekle\u015ftirilmi\u015ftir - Bati Ermenistan Ve Bati Ermenileri Sorunlari Ara\u015ftirmalar Merkezi","isPartOf":{"@id":"https:\/\/akunq.net\/tr\/#website"},"primaryImageOfPage":{"@id":"https:\/\/akunq.net\/tr\/?p=68619#primaryimage"},"image":{"@id":"https:\/\/akunq.net\/tr\/?p=68619#primaryimage"},"thumbnailUrl":"https:\/\/akunq.net\/tr\/wp-content\/uploads\/sites\/6\/2022\/05\/Tigran-Mkrtchyan.jpg","datePublished":"2022-05-20T06:54:13+00:00","author":{"@id":"https:\/\/akunq.net\/tr\/#\/schema\/person\/096f1d38a12cce57fb855b485ed24c9e"},"breadcrumb":{"@id":"https:\/\/akunq.net\/tr\/?p=68619#breadcrumb"},"inLanguage":"en-US","potentialAction":[{"@type":"ReadAction","target":["https:\/\/akunq.net\/tr\/?p=68619"]}]},{"@type":"ImageObject","inLanguage":"en-US","@id":"https:\/\/akunq.net\/tr\/?p=68619#primaryimage","url":"https:\/\/akunq.net\/tr\/wp-content\/uploads\/sites\/6\/2022\/05\/Tigran-Mkrtchyan.jpg","contentUrl":"https:\/\/akunq.net\/tr\/wp-content\/uploads\/sites\/6\/2022\/05\/Tigran-Mkrtchyan.jpg","width":670,"height":450},{"@type":"BreadcrumbList","@id":"https:\/\/akunq.net\/tr\/?p=68619#breadcrumb","itemListElement":[{"@type":"ListItem","position":1,"name":"Home","item":"https:\/\/akunq.net\/tr"},{"@type":"ListItem","position":2,"name":"K\u00fc\u00e7\u00fck Asya Rum ve Pontus soyk\u0131r\u0131m\u0131, Ermeni Soyk\u0131r\u0131m\u0131&#8217;na paralel olarak ger\u00e7ekle\u015ftirilmi\u015ftir"}]},{"@type":"WebSite","@id":"https:\/\/akunq.net\/tr\/#website","url":"https:\/\/akunq.net\/tr\/","name":"Bati Ermenistan Ve Bati Ermenileri Sorunlari Ara\u015ftirmalar Merkezi","description":"","potentialAction":[{"@type":"SearchAction","target":{"@type":"EntryPoint","urlTemplate":"https:\/\/akunq.net\/tr\/?s={search_term_string}"},"query-input":{"@type":"PropertyValueSpecification","valueRequired":true,"valueName":"search_term_string"}}],"inLanguage":"en-US"},{"@type":"Person","@id":"https:\/\/akunq.net\/tr\/#\/schema\/person\/096f1d38a12cce57fb855b485ed24c9e","name":"admin","url":"https:\/\/akunq.net\/tr\/?author=7"}]}},"_links":{"self":[{"href":"https:\/\/akunq.net\/tr\/index.php?rest_route=\/wp\/v2\/posts\/68619","targetHints":{"allow":["GET"]}}],"collection":[{"href":"https:\/\/akunq.net\/tr\/index.php?rest_route=\/wp\/v2\/posts"}],"about":[{"href":"https:\/\/akunq.net\/tr\/index.php?rest_route=\/wp\/v2\/types\/post"}],"author":[{"embeddable":true,"href":"https:\/\/akunq.net\/tr\/index.php?rest_route=\/wp\/v2\/users\/7"}],"replies":[{"embeddable":true,"href":"https:\/\/akunq.net\/tr\/index.php?rest_route=%2Fwp%2Fv2%2Fcomments&post=68619"}],"version-history":[{"count":1,"href":"https:\/\/akunq.net\/tr\/index.php?rest_route=\/wp\/v2\/posts\/68619\/revisions"}],"predecessor-version":[{"id":68621,"href":"https:\/\/akunq.net\/tr\/index.php?rest_route=\/wp\/v2\/posts\/68619\/revisions\/68621"}],"wp:featuredmedia":[{"embeddable":true,"href":"https:\/\/akunq.net\/tr\/index.php?rest_route=\/wp\/v2\/media\/68620"}],"wp:attachment":[{"href":"https:\/\/akunq.net\/tr\/index.php?rest_route=%2Fwp%2Fv2%2Fmedia&parent=68619"}],"wp:term":[{"taxonomy":"category","embeddable":true,"href":"https:\/\/akunq.net\/tr\/index.php?rest_route=%2Fwp%2Fv2%2Fcategories&post=68619"},{"taxonomy":"post_tag","embeddable":true,"href":"https:\/\/akunq.net\/tr\/index.php?rest_route=%2Fwp%2Fv2%2Ftags&post=68619"}],"curies":[{"name":"wp","href":"https:\/\/api.w.org\/{rel}","templated":true}]}}