{"id":68608,"date":"2022-05-19T04:23:01","date_gmt":"2022-05-19T09:23:01","guid":{"rendered":"https:\/\/akunq.net\/tr\/?p=68608"},"modified":"2022-05-19T04:23:01","modified_gmt":"2022-05-19T09:23:01","slug":"hdp-konferansini-sokakta-gerceklestirdi-kurtler-hesaplari-bozuyor","status":"publish","type":"post","link":"https:\/\/akunq.net\/tr\/?p=68608","title":{"rendered":"HDP konferans\u0131n\u0131 sokakta ger\u00e7ekle\u015ftirdi: K\u00fcrtler hesaplar\u0131 bozuyor"},"content":{"rendered":"<div><img loading=\"lazy\" decoding=\"async\" class=\"aligncenter size-medium wp-image-68609\" src=\"https:\/\/akunq.net\/tr\/wp-content\/uploads\/2022\/05\/HDP-360x226.jpg\" alt=\"\" width=\"360\" height=\"226\" srcset=\"https:\/\/akunq.net\/tr\/wp-content\/uploads\/sites\/6\/2022\/05\/HDP-360x226.jpg 360w, https:\/\/akunq.net\/tr\/wp-content\/uploads\/sites\/6\/2022\/05\/HDP-560x351.jpg 560w, https:\/\/akunq.net\/tr\/wp-content\/uploads\/sites\/6\/2022\/05\/HDP-260x163.jpg 260w, https:\/\/akunq.net\/tr\/wp-content\/uploads\/sites\/6\/2022\/05\/HDP-160x100.jpg 160w, https:\/\/akunq.net\/tr\/wp-content\/uploads\/sites\/6\/2022\/05\/HDP.jpg 752w\" sizes=\"auto, (max-width: 360px) 100vw, 360px\" \/><\/div>\n<div><em><strong>D\u0130YARBAKIR &#8211; Polis sald\u0131r\u0131s\u0131 \u00fczerine a\u00e7\u0131k havada d\u00fczenlenen HDP Diyarbak\u0131r B\u00f6lge Konferans\u0131\u2019nda konu\u015fan HDP S\u00f6zc\u00fcs\u00fc Ebru G\u00fcnay, \u201cHDP binalara s\u0131k\u0131\u015ft\u0131raca\u011f\u0131n\u0131z bir parti de\u011fildir. Abdullah \u00d6calan sadece T\u00fcrkiye de\u011fil, ba\u015fta Ortado\u011fu olmak \u00fczere t\u00fcm d\u00fcnyada bar\u0131\u015f\u0131n teminat\u0131d\u0131r&#8221; dedi.<\/strong><\/em><\/div>\n<div><\/div>\n<div>Halklar\u0131n Demokratik Partisi (HDP) 5\u2019inci Ola\u011fan B\u00fcy\u00fck Kongresi\u2019ne haz\u0131rl\u0131k kapsam\u0131nda Diyarbak\u0131r\u2019da b\u00f6lge konferans\u0131 d\u00fczenledi. Kayap\u0131nar il\u00e7esinde bir salonda yap\u0131lmas\u0131 planlanan b\u00f6lge konferans\u0131 polisler taraf\u0131ndan engellendi. Konferans \u00f6ncesi salon giri\u015fine onlarca polisin bulunmas\u0131na ve arama noktalar\u0131 yerle\u015ftirilmesine tepki g\u00f6steren HDP\u2019liler salona girmek istemedi. Arama noktalar\u0131n\u0131n kurulmas\u0131na ve ince arama dayatmas\u0131na kar\u015f\u0131 \u00e7\u0131kan HDP\u2019liler, stadyum yolunu trafi\u011fe kapatarak durumu protesto etti.Kitle ile polis aras\u0131nda uzun s\u00fcre devam eden tart\u0131\u015fmalar\u0131n ard\u0131ndan bir grup polis taraf\u0131ndan ablukaya al\u0131nd\u0131. Ablukaya al\u0131nan kitle sloganlar\u0131 ve seslendirdikleri \u015fark\u0131larla ablukay\u0131 protesto etti.<\/div>\n<div><\/div>\n<div>Polisin arama noktalar\u0131n\u0131 kald\u0131rmamas\u0131na kar\u015f\u0131 HDP\u2019liler konferans\u0131n ger\u00e7ekle\u015fece\u011fi salonun \u00f6n\u00fcnde bulunan a\u00e7\u0131k alanda konferans\u0131 ger\u00e7ekle\u015ftirmeye karar vererek, \u00f6nce divan se\u00e7imi yapt\u0131. Ard\u0131ndan demokrasi ve \u00f6zg\u00fcrl\u00fck m\u00fccadelesinde ya\u015fam\u0131n\u0131 yitirenler an\u0131s\u0131na sayg\u0131 duru\u015fu ile program ba\u015flad\u0131. Konferansa Demokratik Toplum Kongresi (DTK) E\u015fba\u015fkan\u0131 Berdan \u00d6zt\u00fcrk, Demokratik B\u00f6lgeler Partisi (DBP) E\u015f Genel Ba\u015fkan\u0131 Keskin Bay\u0131nd\u0131r, HDP E\u015f Genel Ba\u015fkan Yard\u0131mc\u0131s\u0131 Tayyip Temel, HDP S\u00f6zc\u00fcs\u00fc Ebru G\u00fcnay, HDP Kad\u0131n Meclisi S\u00f6zc\u00fcs\u00fc Ay\u015fe Acar Ba\u015faran, HDP milletvekilleri ve \u00e7ok say\u0131da partili kat\u0131ld\u0131.<\/div>\n<div><\/div>\n<div><strong>&#8216;B\u00fcy\u00fck bir direni\u015fin i\u00e7indeyiz&#8217;<\/strong><\/div>\n<div><\/div>\n<div>B\u00fcy\u00fck bir kararl\u0131l\u0131kla konferans\u0131 d\u00fczenlediklerini ifade eden HDP\u2019li Tayip Temel, bir taraftan m\u00fccadelenin bir taraftan da ihanetin \u00f6ne \u00e7\u0131kt\u0131\u011f\u0131n\u0131 s\u00f6zlerine ekledi. Tayyip, &#8220;B\u00fcy\u00fck bedellere ra\u011fmen onurlu bir yurtseverlik ve de\u011ferlerine sahip \u00e7\u0131kma durumu s\u00f6z konusu. K\u00fcrtleri bir y\u00fczy\u0131l daha stat\u00fcs\u00fcz b\u0131rakma giri\u015fimleri s\u00fcrd\u00fcr\u00fcl\u00fcyor. B\u00f6ylesi b\u00fcy\u00fck bir direni\u015fin i\u00e7erisindeyiz. Halk\u0131n ve dostlar\u0131m\u0131z\u0131n g\u00f6z\u00fc ve kula\u011f\u0131 bizim \u00fczerimizde. Yine egemenler de yak\u0131ndan ve k\u00f6t\u00fc bir g\u00f6zle bizi takip ediyor&#8221; diye kaydetti.<\/div>\n<div><\/div>\n<div><strong>&#8216;K\u00fcrt halk\u0131 hesaplar\u0131n\u0131 bozuyor&#8217;<\/strong><\/div>\n<div><\/div>\n<div>K\u00fcrt halk\u0131n\u0131n kalbinin Diyarbak\u0131r&#8217;da att\u0131\u011f\u0131n\u0131 ve Diyarbak\u0131r\u2019\u0131n ileri ki s\u00fcre\u00e7te bu rol\u00fc oynayaca\u011f\u0131n\u0131 s\u00f6yleyen Tayip, &#8220;K\u00fcrt gen\u00e7leri onurlu m\u00fccadelede kendilerini feda ettiler. Amed direni\u015fin ve onurun kentidir. Bu ger\u00e7ekli\u011fi ters y\u00fcz etmek istiyorlar ve Amed&#8217;in kimli\u011fini yok etmek istiyorlar. Kayy\u0131mlarla, tutuklamalarla, sald\u0131r\u0131larla, \u00f6zel sava\u015f politikalar\u0131yla halk\u0131m\u0131z\u0131 ve yurdumuzu hedef al\u0131yorlar. Sadece partimizi de\u011fil K\u00fcrt halk\u0131n\u0131n kimli\u011fini hedef al\u0131yorlar. K\u00fcrt halk\u0131na d\u00fc\u015fmanl\u0131klar\u0131 y\u0131llard\u0131r s\u00fcr\u00fcyor. Dilimize ve kimli\u011fimize sald\u0131r\u0131yorlar. Kayy\u0131mlarla halk\u0131n iradesini gasp ediyorlar. Kayy\u0131m atand\u0131\u011f\u0131nda K\u00fcrt\u00e7e tabelalar\u0131n\u0131 indirip, b\u00fct\u00fcn K\u00fcrt de\u011ferlerine sald\u0131rd\u0131lar. 2 g\u00fcn \u00f6nce de K\u00fcrt\u00e7e konseri ve tiyatroyu iptal ettiler. Neden? Bize ve halk\u0131m\u0131za k\u0131zg\u0131nlar. \u00c7\u00fcnk\u00fc her \u015feye ra\u011fmen hesaplar\u0131n\u0131 bozuyoruz&#8221; dedi.<\/div>\n<div><\/div>\n<div><strong>&#8216;Ne olursa olsun zafer bizimdir\u2019<\/strong><\/div>\n<div><\/div>\n<div>Fa\u015fizmle bir kez daha y\u00fcz y\u00fcze olduklar\u0131n\u0131 s\u00f6yleyen HDP Diyarbak\u0131r Milletvekili Dersim Da\u011f, &#8220;2 g\u00fcn \u00f6nce Aysel Do\u011fan&#8217;\u0131n cenazesine sald\u0131r\u0131 yap\u0131ld\u0131. Halk\u0131n de\u011ferlerine sald\u0131r\u0131ld\u0131, ancak halk buna kar\u015f\u0131 \u00e7\u0131kt\u0131. Bug\u00fcn yine ayn\u0131 \u015fey yap\u0131ld\u0131. Ama \u015funu unutuyorlar ne K\u00fcrt halk\u0131 ne de HDP sald\u0131r\u0131lara ba\u015f e\u011fmeyecektir. \u00c7\u00fcnk\u00fc biz gen\u00e7lik partisiyiz. Ne olursa olsun zafer bizimdir, K\u00fcrt halk\u0131 kazanacakt\u0131r&#8221; diye konu\u015ftu.<\/div>\n<div><\/div>\n<div><strong>&#8216;Sald\u0131r\u0131lara maruz kal\u0131yoruz&#8217;<\/strong><\/div>\n<div><\/div>\n<div>Ay\u015fe Acar Ba\u015faran ise ola\u011fan\u00fcst\u00fc ko\u015fullarda konferans yap\u0131ld\u0131\u011f\u0131n\u0131 belirterek, &#8220;Bundan kaynakl\u0131 da halka a\u00e7\u0131k bir \u015fekilde yap\u0131yoruz. D\u00fcn yapt\u0131\u011f\u0131m\u0131z kad\u0131n konferans\u0131 gibi konferans\u0131m\u0131z\u0131 yapmak istedik. Ancak ince aramayla arkada\u015flar\u0131m\u0131z\u0131 salona almak istediler. Ama bizler bunu kabul etmiyoruz ve direniyoruz. Say\u0131n \u00d6calan ile g\u00f6r\u00fc\u015fmeleri bitirdikten sonra, K\u00fcrt d\u00fc\u015fmanl\u0131\u011f\u0131n\u0131 zirveye \u00e7\u0131kard\u0131klar\u0131 g\u00fcnden beri her alandan benzer sald\u0131r\u0131lara maruz kal\u0131yoruz\u201d s\u00f6zlerine yer verdi.<\/div>\n<div><\/div>\n<div><strong>\u2018Her alan bizim i\u00e7in \u00f6rg\u00fctlenme alan\u0131\u2019<\/strong><\/div>\n<div><\/div>\n<div>HDP\u2019ye y\u00f6nelik sald\u0131r\u0131lar\u0131 hat\u0131rlatan Ay\u015fe, \u0130\u00e7i\u015fleri Bakanl\u0131\u011f\u0131 ve kollu\u011fun provokasyon i\u015flevi g\u00f6rd\u00fc\u011f\u00fcn\u00fc belirtti. Ay\u015fe konu\u015fmas\u0131na \u015fu s\u00f6zlerle son verdi: \u201cBug\u00fcn yap\u0131lanlar 1980 anayasas\u0131na bile ayk\u0131r\u0131. Bu \u00fclke, tek ki\u015finin a\u011fz\u0131ndan \u00e7\u0131kan kararlarla y\u00f6netiliyor. Bizi engelleyemeyeceksiniz, her alan bizim i\u00e7in konferans alan\u0131 toplanma alan\u0131, \u00f6rg\u00fctlenme alan\u0131. HDP bir fikriyatt\u0131r ve bu fikriyat her alanda kendisini var edecektir.&#8221;<\/div>\n<div><\/div>\n<div><strong>&#8216;K\u00fcrtlerin sistemle sorunu var&#8217;<\/strong><\/div>\n<div><\/div>\n<div>&#8220;Fa\u015fizm ne kadar derinle\u015firse o kadar b\u00fcy\u00fck sald\u0131r\u0131 da oluyor. Bunun yan\u0131nda direni\u015f de b\u00fcy\u00fcyor&#8221; diyen Berdan \u00d6zt\u00fcrk \u015f\u00f6yle konu\u015ftu: \u201cBiz biliyoruz ki siz gidicisiniz. Ancak bu zamana kadar K\u00fcrt halk\u0131 ve dostlar\u0131 kendi kazan\u0131mlar\u0131n\u0131 savundu ve devam ediyor. Ama K\u00fcrt halk\u0131na kar\u015f\u0131 \u00e7ok b\u00fcy\u00fck sald\u0131r\u0131 oldu. K\u00fcrt halk\u0131 hi\u00e7 bir zaman kendi dilini unutmad\u0131 ve inkar etmedi. K\u00fcrt halk\u0131 bir kez daha m\u00fccadelesini ve ba\u015far\u0131s\u0131n\u0131 ortaya koydu. Bundan kaynakl\u0131 konferans \u00e7ok \u00f6nemlidir. \u00a0T\u00fcrkiye de bar\u0131\u015f\u0131, \u00f6zg\u00fcr ve e\u015fit bir ortam\u0131 yarataca\u011f\u0131z. Bundan kaynakl\u0131 da iddiam\u0131z b\u00fcy\u00fckt\u00fcr. K\u00fcrt halk\u0131n\u0131n iktidara gelme gibi bir derdi yoktur. K\u00fcrt halk\u0131n\u0131n bu sistemle sorunu vard\u0131r, sistemi de\u011fi\u015ftirme iddias\u0131 vard\u0131r. Bar\u0131\u015f\u0131n ve \u00f6zg\u00fcrl\u00fc\u011f\u00fcn yolu \u0130mral\u0131&#8217;dan ge\u00e7iyor.\u201d<\/div>\n<div><\/div>\n<div><strong>&#8216;Say\u0131n \u00d6calan bar\u0131\u015f\u0131n teminat\u0131d\u0131r&#8217;<\/strong><\/div>\n<div><\/div>\n<div>T\u00fcm delegasyonlar\u0131 sel\u00e2mlayarak konu\u015fmas\u0131na ba\u015flayan Ebru G\u00fcnay ise, &#8220;T\u00fcrkiye&#8217;nin hukuk devleti olmad\u0131\u011f\u0131n\u0131 bir kez daha g\u00f6rd\u00fck. Kolluk kuvvetleri madem bizi korumak istiyor, o zaman Ceylan \u00d6nkol, U\u011fur Kaymaz, Deniz Poyraz katledildi\u011fi zaman neredeydiniz. HDP binalara s\u0131k\u0131\u015ft\u0131raca\u011f\u0131n\u0131z bir parti de\u011fildir. Abdullah \u00d6calan sadece T\u00fcrkiye de\u011fil, ba\u015fta Ortado\u011fu olmak \u00fczere t\u00fcm d\u00fcnyada bar\u0131\u015f\u0131n teminat\u0131d\u0131r&#8221; ifadelerini kulland\u0131.<\/div>\n<div><\/div>\n<div>Konu\u015fmalar yer yer \u201cBij\u00ee berxwedana HDP\u201d, \u201cHDP halkt\u0131r halk burada\u201d, \u201cDirene direne kazanaca\u011f\u0131z\u201d ve \u201cJin jiyan azad\u00ee\u201d sloganlar\u0131 ve alk\u0131\u015flar ile kesilirken; \u00a0konferans, al\u0131nan kararlar\u0131n ard\u0131ndan \u00e7ekilen halaylar ile son buldu.<\/div>\n<div><\/div>\n<div><em><strong>http:\/\/jinpanel.com\/TUM-HABERLER\/content\/view\/188383\u00a0<\/strong><\/em><\/div>\n<div><\/div>\n","protected":false},"excerpt":{"rendered":"<p>D\u0130YARBAKIR &#8211; Polis sald\u0131r\u0131s\u0131 \u00fczerine a\u00e7\u0131k havada d\u00fczenlenen HDP Diyarbak\u0131r B\u00f6lge Konferans\u0131\u2019nda konu\u015fan HDP S\u00f6zc\u00fcs\u00fc Ebru G\u00fcnay, \u201cHDP binalara s\u0131k\u0131\u015ft\u0131raca\u011f\u0131n\u0131z bir parti de\u011fildir. Abdullah \u00d6calan sadece T\u00fcrkiye de\u011fil, ba\u015fta Ortado\u011fu olmak \u00fczere t\u00fcm d\u00fcnyada bar\u0131\u015f\u0131n teminat\u0131d\u0131r&#8221; dedi. Halklar\u0131n Demokratik Partisi (HDP) 5\u2019inci Ola\u011fan B\u00fcy\u00fck Kongresi\u2019ne haz\u0131rl\u0131k kapsam\u0131nda Diyarbak\u0131r\u2019da b\u00f6lge konferans\u0131 d\u00fczenledi. Kayap\u0131nar il\u00e7esinde bir salonda [&hellip;]<\/p>\n","protected":false},"author":7,"featured_media":68609,"comment_status":"open","ping_status":"open","sticky":false,"template":"","format":"standard","meta":{"footnotes":""},"categories":[1,53],"tags":[],"class_list":["post-68608","post","type-post","status-publish","format-standard","has-post-thumbnail","hentry","category-haberler","category-turkiyede-azinliklar"],"yoast_head":"<!-- This site is optimized with the Yoast SEO plugin v27.4 - https:\/\/yoast.com\/product\/yoast-seo-wordpress\/ -->\n<title>HDP konferans\u0131n\u0131 sokakta ger\u00e7ekle\u015ftirdi: K\u00fcrtler hesaplar\u0131 bozuyor - Bati Ermenistan Ve Bati Ermenileri Sorunlari Ara\u015ftirmalar Merkezi<\/title>\n<meta name=\"robots\" content=\"index, follow, max-snippet:-1, max-image-preview:large, max-video-preview:-1\" \/>\n<link rel=\"canonical\" href=\"https:\/\/akunq.net\/tr\/?p=68608\" \/>\n<meta property=\"og:locale\" content=\"en_US\" \/>\n<meta property=\"og:type\" content=\"article\" \/>\n<meta property=\"og:title\" content=\"HDP konferans\u0131n\u0131 sokakta ger\u00e7ekle\u015ftirdi: K\u00fcrtler hesaplar\u0131 bozuyor - Bati Ermenistan Ve Bati Ermenileri Sorunlari Ara\u015ftirmalar Merkezi\" \/>\n<meta property=\"og:description\" content=\"D\u0130YARBAKIR &#8211; Polis sald\u0131r\u0131s\u0131 \u00fczerine a\u00e7\u0131k havada d\u00fczenlenen HDP Diyarbak\u0131r B\u00f6lge Konferans\u0131\u2019nda konu\u015fan HDP S\u00f6zc\u00fcs\u00fc Ebru G\u00fcnay, \u201cHDP binalara s\u0131k\u0131\u015ft\u0131raca\u011f\u0131n\u0131z bir parti de\u011fildir. Abdullah \u00d6calan sadece T\u00fcrkiye de\u011fil, ba\u015fta Ortado\u011fu olmak \u00fczere t\u00fcm d\u00fcnyada bar\u0131\u015f\u0131n teminat\u0131d\u0131r&#8221; dedi. Halklar\u0131n Demokratik Partisi (HDP) 5\u2019inci Ola\u011fan B\u00fcy\u00fck Kongresi\u2019ne haz\u0131rl\u0131k kapsam\u0131nda Diyarbak\u0131r\u2019da b\u00f6lge konferans\u0131 d\u00fczenledi. Kayap\u0131nar il\u00e7esinde bir salonda [&hellip;]\" \/>\n<meta property=\"og:url\" content=\"https:\/\/akunq.net\/tr\/?p=68608\" \/>\n<meta property=\"og:site_name\" content=\"Bati Ermenistan Ve Bati Ermenileri Sorunlari Ara\u015ftirmalar Merkezi\" \/>\n<meta property=\"article:published_time\" content=\"2022-05-19T09:23:01+00:00\" \/>\n<meta property=\"og:image\" content=\"https:\/\/akunq.net\/tr\/wp-content\/uploads\/sites\/6\/2022\/05\/HDP.jpg\" \/>\n\t<meta property=\"og:image:width\" content=\"752\" \/>\n\t<meta property=\"og:image:height\" content=\"472\" \/>\n\t<meta property=\"og:image:type\" content=\"image\/jpeg\" \/>\n<meta name=\"author\" content=\"admin\" \/>\n<meta name=\"twitter:card\" content=\"summary_large_image\" \/>\n<meta name=\"twitter:label1\" content=\"Written by\" \/>\n\t<meta name=\"twitter:data1\" content=\"admin\" \/>\n\t<meta name=\"twitter:label2\" content=\"Est. reading time\" \/>\n\t<meta name=\"twitter:data2\" content=\"6 minutes\" \/>\n<script type=\"application\/ld+json\" class=\"yoast-schema-graph\">{\"@context\":\"https:\\\/\\\/schema.org\",\"@graph\":[{\"@type\":\"Article\",\"@id\":\"https:\\\/\\\/akunq.net\\\/tr\\\/?p=68608#article\",\"isPartOf\":{\"@id\":\"https:\\\/\\\/akunq.net\\\/tr\\\/?p=68608\"},\"author\":{\"name\":\"admin\",\"@id\":\"https:\\\/\\\/akunq.net\\\/tr\\\/#\\\/schema\\\/person\\\/096f1d38a12cce57fb855b485ed24c9e\"},\"headline\":\"HDP konferans\u0131n\u0131 sokakta ger\u00e7ekle\u015ftirdi: K\u00fcrtler hesaplar\u0131 bozuyor\",\"datePublished\":\"2022-05-19T09:23:01+00:00\",\"mainEntityOfPage\":{\"@id\":\"https:\\\/\\\/akunq.net\\\/tr\\\/?p=68608\"},\"wordCount\":1174,\"commentCount\":0,\"image\":{\"@id\":\"https:\\\/\\\/akunq.net\\\/tr\\\/?p=68608#primaryimage\"},\"thumbnailUrl\":\"https:\\\/\\\/akunq.net\\\/tr\\\/wp-content\\\/uploads\\\/sites\\\/6\\\/2022\\\/05\\\/HDP.jpg\",\"articleSection\":[\"Haberler\",\"T\u00fcrkiye\u2019de Az\u0131nl\u0131klar\"],\"inLanguage\":\"en-US\",\"potentialAction\":[{\"@type\":\"CommentAction\",\"name\":\"Comment\",\"target\":[\"https:\\\/\\\/akunq.net\\\/tr\\\/?p=68608#respond\"]}]},{\"@type\":\"WebPage\",\"@id\":\"https:\\\/\\\/akunq.net\\\/tr\\\/?p=68608\",\"url\":\"https:\\\/\\\/akunq.net\\\/tr\\\/?p=68608\",\"name\":\"HDP konferans\u0131n\u0131 sokakta ger\u00e7ekle\u015ftirdi: K\u00fcrtler hesaplar\u0131 bozuyor - Bati Ermenistan Ve Bati Ermenileri Sorunlari Ara\u015ftirmalar Merkezi\",\"isPartOf\":{\"@id\":\"https:\\\/\\\/akunq.net\\\/tr\\\/#website\"},\"primaryImageOfPage\":{\"@id\":\"https:\\\/\\\/akunq.net\\\/tr\\\/?p=68608#primaryimage\"},\"image\":{\"@id\":\"https:\\\/\\\/akunq.net\\\/tr\\\/?p=68608#primaryimage\"},\"thumbnailUrl\":\"https:\\\/\\\/akunq.net\\\/tr\\\/wp-content\\\/uploads\\\/sites\\\/6\\\/2022\\\/05\\\/HDP.jpg\",\"datePublished\":\"2022-05-19T09:23:01+00:00\",\"author\":{\"@id\":\"https:\\\/\\\/akunq.net\\\/tr\\\/#\\\/schema\\\/person\\\/096f1d38a12cce57fb855b485ed24c9e\"},\"breadcrumb\":{\"@id\":\"https:\\\/\\\/akunq.net\\\/tr\\\/?p=68608#breadcrumb\"},\"inLanguage\":\"en-US\",\"potentialAction\":[{\"@type\":\"ReadAction\",\"target\":[\"https:\\\/\\\/akunq.net\\\/tr\\\/?p=68608\"]}]},{\"@type\":\"ImageObject\",\"inLanguage\":\"en-US\",\"@id\":\"https:\\\/\\\/akunq.net\\\/tr\\\/?p=68608#primaryimage\",\"url\":\"https:\\\/\\\/akunq.net\\\/tr\\\/wp-content\\\/uploads\\\/sites\\\/6\\\/2022\\\/05\\\/HDP.jpg\",\"contentUrl\":\"https:\\\/\\\/akunq.net\\\/tr\\\/wp-content\\\/uploads\\\/sites\\\/6\\\/2022\\\/05\\\/HDP.jpg\",\"width\":752,\"height\":472},{\"@type\":\"BreadcrumbList\",\"@id\":\"https:\\\/\\\/akunq.net\\\/tr\\\/?p=68608#breadcrumb\",\"itemListElement\":[{\"@type\":\"ListItem\",\"position\":1,\"name\":\"Home\",\"item\":\"https:\\\/\\\/akunq.net\\\/tr\"},{\"@type\":\"ListItem\",\"position\":2,\"name\":\"HDP konferans\u0131n\u0131 sokakta ger\u00e7ekle\u015ftirdi: K\u00fcrtler hesaplar\u0131 bozuyor\"}]},{\"@type\":\"WebSite\",\"@id\":\"https:\\\/\\\/akunq.net\\\/tr\\\/#website\",\"url\":\"https:\\\/\\\/akunq.net\\\/tr\\\/\",\"name\":\"Bati Ermenistan Ve Bati Ermenileri Sorunlari Ara\u015ftirmalar Merkezi\",\"description\":\"\",\"potentialAction\":[{\"@type\":\"SearchAction\",\"target\":{\"@type\":\"EntryPoint\",\"urlTemplate\":\"https:\\\/\\\/akunq.net\\\/tr\\\/?s={search_term_string}\"},\"query-input\":{\"@type\":\"PropertyValueSpecification\",\"valueRequired\":true,\"valueName\":\"search_term_string\"}}],\"inLanguage\":\"en-US\"},{\"@type\":\"Person\",\"@id\":\"https:\\\/\\\/akunq.net\\\/tr\\\/#\\\/schema\\\/person\\\/096f1d38a12cce57fb855b485ed24c9e\",\"name\":\"admin\",\"url\":\"https:\\\/\\\/akunq.net\\\/tr\\\/?author=7\"}]}<\/script>\n<!-- \/ Yoast SEO plugin. -->","yoast_head_json":{"title":"HDP konferans\u0131n\u0131 sokakta ger\u00e7ekle\u015ftirdi: K\u00fcrtler hesaplar\u0131 bozuyor - Bati Ermenistan Ve Bati Ermenileri Sorunlari Ara\u015ftirmalar Merkezi","robots":{"index":"index","follow":"follow","max-snippet":"max-snippet:-1","max-image-preview":"max-image-preview:large","max-video-preview":"max-video-preview:-1"},"canonical":"https:\/\/akunq.net\/tr\/?p=68608","og_locale":"en_US","og_type":"article","og_title":"HDP konferans\u0131n\u0131 sokakta ger\u00e7ekle\u015ftirdi: K\u00fcrtler hesaplar\u0131 bozuyor - Bati Ermenistan Ve Bati Ermenileri Sorunlari Ara\u015ftirmalar Merkezi","og_description":"D\u0130YARBAKIR &#8211; Polis sald\u0131r\u0131s\u0131 \u00fczerine a\u00e7\u0131k havada d\u00fczenlenen HDP Diyarbak\u0131r B\u00f6lge Konferans\u0131\u2019nda konu\u015fan HDP S\u00f6zc\u00fcs\u00fc Ebru G\u00fcnay, \u201cHDP binalara s\u0131k\u0131\u015ft\u0131raca\u011f\u0131n\u0131z bir parti de\u011fildir. Abdullah \u00d6calan sadece T\u00fcrkiye de\u011fil, ba\u015fta Ortado\u011fu olmak \u00fczere t\u00fcm d\u00fcnyada bar\u0131\u015f\u0131n teminat\u0131d\u0131r&#8221; dedi. Halklar\u0131n Demokratik Partisi (HDP) 5\u2019inci Ola\u011fan B\u00fcy\u00fck Kongresi\u2019ne haz\u0131rl\u0131k kapsam\u0131nda Diyarbak\u0131r\u2019da b\u00f6lge konferans\u0131 d\u00fczenledi. Kayap\u0131nar il\u00e7esinde bir salonda [&hellip;]","og_url":"https:\/\/akunq.net\/tr\/?p=68608","og_site_name":"Bati Ermenistan Ve Bati Ermenileri Sorunlari Ara\u015ftirmalar Merkezi","article_published_time":"2022-05-19T09:23:01+00:00","og_image":[{"width":752,"height":472,"url":"https:\/\/akunq.net\/tr\/wp-content\/uploads\/sites\/6\/2022\/05\/HDP.jpg","type":"image\/jpeg"}],"author":"admin","twitter_card":"summary_large_image","twitter_misc":{"Written by":"admin","Est. reading time":"6 minutes"},"schema":{"@context":"https:\/\/schema.org","@graph":[{"@type":"Article","@id":"https:\/\/akunq.net\/tr\/?p=68608#article","isPartOf":{"@id":"https:\/\/akunq.net\/tr\/?p=68608"},"author":{"name":"admin","@id":"https:\/\/akunq.net\/tr\/#\/schema\/person\/096f1d38a12cce57fb855b485ed24c9e"},"headline":"HDP konferans\u0131n\u0131 sokakta ger\u00e7ekle\u015ftirdi: K\u00fcrtler hesaplar\u0131 bozuyor","datePublished":"2022-05-19T09:23:01+00:00","mainEntityOfPage":{"@id":"https:\/\/akunq.net\/tr\/?p=68608"},"wordCount":1174,"commentCount":0,"image":{"@id":"https:\/\/akunq.net\/tr\/?p=68608#primaryimage"},"thumbnailUrl":"https:\/\/akunq.net\/tr\/wp-content\/uploads\/sites\/6\/2022\/05\/HDP.jpg","articleSection":["Haberler","T\u00fcrkiye\u2019de Az\u0131nl\u0131klar"],"inLanguage":"en-US","potentialAction":[{"@type":"CommentAction","name":"Comment","target":["https:\/\/akunq.net\/tr\/?p=68608#respond"]}]},{"@type":"WebPage","@id":"https:\/\/akunq.net\/tr\/?p=68608","url":"https:\/\/akunq.net\/tr\/?p=68608","name":"HDP konferans\u0131n\u0131 sokakta ger\u00e7ekle\u015ftirdi: K\u00fcrtler hesaplar\u0131 bozuyor - Bati Ermenistan Ve Bati Ermenileri Sorunlari Ara\u015ftirmalar Merkezi","isPartOf":{"@id":"https:\/\/akunq.net\/tr\/#website"},"primaryImageOfPage":{"@id":"https:\/\/akunq.net\/tr\/?p=68608#primaryimage"},"image":{"@id":"https:\/\/akunq.net\/tr\/?p=68608#primaryimage"},"thumbnailUrl":"https:\/\/akunq.net\/tr\/wp-content\/uploads\/sites\/6\/2022\/05\/HDP.jpg","datePublished":"2022-05-19T09:23:01+00:00","author":{"@id":"https:\/\/akunq.net\/tr\/#\/schema\/person\/096f1d38a12cce57fb855b485ed24c9e"},"breadcrumb":{"@id":"https:\/\/akunq.net\/tr\/?p=68608#breadcrumb"},"inLanguage":"en-US","potentialAction":[{"@type":"ReadAction","target":["https:\/\/akunq.net\/tr\/?p=68608"]}]},{"@type":"ImageObject","inLanguage":"en-US","@id":"https:\/\/akunq.net\/tr\/?p=68608#primaryimage","url":"https:\/\/akunq.net\/tr\/wp-content\/uploads\/sites\/6\/2022\/05\/HDP.jpg","contentUrl":"https:\/\/akunq.net\/tr\/wp-content\/uploads\/sites\/6\/2022\/05\/HDP.jpg","width":752,"height":472},{"@type":"BreadcrumbList","@id":"https:\/\/akunq.net\/tr\/?p=68608#breadcrumb","itemListElement":[{"@type":"ListItem","position":1,"name":"Home","item":"https:\/\/akunq.net\/tr"},{"@type":"ListItem","position":2,"name":"HDP konferans\u0131n\u0131 sokakta ger\u00e7ekle\u015ftirdi: K\u00fcrtler hesaplar\u0131 bozuyor"}]},{"@type":"WebSite","@id":"https:\/\/akunq.net\/tr\/#website","url":"https:\/\/akunq.net\/tr\/","name":"Bati Ermenistan Ve Bati Ermenileri Sorunlari Ara\u015ftirmalar Merkezi","description":"","potentialAction":[{"@type":"SearchAction","target":{"@type":"EntryPoint","urlTemplate":"https:\/\/akunq.net\/tr\/?s={search_term_string}"},"query-input":{"@type":"PropertyValueSpecification","valueRequired":true,"valueName":"search_term_string"}}],"inLanguage":"en-US"},{"@type":"Person","@id":"https:\/\/akunq.net\/tr\/#\/schema\/person\/096f1d38a12cce57fb855b485ed24c9e","name":"admin","url":"https:\/\/akunq.net\/tr\/?author=7"}]}},"_links":{"self":[{"href":"https:\/\/akunq.net\/tr\/index.php?rest_route=\/wp\/v2\/posts\/68608","targetHints":{"allow":["GET"]}}],"collection":[{"href":"https:\/\/akunq.net\/tr\/index.php?rest_route=\/wp\/v2\/posts"}],"about":[{"href":"https:\/\/akunq.net\/tr\/index.php?rest_route=\/wp\/v2\/types\/post"}],"author":[{"embeddable":true,"href":"https:\/\/akunq.net\/tr\/index.php?rest_route=\/wp\/v2\/users\/7"}],"replies":[{"embeddable":true,"href":"https:\/\/akunq.net\/tr\/index.php?rest_route=%2Fwp%2Fv2%2Fcomments&post=68608"}],"version-history":[{"count":1,"href":"https:\/\/akunq.net\/tr\/index.php?rest_route=\/wp\/v2\/posts\/68608\/revisions"}],"predecessor-version":[{"id":68610,"href":"https:\/\/akunq.net\/tr\/index.php?rest_route=\/wp\/v2\/posts\/68608\/revisions\/68610"}],"wp:featuredmedia":[{"embeddable":true,"href":"https:\/\/akunq.net\/tr\/index.php?rest_route=\/wp\/v2\/media\/68609"}],"wp:attachment":[{"href":"https:\/\/akunq.net\/tr\/index.php?rest_route=%2Fwp%2Fv2%2Fmedia&parent=68608"}],"wp:term":[{"taxonomy":"category","embeddable":true,"href":"https:\/\/akunq.net\/tr\/index.php?rest_route=%2Fwp%2Fv2%2Fcategories&post=68608"},{"taxonomy":"post_tag","embeddable":true,"href":"https:\/\/akunq.net\/tr\/index.php?rest_route=%2Fwp%2Fv2%2Ftags&post=68608"}],"curies":[{"name":"wp","href":"https:\/\/api.w.org\/{rel}","templated":true}]}}