{"id":68605,"date":"2022-05-19T04:02:48","date_gmt":"2022-05-19T09:02:48","guid":{"rendered":"https:\/\/akunq.net\/tr\/?p=68605"},"modified":"2022-05-19T04:02:48","modified_gmt":"2022-05-19T09:02:48","slug":"muzeler-haftasi-nedir-hangi-muzeler-saat-kaca-kadar-acik-hangi-muzeler-ucretsiz","status":"publish","type":"post","link":"https:\/\/akunq.net\/tr\/?p=68605","title":{"rendered":"M\u00fczeler Haftas\u0131 nedir, hangi m\u00fczeler saat ka\u00e7a kadar a\u00e7\u0131k, hangi m\u00fczeler \u00fccretsiz?"},"content":{"rendered":"<p><img loading=\"lazy\" decoding=\"async\" class=\"aligncenter size-medium wp-image-68606\" src=\"https:\/\/akunq.net\/tr\/wp-content\/uploads\/2022\/05\/M\u00fczeler-Haftas\u0131-1-360x213.jpg\" alt=\"\" width=\"360\" height=\"213\" srcset=\"https:\/\/akunq.net\/tr\/wp-content\/uploads\/sites\/6\/2022\/05\/M\u00fczeler-Haftas\u0131-1-360x213.jpg 360w, https:\/\/akunq.net\/tr\/wp-content\/uploads\/sites\/6\/2022\/05\/M\u00fczeler-Haftas\u0131-1-560x332.jpg 560w, https:\/\/akunq.net\/tr\/wp-content\/uploads\/sites\/6\/2022\/05\/M\u00fczeler-Haftas\u0131-1-260x154.jpg 260w, https:\/\/akunq.net\/tr\/wp-content\/uploads\/sites\/6\/2022\/05\/M\u00fczeler-Haftas\u0131-1-160x95.jpg 160w, https:\/\/akunq.net\/tr\/wp-content\/uploads\/sites\/6\/2022\/05\/M\u00fczeler-Haftas\u0131-1.jpg 760w\" sizes=\"auto, (max-width: 360px) 100vw, 360px\" \/><\/p>\n<p><em><strong>M\u00fczeler Haftas\u0131, her y\u0131l 18-24 May\u0131s tarihleri aras\u0131nda kutlan\u0131yor. Bu hafta baz\u0131 m\u00fczeler \u00fccretsiz gezelebilecek. 8-24 May\u0131s tarihleri aras\u0131nda hangi m\u00fczeler \u00fccretsiz olacak? M\u00fczeler haftas\u0131nda m\u00fczeler saat ka\u00e7a kadar a\u00e7\u0131k olacak?<\/strong><\/em><\/p>\n<p>M\u00fczeler, bu d\u00fcnya miras\u0131n\u0131 ayd\u0131nlatan, koruyup gelece\u011fe aktaran kurumlar olarak k\u00fclt\u00fcrel ya\u015famda b\u00fcy\u00fck \u00f6nem ta\u015f\u0131yor. G\u00fcnl\u00fck hayata fazla dahil edilemeyen m\u00fczelere dikkat \u00e7ekmek, ilgiyi art\u0131rmak ve sosyal hayat\u0131n i\u00e7ine ta\u015f\u0131mak amac\u0131yla her y\u0131l M\u00fczeler Haftas\u0131 etkinli\u011fi d\u00fczenleniyor. M\u00fczeler Haftas\u0131 her y\u0131l Uluslararas\u0131 M\u00fczeler Konseyi (ICOM) taraf\u0131ndan \u201cUluslararas\u0131 M\u00fczeler G\u00fcn\u00fc\u201d olarak kabul edilen may\u0131s ay\u0131n\u0131n 18\u2019inci g\u00fcn\u00fcnden ba\u015flayarak bir hafta kutlan\u0131yor.<\/p>\n<p>M\u00fczeler haftas\u0131nda hangi m\u00fczelere giri\u015f \u00fccretsiz olacak? M\u00fczeler haftas\u0131nda m\u00fczelerin \u00e7al\u0131\u015fma saati ka\u00e7?<\/p>\n<p>M\u00fczeler haftas\u0131nda m\u00fczeler saat ka\u00e7a kadar a\u00e7\u0131k?<\/p>\n<p>\u201cMedeniyetlerin Be\u015fi\u011fi\u201d olarak tan\u0131mlanan Anadolu, binlerce y\u0131ll\u0131k tarihi ile ev sahipli\u011fi yapt\u0131\u011f\u0131 muhte\u015fem k\u00fclt\u00fcrel mirasa sahip onlarca paha bi\u00e7ilemez m\u00fcze bar\u0131ndr\u0131yor. 18-24 May\u0131s tarihleri aras\u0131nda kutlanan M\u00fczeler Haftas\u0131 bu y\u0131l da dopdolu ge\u00e7ecek. M\u00fczeler Haftas\u0131 kutlamalar\u0131 vesilesiyle gece 23:00\u2019e kadar a\u00e7\u0131k olacak ve normal kapan\u0131\u015f saati sonras\u0131nda da \u00fccretsiz gezilebilecek 39 m\u00fcze belirlendi.<\/p>\n<p>M\u00fczeler haftas\u0131nda hangi m\u00fczeler \u00fccretsiz?<\/p>\n<p>M\u00dcZELER GECES\u0130 ETK\u0130NL\u0130\u011e\u0130NE DAH\u0130L OLAN M\u00dcZELER:<\/p>\n<ul>\n<li>Adana M\u00fczesi<\/li>\n<li>Amasya M\u00fczesi<\/li>\n<li>Ankara Anadolu Medeniyetleri M\u00fczesi<\/li>\n<li>Ankara Etnografya M\u00fczesi<\/li>\n<li>Antalya M\u00fczesi<\/li>\n<li>Alanya M\u00fczesi<\/li>\n<li>Side M\u00fczesi<\/li>\n<li>Demre Likya Uygarl\u0131klar\u0131 M\u00fczesi<\/li>\n<li>Ayd\u0131n M\u00fczesi<\/li>\n<li>Burdur M\u00fczesi<\/li>\n<li>Bart\u0131n Amasra M\u00fczesi<\/li>\n<li>\u00c7orum M\u00fczesi<\/li>\n<li>Edirne M\u00fczesi<\/li>\n<li>Edirne T\u00fcrk-\u0130slam Eserleri M\u00fczesi<\/li>\n<li>Eski\u015fehir Eti Arkeoloji M\u00fczesi<\/li>\n<li>Gaziantep Arkeoloji M\u00fczesi<\/li>\n<li>Gaziantep Zeugma Mozaik M\u00fczesi<\/li>\n<li>Hatay Arkeoloji M\u00fczesi<\/li>\n<li>\u0130stanbul Arkeoloji M\u00fczeleri<\/li>\n<li>\u0130stanbul Ayasofya M\u00fczesi<\/li>\n<li>\u0130stanbul T\u00fcrk ve \u0130slam Eserleri M\u00fczesi<\/li>\n<li>\u0130zmir Arkeoloji M\u00fczesi<\/li>\n<li>\u0130zmir Atat\u00fcrk M\u00fczesi<\/li>\n<li>\u0130zmir Efes M\u00fczesi<\/li>\n<li>\u0130zmir \u00d6demi\u015f M\u00fczesi<\/li>\n<li>Kahramanmara\u015f M\u00fczesi<\/li>\n<li>Kastamonu M\u00fczesi<\/li>\n<li>Kocaeli M\u00fczesi<\/li>\n<li>Konya Mevlana M\u00fczesi<\/li>\n<li>Konya Karatay \u00c7ini Eserler M\u00fczesi<\/li>\n<li>Mardin M\u00fczesi<\/li>\n<li>Mersin M\u00fczesi<\/li>\n<li>Mu\u011fla Fethiye M\u00fczesi<\/li>\n<li>Mu\u011fla Marmaris M\u00fczesi<\/li>\n<li>Ni\u011fde M\u00fczesi<\/li>\n<li>Sivas M\u00fczesi<\/li>\n<li>Sinop M\u00fczesi<\/li>\n<li>\u015eanl\u0131urfa M\u00fczesi<\/li>\n<li>\u015eanl\u0131urfa Haleplibah\u00e7e Mozaik M\u00fczesi<\/li>\n<\/ul>\n<p>M\u00fczeler Haftas\u0131nda yukar\u0131da listelenen m\u00fczeleri \u00fccretsiz ziyaret edebilirsiniz. Di\u011fer g\u00fcnlerde de \u00e7o\u011fu m\u00fczeyi bir y\u0131l boyunca s\u0131n\u0131rs\u0131z ve \u00fccretsiz ziyaret edebilmek i\u00e7in M\u00fczeKart+ edinebilirsiniz.<\/p>\n<p>M\u00dcZEKART+ NED\u0130R?<\/p>\n<p>Ziyaret\u00e7iler, M\u00fczeKart+ ile T.C. K\u00fclt\u00fcr ve Turizm Bakanl\u0131\u011f\u0131\u2019na ve Milli Saraylar ve \u00c7anakkale Alan Ba\u015fkanl\u0131\u011f\u0131na ba\u011fl\u0131 350\u2019den fazla m\u00fcze ve \u00f6renyerini bir y\u0131l boyunca s\u0131n\u0131rs\u0131z ziyaret etme hakk\u0131na sahip oluyor.<\/p>\n<p>M\u00dcZEKART+ F\u0130YATI NED\u0130R?<\/p>\n<p>Sat\u0131n al\u0131nan ilk g\u00fcnden itibaren bir y\u0131l boyunca ge\u00e7erli olan M\u00fcze Kart\u2019\u0131n 2022 fiyat\u0131 T\u00fcrk vatanda\u015flar\u0131 i\u00e7in 60 TL olarak belirlendi.<\/p>\n<p>M\u00dcZEKART+ NASIL ALINIR?<\/p>\n<p>Ziyaret\u00e7iler, \u201cT\u00fcrkiye\u2019nin M\u00fczeleri\u201d uygulamas\u0131 ile \u00fcyelik olu\u015fturarak, m\u00fcze ve \u00f6renyeri giri\u015finde olu\u015fturaca\u011f\u0131 kod ile kart\u0131 an\u0131nda kullanmaya ba\u015flayabiliyor. \u00dcyelik olu\u015fturulmayan durumlarda M\u00fczeKart\u2019\u0131n kargo ile ula\u015fmas\u0131n\u0131n beklenmesi gerekiyor. Ayr\u0131ca \u201cwww.muzekart.com\u201d adresinden m\u00fczekart sahibi olmaki\u00e7in ba\u015fvuruda bulunabilirsiniz. M\u00fczekart\u2019a belirli m\u00fcze ve \u00f6renyeri ba\u015fvuru noktalar\u0131ndan kimli\u011finizi ibraz ederek alabilirsiniz.<\/p>\n<p>M\u00dcZEKART+ \u00d6\u011eRENC\u0130 \u0130ND\u0130R\u0130M\u0130 VAR MI?<\/p>\n<p>M\u00fczeKart+\u2019\u0131n \u00f6\u011frenci indirimi bulunmamaktad\u0131r.<\/p>\n<p>M\u00fczeKart+, Topkap\u0131 Saray\u0131 i\u00e7erisinde bulunan Harem Dairesi, Aya \u0130rini An\u0131t\u0131, Efes \u00d6renyeri i\u00e7erisinde bulunan Yama\u00e7evler , G\u00f6reme A\u00e7\u0131khava M\u00fczesi i\u00e7erisinde bulunan Karanl\u0131k Kilise, Sedir Adas\u0131 ve \u0130stanbul Sinema M\u00fczesi ge\u00e7erli de\u011fil, bu yerler ziyaret i\u00e7in ayr\u0131ca bilet al\u0131nmas\u0131 gerekiyor.<\/p>\n<hr \/>\n<p><strong><em><a href=\"https:\/\/www.cumhuriyet.com.tr\/yasam\/muzeler-haftasi-nedir-hangi-muzeler-saat-kaca-kadar-acik-hangi-muzeler-ucretsiz-1937334\" target=\"_blank\" rel=\"noopener noreferrer\">Cumhuriyet Gazetesi<\/a>\u00a0<\/em><\/strong><\/p>\n","protected":false},"excerpt":{"rendered":"<p>M\u00fczeler Haftas\u0131, her y\u0131l 18-24 May\u0131s tarihleri aras\u0131nda kutlan\u0131yor. Bu hafta baz\u0131 m\u00fczeler \u00fccretsiz gezelebilecek. 8-24 May\u0131s tarihleri aras\u0131nda hangi m\u00fczeler \u00fccretsiz olacak? M\u00fczeler haftas\u0131nda m\u00fczeler saat ka\u00e7a kadar a\u00e7\u0131k olacak? M\u00fczeler, bu d\u00fcnya miras\u0131n\u0131 ayd\u0131nlatan, koruyup gelece\u011fe aktaran kurumlar olarak k\u00fclt\u00fcrel ya\u015famda b\u00fcy\u00fck \u00f6nem ta\u015f\u0131yor. G\u00fcnl\u00fck hayata fazla dahil edilemeyen m\u00fczelere dikkat \u00e7ekmek, ilgiyi [&hellip;]<\/p>\n","protected":false},"author":7,"featured_media":68606,"comment_status":"open","ping_status":"open","sticky":false,"template":"","format":"standard","meta":{"footnotes":""},"categories":[1],"tags":[],"class_list":["post-68605","post","type-post","status-publish","format-standard","has-post-thumbnail","hentry","category-haberler"],"yoast_head":"<!-- This site is optimized with the Yoast SEO plugin v27.4 - https:\/\/yoast.com\/product\/yoast-seo-wordpress\/ -->\n<title>M\u00fczeler Haftas\u0131 nedir, hangi m\u00fczeler saat ka\u00e7a kadar a\u00e7\u0131k, hangi m\u00fczeler \u00fccretsiz? - Bati Ermenistan Ve Bati Ermenileri Sorunlari Ara\u015ftirmalar Merkezi<\/title>\n<meta name=\"robots\" content=\"index, follow, max-snippet:-1, max-image-preview:large, max-video-preview:-1\" \/>\n<link rel=\"canonical\" href=\"https:\/\/akunq.net\/tr\/?p=68605\" \/>\n<meta property=\"og:locale\" content=\"en_US\" \/>\n<meta property=\"og:type\" content=\"article\" \/>\n<meta property=\"og:title\" content=\"M\u00fczeler Haftas\u0131 nedir, hangi m\u00fczeler saat ka\u00e7a kadar a\u00e7\u0131k, hangi m\u00fczeler \u00fccretsiz? - Bati Ermenistan Ve Bati Ermenileri Sorunlari Ara\u015ftirmalar Merkezi\" \/>\n<meta property=\"og:description\" content=\"M\u00fczeler Haftas\u0131, her y\u0131l 18-24 May\u0131s tarihleri aras\u0131nda kutlan\u0131yor. Bu hafta baz\u0131 m\u00fczeler \u00fccretsiz gezelebilecek. 8-24 May\u0131s tarihleri aras\u0131nda hangi m\u00fczeler \u00fccretsiz olacak? M\u00fczeler haftas\u0131nda m\u00fczeler saat ka\u00e7a kadar a\u00e7\u0131k olacak? M\u00fczeler, bu d\u00fcnya miras\u0131n\u0131 ayd\u0131nlatan, koruyup gelece\u011fe aktaran kurumlar olarak k\u00fclt\u00fcrel ya\u015famda b\u00fcy\u00fck \u00f6nem ta\u015f\u0131yor. G\u00fcnl\u00fck hayata fazla dahil edilemeyen m\u00fczelere dikkat \u00e7ekmek, ilgiyi [&hellip;]\" \/>\n<meta property=\"og:url\" content=\"https:\/\/akunq.net\/tr\/?p=68605\" \/>\n<meta property=\"og:site_name\" content=\"Bati Ermenistan Ve Bati Ermenileri Sorunlari Ara\u015ftirmalar Merkezi\" \/>\n<meta property=\"article:published_time\" content=\"2022-05-19T09:02:48+00:00\" \/>\n<meta property=\"og:image\" content=\"https:\/\/akunq.net\/tr\/wp-content\/uploads\/sites\/6\/2022\/05\/M\u00fczeler-Haftas\u0131-1.jpg\" \/>\n\t<meta property=\"og:image:width\" content=\"760\" \/>\n\t<meta property=\"og:image:height\" content=\"450\" \/>\n\t<meta property=\"og:image:type\" content=\"image\/jpeg\" \/>\n<meta name=\"author\" content=\"admin\" \/>\n<meta name=\"twitter:card\" content=\"summary_large_image\" \/>\n<meta name=\"twitter:label1\" content=\"Written by\" \/>\n\t<meta name=\"twitter:data1\" content=\"admin\" \/>\n\t<meta name=\"twitter:label2\" content=\"Est. reading time\" \/>\n\t<meta name=\"twitter:data2\" content=\"4 minutes\" \/>\n<script type=\"application\/ld+json\" class=\"yoast-schema-graph\">{\"@context\":\"https:\\\/\\\/schema.org\",\"@graph\":[{\"@type\":\"Article\",\"@id\":\"https:\\\/\\\/akunq.net\\\/tr\\\/?p=68605#article\",\"isPartOf\":{\"@id\":\"https:\\\/\\\/akunq.net\\\/tr\\\/?p=68605\"},\"author\":{\"name\":\"admin\",\"@id\":\"https:\\\/\\\/akunq.net\\\/tr\\\/#\\\/schema\\\/person\\\/096f1d38a12cce57fb855b485ed24c9e\"},\"headline\":\"M\u00fczeler Haftas\u0131 nedir, hangi m\u00fczeler saat ka\u00e7a kadar a\u00e7\u0131k, hangi m\u00fczeler \u00fccretsiz?\",\"datePublished\":\"2022-05-19T09:02:48+00:00\",\"mainEntityOfPage\":{\"@id\":\"https:\\\/\\\/akunq.net\\\/tr\\\/?p=68605\"},\"wordCount\":717,\"commentCount\":0,\"image\":{\"@id\":\"https:\\\/\\\/akunq.net\\\/tr\\\/?p=68605#primaryimage\"},\"thumbnailUrl\":\"https:\\\/\\\/akunq.net\\\/tr\\\/wp-content\\\/uploads\\\/sites\\\/6\\\/2022\\\/05\\\/M\u00fczeler-Haftas\u0131-1.jpg\",\"articleSection\":[\"Haberler\"],\"inLanguage\":\"en-US\",\"potentialAction\":[{\"@type\":\"CommentAction\",\"name\":\"Comment\",\"target\":[\"https:\\\/\\\/akunq.net\\\/tr\\\/?p=68605#respond\"]}]},{\"@type\":\"WebPage\",\"@id\":\"https:\\\/\\\/akunq.net\\\/tr\\\/?p=68605\",\"url\":\"https:\\\/\\\/akunq.net\\\/tr\\\/?p=68605\",\"name\":\"M\u00fczeler Haftas\u0131 nedir, hangi m\u00fczeler saat ka\u00e7a kadar a\u00e7\u0131k, hangi m\u00fczeler \u00fccretsiz? - Bati Ermenistan Ve Bati Ermenileri Sorunlari Ara\u015ftirmalar Merkezi\",\"isPartOf\":{\"@id\":\"https:\\\/\\\/akunq.net\\\/tr\\\/#website\"},\"primaryImageOfPage\":{\"@id\":\"https:\\\/\\\/akunq.net\\\/tr\\\/?p=68605#primaryimage\"},\"image\":{\"@id\":\"https:\\\/\\\/akunq.net\\\/tr\\\/?p=68605#primaryimage\"},\"thumbnailUrl\":\"https:\\\/\\\/akunq.net\\\/tr\\\/wp-content\\\/uploads\\\/sites\\\/6\\\/2022\\\/05\\\/M\u00fczeler-Haftas\u0131-1.jpg\",\"datePublished\":\"2022-05-19T09:02:48+00:00\",\"author\":{\"@id\":\"https:\\\/\\\/akunq.net\\\/tr\\\/#\\\/schema\\\/person\\\/096f1d38a12cce57fb855b485ed24c9e\"},\"breadcrumb\":{\"@id\":\"https:\\\/\\\/akunq.net\\\/tr\\\/?p=68605#breadcrumb\"},\"inLanguage\":\"en-US\",\"potentialAction\":[{\"@type\":\"ReadAction\",\"target\":[\"https:\\\/\\\/akunq.net\\\/tr\\\/?p=68605\"]}]},{\"@type\":\"ImageObject\",\"inLanguage\":\"en-US\",\"@id\":\"https:\\\/\\\/akunq.net\\\/tr\\\/?p=68605#primaryimage\",\"url\":\"https:\\\/\\\/akunq.net\\\/tr\\\/wp-content\\\/uploads\\\/sites\\\/6\\\/2022\\\/05\\\/M\u00fczeler-Haftas\u0131-1.jpg\",\"contentUrl\":\"https:\\\/\\\/akunq.net\\\/tr\\\/wp-content\\\/uploads\\\/sites\\\/6\\\/2022\\\/05\\\/M\u00fczeler-Haftas\u0131-1.jpg\",\"width\":760,\"height\":450},{\"@type\":\"BreadcrumbList\",\"@id\":\"https:\\\/\\\/akunq.net\\\/tr\\\/?p=68605#breadcrumb\",\"itemListElement\":[{\"@type\":\"ListItem\",\"position\":1,\"name\":\"Home\",\"item\":\"https:\\\/\\\/akunq.net\\\/tr\"},{\"@type\":\"ListItem\",\"position\":2,\"name\":\"M\u00fczeler Haftas\u0131 nedir, hangi m\u00fczeler saat ka\u00e7a kadar a\u00e7\u0131k, hangi m\u00fczeler \u00fccretsiz?\"}]},{\"@type\":\"WebSite\",\"@id\":\"https:\\\/\\\/akunq.net\\\/tr\\\/#website\",\"url\":\"https:\\\/\\\/akunq.net\\\/tr\\\/\",\"name\":\"Bati Ermenistan Ve Bati Ermenileri Sorunlari Ara\u015ftirmalar Merkezi\",\"description\":\"\",\"potentialAction\":[{\"@type\":\"SearchAction\",\"target\":{\"@type\":\"EntryPoint\",\"urlTemplate\":\"https:\\\/\\\/akunq.net\\\/tr\\\/?s={search_term_string}\"},\"query-input\":{\"@type\":\"PropertyValueSpecification\",\"valueRequired\":true,\"valueName\":\"search_term_string\"}}],\"inLanguage\":\"en-US\"},{\"@type\":\"Person\",\"@id\":\"https:\\\/\\\/akunq.net\\\/tr\\\/#\\\/schema\\\/person\\\/096f1d38a12cce57fb855b485ed24c9e\",\"name\":\"admin\",\"url\":\"https:\\\/\\\/akunq.net\\\/tr\\\/?author=7\"}]}<\/script>\n<!-- \/ Yoast SEO plugin. -->","yoast_head_json":{"title":"M\u00fczeler Haftas\u0131 nedir, hangi m\u00fczeler saat ka\u00e7a kadar a\u00e7\u0131k, hangi m\u00fczeler \u00fccretsiz? - Bati Ermenistan Ve Bati Ermenileri Sorunlari Ara\u015ftirmalar Merkezi","robots":{"index":"index","follow":"follow","max-snippet":"max-snippet:-1","max-image-preview":"max-image-preview:large","max-video-preview":"max-video-preview:-1"},"canonical":"https:\/\/akunq.net\/tr\/?p=68605","og_locale":"en_US","og_type":"article","og_title":"M\u00fczeler Haftas\u0131 nedir, hangi m\u00fczeler saat ka\u00e7a kadar a\u00e7\u0131k, hangi m\u00fczeler \u00fccretsiz? - Bati Ermenistan Ve Bati Ermenileri Sorunlari Ara\u015ftirmalar Merkezi","og_description":"M\u00fczeler Haftas\u0131, her y\u0131l 18-24 May\u0131s tarihleri aras\u0131nda kutlan\u0131yor. Bu hafta baz\u0131 m\u00fczeler \u00fccretsiz gezelebilecek. 8-24 May\u0131s tarihleri aras\u0131nda hangi m\u00fczeler \u00fccretsiz olacak? M\u00fczeler haftas\u0131nda m\u00fczeler saat ka\u00e7a kadar a\u00e7\u0131k olacak? M\u00fczeler, bu d\u00fcnya miras\u0131n\u0131 ayd\u0131nlatan, koruyup gelece\u011fe aktaran kurumlar olarak k\u00fclt\u00fcrel ya\u015famda b\u00fcy\u00fck \u00f6nem ta\u015f\u0131yor. G\u00fcnl\u00fck hayata fazla dahil edilemeyen m\u00fczelere dikkat \u00e7ekmek, ilgiyi [&hellip;]","og_url":"https:\/\/akunq.net\/tr\/?p=68605","og_site_name":"Bati Ermenistan Ve Bati Ermenileri Sorunlari Ara\u015ftirmalar Merkezi","article_published_time":"2022-05-19T09:02:48+00:00","og_image":[{"width":760,"height":450,"url":"https:\/\/akunq.net\/tr\/wp-content\/uploads\/sites\/6\/2022\/05\/M\u00fczeler-Haftas\u0131-1.jpg","type":"image\/jpeg"}],"author":"admin","twitter_card":"summary_large_image","twitter_misc":{"Written by":"admin","Est. reading time":"4 minutes"},"schema":{"@context":"https:\/\/schema.org","@graph":[{"@type":"Article","@id":"https:\/\/akunq.net\/tr\/?p=68605#article","isPartOf":{"@id":"https:\/\/akunq.net\/tr\/?p=68605"},"author":{"name":"admin","@id":"https:\/\/akunq.net\/tr\/#\/schema\/person\/096f1d38a12cce57fb855b485ed24c9e"},"headline":"M\u00fczeler Haftas\u0131 nedir, hangi m\u00fczeler saat ka\u00e7a kadar a\u00e7\u0131k, hangi m\u00fczeler \u00fccretsiz?","datePublished":"2022-05-19T09:02:48+00:00","mainEntityOfPage":{"@id":"https:\/\/akunq.net\/tr\/?p=68605"},"wordCount":717,"commentCount":0,"image":{"@id":"https:\/\/akunq.net\/tr\/?p=68605#primaryimage"},"thumbnailUrl":"https:\/\/akunq.net\/tr\/wp-content\/uploads\/sites\/6\/2022\/05\/M\u00fczeler-Haftas\u0131-1.jpg","articleSection":["Haberler"],"inLanguage":"en-US","potentialAction":[{"@type":"CommentAction","name":"Comment","target":["https:\/\/akunq.net\/tr\/?p=68605#respond"]}]},{"@type":"WebPage","@id":"https:\/\/akunq.net\/tr\/?p=68605","url":"https:\/\/akunq.net\/tr\/?p=68605","name":"M\u00fczeler Haftas\u0131 nedir, hangi m\u00fczeler saat ka\u00e7a kadar a\u00e7\u0131k, hangi m\u00fczeler \u00fccretsiz? - Bati Ermenistan Ve Bati Ermenileri Sorunlari Ara\u015ftirmalar Merkezi","isPartOf":{"@id":"https:\/\/akunq.net\/tr\/#website"},"primaryImageOfPage":{"@id":"https:\/\/akunq.net\/tr\/?p=68605#primaryimage"},"image":{"@id":"https:\/\/akunq.net\/tr\/?p=68605#primaryimage"},"thumbnailUrl":"https:\/\/akunq.net\/tr\/wp-content\/uploads\/sites\/6\/2022\/05\/M\u00fczeler-Haftas\u0131-1.jpg","datePublished":"2022-05-19T09:02:48+00:00","author":{"@id":"https:\/\/akunq.net\/tr\/#\/schema\/person\/096f1d38a12cce57fb855b485ed24c9e"},"breadcrumb":{"@id":"https:\/\/akunq.net\/tr\/?p=68605#breadcrumb"},"inLanguage":"en-US","potentialAction":[{"@type":"ReadAction","target":["https:\/\/akunq.net\/tr\/?p=68605"]}]},{"@type":"ImageObject","inLanguage":"en-US","@id":"https:\/\/akunq.net\/tr\/?p=68605#primaryimage","url":"https:\/\/akunq.net\/tr\/wp-content\/uploads\/sites\/6\/2022\/05\/M\u00fczeler-Haftas\u0131-1.jpg","contentUrl":"https:\/\/akunq.net\/tr\/wp-content\/uploads\/sites\/6\/2022\/05\/M\u00fczeler-Haftas\u0131-1.jpg","width":760,"height":450},{"@type":"BreadcrumbList","@id":"https:\/\/akunq.net\/tr\/?p=68605#breadcrumb","itemListElement":[{"@type":"ListItem","position":1,"name":"Home","item":"https:\/\/akunq.net\/tr"},{"@type":"ListItem","position":2,"name":"M\u00fczeler Haftas\u0131 nedir, hangi m\u00fczeler saat ka\u00e7a kadar a\u00e7\u0131k, hangi m\u00fczeler \u00fccretsiz?"}]},{"@type":"WebSite","@id":"https:\/\/akunq.net\/tr\/#website","url":"https:\/\/akunq.net\/tr\/","name":"Bati Ermenistan Ve Bati Ermenileri Sorunlari Ara\u015ftirmalar Merkezi","description":"","potentialAction":[{"@type":"SearchAction","target":{"@type":"EntryPoint","urlTemplate":"https:\/\/akunq.net\/tr\/?s={search_term_string}"},"query-input":{"@type":"PropertyValueSpecification","valueRequired":true,"valueName":"search_term_string"}}],"inLanguage":"en-US"},{"@type":"Person","@id":"https:\/\/akunq.net\/tr\/#\/schema\/person\/096f1d38a12cce57fb855b485ed24c9e","name":"admin","url":"https:\/\/akunq.net\/tr\/?author=7"}]}},"_links":{"self":[{"href":"https:\/\/akunq.net\/tr\/index.php?rest_route=\/wp\/v2\/posts\/68605","targetHints":{"allow":["GET"]}}],"collection":[{"href":"https:\/\/akunq.net\/tr\/index.php?rest_route=\/wp\/v2\/posts"}],"about":[{"href":"https:\/\/akunq.net\/tr\/index.php?rest_route=\/wp\/v2\/types\/post"}],"author":[{"embeddable":true,"href":"https:\/\/akunq.net\/tr\/index.php?rest_route=\/wp\/v2\/users\/7"}],"replies":[{"embeddable":true,"href":"https:\/\/akunq.net\/tr\/index.php?rest_route=%2Fwp%2Fv2%2Fcomments&post=68605"}],"version-history":[{"count":1,"href":"https:\/\/akunq.net\/tr\/index.php?rest_route=\/wp\/v2\/posts\/68605\/revisions"}],"predecessor-version":[{"id":68607,"href":"https:\/\/akunq.net\/tr\/index.php?rest_route=\/wp\/v2\/posts\/68605\/revisions\/68607"}],"wp:featuredmedia":[{"embeddable":true,"href":"https:\/\/akunq.net\/tr\/index.php?rest_route=\/wp\/v2\/media\/68606"}],"wp:attachment":[{"href":"https:\/\/akunq.net\/tr\/index.php?rest_route=%2Fwp%2Fv2%2Fmedia&parent=68605"}],"wp:term":[{"taxonomy":"category","embeddable":true,"href":"https:\/\/akunq.net\/tr\/index.php?rest_route=%2Fwp%2Fv2%2Fcategories&post=68605"},{"taxonomy":"post_tag","embeddable":true,"href":"https:\/\/akunq.net\/tr\/index.php?rest_route=%2Fwp%2Fv2%2Ftags&post=68605"}],"curies":[{"name":"wp","href":"https:\/\/api.w.org\/{rel}","templated":true}]}}