{"id":68602,"date":"2022-05-19T03:17:48","date_gmt":"2022-05-19T08:17:48","guid":{"rendered":"https:\/\/akunq.net\/tr\/?p=68602"},"modified":"2022-05-19T03:17:48","modified_gmt":"2022-05-19T08:17:48","slug":"turkiye-isvecin-uyeligini-onaylamak-icin-ragip-zarakoluyu-istiyor","status":"publish","type":"post","link":"https:\/\/akunq.net\/tr\/?p=68602","title":{"rendered":"\u2018T\u00fcrkiye, \u0130sve\u00e7\u2019in \u00fcyeli\u011fini onaylamak i\u00e7in Rag\u0131p Zarakolu\u2019yu istiyor\u2019"},"content":{"rendered":"<p><img loading=\"lazy\" decoding=\"async\" class=\"aligncenter size-medium wp-image-68603\" src=\"https:\/\/akunq.net\/tr\/wp-content\/uploads\/2022\/05\/Rag\u0131p-Zarakolu-360x208.jpeg\" alt=\"\" width=\"360\" height=\"208\" srcset=\"https:\/\/akunq.net\/tr\/wp-content\/uploads\/sites\/6\/2022\/05\/Rag\u0131p-Zarakolu-360x208.jpeg 360w, https:\/\/akunq.net\/tr\/wp-content\/uploads\/sites\/6\/2022\/05\/Rag\u0131p-Zarakolu-768x444.jpeg 768w, https:\/\/akunq.net\/tr\/wp-content\/uploads\/sites\/6\/2022\/05\/Rag\u0131p-Zarakolu-560x324.jpeg 560w, https:\/\/akunq.net\/tr\/wp-content\/uploads\/sites\/6\/2022\/05\/Rag\u0131p-Zarakolu-260x150.jpeg 260w, https:\/\/akunq.net\/tr\/wp-content\/uploads\/sites\/6\/2022\/05\/Rag\u0131p-Zarakolu-160x93.jpeg 160w, https:\/\/akunq.net\/tr\/wp-content\/uploads\/sites\/6\/2022\/05\/Rag\u0131p-Zarakolu.jpeg 800w\" sizes=\"auto, (max-width: 360px) 100vw, 360px\" \/><\/p>\n<p><strong><em>\u0130sve\u00e7 ve Finlandiya\u2019n\u0131n NATO \u00fcyeli\u011fi i\u00e7in \u015fartlar \u00f6ne s\u00fcren T\u00fcrkiye\u2019nin bu \u015fartlar\u0131ndan birinin de aralar\u0131nda yazar Rag\u0131p Zarakolu\u2019nun da oldu\u011fu s\u00fcrg\u00fcn yazarlar\u0131n iadesi oldu\u011fu belirtildi.<\/em><\/strong><\/p>\n<p>\u0130sve\u00e7 gazetesi Expressen, T\u00fcrkiye\u2019nin Finlandiya ve \u0130sve\u00e7\u2019in NATO \u00fcyeli\u011fini onaylamak i\u00e7in \u00f6ne s\u00fcrd\u00fc\u011f\u00fc \u015fartlardan birinin de aralar\u0131nda yazar Rag\u0131p Zarakolu\u2019nun da oldu\u011fu s\u00fcrg\u00fcn yazarlar\u0131n \u0130sve\u00e7 taraf\u0131ndan iadesi oldu\u011funu yazd\u0131.<\/p>\n<p>Cumhurba\u015fkan\u0131 ve AKP Genel Ba\u015fkan\u0131 Recep Tayyip Erdo\u011fan\u2019\u0131n \u0130sve\u00e7\u2019in NATO \u00fcyeli\u011fini onaylamak i\u00e7in iadelerini \u015fart ko\u015ftu\u011fu T\u00fcrkiyeli siyasi s\u00fcrg\u00fcnler \u0130sve\u00e7 siyasal g\u00fcndeminin merkezine yerle\u015fti. \u0130sve\u00e7 gazetesi Expressen, aralar\u0131nda yazar Rag\u0131p Zarakolu\u2019nun da oldu\u011fu s\u00fcrg\u00fcnlerle, bir anda bir pazarl\u0131k nesnesine d\u00f6n\u00fc\u015fm\u00fc\u015f olmay\u0131 nas\u0131l kar\u015f\u0131lad\u0131klar\u0131, kayg\u0131lar\u0131 ve beklentileri \u00fczerine konu\u015ftu. Rag\u0131p Zarakolu, \u201c\u0130sve\u00e7\u2019in ilkelere ba\u011fl\u0131 bir \u00fclke oldu\u011funa ve Erdo\u011fan\u2019\u0131n i\u00e7 siyasette puan kazanma giri\u015fimine katk\u0131da bulunmayaca\u011f\u0131na eminim\u201d dedi.<\/p>\n<p>Erik Wiman\u2019\u0131n \u201cT\u00fcrkiye, \u0130sve\u00e7\u2019i NATO\u2019ya sokmak i\u00e7in Rag\u0131p Zarakolu\u2019yu istiyor\u201d ba\u015fl\u0131\u011f\u0131yla bir s\u00f6yle\u015fi yay\u0131nlad\u0131.<\/p>\n<p><a href=\"https:\/\/hyetert.org\/2022\/05\/18\/isvec-natoya-girmek-icin-ragip-zarakoluyu-erdogana-verecek-mi\/\">Bianet\u2019in \u00e7evirdi\u011fi s\u00f6yle\u015fi \u015f\u00f6yle:<\/a><\/p>\n<p>\u0130sve\u00e7, demokrasimizi savunmak i\u00e7in NATO\u2019nun yard\u0131m\u0131ndan yararlanmak \u00fczere temel demokratik ilkelerin arkas\u0131ndan dola\u015fabilir mi? Bu soru \u015fimdi, bir anda T\u00fcrkiye\u2019nin savunma ittifak\u0131n\u0131n kap\u0131s\u0131n\u0131 aralamak i\u00e7in giri\u015f \u00fccreti olarak talep etti\u011fi para birimi haline gelen bir\u00e7ok ki\u015fi taraf\u0131ndan soruluyor.<\/p>\n<ul>\n<li>2012\u2019de \u0130sve\u00e7\u2019e iltica eden ve Erdo\u011fan\u2019\u0131n yarg\u0131lay\u0131p uzun hapis cezas\u0131na \u00e7arpt\u0131rmak istedi\u011fi yazar Rag\u0131p Zarakolu bunun T\u00fcrkiye\u2019de git gide g\u00f6zden d\u00fc\u015fmekte olan Erdo\u011fan i\u00e7in bir m\u00fczakere kap\u0131s\u0131 a\u00e7mak ve i\u00e7erideki konumunu g\u00fc\u00e7lendirmek i\u00e7in bir f\u0131rsat oldu\u011funu s\u00f6yl\u00fcyor.<\/li>\n<li>Zarakolu, \u201cT\u00fcrkiye\u2019ye ad\u0131m att\u0131\u011f\u0131m an derhal hapse girer ve \u00e7ok uzun s\u00fcre yatar\u0131m\u201d diyor.<\/li>\n<\/ul>\n<p><strong>\u2018TER\u00d6RLE SU\u00c7LANIYOR\u2019<\/strong><\/p>\n<p>Rag\u0131p Zarakolu, T\u00fcrkiye\u2019de, hayat\u0131 boyunca adalet u\u011fruna m\u00fccadele verdi\u011fini s\u00f6yleyen ve bu nedenle hapis yatm\u0131\u015f tan\u0131nm\u0131\u015f bir yay\u0131nc\u0131 ve yazard\u0131. 2008\u2019de kapat\u0131lan Demokratik Toplum Partisi (DTP) taraf\u0131ndan d\u00fczenlenen bir toplant\u0131ya kat\u0131larak \u201cter\u00f6r \u00f6rg\u00fct\u00fcn\u00fc me\u015frula\u015ft\u0131rmak ve ayr\u0131ca PKK ile do\u011frudan ba\u011flant\u0131l\u0131 olmakla\u201d su\u00e7lanm\u0131\u015ft\u0131.<\/p>\n<ul>\n<li>Zarakolu \u0130sve\u00e7\u2019in ilkelere ba\u011fl\u0131 bir \u00fclke oldu\u011funa ve Erdo\u011fan\u2019\u0131n i\u00e7 siyasette puan kazanma giri\u015fimine katk\u0131da bulunmayaca\u011f\u0131na eminim, diyor.<\/li>\n<\/ul>\n<p>\u2018T\u00dcRK\u0130YE DAHA \u00d6NCE DE ZARAKOLU\u2019NUN \u0130ADES\u0130 \u0130\u00c7\u0130N \u00c7ABALAMI\u015eTI\u2019<\/p>\n<p>T\u00fcrkiye daha \u00f6nce de Rag\u0131p Zarakolu\u2019yu iade etmesi i\u00e7in \u0130sve\u00e7\u2019i iknaya \u00e7abalam\u0131\u015ft\u0131. 2018\u2019de \u0130stanbul\u2019da bir mahkeme Interpol\u2019e tutuklama emri verdi. Ba\u015fka \u015feylerin yan\u0131 s\u0131ra, parti militanlar\u0131n\u0131n e\u011fitim kurumu olarak hizmet veren bir siyaset akademisi a\u00e7arak PKK\u2019ye yard\u0131m etmekle su\u00e7land\u0131.<\/p>\n<ul>\n<li>Zarakolu: Su\u00e7land\u0131\u011f\u0131m eylemleri asla yapmad\u0131m. Ama insan haklar\u0131n\u0131 ve az\u0131nl\u0131k haklar\u0131n\u0131 savundum.<\/li>\n<\/ul>\n<p>T\u00fcrkiye, Zarakolu\u2019ya 45\u2019ten fazla dava a\u00e7t\u0131. \u0130sve\u00e7\u2019e gelmeden \u00f6nce be\u015f ay boyunca y\u00fcksek riskli bir hapishanede al\u0131konuldu. O dava hala yarg\u0131 \u00f6n\u00fcnde.<\/p>\n<p><strong>\u0130\u015eKENCE KAYGISI<\/strong><\/p>\n<p>Rag\u0131p Zarakolu T\u00fcrkiye\u2019de hapiste kald\u0131\u011f\u0131 d\u00f6nemlerde, kendisine hi\u00e7bir zaman i\u015fkence yap\u0131lmad\u0131\u011f\u0131n\u0131, ancak memleketine d\u00f6nmek zorunda b\u0131rak\u0131ld\u0131\u011f\u0131nda bunun ba\u015f\u0131na gelece\u011finden kayg\u0131 duydu\u011funu s\u00f6yl\u00fcyor.<\/p>\n<p>Bu dosya \u0130sve\u00e7\u2019te, Zarakolu\u2019nun \u00fclkesine iadesi i\u00e7in bir yasal dayanak olmad\u0131\u011f\u0131na karar veren Y\u00fcksek Mahkeme\u2019ye ula\u015ft\u0131.<\/p>\n<p>Y\u00fcksek Mahkeme \u00fcyeleri, \u201cBir ki\u015finin \u00fclkesine iade edilmesi i\u00e7in, iadeye konu olan eylem veya eylemlerin \u0130sve\u00e7 yasalar\u0131na (\u0130ade Yasas\u0131\u2019n\u0131n 4. Maddesi) g\u00f6re su\u00e7 olu\u015fturan bir eyleme denk d\u00fc\u015fmesi\u201d gerekti\u011fine karar verdiler ve iadeyi reddettiler.<\/p>\n<p>Expressen\u2019in temas kurdu\u011fu, T\u00fcrkiye\u2019nin talep listesinde yer ald\u0131\u011f\u0131 s\u00f6ylenen bir\u00e7ok ki\u015fi, istisnas\u0131z, T\u00fcrkiye\u2019ye d\u00f6nerlerse hayatlar\u0131n\u0131n tehlikede olaca\u011f\u0131ndan kayg\u0131 duyuyor.<\/p>\n<ul>\n<li>Ad\u0131n\u0131n a\u00e7\u0131klanmas\u0131n\u0131 istemeyen tan\u0131nm\u0131\u015f bir TV tart\u0131\u015fmac\u0131s\u0131 ve yazar, \u201cAd\u0131m, Erdo\u011fan i\u00e7in b\u00fcy\u00fck bir sembolik de\u011fere sahip ve \u015fu anda T\u00fcrkiye\u2019ye iade edilecek olursam, i\u015fkence g\u00f6rece\u011fime y\u00fczde 100 eminim\u201d diyor.<\/li>\n<li>T\u00fcrkiye\u2019de \u00fc\u00e7 ayr\u0131 m\u00fcebbet hapis cezas\u0131 alm\u0131\u015f olan bir ba\u015fkas\u0131, \u201cNe yaz\u0131k ki, bir metaya d\u00f6n\u00fc\u015fmemin pekala m\u00fcmk\u00fcn oldu\u011funu d\u00fc\u015f\u00fcn\u00fcyorum ve bu hassas d\u00f6nemde kimli\u011fimi a\u00e7\u0131klamamam\u0131n daha do\u011fru olaca\u011f\u0131na ili\u015fkin tavsiyelere uyaca\u011f\u0131m\u201d diyor.<\/li>\n<\/ul>\n<p><strong>ERDO\u011eAN\u2019IN U D\u00d6N\u00dc\u015e\u00dc<\/strong><\/p>\n<p>T\u00fcrkiye\u2019nin \u0130sve\u00e7\u2019in NATO \u00fcyeli\u011fine kar\u015f\u0131 koyma karar\u0131 apans\u0131z ortaya at\u0131ld\u0131. D\u0131\u015fi\u015fleri Bakan\u0131 Ann Linde\u2019ye g\u00f6re, T\u00fcrkiye daha \u00f6nceki g\u00f6r\u00fc\u015fmelerde herhangi bir talepte bulunmam\u0131\u015ft\u0131. Ancak Cumhurba\u015fkan\u0131 Erdo\u011fan, Pazar g\u00fcn\u00fc \u0130sve\u00e7 ve Finlandiya\u2019n\u0131n ittifaka girmesine T\u00fcrkiye i\u00e7in olumlu bakmad\u0131\u011f\u0131n\u0131 a\u00e7\u0131klad\u0131.<\/p>\n<p>Erdo\u011fan, \u201c\u0130sve\u00e7 ve Finlandiya\u2019daki geli\u015fmeleri takip ediyoruz ama olumlu bakm\u0131yoruz\u201d dedi.<\/p>\n<ul>\n<li>Erdo\u011fan, \u201c\u0130skandinav \u00fclkeleri ter\u00f6r \u00f6rg\u00fctlerinin misafirhanesidir\u201d dedi.<\/li>\n<\/ul>\n<p>T\u00fcrkiye\u2019nin sonunda \u0130sve\u00e7 ve Finlandiya\u2019n\u0131n NATO\u2019ya kat\u0131lmas\u0131n\u0131 engelleyebilece\u011fine \u00e7ok az ihtimal verilse de, \u00e7o\u011fu ki\u015fi bunun ba\u015fvuru s\u00fcrecini uzatabilece\u011finden korkuyor.<\/p>\n<ul>\n<li>M\u00fccadelesini \u0130sve\u00e7\u2019te s\u00fcrd\u00fcren, ad\u0131 sakl\u0131 TV tart\u0131\u015fmac\u0131s\u0131 ve yazar, \u201cBen her zaman \u0130sve\u00e7\u2019in NATO \u00fcyeli\u011finden yana oldum ve s\u00fcrecin bir nesnesi olaca\u011f\u0131m akl\u0131ma bile gelmezdi\u201d diyor ve \u0130sve\u00e7\u2019in bu konuda T\u00fcrkiye ile masaya oturmamas\u0131, i\u015fi ABD, \u0130ngiltere ve Fransa gibi g\u00fc\u00e7l\u00fc \u00fclkelere b\u0131rakmas\u0131 gerekti\u011fini s\u00f6yl\u00fcyor.<\/li>\n<li>\u0130sve\u00e7\u2019in demokratik bir s\u00fcper g\u00fc\u00e7 olmas\u0131 gerekti\u011fini g\u00f6rmek istiyorum ve sadece Y\u00fcksek Mahkeme\u2019nin beni s\u0131n\u0131r d\u0131\u015f\u0131 etmemeye karar vermesini umabilirim.<\/li>\n<\/ul>\n<hr \/>\n<p><em><strong><a href=\"https:\/\/artigercek.com\/haberler\/turkiye-isvec-in-uyeligini-onaylamak-icin-ragip-zarakolu-yu-istiyor\" target=\"_blank\" rel=\"noopener noreferrer\">Art\u0131 Ger\u00e7ek<\/a>\u00a0<\/strong><\/em><\/p>\n","protected":false},"excerpt":{"rendered":"<p>\u0130sve\u00e7 ve Finlandiya\u2019n\u0131n NATO \u00fcyeli\u011fi i\u00e7in \u015fartlar \u00f6ne s\u00fcren T\u00fcrkiye\u2019nin bu \u015fartlar\u0131ndan birinin de aralar\u0131nda yazar Rag\u0131p Zarakolu\u2019nun da oldu\u011fu s\u00fcrg\u00fcn yazarlar\u0131n iadesi oldu\u011fu belirtildi. \u0130sve\u00e7 gazetesi Expressen, T\u00fcrkiye\u2019nin Finlandiya ve \u0130sve\u00e7\u2019in NATO \u00fcyeli\u011fini onaylamak i\u00e7in \u00f6ne s\u00fcrd\u00fc\u011f\u00fc \u015fartlardan birinin de aralar\u0131nda yazar Rag\u0131p Zarakolu\u2019nun da oldu\u011fu s\u00fcrg\u00fcn yazarlar\u0131n \u0130sve\u00e7 taraf\u0131ndan iadesi oldu\u011funu yazd\u0131. Cumhurba\u015fkan\u0131 [&hellip;]<\/p>\n","protected":false},"author":7,"featured_media":68603,"comment_status":"open","ping_status":"open","sticky":false,"template":"","format":"standard","meta":{"footnotes":""},"categories":[1],"tags":[],"class_list":["post-68602","post","type-post","status-publish","format-standard","has-post-thumbnail","hentry","category-haberler"],"yoast_head":"<!-- This site is optimized with the Yoast SEO plugin v27.4 - https:\/\/yoast.com\/product\/yoast-seo-wordpress\/ -->\n<title>\u2018T\u00fcrkiye, \u0130sve\u00e7\u2019in \u00fcyeli\u011fini onaylamak i\u00e7in Rag\u0131p Zarakolu\u2019yu istiyor\u2019 - Bati Ermenistan Ve Bati Ermenileri Sorunlari Ara\u015ftirmalar Merkezi<\/title>\n<meta name=\"robots\" content=\"index, follow, max-snippet:-1, max-image-preview:large, max-video-preview:-1\" \/>\n<link rel=\"canonical\" href=\"https:\/\/akunq.net\/tr\/?p=68602\" \/>\n<meta property=\"og:locale\" content=\"en_US\" \/>\n<meta property=\"og:type\" content=\"article\" \/>\n<meta property=\"og:title\" content=\"\u2018T\u00fcrkiye, \u0130sve\u00e7\u2019in \u00fcyeli\u011fini onaylamak i\u00e7in Rag\u0131p Zarakolu\u2019yu istiyor\u2019 - Bati Ermenistan Ve Bati Ermenileri Sorunlari Ara\u015ftirmalar Merkezi\" \/>\n<meta property=\"og:description\" content=\"\u0130sve\u00e7 ve Finlandiya\u2019n\u0131n NATO \u00fcyeli\u011fi i\u00e7in \u015fartlar \u00f6ne s\u00fcren T\u00fcrkiye\u2019nin bu \u015fartlar\u0131ndan birinin de aralar\u0131nda yazar Rag\u0131p Zarakolu\u2019nun da oldu\u011fu s\u00fcrg\u00fcn yazarlar\u0131n iadesi oldu\u011fu belirtildi. \u0130sve\u00e7 gazetesi Expressen, T\u00fcrkiye\u2019nin Finlandiya ve \u0130sve\u00e7\u2019in NATO \u00fcyeli\u011fini onaylamak i\u00e7in \u00f6ne s\u00fcrd\u00fc\u011f\u00fc \u015fartlardan birinin de aralar\u0131nda yazar Rag\u0131p Zarakolu\u2019nun da oldu\u011fu s\u00fcrg\u00fcn yazarlar\u0131n \u0130sve\u00e7 taraf\u0131ndan iadesi oldu\u011funu yazd\u0131. Cumhurba\u015fkan\u0131 [&hellip;]\" \/>\n<meta property=\"og:url\" content=\"https:\/\/akunq.net\/tr\/?p=68602\" \/>\n<meta property=\"og:site_name\" content=\"Bati Ermenistan Ve Bati Ermenileri Sorunlari Ara\u015ftirmalar Merkezi\" \/>\n<meta property=\"article:published_time\" content=\"2022-05-19T08:17:48+00:00\" \/>\n<meta property=\"og:image\" content=\"https:\/\/akunq.net\/tr\/wp-content\/uploads\/sites\/6\/2022\/05\/Rag\u0131p-Zarakolu.jpeg\" \/>\n\t<meta property=\"og:image:width\" content=\"800\" \/>\n\t<meta property=\"og:image:height\" content=\"463\" \/>\n\t<meta property=\"og:image:type\" content=\"image\/jpeg\" \/>\n<meta name=\"author\" content=\"admin\" \/>\n<meta name=\"twitter:card\" content=\"summary_large_image\" \/>\n<meta name=\"twitter:label1\" content=\"Written by\" \/>\n\t<meta name=\"twitter:data1\" content=\"admin\" \/>\n\t<meta name=\"twitter:label2\" content=\"Est. reading time\" \/>\n\t<meta name=\"twitter:data2\" content=\"5 minutes\" \/>\n<script type=\"application\/ld+json\" class=\"yoast-schema-graph\">{\"@context\":\"https:\\\/\\\/schema.org\",\"@graph\":[{\"@type\":\"Article\",\"@id\":\"https:\\\/\\\/akunq.net\\\/tr\\\/?p=68602#article\",\"isPartOf\":{\"@id\":\"https:\\\/\\\/akunq.net\\\/tr\\\/?p=68602\"},\"author\":{\"name\":\"admin\",\"@id\":\"https:\\\/\\\/akunq.net\\\/tr\\\/#\\\/schema\\\/person\\\/096f1d38a12cce57fb855b485ed24c9e\"},\"headline\":\"\u2018T\u00fcrkiye, \u0130sve\u00e7\u2019in \u00fcyeli\u011fini onaylamak i\u00e7in Rag\u0131p Zarakolu\u2019yu istiyor\u2019\",\"datePublished\":\"2022-05-19T08:17:48+00:00\",\"mainEntityOfPage\":{\"@id\":\"https:\\\/\\\/akunq.net\\\/tr\\\/?p=68602\"},\"wordCount\":1048,\"commentCount\":0,\"image\":{\"@id\":\"https:\\\/\\\/akunq.net\\\/tr\\\/?p=68602#primaryimage\"},\"thumbnailUrl\":\"https:\\\/\\\/akunq.net\\\/tr\\\/wp-content\\\/uploads\\\/sites\\\/6\\\/2022\\\/05\\\/Rag\u0131p-Zarakolu.jpeg\",\"articleSection\":[\"Haberler\"],\"inLanguage\":\"en-US\",\"potentialAction\":[{\"@type\":\"CommentAction\",\"name\":\"Comment\",\"target\":[\"https:\\\/\\\/akunq.net\\\/tr\\\/?p=68602#respond\"]}]},{\"@type\":\"WebPage\",\"@id\":\"https:\\\/\\\/akunq.net\\\/tr\\\/?p=68602\",\"url\":\"https:\\\/\\\/akunq.net\\\/tr\\\/?p=68602\",\"name\":\"\u2018T\u00fcrkiye, \u0130sve\u00e7\u2019in \u00fcyeli\u011fini onaylamak i\u00e7in Rag\u0131p Zarakolu\u2019yu istiyor\u2019 - Bati Ermenistan Ve Bati Ermenileri Sorunlari Ara\u015ftirmalar Merkezi\",\"isPartOf\":{\"@id\":\"https:\\\/\\\/akunq.net\\\/tr\\\/#website\"},\"primaryImageOfPage\":{\"@id\":\"https:\\\/\\\/akunq.net\\\/tr\\\/?p=68602#primaryimage\"},\"image\":{\"@id\":\"https:\\\/\\\/akunq.net\\\/tr\\\/?p=68602#primaryimage\"},\"thumbnailUrl\":\"https:\\\/\\\/akunq.net\\\/tr\\\/wp-content\\\/uploads\\\/sites\\\/6\\\/2022\\\/05\\\/Rag\u0131p-Zarakolu.jpeg\",\"datePublished\":\"2022-05-19T08:17:48+00:00\",\"author\":{\"@id\":\"https:\\\/\\\/akunq.net\\\/tr\\\/#\\\/schema\\\/person\\\/096f1d38a12cce57fb855b485ed24c9e\"},\"breadcrumb\":{\"@id\":\"https:\\\/\\\/akunq.net\\\/tr\\\/?p=68602#breadcrumb\"},\"inLanguage\":\"en-US\",\"potentialAction\":[{\"@type\":\"ReadAction\",\"target\":[\"https:\\\/\\\/akunq.net\\\/tr\\\/?p=68602\"]}]},{\"@type\":\"ImageObject\",\"inLanguage\":\"en-US\",\"@id\":\"https:\\\/\\\/akunq.net\\\/tr\\\/?p=68602#primaryimage\",\"url\":\"https:\\\/\\\/akunq.net\\\/tr\\\/wp-content\\\/uploads\\\/sites\\\/6\\\/2022\\\/05\\\/Rag\u0131p-Zarakolu.jpeg\",\"contentUrl\":\"https:\\\/\\\/akunq.net\\\/tr\\\/wp-content\\\/uploads\\\/sites\\\/6\\\/2022\\\/05\\\/Rag\u0131p-Zarakolu.jpeg\",\"width\":800,\"height\":463},{\"@type\":\"BreadcrumbList\",\"@id\":\"https:\\\/\\\/akunq.net\\\/tr\\\/?p=68602#breadcrumb\",\"itemListElement\":[{\"@type\":\"ListItem\",\"position\":1,\"name\":\"Home\",\"item\":\"https:\\\/\\\/akunq.net\\\/tr\"},{\"@type\":\"ListItem\",\"position\":2,\"name\":\"\u2018T\u00fcrkiye, \u0130sve\u00e7\u2019in \u00fcyeli\u011fini onaylamak i\u00e7in Rag\u0131p Zarakolu\u2019yu istiyor\u2019\"}]},{\"@type\":\"WebSite\",\"@id\":\"https:\\\/\\\/akunq.net\\\/tr\\\/#website\",\"url\":\"https:\\\/\\\/akunq.net\\\/tr\\\/\",\"name\":\"Bati Ermenistan Ve Bati Ermenileri Sorunlari Ara\u015ftirmalar Merkezi\",\"description\":\"\",\"potentialAction\":[{\"@type\":\"SearchAction\",\"target\":{\"@type\":\"EntryPoint\",\"urlTemplate\":\"https:\\\/\\\/akunq.net\\\/tr\\\/?s={search_term_string}\"},\"query-input\":{\"@type\":\"PropertyValueSpecification\",\"valueRequired\":true,\"valueName\":\"search_term_string\"}}],\"inLanguage\":\"en-US\"},{\"@type\":\"Person\",\"@id\":\"https:\\\/\\\/akunq.net\\\/tr\\\/#\\\/schema\\\/person\\\/096f1d38a12cce57fb855b485ed24c9e\",\"name\":\"admin\",\"url\":\"https:\\\/\\\/akunq.net\\\/tr\\\/?author=7\"}]}<\/script>\n<!-- \/ Yoast SEO plugin. -->","yoast_head_json":{"title":"\u2018T\u00fcrkiye, \u0130sve\u00e7\u2019in \u00fcyeli\u011fini onaylamak i\u00e7in Rag\u0131p Zarakolu\u2019yu istiyor\u2019 - Bati Ermenistan Ve Bati Ermenileri Sorunlari Ara\u015ftirmalar Merkezi","robots":{"index":"index","follow":"follow","max-snippet":"max-snippet:-1","max-image-preview":"max-image-preview:large","max-video-preview":"max-video-preview:-1"},"canonical":"https:\/\/akunq.net\/tr\/?p=68602","og_locale":"en_US","og_type":"article","og_title":"\u2018T\u00fcrkiye, \u0130sve\u00e7\u2019in \u00fcyeli\u011fini onaylamak i\u00e7in Rag\u0131p Zarakolu\u2019yu istiyor\u2019 - Bati Ermenistan Ve Bati Ermenileri Sorunlari Ara\u015ftirmalar Merkezi","og_description":"\u0130sve\u00e7 ve Finlandiya\u2019n\u0131n NATO \u00fcyeli\u011fi i\u00e7in \u015fartlar \u00f6ne s\u00fcren T\u00fcrkiye\u2019nin bu \u015fartlar\u0131ndan birinin de aralar\u0131nda yazar Rag\u0131p Zarakolu\u2019nun da oldu\u011fu s\u00fcrg\u00fcn yazarlar\u0131n iadesi oldu\u011fu belirtildi. \u0130sve\u00e7 gazetesi Expressen, T\u00fcrkiye\u2019nin Finlandiya ve \u0130sve\u00e7\u2019in NATO \u00fcyeli\u011fini onaylamak i\u00e7in \u00f6ne s\u00fcrd\u00fc\u011f\u00fc \u015fartlardan birinin de aralar\u0131nda yazar Rag\u0131p Zarakolu\u2019nun da oldu\u011fu s\u00fcrg\u00fcn yazarlar\u0131n \u0130sve\u00e7 taraf\u0131ndan iadesi oldu\u011funu yazd\u0131. Cumhurba\u015fkan\u0131 [&hellip;]","og_url":"https:\/\/akunq.net\/tr\/?p=68602","og_site_name":"Bati Ermenistan Ve Bati Ermenileri Sorunlari Ara\u015ftirmalar Merkezi","article_published_time":"2022-05-19T08:17:48+00:00","og_image":[{"width":800,"height":463,"url":"https:\/\/akunq.net\/tr\/wp-content\/uploads\/sites\/6\/2022\/05\/Rag\u0131p-Zarakolu.jpeg","type":"image\/jpeg"}],"author":"admin","twitter_card":"summary_large_image","twitter_misc":{"Written by":"admin","Est. reading time":"5 minutes"},"schema":{"@context":"https:\/\/schema.org","@graph":[{"@type":"Article","@id":"https:\/\/akunq.net\/tr\/?p=68602#article","isPartOf":{"@id":"https:\/\/akunq.net\/tr\/?p=68602"},"author":{"name":"admin","@id":"https:\/\/akunq.net\/tr\/#\/schema\/person\/096f1d38a12cce57fb855b485ed24c9e"},"headline":"\u2018T\u00fcrkiye, \u0130sve\u00e7\u2019in \u00fcyeli\u011fini onaylamak i\u00e7in Rag\u0131p Zarakolu\u2019yu istiyor\u2019","datePublished":"2022-05-19T08:17:48+00:00","mainEntityOfPage":{"@id":"https:\/\/akunq.net\/tr\/?p=68602"},"wordCount":1048,"commentCount":0,"image":{"@id":"https:\/\/akunq.net\/tr\/?p=68602#primaryimage"},"thumbnailUrl":"https:\/\/akunq.net\/tr\/wp-content\/uploads\/sites\/6\/2022\/05\/Rag\u0131p-Zarakolu.jpeg","articleSection":["Haberler"],"inLanguage":"en-US","potentialAction":[{"@type":"CommentAction","name":"Comment","target":["https:\/\/akunq.net\/tr\/?p=68602#respond"]}]},{"@type":"WebPage","@id":"https:\/\/akunq.net\/tr\/?p=68602","url":"https:\/\/akunq.net\/tr\/?p=68602","name":"\u2018T\u00fcrkiye, \u0130sve\u00e7\u2019in \u00fcyeli\u011fini onaylamak i\u00e7in Rag\u0131p Zarakolu\u2019yu istiyor\u2019 - Bati Ermenistan Ve Bati Ermenileri Sorunlari Ara\u015ftirmalar Merkezi","isPartOf":{"@id":"https:\/\/akunq.net\/tr\/#website"},"primaryImageOfPage":{"@id":"https:\/\/akunq.net\/tr\/?p=68602#primaryimage"},"image":{"@id":"https:\/\/akunq.net\/tr\/?p=68602#primaryimage"},"thumbnailUrl":"https:\/\/akunq.net\/tr\/wp-content\/uploads\/sites\/6\/2022\/05\/Rag\u0131p-Zarakolu.jpeg","datePublished":"2022-05-19T08:17:48+00:00","author":{"@id":"https:\/\/akunq.net\/tr\/#\/schema\/person\/096f1d38a12cce57fb855b485ed24c9e"},"breadcrumb":{"@id":"https:\/\/akunq.net\/tr\/?p=68602#breadcrumb"},"inLanguage":"en-US","potentialAction":[{"@type":"ReadAction","target":["https:\/\/akunq.net\/tr\/?p=68602"]}]},{"@type":"ImageObject","inLanguage":"en-US","@id":"https:\/\/akunq.net\/tr\/?p=68602#primaryimage","url":"https:\/\/akunq.net\/tr\/wp-content\/uploads\/sites\/6\/2022\/05\/Rag\u0131p-Zarakolu.jpeg","contentUrl":"https:\/\/akunq.net\/tr\/wp-content\/uploads\/sites\/6\/2022\/05\/Rag\u0131p-Zarakolu.jpeg","width":800,"height":463},{"@type":"BreadcrumbList","@id":"https:\/\/akunq.net\/tr\/?p=68602#breadcrumb","itemListElement":[{"@type":"ListItem","position":1,"name":"Home","item":"https:\/\/akunq.net\/tr"},{"@type":"ListItem","position":2,"name":"\u2018T\u00fcrkiye, \u0130sve\u00e7\u2019in \u00fcyeli\u011fini onaylamak i\u00e7in Rag\u0131p Zarakolu\u2019yu istiyor\u2019"}]},{"@type":"WebSite","@id":"https:\/\/akunq.net\/tr\/#website","url":"https:\/\/akunq.net\/tr\/","name":"Bati Ermenistan Ve Bati Ermenileri Sorunlari Ara\u015ftirmalar Merkezi","description":"","potentialAction":[{"@type":"SearchAction","target":{"@type":"EntryPoint","urlTemplate":"https:\/\/akunq.net\/tr\/?s={search_term_string}"},"query-input":{"@type":"PropertyValueSpecification","valueRequired":true,"valueName":"search_term_string"}}],"inLanguage":"en-US"},{"@type":"Person","@id":"https:\/\/akunq.net\/tr\/#\/schema\/person\/096f1d38a12cce57fb855b485ed24c9e","name":"admin","url":"https:\/\/akunq.net\/tr\/?author=7"}]}},"_links":{"self":[{"href":"https:\/\/akunq.net\/tr\/index.php?rest_route=\/wp\/v2\/posts\/68602","targetHints":{"allow":["GET"]}}],"collection":[{"href":"https:\/\/akunq.net\/tr\/index.php?rest_route=\/wp\/v2\/posts"}],"about":[{"href":"https:\/\/akunq.net\/tr\/index.php?rest_route=\/wp\/v2\/types\/post"}],"author":[{"embeddable":true,"href":"https:\/\/akunq.net\/tr\/index.php?rest_route=\/wp\/v2\/users\/7"}],"replies":[{"embeddable":true,"href":"https:\/\/akunq.net\/tr\/index.php?rest_route=%2Fwp%2Fv2%2Fcomments&post=68602"}],"version-history":[{"count":1,"href":"https:\/\/akunq.net\/tr\/index.php?rest_route=\/wp\/v2\/posts\/68602\/revisions"}],"predecessor-version":[{"id":68604,"href":"https:\/\/akunq.net\/tr\/index.php?rest_route=\/wp\/v2\/posts\/68602\/revisions\/68604"}],"wp:featuredmedia":[{"embeddable":true,"href":"https:\/\/akunq.net\/tr\/index.php?rest_route=\/wp\/v2\/media\/68603"}],"wp:attachment":[{"href":"https:\/\/akunq.net\/tr\/index.php?rest_route=%2Fwp%2Fv2%2Fmedia&parent=68602"}],"wp:term":[{"taxonomy":"category","embeddable":true,"href":"https:\/\/akunq.net\/tr\/index.php?rest_route=%2Fwp%2Fv2%2Fcategories&post=68602"},{"taxonomy":"post_tag","embeddable":true,"href":"https:\/\/akunq.net\/tr\/index.php?rest_route=%2Fwp%2Fv2%2Ftags&post=68602"}],"curies":[{"name":"wp","href":"https:\/\/api.w.org\/{rel}","templated":true}]}}