{"id":68580,"date":"2022-05-18T02:49:41","date_gmt":"2022-05-18T07:49:41","guid":{"rendered":"https:\/\/akunq.net\/tr\/?p=68580"},"modified":"2022-05-18T02:49:41","modified_gmt":"2022-05-18T07:49:41","slug":"kis-aylarinda-bos-kalan-koye-defineciler-dadandi","status":"publish","type":"post","link":"https:\/\/akunq.net\/tr\/?p=68580","title":{"rendered":"K\u0131\u015f aylar\u0131nda bo\u015f kalan k\u00f6ye defineciler dadand\u0131"},"content":{"rendered":"<p><img loading=\"lazy\" decoding=\"async\" class=\"aligncenter size-medium wp-image-68581\" src=\"https:\/\/akunq.net\/tr\/wp-content\/uploads\/2022\/05\/Avla\u011f\u0131s\u00f6k\u00fc-k\u00f6y\u00fc-360x202.jpg\" alt=\"\" width=\"360\" height=\"202\" srcset=\"https:\/\/akunq.net\/tr\/wp-content\/uploads\/sites\/6\/2022\/05\/Avla\u011f\u0131s\u00f6k\u00fc-k\u00f6y\u00fc-360x202.jpg 360w, https:\/\/akunq.net\/tr\/wp-content\/uploads\/sites\/6\/2022\/05\/Avla\u011f\u0131s\u00f6k\u00fc-k\u00f6y\u00fc-768x431.jpg 768w, https:\/\/akunq.net\/tr\/wp-content\/uploads\/sites\/6\/2022\/05\/Avla\u011f\u0131s\u00f6k\u00fc-k\u00f6y\u00fc-560x314.jpg 560w, https:\/\/akunq.net\/tr\/wp-content\/uploads\/sites\/6\/2022\/05\/Avla\u011f\u0131s\u00f6k\u00fc-k\u00f6y\u00fc-260x146.jpg 260w, https:\/\/akunq.net\/tr\/wp-content\/uploads\/sites\/6\/2022\/05\/Avla\u011f\u0131s\u00f6k\u00fc-k\u00f6y\u00fc-160x90.jpg 160w, https:\/\/akunq.net\/tr\/wp-content\/uploads\/sites\/6\/2022\/05\/Avla\u011f\u0131s\u00f6k\u00fc-k\u00f6y\u00fc.jpg 840w\" sizes=\"auto, (max-width: 360px) 100vw, 360px\" \/><\/p>\n<p><em><strong>Sinop\u2019un Erfelek il\u00e7esine ba\u011fl\u0131 Avla\u011f\u0131s\u00f6k\u00fc k\u00f6y\u00fc, definecilerin hedefi oldu. Yaz\u0131n kalabal\u0131k, k\u0131\u015f\u0131n ise bo\u015f olan k\u00f6ye definecilerin dadand\u0131\u011f\u0131n\u0131 s\u00f6yleyen k\u00f6yl\u00fcler, yetkililerden yard\u0131m istiyor.<\/strong><\/em><\/p>\n<p>\u0130stanbul\u2019da ya\u015fayan Bayram Kaya, k\u0131\u015f aylar\u0131nda kimsenin kalmad\u0131\u011f\u0131 Avla\u011f\u0131s\u00f6k\u00fc k\u00f6y\u00fcne ziyarete geldi\u011finde son iki y\u0131ld\u0131r defineciler taraf\u0131ndan kaz\u0131lan \u00e7ukurlarla kar\u015f\u0131la\u015ft\u0131. G\u00f6rd\u00fc\u011f\u00fc manzaray\u0131 cep telefonuyla kaydeden Kaya, konu\u015ftu.<\/p>\n<p>Kaya, k\u00f6yde ya\u015fanan olaylarla ilgili yapt\u0131\u011f\u0131 konu\u015fmada, \u201cBelli ba\u015fl\u0131 yerlerde p\u0131narlar var. O p\u0131narlar\u0131n ba\u015f\u0131nda, ortas\u0131nda, sonunda gibi olan yerleri kaz\u0131 yapm\u0131\u015flar. Genelde k\u00f6y halk\u0131 oradan \u0130stanbul\u2019a d\u00f6nd\u00fc\u011f\u00fc i\u00e7in k\u0131\u015f aylar\u0131nda bombo\u015f kal\u0131yor, yani o b\u00f6lgelerde in, cin yok . Kimin geldi\u011fi de belli de\u011fil, k\u00f6y\u00fc ate\u015fe verseler kimse duymaz. 4 adet kuyu var ve bariz net bir \u015fekilde kaz\u0131lm\u0131\u015f define aramak ve bulmak ama\u00e7l\u0131. Daha \u00f6nce bulmu\u015flar diye duyduk ama buldular m\u0131 bilemiyoruz oras\u0131n\u0131. Ama \u015fu anda kaz\u0131 devam ediyor\u201d diye konu\u015ftu.<\/p>\n<p><strong>\u201cBu sene geldim yine kazm\u0131\u015flar\u201d<\/strong><\/p>\n<p>Kaya, son iki y\u0131ld\u0131r k\u00f6yde define arayanlar taraf\u0131ndan kaz\u0131lan \u00e7ukurlar\u0131 g\u00f6rd\u00fc\u011f\u00fcn\u00fc belirtti. Bir \u00f6nceki sene ziyarete geldi\u011finde kaz\u0131lan \u00e7ukuru fark etti\u011fini s\u00f6yleyen Kaya, bu y\u0131lki ziyaretinde yeni bir \u00e7ukur daha olu\u015ftu\u011funu g\u00f6rd\u00fc. \u201cBiz geldikten sonra \u00e7ekiliyorlar, biz ayr\u0131ld\u0131ktan sonra devreye giriyorlar\u201d dedi.<\/p>\n<p><strong>\u201c\u00dc\u00e7 p\u0131nar\u0131n aras\u0131\u201d<\/strong><\/p>\n<p>K\u00f6y\u00fcn bir sonraki bo\u015f kal\u0131\u015f\u0131nda definecilerin kazmak istedikleri yeni yeri \u00f6\u011frendi\u011fini iddia eden Kaya, \u201c\u015eu anki kazmak istedikleri yerin bilgisini k\u00f6yl\u00fcn\u00fcn birinden \u00f6\u011frendik, \u015f\u00f6yle s\u00f6yl\u00fcyor; \u00fc\u00e7 p\u0131nar\u0131n aras\u0131. Oras\u0131 da evimin bah\u00e7e b\u00f6l\u00fcm\u00fcn\u00fcn oldu\u011fu yer, oray\u0131 kazm\u0131\u015flar. \u015eimdi p\u0131nar\u0131n oldu\u011fu yerde kazma olaylar\u0131 varm\u0131\u015f. \u00c7\u00fcnk\u00fc onlar\u0131n \u00f6nemli bekledi\u011fi bir nokta var, o da \u015fu an benim evimin yan\u0131ndaki \u00fc\u00e7 p\u0131nar\u0131n ortas\u0131 dedikleri yer\u201d \u015feklinde konu\u015ftu.<\/p>\n<p><strong>\u201cMa\u011fara gibi kazm\u0131\u015flar\u201d<\/strong><\/p>\n<p>A\u00e7\u0131lan \u00e7ukurlar\u0131 anlatan Kaya, \u201cBana g\u00f6re bir tanesine insan hayvan d\u00fc\u015fse \u00e7\u0131kamaz. Hatta bir tanesini ma\u011fara gibi kazm\u0131\u015flar, dibe inmi\u015fler 4-5 metre kazm\u0131\u015flar, oradan da yandan k\u0131r\u0131p devam etmi\u015fler. Defineciler dadand\u0131, k\u00f6y halk\u0131 da bir \u015fekilde bundan mustarip. K\u00f6y halk\u0131 derken \u00e7ok insan\u0131m\u0131z yok, olsa olsa 5 hane var \u00e7o\u011fu da gelmez. \u015eu an annem babam var bir de k\u00f6yl\u00fcm\u00fcz var, \u00e7oluk \u00e7ocuk toplam\u0131 5 ki\u015fi olsun. Bayramda gelen giden olur, onun haricinde k\u0131\u015f\u0131n hi\u00e7 kimse yok. Bu anlamda kimler yapar, niye yapar ara\u015ft\u0131r\u0131lmas\u0131n\u0131 arzu ediyorum, yetkili mercilere ula\u015fmas\u0131n\u0131 istiyorum\u201d diye konu\u015ftu.<\/p>\n<hr \/>\n<p><em><strong><a href=\"https:\/\/www.yenisafak.com\/gundem\/kis-aylarinda-bos-kalan-koye-defineciler-dadandi-3820278\" target=\"_blank\" rel=\"noopener noreferrer\">Yeni \u015eafak<\/a>\u00a0<\/strong><\/em><\/p>\n","protected":false},"excerpt":{"rendered":"<p>Sinop\u2019un Erfelek il\u00e7esine ba\u011fl\u0131 Avla\u011f\u0131s\u00f6k\u00fc k\u00f6y\u00fc, definecilerin hedefi oldu. Yaz\u0131n kalabal\u0131k, k\u0131\u015f\u0131n ise bo\u015f olan k\u00f6ye definecilerin dadand\u0131\u011f\u0131n\u0131 s\u00f6yleyen k\u00f6yl\u00fcler, yetkililerden yard\u0131m istiyor. \u0130stanbul\u2019da ya\u015fayan Bayram Kaya, k\u0131\u015f aylar\u0131nda kimsenin kalmad\u0131\u011f\u0131 Avla\u011f\u0131s\u00f6k\u00fc k\u00f6y\u00fcne ziyarete geldi\u011finde son iki y\u0131ld\u0131r defineciler taraf\u0131ndan kaz\u0131lan \u00e7ukurlarla kar\u015f\u0131la\u015ft\u0131. G\u00f6rd\u00fc\u011f\u00fc manzaray\u0131 cep telefonuyla kaydeden Kaya, konu\u015ftu. Kaya, k\u00f6yde ya\u015fanan olaylarla ilgili [&hellip;]<\/p>\n","protected":false},"author":7,"featured_media":68581,"comment_status":"open","ping_status":"open","sticky":false,"template":"","format":"standard","meta":{"footnotes":""},"categories":[1],"tags":[],"class_list":["post-68580","post","type-post","status-publish","format-standard","has-post-thumbnail","hentry","category-haberler"],"yoast_head":"<!-- This site is optimized with the Yoast SEO plugin v27.4 - https:\/\/yoast.com\/product\/yoast-seo-wordpress\/ -->\n<title>K\u0131\u015f aylar\u0131nda bo\u015f kalan k\u00f6ye defineciler dadand\u0131 - Bati Ermenistan Ve Bati Ermenileri Sorunlari Ara\u015ftirmalar Merkezi<\/title>\n<meta name=\"robots\" content=\"index, follow, max-snippet:-1, max-image-preview:large, max-video-preview:-1\" \/>\n<link rel=\"canonical\" href=\"https:\/\/akunq.net\/tr\/?p=68580\" \/>\n<meta property=\"og:locale\" content=\"en_US\" \/>\n<meta property=\"og:type\" content=\"article\" \/>\n<meta property=\"og:title\" content=\"K\u0131\u015f aylar\u0131nda bo\u015f kalan k\u00f6ye defineciler dadand\u0131 - Bati Ermenistan Ve Bati Ermenileri Sorunlari Ara\u015ftirmalar Merkezi\" \/>\n<meta property=\"og:description\" content=\"Sinop\u2019un Erfelek il\u00e7esine ba\u011fl\u0131 Avla\u011f\u0131s\u00f6k\u00fc k\u00f6y\u00fc, definecilerin hedefi oldu. Yaz\u0131n kalabal\u0131k, k\u0131\u015f\u0131n ise bo\u015f olan k\u00f6ye definecilerin dadand\u0131\u011f\u0131n\u0131 s\u00f6yleyen k\u00f6yl\u00fcler, yetkililerden yard\u0131m istiyor. \u0130stanbul\u2019da ya\u015fayan Bayram Kaya, k\u0131\u015f aylar\u0131nda kimsenin kalmad\u0131\u011f\u0131 Avla\u011f\u0131s\u00f6k\u00fc k\u00f6y\u00fcne ziyarete geldi\u011finde son iki y\u0131ld\u0131r defineciler taraf\u0131ndan kaz\u0131lan \u00e7ukurlarla kar\u015f\u0131la\u015ft\u0131. G\u00f6rd\u00fc\u011f\u00fc manzaray\u0131 cep telefonuyla kaydeden Kaya, konu\u015ftu. Kaya, k\u00f6yde ya\u015fanan olaylarla ilgili [&hellip;]\" \/>\n<meta property=\"og:url\" content=\"https:\/\/akunq.net\/tr\/?p=68580\" \/>\n<meta property=\"og:site_name\" content=\"Bati Ermenistan Ve Bati Ermenileri Sorunlari Ara\u015ftirmalar Merkezi\" \/>\n<meta property=\"article:published_time\" content=\"2022-05-18T07:49:41+00:00\" \/>\n<meta property=\"og:image\" content=\"https:\/\/akunq.net\/tr\/wp-content\/uploads\/sites\/6\/2022\/05\/Avla\u011f\u0131s\u00f6k\u00fc-k\u00f6y\u00fc.jpg\" \/>\n\t<meta property=\"og:image:width\" content=\"840\" \/>\n\t<meta property=\"og:image:height\" content=\"471\" \/>\n\t<meta property=\"og:image:type\" content=\"image\/jpeg\" \/>\n<meta name=\"author\" content=\"admin\" \/>\n<meta name=\"twitter:card\" content=\"summary_large_image\" \/>\n<meta name=\"twitter:label1\" content=\"Written by\" \/>\n\t<meta name=\"twitter:data1\" content=\"admin\" \/>\n\t<meta name=\"twitter:label2\" content=\"Est. reading time\" \/>\n\t<meta name=\"twitter:data2\" content=\"2 minutes\" \/>\n<script type=\"application\/ld+json\" class=\"yoast-schema-graph\">{\"@context\":\"https:\\\/\\\/schema.org\",\"@graph\":[{\"@type\":\"Article\",\"@id\":\"https:\\\/\\\/akunq.net\\\/tr\\\/?p=68580#article\",\"isPartOf\":{\"@id\":\"https:\\\/\\\/akunq.net\\\/tr\\\/?p=68580\"},\"author\":{\"name\":\"admin\",\"@id\":\"https:\\\/\\\/akunq.net\\\/tr\\\/#\\\/schema\\\/person\\\/096f1d38a12cce57fb855b485ed24c9e\"},\"headline\":\"K\u0131\u015f aylar\u0131nda bo\u015f kalan k\u00f6ye defineciler dadand\u0131\",\"datePublished\":\"2022-05-18T07:49:41+00:00\",\"mainEntityOfPage\":{\"@id\":\"https:\\\/\\\/akunq.net\\\/tr\\\/?p=68580\"},\"wordCount\":480,\"commentCount\":0,\"image\":{\"@id\":\"https:\\\/\\\/akunq.net\\\/tr\\\/?p=68580#primaryimage\"},\"thumbnailUrl\":\"https:\\\/\\\/akunq.net\\\/tr\\\/wp-content\\\/uploads\\\/sites\\\/6\\\/2022\\\/05\\\/Avla\u011f\u0131s\u00f6k\u00fc-k\u00f6y\u00fc.jpg\",\"articleSection\":[\"Haberler\"],\"inLanguage\":\"en-US\",\"potentialAction\":[{\"@type\":\"CommentAction\",\"name\":\"Comment\",\"target\":[\"https:\\\/\\\/akunq.net\\\/tr\\\/?p=68580#respond\"]}]},{\"@type\":\"WebPage\",\"@id\":\"https:\\\/\\\/akunq.net\\\/tr\\\/?p=68580\",\"url\":\"https:\\\/\\\/akunq.net\\\/tr\\\/?p=68580\",\"name\":\"K\u0131\u015f aylar\u0131nda bo\u015f kalan k\u00f6ye defineciler dadand\u0131 - Bati Ermenistan Ve Bati Ermenileri Sorunlari Ara\u015ftirmalar Merkezi\",\"isPartOf\":{\"@id\":\"https:\\\/\\\/akunq.net\\\/tr\\\/#website\"},\"primaryImageOfPage\":{\"@id\":\"https:\\\/\\\/akunq.net\\\/tr\\\/?p=68580#primaryimage\"},\"image\":{\"@id\":\"https:\\\/\\\/akunq.net\\\/tr\\\/?p=68580#primaryimage\"},\"thumbnailUrl\":\"https:\\\/\\\/akunq.net\\\/tr\\\/wp-content\\\/uploads\\\/sites\\\/6\\\/2022\\\/05\\\/Avla\u011f\u0131s\u00f6k\u00fc-k\u00f6y\u00fc.jpg\",\"datePublished\":\"2022-05-18T07:49:41+00:00\",\"author\":{\"@id\":\"https:\\\/\\\/akunq.net\\\/tr\\\/#\\\/schema\\\/person\\\/096f1d38a12cce57fb855b485ed24c9e\"},\"breadcrumb\":{\"@id\":\"https:\\\/\\\/akunq.net\\\/tr\\\/?p=68580#breadcrumb\"},\"inLanguage\":\"en-US\",\"potentialAction\":[{\"@type\":\"ReadAction\",\"target\":[\"https:\\\/\\\/akunq.net\\\/tr\\\/?p=68580\"]}]},{\"@type\":\"ImageObject\",\"inLanguage\":\"en-US\",\"@id\":\"https:\\\/\\\/akunq.net\\\/tr\\\/?p=68580#primaryimage\",\"url\":\"https:\\\/\\\/akunq.net\\\/tr\\\/wp-content\\\/uploads\\\/sites\\\/6\\\/2022\\\/05\\\/Avla\u011f\u0131s\u00f6k\u00fc-k\u00f6y\u00fc.jpg\",\"contentUrl\":\"https:\\\/\\\/akunq.net\\\/tr\\\/wp-content\\\/uploads\\\/sites\\\/6\\\/2022\\\/05\\\/Avla\u011f\u0131s\u00f6k\u00fc-k\u00f6y\u00fc.jpg\",\"width\":840,\"height\":471},{\"@type\":\"BreadcrumbList\",\"@id\":\"https:\\\/\\\/akunq.net\\\/tr\\\/?p=68580#breadcrumb\",\"itemListElement\":[{\"@type\":\"ListItem\",\"position\":1,\"name\":\"Home\",\"item\":\"https:\\\/\\\/akunq.net\\\/tr\"},{\"@type\":\"ListItem\",\"position\":2,\"name\":\"K\u0131\u015f aylar\u0131nda bo\u015f kalan k\u00f6ye defineciler dadand\u0131\"}]},{\"@type\":\"WebSite\",\"@id\":\"https:\\\/\\\/akunq.net\\\/tr\\\/#website\",\"url\":\"https:\\\/\\\/akunq.net\\\/tr\\\/\",\"name\":\"Bati Ermenistan Ve Bati Ermenileri Sorunlari Ara\u015ftirmalar Merkezi\",\"description\":\"\",\"potentialAction\":[{\"@type\":\"SearchAction\",\"target\":{\"@type\":\"EntryPoint\",\"urlTemplate\":\"https:\\\/\\\/akunq.net\\\/tr\\\/?s={search_term_string}\"},\"query-input\":{\"@type\":\"PropertyValueSpecification\",\"valueRequired\":true,\"valueName\":\"search_term_string\"}}],\"inLanguage\":\"en-US\"},{\"@type\":\"Person\",\"@id\":\"https:\\\/\\\/akunq.net\\\/tr\\\/#\\\/schema\\\/person\\\/096f1d38a12cce57fb855b485ed24c9e\",\"name\":\"admin\",\"url\":\"https:\\\/\\\/akunq.net\\\/tr\\\/?author=7\"}]}<\/script>\n<!-- \/ Yoast SEO plugin. -->","yoast_head_json":{"title":"K\u0131\u015f aylar\u0131nda bo\u015f kalan k\u00f6ye defineciler dadand\u0131 - Bati Ermenistan Ve Bati Ermenileri Sorunlari Ara\u015ftirmalar Merkezi","robots":{"index":"index","follow":"follow","max-snippet":"max-snippet:-1","max-image-preview":"max-image-preview:large","max-video-preview":"max-video-preview:-1"},"canonical":"https:\/\/akunq.net\/tr\/?p=68580","og_locale":"en_US","og_type":"article","og_title":"K\u0131\u015f aylar\u0131nda bo\u015f kalan k\u00f6ye defineciler dadand\u0131 - Bati Ermenistan Ve Bati Ermenileri Sorunlari Ara\u015ftirmalar Merkezi","og_description":"Sinop\u2019un Erfelek il\u00e7esine ba\u011fl\u0131 Avla\u011f\u0131s\u00f6k\u00fc k\u00f6y\u00fc, definecilerin hedefi oldu. Yaz\u0131n kalabal\u0131k, k\u0131\u015f\u0131n ise bo\u015f olan k\u00f6ye definecilerin dadand\u0131\u011f\u0131n\u0131 s\u00f6yleyen k\u00f6yl\u00fcler, yetkililerden yard\u0131m istiyor. \u0130stanbul\u2019da ya\u015fayan Bayram Kaya, k\u0131\u015f aylar\u0131nda kimsenin kalmad\u0131\u011f\u0131 Avla\u011f\u0131s\u00f6k\u00fc k\u00f6y\u00fcne ziyarete geldi\u011finde son iki y\u0131ld\u0131r defineciler taraf\u0131ndan kaz\u0131lan \u00e7ukurlarla kar\u015f\u0131la\u015ft\u0131. G\u00f6rd\u00fc\u011f\u00fc manzaray\u0131 cep telefonuyla kaydeden Kaya, konu\u015ftu. Kaya, k\u00f6yde ya\u015fanan olaylarla ilgili [&hellip;]","og_url":"https:\/\/akunq.net\/tr\/?p=68580","og_site_name":"Bati Ermenistan Ve Bati Ermenileri Sorunlari Ara\u015ftirmalar Merkezi","article_published_time":"2022-05-18T07:49:41+00:00","og_image":[{"width":840,"height":471,"url":"https:\/\/akunq.net\/tr\/wp-content\/uploads\/sites\/6\/2022\/05\/Avla\u011f\u0131s\u00f6k\u00fc-k\u00f6y\u00fc.jpg","type":"image\/jpeg"}],"author":"admin","twitter_card":"summary_large_image","twitter_misc":{"Written by":"admin","Est. reading time":"2 minutes"},"schema":{"@context":"https:\/\/schema.org","@graph":[{"@type":"Article","@id":"https:\/\/akunq.net\/tr\/?p=68580#article","isPartOf":{"@id":"https:\/\/akunq.net\/tr\/?p=68580"},"author":{"name":"admin","@id":"https:\/\/akunq.net\/tr\/#\/schema\/person\/096f1d38a12cce57fb855b485ed24c9e"},"headline":"K\u0131\u015f aylar\u0131nda bo\u015f kalan k\u00f6ye defineciler dadand\u0131","datePublished":"2022-05-18T07:49:41+00:00","mainEntityOfPage":{"@id":"https:\/\/akunq.net\/tr\/?p=68580"},"wordCount":480,"commentCount":0,"image":{"@id":"https:\/\/akunq.net\/tr\/?p=68580#primaryimage"},"thumbnailUrl":"https:\/\/akunq.net\/tr\/wp-content\/uploads\/sites\/6\/2022\/05\/Avla\u011f\u0131s\u00f6k\u00fc-k\u00f6y\u00fc.jpg","articleSection":["Haberler"],"inLanguage":"en-US","potentialAction":[{"@type":"CommentAction","name":"Comment","target":["https:\/\/akunq.net\/tr\/?p=68580#respond"]}]},{"@type":"WebPage","@id":"https:\/\/akunq.net\/tr\/?p=68580","url":"https:\/\/akunq.net\/tr\/?p=68580","name":"K\u0131\u015f aylar\u0131nda bo\u015f kalan k\u00f6ye defineciler dadand\u0131 - Bati Ermenistan Ve Bati Ermenileri Sorunlari Ara\u015ftirmalar Merkezi","isPartOf":{"@id":"https:\/\/akunq.net\/tr\/#website"},"primaryImageOfPage":{"@id":"https:\/\/akunq.net\/tr\/?p=68580#primaryimage"},"image":{"@id":"https:\/\/akunq.net\/tr\/?p=68580#primaryimage"},"thumbnailUrl":"https:\/\/akunq.net\/tr\/wp-content\/uploads\/sites\/6\/2022\/05\/Avla\u011f\u0131s\u00f6k\u00fc-k\u00f6y\u00fc.jpg","datePublished":"2022-05-18T07:49:41+00:00","author":{"@id":"https:\/\/akunq.net\/tr\/#\/schema\/person\/096f1d38a12cce57fb855b485ed24c9e"},"breadcrumb":{"@id":"https:\/\/akunq.net\/tr\/?p=68580#breadcrumb"},"inLanguage":"en-US","potentialAction":[{"@type":"ReadAction","target":["https:\/\/akunq.net\/tr\/?p=68580"]}]},{"@type":"ImageObject","inLanguage":"en-US","@id":"https:\/\/akunq.net\/tr\/?p=68580#primaryimage","url":"https:\/\/akunq.net\/tr\/wp-content\/uploads\/sites\/6\/2022\/05\/Avla\u011f\u0131s\u00f6k\u00fc-k\u00f6y\u00fc.jpg","contentUrl":"https:\/\/akunq.net\/tr\/wp-content\/uploads\/sites\/6\/2022\/05\/Avla\u011f\u0131s\u00f6k\u00fc-k\u00f6y\u00fc.jpg","width":840,"height":471},{"@type":"BreadcrumbList","@id":"https:\/\/akunq.net\/tr\/?p=68580#breadcrumb","itemListElement":[{"@type":"ListItem","position":1,"name":"Home","item":"https:\/\/akunq.net\/tr"},{"@type":"ListItem","position":2,"name":"K\u0131\u015f aylar\u0131nda bo\u015f kalan k\u00f6ye defineciler dadand\u0131"}]},{"@type":"WebSite","@id":"https:\/\/akunq.net\/tr\/#website","url":"https:\/\/akunq.net\/tr\/","name":"Bati Ermenistan Ve Bati Ermenileri Sorunlari Ara\u015ftirmalar Merkezi","description":"","potentialAction":[{"@type":"SearchAction","target":{"@type":"EntryPoint","urlTemplate":"https:\/\/akunq.net\/tr\/?s={search_term_string}"},"query-input":{"@type":"PropertyValueSpecification","valueRequired":true,"valueName":"search_term_string"}}],"inLanguage":"en-US"},{"@type":"Person","@id":"https:\/\/akunq.net\/tr\/#\/schema\/person\/096f1d38a12cce57fb855b485ed24c9e","name":"admin","url":"https:\/\/akunq.net\/tr\/?author=7"}]}},"_links":{"self":[{"href":"https:\/\/akunq.net\/tr\/index.php?rest_route=\/wp\/v2\/posts\/68580","targetHints":{"allow":["GET"]}}],"collection":[{"href":"https:\/\/akunq.net\/tr\/index.php?rest_route=\/wp\/v2\/posts"}],"about":[{"href":"https:\/\/akunq.net\/tr\/index.php?rest_route=\/wp\/v2\/types\/post"}],"author":[{"embeddable":true,"href":"https:\/\/akunq.net\/tr\/index.php?rest_route=\/wp\/v2\/users\/7"}],"replies":[{"embeddable":true,"href":"https:\/\/akunq.net\/tr\/index.php?rest_route=%2Fwp%2Fv2%2Fcomments&post=68580"}],"version-history":[{"count":1,"href":"https:\/\/akunq.net\/tr\/index.php?rest_route=\/wp\/v2\/posts\/68580\/revisions"}],"predecessor-version":[{"id":68582,"href":"https:\/\/akunq.net\/tr\/index.php?rest_route=\/wp\/v2\/posts\/68580\/revisions\/68582"}],"wp:featuredmedia":[{"embeddable":true,"href":"https:\/\/akunq.net\/tr\/index.php?rest_route=\/wp\/v2\/media\/68581"}],"wp:attachment":[{"href":"https:\/\/akunq.net\/tr\/index.php?rest_route=%2Fwp%2Fv2%2Fmedia&parent=68580"}],"wp:term":[{"taxonomy":"category","embeddable":true,"href":"https:\/\/akunq.net\/tr\/index.php?rest_route=%2Fwp%2Fv2%2Fcategories&post=68580"},{"taxonomy":"post_tag","embeddable":true,"href":"https:\/\/akunq.net\/tr\/index.php?rest_route=%2Fwp%2Fv2%2Ftags&post=68580"}],"curies":[{"name":"wp","href":"https:\/\/api.w.org\/{rel}","templated":true}]}}