{"id":68563,"date":"2022-05-17T03:25:09","date_gmt":"2022-05-17T08:25:09","guid":{"rendered":"https:\/\/akunq.net\/tr\/?p=68563"},"modified":"2022-05-17T03:25:09","modified_gmt":"2022-05-17T08:25:09","slug":"izmir-notre-dame-de-lourdes-kilisesinde-peder-gabriel-feroneye-sukran-ayini","status":"publish","type":"post","link":"https:\/\/akunq.net\/tr\/?p=68563","title":{"rendered":"\u0130zmir Notre-Dame de Lourdes Kilisesi\u2019nde Peder Gabriel Ferone\u2019ye \u015e\u00fckran Ayini"},"content":{"rendered":"<p><img loading=\"lazy\" decoding=\"async\" class=\"aligncenter size-medium wp-image-68564\" src=\"https:\/\/akunq.net\/tr\/wp-content\/uploads\/2022\/05\/Notre-Dame-de-Lourde-360x240.jpg\" alt=\"\" width=\"360\" height=\"240\" srcset=\"https:\/\/akunq.net\/tr\/wp-content\/uploads\/sites\/6\/2022\/05\/Notre-Dame-de-Lourde-360x240.jpg 360w, https:\/\/akunq.net\/tr\/wp-content\/uploads\/sites\/6\/2022\/05\/Notre-Dame-de-Lourde-768x513.jpg 768w, https:\/\/akunq.net\/tr\/wp-content\/uploads\/sites\/6\/2022\/05\/Notre-Dame-de-Lourde-560x374.jpg 560w, https:\/\/akunq.net\/tr\/wp-content\/uploads\/sites\/6\/2022\/05\/Notre-Dame-de-Lourde-260x174.jpg 260w, https:\/\/akunq.net\/tr\/wp-content\/uploads\/sites\/6\/2022\/05\/Notre-Dame-de-Lourde-160x107.jpg 160w, https:\/\/akunq.net\/tr\/wp-content\/uploads\/sites\/6\/2022\/05\/Notre-Dame-de-Lourde.jpg 800w\" sizes=\"auto, (max-width: 360px) 100vw, 360px\" \/><\/p>\n<p><em><strong>\u0130zmir G\u00f6ztepe\u2019deki Notre Dame de Lourdes Kilisesi\u2019nde, 15 May\u0131s Pazar G\u00fcn\u00fc, Peder Gabriel Ferone\u2019nin rahiplik hayat\u0131 ve G\u00f6ztepe Kilisesi\u2019ndeki pastoral g\u00f6rev hizmeti vesilesiyle minnettarl\u0131k ve \u015f\u00fckran ayini d\u00fczenlendi.<\/strong><\/em><\/p>\n<p>Dopdolu olan kilisedeki ayini \u0130zmir Ba\u015fepiskoposu Monseny\u00f6r Martin Kmetec y\u00f6netirken G\u00f6ztepe Kilisesi\u2019nin Rahibi Peder Gabriel Ferone, Aziz Yuhanna Katedrali\u2019nin Rekt\u00f6r\u00fc Peder Ugo De Rosa, \u0130zmir Ba\u015fepiskoposlu\u011fu\u2019nun \u015eans\u00f6lyesi Peder Alessandro Amprino, Buca Vaftizci Aziz Yahya Kilisesi\u2019nin Rahibi Peder Ireneusz Bochinsky ve Kar\u015f\u0131yaka Azize Helena Kilisesi\u2019nin Rahibi Dariusz Stanislaw Ayin\u2019e e\u015flik ettiler.<\/p>\n<p>\u0130lk olarak, \u0130zmir\u2019de ya\u015fayan \u0130ran k\u00f6kenli Minyat\u00fcrist sanat\u00e7\u0131 Arya Kamal\u0131\u2019n\u0131n imzas\u0131n\u0131 ta\u015f\u0131yan kilisenin giri\u015f kap\u0131s\u0131ndaki \u00f6zel boyama \u00e7al\u0131\u015fmas\u0131 Mons. Martin taraf\u0131ndan kutsand\u0131.<\/p>\n<h3>\u201cMesih \u0130sa Bize Sevginin Kayna\u011f\u0131n\u0131 Veriyor\u201d<\/h3>\n<figure class=\"wp-block-image\"><img decoding=\"async\" class=\"wp-image-63596\" src=\"https:\/\/i0.wp.com\/haber.sat7turk.com\/wp-content\/uploads\/2022\/05\/1-1.jpg?ssl=1\" alt=\"\" data-recalc-dims=\"1\" \/><\/figure>\n<p>Aziz Yuhanna taraf\u0131ndan yaz\u0131lan Mesih \u0130sa\u2019n\u0131n \u0130ncil\u2019inden S\u00f6zleri G\u00f6ztepe Kilisesi\u2019nde son defa Peder Gabriel taraf\u0131ndan okunduktan sonra, Frans\u0131zca ve T\u00fcrk\u00e7e verdi\u011fi vaaz\u0131nda Mons. Martin sevgiden bahsetti:<em>\u00a0\u201c\u0130sa\u2019n\u0131n bize tek sevginin \u00f6l\u00e7\u00fcs\u00fcn\u00fc vermiyor. O bize sevginin kayna\u011f\u0131n\u0131 da veriyor.\u00a0 Biz ancak O\u2019nun bizi sevdi\u011fi ayn\u0131 sevginin hayat\u0131m\u0131zda bedenle\u015fti\u011fini kabul edersek ger\u00e7ekten ba\u015fkalar\u0131n\u0131 sevebiliriz. O\u2019nun sevgisi, insanlara olan sevgimizin ve ya\u015fam\u0131m\u0131z\u0131n kayna\u011f\u0131 olmal\u0131d\u0131r. Ger\u00e7ek sevgi \u00fczerine bir \u00f6\u011fretmenimiz var: o da 15 Eyl\u00fcl 1858, Fransa\u2019da Strasbourg \u015eehrinde do\u011fmu\u015f ve 1 Aral\u0131k 1916\u2019da Cezayir Tamanrasset\u2019te \u00f6lm\u00fc\u015f olan Charles de Foucauld. Papa Fran\u00e7esko onu bug\u00fcn aziz ilan etti. Gen\u00e7li\u011finde Allah\u2019tan ve Kilise\u2019de uzak olarak ya\u015fad\u0131 ve bir askerdi. Asker oldu\u011fu zaman Cezayir\u2019deki \u00e7\u00f6lde kendi i\u00e7inde garip bir ses hissetti ve Fransa\u2019ya d\u00f6nd\u00fc. Bir rahibin huzurunda itiraf etti ve t\u00f6vbe ettikten sonra yeni ya\u015fam\u0131 aramay\u0131 ba\u015flad\u0131. Rahip oldu ve uzun aray\u0131\u015f sonras\u0131nda, Sahra \u00c7\u00f6l\u00fc\u2019ne d\u00f6nd\u00fc ve orada ke\u015fi\u015f olarak ya\u015fad\u0131<\/em>.<\/p>\n<p><em>Kendini \u2018EVRENSEL KARDE\u015e\u2019 olarak adland\u0131rd\u0131. Onun yaz\u0131lar\u0131ndan biraz faydalanal\u0131m! \u015e\u00f6yle diyor: \u2018\u0130nsanlar\u0131 \u0130sa\u2019n\u0131n onlar\u0131 sevdi\u011fi gibi sevmeliyiz ve onun ad\u0131 \u2018\u0130sa Kurtar\u0131c\u0131\u2019 anlam\u0131na geldi\u011finden, t\u00fcm insanlar\u0131n kurtulu\u015funa ula\u015ft\u0131rmay\u0131 hayat\u0131m\u0131z\u0131n i\u015fi yapmal\u0131y\u0131z. \u0130nsanlar\u0131 sevmekle Tanr\u0131\u2019y\u0131 sevmeyi \u00f6\u011freniriz. \u0130nsanlar\u0131n ko\u015fullar\u0131n\u0131n zay\u0131fl\u0131\u011f\u0131 bir g\u00fc\u00e7 kayna\u011f\u0131d\u0131r. \u0130sa \u0130mkans\u0131zl\u0131\u011f\u0131n\u00a0 Efendisi\u2019dir\u201d<\/em>\u00a0dedi.<\/p>\n<figure class=\"wp-block-image\"><img decoding=\"async\" class=\"wp-image-63597\" src=\"https:\/\/i0.wp.com\/haber.sat7turk.com\/wp-content\/uploads\/2022\/05\/2-1.jpg?ssl=1\" alt=\"\" data-recalc-dims=\"1\" \/><\/figure>\n<p>Ayin bittikten sonra Mons. Martin Peder Gabriel\u2019e:\u00a0<em>\u201cSevgili Peder Gabriel, G\u00f6ztepe\u2019de bu kilisede ve bu cemaatte pastoral hizmetinin on be\u015f y\u0131l\u0131 ge\u00e7ti. Bu on be\u015f y\u0131l boyunca bu toplulu\u011fa s\u00fcr\u00fcs\u00fcn\u00fcn \u00e7oban\u0131 gibi bakt\u0131n. Onlara \u00f6\u011frettin, onlara e\u015flik ettin ve onlar i\u00e7in ayin kutlad\u0131n. Hasad\u0131n efendisi olan Dirilen Rab Mesih \u0130sa seni \u00f6d\u00fcllendirecektir. \u0130zmir Ba\u015fepiskoposlu\u011fumuz ad\u0131na, G\u00f6ztepe Katolik toplulu\u011fu ad\u0131na, t\u00fcm pastoral \u00e7al\u0131\u015fmalar\u0131n, t\u00fcm dualar\u0131n ve Kilise\u2019nin ya\u015fam\u0131na katt\u0131\u011f\u0131n her \u015fey i\u00e7in sana te\u015fekk\u00fcr etmek istiyorum. Mesih ad\u0131na herhangi bir ki\u015fiye yapt\u0131\u011f\u0131n iyilikler i\u00e7in de te\u015fekk\u00fcr ederim. Arzumuz, rahiplik hizmetine ayn\u0131 gayretle, Mesih\u2019e, Kilise\u2019ye ve Kilise \u00fcyelerine ayn\u0131 sevgi ile devam etmendir. Rab seni kutsas\u0131n ve her zaman iste\u011fini yerine getirme g\u00fcc\u00fcn\u00fc versin.\u201d\u00a0<\/em>dedi. Ard\u0131ndan bir hediye verdikten sonra Peder Ferone\u2019yi kucaklad\u0131.<\/p>\n<figure class=\"wp-block-image\"><img decoding=\"async\" class=\"wp-image-63599\" src=\"https:\/\/i0.wp.com\/haber.sat7turk.com\/wp-content\/uploads\/2022\/05\/3-1.jpg?ssl=1\" alt=\"\" data-recalc-dims=\"1\" \/><\/figure>\n<p>Sonra Peder Gabriel s\u00f6z alarak \u00f6ncelikle onun i\u00e7in \u00f6nemli olan kap\u0131daki boyama projesini anlatt\u0131. \u201c<em>Bu proje zamanla ortaya \u00e7\u0131kt\u0131. Her\u015fey bir tablo ile ba\u015flad\u0131, onu bir ikincisi takip etti, son olarak ba\u015flayan bu kap\u0131 projesi Cennet\u2019e ger\u00e7ek bir giri\u015f yapmak i\u00e7in t\u00fcm kap\u0131y\u0131 boyama fikrine d\u00f6n\u00fc\u015ft\u00fc. Bu kap\u0131 bir dostluk kap\u0131s\u0131 oldu. Asl\u0131nda herkes, Hristiyan olsun olmas\u0131n, bu kiliseye girebilir ve girdi\u011finde iman Atam\u0131z \u0130brahim, Nuh, Efes\u2019in 7 Uyuyanlar\u0131, Yunus, Adem ve Havva taraf\u0131ndan kar\u015f\u0131lan\u0131r. B\u00fct\u00fcn bu fig\u00fcrler kabul edilmi\u015ftir. B\u00fct\u00fcn bu peygamber fig\u00fcrleri T\u00fcrkiye topraklar\u0131nda k\u00f6k salm\u0131\u015f ve Allah\u2019\u0131n kutsad\u0131\u011f\u0131 bu topraklarda, kutsal bir g\u00f6revle farkl\u0131 inan\u00e7lar\u0131 birle\u015ftirebilen d\u00fcnyalar aras\u0131nda k\u00f6pr\u00fc olmay\u0131 ama\u00e7lam\u0131\u015ft\u0131r. \u0130nsano\u011flu, ayn\u0131 bu cemaatin bir rahibi olan \u2018ben\u2019 gibi ge\u00e7icidir, ancak insano\u011flunu ya\u015fatan, y\u00fczy\u0131llar da ge\u00e7se b\u0131rakt\u0131\u011f\u0131 eserlerdir. \u0130nsanlar aras\u0131ndaki olas\u0131 diyalo\u011fa, g\u00fczelli\u011fe ve bar\u0131\u015f arzusuna tan\u0131kl\u0131k eden bu hazineleri ya\u015fatmak ise bizim elimizdedir.\u201d\u00a0<\/em>dedi.<\/p>\n<figure class=\"wp-block-image\"><img decoding=\"async\" class=\"wp-image-63601\" src=\"https:\/\/i0.wp.com\/haber.sat7turk.com\/wp-content\/uploads\/2022\/05\/4-1.jpg?ssl=1\" alt=\"\" data-recalc-dims=\"1\" \/><figcaption><em>Peder Gabriel ile minyat\u00fcrist sanat\u00e7\u0131 Arya Kamal\u0131<\/em><\/figcaption><\/figure>\n<p>Cemaate te\u015fekk\u00fcr ettikten sonra, G\u00f6ztepe\u2019de onun ard\u0131ndan g\u00f6reve gelecek olan Peder Ireneusz\u2019a iyi \u015fanslar diledi. T\u00f6renden sonra, Peder Gabriel uzun bir s\u00fcre gelenlerle \u00e7ok samimi ve s\u0131cak sohbetler ger\u00e7ekle\u015ftirdi. Yak\u0131n bir zamanda ise Buca Vaftizci Aziz Yahya Katolik Kilisesi\u2019ne g\u00f6revli olarak atanacakt\u0131r.\u00a0<em><strong>(SAT-7 T\u00dcRK\/\u0130ZM\u0130R-Nathalie Ritzmann)<\/strong><\/em><\/p>\n<p><em><strong><a href=\"https:\/\/haber.sat7turk.com\/izmir-notre-dame-de-lourdes-kilisesinde-peder-gabriel-feroneye-sukran-ayini\/\">https:\/\/haber.sat7turk.com\/izmir-notre-dame-de-lourdes-kilisesinde-peder-gabriel-feroneye-sukran-ayini\/<\/a><\/strong><\/em><\/p>\n","protected":false},"excerpt":{"rendered":"<p>\u0130zmir G\u00f6ztepe\u2019deki Notre Dame de Lourdes Kilisesi\u2019nde, 15 May\u0131s Pazar G\u00fcn\u00fc, Peder Gabriel Ferone\u2019nin rahiplik hayat\u0131 ve G\u00f6ztepe Kilisesi\u2019ndeki pastoral g\u00f6rev hizmeti vesilesiyle minnettarl\u0131k ve \u015f\u00fckran ayini d\u00fczenlendi. Dopdolu olan kilisedeki ayini \u0130zmir Ba\u015fepiskoposu Monseny\u00f6r Martin Kmetec y\u00f6netirken G\u00f6ztepe Kilisesi\u2019nin Rahibi Peder Gabriel Ferone, Aziz Yuhanna Katedrali\u2019nin Rekt\u00f6r\u00fc Peder Ugo De Rosa, \u0130zmir Ba\u015fepiskoposlu\u011fu\u2019nun \u015eans\u00f6lyesi [&hellip;]<\/p>\n","protected":false},"author":7,"featured_media":68564,"comment_status":"open","ping_status":"open","sticky":false,"template":"","format":"standard","meta":{"footnotes":""},"categories":[1,33],"tags":[],"class_list":["post-68563","post","type-post","status-publish","format-standard","has-post-thumbnail","hentry","category-haberler","category-izmir"],"yoast_head":"<!-- This site is optimized with the Yoast SEO plugin v27.4 - https:\/\/yoast.com\/product\/yoast-seo-wordpress\/ -->\n<title>\u0130zmir Notre-Dame de Lourdes Kilisesi\u2019nde Peder Gabriel Ferone\u2019ye \u015e\u00fckran Ayini - Bati Ermenistan Ve Bati Ermenileri Sorunlari Ara\u015ftirmalar Merkezi<\/title>\n<meta name=\"robots\" content=\"index, follow, max-snippet:-1, max-image-preview:large, max-video-preview:-1\" \/>\n<link rel=\"canonical\" href=\"https:\/\/akunq.net\/tr\/?p=68563\" \/>\n<meta property=\"og:locale\" content=\"en_US\" \/>\n<meta property=\"og:type\" content=\"article\" \/>\n<meta property=\"og:title\" content=\"\u0130zmir Notre-Dame de Lourdes Kilisesi\u2019nde Peder Gabriel Ferone\u2019ye \u015e\u00fckran Ayini - Bati Ermenistan Ve Bati Ermenileri Sorunlari Ara\u015ftirmalar Merkezi\" \/>\n<meta property=\"og:description\" content=\"\u0130zmir G\u00f6ztepe\u2019deki Notre Dame de Lourdes Kilisesi\u2019nde, 15 May\u0131s Pazar G\u00fcn\u00fc, Peder Gabriel Ferone\u2019nin rahiplik hayat\u0131 ve G\u00f6ztepe Kilisesi\u2019ndeki pastoral g\u00f6rev hizmeti vesilesiyle minnettarl\u0131k ve \u015f\u00fckran ayini d\u00fczenlendi. Dopdolu olan kilisedeki ayini \u0130zmir Ba\u015fepiskoposu Monseny\u00f6r Martin Kmetec y\u00f6netirken G\u00f6ztepe Kilisesi\u2019nin Rahibi Peder Gabriel Ferone, Aziz Yuhanna Katedrali\u2019nin Rekt\u00f6r\u00fc Peder Ugo De Rosa, \u0130zmir Ba\u015fepiskoposlu\u011fu\u2019nun \u015eans\u00f6lyesi [&hellip;]\" \/>\n<meta property=\"og:url\" content=\"https:\/\/akunq.net\/tr\/?p=68563\" \/>\n<meta property=\"og:site_name\" content=\"Bati Ermenistan Ve Bati Ermenileri Sorunlari Ara\u015ftirmalar Merkezi\" \/>\n<meta property=\"article:published_time\" content=\"2022-05-17T08:25:09+00:00\" \/>\n<meta property=\"og:image\" content=\"https:\/\/akunq.net\/tr\/wp-content\/uploads\/sites\/6\/2022\/05\/Notre-Dame-de-Lourde.jpg\" \/>\n\t<meta property=\"og:image:width\" content=\"800\" \/>\n\t<meta property=\"og:image:height\" content=\"534\" \/>\n\t<meta property=\"og:image:type\" content=\"image\/jpeg\" \/>\n<meta name=\"author\" content=\"admin\" \/>\n<meta name=\"twitter:card\" content=\"summary_large_image\" \/>\n<meta name=\"twitter:label1\" content=\"Written by\" \/>\n\t<meta name=\"twitter:data1\" content=\"admin\" \/>\n\t<meta name=\"twitter:label2\" content=\"Est. reading time\" \/>\n\t<meta name=\"twitter:data2\" content=\"4 minutes\" \/>\n<script type=\"application\/ld+json\" class=\"yoast-schema-graph\">{\"@context\":\"https:\\\/\\\/schema.org\",\"@graph\":[{\"@type\":\"Article\",\"@id\":\"https:\\\/\\\/akunq.net\\\/tr\\\/?p=68563#article\",\"isPartOf\":{\"@id\":\"https:\\\/\\\/akunq.net\\\/tr\\\/?p=68563\"},\"author\":{\"name\":\"admin\",\"@id\":\"https:\\\/\\\/akunq.net\\\/tr\\\/#\\\/schema\\\/person\\\/096f1d38a12cce57fb855b485ed24c9e\"},\"headline\":\"\u0130zmir Notre-Dame de Lourdes Kilisesi\u2019nde Peder Gabriel Ferone\u2019ye \u015e\u00fckran Ayini\",\"datePublished\":\"2022-05-17T08:25:09+00:00\",\"mainEntityOfPage\":{\"@id\":\"https:\\\/\\\/akunq.net\\\/tr\\\/?p=68563\"},\"wordCount\":881,\"commentCount\":0,\"image\":{\"@id\":\"https:\\\/\\\/akunq.net\\\/tr\\\/?p=68563#primaryimage\"},\"thumbnailUrl\":\"https:\\\/\\\/akunq.net\\\/tr\\\/wp-content\\\/uploads\\\/sites\\\/6\\\/2022\\\/05\\\/Notre-Dame-de-Lourde.jpg\",\"articleSection\":[\"Haberler\",\"\u0130zmir\"],\"inLanguage\":\"en-US\",\"potentialAction\":[{\"@type\":\"CommentAction\",\"name\":\"Comment\",\"target\":[\"https:\\\/\\\/akunq.net\\\/tr\\\/?p=68563#respond\"]}]},{\"@type\":\"WebPage\",\"@id\":\"https:\\\/\\\/akunq.net\\\/tr\\\/?p=68563\",\"url\":\"https:\\\/\\\/akunq.net\\\/tr\\\/?p=68563\",\"name\":\"\u0130zmir Notre-Dame de Lourdes Kilisesi\u2019nde Peder Gabriel Ferone\u2019ye \u015e\u00fckran Ayini - Bati Ermenistan Ve Bati Ermenileri Sorunlari Ara\u015ftirmalar Merkezi\",\"isPartOf\":{\"@id\":\"https:\\\/\\\/akunq.net\\\/tr\\\/#website\"},\"primaryImageOfPage\":{\"@id\":\"https:\\\/\\\/akunq.net\\\/tr\\\/?p=68563#primaryimage\"},\"image\":{\"@id\":\"https:\\\/\\\/akunq.net\\\/tr\\\/?p=68563#primaryimage\"},\"thumbnailUrl\":\"https:\\\/\\\/akunq.net\\\/tr\\\/wp-content\\\/uploads\\\/sites\\\/6\\\/2022\\\/05\\\/Notre-Dame-de-Lourde.jpg\",\"datePublished\":\"2022-05-17T08:25:09+00:00\",\"author\":{\"@id\":\"https:\\\/\\\/akunq.net\\\/tr\\\/#\\\/schema\\\/person\\\/096f1d38a12cce57fb855b485ed24c9e\"},\"breadcrumb\":{\"@id\":\"https:\\\/\\\/akunq.net\\\/tr\\\/?p=68563#breadcrumb\"},\"inLanguage\":\"en-US\",\"potentialAction\":[{\"@type\":\"ReadAction\",\"target\":[\"https:\\\/\\\/akunq.net\\\/tr\\\/?p=68563\"]}]},{\"@type\":\"ImageObject\",\"inLanguage\":\"en-US\",\"@id\":\"https:\\\/\\\/akunq.net\\\/tr\\\/?p=68563#primaryimage\",\"url\":\"https:\\\/\\\/akunq.net\\\/tr\\\/wp-content\\\/uploads\\\/sites\\\/6\\\/2022\\\/05\\\/Notre-Dame-de-Lourde.jpg\",\"contentUrl\":\"https:\\\/\\\/akunq.net\\\/tr\\\/wp-content\\\/uploads\\\/sites\\\/6\\\/2022\\\/05\\\/Notre-Dame-de-Lourde.jpg\",\"width\":800,\"height\":534},{\"@type\":\"BreadcrumbList\",\"@id\":\"https:\\\/\\\/akunq.net\\\/tr\\\/?p=68563#breadcrumb\",\"itemListElement\":[{\"@type\":\"ListItem\",\"position\":1,\"name\":\"Home\",\"item\":\"https:\\\/\\\/akunq.net\\\/tr\"},{\"@type\":\"ListItem\",\"position\":2,\"name\":\"\u0130zmir Notre-Dame de Lourdes Kilisesi\u2019nde Peder Gabriel Ferone\u2019ye \u015e\u00fckran Ayini\"}]},{\"@type\":\"WebSite\",\"@id\":\"https:\\\/\\\/akunq.net\\\/tr\\\/#website\",\"url\":\"https:\\\/\\\/akunq.net\\\/tr\\\/\",\"name\":\"Bati Ermenistan Ve Bati Ermenileri Sorunlari Ara\u015ftirmalar Merkezi\",\"description\":\"\",\"potentialAction\":[{\"@type\":\"SearchAction\",\"target\":{\"@type\":\"EntryPoint\",\"urlTemplate\":\"https:\\\/\\\/akunq.net\\\/tr\\\/?s={search_term_string}\"},\"query-input\":{\"@type\":\"PropertyValueSpecification\",\"valueRequired\":true,\"valueName\":\"search_term_string\"}}],\"inLanguage\":\"en-US\"},{\"@type\":\"Person\",\"@id\":\"https:\\\/\\\/akunq.net\\\/tr\\\/#\\\/schema\\\/person\\\/096f1d38a12cce57fb855b485ed24c9e\",\"name\":\"admin\",\"url\":\"https:\\\/\\\/akunq.net\\\/tr\\\/?author=7\"}]}<\/script>\n<!-- \/ Yoast SEO plugin. -->","yoast_head_json":{"title":"\u0130zmir Notre-Dame de Lourdes Kilisesi\u2019nde Peder Gabriel Ferone\u2019ye \u015e\u00fckran Ayini - Bati Ermenistan Ve Bati Ermenileri Sorunlari Ara\u015ftirmalar Merkezi","robots":{"index":"index","follow":"follow","max-snippet":"max-snippet:-1","max-image-preview":"max-image-preview:large","max-video-preview":"max-video-preview:-1"},"canonical":"https:\/\/akunq.net\/tr\/?p=68563","og_locale":"en_US","og_type":"article","og_title":"\u0130zmir Notre-Dame de Lourdes Kilisesi\u2019nde Peder Gabriel Ferone\u2019ye \u015e\u00fckran Ayini - Bati Ermenistan Ve Bati Ermenileri Sorunlari Ara\u015ftirmalar Merkezi","og_description":"\u0130zmir G\u00f6ztepe\u2019deki Notre Dame de Lourdes Kilisesi\u2019nde, 15 May\u0131s Pazar G\u00fcn\u00fc, Peder Gabriel Ferone\u2019nin rahiplik hayat\u0131 ve G\u00f6ztepe Kilisesi\u2019ndeki pastoral g\u00f6rev hizmeti vesilesiyle minnettarl\u0131k ve \u015f\u00fckran ayini d\u00fczenlendi. Dopdolu olan kilisedeki ayini \u0130zmir Ba\u015fepiskoposu Monseny\u00f6r Martin Kmetec y\u00f6netirken G\u00f6ztepe Kilisesi\u2019nin Rahibi Peder Gabriel Ferone, Aziz Yuhanna Katedrali\u2019nin Rekt\u00f6r\u00fc Peder Ugo De Rosa, \u0130zmir Ba\u015fepiskoposlu\u011fu\u2019nun \u015eans\u00f6lyesi [&hellip;]","og_url":"https:\/\/akunq.net\/tr\/?p=68563","og_site_name":"Bati Ermenistan Ve Bati Ermenileri Sorunlari Ara\u015ftirmalar Merkezi","article_published_time":"2022-05-17T08:25:09+00:00","og_image":[{"width":800,"height":534,"url":"https:\/\/akunq.net\/tr\/wp-content\/uploads\/sites\/6\/2022\/05\/Notre-Dame-de-Lourde.jpg","type":"image\/jpeg"}],"author":"admin","twitter_card":"summary_large_image","twitter_misc":{"Written by":"admin","Est. reading time":"4 minutes"},"schema":{"@context":"https:\/\/schema.org","@graph":[{"@type":"Article","@id":"https:\/\/akunq.net\/tr\/?p=68563#article","isPartOf":{"@id":"https:\/\/akunq.net\/tr\/?p=68563"},"author":{"name":"admin","@id":"https:\/\/akunq.net\/tr\/#\/schema\/person\/096f1d38a12cce57fb855b485ed24c9e"},"headline":"\u0130zmir Notre-Dame de Lourdes Kilisesi\u2019nde Peder Gabriel Ferone\u2019ye \u015e\u00fckran Ayini","datePublished":"2022-05-17T08:25:09+00:00","mainEntityOfPage":{"@id":"https:\/\/akunq.net\/tr\/?p=68563"},"wordCount":881,"commentCount":0,"image":{"@id":"https:\/\/akunq.net\/tr\/?p=68563#primaryimage"},"thumbnailUrl":"https:\/\/akunq.net\/tr\/wp-content\/uploads\/sites\/6\/2022\/05\/Notre-Dame-de-Lourde.jpg","articleSection":["Haberler","\u0130zmir"],"inLanguage":"en-US","potentialAction":[{"@type":"CommentAction","name":"Comment","target":["https:\/\/akunq.net\/tr\/?p=68563#respond"]}]},{"@type":"WebPage","@id":"https:\/\/akunq.net\/tr\/?p=68563","url":"https:\/\/akunq.net\/tr\/?p=68563","name":"\u0130zmir Notre-Dame de Lourdes Kilisesi\u2019nde Peder Gabriel Ferone\u2019ye \u015e\u00fckran Ayini - Bati Ermenistan Ve Bati Ermenileri Sorunlari Ara\u015ftirmalar Merkezi","isPartOf":{"@id":"https:\/\/akunq.net\/tr\/#website"},"primaryImageOfPage":{"@id":"https:\/\/akunq.net\/tr\/?p=68563#primaryimage"},"image":{"@id":"https:\/\/akunq.net\/tr\/?p=68563#primaryimage"},"thumbnailUrl":"https:\/\/akunq.net\/tr\/wp-content\/uploads\/sites\/6\/2022\/05\/Notre-Dame-de-Lourde.jpg","datePublished":"2022-05-17T08:25:09+00:00","author":{"@id":"https:\/\/akunq.net\/tr\/#\/schema\/person\/096f1d38a12cce57fb855b485ed24c9e"},"breadcrumb":{"@id":"https:\/\/akunq.net\/tr\/?p=68563#breadcrumb"},"inLanguage":"en-US","potentialAction":[{"@type":"ReadAction","target":["https:\/\/akunq.net\/tr\/?p=68563"]}]},{"@type":"ImageObject","inLanguage":"en-US","@id":"https:\/\/akunq.net\/tr\/?p=68563#primaryimage","url":"https:\/\/akunq.net\/tr\/wp-content\/uploads\/sites\/6\/2022\/05\/Notre-Dame-de-Lourde.jpg","contentUrl":"https:\/\/akunq.net\/tr\/wp-content\/uploads\/sites\/6\/2022\/05\/Notre-Dame-de-Lourde.jpg","width":800,"height":534},{"@type":"BreadcrumbList","@id":"https:\/\/akunq.net\/tr\/?p=68563#breadcrumb","itemListElement":[{"@type":"ListItem","position":1,"name":"Home","item":"https:\/\/akunq.net\/tr"},{"@type":"ListItem","position":2,"name":"\u0130zmir Notre-Dame de Lourdes Kilisesi\u2019nde Peder Gabriel Ferone\u2019ye \u015e\u00fckran Ayini"}]},{"@type":"WebSite","@id":"https:\/\/akunq.net\/tr\/#website","url":"https:\/\/akunq.net\/tr\/","name":"Bati Ermenistan Ve Bati Ermenileri Sorunlari Ara\u015ftirmalar Merkezi","description":"","potentialAction":[{"@type":"SearchAction","target":{"@type":"EntryPoint","urlTemplate":"https:\/\/akunq.net\/tr\/?s={search_term_string}"},"query-input":{"@type":"PropertyValueSpecification","valueRequired":true,"valueName":"search_term_string"}}],"inLanguage":"en-US"},{"@type":"Person","@id":"https:\/\/akunq.net\/tr\/#\/schema\/person\/096f1d38a12cce57fb855b485ed24c9e","name":"admin","url":"https:\/\/akunq.net\/tr\/?author=7"}]}},"_links":{"self":[{"href":"https:\/\/akunq.net\/tr\/index.php?rest_route=\/wp\/v2\/posts\/68563","targetHints":{"allow":["GET"]}}],"collection":[{"href":"https:\/\/akunq.net\/tr\/index.php?rest_route=\/wp\/v2\/posts"}],"about":[{"href":"https:\/\/akunq.net\/tr\/index.php?rest_route=\/wp\/v2\/types\/post"}],"author":[{"embeddable":true,"href":"https:\/\/akunq.net\/tr\/index.php?rest_route=\/wp\/v2\/users\/7"}],"replies":[{"embeddable":true,"href":"https:\/\/akunq.net\/tr\/index.php?rest_route=%2Fwp%2Fv2%2Fcomments&post=68563"}],"version-history":[{"count":1,"href":"https:\/\/akunq.net\/tr\/index.php?rest_route=\/wp\/v2\/posts\/68563\/revisions"}],"predecessor-version":[{"id":68565,"href":"https:\/\/akunq.net\/tr\/index.php?rest_route=\/wp\/v2\/posts\/68563\/revisions\/68565"}],"wp:featuredmedia":[{"embeddable":true,"href":"https:\/\/akunq.net\/tr\/index.php?rest_route=\/wp\/v2\/media\/68564"}],"wp:attachment":[{"href":"https:\/\/akunq.net\/tr\/index.php?rest_route=%2Fwp%2Fv2%2Fmedia&parent=68563"}],"wp:term":[{"taxonomy":"category","embeddable":true,"href":"https:\/\/akunq.net\/tr\/index.php?rest_route=%2Fwp%2Fv2%2Fcategories&post=68563"},{"taxonomy":"post_tag","embeddable":true,"href":"https:\/\/akunq.net\/tr\/index.php?rest_route=%2Fwp%2Fv2%2Ftags&post=68563"}],"curies":[{"name":"wp","href":"https:\/\/api.w.org\/{rel}","templated":true}]}}