{"id":68557,"date":"2022-05-17T03:10:49","date_gmt":"2022-05-17T08:10:49","guid":{"rendered":"https:\/\/akunq.net\/tr\/?p=68557"},"modified":"2022-05-17T03:10:49","modified_gmt":"2022-05-17T08:10:49","slug":"hendek-olaylarinda-zarar-gordugu-icin-onarilan-ermeni-kilisesine-ziyaretci-akini","status":"publish","type":"post","link":"https:\/\/akunq.net\/tr\/?p=68557","title":{"rendered":"Hendek olaylar\u0131nda zarar g\u00f6rd\u00fc\u011f\u00fc i\u00e7in onar\u0131lan Ermeni kilisesine ziyaret\u00e7i ak\u0131n\u0131"},"content":{"rendered":"<p><img loading=\"lazy\" decoding=\"async\" class=\"aligncenter size-medium wp-image-68558\" src=\"https:\/\/akunq.net\/tr\/wp-content\/uploads\/2022\/05\/Surp-Giragos-360x189.jpeg\" alt=\"\" width=\"360\" height=\"189\" srcset=\"https:\/\/akunq.net\/tr\/wp-content\/uploads\/sites\/6\/2022\/05\/Surp-Giragos-360x189.jpeg 360w, https:\/\/akunq.net\/tr\/wp-content\/uploads\/sites\/6\/2022\/05\/Surp-Giragos-560x294.jpeg 560w, https:\/\/akunq.net\/tr\/wp-content\/uploads\/sites\/6\/2022\/05\/Surp-Giragos-260x137.jpeg 260w, https:\/\/akunq.net\/tr\/wp-content\/uploads\/sites\/6\/2022\/05\/Surp-Giragos-160x84.jpeg 160w, https:\/\/akunq.net\/tr\/wp-content\/uploads\/sites\/6\/2022\/05\/Surp-Giragos.jpeg 752w\" sizes=\"auto, (max-width: 360px) 100vw, 360px\" \/><\/p>\n<p><strong><a href=\"https:\/\/www.sabah.com.tr\/huseyin-kacar\/haberleri\">H\u00fcseyin KA\u00c7AR<\/a><\/strong><\/p>\n<p><em><strong>Diyarbak\u0131r\u2019da, 7 y\u0131l \u00f6nceki hendek ter\u00f6r\u00fcnden el yap\u0131m\u0131 patlay\u0131c\u0131lar nedeniyle a\u011f\u0131r hasar g\u00f6rd\u00fckten sonra Cumhurba\u015fkan\u0131 Recep Tayyip Erdo\u011fan\u2019\u0131n talimat\u0131yla onar\u0131lan Ortado\u011fu\u2019nun en b\u00fcy\u00fck kilisesi Surp Giragos Kilisesi\u2019ne ziyaret\u00e7iler ak\u0131n etti. \u00c7evre, \u015eehircilik ve \u0130klim De\u011fi\u015fikli\u011fi Bakanl\u0131\u011f\u0131\u2019n\u0131n \u201cSur \u0130hya Projesi\u201d kapsam\u0131nda 34 milyon lira harcanarak onar\u0131lan kilisesinin yeni haline g\u00f6rmeye geldi. Ge\u00e7ti\u011fimiz hafta a\u00e7\u0131lan kiliseyi bir hafta i\u00e7erisinde kente merkezinde ya\u015fayanlar\u0131n yan\u0131 s\u0131ra, yerli ve yabanc\u0131 turistlerden olu\u015fan yakla\u015f\u0131k 50 bin ki\u015fi gezdi.<\/strong><\/em><\/p>\n<p>Sur il\u00e7esindeki hendek olaylar\u0131 s\u0131ras\u0131nda el yap\u0131m\u0131 patlay\u0131c\u0131lar nedeniyle a\u011f\u0131r hasar g\u00f6ren 3 bin 769 metrekare alana sahip Ortado\u011fu\u2019nun en b\u00fcy\u00fck Ermeni kilisesi Surp Giragos, K\u00fclt\u00fcr ve Turizm Bakan\u0131 Mehmet Nuri Ersoy, 85. T\u00fcrkiye Ermenileri Patri\u011fi Sahak Ma\u015falyan\u2019\u0131n kat\u0131ld\u0131\u011f\u0131 t\u00f6renle 7 May\u0131s g\u00fcn\u00fc a\u00e7\u0131ld\u0131.<\/p>\n<figure class=\"wp-block-image\"><img decoding=\"async\" title=\"hendek-olaylarinda-zarar-gordugu-icin-onarilan-ermeni-kilisesine-ziyaretci-akini-1652768013728.jpeg\" src=\"https:\/\/iasbh.tmgrup.com.tr\/9a858c\/0\/0\/0\/0\/0\/0?u=https:\/\/isbh.tmgrup.com.tr\/sbh\/2022\/05\/17\/hendek-olaylarinda-zarar-gordugu-icin-onarilan-ermeni-kilisesine-ziyaretci-akini-1652768013728.jpeg&amp;mw=600\" alt=\"\" \/><\/figure>\n<p>16\u2019\u0131nc\u0131 y\u00fczy\u0131lda yap\u0131lan tarihi kilisede ge\u00e7ti\u011fimiz Pazar g\u00fcn\u00fc yedi y\u0131l aradan sonra ilk ayinde yap\u0131l\u0131rken, a\u00e7\u0131l\u0131\u015f\u0131n ard\u0131ndan tarihi mek\u00e2na adeta ziyaret\u00e7i ak\u0131n\u0131 ya\u015fand\u0131.<\/p>\n<figure class=\"wp-block-image\"><img decoding=\"async\" title=\"hendek-olaylarinda-zarar-gordugu-icin-onarilan-ermeni-kilisesine-ziyaretci-akini-1652768020121.jpeg\" src=\"https:\/\/iasbh.tmgrup.com.tr\/ed070f\/0\/0\/0\/0\/0\/0?u=https:\/\/isbh.tmgrup.com.tr\/sbh\/2022\/05\/17\/hendek-olaylarinda-zarar-gordugu-icin-onarilan-ermeni-kilisesine-ziyaretci-akini-1652768020121.jpeg&amp;mw=600\" alt=\"\" \/><\/figure>\n<p>Kente merkezinde ya\u015fayanlar\u0131n yan\u0131 s\u0131ra, yerli ve yabanc\u0131 turistlerden olu\u015fan yakla\u015f\u0131k 50 bin ki\u015fi, kilisenin son haline g\u00f6rmek i\u00e7in sur il\u00e7esine geldi.<\/p>\n<figure class=\"wp-block-image\"><img decoding=\"async\" title=\"hendek-olaylarinda-zarar-gordugu-icin-onarilan-ermeni-kilisesine-ziyaretci-akini-1652768017018.jpeg\" src=\"https:\/\/iasbh.tmgrup.com.tr\/2e0d71\/0\/0\/0\/0\/0\/0?u=https:\/\/isbh.tmgrup.com.tr\/sbh\/2022\/05\/17\/hendek-olaylarinda-zarar-gordugu-icin-onarilan-ermeni-kilisesine-ziyaretci-akini-1652768017018.jpeg&amp;mw=600\" alt=\"\" \/><\/figure>\n<p>M\u00fcsl\u00fcman ve Hristiyanlar olu\u015fan \u00e7ocuk, gen\u00e7, ya\u015fl\u0131 binlerce ki\u015fi T\u00fcrkiye\u2019de en titiz restorasyonla yeniden aya\u011fa kald\u0131r\u0131lan tarihi mek\u00e2n\u0131 foto\u011fraflad\u0131 ve mum yakarak dilekler tuttu.<\/p>\n<figure class=\"wp-block-image\"><img decoding=\"async\" title=\"hendek-olaylarinda-zarar-gordugu-icin-onarilan-ermeni-kilisesine-ziyaretci-akini-1652768017766.jpeg\" src=\"https:\/\/iasbh.tmgrup.com.tr\/10abad\/0\/0\/0\/0\/0\/0?u=https:\/\/isbh.tmgrup.com.tr\/sbh\/2022\/05\/17\/hendek-olaylarinda-zarar-gordugu-icin-onarilan-ermeni-kilisesine-ziyaretci-akini-1652768017766.jpeg&amp;mw=600\" alt=\"\" \/><\/figure>\n<p>Kilisenin hasar g\u00f6rmeden \u00f6nceki halini de hat\u0131rlad\u0131\u011f\u0131n\u0131 belirten ziyaret\u00e7ilerden Handan Atl\u0131, gezi amac\u0131yla \u0130stanbul\u2019dan geldi\u011fini s\u00f6yledi.<\/p>\n<figure class=\"wp-block-image\"><img decoding=\"async\" title=\"hendek-olaylarinda-zarar-gordugu-icin-onarilan-ermeni-kilisesine-ziyaretci-akini-1652768015650.jpeg\" src=\"https:\/\/iasbh.tmgrup.com.tr\/9d74ec\/0\/0\/0\/0\/0\/0?u=https:\/\/isbh.tmgrup.com.tr\/sbh\/2022\/05\/17\/hendek-olaylarinda-zarar-gordugu-icin-onarilan-ermeni-kilisesine-ziyaretci-akini-1652768015650.jpeg&amp;mw=600\" alt=\"\" \/><\/figure>\n<p>Onar\u0131lan kilisede bir eksiklik ve fazlal\u0131k g\u00f6rmedi\u011fini ifade eden Handan Atl\u0131, eski resimlere de bakt\u0131klar\u0131nda asl\u0131 uyun kusursuz bir \u015fekilde onar\u0131ld\u0131\u011f\u0131n\u0131n g\u00f6zle g\u00f6r\u00fcnd\u00fc\u011f\u00fcne dikkat \u00e7ekti.<\/p>\n<figure class=\"wp-block-image\"><img decoding=\"async\" title=\"hendek-olaylarinda-zarar-gordugu-icin-onarilan-ermeni-kilisesine-ziyaretci-akini-1652768026355.jpeg\" src=\"https:\/\/iasbh.tmgrup.com.tr\/7cd657\/0\/0\/0\/0\/0\/0?u=https:\/\/isbh.tmgrup.com.tr\/sbh\/2022\/05\/17\/hendek-olaylarinda-zarar-gordugu-icin-onarilan-ermeni-kilisesine-ziyaretci-akini-1652768026355.jpeg&amp;mw=600\" alt=\"\" \/><\/figure>\n<p>Ya\u015fanan k\u00f6t\u00fc olaylarda hasar g\u00f6ren t\u00fcm tarihi mek\u00e2nlar gibi kiliselerinin de onar\u0131ld\u0131\u011f\u0131n\u0131 g\u00f6rmenin sevindirici oldu\u011funu kaydeden Ahmet G\u00f6rmez, yeni Sur ile onar\u0131lan kilise ve camileri g\u00f6rmek i\u00e7in Batman\u2019dan geldi\u011fini s\u00f6yledi.<\/p>\n<figure class=\"wp-block-image\"><img decoding=\"async\" title=\"hendek-olaylarinda-zarar-gordugu-icin-onarilan-ermeni-kilisesine-ziyaretci-akini-1652768018854.jpeg\" src=\"https:\/\/iasbh.tmgrup.com.tr\/1a4df4\/0\/0\/0\/0\/0\/0?u=https:\/\/isbh.tmgrup.com.tr\/sbh\/2022\/05\/17\/hendek-olaylarinda-zarar-gordugu-icin-onarilan-ermeni-kilisesine-ziyaretci-akini-1652768018854.jpeg&amp;mw=600\" alt=\"\" \/><\/figure>\n<p>Ter\u00f6r olaylar\u0131 nedeniyle y\u0131k\u0131lan tarihi il\u00e7enin modern bir hale geldi\u011fini belirterek, olaylar s\u0131ras\u0131nda zarar g\u00f6ren tarihi ibadethanelerinde asl\u0131na uygun bir \u015fekilde onar\u0131ld\u0131\u011f\u0131n\u0131 ifade etti.<\/p>\n<figure class=\"wp-block-image\"><img decoding=\"async\" title=\"hendek-olaylarinda-zarar-gordugu-icin-onarilan-ermeni-kilisesine-ziyaretci-akini-1652768024904.jpeg\" src=\"https:\/\/iasbh.tmgrup.com.tr\/80cc24\/0\/0\/0\/0\/0\/0?u=https:\/\/isbh.tmgrup.com.tr\/sbh\/2022\/05\/17\/hendek-olaylarinda-zarar-gordugu-icin-onarilan-ermeni-kilisesine-ziyaretci-akini-1652768024904.jpeg&amp;mw=600\" alt=\"\" \/><\/figure>\n<figure class=\"wp-block-image\"><img decoding=\"async\" title=\"hendek-olaylarinda-zarar-gordugu-icin-onarilan-ermeni-kilisesine-ziyaretci-akini-1652768030823.jpeg\" src=\"https:\/\/iasbh.tmgrup.com.tr\/39a428\/0\/0\/0\/0\/0\/0?u=https:\/\/isbh.tmgrup.com.tr\/sbh\/2022\/05\/17\/hendek-olaylarinda-zarar-gordugu-icin-onarilan-ermeni-kilisesine-ziyaretci-akini-1652768030823.jpeg&amp;mw=600\" alt=\"\" \/><\/figure>\n<figure class=\"wp-block-image\"><img decoding=\"async\" title=\"hendek-olaylarinda-zarar-gordugu-icin-onarilan-ermeni-kilisesine-ziyaretci-akini-1652768031260.jpeg\" src=\"https:\/\/iasbh.tmgrup.com.tr\/3f838f\/0\/0\/0\/0\/0\/0?u=https:\/\/isbh.tmgrup.com.tr\/sbh\/2022\/05\/17\/hendek-olaylarinda-zarar-gordugu-icin-onarilan-ermeni-kilisesine-ziyaretci-akini-1652768031260.jpeg&amp;mw=600\" alt=\"\" \/><\/figure>\n<figure class=\"wp-block-image\"><img decoding=\"async\" title=\"hendek-olaylarinda-zarar-gordugu-icin-onarilan-ermeni-kilisesine-ziyaretci-akini-1652768025000.jpeg\" src=\"https:\/\/iasbh.tmgrup.com.tr\/201c22\/0\/0\/0\/0\/0\/0?u=https:\/\/isbh.tmgrup.com.tr\/sbh\/2022\/05\/17\/hendek-olaylarinda-zarar-gordugu-icin-onarilan-ermeni-kilisesine-ziyaretci-akini-1652768025000.jpeg&amp;mw=600\" alt=\"\" \/><\/figure>\n<p><strong><em><a href=\"https:\/\/www.sabah.com.tr\/yasam\/hendek-olaylarinda-zarar-gordugu-icin-onarilan-ermeni-kilisesine-ziyaretci-akini-5995363\">https:\/\/www.sabah.com.tr\/yasam\/hendek-olaylarinda-zarar-gordugu-icin-onarilan-ermeni-kilisesine-ziyaretci-akini-5995363<\/a><\/em><\/strong><\/p>\n","protected":false},"excerpt":{"rendered":"<p>H\u00fcseyin KA\u00c7AR Diyarbak\u0131r\u2019da, 7 y\u0131l \u00f6nceki hendek ter\u00f6r\u00fcnden el yap\u0131m\u0131 patlay\u0131c\u0131lar nedeniyle a\u011f\u0131r hasar g\u00f6rd\u00fckten sonra Cumhurba\u015fkan\u0131 Recep Tayyip Erdo\u011fan\u2019\u0131n talimat\u0131yla onar\u0131lan Ortado\u011fu\u2019nun en b\u00fcy\u00fck kilisesi Surp Giragos Kilisesi\u2019ne ziyaret\u00e7iler ak\u0131n etti. \u00c7evre, \u015eehircilik ve \u0130klim De\u011fi\u015fikli\u011fi Bakanl\u0131\u011f\u0131\u2019n\u0131n \u201cSur \u0130hya Projesi\u201d kapsam\u0131nda 34 milyon lira harcanarak onar\u0131lan kilisesinin yeni haline g\u00f6rmeye geldi. Ge\u00e7ti\u011fimiz hafta a\u00e7\u0131lan [&hellip;]<\/p>\n","protected":false},"author":7,"featured_media":68558,"comment_status":"open","ping_status":"open","sticky":false,"template":"","format":"standard","meta":{"footnotes":""},"categories":[22,1],"tags":[],"class_list":["post-68557","post","type-post","status-publish","format-standard","has-post-thumbnail","hentry","category-gunumuzde-bati-ermenistan","category-haberler"],"yoast_head":"<!-- This site is optimized with the Yoast SEO plugin v27.4 - https:\/\/yoast.com\/product\/yoast-seo-wordpress\/ -->\n<title>Hendek olaylar\u0131nda zarar g\u00f6rd\u00fc\u011f\u00fc i\u00e7in onar\u0131lan Ermeni kilisesine ziyaret\u00e7i ak\u0131n\u0131 - Bati Ermenistan Ve Bati Ermenileri Sorunlari Ara\u015ftirmalar Merkezi<\/title>\n<meta name=\"robots\" content=\"index, follow, max-snippet:-1, max-image-preview:large, max-video-preview:-1\" \/>\n<link rel=\"canonical\" href=\"https:\/\/akunq.net\/tr\/?p=68557\" \/>\n<meta property=\"og:locale\" content=\"en_US\" \/>\n<meta property=\"og:type\" content=\"article\" \/>\n<meta property=\"og:title\" content=\"Hendek olaylar\u0131nda zarar g\u00f6rd\u00fc\u011f\u00fc i\u00e7in onar\u0131lan Ermeni kilisesine ziyaret\u00e7i ak\u0131n\u0131 - Bati Ermenistan Ve Bati Ermenileri Sorunlari Ara\u015ftirmalar Merkezi\" \/>\n<meta property=\"og:description\" content=\"H\u00fcseyin KA\u00c7AR Diyarbak\u0131r\u2019da, 7 y\u0131l \u00f6nceki hendek ter\u00f6r\u00fcnden el yap\u0131m\u0131 patlay\u0131c\u0131lar nedeniyle a\u011f\u0131r hasar g\u00f6rd\u00fckten sonra Cumhurba\u015fkan\u0131 Recep Tayyip Erdo\u011fan\u2019\u0131n talimat\u0131yla onar\u0131lan Ortado\u011fu\u2019nun en b\u00fcy\u00fck kilisesi Surp Giragos Kilisesi\u2019ne ziyaret\u00e7iler ak\u0131n etti. \u00c7evre, \u015eehircilik ve \u0130klim De\u011fi\u015fikli\u011fi Bakanl\u0131\u011f\u0131\u2019n\u0131n \u201cSur \u0130hya Projesi\u201d kapsam\u0131nda 34 milyon lira harcanarak onar\u0131lan kilisesinin yeni haline g\u00f6rmeye geldi. Ge\u00e7ti\u011fimiz hafta a\u00e7\u0131lan [&hellip;]\" \/>\n<meta property=\"og:url\" content=\"https:\/\/akunq.net\/tr\/?p=68557\" \/>\n<meta property=\"og:site_name\" content=\"Bati Ermenistan Ve Bati Ermenileri Sorunlari Ara\u015ftirmalar Merkezi\" \/>\n<meta property=\"article:published_time\" content=\"2022-05-17T08:10:49+00:00\" \/>\n<meta property=\"og:image\" content=\"https:\/\/akunq.net\/tr\/wp-content\/uploads\/sites\/6\/2022\/05\/Surp-Giragos.jpeg\" \/>\n\t<meta property=\"og:image:width\" content=\"752\" \/>\n\t<meta property=\"og:image:height\" content=\"395\" \/>\n\t<meta property=\"og:image:type\" content=\"image\/jpeg\" \/>\n<meta name=\"author\" content=\"admin\" \/>\n<meta name=\"twitter:card\" content=\"summary_large_image\" \/>\n<meta name=\"twitter:label1\" content=\"Written by\" \/>\n\t<meta name=\"twitter:data1\" content=\"admin\" \/>\n\t<meta name=\"twitter:label2\" content=\"Est. reading time\" \/>\n\t<meta name=\"twitter:data2\" content=\"2 minutes\" \/>\n<script type=\"application\/ld+json\" class=\"yoast-schema-graph\">{\"@context\":\"https:\\\/\\\/schema.org\",\"@graph\":[{\"@type\":\"Article\",\"@id\":\"https:\\\/\\\/akunq.net\\\/tr\\\/?p=68557#article\",\"isPartOf\":{\"@id\":\"https:\\\/\\\/akunq.net\\\/tr\\\/?p=68557\"},\"author\":{\"name\":\"admin\",\"@id\":\"https:\\\/\\\/akunq.net\\\/tr\\\/#\\\/schema\\\/person\\\/096f1d38a12cce57fb855b485ed24c9e\"},\"headline\":\"Hendek olaylar\u0131nda zarar g\u00f6rd\u00fc\u011f\u00fc i\u00e7in onar\u0131lan Ermeni kilisesine ziyaret\u00e7i ak\u0131n\u0131\",\"datePublished\":\"2022-05-17T08:10:49+00:00\",\"mainEntityOfPage\":{\"@id\":\"https:\\\/\\\/akunq.net\\\/tr\\\/?p=68557\"},\"wordCount\":448,\"commentCount\":0,\"image\":{\"@id\":\"https:\\\/\\\/akunq.net\\\/tr\\\/?p=68557#primaryimage\"},\"thumbnailUrl\":\"https:\\\/\\\/akunq.net\\\/tr\\\/wp-content\\\/uploads\\\/sites\\\/6\\\/2022\\\/05\\\/Surp-Giragos.jpeg\",\"articleSection\":[\"G\u00fcn\u00fcm\u00fczde Bat\u0131 Ermenistan\",\"Haberler\"],\"inLanguage\":\"en-US\",\"potentialAction\":[{\"@type\":\"CommentAction\",\"name\":\"Comment\",\"target\":[\"https:\\\/\\\/akunq.net\\\/tr\\\/?p=68557#respond\"]}]},{\"@type\":\"WebPage\",\"@id\":\"https:\\\/\\\/akunq.net\\\/tr\\\/?p=68557\",\"url\":\"https:\\\/\\\/akunq.net\\\/tr\\\/?p=68557\",\"name\":\"Hendek olaylar\u0131nda zarar g\u00f6rd\u00fc\u011f\u00fc i\u00e7in onar\u0131lan Ermeni kilisesine ziyaret\u00e7i ak\u0131n\u0131 - Bati Ermenistan Ve Bati Ermenileri Sorunlari Ara\u015ftirmalar Merkezi\",\"isPartOf\":{\"@id\":\"https:\\\/\\\/akunq.net\\\/tr\\\/#website\"},\"primaryImageOfPage\":{\"@id\":\"https:\\\/\\\/akunq.net\\\/tr\\\/?p=68557#primaryimage\"},\"image\":{\"@id\":\"https:\\\/\\\/akunq.net\\\/tr\\\/?p=68557#primaryimage\"},\"thumbnailUrl\":\"https:\\\/\\\/akunq.net\\\/tr\\\/wp-content\\\/uploads\\\/sites\\\/6\\\/2022\\\/05\\\/Surp-Giragos.jpeg\",\"datePublished\":\"2022-05-17T08:10:49+00:00\",\"author\":{\"@id\":\"https:\\\/\\\/akunq.net\\\/tr\\\/#\\\/schema\\\/person\\\/096f1d38a12cce57fb855b485ed24c9e\"},\"breadcrumb\":{\"@id\":\"https:\\\/\\\/akunq.net\\\/tr\\\/?p=68557#breadcrumb\"},\"inLanguage\":\"en-US\",\"potentialAction\":[{\"@type\":\"ReadAction\",\"target\":[\"https:\\\/\\\/akunq.net\\\/tr\\\/?p=68557\"]}]},{\"@type\":\"ImageObject\",\"inLanguage\":\"en-US\",\"@id\":\"https:\\\/\\\/akunq.net\\\/tr\\\/?p=68557#primaryimage\",\"url\":\"https:\\\/\\\/akunq.net\\\/tr\\\/wp-content\\\/uploads\\\/sites\\\/6\\\/2022\\\/05\\\/Surp-Giragos.jpeg\",\"contentUrl\":\"https:\\\/\\\/akunq.net\\\/tr\\\/wp-content\\\/uploads\\\/sites\\\/6\\\/2022\\\/05\\\/Surp-Giragos.jpeg\",\"width\":752,\"height\":395},{\"@type\":\"BreadcrumbList\",\"@id\":\"https:\\\/\\\/akunq.net\\\/tr\\\/?p=68557#breadcrumb\",\"itemListElement\":[{\"@type\":\"ListItem\",\"position\":1,\"name\":\"Home\",\"item\":\"https:\\\/\\\/akunq.net\\\/tr\"},{\"@type\":\"ListItem\",\"position\":2,\"name\":\"Hendek olaylar\u0131nda zarar g\u00f6rd\u00fc\u011f\u00fc i\u00e7in onar\u0131lan Ermeni kilisesine ziyaret\u00e7i ak\u0131n\u0131\"}]},{\"@type\":\"WebSite\",\"@id\":\"https:\\\/\\\/akunq.net\\\/tr\\\/#website\",\"url\":\"https:\\\/\\\/akunq.net\\\/tr\\\/\",\"name\":\"Bati Ermenistan Ve Bati Ermenileri Sorunlari Ara\u015ftirmalar Merkezi\",\"description\":\"\",\"potentialAction\":[{\"@type\":\"SearchAction\",\"target\":{\"@type\":\"EntryPoint\",\"urlTemplate\":\"https:\\\/\\\/akunq.net\\\/tr\\\/?s={search_term_string}\"},\"query-input\":{\"@type\":\"PropertyValueSpecification\",\"valueRequired\":true,\"valueName\":\"search_term_string\"}}],\"inLanguage\":\"en-US\"},{\"@type\":\"Person\",\"@id\":\"https:\\\/\\\/akunq.net\\\/tr\\\/#\\\/schema\\\/person\\\/096f1d38a12cce57fb855b485ed24c9e\",\"name\":\"admin\",\"url\":\"https:\\\/\\\/akunq.net\\\/tr\\\/?author=7\"}]}<\/script>\n<!-- \/ Yoast SEO plugin. -->","yoast_head_json":{"title":"Hendek olaylar\u0131nda zarar g\u00f6rd\u00fc\u011f\u00fc i\u00e7in onar\u0131lan Ermeni kilisesine ziyaret\u00e7i ak\u0131n\u0131 - Bati Ermenistan Ve Bati Ermenileri Sorunlari Ara\u015ftirmalar Merkezi","robots":{"index":"index","follow":"follow","max-snippet":"max-snippet:-1","max-image-preview":"max-image-preview:large","max-video-preview":"max-video-preview:-1"},"canonical":"https:\/\/akunq.net\/tr\/?p=68557","og_locale":"en_US","og_type":"article","og_title":"Hendek olaylar\u0131nda zarar g\u00f6rd\u00fc\u011f\u00fc i\u00e7in onar\u0131lan Ermeni kilisesine ziyaret\u00e7i ak\u0131n\u0131 - Bati Ermenistan Ve Bati Ermenileri Sorunlari Ara\u015ftirmalar Merkezi","og_description":"H\u00fcseyin KA\u00c7AR Diyarbak\u0131r\u2019da, 7 y\u0131l \u00f6nceki hendek ter\u00f6r\u00fcnden el yap\u0131m\u0131 patlay\u0131c\u0131lar nedeniyle a\u011f\u0131r hasar g\u00f6rd\u00fckten sonra Cumhurba\u015fkan\u0131 Recep Tayyip Erdo\u011fan\u2019\u0131n talimat\u0131yla onar\u0131lan Ortado\u011fu\u2019nun en b\u00fcy\u00fck kilisesi Surp Giragos Kilisesi\u2019ne ziyaret\u00e7iler ak\u0131n etti. \u00c7evre, \u015eehircilik ve \u0130klim De\u011fi\u015fikli\u011fi Bakanl\u0131\u011f\u0131\u2019n\u0131n \u201cSur \u0130hya Projesi\u201d kapsam\u0131nda 34 milyon lira harcanarak onar\u0131lan kilisesinin yeni haline g\u00f6rmeye geldi. Ge\u00e7ti\u011fimiz hafta a\u00e7\u0131lan [&hellip;]","og_url":"https:\/\/akunq.net\/tr\/?p=68557","og_site_name":"Bati Ermenistan Ve Bati Ermenileri Sorunlari Ara\u015ftirmalar Merkezi","article_published_time":"2022-05-17T08:10:49+00:00","og_image":[{"width":752,"height":395,"url":"https:\/\/akunq.net\/tr\/wp-content\/uploads\/sites\/6\/2022\/05\/Surp-Giragos.jpeg","type":"image\/jpeg"}],"author":"admin","twitter_card":"summary_large_image","twitter_misc":{"Written by":"admin","Est. reading time":"2 minutes"},"schema":{"@context":"https:\/\/schema.org","@graph":[{"@type":"Article","@id":"https:\/\/akunq.net\/tr\/?p=68557#article","isPartOf":{"@id":"https:\/\/akunq.net\/tr\/?p=68557"},"author":{"name":"admin","@id":"https:\/\/akunq.net\/tr\/#\/schema\/person\/096f1d38a12cce57fb855b485ed24c9e"},"headline":"Hendek olaylar\u0131nda zarar g\u00f6rd\u00fc\u011f\u00fc i\u00e7in onar\u0131lan Ermeni kilisesine ziyaret\u00e7i ak\u0131n\u0131","datePublished":"2022-05-17T08:10:49+00:00","mainEntityOfPage":{"@id":"https:\/\/akunq.net\/tr\/?p=68557"},"wordCount":448,"commentCount":0,"image":{"@id":"https:\/\/akunq.net\/tr\/?p=68557#primaryimage"},"thumbnailUrl":"https:\/\/akunq.net\/tr\/wp-content\/uploads\/sites\/6\/2022\/05\/Surp-Giragos.jpeg","articleSection":["G\u00fcn\u00fcm\u00fczde Bat\u0131 Ermenistan","Haberler"],"inLanguage":"en-US","potentialAction":[{"@type":"CommentAction","name":"Comment","target":["https:\/\/akunq.net\/tr\/?p=68557#respond"]}]},{"@type":"WebPage","@id":"https:\/\/akunq.net\/tr\/?p=68557","url":"https:\/\/akunq.net\/tr\/?p=68557","name":"Hendek olaylar\u0131nda zarar g\u00f6rd\u00fc\u011f\u00fc i\u00e7in onar\u0131lan Ermeni kilisesine ziyaret\u00e7i ak\u0131n\u0131 - Bati Ermenistan Ve Bati Ermenileri Sorunlari Ara\u015ftirmalar Merkezi","isPartOf":{"@id":"https:\/\/akunq.net\/tr\/#website"},"primaryImageOfPage":{"@id":"https:\/\/akunq.net\/tr\/?p=68557#primaryimage"},"image":{"@id":"https:\/\/akunq.net\/tr\/?p=68557#primaryimage"},"thumbnailUrl":"https:\/\/akunq.net\/tr\/wp-content\/uploads\/sites\/6\/2022\/05\/Surp-Giragos.jpeg","datePublished":"2022-05-17T08:10:49+00:00","author":{"@id":"https:\/\/akunq.net\/tr\/#\/schema\/person\/096f1d38a12cce57fb855b485ed24c9e"},"breadcrumb":{"@id":"https:\/\/akunq.net\/tr\/?p=68557#breadcrumb"},"inLanguage":"en-US","potentialAction":[{"@type":"ReadAction","target":["https:\/\/akunq.net\/tr\/?p=68557"]}]},{"@type":"ImageObject","inLanguage":"en-US","@id":"https:\/\/akunq.net\/tr\/?p=68557#primaryimage","url":"https:\/\/akunq.net\/tr\/wp-content\/uploads\/sites\/6\/2022\/05\/Surp-Giragos.jpeg","contentUrl":"https:\/\/akunq.net\/tr\/wp-content\/uploads\/sites\/6\/2022\/05\/Surp-Giragos.jpeg","width":752,"height":395},{"@type":"BreadcrumbList","@id":"https:\/\/akunq.net\/tr\/?p=68557#breadcrumb","itemListElement":[{"@type":"ListItem","position":1,"name":"Home","item":"https:\/\/akunq.net\/tr"},{"@type":"ListItem","position":2,"name":"Hendek olaylar\u0131nda zarar g\u00f6rd\u00fc\u011f\u00fc i\u00e7in onar\u0131lan Ermeni kilisesine ziyaret\u00e7i ak\u0131n\u0131"}]},{"@type":"WebSite","@id":"https:\/\/akunq.net\/tr\/#website","url":"https:\/\/akunq.net\/tr\/","name":"Bati Ermenistan Ve Bati Ermenileri Sorunlari Ara\u015ftirmalar Merkezi","description":"","potentialAction":[{"@type":"SearchAction","target":{"@type":"EntryPoint","urlTemplate":"https:\/\/akunq.net\/tr\/?s={search_term_string}"},"query-input":{"@type":"PropertyValueSpecification","valueRequired":true,"valueName":"search_term_string"}}],"inLanguage":"en-US"},{"@type":"Person","@id":"https:\/\/akunq.net\/tr\/#\/schema\/person\/096f1d38a12cce57fb855b485ed24c9e","name":"admin","url":"https:\/\/akunq.net\/tr\/?author=7"}]}},"_links":{"self":[{"href":"https:\/\/akunq.net\/tr\/index.php?rest_route=\/wp\/v2\/posts\/68557","targetHints":{"allow":["GET"]}}],"collection":[{"href":"https:\/\/akunq.net\/tr\/index.php?rest_route=\/wp\/v2\/posts"}],"about":[{"href":"https:\/\/akunq.net\/tr\/index.php?rest_route=\/wp\/v2\/types\/post"}],"author":[{"embeddable":true,"href":"https:\/\/akunq.net\/tr\/index.php?rest_route=\/wp\/v2\/users\/7"}],"replies":[{"embeddable":true,"href":"https:\/\/akunq.net\/tr\/index.php?rest_route=%2Fwp%2Fv2%2Fcomments&post=68557"}],"version-history":[{"count":1,"href":"https:\/\/akunq.net\/tr\/index.php?rest_route=\/wp\/v2\/posts\/68557\/revisions"}],"predecessor-version":[{"id":68559,"href":"https:\/\/akunq.net\/tr\/index.php?rest_route=\/wp\/v2\/posts\/68557\/revisions\/68559"}],"wp:featuredmedia":[{"embeddable":true,"href":"https:\/\/akunq.net\/tr\/index.php?rest_route=\/wp\/v2\/media\/68558"}],"wp:attachment":[{"href":"https:\/\/akunq.net\/tr\/index.php?rest_route=%2Fwp%2Fv2%2Fmedia&parent=68557"}],"wp:term":[{"taxonomy":"category","embeddable":true,"href":"https:\/\/akunq.net\/tr\/index.php?rest_route=%2Fwp%2Fv2%2Fcategories&post=68557"},{"taxonomy":"post_tag","embeddable":true,"href":"https:\/\/akunq.net\/tr\/index.php?rest_route=%2Fwp%2Fv2%2Ftags&post=68557"}],"curies":[{"name":"wp","href":"https:\/\/api.w.org\/{rel}","templated":true}]}}