{"id":68551,"date":"2022-05-17T01:09:30","date_gmt":"2022-05-17T06:09:30","guid":{"rendered":"https:\/\/akunq.net\/tr\/?p=68551"},"modified":"2022-05-17T01:09:30","modified_gmt":"2022-05-17T06:09:30","slug":"lubnanda-yeni-parlamentoda-6-ermeni-milletvekili-yer-alacak","status":"publish","type":"post","link":"https:\/\/akunq.net\/tr\/?p=68551","title":{"rendered":"L\u00fcbnan&#8217;da yeni parlamentoda 6 Ermeni milletvekili yer alacak"},"content":{"rendered":"<p><img loading=\"lazy\" decoding=\"async\" class=\"aligncenter size-medium wp-image-68552\" src=\"https:\/\/akunq.net\/tr\/wp-content\/uploads\/2022\/05\/L\u00fcbnanda-yeni-parlamento-360x201.jpeg\" alt=\"\" width=\"360\" height=\"201\" srcset=\"https:\/\/akunq.net\/tr\/wp-content\/uploads\/sites\/6\/2022\/05\/L\u00fcbnanda-yeni-parlamento-360x201.jpeg 360w, https:\/\/akunq.net\/tr\/wp-content\/uploads\/sites\/6\/2022\/05\/L\u00fcbnanda-yeni-parlamento-768x429.jpeg 768w, https:\/\/akunq.net\/tr\/wp-content\/uploads\/sites\/6\/2022\/05\/L\u00fcbnanda-yeni-parlamento-560x313.jpeg 560w, https:\/\/akunq.net\/tr\/wp-content\/uploads\/sites\/6\/2022\/05\/L\u00fcbnanda-yeni-parlamento-260x145.jpeg 260w, https:\/\/akunq.net\/tr\/wp-content\/uploads\/sites\/6\/2022\/05\/L\u00fcbnanda-yeni-parlamento-160x89.jpeg 160w, https:\/\/akunq.net\/tr\/wp-content\/uploads\/sites\/6\/2022\/05\/L\u00fcbnanda-yeni-parlamento.jpeg 838w\" sizes=\"auto, (max-width: 360px) 100vw, 360px\" \/><\/p>\n<p><em><strong>L\u00fcbnan&#8217;daki 15 May\u0131s&#8217;ta ger\u00e7ekle\u015fen parlamento se\u00e7imlerinin \u00f6n sonu\u00e7lar\u0131 belli olmaya ba\u015flad\u0131.<\/strong><\/em><\/p>\n<p>L\u00fcbnan&#8217;da yay\u0131nlanan &#8220;Aztag&#8221; gazetesinin yaz\u0131 i\u015fleri m\u00fcd\u00fcr\u00fc \u015eahan Gantaharian, parlamentoda 6 Ermeni milletvekilinin yer alaca\u011f\u0131n\u0131 a\u00e7\u0131klad\u0131.<\/p>\n<p>Gantaharian \u015funlar\u0131 s\u00f6yledi:<\/p>\n<p>&#8220;Meclis&#8217;e giren Ermeni siyaset\u00e7ilerden \u00fc\u00e7\u00fc Ermeni Devrimci Federasyonu (Ta\u015fnak Partisi) aday\u0131: Hakob Bagratuni, Hakob Terzyan, George Puchikyan. Onlar farkl\u0131 siyasi g\u00fc\u00e7lerinin listelerinde yer al\u0131p Parlamentoya girdiler. \u00a0Bir ki\u015fi, Jihat Bagratuni, L\u00fcbnan Kuvvetleri Partisi taraf\u0131ndan aday g\u00f6sterildi. Jean Taluzyan, Ermeni Katolik cemaati i\u00e7in ayr\u0131lan yeri alacak. Paula Yakubyan ise kurulan halk hareketinin listesiyle girdi. Bunlar \u00f6n sonu\u00e7lar, resmi sonu\u00e7lar hen\u00fcz yay\u0131nlanmad\u0131.&#8221;<\/p>\n<p>\u00d6te yandan \u00fclke geneli a\u00e7\u0131s\u0131ndan resmi olmayan \u00f6n sonu\u00e7lar parlamentoda \u00e7o\u011funlu\u011fu elinde bulunduran \u0130ran destekli Hizbullah&#8217;\u0131n m\u00fcttefiklerinin sandalye kayb\u0131na u\u011frad\u0131\u011f\u0131n\u0131 i\u015faret etti. Suudi Arabistan destekli L\u00fcbnan Kuvvetleri Partisi&#8217;nin (LF) ise milletvekili say\u0131s\u0131n\u0131 art\u0131rd\u0131\u011f\u0131 belirtiliyor.<\/p>\n<p>\u0130lk sonu\u00e7lar bir reform platformunda kampanya y\u00fcr\u00fcten ve ekonomik krizin sorumlular\u0131ndan hesap soracaklar\u0131n\u0131 vaat eden en az be\u015f ba\u011f\u0131ms\u0131z aday\u0131n meclise girmeyi ba\u015fard\u0131\u011f\u0131n\u0131 g\u00f6steriyor.<\/p>\n<p>Bu tablo parlamentoda Hizbullah&#8217;\u0131n m\u00fcttefiki ve mecliste \u015fu andaki en b\u00fcy\u00fck Hristiyan partisi \u00d6zg\u00fcr Yurtsever Hareketi&#8217;nin (FPM) L\u00fcbnan Kuvvetleri \u00a0(LF) taraf\u0131ndan ge\u00e7ilebilece\u011fini i\u015faret ediyor.<\/p>\n<p>Se\u00e7imlerin ard\u0131ndan parlamentoda partiler bir kabine kurulmas\u0131 i\u00e7in aylar s\u00fcrebilecek m\u00fczakerelere ba\u015flayacak. Bu s\u00fcrecin uzamas\u0131 ve reformlar\u0131n h\u0131zl\u0131 bir \u015fekilde hayata ge\u00e7irilememesi ekonomiye yap\u0131labilecek uluslararas\u0131 yard\u0131mlar\u0131n gelmesini geciktirebilir.<\/p>\n<p><strong><em>(Ermenihaber.am, Euronews)<\/em><\/strong><\/p>\n<p><em><strong>https:\/\/www.agos.com.tr\/tr\/yazi\/27092\/lubnan-da-yeni-parlamentoda-6-ermeni-milletvekili-yer-alacak\u00a0<\/strong><\/em><\/p>\n","protected":false},"excerpt":{"rendered":"<p>L\u00fcbnan&#8217;daki 15 May\u0131s&#8217;ta ger\u00e7ekle\u015fen parlamento se\u00e7imlerinin \u00f6n sonu\u00e7lar\u0131 belli olmaya ba\u015flad\u0131. L\u00fcbnan&#8217;da yay\u0131nlanan &#8220;Aztag&#8221; gazetesinin yaz\u0131 i\u015fleri m\u00fcd\u00fcr\u00fc \u015eahan Gantaharian, parlamentoda 6 Ermeni milletvekilinin yer alaca\u011f\u0131n\u0131 a\u00e7\u0131klad\u0131. Gantaharian \u015funlar\u0131 s\u00f6yledi: &#8220;Meclis&#8217;e giren Ermeni siyaset\u00e7ilerden \u00fc\u00e7\u00fc Ermeni Devrimci Federasyonu (Ta\u015fnak Partisi) aday\u0131: Hakob Bagratuni, Hakob Terzyan, George Puchikyan. Onlar farkl\u0131 siyasi g\u00fc\u00e7lerinin listelerinde yer al\u0131p Parlamentoya [&hellip;]<\/p>\n","protected":false},"author":7,"featured_media":68552,"comment_status":"open","ping_status":"open","sticky":false,"template":"","format":"standard","meta":{"footnotes":""},"categories":[1],"tags":[],"class_list":["post-68551","post","type-post","status-publish","format-standard","has-post-thumbnail","hentry","category-haberler"],"yoast_head":"<!-- This site is optimized with the Yoast SEO plugin v27.4 - https:\/\/yoast.com\/product\/yoast-seo-wordpress\/ -->\n<title>L\u00fcbnan&#039;da yeni parlamentoda 6 Ermeni milletvekili yer alacak - Bati Ermenistan Ve Bati Ermenileri Sorunlari Ara\u015ftirmalar Merkezi<\/title>\n<meta name=\"robots\" content=\"index, follow, max-snippet:-1, max-image-preview:large, max-video-preview:-1\" \/>\n<link rel=\"canonical\" href=\"https:\/\/akunq.net\/tr\/?p=68551\" \/>\n<meta property=\"og:locale\" content=\"en_US\" \/>\n<meta property=\"og:type\" content=\"article\" \/>\n<meta property=\"og:title\" content=\"L\u00fcbnan&#039;da yeni parlamentoda 6 Ermeni milletvekili yer alacak - Bati Ermenistan Ve Bati Ermenileri Sorunlari Ara\u015ftirmalar Merkezi\" \/>\n<meta property=\"og:description\" content=\"L\u00fcbnan&#8217;daki 15 May\u0131s&#8217;ta ger\u00e7ekle\u015fen parlamento se\u00e7imlerinin \u00f6n sonu\u00e7lar\u0131 belli olmaya ba\u015flad\u0131. L\u00fcbnan&#8217;da yay\u0131nlanan &#8220;Aztag&#8221; gazetesinin yaz\u0131 i\u015fleri m\u00fcd\u00fcr\u00fc \u015eahan Gantaharian, parlamentoda 6 Ermeni milletvekilinin yer alaca\u011f\u0131n\u0131 a\u00e7\u0131klad\u0131. Gantaharian \u015funlar\u0131 s\u00f6yledi: &#8220;Meclis&#8217;e giren Ermeni siyaset\u00e7ilerden \u00fc\u00e7\u00fc Ermeni Devrimci Federasyonu (Ta\u015fnak Partisi) aday\u0131: Hakob Bagratuni, Hakob Terzyan, George Puchikyan. Onlar farkl\u0131 siyasi g\u00fc\u00e7lerinin listelerinde yer al\u0131p Parlamentoya [&hellip;]\" \/>\n<meta property=\"og:url\" content=\"https:\/\/akunq.net\/tr\/?p=68551\" \/>\n<meta property=\"og:site_name\" content=\"Bati Ermenistan Ve Bati Ermenileri Sorunlari Ara\u015ftirmalar Merkezi\" \/>\n<meta property=\"article:published_time\" content=\"2022-05-17T06:09:30+00:00\" \/>\n<meta property=\"og:image\" content=\"https:\/\/akunq.net\/tr\/wp-content\/uploads\/sites\/6\/2022\/05\/L\u00fcbnanda-yeni-parlamento.jpeg\" \/>\n\t<meta property=\"og:image:width\" content=\"838\" \/>\n\t<meta property=\"og:image:height\" content=\"468\" \/>\n\t<meta property=\"og:image:type\" content=\"image\/jpeg\" \/>\n<meta name=\"author\" content=\"admin\" \/>\n<meta name=\"twitter:card\" content=\"summary_large_image\" \/>\n<meta name=\"twitter:label1\" content=\"Written by\" \/>\n\t<meta name=\"twitter:data1\" content=\"admin\" \/>\n\t<meta name=\"twitter:label2\" content=\"Est. reading time\" \/>\n\t<meta name=\"twitter:data2\" content=\"1 minute\" \/>\n<script type=\"application\/ld+json\" class=\"yoast-schema-graph\">{\"@context\":\"https:\\\/\\\/schema.org\",\"@graph\":[{\"@type\":\"Article\",\"@id\":\"https:\\\/\\\/akunq.net\\\/tr\\\/?p=68551#article\",\"isPartOf\":{\"@id\":\"https:\\\/\\\/akunq.net\\\/tr\\\/?p=68551\"},\"author\":{\"name\":\"admin\",\"@id\":\"https:\\\/\\\/akunq.net\\\/tr\\\/#\\\/schema\\\/person\\\/096f1d38a12cce57fb855b485ed24c9e\"},\"headline\":\"L\u00fcbnan&#8217;da yeni parlamentoda 6 Ermeni milletvekili yer alacak\",\"datePublished\":\"2022-05-17T06:09:30+00:00\",\"mainEntityOfPage\":{\"@id\":\"https:\\\/\\\/akunq.net\\\/tr\\\/?p=68551\"},\"wordCount\":295,\"commentCount\":0,\"image\":{\"@id\":\"https:\\\/\\\/akunq.net\\\/tr\\\/?p=68551#primaryimage\"},\"thumbnailUrl\":\"https:\\\/\\\/akunq.net\\\/tr\\\/wp-content\\\/uploads\\\/sites\\\/6\\\/2022\\\/05\\\/L\u00fcbnanda-yeni-parlamento.jpeg\",\"articleSection\":[\"Haberler\"],\"inLanguage\":\"en-US\",\"potentialAction\":[{\"@type\":\"CommentAction\",\"name\":\"Comment\",\"target\":[\"https:\\\/\\\/akunq.net\\\/tr\\\/?p=68551#respond\"]}]},{\"@type\":\"WebPage\",\"@id\":\"https:\\\/\\\/akunq.net\\\/tr\\\/?p=68551\",\"url\":\"https:\\\/\\\/akunq.net\\\/tr\\\/?p=68551\",\"name\":\"L\u00fcbnan'da yeni parlamentoda 6 Ermeni milletvekili yer alacak - Bati Ermenistan Ve Bati Ermenileri Sorunlari Ara\u015ftirmalar Merkezi\",\"isPartOf\":{\"@id\":\"https:\\\/\\\/akunq.net\\\/tr\\\/#website\"},\"primaryImageOfPage\":{\"@id\":\"https:\\\/\\\/akunq.net\\\/tr\\\/?p=68551#primaryimage\"},\"image\":{\"@id\":\"https:\\\/\\\/akunq.net\\\/tr\\\/?p=68551#primaryimage\"},\"thumbnailUrl\":\"https:\\\/\\\/akunq.net\\\/tr\\\/wp-content\\\/uploads\\\/sites\\\/6\\\/2022\\\/05\\\/L\u00fcbnanda-yeni-parlamento.jpeg\",\"datePublished\":\"2022-05-17T06:09:30+00:00\",\"author\":{\"@id\":\"https:\\\/\\\/akunq.net\\\/tr\\\/#\\\/schema\\\/person\\\/096f1d38a12cce57fb855b485ed24c9e\"},\"breadcrumb\":{\"@id\":\"https:\\\/\\\/akunq.net\\\/tr\\\/?p=68551#breadcrumb\"},\"inLanguage\":\"en-US\",\"potentialAction\":[{\"@type\":\"ReadAction\",\"target\":[\"https:\\\/\\\/akunq.net\\\/tr\\\/?p=68551\"]}]},{\"@type\":\"ImageObject\",\"inLanguage\":\"en-US\",\"@id\":\"https:\\\/\\\/akunq.net\\\/tr\\\/?p=68551#primaryimage\",\"url\":\"https:\\\/\\\/akunq.net\\\/tr\\\/wp-content\\\/uploads\\\/sites\\\/6\\\/2022\\\/05\\\/L\u00fcbnanda-yeni-parlamento.jpeg\",\"contentUrl\":\"https:\\\/\\\/akunq.net\\\/tr\\\/wp-content\\\/uploads\\\/sites\\\/6\\\/2022\\\/05\\\/L\u00fcbnanda-yeni-parlamento.jpeg\",\"width\":838,\"height\":468},{\"@type\":\"BreadcrumbList\",\"@id\":\"https:\\\/\\\/akunq.net\\\/tr\\\/?p=68551#breadcrumb\",\"itemListElement\":[{\"@type\":\"ListItem\",\"position\":1,\"name\":\"Home\",\"item\":\"https:\\\/\\\/akunq.net\\\/tr\"},{\"@type\":\"ListItem\",\"position\":2,\"name\":\"L\u00fcbnan&#8217;da yeni parlamentoda 6 Ermeni milletvekili yer alacak\"}]},{\"@type\":\"WebSite\",\"@id\":\"https:\\\/\\\/akunq.net\\\/tr\\\/#website\",\"url\":\"https:\\\/\\\/akunq.net\\\/tr\\\/\",\"name\":\"Bati Ermenistan Ve Bati Ermenileri Sorunlari Ara\u015ftirmalar Merkezi\",\"description\":\"\",\"potentialAction\":[{\"@type\":\"SearchAction\",\"target\":{\"@type\":\"EntryPoint\",\"urlTemplate\":\"https:\\\/\\\/akunq.net\\\/tr\\\/?s={search_term_string}\"},\"query-input\":{\"@type\":\"PropertyValueSpecification\",\"valueRequired\":true,\"valueName\":\"search_term_string\"}}],\"inLanguage\":\"en-US\"},{\"@type\":\"Person\",\"@id\":\"https:\\\/\\\/akunq.net\\\/tr\\\/#\\\/schema\\\/person\\\/096f1d38a12cce57fb855b485ed24c9e\",\"name\":\"admin\",\"url\":\"https:\\\/\\\/akunq.net\\\/tr\\\/?author=7\"}]}<\/script>\n<!-- \/ Yoast SEO plugin. -->","yoast_head_json":{"title":"L\u00fcbnan'da yeni parlamentoda 6 Ermeni milletvekili yer alacak - Bati Ermenistan Ve Bati Ermenileri Sorunlari Ara\u015ftirmalar Merkezi","robots":{"index":"index","follow":"follow","max-snippet":"max-snippet:-1","max-image-preview":"max-image-preview:large","max-video-preview":"max-video-preview:-1"},"canonical":"https:\/\/akunq.net\/tr\/?p=68551","og_locale":"en_US","og_type":"article","og_title":"L\u00fcbnan'da yeni parlamentoda 6 Ermeni milletvekili yer alacak - Bati Ermenistan Ve Bati Ermenileri Sorunlari Ara\u015ftirmalar Merkezi","og_description":"L\u00fcbnan&#8217;daki 15 May\u0131s&#8217;ta ger\u00e7ekle\u015fen parlamento se\u00e7imlerinin \u00f6n sonu\u00e7lar\u0131 belli olmaya ba\u015flad\u0131. L\u00fcbnan&#8217;da yay\u0131nlanan &#8220;Aztag&#8221; gazetesinin yaz\u0131 i\u015fleri m\u00fcd\u00fcr\u00fc \u015eahan Gantaharian, parlamentoda 6 Ermeni milletvekilinin yer alaca\u011f\u0131n\u0131 a\u00e7\u0131klad\u0131. Gantaharian \u015funlar\u0131 s\u00f6yledi: &#8220;Meclis&#8217;e giren Ermeni siyaset\u00e7ilerden \u00fc\u00e7\u00fc Ermeni Devrimci Federasyonu (Ta\u015fnak Partisi) aday\u0131: Hakob Bagratuni, Hakob Terzyan, George Puchikyan. Onlar farkl\u0131 siyasi g\u00fc\u00e7lerinin listelerinde yer al\u0131p Parlamentoya [&hellip;]","og_url":"https:\/\/akunq.net\/tr\/?p=68551","og_site_name":"Bati Ermenistan Ve Bati Ermenileri Sorunlari Ara\u015ftirmalar Merkezi","article_published_time":"2022-05-17T06:09:30+00:00","og_image":[{"width":838,"height":468,"url":"https:\/\/akunq.net\/tr\/wp-content\/uploads\/sites\/6\/2022\/05\/L\u00fcbnanda-yeni-parlamento.jpeg","type":"image\/jpeg"}],"author":"admin","twitter_card":"summary_large_image","twitter_misc":{"Written by":"admin","Est. reading time":"1 minute"},"schema":{"@context":"https:\/\/schema.org","@graph":[{"@type":"Article","@id":"https:\/\/akunq.net\/tr\/?p=68551#article","isPartOf":{"@id":"https:\/\/akunq.net\/tr\/?p=68551"},"author":{"name":"admin","@id":"https:\/\/akunq.net\/tr\/#\/schema\/person\/096f1d38a12cce57fb855b485ed24c9e"},"headline":"L\u00fcbnan&#8217;da yeni parlamentoda 6 Ermeni milletvekili yer alacak","datePublished":"2022-05-17T06:09:30+00:00","mainEntityOfPage":{"@id":"https:\/\/akunq.net\/tr\/?p=68551"},"wordCount":295,"commentCount":0,"image":{"@id":"https:\/\/akunq.net\/tr\/?p=68551#primaryimage"},"thumbnailUrl":"https:\/\/akunq.net\/tr\/wp-content\/uploads\/sites\/6\/2022\/05\/L\u00fcbnanda-yeni-parlamento.jpeg","articleSection":["Haberler"],"inLanguage":"en-US","potentialAction":[{"@type":"CommentAction","name":"Comment","target":["https:\/\/akunq.net\/tr\/?p=68551#respond"]}]},{"@type":"WebPage","@id":"https:\/\/akunq.net\/tr\/?p=68551","url":"https:\/\/akunq.net\/tr\/?p=68551","name":"L\u00fcbnan'da yeni parlamentoda 6 Ermeni milletvekili yer alacak - Bati Ermenistan Ve Bati Ermenileri Sorunlari Ara\u015ftirmalar Merkezi","isPartOf":{"@id":"https:\/\/akunq.net\/tr\/#website"},"primaryImageOfPage":{"@id":"https:\/\/akunq.net\/tr\/?p=68551#primaryimage"},"image":{"@id":"https:\/\/akunq.net\/tr\/?p=68551#primaryimage"},"thumbnailUrl":"https:\/\/akunq.net\/tr\/wp-content\/uploads\/sites\/6\/2022\/05\/L\u00fcbnanda-yeni-parlamento.jpeg","datePublished":"2022-05-17T06:09:30+00:00","author":{"@id":"https:\/\/akunq.net\/tr\/#\/schema\/person\/096f1d38a12cce57fb855b485ed24c9e"},"breadcrumb":{"@id":"https:\/\/akunq.net\/tr\/?p=68551#breadcrumb"},"inLanguage":"en-US","potentialAction":[{"@type":"ReadAction","target":["https:\/\/akunq.net\/tr\/?p=68551"]}]},{"@type":"ImageObject","inLanguage":"en-US","@id":"https:\/\/akunq.net\/tr\/?p=68551#primaryimage","url":"https:\/\/akunq.net\/tr\/wp-content\/uploads\/sites\/6\/2022\/05\/L\u00fcbnanda-yeni-parlamento.jpeg","contentUrl":"https:\/\/akunq.net\/tr\/wp-content\/uploads\/sites\/6\/2022\/05\/L\u00fcbnanda-yeni-parlamento.jpeg","width":838,"height":468},{"@type":"BreadcrumbList","@id":"https:\/\/akunq.net\/tr\/?p=68551#breadcrumb","itemListElement":[{"@type":"ListItem","position":1,"name":"Home","item":"https:\/\/akunq.net\/tr"},{"@type":"ListItem","position":2,"name":"L\u00fcbnan&#8217;da yeni parlamentoda 6 Ermeni milletvekili yer alacak"}]},{"@type":"WebSite","@id":"https:\/\/akunq.net\/tr\/#website","url":"https:\/\/akunq.net\/tr\/","name":"Bati Ermenistan Ve Bati Ermenileri Sorunlari Ara\u015ftirmalar Merkezi","description":"","potentialAction":[{"@type":"SearchAction","target":{"@type":"EntryPoint","urlTemplate":"https:\/\/akunq.net\/tr\/?s={search_term_string}"},"query-input":{"@type":"PropertyValueSpecification","valueRequired":true,"valueName":"search_term_string"}}],"inLanguage":"en-US"},{"@type":"Person","@id":"https:\/\/akunq.net\/tr\/#\/schema\/person\/096f1d38a12cce57fb855b485ed24c9e","name":"admin","url":"https:\/\/akunq.net\/tr\/?author=7"}]}},"_links":{"self":[{"href":"https:\/\/akunq.net\/tr\/index.php?rest_route=\/wp\/v2\/posts\/68551","targetHints":{"allow":["GET"]}}],"collection":[{"href":"https:\/\/akunq.net\/tr\/index.php?rest_route=\/wp\/v2\/posts"}],"about":[{"href":"https:\/\/akunq.net\/tr\/index.php?rest_route=\/wp\/v2\/types\/post"}],"author":[{"embeddable":true,"href":"https:\/\/akunq.net\/tr\/index.php?rest_route=\/wp\/v2\/users\/7"}],"replies":[{"embeddable":true,"href":"https:\/\/akunq.net\/tr\/index.php?rest_route=%2Fwp%2Fv2%2Fcomments&post=68551"}],"version-history":[{"count":1,"href":"https:\/\/akunq.net\/tr\/index.php?rest_route=\/wp\/v2\/posts\/68551\/revisions"}],"predecessor-version":[{"id":68553,"href":"https:\/\/akunq.net\/tr\/index.php?rest_route=\/wp\/v2\/posts\/68551\/revisions\/68553"}],"wp:featuredmedia":[{"embeddable":true,"href":"https:\/\/akunq.net\/tr\/index.php?rest_route=\/wp\/v2\/media\/68552"}],"wp:attachment":[{"href":"https:\/\/akunq.net\/tr\/index.php?rest_route=%2Fwp%2Fv2%2Fmedia&parent=68551"}],"wp:term":[{"taxonomy":"category","embeddable":true,"href":"https:\/\/akunq.net\/tr\/index.php?rest_route=%2Fwp%2Fv2%2Fcategories&post=68551"},{"taxonomy":"post_tag","embeddable":true,"href":"https:\/\/akunq.net\/tr\/index.php?rest_route=%2Fwp%2Fv2%2Ftags&post=68551"}],"curies":[{"name":"wp","href":"https:\/\/api.w.org\/{rel}","templated":true}]}}