{"id":68548,"date":"2022-05-17T01:02:59","date_gmt":"2022-05-17T06:02:59","guid":{"rendered":"https:\/\/akunq.net\/tr\/?p=68548"},"modified":"2022-05-17T01:02:59","modified_gmt":"2022-05-17T06:02:59","slug":"44-gunluk-karabag-savasinda-iki-bacagini-kaybeden-ermeni-sporcu-turk-rakibini-maglup-etti","status":"publish","type":"post","link":"https:\/\/akunq.net\/tr\/?p=68548","title":{"rendered":"44 g\u00fcnl\u00fck Karaba\u011f sava\u015f\u0131nda iki baca\u011f\u0131n\u0131 kaybeden Ermeni sporcu T\u00fcrk rakibini ma\u011flup etti"},"content":{"rendered":"<div class=\"html-content\">\n<p><img loading=\"lazy\" decoding=\"async\" class=\"aligncenter size-medium wp-image-68549\" src=\"https:\/\/akunq.net\/tr\/wp-content\/uploads\/2022\/05\/Sargis-Harutyunyan-360x202.jpg\" alt=\"\" width=\"360\" height=\"202\" srcset=\"https:\/\/akunq.net\/tr\/wp-content\/uploads\/sites\/6\/2022\/05\/Sargis-Harutyunyan-360x202.jpg 360w, https:\/\/akunq.net\/tr\/wp-content\/uploads\/sites\/6\/2022\/05\/Sargis-Harutyunyan-768x431.jpg 768w, https:\/\/akunq.net\/tr\/wp-content\/uploads\/sites\/6\/2022\/05\/Sargis-Harutyunyan-560x314.jpg 560w, https:\/\/akunq.net\/tr\/wp-content\/uploads\/sites\/6\/2022\/05\/Sargis-Harutyunyan-260x146.jpg 260w, https:\/\/akunq.net\/tr\/wp-content\/uploads\/sites\/6\/2022\/05\/Sargis-Harutyunyan-160x90.jpg 160w, https:\/\/akunq.net\/tr\/wp-content\/uploads\/sites\/6\/2022\/05\/Sargis-Harutyunyan.jpg 790w\" sizes=\"auto, (max-width: 360px) 100vw, 360px\" \/><\/p>\n<p><strong><em>44 g\u00fcn s\u00fcren Artsakh (Karaba\u011f) sava\u015f\u0131nda iki baca\u011f\u0131n\u0131 da kaybeden aslen Artsakh&#8217;\u0131n \u015eahumyan b\u00f6lgesinden olan Sargis Harutyunyan, bilek g\u00fcre\u015finde Avrupa \u015eampiyonu oldu.<\/em><\/strong><\/p>\n<p>Facebook\u2019tan \u201cKuzey Artsakh: \u015eahumyan, Geta\u015fen\u201d adl\u0131 hesap, bu konuda payla\u015f\u0131mda bulunarak, \u201cHarutyunyan, finalde T\u00fcrk sporcuyu ma\u011flup etti. G\u00fcc\u00fcn, iradenin ve kahramanl\u0131\u011f\u0131n v\u00fccut bulmu\u015f hali olan Sargis&#8217;i muhte\u015fem bir ba\u015far\u0131 i\u00e7in tebrik ederiz\u201d ifadelerini kulland\u0131.<br \/>\n<img decoding=\"async\" src=\"https:\/\/www.ermenihaber.am\/files\/images\/280512992_2485832094887170_6425520037588902394_n(1).jpg\" alt=\"\" \/><\/p>\n<p><img decoding=\"async\" src=\"https:\/\/www.ermenihaber.am\/files\/images\/281356046_2485832068220506_8526141981754223183_n.jpg\" alt=\"\" \/><\/p>\n<p><img decoding=\"async\" src=\"https:\/\/www.ermenihaber.am\/files\/images\/280614396_2485832044887175_5558106519604533253_n.jpg\" alt=\"\" \/><\/p>\n<\/div>\n<div class=\"current-author fl cb\"><em><strong><a class=\"a-none\" href=\"https:\/\/www.ermenihaber.am\/tr\/news\/2022\/05\/16\/Artsakh-Ermeni-T%C3%BCrk\/231059\">Ermenihaber.am<\/a><\/strong><\/em><\/div>\n<div class=\"cb\"><\/div>\n<div class=\"current-socials\">\n<div id=\"st-1\" class=\"sharethis-inline-share-buttons st-left  st-inline-share-buttons st-animated\">\n<div class=\"st-btn\" data-network=\"pinterest\"><\/div>\n<div class=\"st-btn\" data-network=\"email\"><\/div>\n<div class=\"st-btn st-last\" data-network=\"sharethis\"><\/div>\n<\/div>\n<\/div>\n","protected":false},"excerpt":{"rendered":"<p>44 g\u00fcn s\u00fcren Artsakh (Karaba\u011f) sava\u015f\u0131nda iki baca\u011f\u0131n\u0131 da kaybeden aslen Artsakh&#8217;\u0131n \u015eahumyan b\u00f6lgesinden olan Sargis Harutyunyan, bilek g\u00fcre\u015finde Avrupa \u015eampiyonu oldu. Facebook\u2019tan \u201cKuzey Artsakh: \u015eahumyan, Geta\u015fen\u201d adl\u0131 hesap, bu konuda payla\u015f\u0131mda bulunarak, \u201cHarutyunyan, finalde T\u00fcrk sporcuyu ma\u011flup etti. G\u00fcc\u00fcn, iradenin ve kahramanl\u0131\u011f\u0131n v\u00fccut bulmu\u015f hali olan Sargis&#8217;i muhte\u015fem bir ba\u015far\u0131 i\u00e7in tebrik ederiz\u201d ifadelerini [&hellip;]<\/p>\n","protected":false},"author":7,"featured_media":68549,"comment_status":"open","ping_status":"open","sticky":false,"template":"","format":"standard","meta":{"footnotes":""},"categories":[1],"tags":[],"class_list":["post-68548","post","type-post","status-publish","format-standard","has-post-thumbnail","hentry","category-haberler"],"yoast_head":"<!-- This site is optimized with the Yoast SEO plugin v27.4 - https:\/\/yoast.com\/product\/yoast-seo-wordpress\/ -->\n<title>44 g\u00fcnl\u00fck Karaba\u011f sava\u015f\u0131nda iki baca\u011f\u0131n\u0131 kaybeden Ermeni sporcu T\u00fcrk rakibini ma\u011flup etti - Bati Ermenistan Ve Bati Ermenileri Sorunlari Ara\u015ftirmalar Merkezi<\/title>\n<meta name=\"robots\" content=\"index, follow, max-snippet:-1, max-image-preview:large, max-video-preview:-1\" \/>\n<link rel=\"canonical\" href=\"https:\/\/akunq.net\/tr\/?p=68548\" \/>\n<meta property=\"og:locale\" content=\"en_US\" \/>\n<meta property=\"og:type\" content=\"article\" \/>\n<meta property=\"og:title\" content=\"44 g\u00fcnl\u00fck Karaba\u011f sava\u015f\u0131nda iki baca\u011f\u0131n\u0131 kaybeden Ermeni sporcu T\u00fcrk rakibini ma\u011flup etti - Bati Ermenistan Ve Bati Ermenileri Sorunlari Ara\u015ftirmalar Merkezi\" \/>\n<meta property=\"og:description\" content=\"44 g\u00fcn s\u00fcren Artsakh (Karaba\u011f) sava\u015f\u0131nda iki baca\u011f\u0131n\u0131 da kaybeden aslen Artsakh&#8217;\u0131n \u015eahumyan b\u00f6lgesinden olan Sargis Harutyunyan, bilek g\u00fcre\u015finde Avrupa \u015eampiyonu oldu. Facebook\u2019tan \u201cKuzey Artsakh: \u015eahumyan, Geta\u015fen\u201d adl\u0131 hesap, bu konuda payla\u015f\u0131mda bulunarak, \u201cHarutyunyan, finalde T\u00fcrk sporcuyu ma\u011flup etti. G\u00fcc\u00fcn, iradenin ve kahramanl\u0131\u011f\u0131n v\u00fccut bulmu\u015f hali olan Sargis&#8217;i muhte\u015fem bir ba\u015far\u0131 i\u00e7in tebrik ederiz\u201d ifadelerini [&hellip;]\" \/>\n<meta property=\"og:url\" content=\"https:\/\/akunq.net\/tr\/?p=68548\" \/>\n<meta property=\"og:site_name\" content=\"Bati Ermenistan Ve Bati Ermenileri Sorunlari Ara\u015ftirmalar Merkezi\" \/>\n<meta property=\"article:published_time\" content=\"2022-05-17T06:02:59+00:00\" \/>\n<meta property=\"og:image\" content=\"https:\/\/akunq.net\/tr\/wp-content\/uploads\/sites\/6\/2022\/05\/Sargis-Harutyunyan.jpg\" \/>\n\t<meta property=\"og:image:width\" content=\"790\" \/>\n\t<meta property=\"og:image:height\" content=\"443\" \/>\n\t<meta property=\"og:image:type\" content=\"image\/jpeg\" \/>\n<meta name=\"author\" content=\"admin\" \/>\n<meta name=\"twitter:card\" content=\"summary_large_image\" \/>\n<meta name=\"twitter:label1\" content=\"Written by\" \/>\n\t<meta name=\"twitter:data1\" content=\"admin\" \/>\n<script type=\"application\/ld+json\" class=\"yoast-schema-graph\">{\"@context\":\"https:\\\/\\\/schema.org\",\"@graph\":[{\"@type\":\"Article\",\"@id\":\"https:\\\/\\\/akunq.net\\\/tr\\\/?p=68548#article\",\"isPartOf\":{\"@id\":\"https:\\\/\\\/akunq.net\\\/tr\\\/?p=68548\"},\"author\":{\"name\":\"admin\",\"@id\":\"https:\\\/\\\/akunq.net\\\/tr\\\/#\\\/schema\\\/person\\\/096f1d38a12cce57fb855b485ed24c9e\"},\"headline\":\"44 g\u00fcnl\u00fck Karaba\u011f sava\u015f\u0131nda iki baca\u011f\u0131n\u0131 kaybeden Ermeni sporcu T\u00fcrk rakibini ma\u011flup etti\",\"datePublished\":\"2022-05-17T06:02:59+00:00\",\"mainEntityOfPage\":{\"@id\":\"https:\\\/\\\/akunq.net\\\/tr\\\/?p=68548\"},\"wordCount\":95,\"commentCount\":0,\"image\":{\"@id\":\"https:\\\/\\\/akunq.net\\\/tr\\\/?p=68548#primaryimage\"},\"thumbnailUrl\":\"https:\\\/\\\/akunq.net\\\/tr\\\/wp-content\\\/uploads\\\/sites\\\/6\\\/2022\\\/05\\\/Sargis-Harutyunyan.jpg\",\"articleSection\":[\"Haberler\"],\"inLanguage\":\"en-US\",\"potentialAction\":[{\"@type\":\"CommentAction\",\"name\":\"Comment\",\"target\":[\"https:\\\/\\\/akunq.net\\\/tr\\\/?p=68548#respond\"]}]},{\"@type\":\"WebPage\",\"@id\":\"https:\\\/\\\/akunq.net\\\/tr\\\/?p=68548\",\"url\":\"https:\\\/\\\/akunq.net\\\/tr\\\/?p=68548\",\"name\":\"44 g\u00fcnl\u00fck Karaba\u011f sava\u015f\u0131nda iki baca\u011f\u0131n\u0131 kaybeden Ermeni sporcu T\u00fcrk rakibini ma\u011flup etti - Bati Ermenistan Ve Bati Ermenileri Sorunlari Ara\u015ftirmalar Merkezi\",\"isPartOf\":{\"@id\":\"https:\\\/\\\/akunq.net\\\/tr\\\/#website\"},\"primaryImageOfPage\":{\"@id\":\"https:\\\/\\\/akunq.net\\\/tr\\\/?p=68548#primaryimage\"},\"image\":{\"@id\":\"https:\\\/\\\/akunq.net\\\/tr\\\/?p=68548#primaryimage\"},\"thumbnailUrl\":\"https:\\\/\\\/akunq.net\\\/tr\\\/wp-content\\\/uploads\\\/sites\\\/6\\\/2022\\\/05\\\/Sargis-Harutyunyan.jpg\",\"datePublished\":\"2022-05-17T06:02:59+00:00\",\"author\":{\"@id\":\"https:\\\/\\\/akunq.net\\\/tr\\\/#\\\/schema\\\/person\\\/096f1d38a12cce57fb855b485ed24c9e\"},\"breadcrumb\":{\"@id\":\"https:\\\/\\\/akunq.net\\\/tr\\\/?p=68548#breadcrumb\"},\"inLanguage\":\"en-US\",\"potentialAction\":[{\"@type\":\"ReadAction\",\"target\":[\"https:\\\/\\\/akunq.net\\\/tr\\\/?p=68548\"]}]},{\"@type\":\"ImageObject\",\"inLanguage\":\"en-US\",\"@id\":\"https:\\\/\\\/akunq.net\\\/tr\\\/?p=68548#primaryimage\",\"url\":\"https:\\\/\\\/akunq.net\\\/tr\\\/wp-content\\\/uploads\\\/sites\\\/6\\\/2022\\\/05\\\/Sargis-Harutyunyan.jpg\",\"contentUrl\":\"https:\\\/\\\/akunq.net\\\/tr\\\/wp-content\\\/uploads\\\/sites\\\/6\\\/2022\\\/05\\\/Sargis-Harutyunyan.jpg\",\"width\":790,\"height\":443},{\"@type\":\"BreadcrumbList\",\"@id\":\"https:\\\/\\\/akunq.net\\\/tr\\\/?p=68548#breadcrumb\",\"itemListElement\":[{\"@type\":\"ListItem\",\"position\":1,\"name\":\"Home\",\"item\":\"https:\\\/\\\/akunq.net\\\/tr\"},{\"@type\":\"ListItem\",\"position\":2,\"name\":\"44 g\u00fcnl\u00fck Karaba\u011f sava\u015f\u0131nda iki baca\u011f\u0131n\u0131 kaybeden Ermeni sporcu T\u00fcrk rakibini ma\u011flup etti\"}]},{\"@type\":\"WebSite\",\"@id\":\"https:\\\/\\\/akunq.net\\\/tr\\\/#website\",\"url\":\"https:\\\/\\\/akunq.net\\\/tr\\\/\",\"name\":\"Bati Ermenistan Ve Bati Ermenileri Sorunlari Ara\u015ftirmalar Merkezi\",\"description\":\"\",\"potentialAction\":[{\"@type\":\"SearchAction\",\"target\":{\"@type\":\"EntryPoint\",\"urlTemplate\":\"https:\\\/\\\/akunq.net\\\/tr\\\/?s={search_term_string}\"},\"query-input\":{\"@type\":\"PropertyValueSpecification\",\"valueRequired\":true,\"valueName\":\"search_term_string\"}}],\"inLanguage\":\"en-US\"},{\"@type\":\"Person\",\"@id\":\"https:\\\/\\\/akunq.net\\\/tr\\\/#\\\/schema\\\/person\\\/096f1d38a12cce57fb855b485ed24c9e\",\"name\":\"admin\",\"url\":\"https:\\\/\\\/akunq.net\\\/tr\\\/?author=7\"}]}<\/script>\n<!-- \/ Yoast SEO plugin. -->","yoast_head_json":{"title":"44 g\u00fcnl\u00fck Karaba\u011f sava\u015f\u0131nda iki baca\u011f\u0131n\u0131 kaybeden Ermeni sporcu T\u00fcrk rakibini ma\u011flup etti - Bati Ermenistan Ve Bati Ermenileri Sorunlari Ara\u015ftirmalar Merkezi","robots":{"index":"index","follow":"follow","max-snippet":"max-snippet:-1","max-image-preview":"max-image-preview:large","max-video-preview":"max-video-preview:-1"},"canonical":"https:\/\/akunq.net\/tr\/?p=68548","og_locale":"en_US","og_type":"article","og_title":"44 g\u00fcnl\u00fck Karaba\u011f sava\u015f\u0131nda iki baca\u011f\u0131n\u0131 kaybeden Ermeni sporcu T\u00fcrk rakibini ma\u011flup etti - Bati Ermenistan Ve Bati Ermenileri Sorunlari Ara\u015ftirmalar Merkezi","og_description":"44 g\u00fcn s\u00fcren Artsakh (Karaba\u011f) sava\u015f\u0131nda iki baca\u011f\u0131n\u0131 da kaybeden aslen Artsakh&#8217;\u0131n \u015eahumyan b\u00f6lgesinden olan Sargis Harutyunyan, bilek g\u00fcre\u015finde Avrupa \u015eampiyonu oldu. Facebook\u2019tan \u201cKuzey Artsakh: \u015eahumyan, Geta\u015fen\u201d adl\u0131 hesap, bu konuda payla\u015f\u0131mda bulunarak, \u201cHarutyunyan, finalde T\u00fcrk sporcuyu ma\u011flup etti. G\u00fcc\u00fcn, iradenin ve kahramanl\u0131\u011f\u0131n v\u00fccut bulmu\u015f hali olan Sargis&#8217;i muhte\u015fem bir ba\u015far\u0131 i\u00e7in tebrik ederiz\u201d ifadelerini [&hellip;]","og_url":"https:\/\/akunq.net\/tr\/?p=68548","og_site_name":"Bati Ermenistan Ve Bati Ermenileri Sorunlari Ara\u015ftirmalar Merkezi","article_published_time":"2022-05-17T06:02:59+00:00","og_image":[{"width":790,"height":443,"url":"https:\/\/akunq.net\/tr\/wp-content\/uploads\/sites\/6\/2022\/05\/Sargis-Harutyunyan.jpg","type":"image\/jpeg"}],"author":"admin","twitter_card":"summary_large_image","twitter_misc":{"Written by":"admin"},"schema":{"@context":"https:\/\/schema.org","@graph":[{"@type":"Article","@id":"https:\/\/akunq.net\/tr\/?p=68548#article","isPartOf":{"@id":"https:\/\/akunq.net\/tr\/?p=68548"},"author":{"name":"admin","@id":"https:\/\/akunq.net\/tr\/#\/schema\/person\/096f1d38a12cce57fb855b485ed24c9e"},"headline":"44 g\u00fcnl\u00fck Karaba\u011f sava\u015f\u0131nda iki baca\u011f\u0131n\u0131 kaybeden Ermeni sporcu T\u00fcrk rakibini ma\u011flup etti","datePublished":"2022-05-17T06:02:59+00:00","mainEntityOfPage":{"@id":"https:\/\/akunq.net\/tr\/?p=68548"},"wordCount":95,"commentCount":0,"image":{"@id":"https:\/\/akunq.net\/tr\/?p=68548#primaryimage"},"thumbnailUrl":"https:\/\/akunq.net\/tr\/wp-content\/uploads\/sites\/6\/2022\/05\/Sargis-Harutyunyan.jpg","articleSection":["Haberler"],"inLanguage":"en-US","potentialAction":[{"@type":"CommentAction","name":"Comment","target":["https:\/\/akunq.net\/tr\/?p=68548#respond"]}]},{"@type":"WebPage","@id":"https:\/\/akunq.net\/tr\/?p=68548","url":"https:\/\/akunq.net\/tr\/?p=68548","name":"44 g\u00fcnl\u00fck Karaba\u011f sava\u015f\u0131nda iki baca\u011f\u0131n\u0131 kaybeden Ermeni sporcu T\u00fcrk rakibini ma\u011flup etti - Bati Ermenistan Ve Bati Ermenileri Sorunlari Ara\u015ftirmalar Merkezi","isPartOf":{"@id":"https:\/\/akunq.net\/tr\/#website"},"primaryImageOfPage":{"@id":"https:\/\/akunq.net\/tr\/?p=68548#primaryimage"},"image":{"@id":"https:\/\/akunq.net\/tr\/?p=68548#primaryimage"},"thumbnailUrl":"https:\/\/akunq.net\/tr\/wp-content\/uploads\/sites\/6\/2022\/05\/Sargis-Harutyunyan.jpg","datePublished":"2022-05-17T06:02:59+00:00","author":{"@id":"https:\/\/akunq.net\/tr\/#\/schema\/person\/096f1d38a12cce57fb855b485ed24c9e"},"breadcrumb":{"@id":"https:\/\/akunq.net\/tr\/?p=68548#breadcrumb"},"inLanguage":"en-US","potentialAction":[{"@type":"ReadAction","target":["https:\/\/akunq.net\/tr\/?p=68548"]}]},{"@type":"ImageObject","inLanguage":"en-US","@id":"https:\/\/akunq.net\/tr\/?p=68548#primaryimage","url":"https:\/\/akunq.net\/tr\/wp-content\/uploads\/sites\/6\/2022\/05\/Sargis-Harutyunyan.jpg","contentUrl":"https:\/\/akunq.net\/tr\/wp-content\/uploads\/sites\/6\/2022\/05\/Sargis-Harutyunyan.jpg","width":790,"height":443},{"@type":"BreadcrumbList","@id":"https:\/\/akunq.net\/tr\/?p=68548#breadcrumb","itemListElement":[{"@type":"ListItem","position":1,"name":"Home","item":"https:\/\/akunq.net\/tr"},{"@type":"ListItem","position":2,"name":"44 g\u00fcnl\u00fck Karaba\u011f sava\u015f\u0131nda iki baca\u011f\u0131n\u0131 kaybeden Ermeni sporcu T\u00fcrk rakibini ma\u011flup etti"}]},{"@type":"WebSite","@id":"https:\/\/akunq.net\/tr\/#website","url":"https:\/\/akunq.net\/tr\/","name":"Bati Ermenistan Ve Bati Ermenileri Sorunlari Ara\u015ftirmalar Merkezi","description":"","potentialAction":[{"@type":"SearchAction","target":{"@type":"EntryPoint","urlTemplate":"https:\/\/akunq.net\/tr\/?s={search_term_string}"},"query-input":{"@type":"PropertyValueSpecification","valueRequired":true,"valueName":"search_term_string"}}],"inLanguage":"en-US"},{"@type":"Person","@id":"https:\/\/akunq.net\/tr\/#\/schema\/person\/096f1d38a12cce57fb855b485ed24c9e","name":"admin","url":"https:\/\/akunq.net\/tr\/?author=7"}]}},"_links":{"self":[{"href":"https:\/\/akunq.net\/tr\/index.php?rest_route=\/wp\/v2\/posts\/68548","targetHints":{"allow":["GET"]}}],"collection":[{"href":"https:\/\/akunq.net\/tr\/index.php?rest_route=\/wp\/v2\/posts"}],"about":[{"href":"https:\/\/akunq.net\/tr\/index.php?rest_route=\/wp\/v2\/types\/post"}],"author":[{"embeddable":true,"href":"https:\/\/akunq.net\/tr\/index.php?rest_route=\/wp\/v2\/users\/7"}],"replies":[{"embeddable":true,"href":"https:\/\/akunq.net\/tr\/index.php?rest_route=%2Fwp%2Fv2%2Fcomments&post=68548"}],"version-history":[{"count":1,"href":"https:\/\/akunq.net\/tr\/index.php?rest_route=\/wp\/v2\/posts\/68548\/revisions"}],"predecessor-version":[{"id":68550,"href":"https:\/\/akunq.net\/tr\/index.php?rest_route=\/wp\/v2\/posts\/68548\/revisions\/68550"}],"wp:featuredmedia":[{"embeddable":true,"href":"https:\/\/akunq.net\/tr\/index.php?rest_route=\/wp\/v2\/media\/68549"}],"wp:attachment":[{"href":"https:\/\/akunq.net\/tr\/index.php?rest_route=%2Fwp%2Fv2%2Fmedia&parent=68548"}],"wp:term":[{"taxonomy":"category","embeddable":true,"href":"https:\/\/akunq.net\/tr\/index.php?rest_route=%2Fwp%2Fv2%2Fcategories&post=68548"},{"taxonomy":"post_tag","embeddable":true,"href":"https:\/\/akunq.net\/tr\/index.php?rest_route=%2Fwp%2Fv2%2Ftags&post=68548"}],"curies":[{"name":"wp","href":"https:\/\/api.w.org\/{rel}","templated":true}]}}