{"id":68544,"date":"2022-05-16T05:05:50","date_gmt":"2022-05-16T10:05:50","guid":{"rendered":"https:\/\/akunq.net\/tr\/?p=68544"},"modified":"2022-05-16T05:05:50","modified_gmt":"2022-05-16T10:05:50","slug":"kilicdaroglu-gezi-davasinda-tutuklananlarin-aileleri-ile-gorustu","status":"publish","type":"post","link":"https:\/\/akunq.net\/tr\/?p=68544","title":{"rendered":"K\u0131l\u0131\u00e7daro\u011flu Gezi davas\u0131nda tutuklananlar\u0131n aileleri ile g\u00f6r\u00fc\u015ft\u00fc"},"content":{"rendered":"<p><img loading=\"lazy\" decoding=\"async\" class=\"aligncenter size-medium wp-image-68545\" src=\"https:\/\/akunq.net\/tr\/wp-content\/uploads\/2022\/05\/K\u0131l\u0131\u00e7daro\u011flu-360x240.jpg\" alt=\"\" width=\"360\" height=\"240\" srcset=\"https:\/\/akunq.net\/tr\/wp-content\/uploads\/sites\/6\/2022\/05\/K\u0131l\u0131\u00e7daro\u011flu-360x240.jpg 360w, https:\/\/akunq.net\/tr\/wp-content\/uploads\/sites\/6\/2022\/05\/K\u0131l\u0131\u00e7daro\u011flu-768x512.jpg 768w, https:\/\/akunq.net\/tr\/wp-content\/uploads\/sites\/6\/2022\/05\/K\u0131l\u0131\u00e7daro\u011flu-1536x1024.jpg 1536w, https:\/\/akunq.net\/tr\/wp-content\/uploads\/sites\/6\/2022\/05\/K\u0131l\u0131\u00e7daro\u011flu-2048x1365.jpg 2048w, https:\/\/akunq.net\/tr\/wp-content\/uploads\/sites\/6\/2022\/05\/K\u0131l\u0131\u00e7daro\u011flu-560x373.jpg 560w, https:\/\/akunq.net\/tr\/wp-content\/uploads\/sites\/6\/2022\/05\/K\u0131l\u0131\u00e7daro\u011flu-260x173.jpg 260w, https:\/\/akunq.net\/tr\/wp-content\/uploads\/sites\/6\/2022\/05\/K\u0131l\u0131\u00e7daro\u011flu-160x107.jpg 160w\" sizes=\"auto, (max-width: 360px) 100vw, 360px\" \/><\/p>\n<p><em><strong>Kemal K\u0131l\u0131\u00e7daro\u011flu, Canan Kaftanc\u0131o\u011flu ve Ekrem \u0130mamo\u011flu Gezi davas\u0131nda tutuklanan M\u00fccella Yap\u0131c\u0131, Tayfun Kahraman, Mine \u00d6zerden, \u00c7i\u011fdem Mater, Yi\u011fit Ali Ekmek\u00e7i, Ali Hakan Alt\u0131nay ve Can Atalay\u2019\u0131n aileleri ile bir araya geldi.<\/strong><\/em><\/p>\n<p>Emirgan Korusu\u2019ndaki Beyaz K\u00f6\u015fk\u2019te ger\u00e7ekle\u015ftirilen bulu\u015fmaya; CHP Kad\u0131n Kollar\u0131 Genel Ba\u015fkan\u0131 Aylin Nazl\u0131aka, CHP \u0130stanbul \u0130l Ba\u015fkan\u0131 Canan Kaftanc\u0131o\u011flu, \u0130BB Ba\u015fkan\u0131 Ekrem \u0130mamo\u011flu, e\u015fi Dilek Kaya \u0130mamo\u011flu ile 10 CHP milletvekili kat\u0131ld\u0131.<\/p>\n<p>Bulu\u015fmada konu\u015fan K\u0131l\u0131\u00e7daro\u011flu,\u00a0&#8220;M\u00fccadeleyi sonuna kadar g\u00f6t\u00fcrmek zorunday\u0131z. Bu tabii bir anlamda dayan\u0131\u015fma k\u00fclt\u00fcr\u00fc de demek. Kar\u015f\u0131l\u0131kl\u0131 dayan\u0131\u015faca\u011f\u0131z. Birimiz ac\u0131 \u00e7ekerken, di\u011ferimiz sevin\u00e7 \u00e7\u0131\u011fl\u0131klar\u0131 atmayaca\u011f\u0131z. Beraber d\u00fc\u015f\u00fcnece\u011fiz. Ac\u0131lar\u0131 nas\u0131l yok edebiliriz, hafifletebiliriz bunun bir anlamda yolunu, y\u00f6ntemini, yordam\u0131n\u0131 bulmak zorunday\u0131z. Bu \u00e7er\u00e7evede m\u00fccadele edece\u011fiz Siyaset kurumunun \u00e7ok s\u0131k\u0131nt\u0131l\u0131 bir alan oldu\u011funu da biliyoruz. D\u00fczg\u00fcn siyaset\u00e7i olman\u0131n da kolay olmad\u0131\u011f\u0131n\u0131, zor bir alan oldu\u011funu, onu da biliyoruz. Ama sonu\u00e7ta her \u015fey toplumun e\u011fitimine ba\u011fl\u0131. Toplum e\u011fitildik\u00e7e asl\u0131nda, daha farkl\u0131 bir s\u00fcrecin i\u00e7ine hep beraber giriyoruz.&#8221; diye konu\u015ftu.<\/p>\n<p>K\u0131l\u0131\u00e7daro\u011flu, kahvalt\u0131y\u0131 organize eden \u0130mamo\u011flu ve Kaftanc\u0131o\u011flu&#8217;na te\u015fekk\u00fcr etti. K\u0131l\u0131\u00e7daro\u011flu s\u00f6z\u00fc Kaftanc\u0131o\u011flu&#8217;na verirken \u201cYak\u0131nda i\u00e7eri girecek olan Canan Ba\u015fkan\u2019a s\u00f6z\u00fc verelim\u201d diye espri yapt\u0131. Kaftanc\u0131o\u011flu \u015funlar\u0131 s\u00f6yledi: &#8220;Bug\u00fcne kadar oldu\u011fu gibi, bug\u00fcnden sonra da dayan\u0131\u015fmaya, umudu birlikte b\u00fcy\u00fctmeye ve \u00f6rg\u00fctlenmeye, \u00f6rg\u00fctl\u00fcl\u00fc\u011fe devam diyorum. Sizlere de bug\u00fcn kat\u0131l\u0131m\u0131n\u0131zdan \u00f6t\u00fcr\u00fc bir kez daha te\u015fekk\u00fcr ediyorum. Bizler s\u00fcreci, Genel Ba\u015fkan\u0131m\u0131z\u0131n yak\u0131n takibi talimatlar\u0131yla, vekillerimizle birlikte b\u00fct\u00fcn partimiz y\u00fcr\u00fctmeye \u00e7al\u0131\u015f\u0131yoruz.&#8221;<\/p>\n<p>\u0130mamo\u011flu da konu\u015fmas\u0131nda \u201cUmuyorum siyasi olan bu karar\u0131n, bu karar verici bir avu\u00e7 insan\u0131n iktidar s\u00fcrelerinin bitmesiyle beraber sona ermesini hep birlikte sa\u011flar\u0131z&#8221; diye konu\u015ftu.<\/p>\n<p>K\u0131l\u0131\u00e7daro\u011flu, Kaftanc\u0131o\u011flu ve \u0130mamo\u011flu\u2019na s\u00fcre\u00e7 i\u00e7inde g\u00f6sterdikleri dayan\u0131\u015fmadan dolay\u0131 te\u015fekk\u00fcrlerini ileten aileler, duygular\u0131n\u0131, \u201cOnlar\u0131n iyi olmalar\u0131n\u0131 sa\u011flayan \u015fey, d\u0131\u015far\u0131da kendilerine g\u00f6sterilen dayan\u0131\u015fma ve destek. Bunu g\u00f6stermeye devam edin\u201d s\u00f6zleriyle dile getirdi.<\/p>\n<p><em><strong>(CHP, Ajanslar, Evrensel)<\/strong><\/em><\/p>\n<p><em><strong>https:\/\/www.agos.com.tr\/tr\/yazi\/27090\/kilicdaroglu-gezi-davasinda-tutuklananlarin-aileleri-ile-gorustu\u00a0<\/strong><\/em><\/p>\n","protected":false},"excerpt":{"rendered":"<p>Kemal K\u0131l\u0131\u00e7daro\u011flu, Canan Kaftanc\u0131o\u011flu ve Ekrem \u0130mamo\u011flu Gezi davas\u0131nda tutuklanan M\u00fccella Yap\u0131c\u0131, Tayfun Kahraman, Mine \u00d6zerden, \u00c7i\u011fdem Mater, Yi\u011fit Ali Ekmek\u00e7i, Ali Hakan Alt\u0131nay ve Can Atalay\u2019\u0131n aileleri ile bir araya geldi. Emirgan Korusu\u2019ndaki Beyaz K\u00f6\u015fk\u2019te ger\u00e7ekle\u015ftirilen bulu\u015fmaya; CHP Kad\u0131n Kollar\u0131 Genel Ba\u015fkan\u0131 Aylin Nazl\u0131aka, CHP \u0130stanbul \u0130l Ba\u015fkan\u0131 Canan Kaftanc\u0131o\u011flu, \u0130BB Ba\u015fkan\u0131 Ekrem \u0130mamo\u011flu, [&hellip;]<\/p>\n","protected":false},"author":7,"featured_media":68545,"comment_status":"open","ping_status":"open","sticky":false,"template":"","format":"standard","meta":{"footnotes":""},"categories":[1],"tags":[],"class_list":["post-68544","post","type-post","status-publish","format-standard","has-post-thumbnail","hentry","category-haberler"],"yoast_head":"<!-- This site is optimized with the Yoast SEO plugin v27.4 - https:\/\/yoast.com\/product\/yoast-seo-wordpress\/ -->\n<title>K\u0131l\u0131\u00e7daro\u011flu Gezi davas\u0131nda tutuklananlar\u0131n aileleri ile g\u00f6r\u00fc\u015ft\u00fc - Bati Ermenistan Ve Bati Ermenileri Sorunlari Ara\u015ftirmalar Merkezi<\/title>\n<meta name=\"robots\" content=\"index, follow, max-snippet:-1, max-image-preview:large, max-video-preview:-1\" \/>\n<link rel=\"canonical\" href=\"https:\/\/akunq.net\/tr\/?p=68544\" \/>\n<meta property=\"og:locale\" content=\"en_US\" \/>\n<meta property=\"og:type\" content=\"article\" \/>\n<meta property=\"og:title\" content=\"K\u0131l\u0131\u00e7daro\u011flu Gezi davas\u0131nda tutuklananlar\u0131n aileleri ile g\u00f6r\u00fc\u015ft\u00fc - Bati Ermenistan Ve Bati Ermenileri Sorunlari Ara\u015ftirmalar Merkezi\" \/>\n<meta property=\"og:description\" content=\"Kemal K\u0131l\u0131\u00e7daro\u011flu, Canan Kaftanc\u0131o\u011flu ve Ekrem \u0130mamo\u011flu Gezi davas\u0131nda tutuklanan M\u00fccella Yap\u0131c\u0131, Tayfun Kahraman, Mine \u00d6zerden, \u00c7i\u011fdem Mater, Yi\u011fit Ali Ekmek\u00e7i, Ali Hakan Alt\u0131nay ve Can Atalay\u2019\u0131n aileleri ile bir araya geldi. Emirgan Korusu\u2019ndaki Beyaz K\u00f6\u015fk\u2019te ger\u00e7ekle\u015ftirilen bulu\u015fmaya; CHP Kad\u0131n Kollar\u0131 Genel Ba\u015fkan\u0131 Aylin Nazl\u0131aka, CHP \u0130stanbul \u0130l Ba\u015fkan\u0131 Canan Kaftanc\u0131o\u011flu, \u0130BB Ba\u015fkan\u0131 Ekrem \u0130mamo\u011flu, [&hellip;]\" \/>\n<meta property=\"og:url\" content=\"https:\/\/akunq.net\/tr\/?p=68544\" \/>\n<meta property=\"og:site_name\" content=\"Bati Ermenistan Ve Bati Ermenileri Sorunlari Ara\u015ftirmalar Merkezi\" \/>\n<meta property=\"article:published_time\" content=\"2022-05-16T10:05:50+00:00\" \/>\n<meta property=\"og:image\" content=\"https:\/\/akunq.net\/tr\/wp-content\/uploads\/sites\/6\/2022\/05\/K\u0131l\u0131\u00e7daro\u011flu-scaled.jpg\" \/>\n\t<meta property=\"og:image:width\" content=\"2560\" \/>\n\t<meta property=\"og:image:height\" content=\"1707\" \/>\n\t<meta property=\"og:image:type\" content=\"image\/jpeg\" \/>\n<meta name=\"author\" content=\"admin\" \/>\n<meta name=\"twitter:card\" content=\"summary_large_image\" \/>\n<meta name=\"twitter:label1\" content=\"Written by\" \/>\n\t<meta name=\"twitter:data1\" content=\"admin\" \/>\n\t<meta name=\"twitter:label2\" content=\"Est. reading time\" \/>\n\t<meta name=\"twitter:data2\" content=\"2 minutes\" \/>\n<script type=\"application\/ld+json\" class=\"yoast-schema-graph\">{\"@context\":\"https:\\\/\\\/schema.org\",\"@graph\":[{\"@type\":\"Article\",\"@id\":\"https:\\\/\\\/akunq.net\\\/tr\\\/?p=68544#article\",\"isPartOf\":{\"@id\":\"https:\\\/\\\/akunq.net\\\/tr\\\/?p=68544\"},\"author\":{\"name\":\"admin\",\"@id\":\"https:\\\/\\\/akunq.net\\\/tr\\\/#\\\/schema\\\/person\\\/096f1d38a12cce57fb855b485ed24c9e\"},\"headline\":\"K\u0131l\u0131\u00e7daro\u011flu Gezi davas\u0131nda tutuklananlar\u0131n aileleri ile g\u00f6r\u00fc\u015ft\u00fc\",\"datePublished\":\"2022-05-16T10:05:50+00:00\",\"mainEntityOfPage\":{\"@id\":\"https:\\\/\\\/akunq.net\\\/tr\\\/?p=68544\"},\"wordCount\":460,\"commentCount\":0,\"image\":{\"@id\":\"https:\\\/\\\/akunq.net\\\/tr\\\/?p=68544#primaryimage\"},\"thumbnailUrl\":\"https:\\\/\\\/akunq.net\\\/tr\\\/wp-content\\\/uploads\\\/sites\\\/6\\\/2022\\\/05\\\/K\u0131l\u0131\u00e7daro\u011flu-scaled.jpg\",\"articleSection\":[\"Haberler\"],\"inLanguage\":\"en-US\",\"potentialAction\":[{\"@type\":\"CommentAction\",\"name\":\"Comment\",\"target\":[\"https:\\\/\\\/akunq.net\\\/tr\\\/?p=68544#respond\"]}]},{\"@type\":\"WebPage\",\"@id\":\"https:\\\/\\\/akunq.net\\\/tr\\\/?p=68544\",\"url\":\"https:\\\/\\\/akunq.net\\\/tr\\\/?p=68544\",\"name\":\"K\u0131l\u0131\u00e7daro\u011flu Gezi davas\u0131nda tutuklananlar\u0131n aileleri ile g\u00f6r\u00fc\u015ft\u00fc - Bati Ermenistan Ve Bati Ermenileri Sorunlari Ara\u015ftirmalar Merkezi\",\"isPartOf\":{\"@id\":\"https:\\\/\\\/akunq.net\\\/tr\\\/#website\"},\"primaryImageOfPage\":{\"@id\":\"https:\\\/\\\/akunq.net\\\/tr\\\/?p=68544#primaryimage\"},\"image\":{\"@id\":\"https:\\\/\\\/akunq.net\\\/tr\\\/?p=68544#primaryimage\"},\"thumbnailUrl\":\"https:\\\/\\\/akunq.net\\\/tr\\\/wp-content\\\/uploads\\\/sites\\\/6\\\/2022\\\/05\\\/K\u0131l\u0131\u00e7daro\u011flu-scaled.jpg\",\"datePublished\":\"2022-05-16T10:05:50+00:00\",\"author\":{\"@id\":\"https:\\\/\\\/akunq.net\\\/tr\\\/#\\\/schema\\\/person\\\/096f1d38a12cce57fb855b485ed24c9e\"},\"breadcrumb\":{\"@id\":\"https:\\\/\\\/akunq.net\\\/tr\\\/?p=68544#breadcrumb\"},\"inLanguage\":\"en-US\",\"potentialAction\":[{\"@type\":\"ReadAction\",\"target\":[\"https:\\\/\\\/akunq.net\\\/tr\\\/?p=68544\"]}]},{\"@type\":\"ImageObject\",\"inLanguage\":\"en-US\",\"@id\":\"https:\\\/\\\/akunq.net\\\/tr\\\/?p=68544#primaryimage\",\"url\":\"https:\\\/\\\/akunq.net\\\/tr\\\/wp-content\\\/uploads\\\/sites\\\/6\\\/2022\\\/05\\\/K\u0131l\u0131\u00e7daro\u011flu-scaled.jpg\",\"contentUrl\":\"https:\\\/\\\/akunq.net\\\/tr\\\/wp-content\\\/uploads\\\/sites\\\/6\\\/2022\\\/05\\\/K\u0131l\u0131\u00e7daro\u011flu-scaled.jpg\",\"width\":2560,\"height\":1707},{\"@type\":\"BreadcrumbList\",\"@id\":\"https:\\\/\\\/akunq.net\\\/tr\\\/?p=68544#breadcrumb\",\"itemListElement\":[{\"@type\":\"ListItem\",\"position\":1,\"name\":\"Home\",\"item\":\"https:\\\/\\\/akunq.net\\\/tr\"},{\"@type\":\"ListItem\",\"position\":2,\"name\":\"K\u0131l\u0131\u00e7daro\u011flu Gezi davas\u0131nda tutuklananlar\u0131n aileleri ile g\u00f6r\u00fc\u015ft\u00fc\"}]},{\"@type\":\"WebSite\",\"@id\":\"https:\\\/\\\/akunq.net\\\/tr\\\/#website\",\"url\":\"https:\\\/\\\/akunq.net\\\/tr\\\/\",\"name\":\"Bati Ermenistan Ve Bati Ermenileri Sorunlari Ara\u015ftirmalar Merkezi\",\"description\":\"\",\"potentialAction\":[{\"@type\":\"SearchAction\",\"target\":{\"@type\":\"EntryPoint\",\"urlTemplate\":\"https:\\\/\\\/akunq.net\\\/tr\\\/?s={search_term_string}\"},\"query-input\":{\"@type\":\"PropertyValueSpecification\",\"valueRequired\":true,\"valueName\":\"search_term_string\"}}],\"inLanguage\":\"en-US\"},{\"@type\":\"Person\",\"@id\":\"https:\\\/\\\/akunq.net\\\/tr\\\/#\\\/schema\\\/person\\\/096f1d38a12cce57fb855b485ed24c9e\",\"name\":\"admin\",\"url\":\"https:\\\/\\\/akunq.net\\\/tr\\\/?author=7\"}]}<\/script>\n<!-- \/ Yoast SEO plugin. -->","yoast_head_json":{"title":"K\u0131l\u0131\u00e7daro\u011flu Gezi davas\u0131nda tutuklananlar\u0131n aileleri ile g\u00f6r\u00fc\u015ft\u00fc - Bati Ermenistan Ve Bati Ermenileri Sorunlari Ara\u015ftirmalar Merkezi","robots":{"index":"index","follow":"follow","max-snippet":"max-snippet:-1","max-image-preview":"max-image-preview:large","max-video-preview":"max-video-preview:-1"},"canonical":"https:\/\/akunq.net\/tr\/?p=68544","og_locale":"en_US","og_type":"article","og_title":"K\u0131l\u0131\u00e7daro\u011flu Gezi davas\u0131nda tutuklananlar\u0131n aileleri ile g\u00f6r\u00fc\u015ft\u00fc - Bati Ermenistan Ve Bati Ermenileri Sorunlari Ara\u015ftirmalar Merkezi","og_description":"Kemal K\u0131l\u0131\u00e7daro\u011flu, Canan Kaftanc\u0131o\u011flu ve Ekrem \u0130mamo\u011flu Gezi davas\u0131nda tutuklanan M\u00fccella Yap\u0131c\u0131, Tayfun Kahraman, Mine \u00d6zerden, \u00c7i\u011fdem Mater, Yi\u011fit Ali Ekmek\u00e7i, Ali Hakan Alt\u0131nay ve Can Atalay\u2019\u0131n aileleri ile bir araya geldi. Emirgan Korusu\u2019ndaki Beyaz K\u00f6\u015fk\u2019te ger\u00e7ekle\u015ftirilen bulu\u015fmaya; CHP Kad\u0131n Kollar\u0131 Genel Ba\u015fkan\u0131 Aylin Nazl\u0131aka, CHP \u0130stanbul \u0130l Ba\u015fkan\u0131 Canan Kaftanc\u0131o\u011flu, \u0130BB Ba\u015fkan\u0131 Ekrem \u0130mamo\u011flu, [&hellip;]","og_url":"https:\/\/akunq.net\/tr\/?p=68544","og_site_name":"Bati Ermenistan Ve Bati Ermenileri Sorunlari Ara\u015ftirmalar Merkezi","article_published_time":"2022-05-16T10:05:50+00:00","og_image":[{"width":2560,"height":1707,"url":"https:\/\/akunq.net\/tr\/wp-content\/uploads\/sites\/6\/2022\/05\/K\u0131l\u0131\u00e7daro\u011flu-scaled.jpg","type":"image\/jpeg"}],"author":"admin","twitter_card":"summary_large_image","twitter_misc":{"Written by":"admin","Est. reading time":"2 minutes"},"schema":{"@context":"https:\/\/schema.org","@graph":[{"@type":"Article","@id":"https:\/\/akunq.net\/tr\/?p=68544#article","isPartOf":{"@id":"https:\/\/akunq.net\/tr\/?p=68544"},"author":{"name":"admin","@id":"https:\/\/akunq.net\/tr\/#\/schema\/person\/096f1d38a12cce57fb855b485ed24c9e"},"headline":"K\u0131l\u0131\u00e7daro\u011flu Gezi davas\u0131nda tutuklananlar\u0131n aileleri ile g\u00f6r\u00fc\u015ft\u00fc","datePublished":"2022-05-16T10:05:50+00:00","mainEntityOfPage":{"@id":"https:\/\/akunq.net\/tr\/?p=68544"},"wordCount":460,"commentCount":0,"image":{"@id":"https:\/\/akunq.net\/tr\/?p=68544#primaryimage"},"thumbnailUrl":"https:\/\/akunq.net\/tr\/wp-content\/uploads\/sites\/6\/2022\/05\/K\u0131l\u0131\u00e7daro\u011flu-scaled.jpg","articleSection":["Haberler"],"inLanguage":"en-US","potentialAction":[{"@type":"CommentAction","name":"Comment","target":["https:\/\/akunq.net\/tr\/?p=68544#respond"]}]},{"@type":"WebPage","@id":"https:\/\/akunq.net\/tr\/?p=68544","url":"https:\/\/akunq.net\/tr\/?p=68544","name":"K\u0131l\u0131\u00e7daro\u011flu Gezi davas\u0131nda tutuklananlar\u0131n aileleri ile g\u00f6r\u00fc\u015ft\u00fc - Bati Ermenistan Ve Bati Ermenileri Sorunlari Ara\u015ftirmalar Merkezi","isPartOf":{"@id":"https:\/\/akunq.net\/tr\/#website"},"primaryImageOfPage":{"@id":"https:\/\/akunq.net\/tr\/?p=68544#primaryimage"},"image":{"@id":"https:\/\/akunq.net\/tr\/?p=68544#primaryimage"},"thumbnailUrl":"https:\/\/akunq.net\/tr\/wp-content\/uploads\/sites\/6\/2022\/05\/K\u0131l\u0131\u00e7daro\u011flu-scaled.jpg","datePublished":"2022-05-16T10:05:50+00:00","author":{"@id":"https:\/\/akunq.net\/tr\/#\/schema\/person\/096f1d38a12cce57fb855b485ed24c9e"},"breadcrumb":{"@id":"https:\/\/akunq.net\/tr\/?p=68544#breadcrumb"},"inLanguage":"en-US","potentialAction":[{"@type":"ReadAction","target":["https:\/\/akunq.net\/tr\/?p=68544"]}]},{"@type":"ImageObject","inLanguage":"en-US","@id":"https:\/\/akunq.net\/tr\/?p=68544#primaryimage","url":"https:\/\/akunq.net\/tr\/wp-content\/uploads\/sites\/6\/2022\/05\/K\u0131l\u0131\u00e7daro\u011flu-scaled.jpg","contentUrl":"https:\/\/akunq.net\/tr\/wp-content\/uploads\/sites\/6\/2022\/05\/K\u0131l\u0131\u00e7daro\u011flu-scaled.jpg","width":2560,"height":1707},{"@type":"BreadcrumbList","@id":"https:\/\/akunq.net\/tr\/?p=68544#breadcrumb","itemListElement":[{"@type":"ListItem","position":1,"name":"Home","item":"https:\/\/akunq.net\/tr"},{"@type":"ListItem","position":2,"name":"K\u0131l\u0131\u00e7daro\u011flu Gezi davas\u0131nda tutuklananlar\u0131n aileleri ile g\u00f6r\u00fc\u015ft\u00fc"}]},{"@type":"WebSite","@id":"https:\/\/akunq.net\/tr\/#website","url":"https:\/\/akunq.net\/tr\/","name":"Bati Ermenistan Ve Bati Ermenileri Sorunlari Ara\u015ftirmalar Merkezi","description":"","potentialAction":[{"@type":"SearchAction","target":{"@type":"EntryPoint","urlTemplate":"https:\/\/akunq.net\/tr\/?s={search_term_string}"},"query-input":{"@type":"PropertyValueSpecification","valueRequired":true,"valueName":"search_term_string"}}],"inLanguage":"en-US"},{"@type":"Person","@id":"https:\/\/akunq.net\/tr\/#\/schema\/person\/096f1d38a12cce57fb855b485ed24c9e","name":"admin","url":"https:\/\/akunq.net\/tr\/?author=7"}]}},"_links":{"self":[{"href":"https:\/\/akunq.net\/tr\/index.php?rest_route=\/wp\/v2\/posts\/68544","targetHints":{"allow":["GET"]}}],"collection":[{"href":"https:\/\/akunq.net\/tr\/index.php?rest_route=\/wp\/v2\/posts"}],"about":[{"href":"https:\/\/akunq.net\/tr\/index.php?rest_route=\/wp\/v2\/types\/post"}],"author":[{"embeddable":true,"href":"https:\/\/akunq.net\/tr\/index.php?rest_route=\/wp\/v2\/users\/7"}],"replies":[{"embeddable":true,"href":"https:\/\/akunq.net\/tr\/index.php?rest_route=%2Fwp%2Fv2%2Fcomments&post=68544"}],"version-history":[{"count":1,"href":"https:\/\/akunq.net\/tr\/index.php?rest_route=\/wp\/v2\/posts\/68544\/revisions"}],"predecessor-version":[{"id":68546,"href":"https:\/\/akunq.net\/tr\/index.php?rest_route=\/wp\/v2\/posts\/68544\/revisions\/68546"}],"wp:featuredmedia":[{"embeddable":true,"href":"https:\/\/akunq.net\/tr\/index.php?rest_route=\/wp\/v2\/media\/68545"}],"wp:attachment":[{"href":"https:\/\/akunq.net\/tr\/index.php?rest_route=%2Fwp%2Fv2%2Fmedia&parent=68544"}],"wp:term":[{"taxonomy":"category","embeddable":true,"href":"https:\/\/akunq.net\/tr\/index.php?rest_route=%2Fwp%2Fv2%2Fcategories&post=68544"},{"taxonomy":"post_tag","embeddable":true,"href":"https:\/\/akunq.net\/tr\/index.php?rest_route=%2Fwp%2Fv2%2Ftags&post=68544"}],"curies":[{"name":"wp","href":"https:\/\/api.w.org\/{rel}","templated":true}]}}