{"id":68537,"date":"2022-05-16T03:11:30","date_gmt":"2022-05-16T08:11:30","guid":{"rendered":"https:\/\/akunq.net\/tr\/?p=68537"},"modified":"2022-05-16T03:11:30","modified_gmt":"2022-05-16T08:11:30","slug":"brezilyadaki-antakyalilar-cok-eski-bir-fotograftan-guzel-bir-hayale-dogru","status":"publish","type":"post","link":"https:\/\/akunq.net\/tr\/?p=68537","title":{"rendered":"Brezilya\u2019daki Antakyal\u0131lar: \u00c7ok Eski Bir Foto\u011fraftan G\u00fczel Bir Hayale Do\u011fru!"},"content":{"rendered":"<section class=\"elementor-section elementor-top-section elementor-element elementor-element-839e191 elementor-section-boxed elementor-section-height-default elementor-section-height-default\" data-id=\"839e191\" data-element_type=\"section\">\n<div class=\"elementor-container elementor-column-gap-default\">\n<div class=\"elementor-column elementor-col-100 elementor-top-column elementor-element elementor-element-21e9cf1\" data-id=\"21e9cf1\" data-element_type=\"column\">\n<div class=\"elementor-widget-wrap elementor-element-populated\">\n<div class=\"elementor-element elementor-element-8b60674 elementor-widget elementor-widget-text-editor\" data-id=\"8b60674\" data-element_type=\"widget\" data-widget_type=\"text-editor.default\">\n<div class=\"elementor-widget-container\">\n<p><img loading=\"lazy\" decoding=\"async\" class=\"aligncenter size-medium wp-image-68538\" src=\"https:\/\/akunq.net\/tr\/wp-content\/uploads\/2022\/05\/Brezilya\u2019daki-Antakyal\u0131lar-360x261.jpg\" alt=\"\" width=\"360\" height=\"261\" srcset=\"https:\/\/akunq.net\/tr\/wp-content\/uploads\/sites\/6\/2022\/05\/Brezilya\u2019daki-Antakyal\u0131lar-360x261.jpg 360w, https:\/\/akunq.net\/tr\/wp-content\/uploads\/sites\/6\/2022\/05\/Brezilya\u2019daki-Antakyal\u0131lar-260x189.jpg 260w, https:\/\/akunq.net\/tr\/wp-content\/uploads\/sites\/6\/2022\/05\/Brezilya\u2019daki-Antakyal\u0131lar-160x116.jpg 160w, https:\/\/akunq.net\/tr\/wp-content\/uploads\/sites\/6\/2022\/05\/Brezilya\u2019daki-Antakyal\u0131lar.jpg 455w\" sizes=\"auto, (max-width: 360px) 100vw, 360px\" \/><\/p>\n<p><em><strong>1980\u2019lerin sonlar\u0131na do\u011fru bir yaz g\u00fcn\u00fc, Antakya\u2019da babamlar\u0131 g\u00f6rmeye gitmi\u015ftik e\u015fimle. Babam o s\u0131ralar Antakya\u2019n\u0131n, 1970\u2019lerde yeni apartman ya\u015fam\u0131na ge\u00e7en \u201cZenginler Mahallesi\u201dnde d\u00fcr\u00fcstl\u00fc\u011f\u00fc ve i\u015findeki kalite anlay\u0131\u015f\u0131 ile tan\u0131nan bir in\u015faat boyac\u0131s\u0131 idi.<\/strong><\/em><\/p>\n<p>Biz oradayken, bir g\u00fcn ak\u015fama do\u011fru eve d\u00f6nd\u00fc\u011f\u00fcnde gazeteye sar\u0131lm\u0131\u015f b\u00fcy\u00fck\u00e7e bir paket vard\u0131 elinde. Sordum bu ne diye. Yan\u0131t\u0131 \u201cEvini boyamakta oldu\u011fum Madam Elen, bu eski \u00e7er\u00e7eveyi al g\u00f6t\u00fcr boyay\u0131p evinde i\u00e7ine bir foto\u011fraf koyup asabilirsin, ben de k\u0131ramad\u0131m Madam\u0131 ald\u0131m getirdim eve\u201d oldu. Merak\u0131m\u0131 gidermek i\u00e7in babam paketi a\u00e7t\u0131. Ortaya cam \u00e7er\u00e7eveli 45 e 40 santimlik d\u00fcz ge\u00e7meli ah\u015fap eski bir \u00e7er\u00e7evenin i\u00e7inde 23 e 20 ebatlar\u0131nda eskimi\u015f bir siyah beyaz foto\u011fraf \u00e7\u0131kt\u0131.<\/p>\n<p>Ge\u00e7meli \u00e7ivisiz d\u00fcz ah\u015fap geni\u015f \u00e7\u0131talardan imal edilmi\u015f dikd\u00f6rtgen \u00e7er\u00e7evenin i\u00e7indeki siyah beyaz foto\u011fraf\u0131 dikkatle inceledim. Foto\u011frafta bir tiyatro sahnesinde \u00f6zel k\u0131yafetlerle poz vermi\u015f kad\u0131n ve erkekler yer al\u0131yordu.<\/p>\n<\/div>\n<\/div>\n<\/div>\n<\/div>\n<\/div>\n<\/section>\n<section class=\"elementor-section elementor-top-section elementor-element elementor-element-0b49cca elementor-section-boxed elementor-section-height-default elementor-section-height-default\" data-id=\"0b49cca\" data-element_type=\"section\">\n<div class=\"elementor-container elementor-column-gap-default\">\n<div class=\"elementor-column elementor-col-100 elementor-top-column elementor-element elementor-element-972fa45\" data-id=\"972fa45\" data-element_type=\"column\">\n<div class=\"elementor-widget-wrap elementor-element-populated\">\n<div class=\"elementor-element elementor-element-bc91e12 elementor-widget elementor-widget-text-editor\" data-id=\"bc91e12\" data-element_type=\"widget\" data-widget_type=\"text-editor.default\">\n<div class=\"elementor-widget-container\">\n<p>Foto\u011fraf\u0131n arkas\u0131nda da heyecan\u0131m\u0131 artt\u0131ran bir bask\u0131 yaz\u0131 yer al\u0131yordu.<\/p>\n<p>Arap\u00e7a ve Portekizce dilllerinde \u201cFondada em 11-10-1925, \u201cSociedade Uniao Antiochia\u201d (11.11.1925 y\u0131l\u0131nda kurulmu\u015f Antakyal\u0131lar Derne\u011fi) ve Santos \u2013Brasil notlar\u0131n\u0131 g\u00f6r\u00fcnce \u00e7ok heyecanland\u0131\u011f\u0131m\u0131 hat\u0131rl\u0131yorum. O anda ilk akl\u0131ma gelen \u015fey bu foto\u011fraf\u0131 koruma alt\u0131na almakt\u0131. Babam heyecan\u0131m\u0131 g\u00f6r\u00fcp de \u201cAl o\u011flum foto\u011fraf sende kalabilir\u201d deyince \u00e7ok sevinmi\u015ftim.<\/p>\n<p>Foto\u011frafa bakt\u0131k\u00e7a, babam ya\u015f\u0131ndaki kom\u015fu ve tan\u0131d\u0131klar\u0131n 1970\u2019lerdeki eski sohbetlerini hat\u0131rlad\u0131m. Sohbetlerde s\u00f6z gurbetten a\u00e7\u0131ld\u0131\u011f\u0131nda \u201cBenim Brezilya\u2019da (bu Arjantin veya Venezuella da olurdu) \u00e7ok \u00f6nceden Antakya\u2019dan g\u00f6\u00e7 eden karde\u015flerim, ye\u011fenlerim ya\u015f\u0131yor, onlardan ancak mektupla\u015farak haberle\u015febiliyoruz\u201d dedikleri geldi akl\u0131ma.Ve dedim ki \u201cBu foto\u011frafa bak\u0131nca bo\u015funa heyecan duymuyorum yukar\u0131daki bana bir mesaj iletiyor herhalde!\u00a0 Antakyal\u0131 olma sorumlulu\u011fumu yerine getirmemi \u015fart ko\u015fuyor!\u201d<\/p>\n<p>Bu foto\u011fraf, b\u00f6ylece bir belgesel projesi haz\u0131rlamam i\u00e7in esin kayna\u011f\u0131 oldu. Projemin hedefini Antakya\u2019da ya\u015fay\u0131p hala Brezilya\u2019da akrabas\u0131, tan\u0131d\u0131\u011f\u0131 olanlarla bulu\u015fup (foto\u011frafta yer alan soyadlar\u0131ndan ba\u015flayarak) bu foto\u011fraf \u00fczerine d\u00fc\u015f\u00fcncelerini almak, s\u00f6yle\u015fmek ve r\u00f6portajlar\u0131 kay\u0131t alt\u0131na almak, izinlerini alarak onlar\u0131 \u015fimdiki halleri ile foto\u011fraflamak. Bu belge ve foto\u011fraflarla belli bir lojistik haz\u0131rl\u0131k yapt\u0131ktan sonra Brezilya\u2019da Santos ve Sao Paolo\u2019ya gidip buradaki akrabalar\u0131n\u0131n foto\u011fraf ve s\u00f6yle\u015filerini onlarla payla\u015farak benzer s\u00f6yle\u015fi ve belgesel \u00e7al\u0131\u015fmalar\u0131 orada s\u00fcrd\u00fcrmek olu\u015fturuyor. Bunu yapabilirsem, hem Antakyal\u0131 olman\u0131n sorumlulu\u011funu yerine getirmenin hem de belgesel foto\u011fraf\u00e7\u0131l\u0131\u011f\u0131m\u0131n hazz\u0131n\u0131 ya\u015fam\u0131\u015f ve gelecek nesillerin de bu bulu\u015fmadan haberdar olmalar\u0131n\u0131 sa\u011flaman\u0131n sevincini ya\u015fayabilece\u011fim.<\/p>\n<p>Pandemiden hemen \u00f6nce Mersin Brezilya Fahri Konsolosu C.S ile bu konuda hedeflerimi ve proje detaylar\u0131m\u0131 payla\u015fma imkan\u0131 buldum. Konsolosun s\u00f6yledikleri hala kula\u011f\u0131mda. \u201cBrezilyadaki Antakyal\u0131lar kadar kendime yak\u0131n hissetti\u011fim ba\u015fka topluluk yok neredeyse. Oralara ne zaman gitsem Antakyal\u0131lar misafirperverlikleri ile k\u00fcnefe, i\u00e7li k\u00f6fte gibi geleneksel yiyeceklerden beni mahrum b\u0131rakmazlar ve g\u00f6n\u00fcllerini a\u00e7arlar bana!\u201d Konsolos, bu proje hayalimi ger\u00e7e\u011fe \u00e7evirmemde bana yard\u0131mc\u0131 olaca\u011f\u0131n\u0131 s\u00f6yledi, ama pandemi ko\u015fullar\u0131 nedeniyle hala bir \u015fey yap\u0131lam\u0131yor maalesef! Bulu\u015fma Projesine ben manen haz\u0131r\u0131m, maddi destek buldu\u011fum anda da \u00f6nemli bir a\u015famaya gelmi\u015f olaca\u011f\u0131m\u0131 ve Brezilya\u2019da yapacaklar\u0131m\u0131 hayal etmeye devam ediyorum ve bu hayalimle ilgili destek verecek, foto\u011fraf ve an\u0131 payla\u015facaklar\u0131n katk\u0131lar\u0131 i\u00e7in \u015fimdiden te\u015fekk\u00fcr ederim.<\/p>\n<p><em>Notlar:<\/em><\/p>\n<p><em>Foto\u011fraf \u00f6n y\u00fcz\u00fcndeki yaz\u0131lar\u0131n \u00e7evirisi:<\/em><\/p>\n<p><em>1928 y\u0131l\u0131n\u0131n 23 Eyl\u00fcl ak\u015fam\u0131, Colizo Tiyatrosunda Antakyal\u0131lar Birli\u011fi Derne\u011fi\u2019nin (Antiochenes Union Association) destekleri ile Salah Aldin\u2019in tiyatro oyununda rol alan erkek ve kad\u0131nlar<\/em><\/p>\n<p><em>Soldan sa\u011fa adlar\u0131:<\/em><\/p>\n<ul>\n<li><em>Oturanlar: Elie Aboud Kabarity, Gerjy Abdul hak, Amin Wakil, Ms. Adele Najeeb Khoury, Ms. Mariana Rahmoush, Ms. Salma Najeeb Khoury, Hanna Najeeb Khoury,<\/em><\/li>\n<\/ul>\n<p><em>Elias Arab, Alexy Abdul hak.<\/em><\/p>\n<ul>\n<li><em>Ayaktakiler: Rizk Allah Kassis, Nicholas Obeida, Hanna Aydah, Salim Najeeb Khoury,<\/em><\/li>\n<\/ul>\n<p><em>Saba Abdul Maseeh Saba, Ebrahim Tadheesh, Elie Abdullah Dardakiye, Rizk Allah Najeeb Khoury, Hanna Kassis, Noury Shehadeh, Zakrouz Bsharah Mashta, Amin Hosh, Salim Afira,\u00a0 Gerjy Abdo, Hanna Abdullah Dardakiye.<\/em><\/p>\n<p><em>Sayg\u0131de\u011fer baban\u0131za ve k\u0131zkarde\u015flerinize sevgilerimle,<\/em><\/p>\n<p><em>Amin &amp; Iskandar<\/em><\/p>\n<p><em><strong>https:\/\/nehna.org\/brezilyadaki-antakyalilar-cok-eski-bir-fotograftan-guzel-bir-hayale-dogru\/\u00a0<\/strong><\/em><\/p>\n<\/div>\n<\/div>\n<\/div>\n<\/div>\n<\/div>\n<\/section>\n","protected":false},"excerpt":{"rendered":"<p>1980\u2019lerin sonlar\u0131na do\u011fru bir yaz g\u00fcn\u00fc, Antakya\u2019da babamlar\u0131 g\u00f6rmeye gitmi\u015ftik e\u015fimle. Babam o s\u0131ralar Antakya\u2019n\u0131n, 1970\u2019lerde yeni apartman ya\u015fam\u0131na ge\u00e7en \u201cZenginler Mahallesi\u201dnde d\u00fcr\u00fcstl\u00fc\u011f\u00fc ve i\u015findeki kalite anlay\u0131\u015f\u0131 ile tan\u0131nan bir in\u015faat boyac\u0131s\u0131 idi. Biz oradayken, bir g\u00fcn ak\u015fama do\u011fru eve d\u00f6nd\u00fc\u011f\u00fcnde gazeteye sar\u0131lm\u0131\u015f b\u00fcy\u00fck\u00e7e bir paket vard\u0131 elinde. Sordum bu ne diye. Yan\u0131t\u0131 \u201cEvini boyamakta [&hellip;]<\/p>\n","protected":false},"author":7,"featured_media":68538,"comment_status":"open","ping_status":"open","sticky":false,"template":"","format":"standard","meta":{"footnotes":""},"categories":[1],"tags":[],"class_list":["post-68537","post","type-post","status-publish","format-standard","has-post-thumbnail","hentry","category-haberler"],"yoast_head":"<!-- This site is optimized with the Yoast SEO plugin v27.4 - https:\/\/yoast.com\/product\/yoast-seo-wordpress\/ -->\n<title>Brezilya\u2019daki Antakyal\u0131lar: \u00c7ok Eski Bir Foto\u011fraftan G\u00fczel Bir Hayale Do\u011fru! - Bati Ermenistan Ve Bati Ermenileri Sorunlari Ara\u015ftirmalar Merkezi<\/title>\n<meta name=\"robots\" content=\"index, follow, max-snippet:-1, max-image-preview:large, max-video-preview:-1\" \/>\n<link rel=\"canonical\" href=\"https:\/\/akunq.net\/tr\/?p=68537\" \/>\n<meta property=\"og:locale\" content=\"en_US\" \/>\n<meta property=\"og:type\" content=\"article\" \/>\n<meta property=\"og:title\" content=\"Brezilya\u2019daki Antakyal\u0131lar: \u00c7ok Eski Bir Foto\u011fraftan G\u00fczel Bir Hayale Do\u011fru! - Bati Ermenistan Ve Bati Ermenileri Sorunlari Ara\u015ftirmalar Merkezi\" \/>\n<meta property=\"og:description\" content=\"1980\u2019lerin sonlar\u0131na do\u011fru bir yaz g\u00fcn\u00fc, Antakya\u2019da babamlar\u0131 g\u00f6rmeye gitmi\u015ftik e\u015fimle. Babam o s\u0131ralar Antakya\u2019n\u0131n, 1970\u2019lerde yeni apartman ya\u015fam\u0131na ge\u00e7en \u201cZenginler Mahallesi\u201dnde d\u00fcr\u00fcstl\u00fc\u011f\u00fc ve i\u015findeki kalite anlay\u0131\u015f\u0131 ile tan\u0131nan bir in\u015faat boyac\u0131s\u0131 idi. Biz oradayken, bir g\u00fcn ak\u015fama do\u011fru eve d\u00f6nd\u00fc\u011f\u00fcnde gazeteye sar\u0131lm\u0131\u015f b\u00fcy\u00fck\u00e7e bir paket vard\u0131 elinde. Sordum bu ne diye. Yan\u0131t\u0131 \u201cEvini boyamakta [&hellip;]\" \/>\n<meta property=\"og:url\" content=\"https:\/\/akunq.net\/tr\/?p=68537\" \/>\n<meta property=\"og:site_name\" content=\"Bati Ermenistan Ve Bati Ermenileri Sorunlari Ara\u015ftirmalar Merkezi\" \/>\n<meta property=\"article:published_time\" content=\"2022-05-16T08:11:30+00:00\" \/>\n<meta property=\"og:image\" content=\"https:\/\/akunq.net\/tr\/wp-content\/uploads\/sites\/6\/2022\/05\/Brezilya\u2019daki-Antakyal\u0131lar.jpg\" \/>\n\t<meta property=\"og:image:width\" content=\"455\" \/>\n\t<meta property=\"og:image:height\" content=\"330\" \/>\n\t<meta property=\"og:image:type\" content=\"image\/jpeg\" \/>\n<meta name=\"author\" content=\"admin\" \/>\n<meta name=\"twitter:card\" content=\"summary_large_image\" \/>\n<meta name=\"twitter:label1\" content=\"Written by\" \/>\n\t<meta name=\"twitter:data1\" content=\"admin\" \/>\n\t<meta name=\"twitter:label2\" content=\"Est. reading time\" \/>\n\t<meta name=\"twitter:data2\" content=\"4 minutes\" \/>\n<script type=\"application\/ld+json\" class=\"yoast-schema-graph\">{\"@context\":\"https:\\\/\\\/schema.org\",\"@graph\":[{\"@type\":\"Article\",\"@id\":\"https:\\\/\\\/akunq.net\\\/tr\\\/?p=68537#article\",\"isPartOf\":{\"@id\":\"https:\\\/\\\/akunq.net\\\/tr\\\/?p=68537\"},\"author\":{\"name\":\"admin\",\"@id\":\"https:\\\/\\\/akunq.net\\\/tr\\\/#\\\/schema\\\/person\\\/096f1d38a12cce57fb855b485ed24c9e\"},\"headline\":\"Brezilya\u2019daki Antakyal\u0131lar: \u00c7ok Eski Bir Foto\u011fraftan G\u00fczel Bir Hayale Do\u011fru!\",\"datePublished\":\"2022-05-16T08:11:30+00:00\",\"mainEntityOfPage\":{\"@id\":\"https:\\\/\\\/akunq.net\\\/tr\\\/?p=68537\"},\"wordCount\":813,\"commentCount\":0,\"image\":{\"@id\":\"https:\\\/\\\/akunq.net\\\/tr\\\/?p=68537#primaryimage\"},\"thumbnailUrl\":\"https:\\\/\\\/akunq.net\\\/tr\\\/wp-content\\\/uploads\\\/sites\\\/6\\\/2022\\\/05\\\/Brezilya\u2019daki-Antakyal\u0131lar.jpg\",\"articleSection\":[\"Haberler\"],\"inLanguage\":\"en-US\",\"potentialAction\":[{\"@type\":\"CommentAction\",\"name\":\"Comment\",\"target\":[\"https:\\\/\\\/akunq.net\\\/tr\\\/?p=68537#respond\"]}]},{\"@type\":\"WebPage\",\"@id\":\"https:\\\/\\\/akunq.net\\\/tr\\\/?p=68537\",\"url\":\"https:\\\/\\\/akunq.net\\\/tr\\\/?p=68537\",\"name\":\"Brezilya\u2019daki Antakyal\u0131lar: \u00c7ok Eski Bir Foto\u011fraftan G\u00fczel Bir Hayale Do\u011fru! - Bati Ermenistan Ve Bati Ermenileri Sorunlari Ara\u015ftirmalar Merkezi\",\"isPartOf\":{\"@id\":\"https:\\\/\\\/akunq.net\\\/tr\\\/#website\"},\"primaryImageOfPage\":{\"@id\":\"https:\\\/\\\/akunq.net\\\/tr\\\/?p=68537#primaryimage\"},\"image\":{\"@id\":\"https:\\\/\\\/akunq.net\\\/tr\\\/?p=68537#primaryimage\"},\"thumbnailUrl\":\"https:\\\/\\\/akunq.net\\\/tr\\\/wp-content\\\/uploads\\\/sites\\\/6\\\/2022\\\/05\\\/Brezilya\u2019daki-Antakyal\u0131lar.jpg\",\"datePublished\":\"2022-05-16T08:11:30+00:00\",\"author\":{\"@id\":\"https:\\\/\\\/akunq.net\\\/tr\\\/#\\\/schema\\\/person\\\/096f1d38a12cce57fb855b485ed24c9e\"},\"breadcrumb\":{\"@id\":\"https:\\\/\\\/akunq.net\\\/tr\\\/?p=68537#breadcrumb\"},\"inLanguage\":\"en-US\",\"potentialAction\":[{\"@type\":\"ReadAction\",\"target\":[\"https:\\\/\\\/akunq.net\\\/tr\\\/?p=68537\"]}]},{\"@type\":\"ImageObject\",\"inLanguage\":\"en-US\",\"@id\":\"https:\\\/\\\/akunq.net\\\/tr\\\/?p=68537#primaryimage\",\"url\":\"https:\\\/\\\/akunq.net\\\/tr\\\/wp-content\\\/uploads\\\/sites\\\/6\\\/2022\\\/05\\\/Brezilya\u2019daki-Antakyal\u0131lar.jpg\",\"contentUrl\":\"https:\\\/\\\/akunq.net\\\/tr\\\/wp-content\\\/uploads\\\/sites\\\/6\\\/2022\\\/05\\\/Brezilya\u2019daki-Antakyal\u0131lar.jpg\",\"width\":455,\"height\":330},{\"@type\":\"BreadcrumbList\",\"@id\":\"https:\\\/\\\/akunq.net\\\/tr\\\/?p=68537#breadcrumb\",\"itemListElement\":[{\"@type\":\"ListItem\",\"position\":1,\"name\":\"Home\",\"item\":\"https:\\\/\\\/akunq.net\\\/tr\"},{\"@type\":\"ListItem\",\"position\":2,\"name\":\"Brezilya\u2019daki Antakyal\u0131lar: \u00c7ok Eski Bir Foto\u011fraftan G\u00fczel Bir Hayale Do\u011fru!\"}]},{\"@type\":\"WebSite\",\"@id\":\"https:\\\/\\\/akunq.net\\\/tr\\\/#website\",\"url\":\"https:\\\/\\\/akunq.net\\\/tr\\\/\",\"name\":\"Bati Ermenistan Ve Bati Ermenileri Sorunlari Ara\u015ftirmalar Merkezi\",\"description\":\"\",\"potentialAction\":[{\"@type\":\"SearchAction\",\"target\":{\"@type\":\"EntryPoint\",\"urlTemplate\":\"https:\\\/\\\/akunq.net\\\/tr\\\/?s={search_term_string}\"},\"query-input\":{\"@type\":\"PropertyValueSpecification\",\"valueRequired\":true,\"valueName\":\"search_term_string\"}}],\"inLanguage\":\"en-US\"},{\"@type\":\"Person\",\"@id\":\"https:\\\/\\\/akunq.net\\\/tr\\\/#\\\/schema\\\/person\\\/096f1d38a12cce57fb855b485ed24c9e\",\"name\":\"admin\",\"url\":\"https:\\\/\\\/akunq.net\\\/tr\\\/?author=7\"}]}<\/script>\n<!-- \/ Yoast SEO plugin. -->","yoast_head_json":{"title":"Brezilya\u2019daki Antakyal\u0131lar: \u00c7ok Eski Bir Foto\u011fraftan G\u00fczel Bir Hayale Do\u011fru! - Bati Ermenistan Ve Bati Ermenileri Sorunlari Ara\u015ftirmalar Merkezi","robots":{"index":"index","follow":"follow","max-snippet":"max-snippet:-1","max-image-preview":"max-image-preview:large","max-video-preview":"max-video-preview:-1"},"canonical":"https:\/\/akunq.net\/tr\/?p=68537","og_locale":"en_US","og_type":"article","og_title":"Brezilya\u2019daki Antakyal\u0131lar: \u00c7ok Eski Bir Foto\u011fraftan G\u00fczel Bir Hayale Do\u011fru! - Bati Ermenistan Ve Bati Ermenileri Sorunlari Ara\u015ftirmalar Merkezi","og_description":"1980\u2019lerin sonlar\u0131na do\u011fru bir yaz g\u00fcn\u00fc, Antakya\u2019da babamlar\u0131 g\u00f6rmeye gitmi\u015ftik e\u015fimle. Babam o s\u0131ralar Antakya\u2019n\u0131n, 1970\u2019lerde yeni apartman ya\u015fam\u0131na ge\u00e7en \u201cZenginler Mahallesi\u201dnde d\u00fcr\u00fcstl\u00fc\u011f\u00fc ve i\u015findeki kalite anlay\u0131\u015f\u0131 ile tan\u0131nan bir in\u015faat boyac\u0131s\u0131 idi. Biz oradayken, bir g\u00fcn ak\u015fama do\u011fru eve d\u00f6nd\u00fc\u011f\u00fcnde gazeteye sar\u0131lm\u0131\u015f b\u00fcy\u00fck\u00e7e bir paket vard\u0131 elinde. Sordum bu ne diye. Yan\u0131t\u0131 \u201cEvini boyamakta [&hellip;]","og_url":"https:\/\/akunq.net\/tr\/?p=68537","og_site_name":"Bati Ermenistan Ve Bati Ermenileri Sorunlari Ara\u015ftirmalar Merkezi","article_published_time":"2022-05-16T08:11:30+00:00","og_image":[{"width":455,"height":330,"url":"https:\/\/akunq.net\/tr\/wp-content\/uploads\/sites\/6\/2022\/05\/Brezilya\u2019daki-Antakyal\u0131lar.jpg","type":"image\/jpeg"}],"author":"admin","twitter_card":"summary_large_image","twitter_misc":{"Written by":"admin","Est. reading time":"4 minutes"},"schema":{"@context":"https:\/\/schema.org","@graph":[{"@type":"Article","@id":"https:\/\/akunq.net\/tr\/?p=68537#article","isPartOf":{"@id":"https:\/\/akunq.net\/tr\/?p=68537"},"author":{"name":"admin","@id":"https:\/\/akunq.net\/tr\/#\/schema\/person\/096f1d38a12cce57fb855b485ed24c9e"},"headline":"Brezilya\u2019daki Antakyal\u0131lar: \u00c7ok Eski Bir Foto\u011fraftan G\u00fczel Bir Hayale Do\u011fru!","datePublished":"2022-05-16T08:11:30+00:00","mainEntityOfPage":{"@id":"https:\/\/akunq.net\/tr\/?p=68537"},"wordCount":813,"commentCount":0,"image":{"@id":"https:\/\/akunq.net\/tr\/?p=68537#primaryimage"},"thumbnailUrl":"https:\/\/akunq.net\/tr\/wp-content\/uploads\/sites\/6\/2022\/05\/Brezilya\u2019daki-Antakyal\u0131lar.jpg","articleSection":["Haberler"],"inLanguage":"en-US","potentialAction":[{"@type":"CommentAction","name":"Comment","target":["https:\/\/akunq.net\/tr\/?p=68537#respond"]}]},{"@type":"WebPage","@id":"https:\/\/akunq.net\/tr\/?p=68537","url":"https:\/\/akunq.net\/tr\/?p=68537","name":"Brezilya\u2019daki Antakyal\u0131lar: \u00c7ok Eski Bir Foto\u011fraftan G\u00fczel Bir Hayale Do\u011fru! - Bati Ermenistan Ve Bati Ermenileri Sorunlari Ara\u015ftirmalar Merkezi","isPartOf":{"@id":"https:\/\/akunq.net\/tr\/#website"},"primaryImageOfPage":{"@id":"https:\/\/akunq.net\/tr\/?p=68537#primaryimage"},"image":{"@id":"https:\/\/akunq.net\/tr\/?p=68537#primaryimage"},"thumbnailUrl":"https:\/\/akunq.net\/tr\/wp-content\/uploads\/sites\/6\/2022\/05\/Brezilya\u2019daki-Antakyal\u0131lar.jpg","datePublished":"2022-05-16T08:11:30+00:00","author":{"@id":"https:\/\/akunq.net\/tr\/#\/schema\/person\/096f1d38a12cce57fb855b485ed24c9e"},"breadcrumb":{"@id":"https:\/\/akunq.net\/tr\/?p=68537#breadcrumb"},"inLanguage":"en-US","potentialAction":[{"@type":"ReadAction","target":["https:\/\/akunq.net\/tr\/?p=68537"]}]},{"@type":"ImageObject","inLanguage":"en-US","@id":"https:\/\/akunq.net\/tr\/?p=68537#primaryimage","url":"https:\/\/akunq.net\/tr\/wp-content\/uploads\/sites\/6\/2022\/05\/Brezilya\u2019daki-Antakyal\u0131lar.jpg","contentUrl":"https:\/\/akunq.net\/tr\/wp-content\/uploads\/sites\/6\/2022\/05\/Brezilya\u2019daki-Antakyal\u0131lar.jpg","width":455,"height":330},{"@type":"BreadcrumbList","@id":"https:\/\/akunq.net\/tr\/?p=68537#breadcrumb","itemListElement":[{"@type":"ListItem","position":1,"name":"Home","item":"https:\/\/akunq.net\/tr"},{"@type":"ListItem","position":2,"name":"Brezilya\u2019daki Antakyal\u0131lar: \u00c7ok Eski Bir Foto\u011fraftan G\u00fczel Bir Hayale Do\u011fru!"}]},{"@type":"WebSite","@id":"https:\/\/akunq.net\/tr\/#website","url":"https:\/\/akunq.net\/tr\/","name":"Bati Ermenistan Ve Bati Ermenileri Sorunlari Ara\u015ftirmalar Merkezi","description":"","potentialAction":[{"@type":"SearchAction","target":{"@type":"EntryPoint","urlTemplate":"https:\/\/akunq.net\/tr\/?s={search_term_string}"},"query-input":{"@type":"PropertyValueSpecification","valueRequired":true,"valueName":"search_term_string"}}],"inLanguage":"en-US"},{"@type":"Person","@id":"https:\/\/akunq.net\/tr\/#\/schema\/person\/096f1d38a12cce57fb855b485ed24c9e","name":"admin","url":"https:\/\/akunq.net\/tr\/?author=7"}]}},"_links":{"self":[{"href":"https:\/\/akunq.net\/tr\/index.php?rest_route=\/wp\/v2\/posts\/68537","targetHints":{"allow":["GET"]}}],"collection":[{"href":"https:\/\/akunq.net\/tr\/index.php?rest_route=\/wp\/v2\/posts"}],"about":[{"href":"https:\/\/akunq.net\/tr\/index.php?rest_route=\/wp\/v2\/types\/post"}],"author":[{"embeddable":true,"href":"https:\/\/akunq.net\/tr\/index.php?rest_route=\/wp\/v2\/users\/7"}],"replies":[{"embeddable":true,"href":"https:\/\/akunq.net\/tr\/index.php?rest_route=%2Fwp%2Fv2%2Fcomments&post=68537"}],"version-history":[{"count":1,"href":"https:\/\/akunq.net\/tr\/index.php?rest_route=\/wp\/v2\/posts\/68537\/revisions"}],"predecessor-version":[{"id":68539,"href":"https:\/\/akunq.net\/tr\/index.php?rest_route=\/wp\/v2\/posts\/68537\/revisions\/68539"}],"wp:featuredmedia":[{"embeddable":true,"href":"https:\/\/akunq.net\/tr\/index.php?rest_route=\/wp\/v2\/media\/68538"}],"wp:attachment":[{"href":"https:\/\/akunq.net\/tr\/index.php?rest_route=%2Fwp%2Fv2%2Fmedia&parent=68537"}],"wp:term":[{"taxonomy":"category","embeddable":true,"href":"https:\/\/akunq.net\/tr\/index.php?rest_route=%2Fwp%2Fv2%2Fcategories&post=68537"},{"taxonomy":"post_tag","embeddable":true,"href":"https:\/\/akunq.net\/tr\/index.php?rest_route=%2Fwp%2Fv2%2Ftags&post=68537"}],"curies":[{"name":"wp","href":"https:\/\/api.w.org\/{rel}","templated":true}]}}