{"id":68530,"date":"2022-05-16T01:41:52","date_gmt":"2022-05-16T06:41:52","guid":{"rendered":"https:\/\/akunq.net\/tr\/?p=68530"},"modified":"2022-05-16T01:41:52","modified_gmt":"2022-05-16T06:41:52","slug":"buyukada-bulunan-tarihi-sarnicin-arkasindaki-gercekler-ortaya-cikti","status":"publish","type":"post","link":"https:\/\/akunq.net\/tr\/?p=68530","title":{"rendered":"B\u00fcy\u00fckada bulunan tarihi sarn\u0131c\u0131n arkas\u0131ndaki ger\u00e7ekler ortaya \u00e7\u0131kt\u0131!"},"content":{"rendered":"<p><img loading=\"lazy\" decoding=\"async\" class=\"aligncenter size-medium wp-image-68531\" src=\"https:\/\/akunq.net\/tr\/wp-content\/uploads\/2022\/05\/B\u00fcy\u00fckada-360x213.jpg\" alt=\"\" width=\"360\" height=\"213\" srcset=\"https:\/\/akunq.net\/tr\/wp-content\/uploads\/sites\/6\/2022\/05\/B\u00fcy\u00fckada-360x213.jpg 360w, https:\/\/akunq.net\/tr\/wp-content\/uploads\/sites\/6\/2022\/05\/B\u00fcy\u00fckada-560x332.jpg 560w, https:\/\/akunq.net\/tr\/wp-content\/uploads\/sites\/6\/2022\/05\/B\u00fcy\u00fckada-260x154.jpg 260w, https:\/\/akunq.net\/tr\/wp-content\/uploads\/sites\/6\/2022\/05\/B\u00fcy\u00fckada-160x95.jpg 160w, https:\/\/akunq.net\/tr\/wp-content\/uploads\/sites\/6\/2022\/05\/B\u00fcy\u00fckada.jpg 760w\" sizes=\"auto, (max-width: 360px) 100vw, 360px\" \/><\/p>\n<p><strong><em>Gazetemiz s\u0131r gibi saklanan 1938 tarihli B\u00fcy\u00fckada\u2019n\u0131n halihaz\u0131r paftalar\u0131na ula\u015ft\u0131. Paftalarda bir \u00e7ok ger\u00e7ek su \u00fcst\u00fcne \u00e7\u0131kt\u0131.<\/em><\/strong><\/p>\n<p>B\u00fcy\u00fckada\u2018da \u0130SK\u0130\u2019nin yapt\u0131\u011f\u0131 kaz\u0131 \u00e7al\u0131\u015fmalar\u0131 s\u0131ras\u0131nda Bizans D\u00f6nemine ait oldu\u011fu tahmin edilen su sarn\u0131c\u0131 kal\u0131nt\u0131lar\u0131 bulundu. \u00a0Tarihi B\u00fcy\u00fckada Rum Panayia Kilisesi\u2019ne ait olan alanda Bizans d\u00f6neminden kalma oldu\u011fu tahmin edilen tarihi sarn\u0131c\u0131n 2,5 metre boyunda duvarlar\u0131 har\u00e7larla kuvvetlendirilmi\u015f oldu\u011fu g\u00f6r\u00fcld\u00fc. Bizansl\u0131lar Ada d\u0131\u015f\u0131ndan gelen sular\u0131 a\u00e7\u0131k ve kapal\u0131 sarn\u0131\u00e7larda topluyorlard\u0131. Bunun da nedeni Ada\u2019n\u0131n su gereksiniminin kar\u015f\u0131lanmas\u0131 kadar, atlar\u0131n da susuz kalmamas\u0131yd\u0131.<\/p>\n<h2>Gazetemiz s\u0131r gibi saklanan 1938 tarihli B\u00fcy\u00fckada\u2019n\u0131n halihaz\u0131r paftalar\u0131na ula\u015ft\u0131.<\/h2>\n<p>Haritay\u0131 inceleme ba\u015flad\u0131\u011f\u0131m\u0131zda,<\/p>\n<p>373 rakam\u0131n\u0131n sa\u011f taraf\u0131nda pembe bir alan var. O pembe alan\u0131n sa\u011f \u00fcst k\u00f6\u015fesi kaz\u0131da ortaya \u00e7\u0131kan sarn\u0131c\u0131n oldu\u011fu yer. O paftan\u0131n yukar\u0131s\u0131nda 377 rakam\u0131 var. Onun sol taraf\u0131nda pembe bir alan var, \u00fczerinde kilise yaz\u0131yor. Bu \u015fu an ki mevcut kilise Rum Panayia Kilisesi.<\/p>\n<p>377 rakam\u0131n\u0131n hemen yan\u0131ndaki beyaz alan ise<\/p>\n<p>Bu alan\u0131n 377 rakaml\u0131 yere yak\u0131n kalan taraf, \u015fu an \u0130ETT ara\u00e7lar\u0131 \u015fof\u00f6rlerinin oturdu\u011fu yer, kule gibi binan\u0131n oldu\u011fu yer.<\/p>\n<p>Onun alt\u0131 \u015fu an meydan olan k\u0131s\u0131m. Pembe renkli alan da dini yap\u0131 alan\u0131. Kilise olan yerleri pembe renkle paftalam\u0131\u015flar, renklendirmi\u015fler. \u015eu an oras\u0131 meydan. \u00a01938 tarihli halihaz\u0131r paftalar\u0131nda burada kilise kal\u0131nt\u0131lar\u0131 varm\u0131\u015f zaten.<\/p>\n<p>Sol tarafa geldi\u011fimizde, meydanda 8\u2019gen \u015feklinde olan yer saat kulesi. \u00a0Buras\u0131 da pembe renkle paftalanm\u0131\u015f. \u00a0Yani buras\u0131da korunmas\u0131 gereken yer olarak i\u015faretlenmi\u015f.<\/p>\n<p>Buran\u0131n sol alt\u0131nda ye\u015fil bir oval alan var. \u00dczerinde park yaz\u0131yor. Buras\u0131 ise Aya Yani Kilisesinin ama 1927 y\u0131l\u0131nda y\u0131k\u0131lm\u0131\u015f, 1938 y\u0131l\u0131nda da ye\u015fil park alan\u0131na \u00e7evirmi\u015fler ama di\u011fer pembe olarak renklendirilen alanlar dini yap\u0131 alan\u0131 olarak i\u015faretlenmi\u015f.Yani sarn\u0131c\u0131n oldu\u011fu b\u00f6l\u00fcm etraf\u0131yla beraber dini yap\u0131 alan\u0131 olarak i\u015faretlenmi\u015f.<\/p>\n<p>Bilhassa sarn\u0131c\u0131n oldu\u011fu yer dini yap\u0131 alan\u0131 olarak i\u015faretlenmi\u015f.<\/p>\n<p><em><strong>\u015e\u00fckr\u00fc ABANOZ<\/strong><\/em><\/p>\n<p><em><strong><a href=\"https:\/\/www.adagazetesi.com.tr\/buyukada-bulunan-tarihi-sarnicin-arkasindaki-gercekler-ortaya-cikti.html\">https:\/\/www.adagazetesi.com.tr\/buyukada-bulunan-tarihi-sarnicin-arkasindaki-gercekler-ortaya-cikti.html<\/a>\u00a0<\/strong><\/em><\/p>\n","protected":false},"excerpt":{"rendered":"<p>Gazetemiz s\u0131r gibi saklanan 1938 tarihli B\u00fcy\u00fckada\u2019n\u0131n halihaz\u0131r paftalar\u0131na ula\u015ft\u0131. Paftalarda bir \u00e7ok ger\u00e7ek su \u00fcst\u00fcne \u00e7\u0131kt\u0131. B\u00fcy\u00fckada\u2018da \u0130SK\u0130\u2019nin yapt\u0131\u011f\u0131 kaz\u0131 \u00e7al\u0131\u015fmalar\u0131 s\u0131ras\u0131nda Bizans D\u00f6nemine ait oldu\u011fu tahmin edilen su sarn\u0131c\u0131 kal\u0131nt\u0131lar\u0131 bulundu. \u00a0Tarihi B\u00fcy\u00fckada Rum Panayia Kilisesi\u2019ne ait olan alanda Bizans d\u00f6neminden kalma oldu\u011fu tahmin edilen tarihi sarn\u0131c\u0131n 2,5 metre boyunda duvarlar\u0131 har\u00e7larla kuvvetlendirilmi\u015f [&hellip;]<\/p>\n","protected":false},"author":7,"featured_media":68531,"comment_status":"open","ping_status":"open","sticky":false,"template":"","format":"standard","meta":{"footnotes":""},"categories":[1],"tags":[],"class_list":["post-68530","post","type-post","status-publish","format-standard","has-post-thumbnail","hentry","category-haberler"],"yoast_head":"<!-- This site is optimized with the Yoast SEO plugin v27.4 - https:\/\/yoast.com\/product\/yoast-seo-wordpress\/ -->\n<title>B\u00fcy\u00fckada bulunan tarihi sarn\u0131c\u0131n arkas\u0131ndaki ger\u00e7ekler ortaya \u00e7\u0131kt\u0131! - Bati Ermenistan Ve Bati Ermenileri Sorunlari Ara\u015ftirmalar Merkezi<\/title>\n<meta name=\"robots\" content=\"index, follow, max-snippet:-1, max-image-preview:large, max-video-preview:-1\" \/>\n<link rel=\"canonical\" href=\"https:\/\/akunq.net\/tr\/?p=68530\" \/>\n<meta property=\"og:locale\" content=\"en_US\" \/>\n<meta property=\"og:type\" content=\"article\" \/>\n<meta property=\"og:title\" content=\"B\u00fcy\u00fckada bulunan tarihi sarn\u0131c\u0131n arkas\u0131ndaki ger\u00e7ekler ortaya \u00e7\u0131kt\u0131! - Bati Ermenistan Ve Bati Ermenileri Sorunlari Ara\u015ftirmalar Merkezi\" \/>\n<meta property=\"og:description\" content=\"Gazetemiz s\u0131r gibi saklanan 1938 tarihli B\u00fcy\u00fckada\u2019n\u0131n halihaz\u0131r paftalar\u0131na ula\u015ft\u0131. Paftalarda bir \u00e7ok ger\u00e7ek su \u00fcst\u00fcne \u00e7\u0131kt\u0131. B\u00fcy\u00fckada\u2018da \u0130SK\u0130\u2019nin yapt\u0131\u011f\u0131 kaz\u0131 \u00e7al\u0131\u015fmalar\u0131 s\u0131ras\u0131nda Bizans D\u00f6nemine ait oldu\u011fu tahmin edilen su sarn\u0131c\u0131 kal\u0131nt\u0131lar\u0131 bulundu. \u00a0Tarihi B\u00fcy\u00fckada Rum Panayia Kilisesi\u2019ne ait olan alanda Bizans d\u00f6neminden kalma oldu\u011fu tahmin edilen tarihi sarn\u0131c\u0131n 2,5 metre boyunda duvarlar\u0131 har\u00e7larla kuvvetlendirilmi\u015f [&hellip;]\" \/>\n<meta property=\"og:url\" content=\"https:\/\/akunq.net\/tr\/?p=68530\" \/>\n<meta property=\"og:site_name\" content=\"Bati Ermenistan Ve Bati Ermenileri Sorunlari Ara\u015ftirmalar Merkezi\" \/>\n<meta property=\"article:published_time\" content=\"2022-05-16T06:41:52+00:00\" \/>\n<meta property=\"og:image\" content=\"https:\/\/akunq.net\/tr\/wp-content\/uploads\/sites\/6\/2022\/05\/B\u00fcy\u00fckada.jpg\" \/>\n\t<meta property=\"og:image:width\" content=\"760\" \/>\n\t<meta property=\"og:image:height\" content=\"450\" \/>\n\t<meta property=\"og:image:type\" content=\"image\/jpeg\" \/>\n<meta name=\"author\" content=\"admin\" \/>\n<meta name=\"twitter:card\" content=\"summary_large_image\" \/>\n<meta name=\"twitter:label1\" content=\"Written by\" \/>\n\t<meta name=\"twitter:data1\" content=\"admin\" \/>\n\t<meta name=\"twitter:label2\" content=\"Est. reading time\" \/>\n\t<meta name=\"twitter:data2\" content=\"2 minutes\" \/>\n<script type=\"application\/ld+json\" class=\"yoast-schema-graph\">{\"@context\":\"https:\\\/\\\/schema.org\",\"@graph\":[{\"@type\":\"Article\",\"@id\":\"https:\\\/\\\/akunq.net\\\/tr\\\/?p=68530#article\",\"isPartOf\":{\"@id\":\"https:\\\/\\\/akunq.net\\\/tr\\\/?p=68530\"},\"author\":{\"name\":\"admin\",\"@id\":\"https:\\\/\\\/akunq.net\\\/tr\\\/#\\\/schema\\\/person\\\/096f1d38a12cce57fb855b485ed24c9e\"},\"headline\":\"B\u00fcy\u00fckada bulunan tarihi sarn\u0131c\u0131n arkas\u0131ndaki ger\u00e7ekler ortaya \u00e7\u0131kt\u0131!\",\"datePublished\":\"2022-05-16T06:41:52+00:00\",\"mainEntityOfPage\":{\"@id\":\"https:\\\/\\\/akunq.net\\\/tr\\\/?p=68530\"},\"wordCount\":405,\"commentCount\":0,\"image\":{\"@id\":\"https:\\\/\\\/akunq.net\\\/tr\\\/?p=68530#primaryimage\"},\"thumbnailUrl\":\"https:\\\/\\\/akunq.net\\\/tr\\\/wp-content\\\/uploads\\\/sites\\\/6\\\/2022\\\/05\\\/B\u00fcy\u00fckada.jpg\",\"articleSection\":[\"Haberler\"],\"inLanguage\":\"en-US\",\"potentialAction\":[{\"@type\":\"CommentAction\",\"name\":\"Comment\",\"target\":[\"https:\\\/\\\/akunq.net\\\/tr\\\/?p=68530#respond\"]}]},{\"@type\":\"WebPage\",\"@id\":\"https:\\\/\\\/akunq.net\\\/tr\\\/?p=68530\",\"url\":\"https:\\\/\\\/akunq.net\\\/tr\\\/?p=68530\",\"name\":\"B\u00fcy\u00fckada bulunan tarihi sarn\u0131c\u0131n arkas\u0131ndaki ger\u00e7ekler ortaya \u00e7\u0131kt\u0131! - Bati Ermenistan Ve Bati Ermenileri Sorunlari Ara\u015ftirmalar Merkezi\",\"isPartOf\":{\"@id\":\"https:\\\/\\\/akunq.net\\\/tr\\\/#website\"},\"primaryImageOfPage\":{\"@id\":\"https:\\\/\\\/akunq.net\\\/tr\\\/?p=68530#primaryimage\"},\"image\":{\"@id\":\"https:\\\/\\\/akunq.net\\\/tr\\\/?p=68530#primaryimage\"},\"thumbnailUrl\":\"https:\\\/\\\/akunq.net\\\/tr\\\/wp-content\\\/uploads\\\/sites\\\/6\\\/2022\\\/05\\\/B\u00fcy\u00fckada.jpg\",\"datePublished\":\"2022-05-16T06:41:52+00:00\",\"author\":{\"@id\":\"https:\\\/\\\/akunq.net\\\/tr\\\/#\\\/schema\\\/person\\\/096f1d38a12cce57fb855b485ed24c9e\"},\"breadcrumb\":{\"@id\":\"https:\\\/\\\/akunq.net\\\/tr\\\/?p=68530#breadcrumb\"},\"inLanguage\":\"en-US\",\"potentialAction\":[{\"@type\":\"ReadAction\",\"target\":[\"https:\\\/\\\/akunq.net\\\/tr\\\/?p=68530\"]}]},{\"@type\":\"ImageObject\",\"inLanguage\":\"en-US\",\"@id\":\"https:\\\/\\\/akunq.net\\\/tr\\\/?p=68530#primaryimage\",\"url\":\"https:\\\/\\\/akunq.net\\\/tr\\\/wp-content\\\/uploads\\\/sites\\\/6\\\/2022\\\/05\\\/B\u00fcy\u00fckada.jpg\",\"contentUrl\":\"https:\\\/\\\/akunq.net\\\/tr\\\/wp-content\\\/uploads\\\/sites\\\/6\\\/2022\\\/05\\\/B\u00fcy\u00fckada.jpg\",\"width\":760,\"height\":450},{\"@type\":\"BreadcrumbList\",\"@id\":\"https:\\\/\\\/akunq.net\\\/tr\\\/?p=68530#breadcrumb\",\"itemListElement\":[{\"@type\":\"ListItem\",\"position\":1,\"name\":\"Home\",\"item\":\"https:\\\/\\\/akunq.net\\\/tr\"},{\"@type\":\"ListItem\",\"position\":2,\"name\":\"B\u00fcy\u00fckada bulunan tarihi sarn\u0131c\u0131n arkas\u0131ndaki ger\u00e7ekler ortaya \u00e7\u0131kt\u0131!\"}]},{\"@type\":\"WebSite\",\"@id\":\"https:\\\/\\\/akunq.net\\\/tr\\\/#website\",\"url\":\"https:\\\/\\\/akunq.net\\\/tr\\\/\",\"name\":\"Bati Ermenistan Ve Bati Ermenileri Sorunlari Ara\u015ftirmalar Merkezi\",\"description\":\"\",\"potentialAction\":[{\"@type\":\"SearchAction\",\"target\":{\"@type\":\"EntryPoint\",\"urlTemplate\":\"https:\\\/\\\/akunq.net\\\/tr\\\/?s={search_term_string}\"},\"query-input\":{\"@type\":\"PropertyValueSpecification\",\"valueRequired\":true,\"valueName\":\"search_term_string\"}}],\"inLanguage\":\"en-US\"},{\"@type\":\"Person\",\"@id\":\"https:\\\/\\\/akunq.net\\\/tr\\\/#\\\/schema\\\/person\\\/096f1d38a12cce57fb855b485ed24c9e\",\"name\":\"admin\",\"url\":\"https:\\\/\\\/akunq.net\\\/tr\\\/?author=7\"}]}<\/script>\n<!-- \/ Yoast SEO plugin. -->","yoast_head_json":{"title":"B\u00fcy\u00fckada bulunan tarihi sarn\u0131c\u0131n arkas\u0131ndaki ger\u00e7ekler ortaya \u00e7\u0131kt\u0131! - Bati Ermenistan Ve Bati Ermenileri Sorunlari Ara\u015ftirmalar Merkezi","robots":{"index":"index","follow":"follow","max-snippet":"max-snippet:-1","max-image-preview":"max-image-preview:large","max-video-preview":"max-video-preview:-1"},"canonical":"https:\/\/akunq.net\/tr\/?p=68530","og_locale":"en_US","og_type":"article","og_title":"B\u00fcy\u00fckada bulunan tarihi sarn\u0131c\u0131n arkas\u0131ndaki ger\u00e7ekler ortaya \u00e7\u0131kt\u0131! - Bati Ermenistan Ve Bati Ermenileri Sorunlari Ara\u015ftirmalar Merkezi","og_description":"Gazetemiz s\u0131r gibi saklanan 1938 tarihli B\u00fcy\u00fckada\u2019n\u0131n halihaz\u0131r paftalar\u0131na ula\u015ft\u0131. Paftalarda bir \u00e7ok ger\u00e7ek su \u00fcst\u00fcne \u00e7\u0131kt\u0131. B\u00fcy\u00fckada\u2018da \u0130SK\u0130\u2019nin yapt\u0131\u011f\u0131 kaz\u0131 \u00e7al\u0131\u015fmalar\u0131 s\u0131ras\u0131nda Bizans D\u00f6nemine ait oldu\u011fu tahmin edilen su sarn\u0131c\u0131 kal\u0131nt\u0131lar\u0131 bulundu. \u00a0Tarihi B\u00fcy\u00fckada Rum Panayia Kilisesi\u2019ne ait olan alanda Bizans d\u00f6neminden kalma oldu\u011fu tahmin edilen tarihi sarn\u0131c\u0131n 2,5 metre boyunda duvarlar\u0131 har\u00e7larla kuvvetlendirilmi\u015f [&hellip;]","og_url":"https:\/\/akunq.net\/tr\/?p=68530","og_site_name":"Bati Ermenistan Ve Bati Ermenileri Sorunlari Ara\u015ftirmalar Merkezi","article_published_time":"2022-05-16T06:41:52+00:00","og_image":[{"width":760,"height":450,"url":"https:\/\/akunq.net\/tr\/wp-content\/uploads\/sites\/6\/2022\/05\/B\u00fcy\u00fckada.jpg","type":"image\/jpeg"}],"author":"admin","twitter_card":"summary_large_image","twitter_misc":{"Written by":"admin","Est. reading time":"2 minutes"},"schema":{"@context":"https:\/\/schema.org","@graph":[{"@type":"Article","@id":"https:\/\/akunq.net\/tr\/?p=68530#article","isPartOf":{"@id":"https:\/\/akunq.net\/tr\/?p=68530"},"author":{"name":"admin","@id":"https:\/\/akunq.net\/tr\/#\/schema\/person\/096f1d38a12cce57fb855b485ed24c9e"},"headline":"B\u00fcy\u00fckada bulunan tarihi sarn\u0131c\u0131n arkas\u0131ndaki ger\u00e7ekler ortaya \u00e7\u0131kt\u0131!","datePublished":"2022-05-16T06:41:52+00:00","mainEntityOfPage":{"@id":"https:\/\/akunq.net\/tr\/?p=68530"},"wordCount":405,"commentCount":0,"image":{"@id":"https:\/\/akunq.net\/tr\/?p=68530#primaryimage"},"thumbnailUrl":"https:\/\/akunq.net\/tr\/wp-content\/uploads\/sites\/6\/2022\/05\/B\u00fcy\u00fckada.jpg","articleSection":["Haberler"],"inLanguage":"en-US","potentialAction":[{"@type":"CommentAction","name":"Comment","target":["https:\/\/akunq.net\/tr\/?p=68530#respond"]}]},{"@type":"WebPage","@id":"https:\/\/akunq.net\/tr\/?p=68530","url":"https:\/\/akunq.net\/tr\/?p=68530","name":"B\u00fcy\u00fckada bulunan tarihi sarn\u0131c\u0131n arkas\u0131ndaki ger\u00e7ekler ortaya \u00e7\u0131kt\u0131! - Bati Ermenistan Ve Bati Ermenileri Sorunlari Ara\u015ftirmalar Merkezi","isPartOf":{"@id":"https:\/\/akunq.net\/tr\/#website"},"primaryImageOfPage":{"@id":"https:\/\/akunq.net\/tr\/?p=68530#primaryimage"},"image":{"@id":"https:\/\/akunq.net\/tr\/?p=68530#primaryimage"},"thumbnailUrl":"https:\/\/akunq.net\/tr\/wp-content\/uploads\/sites\/6\/2022\/05\/B\u00fcy\u00fckada.jpg","datePublished":"2022-05-16T06:41:52+00:00","author":{"@id":"https:\/\/akunq.net\/tr\/#\/schema\/person\/096f1d38a12cce57fb855b485ed24c9e"},"breadcrumb":{"@id":"https:\/\/akunq.net\/tr\/?p=68530#breadcrumb"},"inLanguage":"en-US","potentialAction":[{"@type":"ReadAction","target":["https:\/\/akunq.net\/tr\/?p=68530"]}]},{"@type":"ImageObject","inLanguage":"en-US","@id":"https:\/\/akunq.net\/tr\/?p=68530#primaryimage","url":"https:\/\/akunq.net\/tr\/wp-content\/uploads\/sites\/6\/2022\/05\/B\u00fcy\u00fckada.jpg","contentUrl":"https:\/\/akunq.net\/tr\/wp-content\/uploads\/sites\/6\/2022\/05\/B\u00fcy\u00fckada.jpg","width":760,"height":450},{"@type":"BreadcrumbList","@id":"https:\/\/akunq.net\/tr\/?p=68530#breadcrumb","itemListElement":[{"@type":"ListItem","position":1,"name":"Home","item":"https:\/\/akunq.net\/tr"},{"@type":"ListItem","position":2,"name":"B\u00fcy\u00fckada bulunan tarihi sarn\u0131c\u0131n arkas\u0131ndaki ger\u00e7ekler ortaya \u00e7\u0131kt\u0131!"}]},{"@type":"WebSite","@id":"https:\/\/akunq.net\/tr\/#website","url":"https:\/\/akunq.net\/tr\/","name":"Bati Ermenistan Ve Bati Ermenileri Sorunlari Ara\u015ftirmalar Merkezi","description":"","potentialAction":[{"@type":"SearchAction","target":{"@type":"EntryPoint","urlTemplate":"https:\/\/akunq.net\/tr\/?s={search_term_string}"},"query-input":{"@type":"PropertyValueSpecification","valueRequired":true,"valueName":"search_term_string"}}],"inLanguage":"en-US"},{"@type":"Person","@id":"https:\/\/akunq.net\/tr\/#\/schema\/person\/096f1d38a12cce57fb855b485ed24c9e","name":"admin","url":"https:\/\/akunq.net\/tr\/?author=7"}]}},"_links":{"self":[{"href":"https:\/\/akunq.net\/tr\/index.php?rest_route=\/wp\/v2\/posts\/68530","targetHints":{"allow":["GET"]}}],"collection":[{"href":"https:\/\/akunq.net\/tr\/index.php?rest_route=\/wp\/v2\/posts"}],"about":[{"href":"https:\/\/akunq.net\/tr\/index.php?rest_route=\/wp\/v2\/types\/post"}],"author":[{"embeddable":true,"href":"https:\/\/akunq.net\/tr\/index.php?rest_route=\/wp\/v2\/users\/7"}],"replies":[{"embeddable":true,"href":"https:\/\/akunq.net\/tr\/index.php?rest_route=%2Fwp%2Fv2%2Fcomments&post=68530"}],"version-history":[{"count":1,"href":"https:\/\/akunq.net\/tr\/index.php?rest_route=\/wp\/v2\/posts\/68530\/revisions"}],"predecessor-version":[{"id":68532,"href":"https:\/\/akunq.net\/tr\/index.php?rest_route=\/wp\/v2\/posts\/68530\/revisions\/68532"}],"wp:featuredmedia":[{"embeddable":true,"href":"https:\/\/akunq.net\/tr\/index.php?rest_route=\/wp\/v2\/media\/68531"}],"wp:attachment":[{"href":"https:\/\/akunq.net\/tr\/index.php?rest_route=%2Fwp%2Fv2%2Fmedia&parent=68530"}],"wp:term":[{"taxonomy":"category","embeddable":true,"href":"https:\/\/akunq.net\/tr\/index.php?rest_route=%2Fwp%2Fv2%2Fcategories&post=68530"},{"taxonomy":"post_tag","embeddable":true,"href":"https:\/\/akunq.net\/tr\/index.php?rest_route=%2Fwp%2Fv2%2Ftags&post=68530"}],"curies":[{"name":"wp","href":"https:\/\/api.w.org\/{rel}","templated":true}]}}