{"id":68518,"date":"2022-05-13T04:25:24","date_gmt":"2022-05-13T09:25:24","guid":{"rendered":"https:\/\/akunq.net\/tr\/?p=68518"},"modified":"2022-05-13T04:25:24","modified_gmt":"2022-05-13T09:25:24","slug":"31-yil-once-kesfedilen-gultepe-nekropolu-sahipsiz-kaldi","status":"publish","type":"post","link":"https:\/\/akunq.net\/tr\/?p=68518","title":{"rendered":"31 y\u0131l \u00f6nce ke\u015ffedilen G\u00fcltepe Nekropol\u00fc, sahipsiz kald\u0131"},"content":{"rendered":"<p><img loading=\"lazy\" decoding=\"async\" class=\"aligncenter size-full wp-image-68519\" src=\"https:\/\/akunq.net\/tr\/wp-content\/uploads\/2022\/05\/Nekropol.jpg\" alt=\"\" width=\"274\" height=\"184\" srcset=\"https:\/\/akunq.net\/tr\/wp-content\/uploads\/sites\/6\/2022\/05\/Nekropol.jpg 274w, https:\/\/akunq.net\/tr\/wp-content\/uploads\/sites\/6\/2022\/05\/Nekropol-260x175.jpg 260w, https:\/\/akunq.net\/tr\/wp-content\/uploads\/sites\/6\/2022\/05\/Nekropol-160x107.jpg 160w\" sizes=\"auto, (max-width: 274px) 100vw, 274px\" \/><\/p>\n<p><em><strong>\u0130zmit\u2019te, 1991\u2019de\u00a0TEM yolu in\u015faat\u0131 s\u0131ras\u0131nda ke\u015ffedilen\u00a0<a href=\"https:\/\/www.milliyet.com.tr\/haberleri\/gultepe-nekropolu\" target=\"_blank\" rel=\"noreferrer noopener\">G\u00fcltepe Nekropol\u00fc<\/a>, aradan ge\u00e7en 31 y\u0131lda ka\u00e7ak kaz\u0131larla tahrip edildi. Kocaeli \u00dcniversitesi Fen Edebiyat Fak\u00fcltesi Arkeoloji B\u00f6l\u00fcm\u00fc Ba\u015fkan\u0131 Prof. Dr. Ay\u015fe Tuba \u00d6kse, \u201cBir a\u00e7\u0131k hava m\u00fczesi ya da ziyaret alan\u0131 gibi d\u00fczenlense\u00a0tabi\u00a0ki en az\u0131ndan k\u00fclt\u00fcr varl\u0131\u011f\u0131 ve k\u00fclt\u00fcrel miras fark\u0131ndal\u0131\u011f\u0131n\u0131 da art\u0131racak bir durum olur\u201d dedi.<\/strong><\/em><\/p>\n<p>Kentte 1991 y\u0131l\u0131nda TEM yolunun in\u015fa edildi\u011fi G\u00fcltepe b\u00f6lgesinde milattan sonra 2\u2019nci ile 4\u2019\u00fcnc\u00fc y\u00fczy\u0131llar aras\u0131nda olu\u015ftu\u011fu belirlenen alan ke\u015ffedildi.\u00a0<a href=\"https:\/\/www.milliyet.com.tr\/haberleri\/dogu-roma-imparatorlugu\" target=\"_blank\" rel=\"noreferrer noopener\">Do\u011fu Roma \u0130mparatorlu\u011fu<\/a>\u00a0d\u00f6nemine ait oldu\u011fu d\u00fc\u015f\u00fcn\u00fclen nekropolde yap\u0131lan \u00e7al\u0131\u015fmalarda ortaya \u00e7\u0131kan k\u00fcp,\u00a0<a href=\"https:\/\/www.milliyet.com.tr\/haberleri\/gozyasi-sisesi\" target=\"_blank\" rel=\"noreferrer noopener\">g\u00f6zya\u015f\u0131 \u015fi\u015fesi<\/a>, ayna gibi eserler de Kocaeli M\u00fcze M\u00fcd\u00fcrl\u00fc\u011f\u00fc\u2019ne g\u00f6t\u00fcr\u00fcld\u00fc.<\/p>\n<figure class=\"wp-block-image\"><img decoding=\"async\" src=\"https:\/\/i0.wp.com\/i2.milimaj.com\/i\/milliyet\/75\/770x0\/627ca81886b2441604d51a13.jpg?ssl=1\" alt=\"31 y\u0131l \u00f6nce ke\u015ffedilen G\u00fcltepe Nekropol\u00fc, sahipsiz kald\u0131\" data-recalc-dims=\"1\" \/><\/figure>\n<p>Alanda ayr\u0131ca duvarlar\u0131nda fresklerin bulundu\u011fu\u00a0mezar odas\u0131, uzun ince d\u00f6rtgen odalardan olu\u015fan mezar odalar\u0131,\u00a0martyrion kal\u0131nt\u0131lar\u0131 ve ha\u00e7 planl\u0131 kilise kal\u0131nt\u0131s\u0131 ke\u015ffedildi. B\u00f6lgedeki arkeolojik \u00e7al\u0131\u015fmalar\u0131n tamamlanmas\u0131n\u0131n ard\u0131ndan etraf\u0131 tel \u00f6rg\u00fcyle \u00e7evrilerek, otoyol in\u015faat\u0131na devam edildi. Aradan ge\u00e7en 31 y\u0131lda\u00a0<a href=\"https:\/\/www.milliyet.com.tr\/haberleri\/gultepe-nekropolu\" target=\"_blank\" rel=\"noreferrer noopener\">G\u00fcltepe Nekropol\u00fc<\/a>, define avc\u0131lar\u0131n\u0131n yapt\u0131\u011f\u0131 ka\u00e7ak kaz\u0131larla tahrip edildi.<\/p>\n<figure class=\"wp-block-image\"><img decoding=\"async\" src=\"https:\/\/i0.wp.com\/i2.milimaj.com\/i\/milliyet\/75\/770x0\/627ca8aa86b2441604d51a1e.jpg?ssl=1\" alt=\"31 y\u0131l \u00f6nce ke\u015ffedilen G\u00fcltepe Nekropol\u00fc, sahipsiz kald\u0131\" data-recalc-dims=\"1\" \/><\/figure>\n<p><strong>\u2018TUR\u0130ST\u0130K\u00a0NOKTAYA D\u00d6N\u00dc\u015eT\u00dcRMEK M\u00dcMK\u00dcN\u2019<\/strong><\/p>\n<p>\u0130zmit\u2019in tarihi a\u00e7\u0131dan zengin\u00a0oldu\u011funu belirten Kocaeli \u00dcniversitesi Fen Edebiyat Fak\u00fcltesi Arkeoloji B\u00f6l\u00fcm\u00fc Ba\u015fkan\u0131 Prof. Dr. Ay\u015fe Tuba \u00d6kse, \u201cBu, ilin ge\u00e7mi\u015fi a\u00e7\u0131s\u0131ndan \u00e7ok \u00f6nemli bir bulgudur. Yan taraf\u0131ndan bir kara yolunun ge\u00e7mesi ve \u00fczerinde yerle\u015fimin bulunmas\u0131, biraz s\u0131k\u0131nt\u0131l\u0131 bir s\u00fcre\u00e7 olacakt\u0131r fakat yine de inan\u00e7 turizmi kapsam\u0131nda gezilebilecek turistik bir noktaya d\u00f6n\u00fc\u015ft\u00fcrmek m\u00fcmk\u00fcnd\u00fcr. Bunlar K\u00fclt\u00fcr Bakanl\u0131\u011f\u0131\u2019n\u0131n ilgili birimleri taraf\u0131ndan y\u00fcr\u00fct\u00fcl\u00fcr. En az\u0131ndan \u00fczerinde herhangi bir yap\u0131la\u015fma olmayan k\u0131sm\u0131nda bir kurtarma projesi y\u00fcr\u00fct\u00fclse\u00a0buralar a\u00e7\u0131\u011fa \u00e7\u0131kar\u0131lsa ve bir a\u00e7\u0131k hava m\u00fczesi ya da ziyaret alan\u0131 gibi d\u00fczenlense\u00a0tabi ki en az\u0131ndan k\u00fclt\u00fcr varl\u0131\u011f\u0131 ve k\u00fclt\u00fcrel miras fark\u0131ndal\u0131\u011f\u0131n\u0131 da art\u0131racak bir durum olur\u201d dedi.<\/p>\n<figure class=\"wp-block-image\"><img decoding=\"async\" src=\"https:\/\/i0.wp.com\/i2.milimaj.com\/i\/milliyet\/75\/770x0\/627ca8cf86b2441604d51a26.jpg?ssl=1\" alt=\"31 y\u0131l \u00f6nce ke\u015ffedilen G\u00fcltepe Nekropol\u00fc, sahipsiz kald\u0131\" data-recalc-dims=\"1\" \/><\/figure>\n<p>Arkeolojik alanlara sahip \u00e7\u0131k\u0131lmas\u0131 gerekti\u011fini kaydeden\u00a0Prof. Dr. \u00d6kse, \u201cT\u00fcrkiye\u2019nin neresine aya\u011f\u0131n\u0131z\u0131 atsan\u0131z\u00a0illa ki eski bir yerle\u015fim yeri vard\u0131r. Bunlar, insanl\u0131k tarihinin ar\u015fivleridir. Bunlar yok oldu\u011fu ya da ara\u015ft\u0131r\u0131lmad\u0131\u011f\u0131 s\u00fcrece\u00a0insanl\u0131k tarihini ara\u015ft\u0131ramayaca\u011f\u0131z demektir. Bu t\u0131p, m\u00fchendislik gibi g\u00fcn\u00fcm\u00fcz insan\u0131n\u0131n hizmetine sunulabilecek bir \u015fey de\u011fil ama sonu\u00e7ta bu bizim ge\u00e7mi\u015fimiz, buna sahip \u00e7\u0131kmal\u0131y\u0131z. Bunun i\u00e7in de bir fark\u0131ndal\u0131k yarat\u0131lmas\u0131 gerekir\u201d diye\u00a0konu\u015ftu.<\/p>\n<figure class=\"wp-block-image\"><img decoding=\"async\" src=\"https:\/\/i0.wp.com\/i2.milimaj.com\/i\/milliyet\/75\/770x0\/627ca8f486b2441604d51a2e.jpg?ssl=1\" alt=\"31 y\u0131l \u00f6nce ke\u015ffedilen G\u00fcltepe Nekropol\u00fc, sahipsiz kald\u0131\" data-recalc-dims=\"1\" \/><\/figure>\n<figure class=\"wp-block-image\"><img decoding=\"async\" src=\"https:\/\/i0.wp.com\/i2.milimaj.com\/i\/milliyet\/75\/770x0\/627ca8f486b2441604d51a2c.jpg?ssl=1\" alt=\"31 y\u0131l \u00f6nce ke\u015ffedilen G\u00fcltepe Nekropol\u00fc, sahipsiz kald\u0131\" data-recalc-dims=\"1\" \/><\/figure>\n<p><em><strong><a href=\"https:\/\/www.milliyet.com.tr\/gundem\/31-yil-once-kesfedilen-gultepe-nekropolu-sahipsiz-kaldi-6753336\">https:\/\/www.milliyet.com.tr\/gundem\/31-yil-once-kesfedilen-gultepe-nekropolu-sahipsiz-kaldi-6753336<\/a>\u00a0<\/strong><\/em><\/p>\n","protected":false},"excerpt":{"rendered":"<p>\u0130zmit\u2019te, 1991\u2019de\u00a0TEM yolu in\u015faat\u0131 s\u0131ras\u0131nda ke\u015ffedilen\u00a0G\u00fcltepe Nekropol\u00fc, aradan ge\u00e7en 31 y\u0131lda ka\u00e7ak kaz\u0131larla tahrip edildi. Kocaeli \u00dcniversitesi Fen Edebiyat Fak\u00fcltesi Arkeoloji B\u00f6l\u00fcm\u00fc Ba\u015fkan\u0131 Prof. Dr. Ay\u015fe Tuba \u00d6kse, \u201cBir a\u00e7\u0131k hava m\u00fczesi ya da ziyaret alan\u0131 gibi d\u00fczenlense\u00a0tabi\u00a0ki en az\u0131ndan k\u00fclt\u00fcr varl\u0131\u011f\u0131 ve k\u00fclt\u00fcrel miras fark\u0131ndal\u0131\u011f\u0131n\u0131 da art\u0131racak bir durum olur\u201d dedi. Kentte 1991 y\u0131l\u0131nda [&hellip;]<\/p>\n","protected":false},"author":7,"featured_media":68519,"comment_status":"open","ping_status":"open","sticky":false,"template":"","format":"standard","meta":{"footnotes":""},"categories":[1],"tags":[],"class_list":["post-68518","post","type-post","status-publish","format-standard","has-post-thumbnail","hentry","category-haberler"],"yoast_head":"<!-- This site is optimized with the Yoast SEO plugin v27.4 - https:\/\/yoast.com\/product\/yoast-seo-wordpress\/ -->\n<title>31 y\u0131l \u00f6nce ke\u015ffedilen G\u00fcltepe Nekropol\u00fc, sahipsiz kald\u0131 - Bati Ermenistan Ve Bati Ermenileri Sorunlari Ara\u015ftirmalar Merkezi<\/title>\n<meta name=\"robots\" content=\"index, follow, max-snippet:-1, max-image-preview:large, max-video-preview:-1\" \/>\n<link rel=\"canonical\" href=\"https:\/\/akunq.net\/tr\/?p=68518\" \/>\n<meta property=\"og:locale\" content=\"en_US\" \/>\n<meta property=\"og:type\" content=\"article\" \/>\n<meta property=\"og:title\" content=\"31 y\u0131l \u00f6nce ke\u015ffedilen G\u00fcltepe Nekropol\u00fc, sahipsiz kald\u0131 - Bati Ermenistan Ve Bati Ermenileri Sorunlari Ara\u015ftirmalar Merkezi\" \/>\n<meta property=\"og:description\" content=\"\u0130zmit\u2019te, 1991\u2019de\u00a0TEM yolu in\u015faat\u0131 s\u0131ras\u0131nda ke\u015ffedilen\u00a0G\u00fcltepe Nekropol\u00fc, aradan ge\u00e7en 31 y\u0131lda ka\u00e7ak kaz\u0131larla tahrip edildi. Kocaeli \u00dcniversitesi Fen Edebiyat Fak\u00fcltesi Arkeoloji B\u00f6l\u00fcm\u00fc Ba\u015fkan\u0131 Prof. Dr. Ay\u015fe Tuba \u00d6kse, \u201cBir a\u00e7\u0131k hava m\u00fczesi ya da ziyaret alan\u0131 gibi d\u00fczenlense\u00a0tabi\u00a0ki en az\u0131ndan k\u00fclt\u00fcr varl\u0131\u011f\u0131 ve k\u00fclt\u00fcrel miras fark\u0131ndal\u0131\u011f\u0131n\u0131 da art\u0131racak bir durum olur\u201d dedi. Kentte 1991 y\u0131l\u0131nda [&hellip;]\" \/>\n<meta property=\"og:url\" content=\"https:\/\/akunq.net\/tr\/?p=68518\" \/>\n<meta property=\"og:site_name\" content=\"Bati Ermenistan Ve Bati Ermenileri Sorunlari Ara\u015ftirmalar Merkezi\" \/>\n<meta property=\"article:published_time\" content=\"2022-05-13T09:25:24+00:00\" \/>\n<meta property=\"og:image\" content=\"https:\/\/akunq.net\/tr\/wp-content\/uploads\/sites\/6\/2022\/05\/Nekropol.jpg\" \/>\n\t<meta property=\"og:image:width\" content=\"274\" \/>\n\t<meta property=\"og:image:height\" content=\"184\" \/>\n\t<meta property=\"og:image:type\" content=\"image\/jpeg\" \/>\n<meta name=\"author\" content=\"admin\" \/>\n<meta name=\"twitter:card\" content=\"summary_large_image\" \/>\n<meta name=\"twitter:label1\" content=\"Written by\" \/>\n\t<meta name=\"twitter:data1\" content=\"admin\" \/>\n\t<meta name=\"twitter:label2\" content=\"Est. reading time\" \/>\n\t<meta name=\"twitter:data2\" content=\"3 minutes\" \/>\n<script type=\"application\/ld+json\" class=\"yoast-schema-graph\">{\"@context\":\"https:\\\/\\\/schema.org\",\"@graph\":[{\"@type\":\"Article\",\"@id\":\"https:\\\/\\\/akunq.net\\\/tr\\\/?p=68518#article\",\"isPartOf\":{\"@id\":\"https:\\\/\\\/akunq.net\\\/tr\\\/?p=68518\"},\"author\":{\"name\":\"admin\",\"@id\":\"https:\\\/\\\/akunq.net\\\/tr\\\/#\\\/schema\\\/person\\\/096f1d38a12cce57fb855b485ed24c9e\"},\"headline\":\"31 y\u0131l \u00f6nce ke\u015ffedilen G\u00fcltepe Nekropol\u00fc, sahipsiz kald\u0131\",\"datePublished\":\"2022-05-13T09:25:24+00:00\",\"mainEntityOfPage\":{\"@id\":\"https:\\\/\\\/akunq.net\\\/tr\\\/?p=68518\"},\"wordCount\":516,\"commentCount\":0,\"image\":{\"@id\":\"https:\\\/\\\/akunq.net\\\/tr\\\/?p=68518#primaryimage\"},\"thumbnailUrl\":\"https:\\\/\\\/akunq.net\\\/tr\\\/wp-content\\\/uploads\\\/sites\\\/6\\\/2022\\\/05\\\/Nekropol.jpg\",\"articleSection\":[\"Haberler\"],\"inLanguage\":\"en-US\",\"potentialAction\":[{\"@type\":\"CommentAction\",\"name\":\"Comment\",\"target\":[\"https:\\\/\\\/akunq.net\\\/tr\\\/?p=68518#respond\"]}]},{\"@type\":\"WebPage\",\"@id\":\"https:\\\/\\\/akunq.net\\\/tr\\\/?p=68518\",\"url\":\"https:\\\/\\\/akunq.net\\\/tr\\\/?p=68518\",\"name\":\"31 y\u0131l \u00f6nce ke\u015ffedilen G\u00fcltepe Nekropol\u00fc, sahipsiz kald\u0131 - Bati Ermenistan Ve Bati Ermenileri Sorunlari Ara\u015ftirmalar Merkezi\",\"isPartOf\":{\"@id\":\"https:\\\/\\\/akunq.net\\\/tr\\\/#website\"},\"primaryImageOfPage\":{\"@id\":\"https:\\\/\\\/akunq.net\\\/tr\\\/?p=68518#primaryimage\"},\"image\":{\"@id\":\"https:\\\/\\\/akunq.net\\\/tr\\\/?p=68518#primaryimage\"},\"thumbnailUrl\":\"https:\\\/\\\/akunq.net\\\/tr\\\/wp-content\\\/uploads\\\/sites\\\/6\\\/2022\\\/05\\\/Nekropol.jpg\",\"datePublished\":\"2022-05-13T09:25:24+00:00\",\"author\":{\"@id\":\"https:\\\/\\\/akunq.net\\\/tr\\\/#\\\/schema\\\/person\\\/096f1d38a12cce57fb855b485ed24c9e\"},\"breadcrumb\":{\"@id\":\"https:\\\/\\\/akunq.net\\\/tr\\\/?p=68518#breadcrumb\"},\"inLanguage\":\"en-US\",\"potentialAction\":[{\"@type\":\"ReadAction\",\"target\":[\"https:\\\/\\\/akunq.net\\\/tr\\\/?p=68518\"]}]},{\"@type\":\"ImageObject\",\"inLanguage\":\"en-US\",\"@id\":\"https:\\\/\\\/akunq.net\\\/tr\\\/?p=68518#primaryimage\",\"url\":\"https:\\\/\\\/akunq.net\\\/tr\\\/wp-content\\\/uploads\\\/sites\\\/6\\\/2022\\\/05\\\/Nekropol.jpg\",\"contentUrl\":\"https:\\\/\\\/akunq.net\\\/tr\\\/wp-content\\\/uploads\\\/sites\\\/6\\\/2022\\\/05\\\/Nekropol.jpg\",\"width\":274,\"height\":184},{\"@type\":\"BreadcrumbList\",\"@id\":\"https:\\\/\\\/akunq.net\\\/tr\\\/?p=68518#breadcrumb\",\"itemListElement\":[{\"@type\":\"ListItem\",\"position\":1,\"name\":\"Home\",\"item\":\"https:\\\/\\\/akunq.net\\\/tr\"},{\"@type\":\"ListItem\",\"position\":2,\"name\":\"31 y\u0131l \u00f6nce ke\u015ffedilen G\u00fcltepe Nekropol\u00fc, sahipsiz kald\u0131\"}]},{\"@type\":\"WebSite\",\"@id\":\"https:\\\/\\\/akunq.net\\\/tr\\\/#website\",\"url\":\"https:\\\/\\\/akunq.net\\\/tr\\\/\",\"name\":\"Bati Ermenistan Ve Bati Ermenileri Sorunlari Ara\u015ftirmalar Merkezi\",\"description\":\"\",\"potentialAction\":[{\"@type\":\"SearchAction\",\"target\":{\"@type\":\"EntryPoint\",\"urlTemplate\":\"https:\\\/\\\/akunq.net\\\/tr\\\/?s={search_term_string}\"},\"query-input\":{\"@type\":\"PropertyValueSpecification\",\"valueRequired\":true,\"valueName\":\"search_term_string\"}}],\"inLanguage\":\"en-US\"},{\"@type\":\"Person\",\"@id\":\"https:\\\/\\\/akunq.net\\\/tr\\\/#\\\/schema\\\/person\\\/096f1d38a12cce57fb855b485ed24c9e\",\"name\":\"admin\",\"url\":\"https:\\\/\\\/akunq.net\\\/tr\\\/?author=7\"}]}<\/script>\n<!-- \/ Yoast SEO plugin. -->","yoast_head_json":{"title":"31 y\u0131l \u00f6nce ke\u015ffedilen G\u00fcltepe Nekropol\u00fc, sahipsiz kald\u0131 - Bati Ermenistan Ve Bati Ermenileri Sorunlari Ara\u015ftirmalar Merkezi","robots":{"index":"index","follow":"follow","max-snippet":"max-snippet:-1","max-image-preview":"max-image-preview:large","max-video-preview":"max-video-preview:-1"},"canonical":"https:\/\/akunq.net\/tr\/?p=68518","og_locale":"en_US","og_type":"article","og_title":"31 y\u0131l \u00f6nce ke\u015ffedilen G\u00fcltepe Nekropol\u00fc, sahipsiz kald\u0131 - Bati Ermenistan Ve Bati Ermenileri Sorunlari Ara\u015ftirmalar Merkezi","og_description":"\u0130zmit\u2019te, 1991\u2019de\u00a0TEM yolu in\u015faat\u0131 s\u0131ras\u0131nda ke\u015ffedilen\u00a0G\u00fcltepe Nekropol\u00fc, aradan ge\u00e7en 31 y\u0131lda ka\u00e7ak kaz\u0131larla tahrip edildi. Kocaeli \u00dcniversitesi Fen Edebiyat Fak\u00fcltesi Arkeoloji B\u00f6l\u00fcm\u00fc Ba\u015fkan\u0131 Prof. Dr. Ay\u015fe Tuba \u00d6kse, \u201cBir a\u00e7\u0131k hava m\u00fczesi ya da ziyaret alan\u0131 gibi d\u00fczenlense\u00a0tabi\u00a0ki en az\u0131ndan k\u00fclt\u00fcr varl\u0131\u011f\u0131 ve k\u00fclt\u00fcrel miras fark\u0131ndal\u0131\u011f\u0131n\u0131 da art\u0131racak bir durum olur\u201d dedi. Kentte 1991 y\u0131l\u0131nda [&hellip;]","og_url":"https:\/\/akunq.net\/tr\/?p=68518","og_site_name":"Bati Ermenistan Ve Bati Ermenileri Sorunlari Ara\u015ftirmalar Merkezi","article_published_time":"2022-05-13T09:25:24+00:00","og_image":[{"width":274,"height":184,"url":"https:\/\/akunq.net\/tr\/wp-content\/uploads\/sites\/6\/2022\/05\/Nekropol.jpg","type":"image\/jpeg"}],"author":"admin","twitter_card":"summary_large_image","twitter_misc":{"Written by":"admin","Est. reading time":"3 minutes"},"schema":{"@context":"https:\/\/schema.org","@graph":[{"@type":"Article","@id":"https:\/\/akunq.net\/tr\/?p=68518#article","isPartOf":{"@id":"https:\/\/akunq.net\/tr\/?p=68518"},"author":{"name":"admin","@id":"https:\/\/akunq.net\/tr\/#\/schema\/person\/096f1d38a12cce57fb855b485ed24c9e"},"headline":"31 y\u0131l \u00f6nce ke\u015ffedilen G\u00fcltepe Nekropol\u00fc, sahipsiz kald\u0131","datePublished":"2022-05-13T09:25:24+00:00","mainEntityOfPage":{"@id":"https:\/\/akunq.net\/tr\/?p=68518"},"wordCount":516,"commentCount":0,"image":{"@id":"https:\/\/akunq.net\/tr\/?p=68518#primaryimage"},"thumbnailUrl":"https:\/\/akunq.net\/tr\/wp-content\/uploads\/sites\/6\/2022\/05\/Nekropol.jpg","articleSection":["Haberler"],"inLanguage":"en-US","potentialAction":[{"@type":"CommentAction","name":"Comment","target":["https:\/\/akunq.net\/tr\/?p=68518#respond"]}]},{"@type":"WebPage","@id":"https:\/\/akunq.net\/tr\/?p=68518","url":"https:\/\/akunq.net\/tr\/?p=68518","name":"31 y\u0131l \u00f6nce ke\u015ffedilen G\u00fcltepe Nekropol\u00fc, sahipsiz kald\u0131 - Bati Ermenistan Ve Bati Ermenileri Sorunlari Ara\u015ftirmalar Merkezi","isPartOf":{"@id":"https:\/\/akunq.net\/tr\/#website"},"primaryImageOfPage":{"@id":"https:\/\/akunq.net\/tr\/?p=68518#primaryimage"},"image":{"@id":"https:\/\/akunq.net\/tr\/?p=68518#primaryimage"},"thumbnailUrl":"https:\/\/akunq.net\/tr\/wp-content\/uploads\/sites\/6\/2022\/05\/Nekropol.jpg","datePublished":"2022-05-13T09:25:24+00:00","author":{"@id":"https:\/\/akunq.net\/tr\/#\/schema\/person\/096f1d38a12cce57fb855b485ed24c9e"},"breadcrumb":{"@id":"https:\/\/akunq.net\/tr\/?p=68518#breadcrumb"},"inLanguage":"en-US","potentialAction":[{"@type":"ReadAction","target":["https:\/\/akunq.net\/tr\/?p=68518"]}]},{"@type":"ImageObject","inLanguage":"en-US","@id":"https:\/\/akunq.net\/tr\/?p=68518#primaryimage","url":"https:\/\/akunq.net\/tr\/wp-content\/uploads\/sites\/6\/2022\/05\/Nekropol.jpg","contentUrl":"https:\/\/akunq.net\/tr\/wp-content\/uploads\/sites\/6\/2022\/05\/Nekropol.jpg","width":274,"height":184},{"@type":"BreadcrumbList","@id":"https:\/\/akunq.net\/tr\/?p=68518#breadcrumb","itemListElement":[{"@type":"ListItem","position":1,"name":"Home","item":"https:\/\/akunq.net\/tr"},{"@type":"ListItem","position":2,"name":"31 y\u0131l \u00f6nce ke\u015ffedilen G\u00fcltepe Nekropol\u00fc, sahipsiz kald\u0131"}]},{"@type":"WebSite","@id":"https:\/\/akunq.net\/tr\/#website","url":"https:\/\/akunq.net\/tr\/","name":"Bati Ermenistan Ve Bati Ermenileri Sorunlari Ara\u015ftirmalar Merkezi","description":"","potentialAction":[{"@type":"SearchAction","target":{"@type":"EntryPoint","urlTemplate":"https:\/\/akunq.net\/tr\/?s={search_term_string}"},"query-input":{"@type":"PropertyValueSpecification","valueRequired":true,"valueName":"search_term_string"}}],"inLanguage":"en-US"},{"@type":"Person","@id":"https:\/\/akunq.net\/tr\/#\/schema\/person\/096f1d38a12cce57fb855b485ed24c9e","name":"admin","url":"https:\/\/akunq.net\/tr\/?author=7"}]}},"_links":{"self":[{"href":"https:\/\/akunq.net\/tr\/index.php?rest_route=\/wp\/v2\/posts\/68518","targetHints":{"allow":["GET"]}}],"collection":[{"href":"https:\/\/akunq.net\/tr\/index.php?rest_route=\/wp\/v2\/posts"}],"about":[{"href":"https:\/\/akunq.net\/tr\/index.php?rest_route=\/wp\/v2\/types\/post"}],"author":[{"embeddable":true,"href":"https:\/\/akunq.net\/tr\/index.php?rest_route=\/wp\/v2\/users\/7"}],"replies":[{"embeddable":true,"href":"https:\/\/akunq.net\/tr\/index.php?rest_route=%2Fwp%2Fv2%2Fcomments&post=68518"}],"version-history":[{"count":1,"href":"https:\/\/akunq.net\/tr\/index.php?rest_route=\/wp\/v2\/posts\/68518\/revisions"}],"predecessor-version":[{"id":68520,"href":"https:\/\/akunq.net\/tr\/index.php?rest_route=\/wp\/v2\/posts\/68518\/revisions\/68520"}],"wp:featuredmedia":[{"embeddable":true,"href":"https:\/\/akunq.net\/tr\/index.php?rest_route=\/wp\/v2\/media\/68519"}],"wp:attachment":[{"href":"https:\/\/akunq.net\/tr\/index.php?rest_route=%2Fwp%2Fv2%2Fmedia&parent=68518"}],"wp:term":[{"taxonomy":"category","embeddable":true,"href":"https:\/\/akunq.net\/tr\/index.php?rest_route=%2Fwp%2Fv2%2Fcategories&post=68518"},{"taxonomy":"post_tag","embeddable":true,"href":"https:\/\/akunq.net\/tr\/index.php?rest_route=%2Fwp%2Fv2%2Ftags&post=68518"}],"curies":[{"name":"wp","href":"https:\/\/api.w.org\/{rel}","templated":true}]}}