{"id":68508,"date":"2022-05-13T03:23:21","date_gmt":"2022-05-13T08:23:21","guid":{"rendered":"https:\/\/akunq.net\/tr\/?p=68508"},"modified":"2022-05-13T03:24:06","modified_gmt":"2022-05-13T08:24:06","slug":"sura-42-yil-sonra-donen-ermeni-yurttas-nefes-alamadim","status":"publish","type":"post","link":"https:\/\/akunq.net\/tr\/?p=68508","title":{"rendered":"Sur\u2019a 42 y\u0131l sonra d\u00f6nen Ermeni yurtta\u015f: Nefes alamad\u0131m"},"content":{"rendered":"<p><img loading=\"lazy\" decoding=\"async\" class=\"aligncenter size-medium wp-image-68509\" src=\"https:\/\/akunq.net\/tr\/wp-content\/uploads\/2022\/05\/Erol-Bostanc\u0131-360x208.jpeg\" alt=\"\" width=\"360\" height=\"208\" srcset=\"https:\/\/akunq.net\/tr\/wp-content\/uploads\/sites\/6\/2022\/05\/Erol-Bostanc\u0131-360x208.jpeg 360w, https:\/\/akunq.net\/tr\/wp-content\/uploads\/sites\/6\/2022\/05\/Erol-Bostanc\u0131-768x444.jpeg 768w, https:\/\/akunq.net\/tr\/wp-content\/uploads\/sites\/6\/2022\/05\/Erol-Bostanc\u0131-560x324.jpeg 560w, https:\/\/akunq.net\/tr\/wp-content\/uploads\/sites\/6\/2022\/05\/Erol-Bostanc\u0131-260x150.jpeg 260w, https:\/\/akunq.net\/tr\/wp-content\/uploads\/sites\/6\/2022\/05\/Erol-Bostanc\u0131-160x93.jpeg 160w, https:\/\/akunq.net\/tr\/wp-content\/uploads\/sites\/6\/2022\/05\/Erol-Bostanc\u0131.jpeg 800w\" sizes=\"auto, (max-width: 360px) 100vw, 360px\" \/><\/p>\n<p><em><strong>Do\u011fup b\u00fcy\u00fcd\u00fc\u011f\u00fc Sur\u2019u 42 y\u0131l sonra ziyaret eden Ermeni yurtta\u015f Erol Bostanc\u0131, \u2018Bu yeni yap\u0131lar sokaklar\u0131n ruhunu bitirmi\u015f. Art\u0131k beni burada tutacak bir \u015fey yok\u2019 dedi.<\/strong><\/em><\/p>\n<p>Farkl\u0131 kimlik ve inan\u00e7tan kesimlerin bir arada ya\u015fad\u0131\u011f\u0131 Diyarbak\u0131r\u2019\u0131n tarihi Sur il\u00e7esinden 42 y\u0131l \u00f6nce g\u00f6\u00e7 eden Ermeni yurtta\u015f Erol Bostanc\u0131 (66), g\u00f6rd\u00fc\u011f\u00fc manzara kar\u015f\u0131s\u0131nda hayrete d\u00fc\u015ft\u00fc. \u201cG\u00e2vur Mahallesi\u201d olarak adland\u0131r\u0131lan Xan\u00e7epek Mahallesinden \u00f6nce \u0130stanbul\u2019a oradan da Hollanda\u2019ya yerle\u015fen Bostanc\u0131, do\u011fup b\u00fcy\u00fcd\u00fc\u011f\u00fc kenti ziyarette geldi. \u00d6zlem, hasret dolu duygular\u0131n\u0131 anlatan Bostanc\u0131, kentteki y\u0131k\u0131m i\u00e7in \u201cSur\u2019un eski halinden santim kalmam\u0131\u015f\u201d diye \u00f6zetledi.<\/p>\n<p><strong>\u201878\u2019E KADAR SUR\u2019DA YA\u015eADIM\u2019<\/strong><\/p>\n<p>Gavur Mahallesi\u2019nde ge\u00e7en g\u00fcnlerini duygu ve g\u00f6zya\u015f\u0131yla yad eden Bostanc\u0131, \u201cBen 78\u2019e kadar Sur\u2019da ya\u015fad\u0131m. Daha sonra \u0130stanbul\u2019a gitmek zorunda kald\u0131m. Gitti\u011fim \u0130stanbul\u2019da siyasi baz\u0131 olaylardan ayr\u0131larak Hollanda\u2019ya yerle\u015ftim. Yani 42 y\u0131l bu diyara u\u011framad\u0131m. 42 y\u0131l sonra buraday\u0131m\u201d dedi.<\/p>\n<p><strong>\u2018NEFES ALAMADIM\u2019<\/strong><\/p>\n<p>Mezopotamya Ajans\u0131\u2019ndan M\u00fcjdat Can\u2019\u0131n aktar\u0131m\u0131na g\u00f6re Sur\u2019a gelir gelmez hemen evlerinin bulundu\u011fu yere gitti\u011fini dile getiren Bostanc\u0131, evlerinin molozlar aras\u0131nda kayboldu\u011funu ve evini bulmakta zorland\u0131\u011f\u0131n\u0131 s\u00f6yledi. Ta\u015flara tek tek dokunarak evini buldu\u011funu ifade eden Bostanc\u0131, \u201cO zamanki evlerde insanlar ya\u015f\u0131yordu insanlar. Ben buray\u0131 b\u00f6yle g\u00f6rd\u00fc\u011f\u00fcmde bir kez daha y\u0131k\u0131ld\u0131m. Benim evimin her bir ta\u015f\u0131nda bir s\u0131r vard\u0131. Her bir ta\u015fta emek vard\u0131. \u015eimdiki evlere bak\u0131n, \u00f6yle bir duygu var m\u0131? Evi \u00f6yle g\u00f6r\u00fcnce ci\u011ferlerimde nefes kalmad\u0131. \u00c7ok k\u00f6t\u00fc oldum. Evlerin hepsi y\u0131k\u0131lm\u0131\u015f\u201d diye konu\u015ftu.<\/p>\n<p><strong>\u2018SOKA\u011eIN CO\u015eKUSU B\u0130TM\u0130\u015e\u2019<\/strong><\/p>\n<p>Soka\u011fa \u00e7\u0131kma yasaklar\u0131 d\u00f6neminde y\u0131k\u0131lan ve yerlerine yap\u0131lan \u201cyap\u0131lara\u201d dikkati \u00e7eken Bostanc\u0131, \u201cEvimi b\u0131rakt\u0131\u011f\u0131m \u015fekliye g\u00f6rseydim, tekrar gelir buraya yerle\u015firdim. Ama art\u0131k burada ya\u015famam i\u00e7in beni tutan bir \u015fey yok. Bu yeni yap\u0131lar soka\u011f\u0131n ruhunu bitirmi\u015f. \u0130sterse bu yeni yap\u0131larla saray yaps\u0131nlar. O co\u015fku, o ruh bitmi\u015f\u201d dedi.<\/p>\n<hr \/>\n<p><em><strong><a href=\"https:\/\/artigercek.com\/haberler\/sur-a-42-yil-sonra-donen-ermeni-nefes-alamadim\" target=\"_blank\" rel=\"noopener noreferrer\">Art\u0131 Ger\u00e7ek<\/a>\u00a0<\/strong><\/em><\/p>\n","protected":false},"excerpt":{"rendered":"<p>Do\u011fup b\u00fcy\u00fcd\u00fc\u011f\u00fc Sur\u2019u 42 y\u0131l sonra ziyaret eden Ermeni yurtta\u015f Erol Bostanc\u0131, \u2018Bu yeni yap\u0131lar sokaklar\u0131n ruhunu bitirmi\u015f. Art\u0131k beni burada tutacak bir \u015fey yok\u2019 dedi. Farkl\u0131 kimlik ve inan\u00e7tan kesimlerin bir arada ya\u015fad\u0131\u011f\u0131 Diyarbak\u0131r\u2019\u0131n tarihi Sur il\u00e7esinden 42 y\u0131l \u00f6nce g\u00f6\u00e7 eden Ermeni yurtta\u015f Erol Bostanc\u0131 (66), g\u00f6rd\u00fc\u011f\u00fc manzara kar\u015f\u0131s\u0131nda hayrete d\u00fc\u015ft\u00fc. \u201cG\u00e2vur Mahallesi\u201d [&hellip;]<\/p>\n","protected":false},"author":7,"featured_media":68509,"comment_status":"open","ping_status":"open","sticky":false,"template":"","format":"standard","meta":{"footnotes":""},"categories":[21,22,1],"tags":[],"class_list":["post-68508","post","type-post","status-publish","format-standard","has-post-thumbnail","hentry","category-gunumuzde-bati-ermenileri","category-gunumuzde-bati-ermenistan","category-haberler"],"yoast_head":"<!-- This site is optimized with the Yoast SEO plugin v27.4 - https:\/\/yoast.com\/product\/yoast-seo-wordpress\/ -->\n<title>Sur\u2019a 42 y\u0131l sonra d\u00f6nen Ermeni yurtta\u015f: Nefes alamad\u0131m - Bati Ermenistan Ve Bati Ermenileri Sorunlari Ara\u015ftirmalar Merkezi<\/title>\n<meta name=\"robots\" content=\"index, follow, max-snippet:-1, max-image-preview:large, max-video-preview:-1\" \/>\n<link rel=\"canonical\" href=\"https:\/\/akunq.net\/tr\/?p=68508\" \/>\n<meta property=\"og:locale\" content=\"en_US\" \/>\n<meta property=\"og:type\" content=\"article\" \/>\n<meta property=\"og:title\" content=\"Sur\u2019a 42 y\u0131l sonra d\u00f6nen Ermeni yurtta\u015f: Nefes alamad\u0131m - Bati Ermenistan Ve Bati Ermenileri Sorunlari Ara\u015ftirmalar Merkezi\" \/>\n<meta property=\"og:description\" content=\"Do\u011fup b\u00fcy\u00fcd\u00fc\u011f\u00fc Sur\u2019u 42 y\u0131l sonra ziyaret eden Ermeni yurtta\u015f Erol Bostanc\u0131, \u2018Bu yeni yap\u0131lar sokaklar\u0131n ruhunu bitirmi\u015f. Art\u0131k beni burada tutacak bir \u015fey yok\u2019 dedi. Farkl\u0131 kimlik ve inan\u00e7tan kesimlerin bir arada ya\u015fad\u0131\u011f\u0131 Diyarbak\u0131r\u2019\u0131n tarihi Sur il\u00e7esinden 42 y\u0131l \u00f6nce g\u00f6\u00e7 eden Ermeni yurtta\u015f Erol Bostanc\u0131 (66), g\u00f6rd\u00fc\u011f\u00fc manzara kar\u015f\u0131s\u0131nda hayrete d\u00fc\u015ft\u00fc. \u201cG\u00e2vur Mahallesi\u201d [&hellip;]\" \/>\n<meta property=\"og:url\" content=\"https:\/\/akunq.net\/tr\/?p=68508\" \/>\n<meta property=\"og:site_name\" content=\"Bati Ermenistan Ve Bati Ermenileri Sorunlari Ara\u015ftirmalar Merkezi\" \/>\n<meta property=\"article:published_time\" content=\"2022-05-13T08:23:21+00:00\" \/>\n<meta property=\"article:modified_time\" content=\"2022-05-13T08:24:06+00:00\" \/>\n<meta property=\"og:image\" content=\"https:\/\/akunq.net\/tr\/wp-content\/uploads\/sites\/6\/2022\/05\/Erol-Bostanc\u0131.jpeg\" \/>\n\t<meta property=\"og:image:width\" content=\"800\" \/>\n\t<meta property=\"og:image:height\" content=\"463\" \/>\n\t<meta property=\"og:image:type\" content=\"image\/jpeg\" \/>\n<meta name=\"author\" content=\"admin\" \/>\n<meta name=\"twitter:card\" content=\"summary_large_image\" \/>\n<meta name=\"twitter:label1\" content=\"Written by\" \/>\n\t<meta name=\"twitter:data1\" content=\"admin\" \/>\n\t<meta name=\"twitter:label2\" content=\"Est. reading time\" \/>\n\t<meta name=\"twitter:data2\" content=\"2 minutes\" \/>\n<script type=\"application\/ld+json\" class=\"yoast-schema-graph\">{\"@context\":\"https:\\\/\\\/schema.org\",\"@graph\":[{\"@type\":\"Article\",\"@id\":\"https:\\\/\\\/akunq.net\\\/tr\\\/?p=68508#article\",\"isPartOf\":{\"@id\":\"https:\\\/\\\/akunq.net\\\/tr\\\/?p=68508\"},\"author\":{\"name\":\"admin\",\"@id\":\"https:\\\/\\\/akunq.net\\\/tr\\\/#\\\/schema\\\/person\\\/096f1d38a12cce57fb855b485ed24c9e\"},\"headline\":\"Sur\u2019a 42 y\u0131l sonra d\u00f6nen Ermeni yurtta\u015f: Nefes alamad\u0131m\",\"datePublished\":\"2022-05-13T08:23:21+00:00\",\"dateModified\":\"2022-05-13T08:24:06+00:00\",\"mainEntityOfPage\":{\"@id\":\"https:\\\/\\\/akunq.net\\\/tr\\\/?p=68508\"},\"wordCount\":387,\"commentCount\":0,\"image\":{\"@id\":\"https:\\\/\\\/akunq.net\\\/tr\\\/?p=68508#primaryimage\"},\"thumbnailUrl\":\"https:\\\/\\\/akunq.net\\\/tr\\\/wp-content\\\/uploads\\\/sites\\\/6\\\/2022\\\/05\\\/Erol-Bostanc\u0131.jpeg\",\"articleSection\":[\"G\u00fcn\u00fcm\u00fczde Bat\u0131 Ermenileri\",\"G\u00fcn\u00fcm\u00fczde Bat\u0131 Ermenistan\",\"Haberler\"],\"inLanguage\":\"en-US\",\"potentialAction\":[{\"@type\":\"CommentAction\",\"name\":\"Comment\",\"target\":[\"https:\\\/\\\/akunq.net\\\/tr\\\/?p=68508#respond\"]}]},{\"@type\":\"WebPage\",\"@id\":\"https:\\\/\\\/akunq.net\\\/tr\\\/?p=68508\",\"url\":\"https:\\\/\\\/akunq.net\\\/tr\\\/?p=68508\",\"name\":\"Sur\u2019a 42 y\u0131l sonra d\u00f6nen Ermeni yurtta\u015f: Nefes alamad\u0131m - Bati Ermenistan Ve Bati Ermenileri Sorunlari Ara\u015ftirmalar Merkezi\",\"isPartOf\":{\"@id\":\"https:\\\/\\\/akunq.net\\\/tr\\\/#website\"},\"primaryImageOfPage\":{\"@id\":\"https:\\\/\\\/akunq.net\\\/tr\\\/?p=68508#primaryimage\"},\"image\":{\"@id\":\"https:\\\/\\\/akunq.net\\\/tr\\\/?p=68508#primaryimage\"},\"thumbnailUrl\":\"https:\\\/\\\/akunq.net\\\/tr\\\/wp-content\\\/uploads\\\/sites\\\/6\\\/2022\\\/05\\\/Erol-Bostanc\u0131.jpeg\",\"datePublished\":\"2022-05-13T08:23:21+00:00\",\"dateModified\":\"2022-05-13T08:24:06+00:00\",\"author\":{\"@id\":\"https:\\\/\\\/akunq.net\\\/tr\\\/#\\\/schema\\\/person\\\/096f1d38a12cce57fb855b485ed24c9e\"},\"breadcrumb\":{\"@id\":\"https:\\\/\\\/akunq.net\\\/tr\\\/?p=68508#breadcrumb\"},\"inLanguage\":\"en-US\",\"potentialAction\":[{\"@type\":\"ReadAction\",\"target\":[\"https:\\\/\\\/akunq.net\\\/tr\\\/?p=68508\"]}]},{\"@type\":\"ImageObject\",\"inLanguage\":\"en-US\",\"@id\":\"https:\\\/\\\/akunq.net\\\/tr\\\/?p=68508#primaryimage\",\"url\":\"https:\\\/\\\/akunq.net\\\/tr\\\/wp-content\\\/uploads\\\/sites\\\/6\\\/2022\\\/05\\\/Erol-Bostanc\u0131.jpeg\",\"contentUrl\":\"https:\\\/\\\/akunq.net\\\/tr\\\/wp-content\\\/uploads\\\/sites\\\/6\\\/2022\\\/05\\\/Erol-Bostanc\u0131.jpeg\",\"width\":800,\"height\":463},{\"@type\":\"BreadcrumbList\",\"@id\":\"https:\\\/\\\/akunq.net\\\/tr\\\/?p=68508#breadcrumb\",\"itemListElement\":[{\"@type\":\"ListItem\",\"position\":1,\"name\":\"Home\",\"item\":\"https:\\\/\\\/akunq.net\\\/tr\"},{\"@type\":\"ListItem\",\"position\":2,\"name\":\"Sur\u2019a 42 y\u0131l sonra d\u00f6nen Ermeni yurtta\u015f: Nefes alamad\u0131m\"}]},{\"@type\":\"WebSite\",\"@id\":\"https:\\\/\\\/akunq.net\\\/tr\\\/#website\",\"url\":\"https:\\\/\\\/akunq.net\\\/tr\\\/\",\"name\":\"Bati Ermenistan Ve Bati Ermenileri Sorunlari Ara\u015ftirmalar Merkezi\",\"description\":\"\",\"potentialAction\":[{\"@type\":\"SearchAction\",\"target\":{\"@type\":\"EntryPoint\",\"urlTemplate\":\"https:\\\/\\\/akunq.net\\\/tr\\\/?s={search_term_string}\"},\"query-input\":{\"@type\":\"PropertyValueSpecification\",\"valueRequired\":true,\"valueName\":\"search_term_string\"}}],\"inLanguage\":\"en-US\"},{\"@type\":\"Person\",\"@id\":\"https:\\\/\\\/akunq.net\\\/tr\\\/#\\\/schema\\\/person\\\/096f1d38a12cce57fb855b485ed24c9e\",\"name\":\"admin\",\"url\":\"https:\\\/\\\/akunq.net\\\/tr\\\/?author=7\"}]}<\/script>\n<!-- \/ Yoast SEO plugin. -->","yoast_head_json":{"title":"Sur\u2019a 42 y\u0131l sonra d\u00f6nen Ermeni yurtta\u015f: Nefes alamad\u0131m - Bati Ermenistan Ve Bati Ermenileri Sorunlari Ara\u015ftirmalar Merkezi","robots":{"index":"index","follow":"follow","max-snippet":"max-snippet:-1","max-image-preview":"max-image-preview:large","max-video-preview":"max-video-preview:-1"},"canonical":"https:\/\/akunq.net\/tr\/?p=68508","og_locale":"en_US","og_type":"article","og_title":"Sur\u2019a 42 y\u0131l sonra d\u00f6nen Ermeni yurtta\u015f: Nefes alamad\u0131m - Bati Ermenistan Ve Bati Ermenileri Sorunlari Ara\u015ftirmalar Merkezi","og_description":"Do\u011fup b\u00fcy\u00fcd\u00fc\u011f\u00fc Sur\u2019u 42 y\u0131l sonra ziyaret eden Ermeni yurtta\u015f Erol Bostanc\u0131, \u2018Bu yeni yap\u0131lar sokaklar\u0131n ruhunu bitirmi\u015f. Art\u0131k beni burada tutacak bir \u015fey yok\u2019 dedi. Farkl\u0131 kimlik ve inan\u00e7tan kesimlerin bir arada ya\u015fad\u0131\u011f\u0131 Diyarbak\u0131r\u2019\u0131n tarihi Sur il\u00e7esinden 42 y\u0131l \u00f6nce g\u00f6\u00e7 eden Ermeni yurtta\u015f Erol Bostanc\u0131 (66), g\u00f6rd\u00fc\u011f\u00fc manzara kar\u015f\u0131s\u0131nda hayrete d\u00fc\u015ft\u00fc. \u201cG\u00e2vur Mahallesi\u201d [&hellip;]","og_url":"https:\/\/akunq.net\/tr\/?p=68508","og_site_name":"Bati Ermenistan Ve Bati Ermenileri Sorunlari Ara\u015ftirmalar Merkezi","article_published_time":"2022-05-13T08:23:21+00:00","article_modified_time":"2022-05-13T08:24:06+00:00","og_image":[{"width":800,"height":463,"url":"https:\/\/akunq.net\/tr\/wp-content\/uploads\/sites\/6\/2022\/05\/Erol-Bostanc\u0131.jpeg","type":"image\/jpeg"}],"author":"admin","twitter_card":"summary_large_image","twitter_misc":{"Written by":"admin","Est. reading time":"2 minutes"},"schema":{"@context":"https:\/\/schema.org","@graph":[{"@type":"Article","@id":"https:\/\/akunq.net\/tr\/?p=68508#article","isPartOf":{"@id":"https:\/\/akunq.net\/tr\/?p=68508"},"author":{"name":"admin","@id":"https:\/\/akunq.net\/tr\/#\/schema\/person\/096f1d38a12cce57fb855b485ed24c9e"},"headline":"Sur\u2019a 42 y\u0131l sonra d\u00f6nen Ermeni yurtta\u015f: Nefes alamad\u0131m","datePublished":"2022-05-13T08:23:21+00:00","dateModified":"2022-05-13T08:24:06+00:00","mainEntityOfPage":{"@id":"https:\/\/akunq.net\/tr\/?p=68508"},"wordCount":387,"commentCount":0,"image":{"@id":"https:\/\/akunq.net\/tr\/?p=68508#primaryimage"},"thumbnailUrl":"https:\/\/akunq.net\/tr\/wp-content\/uploads\/sites\/6\/2022\/05\/Erol-Bostanc\u0131.jpeg","articleSection":["G\u00fcn\u00fcm\u00fczde Bat\u0131 Ermenileri","G\u00fcn\u00fcm\u00fczde Bat\u0131 Ermenistan","Haberler"],"inLanguage":"en-US","potentialAction":[{"@type":"CommentAction","name":"Comment","target":["https:\/\/akunq.net\/tr\/?p=68508#respond"]}]},{"@type":"WebPage","@id":"https:\/\/akunq.net\/tr\/?p=68508","url":"https:\/\/akunq.net\/tr\/?p=68508","name":"Sur\u2019a 42 y\u0131l sonra d\u00f6nen Ermeni yurtta\u015f: Nefes alamad\u0131m - Bati Ermenistan Ve Bati Ermenileri Sorunlari Ara\u015ftirmalar Merkezi","isPartOf":{"@id":"https:\/\/akunq.net\/tr\/#website"},"primaryImageOfPage":{"@id":"https:\/\/akunq.net\/tr\/?p=68508#primaryimage"},"image":{"@id":"https:\/\/akunq.net\/tr\/?p=68508#primaryimage"},"thumbnailUrl":"https:\/\/akunq.net\/tr\/wp-content\/uploads\/sites\/6\/2022\/05\/Erol-Bostanc\u0131.jpeg","datePublished":"2022-05-13T08:23:21+00:00","dateModified":"2022-05-13T08:24:06+00:00","author":{"@id":"https:\/\/akunq.net\/tr\/#\/schema\/person\/096f1d38a12cce57fb855b485ed24c9e"},"breadcrumb":{"@id":"https:\/\/akunq.net\/tr\/?p=68508#breadcrumb"},"inLanguage":"en-US","potentialAction":[{"@type":"ReadAction","target":["https:\/\/akunq.net\/tr\/?p=68508"]}]},{"@type":"ImageObject","inLanguage":"en-US","@id":"https:\/\/akunq.net\/tr\/?p=68508#primaryimage","url":"https:\/\/akunq.net\/tr\/wp-content\/uploads\/sites\/6\/2022\/05\/Erol-Bostanc\u0131.jpeg","contentUrl":"https:\/\/akunq.net\/tr\/wp-content\/uploads\/sites\/6\/2022\/05\/Erol-Bostanc\u0131.jpeg","width":800,"height":463},{"@type":"BreadcrumbList","@id":"https:\/\/akunq.net\/tr\/?p=68508#breadcrumb","itemListElement":[{"@type":"ListItem","position":1,"name":"Home","item":"https:\/\/akunq.net\/tr"},{"@type":"ListItem","position":2,"name":"Sur\u2019a 42 y\u0131l sonra d\u00f6nen Ermeni yurtta\u015f: Nefes alamad\u0131m"}]},{"@type":"WebSite","@id":"https:\/\/akunq.net\/tr\/#website","url":"https:\/\/akunq.net\/tr\/","name":"Bati Ermenistan Ve Bati Ermenileri Sorunlari Ara\u015ftirmalar Merkezi","description":"","potentialAction":[{"@type":"SearchAction","target":{"@type":"EntryPoint","urlTemplate":"https:\/\/akunq.net\/tr\/?s={search_term_string}"},"query-input":{"@type":"PropertyValueSpecification","valueRequired":true,"valueName":"search_term_string"}}],"inLanguage":"en-US"},{"@type":"Person","@id":"https:\/\/akunq.net\/tr\/#\/schema\/person\/096f1d38a12cce57fb855b485ed24c9e","name":"admin","url":"https:\/\/akunq.net\/tr\/?author=7"}]}},"_links":{"self":[{"href":"https:\/\/akunq.net\/tr\/index.php?rest_route=\/wp\/v2\/posts\/68508","targetHints":{"allow":["GET"]}}],"collection":[{"href":"https:\/\/akunq.net\/tr\/index.php?rest_route=\/wp\/v2\/posts"}],"about":[{"href":"https:\/\/akunq.net\/tr\/index.php?rest_route=\/wp\/v2\/types\/post"}],"author":[{"embeddable":true,"href":"https:\/\/akunq.net\/tr\/index.php?rest_route=\/wp\/v2\/users\/7"}],"replies":[{"embeddable":true,"href":"https:\/\/akunq.net\/tr\/index.php?rest_route=%2Fwp%2Fv2%2Fcomments&post=68508"}],"version-history":[{"count":1,"href":"https:\/\/akunq.net\/tr\/index.php?rest_route=\/wp\/v2\/posts\/68508\/revisions"}],"predecessor-version":[{"id":68510,"href":"https:\/\/akunq.net\/tr\/index.php?rest_route=\/wp\/v2\/posts\/68508\/revisions\/68510"}],"wp:featuredmedia":[{"embeddable":true,"href":"https:\/\/akunq.net\/tr\/index.php?rest_route=\/wp\/v2\/media\/68509"}],"wp:attachment":[{"href":"https:\/\/akunq.net\/tr\/index.php?rest_route=%2Fwp%2Fv2%2Fmedia&parent=68508"}],"wp:term":[{"taxonomy":"category","embeddable":true,"href":"https:\/\/akunq.net\/tr\/index.php?rest_route=%2Fwp%2Fv2%2Fcategories&post=68508"},{"taxonomy":"post_tag","embeddable":true,"href":"https:\/\/akunq.net\/tr\/index.php?rest_route=%2Fwp%2Fv2%2Ftags&post=68508"}],"curies":[{"name":"wp","href":"https:\/\/api.w.org\/{rel}","templated":true}]}}