{"id":68503,"date":"2022-05-13T02:31:09","date_gmt":"2022-05-13T07:31:09","guid":{"rendered":"https:\/\/akunq.net\/tr\/?p=68503"},"modified":"2022-05-13T02:31:09","modified_gmt":"2022-05-13T07:31:09","slug":"kurtcenin-egitim-dili-olmasi-icin-15-mayista-alanlarda-olacagiz","status":"publish","type":"post","link":"https:\/\/akunq.net\/tr\/?p=68503","title":{"rendered":"\u2018K\u00fcrt\u00e7enin e\u011fitim dili olmas\u0131 i\u00e7in 15 May\u0131s\u2019ta alanlarda olaca\u011f\u0131z\u2019"},"content":{"rendered":"<p><img loading=\"lazy\" decoding=\"async\" class=\"aligncenter size-medium wp-image-68504\" src=\"https:\/\/akunq.net\/tr\/wp-content\/uploads\/2022\/05\/K\u00fcrt\u00e7e-360x208.jpeg\" alt=\"\" width=\"360\" height=\"208\" srcset=\"https:\/\/akunq.net\/tr\/wp-content\/uploads\/sites\/6\/2022\/05\/K\u00fcrt\u00e7e-360x208.jpeg 360w, https:\/\/akunq.net\/tr\/wp-content\/uploads\/sites\/6\/2022\/05\/K\u00fcrt\u00e7e-768x444.jpeg 768w, https:\/\/akunq.net\/tr\/wp-content\/uploads\/sites\/6\/2022\/05\/K\u00fcrt\u00e7e-560x324.jpeg 560w, https:\/\/akunq.net\/tr\/wp-content\/uploads\/sites\/6\/2022\/05\/K\u00fcrt\u00e7e-260x150.jpeg 260w, https:\/\/akunq.net\/tr\/wp-content\/uploads\/sites\/6\/2022\/05\/K\u00fcrt\u00e7e-160x93.jpeg 160w, https:\/\/akunq.net\/tr\/wp-content\/uploads\/sites\/6\/2022\/05\/K\u00fcrt\u00e7e.jpeg 800w\" sizes=\"auto, (max-width: 360px) 100vw, 360px\" \/><\/p>\n<p><em><strong>K\u00fcrt dili \u00fczerindeki bask\u0131lara de\u011finen K\u00fcrt Ara\u015ft\u0131rmalar\u0131 Derne\u011fi E\u015fba\u015fkan\u0131 Ey\u00fcp Suba\u015f\u0131, \u2018K\u00fcrt dilinin stat\u00fcs\u00fc tan\u0131nmal\u0131; e\u011fitim dili olmas\u0131n\u0131 istiyoruz\u2019 dedi.<\/strong><\/em><\/p>\n<p>Celadet Al\u00ee Bedirxan ve arkada\u015flar\u0131n\u0131n 15 May\u0131s 1932\u2019de \u00f6nc\u00fcl\u00fck ederek \u00e7\u0131kard\u0131klar\u0131 Hawar Dergisi, Suriye\u2019nin ba\u015fkenti \u015eam\u2019da Latin harfleriyle yay\u0131n hayat\u0131na ba\u015flad\u0131. 1943\u2019e kadar 57 say\u0131s\u0131 \u00e7\u0131kar\u0131lan Hawar Dergisi K\u00fcrt k\u00fclt\u00fcr tarihi i\u00e7in bir milat olarak kabul ediliyor. Tarih boyunca asimilasyon ve yasaklamalara maruz kalan K\u00fcrt diline ve k\u00fclt\u00fcr\u00fcne katk\u0131lar\u0131ndan dolay\u0131 Hawar Dergisi\u2019nin yay\u0131n hayat\u0131na ba\u015flad\u0131\u011f\u0131 15 May\u0131s 2006 y\u0131l\u0131ndan itibaren \u201cK\u00fcrt Dil Bayram\u0131\u201d olarak kutlan\u0131yor. K\u00fcrt Ara\u015ft\u0131rmalar\u0131 Derne\u011fi E\u015fba\u015fkan\u0131 Ey\u00fcp Suba\u015f\u0131, 15 May\u0131s K\u00fcrt Dil Bayram\u0131\u2019na ili\u015fkin de\u011ferlendirmelerde bulundu.<\/p>\n<p><strong>\u2018K\u00dcRT D\u0130L\u0130 G\u0130B\u0130 K\u00dcRT HALKI DA D\u0130REN\u0130YOR\u2019<\/strong><\/p>\n<p>K\u00fcrt halk\u0131n\u0131n K\u00fcrt dili gibi direndi\u011fine vurgu yapan Suba\u015f\u0131, K\u00fcrt diline kar\u015f\u0131 sald\u0131r\u0131lar\u0131n devam etti\u011fini belirterek \u015f\u00f6yle dedi:<\/p>\n<p>\u201cK\u00fcrtlerin dili daha ileriye gitmesi i\u00e7in bir direni\u015f g\u00f6steriyor. Her g\u00fcn bunlar\u0131 medyada g\u00f6r\u00fcyoruz. Erzurum Karayaz\u0131\u2019da 4 tane \u00f6\u011fretmen K\u00fcrt\u00e7e kar\u015f\u0131 g\u00fczel olmayan hareketler yapt\u0131. Maalesef hem devlet taraf\u0131ndan hem de halk taraf\u0131ndan K\u00fcrt diline kar\u015f\u0131 bir sald\u0131r\u0131 var. K\u00fcrt dilini ortadan kald\u0131rmaya \u00e7al\u0131\u015f\u0131yorlar. Buna kar\u015f\u0131 bizim ne yapmam\u0131z gerekiyor? Bunlara kar\u015f\u0131 bu kadim dilimizi korumal\u0131y\u0131z. Bu kadim dille tar\u0131m devrimi yap\u0131ld\u0131.\u201d<\/p>\n<p><strong>\u2018EL\u0130M\u0130ZDEN GELEN HER \u015eEY\u0130 YAPACA\u011eIZ\u2019<\/strong><\/p>\n<p>K\u00fcrtlerin, hakikatini ve ger\u00e7ekli\u011fini kendi dilleriyle savundu\u011funun alt\u0131n\u0131 \u00e7izen Suba\u015f\u0131, K\u00fcrtlerin de bundan dolay\u0131 kendi ger\u00e7ekliklerine ve dillerine sahip \u00e7\u0131k\u0131p bunlar\u0131 g\u00f6rmeleri gerekti\u011fini vurgulad\u0131. K\u00fcrtlerin kendi dillerini gelece\u011fe ta\u015f\u0131mas\u0131 i\u00e7in bir aktar\u0131mda bulunmas\u0131 gerekti\u011fini s\u00f6yleyen Suba\u015f\u0131, \u201cBunu \u00e7ok iyi bilmemiz gerekiyor ki K\u00fcrtlere bu sald\u0131r\u0131lar\u0131 yaparak normalle\u015ftirmeye \u00e7al\u0131\u015f\u0131yorlar. Bundan dolay\u0131 bu sald\u0131r\u0131lar\u0131 \u00e7o\u011falt\u0131yorlar. Bunu yaparak K\u00fcrtlerin, \u2018bu normal bir \u015fey sesinizi \u00e7\u0131karmay\u0131n\u2019 demesini istiyorlar. Bunlara kar\u015f\u0131 elimizden ne geliyorsa yapmam\u0131z gerekiyor. Sanal medyada olsun ya da s\u00f6zl\u00fc olarak olsun bu sald\u0131r\u0131lara kar\u015f\u0131 tepkimizi dile getirmemiz gerekiyor ki bu sald\u0131r\u0131lar normalle\u015fmesin. Elimizden ne geliyorsa yapmam\u0131z gerekiyor. Bunlar\u0131 yapal\u0131m ki K\u00fcrt dili hak etti\u011fi yeri bulsun\u201d diye vurgulad\u0131.<\/p>\n<p><strong>\u2018K\u00dcLT\u00dcREL B\u0130R SOYKIRIM VAR\u2019<\/strong><\/p>\n<p>T\u00fcrkiye\u2019de Ermenilere yakla\u015f\u0131ld\u0131\u011f\u0131 gibi K\u00fcrt halk\u0131na kar\u015f\u0131 da ayn\u0131 konseptle yakla\u015f\u0131ld\u0131\u011f\u0131n\u0131 dile getiren Suba\u015f\u0131, k\u00fclt\u00fcrel olarak da bir soyk\u0131r\u0131m yap\u0131lmak istendi\u011fine dikkat \u00e7ekti. Bu yok etme anlay\u0131\u015f\u0131n\u0131n ise \u201cbeyaz \u00f6l\u00fcm\u201d oldu\u011funu ifade eden Suba\u015f\u0131, \u201cBunu s\u00f6yleyebiliriz ki \u2018beyaz \u00f6l\u00fcm\u2019 yani k\u00fclt\u00fcrel bir soyk\u0131r\u0131m var. Bu da fiziki soyk\u0131r\u0131mdan farks\u0131z de\u011fil. \u0130ster bir milleti fiziki olarak, ister dilini ortadan kald\u0131rarak yaps\u0131nlar ikisi de ayn\u0131 \u015fey. Bug\u00fcn K\u00fcrtler \u00fczerinde bir soyk\u0131r\u0131m varsa bu k\u00fclt\u00fcrel bir soyk\u0131r\u0131md\u0131r\u201d ifadelerini kulland\u0131.<\/p>\n<p><strong>\u2018CANLI TUTMAK \u0130ST\u0130YORUZ\u2019<\/strong><\/p>\n<p>K\u00fcrt dilene y\u00f6nelik \u00e7al\u0131\u015fmalar yapt\u0131klar\u0131n\u0131 s\u00f6yleyen Suba\u015f\u0131, K\u00fcrt\u00e7e \u00f6\u011fretmeye ve daha ileriye ta\u015f\u0131mak ad\u0131na dersler verdiklerini ifade etti. Suba\u015f\u0131, \u201cAyn\u0131 zamanda kitaplar \u00e7\u0131kar\u0131yoruz. Merkezlerde olsun \u0130l\u00e7elerde olsun buna kar\u015f\u0131 K\u00fcrt dilinin bilincini olu\u015fturma \u00e7al\u0131\u015f\u0131yor ve canl\u0131 tutmaya \u00e7al\u0131\u015f\u0131yoruz. Bunu yaparak halk\u0131m\u0131z\u0131n daha \u00e7ok diline sahip \u00e7\u0131kmas\u0131n\u0131 istiyoruz. Nas\u0131l ki bu ana kadar getirdilerse, bu \u00e7al\u0131\u015fmalarla canl\u0131 tutmak ve bilincini olu\u015fturmak istiyoruz\u201d dedi.<\/p>\n<p><strong>HAWAR DERG\u0130S\u0130<\/strong><\/p>\n<p>Celadet Bedirxan ve arkada\u015flar\u0131n\u0131n \u00f6nc\u00fcl\u00fc\u011f\u00fcnde a\u00e7\u0131lan Hawar Dergisi\u2019nin K\u00fcrtler i\u00e7in \u00f6nemli bir yer tuttu\u011funu s\u00f6yleyen Suba\u015f\u0131, bu derginin Latin harfleriyle yay\u0131n hayat\u0131na ba\u015flat\u0131ld\u0131\u011f\u0131n\u0131 ve K\u00fcrt dili \u00fczerinde edebi ve k\u00fclt\u00fcrel olarak \u00e7al\u0131\u015fmalar yap\u0131ld\u0131\u011f\u0131n\u0131 ifade etti. Suba\u015f\u0131, \u201cHawar Dergisi, K\u00fcrt dili i\u00e7in \u00e7ok \u00f6nemlidir. K\u00fcrt\u00e7enin stat\u00fcs\u00fcz olmas\u0131n\u0131 kar\u015f\u0131 daha \u00e7ok K\u00fcrt\u00e7eyi yaymak i\u00e7in \u00e7al\u0131\u015fmalar yapt\u0131. Hawar Dergisi zaman\u0131nda bir kurum gibi \u00e7al\u0131\u015ft\u0131. Bundan dolay\u0131 K\u00fcrt dili \u00fczerinde b\u00fcy\u00fck bir rol\u00fc var\u201d dedi.<\/p>\n<p><strong>\u2018K\u00dcRT HALKI D\u0130L\u0130NE SAH\u0130P \u00c7IKIYOR\u2019<\/strong><\/p>\n<p>Suba\u015f\u0131, konu\u015fmas\u0131n\u0131 \u015f\u00f6yle s\u00fcrd\u00fcrd\u00fc:<\/p>\n<p>\u201c1932 y\u0131l\u0131nda Hawar Dergisi\u2019nin \u00e7\u0131k\u0131\u015f\u0131na bak\u0131ld\u0131\u011f\u0131nda K\u00fcrtler \u00fczerinde yine b\u00fcy\u00fck bir bask\u0131 ve soyk\u0131r\u0131m vard\u0131. O d\u00f6nemde K\u00fcrtlerin bir direni\u015fi de vard\u0131. Onlarda, \u2018biz K\u00fcrtleri bitirdik\u2019 diyorlard\u0131. O d\u00f6nem de b\u00fcy\u00fck bir sessizlikte vard\u0131. \u00dczerlerinde ki yo\u011fun bask\u0131dan dolay\u0131 kendi dilleriyle bile konu\u015fmaya \u00e7ekiniyorlard\u0131. B\u00f6yle bir atmosfer yaratm\u0131\u015flard\u0131. K\u00fcrt\u00e7e konu\u015ftuklar\u0131 zaman s\u00fcrg\u00fcn ediliyorlard\u0131. Ya da cezaevine at\u0131l\u0131yorlard\u0131. Bug\u00fcnde g\u00f6r\u00fcyoruz ki K\u00fcrtlerin direni\u015fi var. Ve K\u00fcrt halk\u0131 art\u0131k kendi dilene sahip \u00e7\u0131k\u0131yor.\u201d<\/p>\n<p><strong>TALEPLER\u0130 \u0130\u00c7\u0130N Y\u00dcR\u00dcYECEKLER<\/strong><\/p>\n<p>\u201cK\u00fcrt dilini d\u00f6rt duvar aras\u0131na sokmak istiyorlar\u201d diyen Suba\u015f\u0131, buna kar\u015f\u0131 K\u00fcrt dilinin hayat\u0131n her alan\u0131nda konu\u015fulmas\u0131 gerekti\u011fine belirtti. Suba\u015f\u0131, \u201cBundan dolay\u0131 15 May\u0131s K\u00fcrt Dil Bayram\u0131\u2019nda alanlarda olaca\u011f\u0131z ve y\u00fcr\u00fcyece\u011fiz. Bir kere daha isteklerimizi dile getirelim. Art\u0131k K\u00fcrt dilinin stat\u00fcs\u00fcn\u00fcn tan\u0131nmas\u0131n\u0131n ve hem e\u011fitim dili hem de resmi dil olarak tan\u0131nmas\u0131n\u0131 istiyoruz. Bu \u00e7er\u00e7evede alana \u00e7\u0131k\u0131p y\u00fcr\u00fcyece\u011fiz\u201d ifadelerini kulland\u0131.<\/p>\n<p><strong>D\u0130L BAYRAMI ETK\u0130NL\u0130KLER\u0130<\/strong><\/p>\n<p>Suba\u015f\u0131, 15 May\u0131s\u2019ta Mezopotamya K\u00fclt\u00fcr Merkezi (MKM) ile ortak bir \u015fekilde K\u00fcrt Dili ve Bayram\u0131\u2019na ili\u015fkin y\u00fcr\u00fcy\u00fc\u015f yaparak taleplerini dile getireceklerini s\u00f6yledi. Suba\u015f\u0131, K\u00fcrt Dili Bayram\u0131\u2019nda yapacaklar\u0131 y\u00fcr\u00fcy\u00fc\u015fe kat\u0131l\u0131m \u00e7a\u011fr\u0131s\u0131nda bulundu. Suba\u015f\u0131, \u201cDilimiz i\u00e7in irademizi ve direncimizi g\u00f6sterirsek hi\u00e7bir sald\u0131r\u0131 dilimizi yok edemez. Bu bilin\u00e7le kendi dilimize sahip \u00e7\u0131kal\u0131m. Esenyurt Meydan\u0131\u2019nda saat 14.00\u2019da; Kartal\u2019da ise saat 17.00\u2019da etkinlik d\u00fczenleyece\u011fiz. Bunu yaparak K\u00fcrt dilini d\u00f6rt duvar aras\u0131na koyamayacaklar\u0131n\u0131 ve K\u00fcrt\u00e7eye y\u00f6nelik sald\u0131r\u0131lar\u0131 kabul etmeyece\u011fimizi g\u00f6sterece\u011fiz\u201d dedi. (MA)<\/p>\n<hr \/>\n<p><em><strong><a href=\"https:\/\/artigercek.com\/haberler\/kurtce-nin-egitim-dili-olmasi-icin-15-mayis-ta-alanlarda-olacagiz\" target=\"_blank\" rel=\"noopener noreferrer\">Art\u0131 Ger\u00e7ek<\/a>\u00a0<\/strong><\/em><\/p>\n","protected":false},"excerpt":{"rendered":"<p>K\u00fcrt dili \u00fczerindeki bask\u0131lara de\u011finen K\u00fcrt Ara\u015ft\u0131rmalar\u0131 Derne\u011fi E\u015fba\u015fkan\u0131 Ey\u00fcp Suba\u015f\u0131, \u2018K\u00fcrt dilinin stat\u00fcs\u00fc tan\u0131nmal\u0131; e\u011fitim dili olmas\u0131n\u0131 istiyoruz\u2019 dedi. Celadet Al\u00ee Bedirxan ve arkada\u015flar\u0131n\u0131n 15 May\u0131s 1932\u2019de \u00f6nc\u00fcl\u00fck ederek \u00e7\u0131kard\u0131klar\u0131 Hawar Dergisi, Suriye\u2019nin ba\u015fkenti \u015eam\u2019da Latin harfleriyle yay\u0131n hayat\u0131na ba\u015flad\u0131. 1943\u2019e kadar 57 say\u0131s\u0131 \u00e7\u0131kar\u0131lan Hawar Dergisi K\u00fcrt k\u00fclt\u00fcr tarihi i\u00e7in bir milat olarak [&hellip;]<\/p>\n","protected":false},"author":7,"featured_media":68504,"comment_status":"open","ping_status":"open","sticky":false,"template":"","format":"standard","meta":{"footnotes":""},"categories":[1,53],"tags":[],"class_list":["post-68503","post","type-post","status-publish","format-standard","has-post-thumbnail","hentry","category-haberler","category-turkiyede-azinliklar"],"yoast_head":"<!-- This site is optimized with the Yoast SEO plugin v27.4 - https:\/\/yoast.com\/product\/yoast-seo-wordpress\/ -->\n<title>\u2018K\u00fcrt\u00e7enin e\u011fitim dili olmas\u0131 i\u00e7in 15 May\u0131s\u2019ta alanlarda olaca\u011f\u0131z\u2019 - Bati Ermenistan Ve Bati Ermenileri Sorunlari Ara\u015ftirmalar Merkezi<\/title>\n<meta name=\"robots\" content=\"index, follow, max-snippet:-1, max-image-preview:large, max-video-preview:-1\" \/>\n<link rel=\"canonical\" href=\"https:\/\/akunq.net\/tr\/?p=68503\" \/>\n<meta property=\"og:locale\" content=\"en_US\" \/>\n<meta property=\"og:type\" content=\"article\" \/>\n<meta property=\"og:title\" content=\"\u2018K\u00fcrt\u00e7enin e\u011fitim dili olmas\u0131 i\u00e7in 15 May\u0131s\u2019ta alanlarda olaca\u011f\u0131z\u2019 - Bati Ermenistan Ve Bati Ermenileri Sorunlari Ara\u015ftirmalar Merkezi\" \/>\n<meta property=\"og:description\" content=\"K\u00fcrt dili \u00fczerindeki bask\u0131lara de\u011finen K\u00fcrt Ara\u015ft\u0131rmalar\u0131 Derne\u011fi E\u015fba\u015fkan\u0131 Ey\u00fcp Suba\u015f\u0131, \u2018K\u00fcrt dilinin stat\u00fcs\u00fc tan\u0131nmal\u0131; e\u011fitim dili olmas\u0131n\u0131 istiyoruz\u2019 dedi. Celadet Al\u00ee Bedirxan ve arkada\u015flar\u0131n\u0131n 15 May\u0131s 1932\u2019de \u00f6nc\u00fcl\u00fck ederek \u00e7\u0131kard\u0131klar\u0131 Hawar Dergisi, Suriye\u2019nin ba\u015fkenti \u015eam\u2019da Latin harfleriyle yay\u0131n hayat\u0131na ba\u015flad\u0131. 1943\u2019e kadar 57 say\u0131s\u0131 \u00e7\u0131kar\u0131lan Hawar Dergisi K\u00fcrt k\u00fclt\u00fcr tarihi i\u00e7in bir milat olarak [&hellip;]\" \/>\n<meta property=\"og:url\" content=\"https:\/\/akunq.net\/tr\/?p=68503\" \/>\n<meta property=\"og:site_name\" content=\"Bati Ermenistan Ve Bati Ermenileri Sorunlari Ara\u015ftirmalar Merkezi\" \/>\n<meta property=\"article:published_time\" content=\"2022-05-13T07:31:09+00:00\" \/>\n<meta property=\"og:image\" content=\"https:\/\/akunq.net\/tr\/wp-content\/uploads\/sites\/6\/2022\/05\/K\u00fcrt\u00e7e.jpeg\" \/>\n\t<meta property=\"og:image:width\" content=\"800\" \/>\n\t<meta property=\"og:image:height\" content=\"463\" \/>\n\t<meta property=\"og:image:type\" content=\"image\/jpeg\" \/>\n<meta name=\"author\" content=\"admin\" \/>\n<meta name=\"twitter:card\" content=\"summary_large_image\" \/>\n<meta name=\"twitter:label1\" content=\"Written by\" \/>\n\t<meta name=\"twitter:data1\" content=\"admin\" \/>\n\t<meta name=\"twitter:label2\" content=\"Est. reading time\" \/>\n\t<meta name=\"twitter:data2\" content=\"6 minutes\" \/>\n<script type=\"application\/ld+json\" class=\"yoast-schema-graph\">{\"@context\":\"https:\\\/\\\/schema.org\",\"@graph\":[{\"@type\":\"Article\",\"@id\":\"https:\\\/\\\/akunq.net\\\/tr\\\/?p=68503#article\",\"isPartOf\":{\"@id\":\"https:\\\/\\\/akunq.net\\\/tr\\\/?p=68503\"},\"author\":{\"name\":\"admin\",\"@id\":\"https:\\\/\\\/akunq.net\\\/tr\\\/#\\\/schema\\\/person\\\/096f1d38a12cce57fb855b485ed24c9e\"},\"headline\":\"\u2018K\u00fcrt\u00e7enin e\u011fitim dili olmas\u0131 i\u00e7in 15 May\u0131s\u2019ta alanlarda olaca\u011f\u0131z\u2019\",\"datePublished\":\"2022-05-13T07:31:09+00:00\",\"mainEntityOfPage\":{\"@id\":\"https:\\\/\\\/akunq.net\\\/tr\\\/?p=68503\"},\"wordCount\":1115,\"commentCount\":0,\"image\":{\"@id\":\"https:\\\/\\\/akunq.net\\\/tr\\\/?p=68503#primaryimage\"},\"thumbnailUrl\":\"https:\\\/\\\/akunq.net\\\/tr\\\/wp-content\\\/uploads\\\/sites\\\/6\\\/2022\\\/05\\\/K\u00fcrt\u00e7e.jpeg\",\"articleSection\":[\"Haberler\",\"T\u00fcrkiye\u2019de Az\u0131nl\u0131klar\"],\"inLanguage\":\"en-US\",\"potentialAction\":[{\"@type\":\"CommentAction\",\"name\":\"Comment\",\"target\":[\"https:\\\/\\\/akunq.net\\\/tr\\\/?p=68503#respond\"]}]},{\"@type\":\"WebPage\",\"@id\":\"https:\\\/\\\/akunq.net\\\/tr\\\/?p=68503\",\"url\":\"https:\\\/\\\/akunq.net\\\/tr\\\/?p=68503\",\"name\":\"\u2018K\u00fcrt\u00e7enin e\u011fitim dili olmas\u0131 i\u00e7in 15 May\u0131s\u2019ta alanlarda olaca\u011f\u0131z\u2019 - Bati Ermenistan Ve Bati Ermenileri Sorunlari Ara\u015ftirmalar Merkezi\",\"isPartOf\":{\"@id\":\"https:\\\/\\\/akunq.net\\\/tr\\\/#website\"},\"primaryImageOfPage\":{\"@id\":\"https:\\\/\\\/akunq.net\\\/tr\\\/?p=68503#primaryimage\"},\"image\":{\"@id\":\"https:\\\/\\\/akunq.net\\\/tr\\\/?p=68503#primaryimage\"},\"thumbnailUrl\":\"https:\\\/\\\/akunq.net\\\/tr\\\/wp-content\\\/uploads\\\/sites\\\/6\\\/2022\\\/05\\\/K\u00fcrt\u00e7e.jpeg\",\"datePublished\":\"2022-05-13T07:31:09+00:00\",\"author\":{\"@id\":\"https:\\\/\\\/akunq.net\\\/tr\\\/#\\\/schema\\\/person\\\/096f1d38a12cce57fb855b485ed24c9e\"},\"breadcrumb\":{\"@id\":\"https:\\\/\\\/akunq.net\\\/tr\\\/?p=68503#breadcrumb\"},\"inLanguage\":\"en-US\",\"potentialAction\":[{\"@type\":\"ReadAction\",\"target\":[\"https:\\\/\\\/akunq.net\\\/tr\\\/?p=68503\"]}]},{\"@type\":\"ImageObject\",\"inLanguage\":\"en-US\",\"@id\":\"https:\\\/\\\/akunq.net\\\/tr\\\/?p=68503#primaryimage\",\"url\":\"https:\\\/\\\/akunq.net\\\/tr\\\/wp-content\\\/uploads\\\/sites\\\/6\\\/2022\\\/05\\\/K\u00fcrt\u00e7e.jpeg\",\"contentUrl\":\"https:\\\/\\\/akunq.net\\\/tr\\\/wp-content\\\/uploads\\\/sites\\\/6\\\/2022\\\/05\\\/K\u00fcrt\u00e7e.jpeg\",\"width\":800,\"height\":463},{\"@type\":\"BreadcrumbList\",\"@id\":\"https:\\\/\\\/akunq.net\\\/tr\\\/?p=68503#breadcrumb\",\"itemListElement\":[{\"@type\":\"ListItem\",\"position\":1,\"name\":\"Home\",\"item\":\"https:\\\/\\\/akunq.net\\\/tr\"},{\"@type\":\"ListItem\",\"position\":2,\"name\":\"\u2018K\u00fcrt\u00e7enin e\u011fitim dili olmas\u0131 i\u00e7in 15 May\u0131s\u2019ta alanlarda olaca\u011f\u0131z\u2019\"}]},{\"@type\":\"WebSite\",\"@id\":\"https:\\\/\\\/akunq.net\\\/tr\\\/#website\",\"url\":\"https:\\\/\\\/akunq.net\\\/tr\\\/\",\"name\":\"Bati Ermenistan Ve Bati Ermenileri Sorunlari Ara\u015ftirmalar Merkezi\",\"description\":\"\",\"potentialAction\":[{\"@type\":\"SearchAction\",\"target\":{\"@type\":\"EntryPoint\",\"urlTemplate\":\"https:\\\/\\\/akunq.net\\\/tr\\\/?s={search_term_string}\"},\"query-input\":{\"@type\":\"PropertyValueSpecification\",\"valueRequired\":true,\"valueName\":\"search_term_string\"}}],\"inLanguage\":\"en-US\"},{\"@type\":\"Person\",\"@id\":\"https:\\\/\\\/akunq.net\\\/tr\\\/#\\\/schema\\\/person\\\/096f1d38a12cce57fb855b485ed24c9e\",\"name\":\"admin\",\"url\":\"https:\\\/\\\/akunq.net\\\/tr\\\/?author=7\"}]}<\/script>\n<!-- \/ Yoast SEO plugin. -->","yoast_head_json":{"title":"\u2018K\u00fcrt\u00e7enin e\u011fitim dili olmas\u0131 i\u00e7in 15 May\u0131s\u2019ta alanlarda olaca\u011f\u0131z\u2019 - Bati Ermenistan Ve Bati Ermenileri Sorunlari Ara\u015ftirmalar Merkezi","robots":{"index":"index","follow":"follow","max-snippet":"max-snippet:-1","max-image-preview":"max-image-preview:large","max-video-preview":"max-video-preview:-1"},"canonical":"https:\/\/akunq.net\/tr\/?p=68503","og_locale":"en_US","og_type":"article","og_title":"\u2018K\u00fcrt\u00e7enin e\u011fitim dili olmas\u0131 i\u00e7in 15 May\u0131s\u2019ta alanlarda olaca\u011f\u0131z\u2019 - Bati Ermenistan Ve Bati Ermenileri Sorunlari Ara\u015ftirmalar Merkezi","og_description":"K\u00fcrt dili \u00fczerindeki bask\u0131lara de\u011finen K\u00fcrt Ara\u015ft\u0131rmalar\u0131 Derne\u011fi E\u015fba\u015fkan\u0131 Ey\u00fcp Suba\u015f\u0131, \u2018K\u00fcrt dilinin stat\u00fcs\u00fc tan\u0131nmal\u0131; e\u011fitim dili olmas\u0131n\u0131 istiyoruz\u2019 dedi. Celadet Al\u00ee Bedirxan ve arkada\u015flar\u0131n\u0131n 15 May\u0131s 1932\u2019de \u00f6nc\u00fcl\u00fck ederek \u00e7\u0131kard\u0131klar\u0131 Hawar Dergisi, Suriye\u2019nin ba\u015fkenti \u015eam\u2019da Latin harfleriyle yay\u0131n hayat\u0131na ba\u015flad\u0131. 1943\u2019e kadar 57 say\u0131s\u0131 \u00e7\u0131kar\u0131lan Hawar Dergisi K\u00fcrt k\u00fclt\u00fcr tarihi i\u00e7in bir milat olarak [&hellip;]","og_url":"https:\/\/akunq.net\/tr\/?p=68503","og_site_name":"Bati Ermenistan Ve Bati Ermenileri Sorunlari Ara\u015ftirmalar Merkezi","article_published_time":"2022-05-13T07:31:09+00:00","og_image":[{"width":800,"height":463,"url":"https:\/\/akunq.net\/tr\/wp-content\/uploads\/sites\/6\/2022\/05\/K\u00fcrt\u00e7e.jpeg","type":"image\/jpeg"}],"author":"admin","twitter_card":"summary_large_image","twitter_misc":{"Written by":"admin","Est. reading time":"6 minutes"},"schema":{"@context":"https:\/\/schema.org","@graph":[{"@type":"Article","@id":"https:\/\/akunq.net\/tr\/?p=68503#article","isPartOf":{"@id":"https:\/\/akunq.net\/tr\/?p=68503"},"author":{"name":"admin","@id":"https:\/\/akunq.net\/tr\/#\/schema\/person\/096f1d38a12cce57fb855b485ed24c9e"},"headline":"\u2018K\u00fcrt\u00e7enin e\u011fitim dili olmas\u0131 i\u00e7in 15 May\u0131s\u2019ta alanlarda olaca\u011f\u0131z\u2019","datePublished":"2022-05-13T07:31:09+00:00","mainEntityOfPage":{"@id":"https:\/\/akunq.net\/tr\/?p=68503"},"wordCount":1115,"commentCount":0,"image":{"@id":"https:\/\/akunq.net\/tr\/?p=68503#primaryimage"},"thumbnailUrl":"https:\/\/akunq.net\/tr\/wp-content\/uploads\/sites\/6\/2022\/05\/K\u00fcrt\u00e7e.jpeg","articleSection":["Haberler","T\u00fcrkiye\u2019de Az\u0131nl\u0131klar"],"inLanguage":"en-US","potentialAction":[{"@type":"CommentAction","name":"Comment","target":["https:\/\/akunq.net\/tr\/?p=68503#respond"]}]},{"@type":"WebPage","@id":"https:\/\/akunq.net\/tr\/?p=68503","url":"https:\/\/akunq.net\/tr\/?p=68503","name":"\u2018K\u00fcrt\u00e7enin e\u011fitim dili olmas\u0131 i\u00e7in 15 May\u0131s\u2019ta alanlarda olaca\u011f\u0131z\u2019 - Bati Ermenistan Ve Bati Ermenileri Sorunlari Ara\u015ftirmalar Merkezi","isPartOf":{"@id":"https:\/\/akunq.net\/tr\/#website"},"primaryImageOfPage":{"@id":"https:\/\/akunq.net\/tr\/?p=68503#primaryimage"},"image":{"@id":"https:\/\/akunq.net\/tr\/?p=68503#primaryimage"},"thumbnailUrl":"https:\/\/akunq.net\/tr\/wp-content\/uploads\/sites\/6\/2022\/05\/K\u00fcrt\u00e7e.jpeg","datePublished":"2022-05-13T07:31:09+00:00","author":{"@id":"https:\/\/akunq.net\/tr\/#\/schema\/person\/096f1d38a12cce57fb855b485ed24c9e"},"breadcrumb":{"@id":"https:\/\/akunq.net\/tr\/?p=68503#breadcrumb"},"inLanguage":"en-US","potentialAction":[{"@type":"ReadAction","target":["https:\/\/akunq.net\/tr\/?p=68503"]}]},{"@type":"ImageObject","inLanguage":"en-US","@id":"https:\/\/akunq.net\/tr\/?p=68503#primaryimage","url":"https:\/\/akunq.net\/tr\/wp-content\/uploads\/sites\/6\/2022\/05\/K\u00fcrt\u00e7e.jpeg","contentUrl":"https:\/\/akunq.net\/tr\/wp-content\/uploads\/sites\/6\/2022\/05\/K\u00fcrt\u00e7e.jpeg","width":800,"height":463},{"@type":"BreadcrumbList","@id":"https:\/\/akunq.net\/tr\/?p=68503#breadcrumb","itemListElement":[{"@type":"ListItem","position":1,"name":"Home","item":"https:\/\/akunq.net\/tr"},{"@type":"ListItem","position":2,"name":"\u2018K\u00fcrt\u00e7enin e\u011fitim dili olmas\u0131 i\u00e7in 15 May\u0131s\u2019ta alanlarda olaca\u011f\u0131z\u2019"}]},{"@type":"WebSite","@id":"https:\/\/akunq.net\/tr\/#website","url":"https:\/\/akunq.net\/tr\/","name":"Bati Ermenistan Ve Bati Ermenileri Sorunlari Ara\u015ftirmalar Merkezi","description":"","potentialAction":[{"@type":"SearchAction","target":{"@type":"EntryPoint","urlTemplate":"https:\/\/akunq.net\/tr\/?s={search_term_string}"},"query-input":{"@type":"PropertyValueSpecification","valueRequired":true,"valueName":"search_term_string"}}],"inLanguage":"en-US"},{"@type":"Person","@id":"https:\/\/akunq.net\/tr\/#\/schema\/person\/096f1d38a12cce57fb855b485ed24c9e","name":"admin","url":"https:\/\/akunq.net\/tr\/?author=7"}]}},"_links":{"self":[{"href":"https:\/\/akunq.net\/tr\/index.php?rest_route=\/wp\/v2\/posts\/68503","targetHints":{"allow":["GET"]}}],"collection":[{"href":"https:\/\/akunq.net\/tr\/index.php?rest_route=\/wp\/v2\/posts"}],"about":[{"href":"https:\/\/akunq.net\/tr\/index.php?rest_route=\/wp\/v2\/types\/post"}],"author":[{"embeddable":true,"href":"https:\/\/akunq.net\/tr\/index.php?rest_route=\/wp\/v2\/users\/7"}],"replies":[{"embeddable":true,"href":"https:\/\/akunq.net\/tr\/index.php?rest_route=%2Fwp%2Fv2%2Fcomments&post=68503"}],"version-history":[{"count":1,"href":"https:\/\/akunq.net\/tr\/index.php?rest_route=\/wp\/v2\/posts\/68503\/revisions"}],"predecessor-version":[{"id":68505,"href":"https:\/\/akunq.net\/tr\/index.php?rest_route=\/wp\/v2\/posts\/68503\/revisions\/68505"}],"wp:featuredmedia":[{"embeddable":true,"href":"https:\/\/akunq.net\/tr\/index.php?rest_route=\/wp\/v2\/media\/68504"}],"wp:attachment":[{"href":"https:\/\/akunq.net\/tr\/index.php?rest_route=%2Fwp%2Fv2%2Fmedia&parent=68503"}],"wp:term":[{"taxonomy":"category","embeddable":true,"href":"https:\/\/akunq.net\/tr\/index.php?rest_route=%2Fwp%2Fv2%2Fcategories&post=68503"},{"taxonomy":"post_tag","embeddable":true,"href":"https:\/\/akunq.net\/tr\/index.php?rest_route=%2Fwp%2Fv2%2Ftags&post=68503"}],"curies":[{"name":"wp","href":"https:\/\/api.w.org\/{rel}","templated":true}]}}