{"id":68500,"date":"2022-05-13T01:45:53","date_gmt":"2022-05-13T06:45:53","guid":{"rendered":"https:\/\/akunq.net\/tr\/?p=68500"},"modified":"2022-05-13T01:45:53","modified_gmt":"2022-05-13T06:45:53","slug":"yargitay-canan-kaftanciogluna-verilen-cezalardan-ucunu-onadi","status":"publish","type":"post","link":"https:\/\/akunq.net\/tr\/?p=68500","title":{"rendered":"Yarg\u0131tay Canan Kaftanc\u0131o\u011flu&#8217;na verilen cezalardan \u00fc\u00e7\u00fcn\u00fc onad\u0131"},"content":{"rendered":"<p><img loading=\"lazy\" decoding=\"async\" class=\"aligncenter size-medium wp-image-68501\" src=\"https:\/\/akunq.net\/tr\/wp-content\/uploads\/2022\/05\/Canan-Kaftanc\u0131o\u011flu-360x203.jpg\" alt=\"\" width=\"360\" height=\"203\" srcset=\"https:\/\/akunq.net\/tr\/wp-content\/uploads\/sites\/6\/2022\/05\/Canan-Kaftanc\u0131o\u011flu-360x203.jpg 360w, https:\/\/akunq.net\/tr\/wp-content\/uploads\/sites\/6\/2022\/05\/Canan-Kaftanc\u0131o\u011flu-768x432.jpg 768w, https:\/\/akunq.net\/tr\/wp-content\/uploads\/sites\/6\/2022\/05\/Canan-Kaftanc\u0131o\u011flu-560x315.jpg 560w, https:\/\/akunq.net\/tr\/wp-content\/uploads\/sites\/6\/2022\/05\/Canan-Kaftanc\u0131o\u011flu-260x146.jpg 260w, https:\/\/akunq.net\/tr\/wp-content\/uploads\/sites\/6\/2022\/05\/Canan-Kaftanc\u0131o\u011flu-160x90.jpg 160w, https:\/\/akunq.net\/tr\/wp-content\/uploads\/sites\/6\/2022\/05\/Canan-Kaftanc\u0131o\u011flu.jpg 1280w\" sizes=\"auto, (max-width: 360px) 100vw, 360px\" \/><\/p>\n<p><em><strong>Yarg\u0131tay, Canan Kaftanc\u0131o\u011flu&#8217;na 5 ayr\u0131 su\u00e7tan verilen 9 y\u0131l 8 ay 20 g\u00fcnl\u00fck hapis cezalar\u0131yla ilgili temyiz incelemesini tamamlad\u0131. \u00dc\u00e7 su\u00e7la ilgili ceza onan\u0131rken, iki hapis cezas\u0131 ise bozuldu. CHP lideri Kemal K\u0131l\u0131\u00e7daro\u011flu, \u0130stanbul \u0130l Ba\u015fkan\u0131 Canan Kaftanc\u0131o\u011flu hakk\u0131ndaki yarg\u0131 karar\u0131n\u0131n ard\u0131ndan \u0130l Ba\u015fkanl\u0131\u011f\u0131 \u00f6n\u00fcnde toplanan kitleye seslendi. Cumhurba\u015fkan\u0131 Erdo\u011fan i\u00e7in &#8220;Zulm\u00fcn ve k\u00fcstahl\u0131\u011f\u0131n art\u0131k son buluyor&#8221; ifadesini kullanan K\u0131l\u0131\u00e7daro\u011flu, &#8220;Canan nezdinde v\u00fccut bulan halk\u0131n iradesi senden b\u00fcy\u00fckt\u00fcr&#8221; dedi ve 21 May\u0131s&#8217;ta Bursa&#8217;da yap\u0131lmas\u0131 planlanan mitingin \u0130stanbul&#8217; al\u0131nd\u0131\u011f\u0131n\u0131 duyurdu.<\/strong><\/em><\/p>\n<p>CHP \u0130stanbul \u0130l Ba\u015fkan\u0131 Canan Kaftanc\u0131o\u011flu hakk\u0131nda 2012-2017 y\u0131llar\u0131 aras\u0131ndaki Twitter payla\u015f\u0131mlar\u0131 nedeniyle dava a\u00e7\u0131lm\u0131\u015ft\u0131. \u0130stanbul 37. A\u011f\u0131r Ceza Mahkemesi, 2019&#8217;daki yarg\u0131lama sonucunda Kaftanc\u0131o\u011flu&#8217;nu be\u015f ayr\u0131 su\u00e7tan toplamda 9 y\u0131l 8 ay 20 g\u00fcn hapis cezas\u0131na \u00e7arpt\u0131rm\u0131\u015ft\u0131.<\/p>\n<p>Kaftanc\u0131o\u011flu,\u00a0 &#8220;silahl\u0131 ter\u00f6r \u00f6rg\u00fct\u00fc propagandas\u0131 yapmak&#8221; su\u00e7undan 1 y\u0131l 6 ay, &#8220;kamu g\u00f6revlisine alenen hakaret etme&#8221; su\u00e7undan 1 y\u0131l 6 ay 20 g\u00fcn, &#8220;Cumhurba\u015fkan\u0131na alenen hakaret etme&#8221; su\u00e7undan 2 y\u0131l 4 ay, &#8220;T\u00fcrkiye Cumhuriyeti Devletini alenen a\u015fa\u011f\u0131lamak&#8221; su\u00e7undan 1 y\u0131l 8 ay, &#8220;halk\u0131 kin ve d\u00fc\u015fmanl\u0131\u011fa alenen tahrik etmek&#8221; su\u00e7undan ise 2 y\u0131l 8 ay hapis cezas\u0131 alm\u0131\u015ft\u0131. \u0130stanbul B\u00f6lge Adliye Mahkemesi 2. Ceza Dairesi de bu karar\u0131 onay\u0131nca dosya Yarg\u0131tay&#8217;a ta\u015f\u0131nm\u0131\u015ft\u0131.<\/p>\n<p>Yarg\u0131tay 3. Ceza Dairesi, temyiz incelemesini tamamlad\u0131. Daire, 10 May\u0131s tarihli karar\u0131nda Kaftanc\u0131o\u011flu&#8217;na \u00fc\u00e7 su\u00e7tan verilen cezay\u0131 onarken, iki su\u00e7tan verilen hapis cezas\u0131n\u0131 ise bozdu.<\/p>\n<p>Buna g\u00f6re, Kaftanc\u0131o\u011flu&#8217;na &#8220;kamu g\u00f6revlisine alenen hakaret etme&#8221; su\u00e7undan verilen 1 y\u0131l 6 ay 20 g\u00fcn ile &#8220;T\u00fcrkiye Cumhuriyeti Devletini alenen a\u015fa\u011f\u0131lamak&#8221; su\u00e7lar\u0131ndan verilen 1 y\u0131l 8 ay hapis cezalar\u0131n\u0131 onad\u0131. Yarg\u0131tay, Kaftanc\u0131o\u011flu&#8217;na &#8220;Cumhurba\u015fkan\u0131na alenen hakaret etme&#8221; su\u00e7undan verilen 2 y\u0131l 4 ayl\u0131k hapis cezas\u0131n\u0131 ise 1 y\u0131l 9 aya indirdi ve &#8220;d\u00fczeltilerek onanmas\u0131na&#8221; h\u00fckmetti. B\u00f6ylece Kaftanc\u0131o\u011flu&#8217;nun toplam \u00fc\u00e7 ayr\u0131 su\u00e7tan ald\u0131\u011f\u0131 4 y\u0131l 11 ay 20 g\u00fcn hapis cezalar\u0131 onand\u0131.<\/p>\n<p><strong>&#8220;Devlet de\u011fil seri katil. Ho\u015f\u00e7a kal Berkinim&#8221; payla\u015f\u0131m\u0131 su\u00e7 say\u0131ld\u0131<\/strong><\/p>\n<p>&#8220;T\u00fcrkiye Cumhuriyeti Devletini alenen a\u015fa\u011f\u0131lamak&#8221; su\u00e7lamas\u0131nda Kaftanc\u0131o\u011flu&#8217;nun tweetleri yer al\u0131yor. Buna g\u00f6re\u00a0&#8216;Derin Devlet diyerek olaya mistsizm kat\u0131yor ve as\u0131l devleti akl\u0131yoruz asl\u0131nda. Bu cinayetleri devlet i\u015fledi!&#8217; payla\u015f\u0131m\u0131,\u00a0 &#8216;Devlet de\u011fil seri katil. Ho\u015f\u00e7a kal Berkinim&#8217; payla\u015f\u0131m\u0131 i\u00e7in verilen h\u00fck\u00fcmler onand\u0131. Di\u011fer payla\u015f\u0131mlar\u00a0 ise su\u00e7 say\u0131lmad\u0131. Bu tweetler 2013-104 y\u0131l\u0131ndaki payla\u015f\u0131mlar. Kaftanc\u0131o\u011flu&#8217;nun 19 Ocak 2015\u2019te att\u0131\u011f\u0131 \u201cKatil devlet hesap verecek sloganlar\u0131yla kitle Taksim\u2019den Agos\u2019a y\u00fcr\u00fcyor\u201d tweet\u2019i de bu kapsamda su\u00e7lama su\u00e7lama konusu say\u0131ld\u0131.<\/p>\n<p>Yarg\u0131tay, Kaftanc\u0131o\u011flu&#8217;na &#8220;silahl\u0131 ter\u00f6r \u00f6rg\u00fct\u00fc propagandas\u0131 yapmak&#8221; ile &#8220;halk\u0131 kin ve d\u00fc\u015fmanl\u0131\u011fa alenen tahrik etmek&#8221; su\u00e7lar\u0131ndan verilen toplam 4 y\u0131l 2 ayl\u0131k hapis cezas\u0131n\u0131 ise bozdu.<\/p>\n<p>Kararda, Kaftanc\u0131o\u011flu&#8217;nun Sakine Cans\u0131z payla\u015f\u0131m\u0131n\u0131n &#8220;ter\u00f6r \u00f6rg\u00fct\u00fc propagandas\u0131&#8221; su\u00e7unu olu\u015fturmayaca\u011f\u0131 belirtildi.<\/p>\n<p>&#8220;Halk\u0131 kin ve d\u00fc\u015fmanl\u0131\u011fa tahrik etme&#8221; su\u00e7undan verilen cezaya ili\u015fkin bozma gerek\u00e7esinde ise Kaftanc\u0131o\u011flu&#8217;nun &#8220;muhalif kimli\u011fi ile bilindi\u011fi&#8221;ne vurgu yap\u0131ld\u0131. Dava konusu payla\u015f\u0131mlar\u0131n\u0131n b\u00fct\u00fcn\u00fcn\u00fcn nazara al\u0131nd\u0131\u011f\u0131nda; esas itibariyle &#8220;objektif ve tarafs\u0131zl\u0131ktan uzak, incitici, sayg\u0131nl\u0131\u011f\u0131 zedeleyici, rahats\u0131z edici&#8221; s\u00f6zlerinin su\u00e7un unsuru olan a\u00e7\u0131k ve yak\u0131n tehlike hususu da nazara al\u0131nd\u0131\u011f\u0131nda &#8220;halk\u0131 kin ve d\u00fc\u015fmanl\u0131\u011fa alenen tahrik etmek su\u00e7u&#8221;nu olu\u015fturmayaca\u011f\u0131 ifade edildi.<\/p>\n<p>Canan Kaftanc\u0131o\u011flu, Yarg\u0131tay&#8217;\u0131n karar\u0131n\u0131n ard\u0131ndan sosyal medya hesab\u0131ndan yapt\u0131\u011f\u0131 payla\u015f\u0131mda, &#8220;Asla umudunuzu kaybetmeyin&#8221; mesaj\u0131 verdi. Kaftanc\u0131o\u011flu, &#8220;Nerede olursak olal\u0131m \u00e7al\u0131\u015facak, \u00e7al\u0131\u015facak umudu \u00f6rg\u00fctleyerek iktidardaki k\u00f6t\u00fcl\u00fc\u011f\u00fc hep birlikte g\u00f6nderecek, hukukun \u00fcst\u00fcnl\u00fc\u011f\u00fcn\u00fc tesis etti\u011fimizde hep birlikte nefes alaca\u011f\u0131z&#8230;&#8221; ifadelerini kulland\u0131.<\/p>\n<p><strong>K\u0131l\u0131\u00e7daro\u011flu kalabal\u0131\u011fa seslendi<\/strong><\/p>\n<p>CHP Genel Ba\u015fkan\u0131 Kemal K\u0131l\u0131\u00e7daro\u011flu, \u0130stanbul \u0130l Ba\u015fkan\u0131 Canan Kaftanc\u0131o\u011flu hakk\u0131ndaki hapis cezalar\u0131n\u0131n Yarg\u0131tay karar\u0131yla onanmas\u0131 ard\u0131ndan \u0130l Ba\u015fkanl\u0131\u011f\u0131 binas\u0131 \u00f6n\u00fcnde toplanan kalabal\u0131\u011fa seslendi.<\/p>\n<p>Yan\u0131nda Kaftanc\u0131o\u011flu ve \u0130stanbul B\u00fcy\u00fck\u015fehir Belediye Ba\u015fkan\u0131 Ekrem \u0130mamo\u011flu ile birlikte k\u00fcrs\u00fcye \u00e7\u0131kan K\u0131l\u0131\u00e7daro\u011flu&#8217;nun konu\u015fmas\u0131ndan \u00f6ne \u00e7\u0131kan ifadeler \u015f\u00f6yle:<\/p>\n<p>&#8220;Y\u00f6netenlere, y\u00f6netene, Erdo\u011fan&#8217;a sesleniyorum. Sen iki y\u00fczl\u00fcs\u00fcn, f\u0131rsat\u00e7\u0131s\u0131n, zorba ve manip\u00fclat\u00f6rs\u00fcn. Zulm\u00fcn ve k\u00fcstahl\u0131\u011f\u0131n art\u0131k son buluyor. Erdo\u011fan, b\u00fct\u00fcn ac\u0131mas\u0131zl\u0131klar senin zay\u0131fl\u0131klar\u0131ndan do\u011fuyor. Sen zay\u0131fs\u0131n, biz g\u00fc\u00e7l\u00fcy\u00fcz.&#8221;<\/p>\n<p>&#8220;Yeni bir hayat ba\u015flamak \u00fczere bu \u00fclkenin insanlar\u0131 i\u00e7in. \u0130nsanlar\u0131n \u00f6zg\u00fcrce ya\u015fayabilece\u011fi bir \u00fclke yarataca\u011f\u0131z. Erdo\u011fan, bir g\u00f6\u011fe bakt\u0131\u011f\u0131m\u0131zda sana ra\u011fmen her \u015feyin daha iyi gidece\u011fini bu zulm\u00fcn son bulaca\u011f\u0131n\u0131 huzur ve sukunetin bu \u00fclkeye geri gelece\u011fini biliyoruz. Sen s\u0131r\u00e7a k\u00f6\u015fk\u00fcnde ya\u015fayacaks\u0131n biz omuz omuza olaca\u011f\u0131z.&#8221;<\/p>\n<p>&#8220;Cezaland\u0131rmaya \u00e7al\u0131\u015ft\u0131\u011f\u0131n Canan&#8217;\u0131n arkas\u0131nda koca bir halk var. Canan nezdinde v\u00fccut bulan halk\u0131n iradesi senden b\u00fcy\u00fckt\u00fcr.&#8221;<\/p>\n<p>&#8220;21 May\u0131s&#8217;ta Bursa&#8217;da miting yapacakt\u0131k. Art\u0131k mitingin adresi Bursa de\u011fil, \u0130stanbul&#8217;dur.&#8221;<\/p>\n<p>CHP Genel Ba\u015fkan Yard\u0131mc\u0131s\u0131 G\u00fclizar Bi\u00e7er Karaca ise sosyal medya hesab\u0131 Twitter&#8217;dan yapt\u0131\u011f\u0131 a\u00e7\u0131klamada, &#8220;Siyasi yasak getirildi ancak AYM ba\u015fvuru hakk\u0131 var&#8221; dedi.<\/p>\n<p>BBC T\u00fcrk\u00e7e&#8217;nin haberine g\u00f6re siyasi yasak karar\u0131n\u0131n tart\u0131\u015fmal\u0131 ve nas\u0131l uygulanaca\u011f\u0131n\u0131n net olmad\u0131\u011f\u0131n\u0131 savunan CHP&#8217;de \u00f6ne \u00e7\u0131kan e\u011filim, Kaftanc\u0131o\u011flu&#8217;nun il ba\u015fkanl\u0131\u011f\u0131n\u0131 &#8220;fiilen&#8221; s\u00fcrd\u00fcrmesi y\u00f6n\u00fcnde.<\/p>\n<p>Kaftanc\u0131o\u011flu karar\u0131n\u0131n ard\u0131ndan K\u0131l\u0131\u00e7daro\u011flu, 13 May\u0131s Cuma sabah\u0131 CHP Merkez Y\u00f6netim Kurulu&#8217;nu (MYK) ola\u011fan\u00fcst\u00fc toplant\u0131ya \u00e7a\u011f\u0131rd\u0131.<\/p>\n<p>Toplant\u0131da, Kaftanc\u0131o\u011flu karar\u0131n\u0131n ard\u0131ndan izlenecek yol haritas\u0131n\u0131n ele al\u0131nmas\u0131 bekleniyor.<\/p>\n<p><em><strong>https:\/\/www.agos.com.tr\/tr\/yazi\/27085\/yargitay-canan-kaftancioglu-na-verilen-cezalardan-ucunu-onadi\u00a0<\/strong><\/em><\/p>\n","protected":false},"excerpt":{"rendered":"<p>Yarg\u0131tay, Canan Kaftanc\u0131o\u011flu&#8217;na 5 ayr\u0131 su\u00e7tan verilen 9 y\u0131l 8 ay 20 g\u00fcnl\u00fck hapis cezalar\u0131yla ilgili temyiz incelemesini tamamlad\u0131. \u00dc\u00e7 su\u00e7la ilgili ceza onan\u0131rken, iki hapis cezas\u0131 ise bozuldu. CHP lideri Kemal K\u0131l\u0131\u00e7daro\u011flu, \u0130stanbul \u0130l Ba\u015fkan\u0131 Canan Kaftanc\u0131o\u011flu hakk\u0131ndaki yarg\u0131 karar\u0131n\u0131n ard\u0131ndan \u0130l Ba\u015fkanl\u0131\u011f\u0131 \u00f6n\u00fcnde toplanan kitleye seslendi. Cumhurba\u015fkan\u0131 Erdo\u011fan i\u00e7in &#8220;Zulm\u00fcn ve k\u00fcstahl\u0131\u011f\u0131n art\u0131k [&hellip;]<\/p>\n","protected":false},"author":7,"featured_media":68501,"comment_status":"open","ping_status":"open","sticky":false,"template":"","format":"standard","meta":{"footnotes":""},"categories":[1],"tags":[],"class_list":["post-68500","post","type-post","status-publish","format-standard","has-post-thumbnail","hentry","category-haberler"],"yoast_head":"<!-- This site is optimized with the Yoast SEO plugin v27.4 - https:\/\/yoast.com\/product\/yoast-seo-wordpress\/ -->\n<title>Yarg\u0131tay Canan Kaftanc\u0131o\u011flu&#039;na verilen cezalardan \u00fc\u00e7\u00fcn\u00fc onad\u0131 - Bati Ermenistan Ve Bati Ermenileri Sorunlari Ara\u015ftirmalar Merkezi<\/title>\n<meta name=\"robots\" content=\"index, follow, max-snippet:-1, max-image-preview:large, max-video-preview:-1\" \/>\n<link rel=\"canonical\" href=\"https:\/\/akunq.net\/tr\/?p=68500\" \/>\n<meta property=\"og:locale\" content=\"en_US\" \/>\n<meta property=\"og:type\" content=\"article\" \/>\n<meta property=\"og:title\" content=\"Yarg\u0131tay Canan Kaftanc\u0131o\u011flu&#039;na verilen cezalardan \u00fc\u00e7\u00fcn\u00fc onad\u0131 - Bati Ermenistan Ve Bati Ermenileri Sorunlari Ara\u015ftirmalar Merkezi\" \/>\n<meta property=\"og:description\" content=\"Yarg\u0131tay, Canan Kaftanc\u0131o\u011flu&#8217;na 5 ayr\u0131 su\u00e7tan verilen 9 y\u0131l 8 ay 20 g\u00fcnl\u00fck hapis cezalar\u0131yla ilgili temyiz incelemesini tamamlad\u0131. \u00dc\u00e7 su\u00e7la ilgili ceza onan\u0131rken, iki hapis cezas\u0131 ise bozuldu. CHP lideri Kemal K\u0131l\u0131\u00e7daro\u011flu, \u0130stanbul \u0130l Ba\u015fkan\u0131 Canan Kaftanc\u0131o\u011flu hakk\u0131ndaki yarg\u0131 karar\u0131n\u0131n ard\u0131ndan \u0130l Ba\u015fkanl\u0131\u011f\u0131 \u00f6n\u00fcnde toplanan kitleye seslendi. Cumhurba\u015fkan\u0131 Erdo\u011fan i\u00e7in &#8220;Zulm\u00fcn ve k\u00fcstahl\u0131\u011f\u0131n art\u0131k [&hellip;]\" \/>\n<meta property=\"og:url\" content=\"https:\/\/akunq.net\/tr\/?p=68500\" \/>\n<meta property=\"og:site_name\" content=\"Bati Ermenistan Ve Bati Ermenileri Sorunlari Ara\u015ftirmalar Merkezi\" \/>\n<meta property=\"article:published_time\" content=\"2022-05-13T06:45:53+00:00\" \/>\n<meta property=\"og:image\" content=\"https:\/\/akunq.net\/tr\/wp-content\/uploads\/sites\/6\/2022\/05\/Canan-Kaftanc\u0131o\u011flu.jpg\" \/>\n\t<meta property=\"og:image:width\" content=\"1280\" \/>\n\t<meta property=\"og:image:height\" content=\"720\" \/>\n\t<meta property=\"og:image:type\" content=\"image\/jpeg\" \/>\n<meta name=\"author\" content=\"admin\" \/>\n<meta name=\"twitter:card\" content=\"summary_large_image\" \/>\n<meta name=\"twitter:label1\" content=\"Written by\" \/>\n\t<meta name=\"twitter:data1\" content=\"admin\" \/>\n\t<meta name=\"twitter:label2\" content=\"Est. reading time\" \/>\n\t<meta name=\"twitter:data2\" content=\"5 minutes\" \/>\n<script type=\"application\/ld+json\" class=\"yoast-schema-graph\">{\"@context\":\"https:\\\/\\\/schema.org\",\"@graph\":[{\"@type\":\"Article\",\"@id\":\"https:\\\/\\\/akunq.net\\\/tr\\\/?p=68500#article\",\"isPartOf\":{\"@id\":\"https:\\\/\\\/akunq.net\\\/tr\\\/?p=68500\"},\"author\":{\"name\":\"admin\",\"@id\":\"https:\\\/\\\/akunq.net\\\/tr\\\/#\\\/schema\\\/person\\\/096f1d38a12cce57fb855b485ed24c9e\"},\"headline\":\"Yarg\u0131tay Canan Kaftanc\u0131o\u011flu&#8217;na verilen cezalardan \u00fc\u00e7\u00fcn\u00fc onad\u0131\",\"datePublished\":\"2022-05-13T06:45:53+00:00\",\"mainEntityOfPage\":{\"@id\":\"https:\\\/\\\/akunq.net\\\/tr\\\/?p=68500\"},\"wordCount\":1099,\"commentCount\":0,\"image\":{\"@id\":\"https:\\\/\\\/akunq.net\\\/tr\\\/?p=68500#primaryimage\"},\"thumbnailUrl\":\"https:\\\/\\\/akunq.net\\\/tr\\\/wp-content\\\/uploads\\\/sites\\\/6\\\/2022\\\/05\\\/Canan-Kaftanc\u0131o\u011flu.jpg\",\"articleSection\":[\"Haberler\"],\"inLanguage\":\"en-US\",\"potentialAction\":[{\"@type\":\"CommentAction\",\"name\":\"Comment\",\"target\":[\"https:\\\/\\\/akunq.net\\\/tr\\\/?p=68500#respond\"]}]},{\"@type\":\"WebPage\",\"@id\":\"https:\\\/\\\/akunq.net\\\/tr\\\/?p=68500\",\"url\":\"https:\\\/\\\/akunq.net\\\/tr\\\/?p=68500\",\"name\":\"Yarg\u0131tay Canan Kaftanc\u0131o\u011flu'na verilen cezalardan \u00fc\u00e7\u00fcn\u00fc onad\u0131 - Bati Ermenistan Ve Bati Ermenileri Sorunlari Ara\u015ftirmalar Merkezi\",\"isPartOf\":{\"@id\":\"https:\\\/\\\/akunq.net\\\/tr\\\/#website\"},\"primaryImageOfPage\":{\"@id\":\"https:\\\/\\\/akunq.net\\\/tr\\\/?p=68500#primaryimage\"},\"image\":{\"@id\":\"https:\\\/\\\/akunq.net\\\/tr\\\/?p=68500#primaryimage\"},\"thumbnailUrl\":\"https:\\\/\\\/akunq.net\\\/tr\\\/wp-content\\\/uploads\\\/sites\\\/6\\\/2022\\\/05\\\/Canan-Kaftanc\u0131o\u011flu.jpg\",\"datePublished\":\"2022-05-13T06:45:53+00:00\",\"author\":{\"@id\":\"https:\\\/\\\/akunq.net\\\/tr\\\/#\\\/schema\\\/person\\\/096f1d38a12cce57fb855b485ed24c9e\"},\"breadcrumb\":{\"@id\":\"https:\\\/\\\/akunq.net\\\/tr\\\/?p=68500#breadcrumb\"},\"inLanguage\":\"en-US\",\"potentialAction\":[{\"@type\":\"ReadAction\",\"target\":[\"https:\\\/\\\/akunq.net\\\/tr\\\/?p=68500\"]}]},{\"@type\":\"ImageObject\",\"inLanguage\":\"en-US\",\"@id\":\"https:\\\/\\\/akunq.net\\\/tr\\\/?p=68500#primaryimage\",\"url\":\"https:\\\/\\\/akunq.net\\\/tr\\\/wp-content\\\/uploads\\\/sites\\\/6\\\/2022\\\/05\\\/Canan-Kaftanc\u0131o\u011flu.jpg\",\"contentUrl\":\"https:\\\/\\\/akunq.net\\\/tr\\\/wp-content\\\/uploads\\\/sites\\\/6\\\/2022\\\/05\\\/Canan-Kaftanc\u0131o\u011flu.jpg\",\"width\":1280,\"height\":720},{\"@type\":\"BreadcrumbList\",\"@id\":\"https:\\\/\\\/akunq.net\\\/tr\\\/?p=68500#breadcrumb\",\"itemListElement\":[{\"@type\":\"ListItem\",\"position\":1,\"name\":\"Home\",\"item\":\"https:\\\/\\\/akunq.net\\\/tr\"},{\"@type\":\"ListItem\",\"position\":2,\"name\":\"Yarg\u0131tay Canan Kaftanc\u0131o\u011flu&#8217;na verilen cezalardan \u00fc\u00e7\u00fcn\u00fc onad\u0131\"}]},{\"@type\":\"WebSite\",\"@id\":\"https:\\\/\\\/akunq.net\\\/tr\\\/#website\",\"url\":\"https:\\\/\\\/akunq.net\\\/tr\\\/\",\"name\":\"Bati Ermenistan Ve Bati Ermenileri Sorunlari Ara\u015ftirmalar Merkezi\",\"description\":\"\",\"potentialAction\":[{\"@type\":\"SearchAction\",\"target\":{\"@type\":\"EntryPoint\",\"urlTemplate\":\"https:\\\/\\\/akunq.net\\\/tr\\\/?s={search_term_string}\"},\"query-input\":{\"@type\":\"PropertyValueSpecification\",\"valueRequired\":true,\"valueName\":\"search_term_string\"}}],\"inLanguage\":\"en-US\"},{\"@type\":\"Person\",\"@id\":\"https:\\\/\\\/akunq.net\\\/tr\\\/#\\\/schema\\\/person\\\/096f1d38a12cce57fb855b485ed24c9e\",\"name\":\"admin\",\"url\":\"https:\\\/\\\/akunq.net\\\/tr\\\/?author=7\"}]}<\/script>\n<!-- \/ Yoast SEO plugin. -->","yoast_head_json":{"title":"Yarg\u0131tay Canan Kaftanc\u0131o\u011flu'na verilen cezalardan \u00fc\u00e7\u00fcn\u00fc onad\u0131 - Bati Ermenistan Ve Bati Ermenileri Sorunlari Ara\u015ftirmalar Merkezi","robots":{"index":"index","follow":"follow","max-snippet":"max-snippet:-1","max-image-preview":"max-image-preview:large","max-video-preview":"max-video-preview:-1"},"canonical":"https:\/\/akunq.net\/tr\/?p=68500","og_locale":"en_US","og_type":"article","og_title":"Yarg\u0131tay Canan Kaftanc\u0131o\u011flu'na verilen cezalardan \u00fc\u00e7\u00fcn\u00fc onad\u0131 - Bati Ermenistan Ve Bati Ermenileri Sorunlari Ara\u015ftirmalar Merkezi","og_description":"Yarg\u0131tay, Canan Kaftanc\u0131o\u011flu&#8217;na 5 ayr\u0131 su\u00e7tan verilen 9 y\u0131l 8 ay 20 g\u00fcnl\u00fck hapis cezalar\u0131yla ilgili temyiz incelemesini tamamlad\u0131. \u00dc\u00e7 su\u00e7la ilgili ceza onan\u0131rken, iki hapis cezas\u0131 ise bozuldu. CHP lideri Kemal K\u0131l\u0131\u00e7daro\u011flu, \u0130stanbul \u0130l Ba\u015fkan\u0131 Canan Kaftanc\u0131o\u011flu hakk\u0131ndaki yarg\u0131 karar\u0131n\u0131n ard\u0131ndan \u0130l Ba\u015fkanl\u0131\u011f\u0131 \u00f6n\u00fcnde toplanan kitleye seslendi. Cumhurba\u015fkan\u0131 Erdo\u011fan i\u00e7in &#8220;Zulm\u00fcn ve k\u00fcstahl\u0131\u011f\u0131n art\u0131k [&hellip;]","og_url":"https:\/\/akunq.net\/tr\/?p=68500","og_site_name":"Bati Ermenistan Ve Bati Ermenileri Sorunlari Ara\u015ftirmalar Merkezi","article_published_time":"2022-05-13T06:45:53+00:00","og_image":[{"width":1280,"height":720,"url":"https:\/\/akunq.net\/tr\/wp-content\/uploads\/sites\/6\/2022\/05\/Canan-Kaftanc\u0131o\u011flu.jpg","type":"image\/jpeg"}],"author":"admin","twitter_card":"summary_large_image","twitter_misc":{"Written by":"admin","Est. reading time":"5 minutes"},"schema":{"@context":"https:\/\/schema.org","@graph":[{"@type":"Article","@id":"https:\/\/akunq.net\/tr\/?p=68500#article","isPartOf":{"@id":"https:\/\/akunq.net\/tr\/?p=68500"},"author":{"name":"admin","@id":"https:\/\/akunq.net\/tr\/#\/schema\/person\/096f1d38a12cce57fb855b485ed24c9e"},"headline":"Yarg\u0131tay Canan Kaftanc\u0131o\u011flu&#8217;na verilen cezalardan \u00fc\u00e7\u00fcn\u00fc onad\u0131","datePublished":"2022-05-13T06:45:53+00:00","mainEntityOfPage":{"@id":"https:\/\/akunq.net\/tr\/?p=68500"},"wordCount":1099,"commentCount":0,"image":{"@id":"https:\/\/akunq.net\/tr\/?p=68500#primaryimage"},"thumbnailUrl":"https:\/\/akunq.net\/tr\/wp-content\/uploads\/sites\/6\/2022\/05\/Canan-Kaftanc\u0131o\u011flu.jpg","articleSection":["Haberler"],"inLanguage":"en-US","potentialAction":[{"@type":"CommentAction","name":"Comment","target":["https:\/\/akunq.net\/tr\/?p=68500#respond"]}]},{"@type":"WebPage","@id":"https:\/\/akunq.net\/tr\/?p=68500","url":"https:\/\/akunq.net\/tr\/?p=68500","name":"Yarg\u0131tay Canan Kaftanc\u0131o\u011flu'na verilen cezalardan \u00fc\u00e7\u00fcn\u00fc onad\u0131 - Bati Ermenistan Ve Bati Ermenileri Sorunlari Ara\u015ftirmalar Merkezi","isPartOf":{"@id":"https:\/\/akunq.net\/tr\/#website"},"primaryImageOfPage":{"@id":"https:\/\/akunq.net\/tr\/?p=68500#primaryimage"},"image":{"@id":"https:\/\/akunq.net\/tr\/?p=68500#primaryimage"},"thumbnailUrl":"https:\/\/akunq.net\/tr\/wp-content\/uploads\/sites\/6\/2022\/05\/Canan-Kaftanc\u0131o\u011flu.jpg","datePublished":"2022-05-13T06:45:53+00:00","author":{"@id":"https:\/\/akunq.net\/tr\/#\/schema\/person\/096f1d38a12cce57fb855b485ed24c9e"},"breadcrumb":{"@id":"https:\/\/akunq.net\/tr\/?p=68500#breadcrumb"},"inLanguage":"en-US","potentialAction":[{"@type":"ReadAction","target":["https:\/\/akunq.net\/tr\/?p=68500"]}]},{"@type":"ImageObject","inLanguage":"en-US","@id":"https:\/\/akunq.net\/tr\/?p=68500#primaryimage","url":"https:\/\/akunq.net\/tr\/wp-content\/uploads\/sites\/6\/2022\/05\/Canan-Kaftanc\u0131o\u011flu.jpg","contentUrl":"https:\/\/akunq.net\/tr\/wp-content\/uploads\/sites\/6\/2022\/05\/Canan-Kaftanc\u0131o\u011flu.jpg","width":1280,"height":720},{"@type":"BreadcrumbList","@id":"https:\/\/akunq.net\/tr\/?p=68500#breadcrumb","itemListElement":[{"@type":"ListItem","position":1,"name":"Home","item":"https:\/\/akunq.net\/tr"},{"@type":"ListItem","position":2,"name":"Yarg\u0131tay Canan Kaftanc\u0131o\u011flu&#8217;na verilen cezalardan \u00fc\u00e7\u00fcn\u00fc onad\u0131"}]},{"@type":"WebSite","@id":"https:\/\/akunq.net\/tr\/#website","url":"https:\/\/akunq.net\/tr\/","name":"Bati Ermenistan Ve Bati Ermenileri Sorunlari Ara\u015ftirmalar Merkezi","description":"","potentialAction":[{"@type":"SearchAction","target":{"@type":"EntryPoint","urlTemplate":"https:\/\/akunq.net\/tr\/?s={search_term_string}"},"query-input":{"@type":"PropertyValueSpecification","valueRequired":true,"valueName":"search_term_string"}}],"inLanguage":"en-US"},{"@type":"Person","@id":"https:\/\/akunq.net\/tr\/#\/schema\/person\/096f1d38a12cce57fb855b485ed24c9e","name":"admin","url":"https:\/\/akunq.net\/tr\/?author=7"}]}},"_links":{"self":[{"href":"https:\/\/akunq.net\/tr\/index.php?rest_route=\/wp\/v2\/posts\/68500","targetHints":{"allow":["GET"]}}],"collection":[{"href":"https:\/\/akunq.net\/tr\/index.php?rest_route=\/wp\/v2\/posts"}],"about":[{"href":"https:\/\/akunq.net\/tr\/index.php?rest_route=\/wp\/v2\/types\/post"}],"author":[{"embeddable":true,"href":"https:\/\/akunq.net\/tr\/index.php?rest_route=\/wp\/v2\/users\/7"}],"replies":[{"embeddable":true,"href":"https:\/\/akunq.net\/tr\/index.php?rest_route=%2Fwp%2Fv2%2Fcomments&post=68500"}],"version-history":[{"count":1,"href":"https:\/\/akunq.net\/tr\/index.php?rest_route=\/wp\/v2\/posts\/68500\/revisions"}],"predecessor-version":[{"id":68502,"href":"https:\/\/akunq.net\/tr\/index.php?rest_route=\/wp\/v2\/posts\/68500\/revisions\/68502"}],"wp:featuredmedia":[{"embeddable":true,"href":"https:\/\/akunq.net\/tr\/index.php?rest_route=\/wp\/v2\/media\/68501"}],"wp:attachment":[{"href":"https:\/\/akunq.net\/tr\/index.php?rest_route=%2Fwp%2Fv2%2Fmedia&parent=68500"}],"wp:term":[{"taxonomy":"category","embeddable":true,"href":"https:\/\/akunq.net\/tr\/index.php?rest_route=%2Fwp%2Fv2%2Fcategories&post=68500"},{"taxonomy":"post_tag","embeddable":true,"href":"https:\/\/akunq.net\/tr\/index.php?rest_route=%2Fwp%2Fv2%2Ftags&post=68500"}],"curies":[{"name":"wp","href":"https:\/\/api.w.org\/{rel}","templated":true}]}}