{"id":68495,"date":"2022-05-12T04:28:39","date_gmt":"2022-05-12T09:28:39","guid":{"rendered":"https:\/\/akunq.net\/tr\/?p=68495"},"modified":"2022-05-12T04:28:39","modified_gmt":"2022-05-12T09:28:39","slug":"kadin-eserleri-kutuphanesinden-32-yil-senligi","status":"publish","type":"post","link":"https:\/\/akunq.net\/tr\/?p=68495","title":{"rendered":"Kad\u0131n Eserleri K\u00fct\u00fcphanesi&#8217;nden 32. Y\u0131l \u015eenli\u011fi"},"content":{"rendered":"<p><img loading=\"lazy\" decoding=\"async\" class=\"aligncenter size-medium wp-image-68496\" src=\"https:\/\/akunq.net\/tr\/wp-content\/uploads\/2022\/05\/Kad\u0131n-Eserleri-K\u00fct\u00fcphanesi-345x270.jpg\" alt=\"\" width=\"345\" height=\"270\" srcset=\"https:\/\/akunq.net\/tr\/wp-content\/uploads\/sites\/6\/2022\/05\/Kad\u0131n-Eserleri-K\u00fct\u00fcphanesi-345x270.jpg 345w, https:\/\/akunq.net\/tr\/wp-content\/uploads\/sites\/6\/2022\/05\/Kad\u0131n-Eserleri-K\u00fct\u00fcphanesi-768x602.jpg 768w, https:\/\/akunq.net\/tr\/wp-content\/uploads\/sites\/6\/2022\/05\/Kad\u0131n-Eserleri-K\u00fct\u00fcphanesi-1536x1203.jpg 1536w, https:\/\/akunq.net\/tr\/wp-content\/uploads\/sites\/6\/2022\/05\/Kad\u0131n-Eserleri-K\u00fct\u00fcphanesi-2048x1604.jpg 2048w, https:\/\/akunq.net\/tr\/wp-content\/uploads\/sites\/6\/2022\/05\/Kad\u0131n-Eserleri-K\u00fct\u00fcphanesi-560x439.jpg 560w, https:\/\/akunq.net\/tr\/wp-content\/uploads\/sites\/6\/2022\/05\/Kad\u0131n-Eserleri-K\u00fct\u00fcphanesi-260x204.jpg 260w, https:\/\/akunq.net\/tr\/wp-content\/uploads\/sites\/6\/2022\/05\/Kad\u0131n-Eserleri-K\u00fct\u00fcphanesi-160x125.jpg 160w\" sizes=\"auto, (max-width: 345px) 100vw, 345px\" \/><\/p>\n<p><strong><em>Kad\u0131n Eserleri K\u00fct\u00fcphanesi 14 May\u0131s Cumartesi g\u00fcn\u00fc saat 11.00-18.00 aras\u0131nda 32. Y\u0131l \u015eenli\u011fi d\u00fczenliyor.<\/em><\/strong><\/p>\n<p>A\u00e7\u0131l\u0131\u015f konu\u015fmalar\u0131 ve kutlama mesajlar\u0131yla ba\u015flayacak olan etkinlik m\u00fczik, dayan\u0131\u015fma mezat\u0131, \u015fiir dinletisi, dans performans\u0131 ve tiyatro oyunlar\u0131yla devam edecek.<\/p>\n<p>Herkesin kat\u0131l\u0131m\u0131na a\u00e7\u0131k olan etkinlik Fener, M\u00fcrsel Pa\u015fa Caddesi No:8&#8217;de, Fener \u0130skelesi kar\u015f\u0131s\u0131ndaki tarihi k\u00fct\u00fcphane merkezinde ger\u00e7ekle\u015fecek.<\/p>\n<p>\u00d6te yandan 32 y\u0131l \u00f6nce kurulan ve T\u00fcrkiye\u2019nin ilk ve tek kad\u0131n k\u00fct\u00fcphanesi \u00f6zelli\u011fi ta\u015f\u0131yan\u00a0 Kad\u0131n Eserleri K\u00fct\u00fcphanesi binas\u0131, restorasyon i\u00e7in bo\u015falt\u0131lacak. Yakla\u015f\u0131k 48 \u00f6zel ar\u015fiv koleksiyonu, 14 bin kitap, 469 s\u00fcreli yay\u0131n ve 8 bin efemera koleksiyonu, restorasyon bitene kadar depoya kald\u0131r\u0131lacak.<\/p>\n<p>5 binadan olu\u015fan restorasyon projesinin \u0130BB\u2019nin \u00f6nceki y\u00f6netim d\u00f6neminde ba\u015flad\u0131\u011f\u0131n\u0131 vurgulayan Kad\u0131n Eserleri K\u00fct\u00fcphanesi ve Bilgi Merkezi Vakf\u0131 Ba\u015fkan\u0131 Birsen Talay Ke\u015fo\u011flu, H\u00fcrriyet gazetesine verdi\u011fi deme\u00e7te \u201cBuras\u0131 sadece bir K\u00fct\u00fcphane de\u011fil. \u00d6nemli bir haf\u0131za mek\u00e2n\u0131. Kad\u0131nlar\u0131n miras\u0131 olmas\u0131 \u00e7ok \u00f6nemli bizim i\u00e7in. T\u00fcrkiye kad\u0131n hareketinin b\u00fct\u00fcn tarihi bizde. O nedenle \u00e7ok k\u0131ymetli. Restorasyonun ard\u0131ndan binaya geri d\u00f6nebilmek i\u00e7in de \u0130BB\u2019den protokol talebinde bulunduk. O yap\u0131l\u0131rsa, mutlulukla \u00e7\u0131k\u0131p geri d\u00f6nece\u011fiz\u201d dedi. Gazeteye g\u00f6re \u0130BB yetkilileri ise k\u00fct\u00fcphanenin restorasyon s\u00fcreci tamamland\u0131ktan sonra faaliyetlerine devam edece\u011fini s\u00f6yledi.<\/p>\n<p><em><strong>https:\/\/www.agos.com.tr\/tr\/yazi\/27082\/kadin-eserleri-kutuphanesi-nden-32-yil-senligi\u00a0<\/strong><\/em><\/p>\n","protected":false},"excerpt":{"rendered":"<p>Kad\u0131n Eserleri K\u00fct\u00fcphanesi 14 May\u0131s Cumartesi g\u00fcn\u00fc saat 11.00-18.00 aras\u0131nda 32. Y\u0131l \u015eenli\u011fi d\u00fczenliyor. A\u00e7\u0131l\u0131\u015f konu\u015fmalar\u0131 ve kutlama mesajlar\u0131yla ba\u015flayacak olan etkinlik m\u00fczik, dayan\u0131\u015fma mezat\u0131, \u015fiir dinletisi, dans performans\u0131 ve tiyatro oyunlar\u0131yla devam edecek. Herkesin kat\u0131l\u0131m\u0131na a\u00e7\u0131k olan etkinlik Fener, M\u00fcrsel Pa\u015fa Caddesi No:8&#8217;de, Fener \u0130skelesi kar\u015f\u0131s\u0131ndaki tarihi k\u00fct\u00fcphane merkezinde ger\u00e7ekle\u015fecek. \u00d6te yandan 32 y\u0131l [&hellip;]<\/p>\n","protected":false},"author":7,"featured_media":68496,"comment_status":"open","ping_status":"open","sticky":false,"template":"","format":"standard","meta":{"footnotes":""},"categories":[1],"tags":[],"class_list":["post-68495","post","type-post","status-publish","format-standard","has-post-thumbnail","hentry","category-haberler"],"yoast_head":"<!-- This site is optimized with the Yoast SEO plugin v27.4 - https:\/\/yoast.com\/product\/yoast-seo-wordpress\/ -->\n<title>Kad\u0131n Eserleri K\u00fct\u00fcphanesi&#039;nden 32. Y\u0131l \u015eenli\u011fi - Bati Ermenistan Ve Bati Ermenileri Sorunlari Ara\u015ftirmalar Merkezi<\/title>\n<meta name=\"robots\" content=\"index, follow, max-snippet:-1, max-image-preview:large, max-video-preview:-1\" \/>\n<link rel=\"canonical\" href=\"https:\/\/akunq.net\/tr\/?p=68495\" \/>\n<meta property=\"og:locale\" content=\"en_US\" \/>\n<meta property=\"og:type\" content=\"article\" \/>\n<meta property=\"og:title\" content=\"Kad\u0131n Eserleri K\u00fct\u00fcphanesi&#039;nden 32. Y\u0131l \u015eenli\u011fi - Bati Ermenistan Ve Bati Ermenileri Sorunlari Ara\u015ftirmalar Merkezi\" \/>\n<meta property=\"og:description\" content=\"Kad\u0131n Eserleri K\u00fct\u00fcphanesi 14 May\u0131s Cumartesi g\u00fcn\u00fc saat 11.00-18.00 aras\u0131nda 32. Y\u0131l \u015eenli\u011fi d\u00fczenliyor. A\u00e7\u0131l\u0131\u015f konu\u015fmalar\u0131 ve kutlama mesajlar\u0131yla ba\u015flayacak olan etkinlik m\u00fczik, dayan\u0131\u015fma mezat\u0131, \u015fiir dinletisi, dans performans\u0131 ve tiyatro oyunlar\u0131yla devam edecek. Herkesin kat\u0131l\u0131m\u0131na a\u00e7\u0131k olan etkinlik Fener, M\u00fcrsel Pa\u015fa Caddesi No:8&#8217;de, Fener \u0130skelesi kar\u015f\u0131s\u0131ndaki tarihi k\u00fct\u00fcphane merkezinde ger\u00e7ekle\u015fecek. \u00d6te yandan 32 y\u0131l [&hellip;]\" \/>\n<meta property=\"og:url\" content=\"https:\/\/akunq.net\/tr\/?p=68495\" \/>\n<meta property=\"og:site_name\" content=\"Bati Ermenistan Ve Bati Ermenileri Sorunlari Ara\u015ftirmalar Merkezi\" \/>\n<meta property=\"article:published_time\" content=\"2022-05-12T09:28:39+00:00\" \/>\n<meta property=\"og:image\" content=\"https:\/\/akunq.net\/tr\/wp-content\/uploads\/sites\/6\/2022\/05\/Kad\u0131n-Eserleri-K\u00fct\u00fcphanesi-scaled.jpg\" \/>\n\t<meta property=\"og:image:width\" content=\"2560\" \/>\n\t<meta property=\"og:image:height\" content=\"2005\" \/>\n\t<meta property=\"og:image:type\" content=\"image\/jpeg\" \/>\n<meta name=\"author\" content=\"admin\" \/>\n<meta name=\"twitter:card\" content=\"summary_large_image\" \/>\n<meta name=\"twitter:label1\" content=\"Written by\" \/>\n\t<meta name=\"twitter:data1\" content=\"admin\" \/>\n\t<meta name=\"twitter:label2\" content=\"Est. reading time\" \/>\n\t<meta name=\"twitter:data2\" content=\"1 minute\" \/>\n<script type=\"application\/ld+json\" class=\"yoast-schema-graph\">{\"@context\":\"https:\\\/\\\/schema.org\",\"@graph\":[{\"@type\":\"Article\",\"@id\":\"https:\\\/\\\/akunq.net\\\/tr\\\/?p=68495#article\",\"isPartOf\":{\"@id\":\"https:\\\/\\\/akunq.net\\\/tr\\\/?p=68495\"},\"author\":{\"name\":\"admin\",\"@id\":\"https:\\\/\\\/akunq.net\\\/tr\\\/#\\\/schema\\\/person\\\/096f1d38a12cce57fb855b485ed24c9e\"},\"headline\":\"Kad\u0131n Eserleri K\u00fct\u00fcphanesi&#8217;nden 32. Y\u0131l \u015eenli\u011fi\",\"datePublished\":\"2022-05-12T09:28:39+00:00\",\"mainEntityOfPage\":{\"@id\":\"https:\\\/\\\/akunq.net\\\/tr\\\/?p=68495\"},\"wordCount\":282,\"commentCount\":0,\"image\":{\"@id\":\"https:\\\/\\\/akunq.net\\\/tr\\\/?p=68495#primaryimage\"},\"thumbnailUrl\":\"https:\\\/\\\/akunq.net\\\/tr\\\/wp-content\\\/uploads\\\/sites\\\/6\\\/2022\\\/05\\\/Kad\u0131n-Eserleri-K\u00fct\u00fcphanesi-scaled.jpg\",\"articleSection\":[\"Haberler\"],\"inLanguage\":\"en-US\",\"potentialAction\":[{\"@type\":\"CommentAction\",\"name\":\"Comment\",\"target\":[\"https:\\\/\\\/akunq.net\\\/tr\\\/?p=68495#respond\"]}]},{\"@type\":\"WebPage\",\"@id\":\"https:\\\/\\\/akunq.net\\\/tr\\\/?p=68495\",\"url\":\"https:\\\/\\\/akunq.net\\\/tr\\\/?p=68495\",\"name\":\"Kad\u0131n Eserleri K\u00fct\u00fcphanesi'nden 32. Y\u0131l \u015eenli\u011fi - Bati Ermenistan Ve Bati Ermenileri Sorunlari Ara\u015ftirmalar Merkezi\",\"isPartOf\":{\"@id\":\"https:\\\/\\\/akunq.net\\\/tr\\\/#website\"},\"primaryImageOfPage\":{\"@id\":\"https:\\\/\\\/akunq.net\\\/tr\\\/?p=68495#primaryimage\"},\"image\":{\"@id\":\"https:\\\/\\\/akunq.net\\\/tr\\\/?p=68495#primaryimage\"},\"thumbnailUrl\":\"https:\\\/\\\/akunq.net\\\/tr\\\/wp-content\\\/uploads\\\/sites\\\/6\\\/2022\\\/05\\\/Kad\u0131n-Eserleri-K\u00fct\u00fcphanesi-scaled.jpg\",\"datePublished\":\"2022-05-12T09:28:39+00:00\",\"author\":{\"@id\":\"https:\\\/\\\/akunq.net\\\/tr\\\/#\\\/schema\\\/person\\\/096f1d38a12cce57fb855b485ed24c9e\"},\"breadcrumb\":{\"@id\":\"https:\\\/\\\/akunq.net\\\/tr\\\/?p=68495#breadcrumb\"},\"inLanguage\":\"en-US\",\"potentialAction\":[{\"@type\":\"ReadAction\",\"target\":[\"https:\\\/\\\/akunq.net\\\/tr\\\/?p=68495\"]}]},{\"@type\":\"ImageObject\",\"inLanguage\":\"en-US\",\"@id\":\"https:\\\/\\\/akunq.net\\\/tr\\\/?p=68495#primaryimage\",\"url\":\"https:\\\/\\\/akunq.net\\\/tr\\\/wp-content\\\/uploads\\\/sites\\\/6\\\/2022\\\/05\\\/Kad\u0131n-Eserleri-K\u00fct\u00fcphanesi-scaled.jpg\",\"contentUrl\":\"https:\\\/\\\/akunq.net\\\/tr\\\/wp-content\\\/uploads\\\/sites\\\/6\\\/2022\\\/05\\\/Kad\u0131n-Eserleri-K\u00fct\u00fcphanesi-scaled.jpg\",\"width\":2560,\"height\":2005},{\"@type\":\"BreadcrumbList\",\"@id\":\"https:\\\/\\\/akunq.net\\\/tr\\\/?p=68495#breadcrumb\",\"itemListElement\":[{\"@type\":\"ListItem\",\"position\":1,\"name\":\"Home\",\"item\":\"https:\\\/\\\/akunq.net\\\/tr\"},{\"@type\":\"ListItem\",\"position\":2,\"name\":\"Kad\u0131n Eserleri K\u00fct\u00fcphanesi&#8217;nden 32. Y\u0131l \u015eenli\u011fi\"}]},{\"@type\":\"WebSite\",\"@id\":\"https:\\\/\\\/akunq.net\\\/tr\\\/#website\",\"url\":\"https:\\\/\\\/akunq.net\\\/tr\\\/\",\"name\":\"Bati Ermenistan Ve Bati Ermenileri Sorunlari Ara\u015ftirmalar Merkezi\",\"description\":\"\",\"potentialAction\":[{\"@type\":\"SearchAction\",\"target\":{\"@type\":\"EntryPoint\",\"urlTemplate\":\"https:\\\/\\\/akunq.net\\\/tr\\\/?s={search_term_string}\"},\"query-input\":{\"@type\":\"PropertyValueSpecification\",\"valueRequired\":true,\"valueName\":\"search_term_string\"}}],\"inLanguage\":\"en-US\"},{\"@type\":\"Person\",\"@id\":\"https:\\\/\\\/akunq.net\\\/tr\\\/#\\\/schema\\\/person\\\/096f1d38a12cce57fb855b485ed24c9e\",\"name\":\"admin\",\"url\":\"https:\\\/\\\/akunq.net\\\/tr\\\/?author=7\"}]}<\/script>\n<!-- \/ Yoast SEO plugin. -->","yoast_head_json":{"title":"Kad\u0131n Eserleri K\u00fct\u00fcphanesi'nden 32. Y\u0131l \u015eenli\u011fi - Bati Ermenistan Ve Bati Ermenileri Sorunlari Ara\u015ftirmalar Merkezi","robots":{"index":"index","follow":"follow","max-snippet":"max-snippet:-1","max-image-preview":"max-image-preview:large","max-video-preview":"max-video-preview:-1"},"canonical":"https:\/\/akunq.net\/tr\/?p=68495","og_locale":"en_US","og_type":"article","og_title":"Kad\u0131n Eserleri K\u00fct\u00fcphanesi'nden 32. Y\u0131l \u015eenli\u011fi - Bati Ermenistan Ve Bati Ermenileri Sorunlari Ara\u015ftirmalar Merkezi","og_description":"Kad\u0131n Eserleri K\u00fct\u00fcphanesi 14 May\u0131s Cumartesi g\u00fcn\u00fc saat 11.00-18.00 aras\u0131nda 32. Y\u0131l \u015eenli\u011fi d\u00fczenliyor. A\u00e7\u0131l\u0131\u015f konu\u015fmalar\u0131 ve kutlama mesajlar\u0131yla ba\u015flayacak olan etkinlik m\u00fczik, dayan\u0131\u015fma mezat\u0131, \u015fiir dinletisi, dans performans\u0131 ve tiyatro oyunlar\u0131yla devam edecek. Herkesin kat\u0131l\u0131m\u0131na a\u00e7\u0131k olan etkinlik Fener, M\u00fcrsel Pa\u015fa Caddesi No:8&#8217;de, Fener \u0130skelesi kar\u015f\u0131s\u0131ndaki tarihi k\u00fct\u00fcphane merkezinde ger\u00e7ekle\u015fecek. \u00d6te yandan 32 y\u0131l [&hellip;]","og_url":"https:\/\/akunq.net\/tr\/?p=68495","og_site_name":"Bati Ermenistan Ve Bati Ermenileri Sorunlari Ara\u015ftirmalar Merkezi","article_published_time":"2022-05-12T09:28:39+00:00","og_image":[{"width":2560,"height":2005,"url":"https:\/\/akunq.net\/tr\/wp-content\/uploads\/sites\/6\/2022\/05\/Kad\u0131n-Eserleri-K\u00fct\u00fcphanesi-scaled.jpg","type":"image\/jpeg"}],"author":"admin","twitter_card":"summary_large_image","twitter_misc":{"Written by":"admin","Est. reading time":"1 minute"},"schema":{"@context":"https:\/\/schema.org","@graph":[{"@type":"Article","@id":"https:\/\/akunq.net\/tr\/?p=68495#article","isPartOf":{"@id":"https:\/\/akunq.net\/tr\/?p=68495"},"author":{"name":"admin","@id":"https:\/\/akunq.net\/tr\/#\/schema\/person\/096f1d38a12cce57fb855b485ed24c9e"},"headline":"Kad\u0131n Eserleri K\u00fct\u00fcphanesi&#8217;nden 32. Y\u0131l \u015eenli\u011fi","datePublished":"2022-05-12T09:28:39+00:00","mainEntityOfPage":{"@id":"https:\/\/akunq.net\/tr\/?p=68495"},"wordCount":282,"commentCount":0,"image":{"@id":"https:\/\/akunq.net\/tr\/?p=68495#primaryimage"},"thumbnailUrl":"https:\/\/akunq.net\/tr\/wp-content\/uploads\/sites\/6\/2022\/05\/Kad\u0131n-Eserleri-K\u00fct\u00fcphanesi-scaled.jpg","articleSection":["Haberler"],"inLanguage":"en-US","potentialAction":[{"@type":"CommentAction","name":"Comment","target":["https:\/\/akunq.net\/tr\/?p=68495#respond"]}]},{"@type":"WebPage","@id":"https:\/\/akunq.net\/tr\/?p=68495","url":"https:\/\/akunq.net\/tr\/?p=68495","name":"Kad\u0131n Eserleri K\u00fct\u00fcphanesi'nden 32. Y\u0131l \u015eenli\u011fi - Bati Ermenistan Ve Bati Ermenileri Sorunlari Ara\u015ftirmalar Merkezi","isPartOf":{"@id":"https:\/\/akunq.net\/tr\/#website"},"primaryImageOfPage":{"@id":"https:\/\/akunq.net\/tr\/?p=68495#primaryimage"},"image":{"@id":"https:\/\/akunq.net\/tr\/?p=68495#primaryimage"},"thumbnailUrl":"https:\/\/akunq.net\/tr\/wp-content\/uploads\/sites\/6\/2022\/05\/Kad\u0131n-Eserleri-K\u00fct\u00fcphanesi-scaled.jpg","datePublished":"2022-05-12T09:28:39+00:00","author":{"@id":"https:\/\/akunq.net\/tr\/#\/schema\/person\/096f1d38a12cce57fb855b485ed24c9e"},"breadcrumb":{"@id":"https:\/\/akunq.net\/tr\/?p=68495#breadcrumb"},"inLanguage":"en-US","potentialAction":[{"@type":"ReadAction","target":["https:\/\/akunq.net\/tr\/?p=68495"]}]},{"@type":"ImageObject","inLanguage":"en-US","@id":"https:\/\/akunq.net\/tr\/?p=68495#primaryimage","url":"https:\/\/akunq.net\/tr\/wp-content\/uploads\/sites\/6\/2022\/05\/Kad\u0131n-Eserleri-K\u00fct\u00fcphanesi-scaled.jpg","contentUrl":"https:\/\/akunq.net\/tr\/wp-content\/uploads\/sites\/6\/2022\/05\/Kad\u0131n-Eserleri-K\u00fct\u00fcphanesi-scaled.jpg","width":2560,"height":2005},{"@type":"BreadcrumbList","@id":"https:\/\/akunq.net\/tr\/?p=68495#breadcrumb","itemListElement":[{"@type":"ListItem","position":1,"name":"Home","item":"https:\/\/akunq.net\/tr"},{"@type":"ListItem","position":2,"name":"Kad\u0131n Eserleri K\u00fct\u00fcphanesi&#8217;nden 32. Y\u0131l \u015eenli\u011fi"}]},{"@type":"WebSite","@id":"https:\/\/akunq.net\/tr\/#website","url":"https:\/\/akunq.net\/tr\/","name":"Bati Ermenistan Ve Bati Ermenileri Sorunlari Ara\u015ftirmalar Merkezi","description":"","potentialAction":[{"@type":"SearchAction","target":{"@type":"EntryPoint","urlTemplate":"https:\/\/akunq.net\/tr\/?s={search_term_string}"},"query-input":{"@type":"PropertyValueSpecification","valueRequired":true,"valueName":"search_term_string"}}],"inLanguage":"en-US"},{"@type":"Person","@id":"https:\/\/akunq.net\/tr\/#\/schema\/person\/096f1d38a12cce57fb855b485ed24c9e","name":"admin","url":"https:\/\/akunq.net\/tr\/?author=7"}]}},"_links":{"self":[{"href":"https:\/\/akunq.net\/tr\/index.php?rest_route=\/wp\/v2\/posts\/68495","targetHints":{"allow":["GET"]}}],"collection":[{"href":"https:\/\/akunq.net\/tr\/index.php?rest_route=\/wp\/v2\/posts"}],"about":[{"href":"https:\/\/akunq.net\/tr\/index.php?rest_route=\/wp\/v2\/types\/post"}],"author":[{"embeddable":true,"href":"https:\/\/akunq.net\/tr\/index.php?rest_route=\/wp\/v2\/users\/7"}],"replies":[{"embeddable":true,"href":"https:\/\/akunq.net\/tr\/index.php?rest_route=%2Fwp%2Fv2%2Fcomments&post=68495"}],"version-history":[{"count":1,"href":"https:\/\/akunq.net\/tr\/index.php?rest_route=\/wp\/v2\/posts\/68495\/revisions"}],"predecessor-version":[{"id":68497,"href":"https:\/\/akunq.net\/tr\/index.php?rest_route=\/wp\/v2\/posts\/68495\/revisions\/68497"}],"wp:featuredmedia":[{"embeddable":true,"href":"https:\/\/akunq.net\/tr\/index.php?rest_route=\/wp\/v2\/media\/68496"}],"wp:attachment":[{"href":"https:\/\/akunq.net\/tr\/index.php?rest_route=%2Fwp%2Fv2%2Fmedia&parent=68495"}],"wp:term":[{"taxonomy":"category","embeddable":true,"href":"https:\/\/akunq.net\/tr\/index.php?rest_route=%2Fwp%2Fv2%2Fcategories&post=68495"},{"taxonomy":"post_tag","embeddable":true,"href":"https:\/\/akunq.net\/tr\/index.php?rest_route=%2Fwp%2Fv2%2Ftags&post=68495"}],"curies":[{"name":"wp","href":"https:\/\/api.w.org\/{rel}","templated":true}]}}