{"id":68490,"date":"2022-05-12T02:59:48","date_gmt":"2022-05-12T07:59:48","guid":{"rendered":"https:\/\/akunq.net\/tr\/?p=68490"},"modified":"2022-05-12T02:59:48","modified_gmt":"2022-05-12T07:59:48","slug":"iran-turkiyenin-araks-nehrine-baraj-insasi-kabul-edilemez","status":"publish","type":"post","link":"https:\/\/akunq.net\/tr\/?p=68490","title":{"rendered":"\u0130ran: T\u00fcrkiye&#8217;nin Araks Nehri&#8217;ne baraj in\u015fas\u0131 kabul edilemez"},"content":{"rendered":"<div class=\"html-content\">\n<p><img loading=\"lazy\" decoding=\"async\" class=\"aligncenter size-medium wp-image-68491\" src=\"https:\/\/akunq.net\/tr\/wp-content\/uploads\/2022\/05\/T\u00fcrkiyenin-Araks-Nehrine-baraj-in\u015fas\u0131-360x202.jpg\" alt=\"\" width=\"360\" height=\"202\" srcset=\"https:\/\/akunq.net\/tr\/wp-content\/uploads\/sites\/6\/2022\/05\/T\u00fcrkiyenin-Araks-Nehrine-baraj-in\u015fas\u0131-360x202.jpg 360w, https:\/\/akunq.net\/tr\/wp-content\/uploads\/sites\/6\/2022\/05\/T\u00fcrkiyenin-Araks-Nehrine-baraj-in\u015fas\u0131-768x432.jpg 768w, https:\/\/akunq.net\/tr\/wp-content\/uploads\/sites\/6\/2022\/05\/T\u00fcrkiyenin-Araks-Nehrine-baraj-in\u015fas\u0131-560x315.jpg 560w, https:\/\/akunq.net\/tr\/wp-content\/uploads\/sites\/6\/2022\/05\/T\u00fcrkiyenin-Araks-Nehrine-baraj-in\u015fas\u0131-260x146.jpg 260w, https:\/\/akunq.net\/tr\/wp-content\/uploads\/sites\/6\/2022\/05\/T\u00fcrkiyenin-Araks-Nehrine-baraj-in\u015fas\u0131-160x90.jpg 160w, https:\/\/akunq.net\/tr\/wp-content\/uploads\/sites\/6\/2022\/05\/T\u00fcrkiyenin-Araks-Nehrine-baraj-in\u015fas\u0131.jpg 820w\" sizes=\"auto, (max-width: 360px) 100vw, 360px\" \/><\/p>\n<p><em><strong>\u0130ran Enerji Bakan\u0131 Ali Ekber Mehrabian, Ermenistan ve \u0130ran H\u00fck\u00fcmetleraras\u0131 Ortak Komisyonu&#8217;nun 17. oturumunun ard\u0131ndan gazetecilere verdi\u011fi brifingde \u0130ran&#8217;\u0131n, T\u00fcrkiye&#8217;nin Araks Nehri&#8217;ne baraj yapmas\u0131n\u0131 kabul edilemez buldu\u011funu ifade etti.<\/strong><\/em><\/p>\n<p>Ona g\u00f6re T\u00fcrkiye&#8217;nin baraj yap\u0131m\u0131nda att\u0131\u011f\u0131 ad\u0131mlar Araks Nehri havzas\u0131ndaki \u00fclkelerle koordineli de\u011fil.<\/p>\n<p>\u0130ranl\u0131 bakan &#8220;Araks Nehri Havzas\u0131&#8217;ndaki t\u00fcm devletlerin, baraj in\u015fa etmek ve Araks Nehri&#8217;nin suyunu kullanma konusunda birlikte \u00e7al\u0131\u015fmas\u0131 gerekti\u011fini d\u00fc\u015f\u00fcn\u00fcyoruz ve bu konuda \u015fikayet ediyoruz. Tek tarafl\u0131 bireysel yakla\u015f\u0131m Araks Nehri i\u00e7in tehlikeler i\u00e7erebilir.&#8221; ifadelerini kulland\u0131.<\/p>\n<p>\u0130ran taraf\u0131n\u0131n T\u00fcrkiye&#8217;ye duydu\u011fu endi\u015feyi dile getirdi\u011fini kaydeden Mehrabian, Araks Havzas\u0131&#8217;ndaki t\u00fcm \u00fclkelerin bu konuyu kendi aralar\u0131nda tart\u0131\u015fmalar\u0131 ve bu su kayna\u011f\u0131n\u0131 adaletli kullanmalar\u0131 gerekti\u011fini d\u00fc\u015f\u00fcn\u00fcyor.<\/p>\n<\/div>\n<div class=\"current-author fl cb\">\n<div class=\"current-author fl cb\"><em><strong><a class=\"a-none\" href=\"https:\/\/www.ermenihaber.am\/tr\/news\/2022\/05\/12\/%C4%B0ran-T%C3%BCrkiye-Aras-Nehri-baraj\/230860\">Ermenihaber.am<\/a><\/strong><\/em><\/div>\n<div class=\"cb\"><\/div>\n<div class=\"current-socials\">\n<div id=\"st-1\" class=\"sharethis-inline-share-buttons st-left  st-inline-share-buttons st-animated\">\n<div class=\"st-btn st-first\" data-network=\"facebook\"><\/div>\n<\/div>\n<\/div>\n<\/div>\n<div class=\"current-socials\">\n<div id=\"st-1\" class=\"sharethis-inline-share-buttons st-left  st-inline-share-buttons st-animated\">\n<div class=\"st-btn st-first\" data-network=\"facebook\"><\/div>\n<\/div>\n<\/div>\n","protected":false},"excerpt":{"rendered":"<p>\u0130ran Enerji Bakan\u0131 Ali Ekber Mehrabian, Ermenistan ve \u0130ran H\u00fck\u00fcmetleraras\u0131 Ortak Komisyonu&#8217;nun 17. oturumunun ard\u0131ndan gazetecilere verdi\u011fi brifingde \u0130ran&#8217;\u0131n, T\u00fcrkiye&#8217;nin Araks Nehri&#8217;ne baraj yapmas\u0131n\u0131 kabul edilemez buldu\u011funu ifade etti. Ona g\u00f6re T\u00fcrkiye&#8217;nin baraj yap\u0131m\u0131nda att\u0131\u011f\u0131 ad\u0131mlar Araks Nehri havzas\u0131ndaki \u00fclkelerle koordineli de\u011fil. \u0130ranl\u0131 bakan &#8220;Araks Nehri Havzas\u0131&#8217;ndaki t\u00fcm devletlerin, baraj in\u015fa etmek ve Araks Nehri&#8217;nin [&hellip;]<\/p>\n","protected":false},"author":7,"featured_media":68491,"comment_status":"open","ping_status":"open","sticky":false,"template":"","format":"standard","meta":{"footnotes":""},"categories":[1],"tags":[],"class_list":["post-68490","post","type-post","status-publish","format-standard","has-post-thumbnail","hentry","category-haberler"],"yoast_head":"<!-- This site is optimized with the Yoast SEO plugin v27.4 - https:\/\/yoast.com\/product\/yoast-seo-wordpress\/ -->\n<title>\u0130ran: T\u00fcrkiye&#039;nin Araks Nehri&#039;ne baraj in\u015fas\u0131 kabul edilemez - Bati Ermenistan Ve Bati Ermenileri Sorunlari Ara\u015ftirmalar Merkezi<\/title>\n<meta name=\"robots\" content=\"index, follow, max-snippet:-1, max-image-preview:large, max-video-preview:-1\" \/>\n<link rel=\"canonical\" href=\"https:\/\/akunq.net\/tr\/?p=68490\" \/>\n<meta property=\"og:locale\" content=\"en_US\" \/>\n<meta property=\"og:type\" content=\"article\" \/>\n<meta property=\"og:title\" content=\"\u0130ran: T\u00fcrkiye&#039;nin Araks Nehri&#039;ne baraj in\u015fas\u0131 kabul edilemez - Bati Ermenistan Ve Bati Ermenileri Sorunlari Ara\u015ftirmalar Merkezi\" \/>\n<meta property=\"og:description\" content=\"\u0130ran Enerji Bakan\u0131 Ali Ekber Mehrabian, Ermenistan ve \u0130ran H\u00fck\u00fcmetleraras\u0131 Ortak Komisyonu&#8217;nun 17. oturumunun ard\u0131ndan gazetecilere verdi\u011fi brifingde \u0130ran&#8217;\u0131n, T\u00fcrkiye&#8217;nin Araks Nehri&#8217;ne baraj yapmas\u0131n\u0131 kabul edilemez buldu\u011funu ifade etti. Ona g\u00f6re T\u00fcrkiye&#8217;nin baraj yap\u0131m\u0131nda att\u0131\u011f\u0131 ad\u0131mlar Araks Nehri havzas\u0131ndaki \u00fclkelerle koordineli de\u011fil. \u0130ranl\u0131 bakan &#8220;Araks Nehri Havzas\u0131&#8217;ndaki t\u00fcm devletlerin, baraj in\u015fa etmek ve Araks Nehri&#8217;nin [&hellip;]\" \/>\n<meta property=\"og:url\" content=\"https:\/\/akunq.net\/tr\/?p=68490\" \/>\n<meta property=\"og:site_name\" content=\"Bati Ermenistan Ve Bati Ermenileri Sorunlari Ara\u015ftirmalar Merkezi\" \/>\n<meta property=\"article:published_time\" content=\"2022-05-12T07:59:48+00:00\" \/>\n<meta property=\"og:image\" content=\"https:\/\/akunq.net\/tr\/wp-content\/uploads\/sites\/6\/2022\/05\/T\u00fcrkiyenin-Araks-Nehrine-baraj-in\u015fas\u0131.jpg\" \/>\n\t<meta property=\"og:image:width\" content=\"820\" \/>\n\t<meta property=\"og:image:height\" content=\"461\" \/>\n\t<meta property=\"og:image:type\" content=\"image\/jpeg\" \/>\n<meta name=\"author\" content=\"admin\" \/>\n<meta name=\"twitter:card\" content=\"summary_large_image\" \/>\n<meta name=\"twitter:label1\" content=\"Written by\" \/>\n\t<meta name=\"twitter:data1\" content=\"admin\" \/>\n\t<meta name=\"twitter:label2\" content=\"Est. reading time\" \/>\n\t<meta name=\"twitter:data2\" content=\"1 minute\" \/>\n<script type=\"application\/ld+json\" class=\"yoast-schema-graph\">{\"@context\":\"https:\\\/\\\/schema.org\",\"@graph\":[{\"@type\":\"Article\",\"@id\":\"https:\\\/\\\/akunq.net\\\/tr\\\/?p=68490#article\",\"isPartOf\":{\"@id\":\"https:\\\/\\\/akunq.net\\\/tr\\\/?p=68490\"},\"author\":{\"name\":\"admin\",\"@id\":\"https:\\\/\\\/akunq.net\\\/tr\\\/#\\\/schema\\\/person\\\/096f1d38a12cce57fb855b485ed24c9e\"},\"headline\":\"\u0130ran: T\u00fcrkiye&#8217;nin Araks Nehri&#8217;ne baraj in\u015fas\u0131 kabul edilemez\",\"datePublished\":\"2022-05-12T07:59:48+00:00\",\"mainEntityOfPage\":{\"@id\":\"https:\\\/\\\/akunq.net\\\/tr\\\/?p=68490\"},\"wordCount\":154,\"commentCount\":0,\"image\":{\"@id\":\"https:\\\/\\\/akunq.net\\\/tr\\\/?p=68490#primaryimage\"},\"thumbnailUrl\":\"https:\\\/\\\/akunq.net\\\/tr\\\/wp-content\\\/uploads\\\/sites\\\/6\\\/2022\\\/05\\\/T\u00fcrkiyenin-Araks-Nehrine-baraj-in\u015fas\u0131.jpg\",\"articleSection\":[\"Haberler\"],\"inLanguage\":\"en-US\",\"potentialAction\":[{\"@type\":\"CommentAction\",\"name\":\"Comment\",\"target\":[\"https:\\\/\\\/akunq.net\\\/tr\\\/?p=68490#respond\"]}]},{\"@type\":\"WebPage\",\"@id\":\"https:\\\/\\\/akunq.net\\\/tr\\\/?p=68490\",\"url\":\"https:\\\/\\\/akunq.net\\\/tr\\\/?p=68490\",\"name\":\"\u0130ran: T\u00fcrkiye'nin Araks Nehri'ne baraj in\u015fas\u0131 kabul edilemez - Bati Ermenistan Ve Bati Ermenileri Sorunlari Ara\u015ftirmalar Merkezi\",\"isPartOf\":{\"@id\":\"https:\\\/\\\/akunq.net\\\/tr\\\/#website\"},\"primaryImageOfPage\":{\"@id\":\"https:\\\/\\\/akunq.net\\\/tr\\\/?p=68490#primaryimage\"},\"image\":{\"@id\":\"https:\\\/\\\/akunq.net\\\/tr\\\/?p=68490#primaryimage\"},\"thumbnailUrl\":\"https:\\\/\\\/akunq.net\\\/tr\\\/wp-content\\\/uploads\\\/sites\\\/6\\\/2022\\\/05\\\/T\u00fcrkiyenin-Araks-Nehrine-baraj-in\u015fas\u0131.jpg\",\"datePublished\":\"2022-05-12T07:59:48+00:00\",\"author\":{\"@id\":\"https:\\\/\\\/akunq.net\\\/tr\\\/#\\\/schema\\\/person\\\/096f1d38a12cce57fb855b485ed24c9e\"},\"breadcrumb\":{\"@id\":\"https:\\\/\\\/akunq.net\\\/tr\\\/?p=68490#breadcrumb\"},\"inLanguage\":\"en-US\",\"potentialAction\":[{\"@type\":\"ReadAction\",\"target\":[\"https:\\\/\\\/akunq.net\\\/tr\\\/?p=68490\"]}]},{\"@type\":\"ImageObject\",\"inLanguage\":\"en-US\",\"@id\":\"https:\\\/\\\/akunq.net\\\/tr\\\/?p=68490#primaryimage\",\"url\":\"https:\\\/\\\/akunq.net\\\/tr\\\/wp-content\\\/uploads\\\/sites\\\/6\\\/2022\\\/05\\\/T\u00fcrkiyenin-Araks-Nehrine-baraj-in\u015fas\u0131.jpg\",\"contentUrl\":\"https:\\\/\\\/akunq.net\\\/tr\\\/wp-content\\\/uploads\\\/sites\\\/6\\\/2022\\\/05\\\/T\u00fcrkiyenin-Araks-Nehrine-baraj-in\u015fas\u0131.jpg\",\"width\":820,\"height\":461},{\"@type\":\"BreadcrumbList\",\"@id\":\"https:\\\/\\\/akunq.net\\\/tr\\\/?p=68490#breadcrumb\",\"itemListElement\":[{\"@type\":\"ListItem\",\"position\":1,\"name\":\"Home\",\"item\":\"https:\\\/\\\/akunq.net\\\/tr\"},{\"@type\":\"ListItem\",\"position\":2,\"name\":\"\u0130ran: T\u00fcrkiye&#8217;nin Araks Nehri&#8217;ne baraj in\u015fas\u0131 kabul edilemez\"}]},{\"@type\":\"WebSite\",\"@id\":\"https:\\\/\\\/akunq.net\\\/tr\\\/#website\",\"url\":\"https:\\\/\\\/akunq.net\\\/tr\\\/\",\"name\":\"Bati Ermenistan Ve Bati Ermenileri Sorunlari Ara\u015ftirmalar Merkezi\",\"description\":\"\",\"potentialAction\":[{\"@type\":\"SearchAction\",\"target\":{\"@type\":\"EntryPoint\",\"urlTemplate\":\"https:\\\/\\\/akunq.net\\\/tr\\\/?s={search_term_string}\"},\"query-input\":{\"@type\":\"PropertyValueSpecification\",\"valueRequired\":true,\"valueName\":\"search_term_string\"}}],\"inLanguage\":\"en-US\"},{\"@type\":\"Person\",\"@id\":\"https:\\\/\\\/akunq.net\\\/tr\\\/#\\\/schema\\\/person\\\/096f1d38a12cce57fb855b485ed24c9e\",\"name\":\"admin\",\"url\":\"https:\\\/\\\/akunq.net\\\/tr\\\/?author=7\"}]}<\/script>\n<!-- \/ Yoast SEO plugin. -->","yoast_head_json":{"title":"\u0130ran: T\u00fcrkiye'nin Araks Nehri'ne baraj in\u015fas\u0131 kabul edilemez - Bati Ermenistan Ve Bati Ermenileri Sorunlari Ara\u015ftirmalar Merkezi","robots":{"index":"index","follow":"follow","max-snippet":"max-snippet:-1","max-image-preview":"max-image-preview:large","max-video-preview":"max-video-preview:-1"},"canonical":"https:\/\/akunq.net\/tr\/?p=68490","og_locale":"en_US","og_type":"article","og_title":"\u0130ran: T\u00fcrkiye'nin Araks Nehri'ne baraj in\u015fas\u0131 kabul edilemez - Bati Ermenistan Ve Bati Ermenileri Sorunlari Ara\u015ftirmalar Merkezi","og_description":"\u0130ran Enerji Bakan\u0131 Ali Ekber Mehrabian, Ermenistan ve \u0130ran H\u00fck\u00fcmetleraras\u0131 Ortak Komisyonu&#8217;nun 17. oturumunun ard\u0131ndan gazetecilere verdi\u011fi brifingde \u0130ran&#8217;\u0131n, T\u00fcrkiye&#8217;nin Araks Nehri&#8217;ne baraj yapmas\u0131n\u0131 kabul edilemez buldu\u011funu ifade etti. Ona g\u00f6re T\u00fcrkiye&#8217;nin baraj yap\u0131m\u0131nda att\u0131\u011f\u0131 ad\u0131mlar Araks Nehri havzas\u0131ndaki \u00fclkelerle koordineli de\u011fil. \u0130ranl\u0131 bakan &#8220;Araks Nehri Havzas\u0131&#8217;ndaki t\u00fcm devletlerin, baraj in\u015fa etmek ve Araks Nehri&#8217;nin [&hellip;]","og_url":"https:\/\/akunq.net\/tr\/?p=68490","og_site_name":"Bati Ermenistan Ve Bati Ermenileri Sorunlari Ara\u015ftirmalar Merkezi","article_published_time":"2022-05-12T07:59:48+00:00","og_image":[{"width":820,"height":461,"url":"https:\/\/akunq.net\/tr\/wp-content\/uploads\/sites\/6\/2022\/05\/T\u00fcrkiyenin-Araks-Nehrine-baraj-in\u015fas\u0131.jpg","type":"image\/jpeg"}],"author":"admin","twitter_card":"summary_large_image","twitter_misc":{"Written by":"admin","Est. reading time":"1 minute"},"schema":{"@context":"https:\/\/schema.org","@graph":[{"@type":"Article","@id":"https:\/\/akunq.net\/tr\/?p=68490#article","isPartOf":{"@id":"https:\/\/akunq.net\/tr\/?p=68490"},"author":{"name":"admin","@id":"https:\/\/akunq.net\/tr\/#\/schema\/person\/096f1d38a12cce57fb855b485ed24c9e"},"headline":"\u0130ran: T\u00fcrkiye&#8217;nin Araks Nehri&#8217;ne baraj in\u015fas\u0131 kabul edilemez","datePublished":"2022-05-12T07:59:48+00:00","mainEntityOfPage":{"@id":"https:\/\/akunq.net\/tr\/?p=68490"},"wordCount":154,"commentCount":0,"image":{"@id":"https:\/\/akunq.net\/tr\/?p=68490#primaryimage"},"thumbnailUrl":"https:\/\/akunq.net\/tr\/wp-content\/uploads\/sites\/6\/2022\/05\/T\u00fcrkiyenin-Araks-Nehrine-baraj-in\u015fas\u0131.jpg","articleSection":["Haberler"],"inLanguage":"en-US","potentialAction":[{"@type":"CommentAction","name":"Comment","target":["https:\/\/akunq.net\/tr\/?p=68490#respond"]}]},{"@type":"WebPage","@id":"https:\/\/akunq.net\/tr\/?p=68490","url":"https:\/\/akunq.net\/tr\/?p=68490","name":"\u0130ran: T\u00fcrkiye'nin Araks Nehri'ne baraj in\u015fas\u0131 kabul edilemez - Bati Ermenistan Ve Bati Ermenileri Sorunlari Ara\u015ftirmalar Merkezi","isPartOf":{"@id":"https:\/\/akunq.net\/tr\/#website"},"primaryImageOfPage":{"@id":"https:\/\/akunq.net\/tr\/?p=68490#primaryimage"},"image":{"@id":"https:\/\/akunq.net\/tr\/?p=68490#primaryimage"},"thumbnailUrl":"https:\/\/akunq.net\/tr\/wp-content\/uploads\/sites\/6\/2022\/05\/T\u00fcrkiyenin-Araks-Nehrine-baraj-in\u015fas\u0131.jpg","datePublished":"2022-05-12T07:59:48+00:00","author":{"@id":"https:\/\/akunq.net\/tr\/#\/schema\/person\/096f1d38a12cce57fb855b485ed24c9e"},"breadcrumb":{"@id":"https:\/\/akunq.net\/tr\/?p=68490#breadcrumb"},"inLanguage":"en-US","potentialAction":[{"@type":"ReadAction","target":["https:\/\/akunq.net\/tr\/?p=68490"]}]},{"@type":"ImageObject","inLanguage":"en-US","@id":"https:\/\/akunq.net\/tr\/?p=68490#primaryimage","url":"https:\/\/akunq.net\/tr\/wp-content\/uploads\/sites\/6\/2022\/05\/T\u00fcrkiyenin-Araks-Nehrine-baraj-in\u015fas\u0131.jpg","contentUrl":"https:\/\/akunq.net\/tr\/wp-content\/uploads\/sites\/6\/2022\/05\/T\u00fcrkiyenin-Araks-Nehrine-baraj-in\u015fas\u0131.jpg","width":820,"height":461},{"@type":"BreadcrumbList","@id":"https:\/\/akunq.net\/tr\/?p=68490#breadcrumb","itemListElement":[{"@type":"ListItem","position":1,"name":"Home","item":"https:\/\/akunq.net\/tr"},{"@type":"ListItem","position":2,"name":"\u0130ran: T\u00fcrkiye&#8217;nin Araks Nehri&#8217;ne baraj in\u015fas\u0131 kabul edilemez"}]},{"@type":"WebSite","@id":"https:\/\/akunq.net\/tr\/#website","url":"https:\/\/akunq.net\/tr\/","name":"Bati Ermenistan Ve Bati Ermenileri Sorunlari Ara\u015ftirmalar Merkezi","description":"","potentialAction":[{"@type":"SearchAction","target":{"@type":"EntryPoint","urlTemplate":"https:\/\/akunq.net\/tr\/?s={search_term_string}"},"query-input":{"@type":"PropertyValueSpecification","valueRequired":true,"valueName":"search_term_string"}}],"inLanguage":"en-US"},{"@type":"Person","@id":"https:\/\/akunq.net\/tr\/#\/schema\/person\/096f1d38a12cce57fb855b485ed24c9e","name":"admin","url":"https:\/\/akunq.net\/tr\/?author=7"}]}},"_links":{"self":[{"href":"https:\/\/akunq.net\/tr\/index.php?rest_route=\/wp\/v2\/posts\/68490","targetHints":{"allow":["GET"]}}],"collection":[{"href":"https:\/\/akunq.net\/tr\/index.php?rest_route=\/wp\/v2\/posts"}],"about":[{"href":"https:\/\/akunq.net\/tr\/index.php?rest_route=\/wp\/v2\/types\/post"}],"author":[{"embeddable":true,"href":"https:\/\/akunq.net\/tr\/index.php?rest_route=\/wp\/v2\/users\/7"}],"replies":[{"embeddable":true,"href":"https:\/\/akunq.net\/tr\/index.php?rest_route=%2Fwp%2Fv2%2Fcomments&post=68490"}],"version-history":[{"count":1,"href":"https:\/\/akunq.net\/tr\/index.php?rest_route=\/wp\/v2\/posts\/68490\/revisions"}],"predecessor-version":[{"id":68492,"href":"https:\/\/akunq.net\/tr\/index.php?rest_route=\/wp\/v2\/posts\/68490\/revisions\/68492"}],"wp:featuredmedia":[{"embeddable":true,"href":"https:\/\/akunq.net\/tr\/index.php?rest_route=\/wp\/v2\/media\/68491"}],"wp:attachment":[{"href":"https:\/\/akunq.net\/tr\/index.php?rest_route=%2Fwp%2Fv2%2Fmedia&parent=68490"}],"wp:term":[{"taxonomy":"category","embeddable":true,"href":"https:\/\/akunq.net\/tr\/index.php?rest_route=%2Fwp%2Fv2%2Fcategories&post=68490"},{"taxonomy":"post_tag","embeddable":true,"href":"https:\/\/akunq.net\/tr\/index.php?rest_route=%2Fwp%2Fv2%2Ftags&post=68490"}],"curies":[{"name":"wp","href":"https:\/\/api.w.org\/{rel}","templated":true}]}}