{"id":68484,"date":"2022-05-12T02:11:19","date_gmt":"2022-05-12T07:11:19","guid":{"rendered":"https:\/\/akunq.net\/tr\/?p=68484"},"modified":"2022-05-12T02:11:19","modified_gmt":"2022-05-12T07:11:19","slug":"sumelada-gun-yuzune-cikan-sakli-mekanlara-akin","status":"publish","type":"post","link":"https:\/\/akunq.net\/tr\/?p=68484","title":{"rendered":"S\u00fcmela\u2019da g\u00fcn y\u00fcz\u00fcne \u00e7\u0131kan sakl\u0131 mekanlara ak\u0131n"},"content":{"rendered":"<p><img loading=\"lazy\" decoding=\"async\" class=\"aligncenter size-medium wp-image-68485\" src=\"https:\/\/akunq.net\/tr\/wp-content\/uploads\/2022\/05\/Sumela-360x257.jpg\" alt=\"\" width=\"360\" height=\"257\" srcset=\"https:\/\/akunq.net\/tr\/wp-content\/uploads\/sites\/6\/2022\/05\/Sumela-360x257.jpg 360w, https:\/\/akunq.net\/tr\/wp-content\/uploads\/sites\/6\/2022\/05\/Sumela-560x400.jpg 560w, https:\/\/akunq.net\/tr\/wp-content\/uploads\/sites\/6\/2022\/05\/Sumela-260x186.jpg 260w, https:\/\/akunq.net\/tr\/wp-content\/uploads\/sites\/6\/2022\/05\/Sumela-160x114.jpg 160w, https:\/\/akunq.net\/tr\/wp-content\/uploads\/sites\/6\/2022\/05\/Sumela.jpg 700w\" sizes=\"auto, (max-width: 360px) 100vw, 360px\" \/><\/p>\n<p><strong>Muhammet KA\u00c7AR- Aleyna KESK\u0130N\/ MA\u00c7KA (Trabzon), (DHA)<\/strong><\/p>\n<p><em><strong>T\u00fcrkiye\u2019nin \u00f6nemli tarihi ve turistik mekanlar\u0131ndan S\u00fcmela Manast\u0131r\u0131\u2019nda 6 y\u0131ld\u0131r s\u00fcren yama\u00e7 \u0131slah\u0131 ve restorasyon s\u0131ras\u0131nda g\u00fcn y\u00fcz\u00fcne \u00e7\u0131kar\u0131lan \u015fapeller, ke\u015fi\u015f ve \u00f6\u011frenci odalar\u0131, \u00e7an kulesi, \u00e7ilehane, misafirhaneler ve mahzenlerden olu\u015fan sakl\u0131 mekanlar, manast\u0131r tarihinde ilk kez t\u00fcm alanlar\u0131 ile ziyarete a\u00e7\u0131ld\u0131. Yerli-yabanc\u0131 ziyaret\u00e7ilerin a\u011f\u0131rland\u0131\u011f\u0131 manast\u0131rda restorasyon s\u0131ras\u0131nda ke\u015ffedilen gizli \u015fapele ise ula\u015fma \u00e7al\u0131\u015fmalar\u0131 s\u00fcr\u00fcyor.<\/strong><\/em><\/p>\n<p>T\u00fcrkiye\u2019nin \u00f6nemli tarihi, turistik ve inan\u00e7 mekanlar\u0131ndan, yerli ve yabanc\u0131 binlerce turistin ziyaret etti\u011fi, UNESCO D\u00fcnya Miras Ge\u00e7ici Listesi\u2019nde yer alan, Trabzon\u2019un Ma\u00e7ka il\u00e7esi Karada\u011f eteklerindeki S\u00fcmela Manast\u0131r\u0131\u2019nda; 2016 y\u0131l\u0131n\u0131n \u015eubat ay\u0131nda restorasyon, \u00e7evre d\u00fczenlemesi, kayal\u0131klar\u0131n jeolojik ve jeoteknik bak\u0131mdan ara\u015ft\u0131r\u0131lmas\u0131 ve g\u00fc\u00e7lendirilmesi projesi ba\u015flat\u0131ld\u0131. Kaya d\u00fc\u015fme riskine kar\u015f\u0131 yama\u00e7taki riskli par\u00e7a ve bloklar d\u00fc\u015f\u00fcr\u00fclerek \u0131slah \u00e7al\u0131\u015fmas\u0131 yap\u0131ld\u0131. End\u00fcstriyel da\u011fc\u0131lar, ta\u015f d\u00fc\u015fmelerine kar\u015f\u0131 yama\u00e7lar\u0131 \u00e7elik a\u011flarla \u00f6r\u00fcp, g\u00fc\u00e7lendirdi. Manast\u0131r bu s\u00fcre\u00e7te 3 kez s\u0131n\u0131rl\u0131 zaman diliminde k\u0131smen ziyarete a\u00e7\u0131ld\u0131.<\/p>\n<p><strong>KAYA D\u00dc\u015eME TEHL\u0130KES\u0130NE KAR\u015eI \u00d6NLEM<\/strong><\/p>\n<p>1 Kas\u0131m 2021\u2019de 4\u2019\u00fcnc\u00fc kez ziyarete kapat\u0131lan manast\u0131r giri\u015finde tehlike olu\u015fturan 360 tonluk kaya k\u00fctlesi, \u00e7elik a\u011f ile boh\u00e7alama y\u00f6ntemiyle yerine sabitlendi ancak kaya blokunda s\u00fcren risk nedeniyle yeni bir tedbirin al\u0131nmas\u0131 kararla\u015ft\u0131r\u0131ld\u0131. Bunun \u00fczerine manast\u0131r\u0131n giri\u015f kap\u0131s\u0131n\u0131n \u00fczerinde yer alan kaya bloku, 16 metrelik \u00e7elik kaz\u0131klarla yamaca sabitlendi. Manast\u0131r\u2019da ince restorasyon kapsam\u0131nda s\u0131zan y\u00fczey sular\u0131 nedeniyle tahrip olan fresklerde onar\u0131ld\u0131. 14 restorat\u00f6r ve kimyagerden olu\u015fan grup i\u011fneyle kuyu kazar gibi analiz yaparak, su yollar\u0131n\u0131 de\u011fi\u015ftirip freskleri onard\u0131. Restorasyon, \u00e7evre d\u00fczenlemesi, kayal\u0131klar\u0131n jeolojik ve jeoteknik bak\u0131mdan ara\u015ft\u0131r\u0131lmas\u0131 ve g\u00fc\u00e7lendirilmesi projesi tamamlanan manast\u0131r\u0131n kap\u0131lar\u0131, 6 y\u0131l sonra t\u00fcm alanlar\u0131 ile 1 May\u0131s\u2019ta ziyaret\u00e7ilere a\u00e7\u0131ld\u0131.<\/p>\n<p><strong>SAKLI ALANLAR G\u00dcN Y\u00dcZ\u00dcNE \u00c7IKTI<\/strong><\/p>\n<p>Manast\u0131rdaki restorasyon s\u0131ras\u0131nda sakl\u0131 mekanlar da g\u00fcn y\u00fcz\u00fcne \u00e7\u0131kar\u0131ld\u0131. Ana Kaya Kilisesi\u2019nin sa\u011f\u0131nda yer alan 10 \u015fapel, \u00e7an kulesi, misafirhane, ke\u015fi\u015f ve \u00f6\u011frenci odalar\u0131, mahzen ve benzeri yap\u0131lar manast\u0131r tarihinde ilk kez t\u00fcm alanlar\u0131yla ziyarete a\u00e7\u0131lm\u0131\u015f oldu. Restorasyon s\u0131ras\u0131nda ke\u015ffedilen gizli \u015fapele ise ula\u015fma \u00e7al\u0131\u015fmalar\u0131 s\u00fcr\u00fcyor. Patika yolla ula\u015f\u0131lacak \u015fapel, restorasyonun ard\u0131ndan ziyarete a\u00e7\u0131lacak. Demir\u00f6ren Haber Ajans\u0131 (DHA) taraf\u0131ndan g\u00f6r\u00fcnt\u00fclenen sakl\u0131 mekanlarda yerli-yabanc\u0131 ziyaret\u00e7iler a\u011f\u0131rlan\u0131yor.<\/p>\n<p><strong>\u015eA\u0130R T\u00dcRK\u00dcLERLE KAR\u015eILIYOR<\/strong><\/p>\n<p>Manast\u0131ra gelenler ara\u00e7lar\u0131n\u0131 otoparka b\u0131rakt\u0131ktan sonra toplu ta\u015f\u0131ma ara\u00e7lar\u0131 ile tarihi mekan\u0131n giri\u015fine ta\u015f\u0131n\u0131yor. Burada kemen\u00e7e \u00e7alan y\u00f6re \u015fairi taraf\u0131ndan t\u00fcrk\u00fclerle kar\u015f\u0131lanan ziyaret\u00e7iler, zemini ah\u015fap kapl\u0131 patika yol ve merdivenleri t\u0131rmanarak manast\u0131ra ula\u015f\u0131yor. Manast\u0131ra girenler dola\u015ft\u0131klar\u0131 alanlarda hem g\u00f6revliler hem de kurulan ekranlar arac\u0131l\u0131\u011f\u0131 ile tarihi yap\u0131 hakk\u0131nda bilgilendiriliyor.<\/p>\n<p><strong>\u2018TAR\u0130H\u0130 DOKU KORUNMU\u015e\u2019<\/strong><\/p>\n<p>Manast\u0131r\u0131 ziyarete gelen Gamze Pelin Atalay, \u201c\u00c7ok eski halini de hat\u0131rl\u0131yorum. 10 \u00f6nce de gelmi\u015ftim buraya. O g\u00fcnden bu zamana kadar bak\u0131ld\u0131\u011f\u0131nda \u00e7ok de\u011fi\u015fiklik olmu\u015f. Yeni odalar ziyaret\u00e7ilere a\u00e7\u0131lm\u0131\u015f. Eskiden daha dar bir alan i\u00e7erisinde gezimizi sonland\u0131r\u0131yorduk. Gezebildi\u011fimiz alan nereden baksan\u0131z eskiye nazaran 5 kat\u0131na \u00e7\u0131kt\u0131. Tarihi doku da korunmu\u015f\u201d dedi.<\/p>\n<p>\u0130stanbul\u2019dan manast\u0131r\u0131 g\u00f6rmeye gelen Kani \u00c7olak da \u201cBen en son 8 y\u0131l \u00f6nce manast\u0131ra gelmi\u015ftim. \u00c7ok g\u00fczel de\u011fi\u015fiklikler olmu\u015f. \u00c7ok g\u00fczel bir atmosferi var buran\u0131n. \u00c7ok daha g\u00fcvenli bir hale getirilip \u00e7ok daha geni\u015f alan\u0131 ziyaret etme f\u0131rsat\u0131 sunmu\u015flar\u201d diye konu\u015ftu.<\/p>\n<p>Alican Demir ise \u201cGezmek i\u00e7in \u00e7ok alan\u0131m\u0131z a\u00e7\u0131ld\u0131. Fresklerin \u00fczeri kapal\u0131yd\u0131. \u015eimdi onlar\u0131 da a\u00e7t\u0131lar. Freskleri g\u00f6rme f\u0131rsat\u0131m\u0131z oldu\u201d dedi.<\/p>\n<p><strong>S\u00dcMELA MANASTIRI<\/strong><\/p>\n<p>Yakla\u015f\u0131k 300 metre y\u00fckseklikteki ormanda kayalar\u0131n oyulmas\u0131yla yap\u0131lan S\u00fcmela Manast\u0131r\u0131, halk aras\u0131nda \u2018Meryem Ana\u2019 ad\u0131yla da biliniyor. Hakk\u0131nda \u00e7e\u015fitli rivayetler de bulunan ve kurulu\u015fu bilimsel verilere g\u00f6re, 13\u2019\u00fcnc\u00fc y\u00fczy\u0131la uzanan tarihi manast\u0131rda, hizmet birimleri, misafirhane, mutfak ve ayazman\u0131n d\u0131\u015f\u0131nda toplam 72 oda bulunuyor. 2010\u2019da binlerce ki\u015finin kat\u0131l\u0131m\u0131yla d\u00fczenlenen ayini, Fener Rum Patri\u011fi Bartholomeos y\u00f6netti.<\/p>\n<hr \/>\n<p><em><strong><a href=\"https:\/\/www.hurriyet.com.tr\/gundem\/sumelada-gun-yuzune-cikan-sakli-mekanlara-akin-42059459\" target=\"_blank\" rel=\"noopener noreferrer\">H\u00fcrriyet Gazetesi<\/a>\u00a0<\/strong><\/em><\/p>\n","protected":false},"excerpt":{"rendered":"<p>Muhammet KA\u00c7AR- Aleyna KESK\u0130N\/ MA\u00c7KA (Trabzon), (DHA) T\u00fcrkiye\u2019nin \u00f6nemli tarihi ve turistik mekanlar\u0131ndan S\u00fcmela Manast\u0131r\u0131\u2019nda 6 y\u0131ld\u0131r s\u00fcren yama\u00e7 \u0131slah\u0131 ve restorasyon s\u0131ras\u0131nda g\u00fcn y\u00fcz\u00fcne \u00e7\u0131kar\u0131lan \u015fapeller, ke\u015fi\u015f ve \u00f6\u011frenci odalar\u0131, \u00e7an kulesi, \u00e7ilehane, misafirhaneler ve mahzenlerden olu\u015fan sakl\u0131 mekanlar, manast\u0131r tarihinde ilk kez t\u00fcm alanlar\u0131 ile ziyarete a\u00e7\u0131ld\u0131. Yerli-yabanc\u0131 ziyaret\u00e7ilerin a\u011f\u0131rland\u0131\u011f\u0131 manast\u0131rda restorasyon s\u0131ras\u0131nda [&hellip;]<\/p>\n","protected":false},"author":7,"featured_media":68485,"comment_status":"open","ping_status":"open","sticky":false,"template":"","format":"standard","meta":{"footnotes":""},"categories":[1],"tags":[],"class_list":["post-68484","post","type-post","status-publish","format-standard","has-post-thumbnail","hentry","category-haberler"],"yoast_head":"<!-- This site is optimized with the Yoast SEO plugin v27.4 - https:\/\/yoast.com\/product\/yoast-seo-wordpress\/ -->\n<title>S\u00fcmela\u2019da g\u00fcn y\u00fcz\u00fcne \u00e7\u0131kan sakl\u0131 mekanlara ak\u0131n - Bati Ermenistan Ve Bati Ermenileri Sorunlari Ara\u015ftirmalar Merkezi<\/title>\n<meta name=\"robots\" content=\"index, follow, max-snippet:-1, max-image-preview:large, max-video-preview:-1\" \/>\n<link rel=\"canonical\" href=\"https:\/\/akunq.net\/tr\/?p=68484\" \/>\n<meta property=\"og:locale\" content=\"en_US\" \/>\n<meta property=\"og:type\" content=\"article\" \/>\n<meta property=\"og:title\" content=\"S\u00fcmela\u2019da g\u00fcn y\u00fcz\u00fcne \u00e7\u0131kan sakl\u0131 mekanlara ak\u0131n - Bati Ermenistan Ve Bati Ermenileri Sorunlari Ara\u015ftirmalar Merkezi\" \/>\n<meta property=\"og:description\" content=\"Muhammet KA\u00c7AR- Aleyna KESK\u0130N\/ MA\u00c7KA (Trabzon), (DHA) T\u00fcrkiye\u2019nin \u00f6nemli tarihi ve turistik mekanlar\u0131ndan S\u00fcmela Manast\u0131r\u0131\u2019nda 6 y\u0131ld\u0131r s\u00fcren yama\u00e7 \u0131slah\u0131 ve restorasyon s\u0131ras\u0131nda g\u00fcn y\u00fcz\u00fcne \u00e7\u0131kar\u0131lan \u015fapeller, ke\u015fi\u015f ve \u00f6\u011frenci odalar\u0131, \u00e7an kulesi, \u00e7ilehane, misafirhaneler ve mahzenlerden olu\u015fan sakl\u0131 mekanlar, manast\u0131r tarihinde ilk kez t\u00fcm alanlar\u0131 ile ziyarete a\u00e7\u0131ld\u0131. Yerli-yabanc\u0131 ziyaret\u00e7ilerin a\u011f\u0131rland\u0131\u011f\u0131 manast\u0131rda restorasyon s\u0131ras\u0131nda [&hellip;]\" \/>\n<meta property=\"og:url\" content=\"https:\/\/akunq.net\/tr\/?p=68484\" \/>\n<meta property=\"og:site_name\" content=\"Bati Ermenistan Ve Bati Ermenileri Sorunlari Ara\u015ftirmalar Merkezi\" \/>\n<meta property=\"article:published_time\" content=\"2022-05-12T07:11:19+00:00\" \/>\n<meta property=\"og:image\" content=\"https:\/\/akunq.net\/tr\/wp-content\/uploads\/sites\/6\/2022\/05\/Sumela.jpg\" \/>\n\t<meta property=\"og:image:width\" content=\"700\" \/>\n\t<meta property=\"og:image:height\" content=\"500\" \/>\n\t<meta property=\"og:image:type\" content=\"image\/jpeg\" \/>\n<meta name=\"author\" content=\"admin\" \/>\n<meta name=\"twitter:card\" content=\"summary_large_image\" \/>\n<meta name=\"twitter:label1\" content=\"Written by\" \/>\n\t<meta name=\"twitter:data1\" content=\"admin\" \/>\n\t<meta name=\"twitter:label2\" content=\"Est. reading time\" \/>\n\t<meta name=\"twitter:data2\" content=\"4 minutes\" \/>\n<script type=\"application\/ld+json\" class=\"yoast-schema-graph\">{\"@context\":\"https:\\\/\\\/schema.org\",\"@graph\":[{\"@type\":\"Article\",\"@id\":\"https:\\\/\\\/akunq.net\\\/tr\\\/?p=68484#article\",\"isPartOf\":{\"@id\":\"https:\\\/\\\/akunq.net\\\/tr\\\/?p=68484\"},\"author\":{\"name\":\"admin\",\"@id\":\"https:\\\/\\\/akunq.net\\\/tr\\\/#\\\/schema\\\/person\\\/096f1d38a12cce57fb855b485ed24c9e\"},\"headline\":\"S\u00fcmela\u2019da g\u00fcn y\u00fcz\u00fcne \u00e7\u0131kan sakl\u0131 mekanlara ak\u0131n\",\"datePublished\":\"2022-05-12T07:11:19+00:00\",\"mainEntityOfPage\":{\"@id\":\"https:\\\/\\\/akunq.net\\\/tr\\\/?p=68484\"},\"wordCount\":815,\"commentCount\":0,\"image\":{\"@id\":\"https:\\\/\\\/akunq.net\\\/tr\\\/?p=68484#primaryimage\"},\"thumbnailUrl\":\"https:\\\/\\\/akunq.net\\\/tr\\\/wp-content\\\/uploads\\\/sites\\\/6\\\/2022\\\/05\\\/Sumela.jpg\",\"articleSection\":[\"Haberler\"],\"inLanguage\":\"en-US\",\"potentialAction\":[{\"@type\":\"CommentAction\",\"name\":\"Comment\",\"target\":[\"https:\\\/\\\/akunq.net\\\/tr\\\/?p=68484#respond\"]}]},{\"@type\":\"WebPage\",\"@id\":\"https:\\\/\\\/akunq.net\\\/tr\\\/?p=68484\",\"url\":\"https:\\\/\\\/akunq.net\\\/tr\\\/?p=68484\",\"name\":\"S\u00fcmela\u2019da g\u00fcn y\u00fcz\u00fcne \u00e7\u0131kan sakl\u0131 mekanlara ak\u0131n - Bati Ermenistan Ve Bati Ermenileri Sorunlari Ara\u015ftirmalar Merkezi\",\"isPartOf\":{\"@id\":\"https:\\\/\\\/akunq.net\\\/tr\\\/#website\"},\"primaryImageOfPage\":{\"@id\":\"https:\\\/\\\/akunq.net\\\/tr\\\/?p=68484#primaryimage\"},\"image\":{\"@id\":\"https:\\\/\\\/akunq.net\\\/tr\\\/?p=68484#primaryimage\"},\"thumbnailUrl\":\"https:\\\/\\\/akunq.net\\\/tr\\\/wp-content\\\/uploads\\\/sites\\\/6\\\/2022\\\/05\\\/Sumela.jpg\",\"datePublished\":\"2022-05-12T07:11:19+00:00\",\"author\":{\"@id\":\"https:\\\/\\\/akunq.net\\\/tr\\\/#\\\/schema\\\/person\\\/096f1d38a12cce57fb855b485ed24c9e\"},\"breadcrumb\":{\"@id\":\"https:\\\/\\\/akunq.net\\\/tr\\\/?p=68484#breadcrumb\"},\"inLanguage\":\"en-US\",\"potentialAction\":[{\"@type\":\"ReadAction\",\"target\":[\"https:\\\/\\\/akunq.net\\\/tr\\\/?p=68484\"]}]},{\"@type\":\"ImageObject\",\"inLanguage\":\"en-US\",\"@id\":\"https:\\\/\\\/akunq.net\\\/tr\\\/?p=68484#primaryimage\",\"url\":\"https:\\\/\\\/akunq.net\\\/tr\\\/wp-content\\\/uploads\\\/sites\\\/6\\\/2022\\\/05\\\/Sumela.jpg\",\"contentUrl\":\"https:\\\/\\\/akunq.net\\\/tr\\\/wp-content\\\/uploads\\\/sites\\\/6\\\/2022\\\/05\\\/Sumela.jpg\",\"width\":700,\"height\":500},{\"@type\":\"BreadcrumbList\",\"@id\":\"https:\\\/\\\/akunq.net\\\/tr\\\/?p=68484#breadcrumb\",\"itemListElement\":[{\"@type\":\"ListItem\",\"position\":1,\"name\":\"Home\",\"item\":\"https:\\\/\\\/akunq.net\\\/tr\"},{\"@type\":\"ListItem\",\"position\":2,\"name\":\"S\u00fcmela\u2019da g\u00fcn y\u00fcz\u00fcne \u00e7\u0131kan sakl\u0131 mekanlara ak\u0131n\"}]},{\"@type\":\"WebSite\",\"@id\":\"https:\\\/\\\/akunq.net\\\/tr\\\/#website\",\"url\":\"https:\\\/\\\/akunq.net\\\/tr\\\/\",\"name\":\"Bati Ermenistan Ve Bati Ermenileri Sorunlari Ara\u015ftirmalar Merkezi\",\"description\":\"\",\"potentialAction\":[{\"@type\":\"SearchAction\",\"target\":{\"@type\":\"EntryPoint\",\"urlTemplate\":\"https:\\\/\\\/akunq.net\\\/tr\\\/?s={search_term_string}\"},\"query-input\":{\"@type\":\"PropertyValueSpecification\",\"valueRequired\":true,\"valueName\":\"search_term_string\"}}],\"inLanguage\":\"en-US\"},{\"@type\":\"Person\",\"@id\":\"https:\\\/\\\/akunq.net\\\/tr\\\/#\\\/schema\\\/person\\\/096f1d38a12cce57fb855b485ed24c9e\",\"name\":\"admin\",\"url\":\"https:\\\/\\\/akunq.net\\\/tr\\\/?author=7\"}]}<\/script>\n<!-- \/ Yoast SEO plugin. -->","yoast_head_json":{"title":"S\u00fcmela\u2019da g\u00fcn y\u00fcz\u00fcne \u00e7\u0131kan sakl\u0131 mekanlara ak\u0131n - Bati Ermenistan Ve Bati Ermenileri Sorunlari Ara\u015ftirmalar Merkezi","robots":{"index":"index","follow":"follow","max-snippet":"max-snippet:-1","max-image-preview":"max-image-preview:large","max-video-preview":"max-video-preview:-1"},"canonical":"https:\/\/akunq.net\/tr\/?p=68484","og_locale":"en_US","og_type":"article","og_title":"S\u00fcmela\u2019da g\u00fcn y\u00fcz\u00fcne \u00e7\u0131kan sakl\u0131 mekanlara ak\u0131n - Bati Ermenistan Ve Bati Ermenileri Sorunlari Ara\u015ftirmalar Merkezi","og_description":"Muhammet KA\u00c7AR- Aleyna KESK\u0130N\/ MA\u00c7KA (Trabzon), (DHA) T\u00fcrkiye\u2019nin \u00f6nemli tarihi ve turistik mekanlar\u0131ndan S\u00fcmela Manast\u0131r\u0131\u2019nda 6 y\u0131ld\u0131r s\u00fcren yama\u00e7 \u0131slah\u0131 ve restorasyon s\u0131ras\u0131nda g\u00fcn y\u00fcz\u00fcne \u00e7\u0131kar\u0131lan \u015fapeller, ke\u015fi\u015f ve \u00f6\u011frenci odalar\u0131, \u00e7an kulesi, \u00e7ilehane, misafirhaneler ve mahzenlerden olu\u015fan sakl\u0131 mekanlar, manast\u0131r tarihinde ilk kez t\u00fcm alanlar\u0131 ile ziyarete a\u00e7\u0131ld\u0131. Yerli-yabanc\u0131 ziyaret\u00e7ilerin a\u011f\u0131rland\u0131\u011f\u0131 manast\u0131rda restorasyon s\u0131ras\u0131nda [&hellip;]","og_url":"https:\/\/akunq.net\/tr\/?p=68484","og_site_name":"Bati Ermenistan Ve Bati Ermenileri Sorunlari Ara\u015ftirmalar Merkezi","article_published_time":"2022-05-12T07:11:19+00:00","og_image":[{"width":700,"height":500,"url":"https:\/\/akunq.net\/tr\/wp-content\/uploads\/sites\/6\/2022\/05\/Sumela.jpg","type":"image\/jpeg"}],"author":"admin","twitter_card":"summary_large_image","twitter_misc":{"Written by":"admin","Est. reading time":"4 minutes"},"schema":{"@context":"https:\/\/schema.org","@graph":[{"@type":"Article","@id":"https:\/\/akunq.net\/tr\/?p=68484#article","isPartOf":{"@id":"https:\/\/akunq.net\/tr\/?p=68484"},"author":{"name":"admin","@id":"https:\/\/akunq.net\/tr\/#\/schema\/person\/096f1d38a12cce57fb855b485ed24c9e"},"headline":"S\u00fcmela\u2019da g\u00fcn y\u00fcz\u00fcne \u00e7\u0131kan sakl\u0131 mekanlara ak\u0131n","datePublished":"2022-05-12T07:11:19+00:00","mainEntityOfPage":{"@id":"https:\/\/akunq.net\/tr\/?p=68484"},"wordCount":815,"commentCount":0,"image":{"@id":"https:\/\/akunq.net\/tr\/?p=68484#primaryimage"},"thumbnailUrl":"https:\/\/akunq.net\/tr\/wp-content\/uploads\/sites\/6\/2022\/05\/Sumela.jpg","articleSection":["Haberler"],"inLanguage":"en-US","potentialAction":[{"@type":"CommentAction","name":"Comment","target":["https:\/\/akunq.net\/tr\/?p=68484#respond"]}]},{"@type":"WebPage","@id":"https:\/\/akunq.net\/tr\/?p=68484","url":"https:\/\/akunq.net\/tr\/?p=68484","name":"S\u00fcmela\u2019da g\u00fcn y\u00fcz\u00fcne \u00e7\u0131kan sakl\u0131 mekanlara ak\u0131n - Bati Ermenistan Ve Bati Ermenileri Sorunlari Ara\u015ftirmalar Merkezi","isPartOf":{"@id":"https:\/\/akunq.net\/tr\/#website"},"primaryImageOfPage":{"@id":"https:\/\/akunq.net\/tr\/?p=68484#primaryimage"},"image":{"@id":"https:\/\/akunq.net\/tr\/?p=68484#primaryimage"},"thumbnailUrl":"https:\/\/akunq.net\/tr\/wp-content\/uploads\/sites\/6\/2022\/05\/Sumela.jpg","datePublished":"2022-05-12T07:11:19+00:00","author":{"@id":"https:\/\/akunq.net\/tr\/#\/schema\/person\/096f1d38a12cce57fb855b485ed24c9e"},"breadcrumb":{"@id":"https:\/\/akunq.net\/tr\/?p=68484#breadcrumb"},"inLanguage":"en-US","potentialAction":[{"@type":"ReadAction","target":["https:\/\/akunq.net\/tr\/?p=68484"]}]},{"@type":"ImageObject","inLanguage":"en-US","@id":"https:\/\/akunq.net\/tr\/?p=68484#primaryimage","url":"https:\/\/akunq.net\/tr\/wp-content\/uploads\/sites\/6\/2022\/05\/Sumela.jpg","contentUrl":"https:\/\/akunq.net\/tr\/wp-content\/uploads\/sites\/6\/2022\/05\/Sumela.jpg","width":700,"height":500},{"@type":"BreadcrumbList","@id":"https:\/\/akunq.net\/tr\/?p=68484#breadcrumb","itemListElement":[{"@type":"ListItem","position":1,"name":"Home","item":"https:\/\/akunq.net\/tr"},{"@type":"ListItem","position":2,"name":"S\u00fcmela\u2019da g\u00fcn y\u00fcz\u00fcne \u00e7\u0131kan sakl\u0131 mekanlara ak\u0131n"}]},{"@type":"WebSite","@id":"https:\/\/akunq.net\/tr\/#website","url":"https:\/\/akunq.net\/tr\/","name":"Bati Ermenistan Ve Bati Ermenileri Sorunlari Ara\u015ftirmalar Merkezi","description":"","potentialAction":[{"@type":"SearchAction","target":{"@type":"EntryPoint","urlTemplate":"https:\/\/akunq.net\/tr\/?s={search_term_string}"},"query-input":{"@type":"PropertyValueSpecification","valueRequired":true,"valueName":"search_term_string"}}],"inLanguage":"en-US"},{"@type":"Person","@id":"https:\/\/akunq.net\/tr\/#\/schema\/person\/096f1d38a12cce57fb855b485ed24c9e","name":"admin","url":"https:\/\/akunq.net\/tr\/?author=7"}]}},"_links":{"self":[{"href":"https:\/\/akunq.net\/tr\/index.php?rest_route=\/wp\/v2\/posts\/68484","targetHints":{"allow":["GET"]}}],"collection":[{"href":"https:\/\/akunq.net\/tr\/index.php?rest_route=\/wp\/v2\/posts"}],"about":[{"href":"https:\/\/akunq.net\/tr\/index.php?rest_route=\/wp\/v2\/types\/post"}],"author":[{"embeddable":true,"href":"https:\/\/akunq.net\/tr\/index.php?rest_route=\/wp\/v2\/users\/7"}],"replies":[{"embeddable":true,"href":"https:\/\/akunq.net\/tr\/index.php?rest_route=%2Fwp%2Fv2%2Fcomments&post=68484"}],"version-history":[{"count":1,"href":"https:\/\/akunq.net\/tr\/index.php?rest_route=\/wp\/v2\/posts\/68484\/revisions"}],"predecessor-version":[{"id":68486,"href":"https:\/\/akunq.net\/tr\/index.php?rest_route=\/wp\/v2\/posts\/68484\/revisions\/68486"}],"wp:featuredmedia":[{"embeddable":true,"href":"https:\/\/akunq.net\/tr\/index.php?rest_route=\/wp\/v2\/media\/68485"}],"wp:attachment":[{"href":"https:\/\/akunq.net\/tr\/index.php?rest_route=%2Fwp%2Fv2%2Fmedia&parent=68484"}],"wp:term":[{"taxonomy":"category","embeddable":true,"href":"https:\/\/akunq.net\/tr\/index.php?rest_route=%2Fwp%2Fv2%2Fcategories&post=68484"},{"taxonomy":"post_tag","embeddable":true,"href":"https:\/\/akunq.net\/tr\/index.php?rest_route=%2Fwp%2Fv2%2Ftags&post=68484"}],"curies":[{"name":"wp","href":"https:\/\/api.w.org\/{rel}","templated":true}]}}