{"id":68478,"date":"2022-05-12T01:40:45","date_gmt":"2022-05-12T06:40:45","guid":{"rendered":"https:\/\/akunq.net\/tr\/?p=68478"},"modified":"2022-05-12T01:40:45","modified_gmt":"2022-05-12T06:40:45","slug":"van-golundeki-cekilmeyle-carpanak-adasina-giden-antik-yolun-buyuk-bolumu-ortaya-cikti","status":"publish","type":"post","link":"https:\/\/akunq.net\/tr\/?p=68478","title":{"rendered":"Van G\u00f6l\u00fc\u2019ndeki \u00e7ekilmeyle \u00c7arpanak Adas\u0131\u2019na giden antik yolun b\u00fcy\u00fck b\u00f6l\u00fcm\u00fc ortaya \u00e7\u0131kt\u0131"},"content":{"rendered":"<p><img loading=\"lazy\" decoding=\"async\" class=\"size-medium wp-image-68479\" src=\"https:\/\/akunq.net\/tr\/wp-content\/uploads\/2022\/05\/\u00c7arpanak-360x240.jpg\" alt=\"\" width=\"360\" height=\"240\" srcset=\"https:\/\/akunq.net\/tr\/wp-content\/uploads\/sites\/6\/2022\/05\/\u00c7arpanak-360x240.jpg 360w, https:\/\/akunq.net\/tr\/wp-content\/uploads\/sites\/6\/2022\/05\/\u00c7arpanak-768x512.jpg 768w, https:\/\/akunq.net\/tr\/wp-content\/uploads\/sites\/6\/2022\/05\/\u00c7arpanak-560x374.jpg 560w, https:\/\/akunq.net\/tr\/wp-content\/uploads\/sites\/6\/2022\/05\/\u00c7arpanak-260x173.jpg 260w, https:\/\/akunq.net\/tr\/wp-content\/uploads\/sites\/6\/2022\/05\/\u00c7arpanak-160x107.jpg 160w, https:\/\/akunq.net\/tr\/wp-content\/uploads\/sites\/6\/2022\/05\/\u00c7arpanak.jpg 1120w\" sizes=\"auto, (max-width: 360px) 100vw, 360px\" \/><\/p>\n<p><em><strong>A\u015f\u0131r\u0131 buharla\u015fma ve ge\u00e7en y\u0131l ya\u011f\u0131\u015flar\u0131n azalmas\u0131 sonucu son zamanlar\u0131n en b\u00fcy\u00fck su kayb\u0131n\u0131n ya\u015fand\u0131\u011f\u0131 Van G\u00f6l\u00fc\u2019nde \u00e7ekilmeyle tarihi yap\u0131lar ve binlerce y\u0131lda olu\u015fan mikrobiyalitler su \u00fcst\u00fcnde g\u00f6r\u00fclmeye ba\u015flad\u0131.G\u00f6ldeki 4 b\u00fcy\u00fck adadan biri olan, Ktouts Manast\u0131r\u0131 ve do\u011fas\u0131yla \u00e7ok say\u0131da ziyaret\u00e7i a\u011f\u0131rlayan \u00c7arpanak Adas\u0131\u2019n\u0131 karaya ba\u011flayan 1 kilometre uzunlu\u011fundaki yolun b\u00fcy\u00fck b\u00f6l\u00fcm\u00fc de \u00e7ekilmeyle kara par\u00e7as\u0131na d\u00f6n\u00fc\u015ft\u00fc.<\/strong><\/em><\/p>\n<p>Van Y\u00fcz\u00fcnc\u00fc Y\u0131l \u00dcniversitesi (YY\u00dc) Edebiyat Fak\u00fcltesi Arkeoloji B\u00f6l\u00fcm\u00fc Ba\u015fkan\u0131 Prof. Dr. Rafet \u00c7avu\u015fo\u011flu, AA muhabirine, eski ad\u0131 Tu\u015fba olan Van\u2019\u0131n Urartulara uzun y\u0131llar ba\u015fkentlik yapt\u0131\u011f\u0131n\u0131 s\u00f6yledi.Urartular\u0131n hem kara hem de deniz yoluyla Van G\u00f6l\u00fc etraf\u0131na ula\u015f\u0131m a\u011flar\u0131 kurdu\u011funu anlatan \u00c7avu\u015fo\u011flu, \u201cBu yollardan biri de Tu\u015fba\u2019dan ba\u015flay\u0131p, Kalecik, Topakta\u015f daha sonra da \u00c7arpanak Adas\u0131\u2019na kadar devam eden yol.<\/p>\n<p>\u00c7arpanak Adas\u0131\u2019ndaki kal\u0131nt\u0131lar yani \u00c7arpanak Kilisesi, Orta \u00c7a\u011f\u2019a ait. Buras\u0131 Antik \u00c7a\u011f\u2019da yar\u0131m ada \u015feklindeyken yolun seviyesi y\u00fckseltilerek ula\u015f\u0131m karadan sa\u011flanm\u0131\u015f. Asl\u0131nda Tu\u015fba\u2019dan ba\u015flay\u0131p g\u00f6l\u00fcn k\u0131y\u0131s\u0131ndan devam eden, kalelere ula\u015f\u0131m\u0131 sa\u011flayan bir yol. Ayan\u0131s ve Amik kalelerinden sahili takip ederek Muradiye\u2019ye kadar devam eden bir Urartu yolu s\u00f6z konusu.\u201d diye konu\u015ftu.<\/p>\n<p>\u00c7arpanak Adas\u0131\u2019na giden yolun zamanla su alt\u0131nda kald\u0131\u011f\u0131 bilgisini veren \u00c7avu\u015fo\u011flu, \u015funlar\u0131 kaydetti:\u201dBuradaki en \u00f6nemli husus 2021\u2019den sonra havalar\u0131n kurak ge\u00e7mesi sonucu Van G\u00f6l\u00fc su seviyesinin \u00e7ekilmesi. Bu nedenle mevcut yol daha net bir \u015fekilde g\u00f6r\u00fcl\u00fcyor. D\u00f6nem d\u00f6nem Van G\u00f6l\u00fc y\u00fckselip, al\u00e7al\u0131yor. En son 1994 y\u0131l\u0131ndaki y\u00fckselme sonras\u0131 bu yol daha \u00e7ok su alt\u0131nda kalm\u0131\u015ft\u0131. Tu\u015fba\u2019dan ba\u015flay\u0131p, g\u00f6l kenar\u0131nda kurulmu\u015f olan Urartu d\u00f6nemi kaleleri ve daha sonra Orta \u00c7a\u011f\u2019da devam eden yerle\u015fimlere kara yolundan ula\u015f\u0131m\u0131 sa\u011flamak amac\u0131yla yap\u0131lm\u0131\u015ft\u0131. Bir at arabas\u0131n\u0131n s\u0131\u011fabilece\u011fi geni\u015flikte yap\u0131lan ve hem \u00c7arpanak\u2019a erzak ve g\u00fcnl\u00fck ihtiya\u00e7lar\u0131n g\u00f6t\u00fcr\u00fclmesi hem de \u00c7arpanak\u2019tan geriye ta\u015f\u0131mac\u0131l\u0131k ve ula\u015f\u0131m\u0131n yap\u0131labilmesi amac\u0131yla in\u015fa edilmi\u015f antik bir yol. Havadan \u00e7ekilen g\u00f6r\u00fcnt\u00fclerde yolun ta\u015flar dizilerek yap\u0131ld\u0131\u011f\u0131, suyun zamanla yolu a\u015f\u0131nd\u0131rmas\u0131yla sadece ana ta\u015flar\u0131n kald\u0131\u011f\u0131 net bir \u015fekilde g\u00f6r\u00fcl\u00fcyor.&#8221;<code><br \/>\n<\/code><\/p>\n<p><em><strong><a href=\"https:\/\/www.aa.com.tr\/tr\/cevre\/van-golundeki-cekilmeyle-carpanak-adasina-giden-antik-yolun-buyuk-bolumu-ortaya-cikti\/2584731\" target=\"_blank\" rel=\"noopener noreferrer\">AA<\/a>\u00a0<\/strong><\/em><\/p>\n","protected":false},"excerpt":{"rendered":"<p>A\u015f\u0131r\u0131 buharla\u015fma ve ge\u00e7en y\u0131l ya\u011f\u0131\u015flar\u0131n azalmas\u0131 sonucu son zamanlar\u0131n en b\u00fcy\u00fck su kayb\u0131n\u0131n ya\u015fand\u0131\u011f\u0131 Van G\u00f6l\u00fc\u2019nde \u00e7ekilmeyle tarihi yap\u0131lar ve binlerce y\u0131lda olu\u015fan mikrobiyalitler su \u00fcst\u00fcnde g\u00f6r\u00fclmeye ba\u015flad\u0131.G\u00f6ldeki 4 b\u00fcy\u00fck adadan biri olan, Ktouts Manast\u0131r\u0131 ve do\u011fas\u0131yla \u00e7ok say\u0131da ziyaret\u00e7i a\u011f\u0131rlayan \u00c7arpanak Adas\u0131\u2019n\u0131 karaya ba\u011flayan 1 kilometre uzunlu\u011fundaki yolun b\u00fcy\u00fck b\u00f6l\u00fcm\u00fc de \u00e7ekilmeyle kara [&hellip;]<\/p>\n","protected":false},"author":7,"featured_media":68479,"comment_status":"open","ping_status":"open","sticky":false,"template":"","format":"standard","meta":{"footnotes":""},"categories":[22,1],"tags":[],"class_list":["post-68478","post","type-post","status-publish","format-standard","has-post-thumbnail","hentry","category-gunumuzde-bati-ermenistan","category-haberler"],"yoast_head":"<!-- This site is optimized with the Yoast SEO plugin v27.4 - https:\/\/yoast.com\/product\/yoast-seo-wordpress\/ -->\n<title>Van G\u00f6l\u00fc\u2019ndeki \u00e7ekilmeyle \u00c7arpanak Adas\u0131\u2019na giden antik yolun b\u00fcy\u00fck b\u00f6l\u00fcm\u00fc ortaya \u00e7\u0131kt\u0131 - Bati Ermenistan Ve Bati Ermenileri Sorunlari Ara\u015ftirmalar Merkezi<\/title>\n<meta name=\"robots\" content=\"index, follow, max-snippet:-1, max-image-preview:large, max-video-preview:-1\" \/>\n<link rel=\"canonical\" href=\"https:\/\/akunq.net\/tr\/?p=68478\" \/>\n<meta property=\"og:locale\" content=\"en_US\" \/>\n<meta property=\"og:type\" content=\"article\" \/>\n<meta property=\"og:title\" content=\"Van G\u00f6l\u00fc\u2019ndeki \u00e7ekilmeyle \u00c7arpanak Adas\u0131\u2019na giden antik yolun b\u00fcy\u00fck b\u00f6l\u00fcm\u00fc ortaya \u00e7\u0131kt\u0131 - Bati Ermenistan Ve Bati Ermenileri Sorunlari Ara\u015ftirmalar Merkezi\" \/>\n<meta property=\"og:description\" content=\"A\u015f\u0131r\u0131 buharla\u015fma ve ge\u00e7en y\u0131l ya\u011f\u0131\u015flar\u0131n azalmas\u0131 sonucu son zamanlar\u0131n en b\u00fcy\u00fck su kayb\u0131n\u0131n ya\u015fand\u0131\u011f\u0131 Van G\u00f6l\u00fc\u2019nde \u00e7ekilmeyle tarihi yap\u0131lar ve binlerce y\u0131lda olu\u015fan mikrobiyalitler su \u00fcst\u00fcnde g\u00f6r\u00fclmeye ba\u015flad\u0131.G\u00f6ldeki 4 b\u00fcy\u00fck adadan biri olan, Ktouts Manast\u0131r\u0131 ve do\u011fas\u0131yla \u00e7ok say\u0131da ziyaret\u00e7i a\u011f\u0131rlayan \u00c7arpanak Adas\u0131\u2019n\u0131 karaya ba\u011flayan 1 kilometre uzunlu\u011fundaki yolun b\u00fcy\u00fck b\u00f6l\u00fcm\u00fc de \u00e7ekilmeyle kara [&hellip;]\" \/>\n<meta property=\"og:url\" content=\"https:\/\/akunq.net\/tr\/?p=68478\" \/>\n<meta property=\"og:site_name\" content=\"Bati Ermenistan Ve Bati Ermenileri Sorunlari Ara\u015ftirmalar Merkezi\" \/>\n<meta property=\"article:published_time\" content=\"2022-05-12T06:40:45+00:00\" \/>\n<meta property=\"og:image\" content=\"https:\/\/akunq.net\/tr\/wp-content\/uploads\/sites\/6\/2022\/05\/\u00c7arpanak.jpg\" \/>\n\t<meta property=\"og:image:width\" content=\"1120\" \/>\n\t<meta property=\"og:image:height\" content=\"747\" \/>\n\t<meta property=\"og:image:type\" content=\"image\/jpeg\" \/>\n<meta name=\"author\" content=\"admin\" \/>\n<meta name=\"twitter:card\" content=\"summary_large_image\" \/>\n<meta name=\"twitter:label1\" content=\"Written by\" \/>\n\t<meta name=\"twitter:data1\" content=\"admin\" \/>\n\t<meta name=\"twitter:label2\" content=\"Est. reading time\" \/>\n\t<meta name=\"twitter:data2\" content=\"2 minutes\" \/>\n<script type=\"application\/ld+json\" class=\"yoast-schema-graph\">{\"@context\":\"https:\\\/\\\/schema.org\",\"@graph\":[{\"@type\":\"Article\",\"@id\":\"https:\\\/\\\/akunq.net\\\/tr\\\/?p=68478#article\",\"isPartOf\":{\"@id\":\"https:\\\/\\\/akunq.net\\\/tr\\\/?p=68478\"},\"author\":{\"name\":\"admin\",\"@id\":\"https:\\\/\\\/akunq.net\\\/tr\\\/#\\\/schema\\\/person\\\/096f1d38a12cce57fb855b485ed24c9e\"},\"headline\":\"Van G\u00f6l\u00fc\u2019ndeki \u00e7ekilmeyle \u00c7arpanak Adas\u0131\u2019na giden antik yolun b\u00fcy\u00fck b\u00f6l\u00fcm\u00fc ortaya \u00e7\u0131kt\u0131\",\"datePublished\":\"2022-05-12T06:40:45+00:00\",\"mainEntityOfPage\":{\"@id\":\"https:\\\/\\\/akunq.net\\\/tr\\\/?p=68478\"},\"wordCount\":476,\"commentCount\":0,\"image\":{\"@id\":\"https:\\\/\\\/akunq.net\\\/tr\\\/?p=68478#primaryimage\"},\"thumbnailUrl\":\"https:\\\/\\\/akunq.net\\\/tr\\\/wp-content\\\/uploads\\\/sites\\\/6\\\/2022\\\/05\\\/\u00c7arpanak.jpg\",\"articleSection\":[\"G\u00fcn\u00fcm\u00fczde Bat\u0131 Ermenistan\",\"Haberler\"],\"inLanguage\":\"en-US\",\"potentialAction\":[{\"@type\":\"CommentAction\",\"name\":\"Comment\",\"target\":[\"https:\\\/\\\/akunq.net\\\/tr\\\/?p=68478#respond\"]}]},{\"@type\":\"WebPage\",\"@id\":\"https:\\\/\\\/akunq.net\\\/tr\\\/?p=68478\",\"url\":\"https:\\\/\\\/akunq.net\\\/tr\\\/?p=68478\",\"name\":\"Van G\u00f6l\u00fc\u2019ndeki \u00e7ekilmeyle \u00c7arpanak Adas\u0131\u2019na giden antik yolun b\u00fcy\u00fck b\u00f6l\u00fcm\u00fc ortaya \u00e7\u0131kt\u0131 - Bati Ermenistan Ve Bati Ermenileri Sorunlari Ara\u015ftirmalar Merkezi\",\"isPartOf\":{\"@id\":\"https:\\\/\\\/akunq.net\\\/tr\\\/#website\"},\"primaryImageOfPage\":{\"@id\":\"https:\\\/\\\/akunq.net\\\/tr\\\/?p=68478#primaryimage\"},\"image\":{\"@id\":\"https:\\\/\\\/akunq.net\\\/tr\\\/?p=68478#primaryimage\"},\"thumbnailUrl\":\"https:\\\/\\\/akunq.net\\\/tr\\\/wp-content\\\/uploads\\\/sites\\\/6\\\/2022\\\/05\\\/\u00c7arpanak.jpg\",\"datePublished\":\"2022-05-12T06:40:45+00:00\",\"author\":{\"@id\":\"https:\\\/\\\/akunq.net\\\/tr\\\/#\\\/schema\\\/person\\\/096f1d38a12cce57fb855b485ed24c9e\"},\"breadcrumb\":{\"@id\":\"https:\\\/\\\/akunq.net\\\/tr\\\/?p=68478#breadcrumb\"},\"inLanguage\":\"en-US\",\"potentialAction\":[{\"@type\":\"ReadAction\",\"target\":[\"https:\\\/\\\/akunq.net\\\/tr\\\/?p=68478\"]}]},{\"@type\":\"ImageObject\",\"inLanguage\":\"en-US\",\"@id\":\"https:\\\/\\\/akunq.net\\\/tr\\\/?p=68478#primaryimage\",\"url\":\"https:\\\/\\\/akunq.net\\\/tr\\\/wp-content\\\/uploads\\\/sites\\\/6\\\/2022\\\/05\\\/\u00c7arpanak.jpg\",\"contentUrl\":\"https:\\\/\\\/akunq.net\\\/tr\\\/wp-content\\\/uploads\\\/sites\\\/6\\\/2022\\\/05\\\/\u00c7arpanak.jpg\",\"width\":1120,\"height\":747,\"caption\":\"Van'da ge\u00e7en y\u0131l etkili olan kurakl\u0131k ve k\u00fcresel iklim de\u011fi\u015fikli\u011fi nedeniyle seviyesinde azalma ya\u015fanan Van G\u00f6l\u00fc'nde, \u00c7arpanak Adas\u0131'na ula\u015f\u0131m\u0131n sa\u011flanmas\u0131 i\u00e7in yap\u0131lan 1 kilometrelik antik yolun b\u00fcy\u00fck b\u00f6l\u00fcm\u00fc ortaya \u00e7\u0131kt\u0131. ( \u00d6zkan Bilgin - Anadolu Ajans\u0131 )\"},{\"@type\":\"BreadcrumbList\",\"@id\":\"https:\\\/\\\/akunq.net\\\/tr\\\/?p=68478#breadcrumb\",\"itemListElement\":[{\"@type\":\"ListItem\",\"position\":1,\"name\":\"Home\",\"item\":\"https:\\\/\\\/akunq.net\\\/tr\"},{\"@type\":\"ListItem\",\"position\":2,\"name\":\"Van G\u00f6l\u00fc\u2019ndeki \u00e7ekilmeyle \u00c7arpanak Adas\u0131\u2019na giden antik yolun b\u00fcy\u00fck b\u00f6l\u00fcm\u00fc ortaya \u00e7\u0131kt\u0131\"}]},{\"@type\":\"WebSite\",\"@id\":\"https:\\\/\\\/akunq.net\\\/tr\\\/#website\",\"url\":\"https:\\\/\\\/akunq.net\\\/tr\\\/\",\"name\":\"Bati Ermenistan Ve Bati Ermenileri Sorunlari Ara\u015ftirmalar Merkezi\",\"description\":\"\",\"potentialAction\":[{\"@type\":\"SearchAction\",\"target\":{\"@type\":\"EntryPoint\",\"urlTemplate\":\"https:\\\/\\\/akunq.net\\\/tr\\\/?s={search_term_string}\"},\"query-input\":{\"@type\":\"PropertyValueSpecification\",\"valueRequired\":true,\"valueName\":\"search_term_string\"}}],\"inLanguage\":\"en-US\"},{\"@type\":\"Person\",\"@id\":\"https:\\\/\\\/akunq.net\\\/tr\\\/#\\\/schema\\\/person\\\/096f1d38a12cce57fb855b485ed24c9e\",\"name\":\"admin\",\"url\":\"https:\\\/\\\/akunq.net\\\/tr\\\/?author=7\"}]}<\/script>\n<!-- \/ Yoast SEO plugin. -->","yoast_head_json":{"title":"Van G\u00f6l\u00fc\u2019ndeki \u00e7ekilmeyle \u00c7arpanak Adas\u0131\u2019na giden antik yolun b\u00fcy\u00fck b\u00f6l\u00fcm\u00fc ortaya \u00e7\u0131kt\u0131 - Bati Ermenistan Ve Bati Ermenileri Sorunlari Ara\u015ftirmalar Merkezi","robots":{"index":"index","follow":"follow","max-snippet":"max-snippet:-1","max-image-preview":"max-image-preview:large","max-video-preview":"max-video-preview:-1"},"canonical":"https:\/\/akunq.net\/tr\/?p=68478","og_locale":"en_US","og_type":"article","og_title":"Van G\u00f6l\u00fc\u2019ndeki \u00e7ekilmeyle \u00c7arpanak Adas\u0131\u2019na giden antik yolun b\u00fcy\u00fck b\u00f6l\u00fcm\u00fc ortaya \u00e7\u0131kt\u0131 - Bati Ermenistan Ve Bati Ermenileri Sorunlari Ara\u015ftirmalar Merkezi","og_description":"A\u015f\u0131r\u0131 buharla\u015fma ve ge\u00e7en y\u0131l ya\u011f\u0131\u015flar\u0131n azalmas\u0131 sonucu son zamanlar\u0131n en b\u00fcy\u00fck su kayb\u0131n\u0131n ya\u015fand\u0131\u011f\u0131 Van G\u00f6l\u00fc\u2019nde \u00e7ekilmeyle tarihi yap\u0131lar ve binlerce y\u0131lda olu\u015fan mikrobiyalitler su \u00fcst\u00fcnde g\u00f6r\u00fclmeye ba\u015flad\u0131.G\u00f6ldeki 4 b\u00fcy\u00fck adadan biri olan, Ktouts Manast\u0131r\u0131 ve do\u011fas\u0131yla \u00e7ok say\u0131da ziyaret\u00e7i a\u011f\u0131rlayan \u00c7arpanak Adas\u0131\u2019n\u0131 karaya ba\u011flayan 1 kilometre uzunlu\u011fundaki yolun b\u00fcy\u00fck b\u00f6l\u00fcm\u00fc de \u00e7ekilmeyle kara [&hellip;]","og_url":"https:\/\/akunq.net\/tr\/?p=68478","og_site_name":"Bati Ermenistan Ve Bati Ermenileri Sorunlari Ara\u015ftirmalar Merkezi","article_published_time":"2022-05-12T06:40:45+00:00","og_image":[{"width":1120,"height":747,"url":"https:\/\/akunq.net\/tr\/wp-content\/uploads\/sites\/6\/2022\/05\/\u00c7arpanak.jpg","type":"image\/jpeg"}],"author":"admin","twitter_card":"summary_large_image","twitter_misc":{"Written by":"admin","Est. reading time":"2 minutes"},"schema":{"@context":"https:\/\/schema.org","@graph":[{"@type":"Article","@id":"https:\/\/akunq.net\/tr\/?p=68478#article","isPartOf":{"@id":"https:\/\/akunq.net\/tr\/?p=68478"},"author":{"name":"admin","@id":"https:\/\/akunq.net\/tr\/#\/schema\/person\/096f1d38a12cce57fb855b485ed24c9e"},"headline":"Van G\u00f6l\u00fc\u2019ndeki \u00e7ekilmeyle \u00c7arpanak Adas\u0131\u2019na giden antik yolun b\u00fcy\u00fck b\u00f6l\u00fcm\u00fc ortaya \u00e7\u0131kt\u0131","datePublished":"2022-05-12T06:40:45+00:00","mainEntityOfPage":{"@id":"https:\/\/akunq.net\/tr\/?p=68478"},"wordCount":476,"commentCount":0,"image":{"@id":"https:\/\/akunq.net\/tr\/?p=68478#primaryimage"},"thumbnailUrl":"https:\/\/akunq.net\/tr\/wp-content\/uploads\/sites\/6\/2022\/05\/\u00c7arpanak.jpg","articleSection":["G\u00fcn\u00fcm\u00fczde Bat\u0131 Ermenistan","Haberler"],"inLanguage":"en-US","potentialAction":[{"@type":"CommentAction","name":"Comment","target":["https:\/\/akunq.net\/tr\/?p=68478#respond"]}]},{"@type":"WebPage","@id":"https:\/\/akunq.net\/tr\/?p=68478","url":"https:\/\/akunq.net\/tr\/?p=68478","name":"Van G\u00f6l\u00fc\u2019ndeki \u00e7ekilmeyle \u00c7arpanak Adas\u0131\u2019na giden antik yolun b\u00fcy\u00fck b\u00f6l\u00fcm\u00fc ortaya \u00e7\u0131kt\u0131 - Bati Ermenistan Ve Bati Ermenileri Sorunlari Ara\u015ftirmalar Merkezi","isPartOf":{"@id":"https:\/\/akunq.net\/tr\/#website"},"primaryImageOfPage":{"@id":"https:\/\/akunq.net\/tr\/?p=68478#primaryimage"},"image":{"@id":"https:\/\/akunq.net\/tr\/?p=68478#primaryimage"},"thumbnailUrl":"https:\/\/akunq.net\/tr\/wp-content\/uploads\/sites\/6\/2022\/05\/\u00c7arpanak.jpg","datePublished":"2022-05-12T06:40:45+00:00","author":{"@id":"https:\/\/akunq.net\/tr\/#\/schema\/person\/096f1d38a12cce57fb855b485ed24c9e"},"breadcrumb":{"@id":"https:\/\/akunq.net\/tr\/?p=68478#breadcrumb"},"inLanguage":"en-US","potentialAction":[{"@type":"ReadAction","target":["https:\/\/akunq.net\/tr\/?p=68478"]}]},{"@type":"ImageObject","inLanguage":"en-US","@id":"https:\/\/akunq.net\/tr\/?p=68478#primaryimage","url":"https:\/\/akunq.net\/tr\/wp-content\/uploads\/sites\/6\/2022\/05\/\u00c7arpanak.jpg","contentUrl":"https:\/\/akunq.net\/tr\/wp-content\/uploads\/sites\/6\/2022\/05\/\u00c7arpanak.jpg","width":1120,"height":747,"caption":"Van'da ge\u00e7en y\u0131l etkili olan kurakl\u0131k ve k\u00fcresel iklim de\u011fi\u015fikli\u011fi nedeniyle seviyesinde azalma ya\u015fanan Van G\u00f6l\u00fc'nde, \u00c7arpanak Adas\u0131'na ula\u015f\u0131m\u0131n sa\u011flanmas\u0131 i\u00e7in yap\u0131lan 1 kilometrelik antik yolun b\u00fcy\u00fck b\u00f6l\u00fcm\u00fc ortaya \u00e7\u0131kt\u0131. ( \u00d6zkan Bilgin - Anadolu Ajans\u0131 )"},{"@type":"BreadcrumbList","@id":"https:\/\/akunq.net\/tr\/?p=68478#breadcrumb","itemListElement":[{"@type":"ListItem","position":1,"name":"Home","item":"https:\/\/akunq.net\/tr"},{"@type":"ListItem","position":2,"name":"Van G\u00f6l\u00fc\u2019ndeki \u00e7ekilmeyle \u00c7arpanak Adas\u0131\u2019na giden antik yolun b\u00fcy\u00fck b\u00f6l\u00fcm\u00fc ortaya \u00e7\u0131kt\u0131"}]},{"@type":"WebSite","@id":"https:\/\/akunq.net\/tr\/#website","url":"https:\/\/akunq.net\/tr\/","name":"Bati Ermenistan Ve Bati Ermenileri Sorunlari Ara\u015ftirmalar Merkezi","description":"","potentialAction":[{"@type":"SearchAction","target":{"@type":"EntryPoint","urlTemplate":"https:\/\/akunq.net\/tr\/?s={search_term_string}"},"query-input":{"@type":"PropertyValueSpecification","valueRequired":true,"valueName":"search_term_string"}}],"inLanguage":"en-US"},{"@type":"Person","@id":"https:\/\/akunq.net\/tr\/#\/schema\/person\/096f1d38a12cce57fb855b485ed24c9e","name":"admin","url":"https:\/\/akunq.net\/tr\/?author=7"}]}},"_links":{"self":[{"href":"https:\/\/akunq.net\/tr\/index.php?rest_route=\/wp\/v2\/posts\/68478","targetHints":{"allow":["GET"]}}],"collection":[{"href":"https:\/\/akunq.net\/tr\/index.php?rest_route=\/wp\/v2\/posts"}],"about":[{"href":"https:\/\/akunq.net\/tr\/index.php?rest_route=\/wp\/v2\/types\/post"}],"author":[{"embeddable":true,"href":"https:\/\/akunq.net\/tr\/index.php?rest_route=\/wp\/v2\/users\/7"}],"replies":[{"embeddable":true,"href":"https:\/\/akunq.net\/tr\/index.php?rest_route=%2Fwp%2Fv2%2Fcomments&post=68478"}],"version-history":[{"count":1,"href":"https:\/\/akunq.net\/tr\/index.php?rest_route=\/wp\/v2\/posts\/68478\/revisions"}],"predecessor-version":[{"id":68480,"href":"https:\/\/akunq.net\/tr\/index.php?rest_route=\/wp\/v2\/posts\/68478\/revisions\/68480"}],"wp:featuredmedia":[{"embeddable":true,"href":"https:\/\/akunq.net\/tr\/index.php?rest_route=\/wp\/v2\/media\/68479"}],"wp:attachment":[{"href":"https:\/\/akunq.net\/tr\/index.php?rest_route=%2Fwp%2Fv2%2Fmedia&parent=68478"}],"wp:term":[{"taxonomy":"category","embeddable":true,"href":"https:\/\/akunq.net\/tr\/index.php?rest_route=%2Fwp%2Fv2%2Fcategories&post=68478"},{"taxonomy":"post_tag","embeddable":true,"href":"https:\/\/akunq.net\/tr\/index.php?rest_route=%2Fwp%2Fv2%2Ftags&post=68478"}],"curies":[{"name":"wp","href":"https:\/\/api.w.org\/{rel}","templated":true}]}}