{"id":68472,"date":"2022-05-12T01:10:07","date_gmt":"2022-05-12T06:10:07","guid":{"rendered":"https:\/\/akunq.net\/tr\/?p=68472"},"modified":"2022-05-12T01:10:07","modified_gmt":"2022-05-12T06:10:07","slug":"laheydeki-baris-sarayinin-bahcesine-bir-ermeni-hackar-yerlestirildi","status":"publish","type":"post","link":"https:\/\/akunq.net\/tr\/?p=68472","title":{"rendered":"Lahey&#8217;deki Bar\u0131\u015f Saray\u0131&#8217;n\u0131n bah\u00e7esine bir Ermeni ha\u00e7kar yerle\u015ftirildi"},"content":{"rendered":"<p><img loading=\"lazy\" decoding=\"async\" class=\"aligncenter size-medium wp-image-68473\" src=\"https:\/\/akunq.net\/tr\/wp-content\/uploads\/2022\/05\/Laheydeki-Bar\u0131\u015f-Saray\u0131-360x242.jpg\" alt=\"\" width=\"360\" height=\"242\" srcset=\"https:\/\/akunq.net\/tr\/wp-content\/uploads\/sites\/6\/2022\/05\/Laheydeki-Bar\u0131\u015f-Saray\u0131-360x242.jpg 360w, https:\/\/akunq.net\/tr\/wp-content\/uploads\/sites\/6\/2022\/05\/Laheydeki-Bar\u0131\u015f-Saray\u0131-560x376.jpg 560w, https:\/\/akunq.net\/tr\/wp-content\/uploads\/sites\/6\/2022\/05\/Laheydeki-Bar\u0131\u015f-Saray\u0131-260x175.jpg 260w, https:\/\/akunq.net\/tr\/wp-content\/uploads\/sites\/6\/2022\/05\/Laheydeki-Bar\u0131\u015f-Saray\u0131-160x107.jpg 160w, https:\/\/akunq.net\/tr\/wp-content\/uploads\/sites\/6\/2022\/05\/Laheydeki-Bar\u0131\u015f-Saray\u0131.jpg 670w\" sizes=\"auto, (max-width: 360px) 100vw, 360px\" \/><\/p>\n<p><em><strong>Ermeni ha\u00e7kar\u0131n\u0131n a\u00e7\u0131l\u0131\u015f t\u00f6reni Lahey&#8217;deki Bar\u0131\u015f Saray\u0131&#8217;n\u0131n bah\u00e7esinde ger\u00e7ekle\u015fti. Armenpress muhabirinin haberine g\u00f6re a\u00e7\u0131l\u0131\u015f, resmi ziyaret i\u00e7in Hollanda&#8217;da bulunan Ermenistan Ba\u015fbakan\u0131 Nikol Pa\u015finyan taraf\u0131ndan yap\u0131ld\u0131.<\/strong><\/em><\/p>\n<p>Yerle\u015ftirilen Ha\u00e7kar, Ermenistan&#8217;\u0131n uluslararas\u0131 bar\u0131\u015fa katk\u0131s\u0131n\u0131 simgeliyor. 17 y\u0131l i\u00e7inde bu Ha\u00e7kar Bar\u0131\u015f Saray\u0131\u2019n\u0131n kabul etti\u011fi tek hediyedir. A\u00e7\u0131l\u0131\u015f t\u00f6renine kat\u0131lan Pa\u015finyan, konu\u015fmas\u0131nda \u015fu ifadelere yer verdi:<\/p>\n<p>&#8220;Uluslararas\u0131 hukuk ve adaletin d\u00fcnya ba\u015fkenti olarak bilinen bir \u015fehirde ilk Ermeni Ha\u00e7kar\u0131\u2019n\u0131n yerle\u015ftirilmesi sizinle birlikte yazd\u0131\u011f\u0131m\u0131z bir tarihdir.\u201d<\/p>\n<p>Ba\u015fbakan\u0131n s\u00f6zlerine g\u00f6re Ermeni halk\u0131 hem Ermenistan&#8217;da hem de \u00e7e\u015fitli sebeplerden dolay\u0131 bulunduklar\u0131 \u00fclkelerde Ha\u00e7karlar yapm\u0131\u015f ve yerle\u015ftirmi\u015ftir. B\u00f6ylece Ha\u00e7kar, dostluk, dayan\u0131\u015fma, i\u015fbirli\u011fi ve minnettarl\u0131k sembol\u00fc haline geldi.<\/p>\n<p>Nikol Pa\u015finyan ayr\u0131ca &#8220;Binlerce y\u0131ld\u0131r Ermeniler, anavatanlar\u0131nda ya\u015faman\u0131n nihai hedefi olarak Ermenistan&#8217;da bar\u0131\u015f\u0131 sa\u011flamak i\u00e7in \u00e7abalad\u0131lar. H\u00fck\u00fcmetimiz, milletimin kar\u015f\u0131 kar\u015f\u0131ya oldu\u011fu varolu\u015fsal tehditlere ra\u011fmen b\u00f6lgede bar\u0131\u015f g\u00fcndemini desteklemek i\u00e7in elinden geleni yap\u0131yor\u201d dedi.<\/p>\n<p>Ona g\u00f6re bu hediye ile Ermenistan, b\u00f6lgemizde ve d\u00fcnyada bar\u0131\u015fa katk\u0131s\u0131n\u0131 s\u00fcrd\u00fcrme konusundaki g\u00fc\u00e7l\u00fc kararl\u0131l\u0131\u011f\u0131n\u0131 bir kez daha teyit ediyor.<\/p>\n<p>Lahey&#8217;deki Uluslararas\u0131 Hukuk Akademisi Y\u00f6netim Kurulu Ba\u015fkan\u0131, \u201cCarnegie\u201d Uluslararas\u0131 Bar\u0131\u015f Vakf\u0131 Ba\u015fkan\u0131 Pete Hain Donner \u015funlar\u0131 s\u00f6yledi:<\/p>\n<p>&#8220;Bu Ermeni Ha\u00e7kar\u0131 i\u00e7in \u00e7ok te\u015fekk\u00fcr ederiz. Bar\u0131\u015f Saray\u0131&#8217;na verilen hediye sadece sanat koleksiyonuna bir katk\u0131 de\u011fil, Bar\u0131\u015f Saray\u0131&#8217;n\u0131n temsil etti\u011fi anlay\u0131\u015flara, bar\u0131\u015f, adalet ve hukukun \u00fcst\u00fcnl\u00fc\u011f\u00fcne ba\u011fl\u0131l\u0131\u011f\u0131 ifade eden bir sembold\u00fcr.\u201d<\/p>\n<p>A\u00e7\u0131l\u0131\u015f\u0131n ard\u0131ndan Ermenistan Ba\u015fbakan\u0131 Nikol Pa\u015finyan Bar\u0131\u015f Saray\u0131&#8217;n\u0131 gezdi.<\/p>\n<p><em><strong>https:\/\/armenpress.am\/tur\/news\/1082919.html\u00a0<\/strong><\/em><\/p>\n","protected":false},"excerpt":{"rendered":"<p>Ermeni ha\u00e7kar\u0131n\u0131n a\u00e7\u0131l\u0131\u015f t\u00f6reni Lahey&#8217;deki Bar\u0131\u015f Saray\u0131&#8217;n\u0131n bah\u00e7esinde ger\u00e7ekle\u015fti. Armenpress muhabirinin haberine g\u00f6re a\u00e7\u0131l\u0131\u015f, resmi ziyaret i\u00e7in Hollanda&#8217;da bulunan Ermenistan Ba\u015fbakan\u0131 Nikol Pa\u015finyan taraf\u0131ndan yap\u0131ld\u0131. Yerle\u015ftirilen Ha\u00e7kar, Ermenistan&#8217;\u0131n uluslararas\u0131 bar\u0131\u015fa katk\u0131s\u0131n\u0131 simgeliyor. 17 y\u0131l i\u00e7inde bu Ha\u00e7kar Bar\u0131\u015f Saray\u0131\u2019n\u0131n kabul etti\u011fi tek hediyedir. A\u00e7\u0131l\u0131\u015f t\u00f6renine kat\u0131lan Pa\u015finyan, konu\u015fmas\u0131nda \u015fu ifadelere yer verdi: &#8220;Uluslararas\u0131 hukuk ve [&hellip;]<\/p>\n","protected":false},"author":7,"featured_media":68473,"comment_status":"open","ping_status":"open","sticky":false,"template":"","format":"standard","meta":{"footnotes":""},"categories":[1],"tags":[],"class_list":["post-68472","post","type-post","status-publish","format-standard","has-post-thumbnail","hentry","category-haberler"],"yoast_head":"<!-- This site is optimized with the Yoast SEO plugin v27.4 - https:\/\/yoast.com\/product\/yoast-seo-wordpress\/ -->\n<title>Lahey&#039;deki Bar\u0131\u015f Saray\u0131&#039;n\u0131n bah\u00e7esine bir Ermeni ha\u00e7kar yerle\u015ftirildi - Bati Ermenistan Ve Bati Ermenileri Sorunlari Ara\u015ftirmalar Merkezi<\/title>\n<meta name=\"robots\" content=\"index, follow, max-snippet:-1, max-image-preview:large, max-video-preview:-1\" \/>\n<link rel=\"canonical\" href=\"https:\/\/akunq.net\/tr\/?p=68472\" \/>\n<meta property=\"og:locale\" content=\"en_US\" \/>\n<meta property=\"og:type\" content=\"article\" \/>\n<meta property=\"og:title\" content=\"Lahey&#039;deki Bar\u0131\u015f Saray\u0131&#039;n\u0131n bah\u00e7esine bir Ermeni ha\u00e7kar yerle\u015ftirildi - Bati Ermenistan Ve Bati Ermenileri Sorunlari Ara\u015ftirmalar Merkezi\" \/>\n<meta property=\"og:description\" content=\"Ermeni ha\u00e7kar\u0131n\u0131n a\u00e7\u0131l\u0131\u015f t\u00f6reni Lahey&#8217;deki Bar\u0131\u015f Saray\u0131&#8217;n\u0131n bah\u00e7esinde ger\u00e7ekle\u015fti. Armenpress muhabirinin haberine g\u00f6re a\u00e7\u0131l\u0131\u015f, resmi ziyaret i\u00e7in Hollanda&#8217;da bulunan Ermenistan Ba\u015fbakan\u0131 Nikol Pa\u015finyan taraf\u0131ndan yap\u0131ld\u0131. Yerle\u015ftirilen Ha\u00e7kar, Ermenistan&#8217;\u0131n uluslararas\u0131 bar\u0131\u015fa katk\u0131s\u0131n\u0131 simgeliyor. 17 y\u0131l i\u00e7inde bu Ha\u00e7kar Bar\u0131\u015f Saray\u0131\u2019n\u0131n kabul etti\u011fi tek hediyedir. A\u00e7\u0131l\u0131\u015f t\u00f6renine kat\u0131lan Pa\u015finyan, konu\u015fmas\u0131nda \u015fu ifadelere yer verdi: &#8220;Uluslararas\u0131 hukuk ve [&hellip;]\" \/>\n<meta property=\"og:url\" content=\"https:\/\/akunq.net\/tr\/?p=68472\" \/>\n<meta property=\"og:site_name\" content=\"Bati Ermenistan Ve Bati Ermenileri Sorunlari Ara\u015ftirmalar Merkezi\" \/>\n<meta property=\"article:published_time\" content=\"2022-05-12T06:10:07+00:00\" \/>\n<meta property=\"og:image\" content=\"https:\/\/akunq.net\/tr\/wp-content\/uploads\/sites\/6\/2022\/05\/Laheydeki-Bar\u0131\u015f-Saray\u0131.jpg\" \/>\n\t<meta property=\"og:image:width\" content=\"670\" \/>\n\t<meta property=\"og:image:height\" content=\"450\" \/>\n\t<meta property=\"og:image:type\" content=\"image\/jpeg\" \/>\n<meta name=\"author\" content=\"admin\" \/>\n<meta name=\"twitter:card\" content=\"summary_large_image\" \/>\n<meta name=\"twitter:label1\" content=\"Written by\" \/>\n\t<meta name=\"twitter:data1\" content=\"admin\" \/>\n\t<meta name=\"twitter:label2\" content=\"Est. reading time\" \/>\n\t<meta name=\"twitter:data2\" content=\"2 minutes\" \/>\n<script type=\"application\/ld+json\" class=\"yoast-schema-graph\">{\"@context\":\"https:\\\/\\\/schema.org\",\"@graph\":[{\"@type\":\"Article\",\"@id\":\"https:\\\/\\\/akunq.net\\\/tr\\\/?p=68472#article\",\"isPartOf\":{\"@id\":\"https:\\\/\\\/akunq.net\\\/tr\\\/?p=68472\"},\"author\":{\"name\":\"admin\",\"@id\":\"https:\\\/\\\/akunq.net\\\/tr\\\/#\\\/schema\\\/person\\\/096f1d38a12cce57fb855b485ed24c9e\"},\"headline\":\"Lahey&#8217;deki Bar\u0131\u015f Saray\u0131&#8217;n\u0131n bah\u00e7esine bir Ermeni ha\u00e7kar yerle\u015ftirildi\",\"datePublished\":\"2022-05-12T06:10:07+00:00\",\"mainEntityOfPage\":{\"@id\":\"https:\\\/\\\/akunq.net\\\/tr\\\/?p=68472\"},\"wordCount\":341,\"commentCount\":0,\"image\":{\"@id\":\"https:\\\/\\\/akunq.net\\\/tr\\\/?p=68472#primaryimage\"},\"thumbnailUrl\":\"https:\\\/\\\/akunq.net\\\/tr\\\/wp-content\\\/uploads\\\/sites\\\/6\\\/2022\\\/05\\\/Laheydeki-Bar\u0131\u015f-Saray\u0131.jpg\",\"articleSection\":[\"Haberler\"],\"inLanguage\":\"en-US\",\"potentialAction\":[{\"@type\":\"CommentAction\",\"name\":\"Comment\",\"target\":[\"https:\\\/\\\/akunq.net\\\/tr\\\/?p=68472#respond\"]}]},{\"@type\":\"WebPage\",\"@id\":\"https:\\\/\\\/akunq.net\\\/tr\\\/?p=68472\",\"url\":\"https:\\\/\\\/akunq.net\\\/tr\\\/?p=68472\",\"name\":\"Lahey'deki Bar\u0131\u015f Saray\u0131'n\u0131n bah\u00e7esine bir Ermeni ha\u00e7kar yerle\u015ftirildi - Bati Ermenistan Ve Bati Ermenileri Sorunlari Ara\u015ftirmalar Merkezi\",\"isPartOf\":{\"@id\":\"https:\\\/\\\/akunq.net\\\/tr\\\/#website\"},\"primaryImageOfPage\":{\"@id\":\"https:\\\/\\\/akunq.net\\\/tr\\\/?p=68472#primaryimage\"},\"image\":{\"@id\":\"https:\\\/\\\/akunq.net\\\/tr\\\/?p=68472#primaryimage\"},\"thumbnailUrl\":\"https:\\\/\\\/akunq.net\\\/tr\\\/wp-content\\\/uploads\\\/sites\\\/6\\\/2022\\\/05\\\/Laheydeki-Bar\u0131\u015f-Saray\u0131.jpg\",\"datePublished\":\"2022-05-12T06:10:07+00:00\",\"author\":{\"@id\":\"https:\\\/\\\/akunq.net\\\/tr\\\/#\\\/schema\\\/person\\\/096f1d38a12cce57fb855b485ed24c9e\"},\"breadcrumb\":{\"@id\":\"https:\\\/\\\/akunq.net\\\/tr\\\/?p=68472#breadcrumb\"},\"inLanguage\":\"en-US\",\"potentialAction\":[{\"@type\":\"ReadAction\",\"target\":[\"https:\\\/\\\/akunq.net\\\/tr\\\/?p=68472\"]}]},{\"@type\":\"ImageObject\",\"inLanguage\":\"en-US\",\"@id\":\"https:\\\/\\\/akunq.net\\\/tr\\\/?p=68472#primaryimage\",\"url\":\"https:\\\/\\\/akunq.net\\\/tr\\\/wp-content\\\/uploads\\\/sites\\\/6\\\/2022\\\/05\\\/Laheydeki-Bar\u0131\u015f-Saray\u0131.jpg\",\"contentUrl\":\"https:\\\/\\\/akunq.net\\\/tr\\\/wp-content\\\/uploads\\\/sites\\\/6\\\/2022\\\/05\\\/Laheydeki-Bar\u0131\u015f-Saray\u0131.jpg\",\"width\":670,\"height\":450},{\"@type\":\"BreadcrumbList\",\"@id\":\"https:\\\/\\\/akunq.net\\\/tr\\\/?p=68472#breadcrumb\",\"itemListElement\":[{\"@type\":\"ListItem\",\"position\":1,\"name\":\"Home\",\"item\":\"https:\\\/\\\/akunq.net\\\/tr\"},{\"@type\":\"ListItem\",\"position\":2,\"name\":\"Lahey&#8217;deki Bar\u0131\u015f Saray\u0131&#8217;n\u0131n bah\u00e7esine bir Ermeni ha\u00e7kar yerle\u015ftirildi\"}]},{\"@type\":\"WebSite\",\"@id\":\"https:\\\/\\\/akunq.net\\\/tr\\\/#website\",\"url\":\"https:\\\/\\\/akunq.net\\\/tr\\\/\",\"name\":\"Bati Ermenistan Ve Bati Ermenileri Sorunlari Ara\u015ftirmalar Merkezi\",\"description\":\"\",\"potentialAction\":[{\"@type\":\"SearchAction\",\"target\":{\"@type\":\"EntryPoint\",\"urlTemplate\":\"https:\\\/\\\/akunq.net\\\/tr\\\/?s={search_term_string}\"},\"query-input\":{\"@type\":\"PropertyValueSpecification\",\"valueRequired\":true,\"valueName\":\"search_term_string\"}}],\"inLanguage\":\"en-US\"},{\"@type\":\"Person\",\"@id\":\"https:\\\/\\\/akunq.net\\\/tr\\\/#\\\/schema\\\/person\\\/096f1d38a12cce57fb855b485ed24c9e\",\"name\":\"admin\",\"url\":\"https:\\\/\\\/akunq.net\\\/tr\\\/?author=7\"}]}<\/script>\n<!-- \/ Yoast SEO plugin. -->","yoast_head_json":{"title":"Lahey'deki Bar\u0131\u015f Saray\u0131'n\u0131n bah\u00e7esine bir Ermeni ha\u00e7kar yerle\u015ftirildi - Bati Ermenistan Ve Bati Ermenileri Sorunlari Ara\u015ftirmalar Merkezi","robots":{"index":"index","follow":"follow","max-snippet":"max-snippet:-1","max-image-preview":"max-image-preview:large","max-video-preview":"max-video-preview:-1"},"canonical":"https:\/\/akunq.net\/tr\/?p=68472","og_locale":"en_US","og_type":"article","og_title":"Lahey'deki Bar\u0131\u015f Saray\u0131'n\u0131n bah\u00e7esine bir Ermeni ha\u00e7kar yerle\u015ftirildi - Bati Ermenistan Ve Bati Ermenileri Sorunlari Ara\u015ftirmalar Merkezi","og_description":"Ermeni ha\u00e7kar\u0131n\u0131n a\u00e7\u0131l\u0131\u015f t\u00f6reni Lahey&#8217;deki Bar\u0131\u015f Saray\u0131&#8217;n\u0131n bah\u00e7esinde ger\u00e7ekle\u015fti. Armenpress muhabirinin haberine g\u00f6re a\u00e7\u0131l\u0131\u015f, resmi ziyaret i\u00e7in Hollanda&#8217;da bulunan Ermenistan Ba\u015fbakan\u0131 Nikol Pa\u015finyan taraf\u0131ndan yap\u0131ld\u0131. Yerle\u015ftirilen Ha\u00e7kar, Ermenistan&#8217;\u0131n uluslararas\u0131 bar\u0131\u015fa katk\u0131s\u0131n\u0131 simgeliyor. 17 y\u0131l i\u00e7inde bu Ha\u00e7kar Bar\u0131\u015f Saray\u0131\u2019n\u0131n kabul etti\u011fi tek hediyedir. A\u00e7\u0131l\u0131\u015f t\u00f6renine kat\u0131lan Pa\u015finyan, konu\u015fmas\u0131nda \u015fu ifadelere yer verdi: &#8220;Uluslararas\u0131 hukuk ve [&hellip;]","og_url":"https:\/\/akunq.net\/tr\/?p=68472","og_site_name":"Bati Ermenistan Ve Bati Ermenileri Sorunlari Ara\u015ftirmalar Merkezi","article_published_time":"2022-05-12T06:10:07+00:00","og_image":[{"width":670,"height":450,"url":"https:\/\/akunq.net\/tr\/wp-content\/uploads\/sites\/6\/2022\/05\/Laheydeki-Bar\u0131\u015f-Saray\u0131.jpg","type":"image\/jpeg"}],"author":"admin","twitter_card":"summary_large_image","twitter_misc":{"Written by":"admin","Est. reading time":"2 minutes"},"schema":{"@context":"https:\/\/schema.org","@graph":[{"@type":"Article","@id":"https:\/\/akunq.net\/tr\/?p=68472#article","isPartOf":{"@id":"https:\/\/akunq.net\/tr\/?p=68472"},"author":{"name":"admin","@id":"https:\/\/akunq.net\/tr\/#\/schema\/person\/096f1d38a12cce57fb855b485ed24c9e"},"headline":"Lahey&#8217;deki Bar\u0131\u015f Saray\u0131&#8217;n\u0131n bah\u00e7esine bir Ermeni ha\u00e7kar yerle\u015ftirildi","datePublished":"2022-05-12T06:10:07+00:00","mainEntityOfPage":{"@id":"https:\/\/akunq.net\/tr\/?p=68472"},"wordCount":341,"commentCount":0,"image":{"@id":"https:\/\/akunq.net\/tr\/?p=68472#primaryimage"},"thumbnailUrl":"https:\/\/akunq.net\/tr\/wp-content\/uploads\/sites\/6\/2022\/05\/Laheydeki-Bar\u0131\u015f-Saray\u0131.jpg","articleSection":["Haberler"],"inLanguage":"en-US","potentialAction":[{"@type":"CommentAction","name":"Comment","target":["https:\/\/akunq.net\/tr\/?p=68472#respond"]}]},{"@type":"WebPage","@id":"https:\/\/akunq.net\/tr\/?p=68472","url":"https:\/\/akunq.net\/tr\/?p=68472","name":"Lahey'deki Bar\u0131\u015f Saray\u0131'n\u0131n bah\u00e7esine bir Ermeni ha\u00e7kar yerle\u015ftirildi - Bati Ermenistan Ve Bati Ermenileri Sorunlari Ara\u015ftirmalar Merkezi","isPartOf":{"@id":"https:\/\/akunq.net\/tr\/#website"},"primaryImageOfPage":{"@id":"https:\/\/akunq.net\/tr\/?p=68472#primaryimage"},"image":{"@id":"https:\/\/akunq.net\/tr\/?p=68472#primaryimage"},"thumbnailUrl":"https:\/\/akunq.net\/tr\/wp-content\/uploads\/sites\/6\/2022\/05\/Laheydeki-Bar\u0131\u015f-Saray\u0131.jpg","datePublished":"2022-05-12T06:10:07+00:00","author":{"@id":"https:\/\/akunq.net\/tr\/#\/schema\/person\/096f1d38a12cce57fb855b485ed24c9e"},"breadcrumb":{"@id":"https:\/\/akunq.net\/tr\/?p=68472#breadcrumb"},"inLanguage":"en-US","potentialAction":[{"@type":"ReadAction","target":["https:\/\/akunq.net\/tr\/?p=68472"]}]},{"@type":"ImageObject","inLanguage":"en-US","@id":"https:\/\/akunq.net\/tr\/?p=68472#primaryimage","url":"https:\/\/akunq.net\/tr\/wp-content\/uploads\/sites\/6\/2022\/05\/Laheydeki-Bar\u0131\u015f-Saray\u0131.jpg","contentUrl":"https:\/\/akunq.net\/tr\/wp-content\/uploads\/sites\/6\/2022\/05\/Laheydeki-Bar\u0131\u015f-Saray\u0131.jpg","width":670,"height":450},{"@type":"BreadcrumbList","@id":"https:\/\/akunq.net\/tr\/?p=68472#breadcrumb","itemListElement":[{"@type":"ListItem","position":1,"name":"Home","item":"https:\/\/akunq.net\/tr"},{"@type":"ListItem","position":2,"name":"Lahey&#8217;deki Bar\u0131\u015f Saray\u0131&#8217;n\u0131n bah\u00e7esine bir Ermeni ha\u00e7kar yerle\u015ftirildi"}]},{"@type":"WebSite","@id":"https:\/\/akunq.net\/tr\/#website","url":"https:\/\/akunq.net\/tr\/","name":"Bati Ermenistan Ve Bati Ermenileri Sorunlari Ara\u015ftirmalar Merkezi","description":"","potentialAction":[{"@type":"SearchAction","target":{"@type":"EntryPoint","urlTemplate":"https:\/\/akunq.net\/tr\/?s={search_term_string}"},"query-input":{"@type":"PropertyValueSpecification","valueRequired":true,"valueName":"search_term_string"}}],"inLanguage":"en-US"},{"@type":"Person","@id":"https:\/\/akunq.net\/tr\/#\/schema\/person\/096f1d38a12cce57fb855b485ed24c9e","name":"admin","url":"https:\/\/akunq.net\/tr\/?author=7"}]}},"_links":{"self":[{"href":"https:\/\/akunq.net\/tr\/index.php?rest_route=\/wp\/v2\/posts\/68472","targetHints":{"allow":["GET"]}}],"collection":[{"href":"https:\/\/akunq.net\/tr\/index.php?rest_route=\/wp\/v2\/posts"}],"about":[{"href":"https:\/\/akunq.net\/tr\/index.php?rest_route=\/wp\/v2\/types\/post"}],"author":[{"embeddable":true,"href":"https:\/\/akunq.net\/tr\/index.php?rest_route=\/wp\/v2\/users\/7"}],"replies":[{"embeddable":true,"href":"https:\/\/akunq.net\/tr\/index.php?rest_route=%2Fwp%2Fv2%2Fcomments&post=68472"}],"version-history":[{"count":1,"href":"https:\/\/akunq.net\/tr\/index.php?rest_route=\/wp\/v2\/posts\/68472\/revisions"}],"predecessor-version":[{"id":68474,"href":"https:\/\/akunq.net\/tr\/index.php?rest_route=\/wp\/v2\/posts\/68472\/revisions\/68474"}],"wp:featuredmedia":[{"embeddable":true,"href":"https:\/\/akunq.net\/tr\/index.php?rest_route=\/wp\/v2\/media\/68473"}],"wp:attachment":[{"href":"https:\/\/akunq.net\/tr\/index.php?rest_route=%2Fwp%2Fv2%2Fmedia&parent=68472"}],"wp:term":[{"taxonomy":"category","embeddable":true,"href":"https:\/\/akunq.net\/tr\/index.php?rest_route=%2Fwp%2Fv2%2Fcategories&post=68472"},{"taxonomy":"post_tag","embeddable":true,"href":"https:\/\/akunq.net\/tr\/index.php?rest_route=%2Fwp%2Fv2%2Ftags&post=68472"}],"curies":[{"name":"wp","href":"https:\/\/api.w.org\/{rel}","templated":true}]}}